{"id":217379,"date":"2025-10-29T09:43:59","date_gmt":"2025-10-29T16:43:59","guid":{"rendered":"https:\/\/www.cetys.mx\/noticias\/?p=217379"},"modified":"2025-10-29T09:43:59","modified_gmt":"2025-10-29T16:43:59","slug":"mas-de-9-mil-jovenes-de-baja-california-exploraron-su-vocacion-en-expo-cetys-2025","status":"publish","type":"post","link":"https:\/\/www.cetys.mx\/noticias\/mas-de-9-mil-jovenes-de-baja-california-exploraron-su-vocacion-en-expo-cetys-2025\/","title":{"rendered":"M\u00e1s de 9 mil j\u00f3venes de Baja California exploraron su vocaci\u00f3n en Expo CETYS 2025"},"content":{"rendered":"<p data-start=\"319\" data-end=\"762\">Con entusiasmo, curiosidad y esp\u00edritu de descubrimiento, miles de j\u00f3venes bajacalifornianos participaron en la <strong data-start=\"430\" data-end=\"449\">Expo CETYS 2025<\/strong>, una jornada que abri\u00f3 simult\u00e1neamente las puertas de los tres campus de <strong data-start=\"523\" data-end=\"544\">CETYS Universidad<\/strong> \u2014Mexicali, Tijuana y Ensenada\u2014 para ofrecer una experiencia integral sobre la vida universitaria, su modelo educativo y las oportunidades que la instituci\u00f3n brinda para el desarrollo acad\u00e9mico, profesional y personal.<\/p>\n<p data-start=\"764\" data-end=\"1408\">En <strong data-start=\"767\" data-end=\"786\">Campus Mexicali<\/strong>, m\u00e1s de <strong data-start=\"795\" data-end=\"831\">3,500 estudiantes de 47 escuelas<\/strong> de la regi\u00f3n exploraron los espacios acad\u00e9micos, deportivos y culturales, as\u00ed como los programas de becas, apoyos financieros y cr\u00e9ditos educativos.<br data-start=\"980\" data-end=\"983\" \/>Durante la inauguraci\u00f3n, el <strong data-start=\"1011\" data-end=\"1043\">Dr. Mario Abraham Dipp N\u00fa\u00f1ez<\/strong>, Director del Campus, destac\u00f3 que Expo CETYS es una \u201cfiesta acad\u00e9mica\u201d en la que los j\u00f3venes pueden conocer c\u00f3mo la instituci\u00f3n impulsa su crecimiento integral.<br data-start=\"1204\" data-end=\"1207\" \/>\u201c<strong data-start=\"1208\" data-end=\"1261\">No solo formamos profesionistas, formamos l\u00edderes<\/strong>. Nuestra meta es acompa\u00f1ar a cada estudiante a convertirse en la mejor versi\u00f3n de s\u00ed mismo, con una educaci\u00f3n completa, humana y global\u201d, expres\u00f3.<\/p>\n<p data-start=\"1410\" data-end=\"1758\">Los asistentes recorrieron laboratorios, centros de innovaci\u00f3n y espacios emblem\u00e1ticos como el <strong data-start=\"1505\" data-end=\"1545\">Centro de Innovaci\u00f3n y Dise\u00f1o (CEID)<\/strong> y el <strong data-start=\"1551\" data-end=\"1617\">Centro de Excelencia en Competitividad y Emprendimiento (CECE)<\/strong>, adem\u00e1s de participar en conferencias, demostraciones tecnol\u00f3gicas y actividades interactivas guiadas por estudiantes de Preparatoria CETYS.<\/p>\n<div class=\"gallery-slider-wrapper gallery-1\">\n                        <div class=\"gallery-slider\" itemscope itemtype=\"http:\/\/schema.org\/ImageGallery\"><figure class=\"slide\" itemprop=\"associatedMedia\" itemscope itemtype=\"http:\/\/schema.org\/ImageObject\">\n                    <a itemprop=\"contentUrl\" href=\"https:\/\/www.cetys.mx\/noticias\/wp-content\/uploads\/2025\/10\/ExpoCETYS-Tijuana-2025-3.png\">\n                        <img decoding=\"async\" itemprop=\"thumbnail\" class=\"lazyOwl\" src=\"https:\/\/www.cetys.mx\/noticias\/wp-content\/plugins\/jmagz-plugin\/assets\/placeholder\/900x450.png\" data-src=\"https:\/\/www.cetys.mx\/noticias\/wp-content\/uploads\/2025\/10\/ExpoCETYS-Tijuana-2025-3.png\" alt=\"ExpoCETYS Tijuana 2025 (3)\">\n                    <\/a>\n                    <figcaption itemprop=\"caption description\" class=\"slide-caption\">\n                        ExpoCETYS Mexicali\n                    <\/figcaption>\n                <\/figure><figure class=\"slide\" itemprop=\"associatedMedia\" itemscope itemtype=\"http:\/\/schema.org\/ImageObject\">\n                    <a itemprop=\"contentUrl\" href=\"https:\/\/www.cetys.mx\/noticias\/wp-content\/uploads\/2025\/10\/ExpoCETYS-Tijuana-2025-7.png\">\n                        <img decoding=\"async\" itemprop=\"thumbnail\" class=\"lazyOwl\" src=\"https:\/\/www.cetys.mx\/noticias\/wp-content\/plugins\/jmagz-plugin\/assets\/placeholder\/900x450.png\" data-src=\"https:\/\/www.cetys.mx\/noticias\/wp-content\/uploads\/2025\/10\/ExpoCETYS-Tijuana-2025-7.png\" alt=\"ExpoCETYS Tijuana 2025 (7)\">\n                    <\/a>\n                    <figcaption itemprop=\"caption description\" class=\"slide-caption\">\n                        ExpoCETYS Mexicali\n                    <\/figcaption>\n                <\/figure><figure class=\"slide\" itemprop=\"associatedMedia\" itemscope itemtype=\"http:\/\/schema.org\/ImageObject\">\n                    <a itemprop=\"contentUrl\" href=\"https:\/\/www.cetys.mx\/noticias\/wp-content\/uploads\/2025\/10\/ExpoCETYS-Tijuana-2025-6.png\">\n                        <img decoding=\"async\" itemprop=\"thumbnail\" class=\"lazyOwl\" src=\"https:\/\/www.cetys.mx\/noticias\/wp-content\/plugins\/jmagz-plugin\/assets\/placeholder\/900x450.png\" data-src=\"https:\/\/www.cetys.mx\/noticias\/wp-content\/uploads\/2025\/10\/ExpoCETYS-Tijuana-2025-6.png\" alt=\"ExpoCETYS Tijuana 2025 (6)\">\n                    <\/a>\n                    <figcaption itemprop=\"caption description\" class=\"slide-caption\">\n                        ExpoCETYS Mexicali\n                    <\/figcaption>\n                <\/figure><figure class=\"slide\" itemprop=\"associatedMedia\" itemscope itemtype=\"http:\/\/schema.org\/ImageObject\">\n                    <a itemprop=\"contentUrl\" href=\"https:\/\/www.cetys.mx\/noticias\/wp-content\/uploads\/2025\/10\/ExpoCETYS-Tijuana-2025-5.png\">\n                        <img decoding=\"async\" itemprop=\"thumbnail\" class=\"lazyOwl\" src=\"https:\/\/www.cetys.mx\/noticias\/wp-content\/plugins\/jmagz-plugin\/assets\/placeholder\/900x450.png\" data-src=\"https:\/\/www.cetys.mx\/noticias\/wp-content\/uploads\/2025\/10\/ExpoCETYS-Tijuana-2025-5.png\" alt=\"ExpoCETYS Tijuana 2025 (5)\">\n                    <\/a>\n                    <figcaption itemprop=\"caption description\" class=\"slide-caption\">\n                        ExpoCETYS Mexicali\n                    <\/figcaption>\n                <\/figure><figure class=\"slide\" itemprop=\"associatedMedia\" itemscope itemtype=\"http:\/\/schema.org\/ImageObject\">\n                    <a itemprop=\"contentUrl\" href=\"https:\/\/www.cetys.mx\/noticias\/wp-content\/uploads\/2025\/10\/expocetys4.jpg\">\n                        <img decoding=\"async\" itemprop=\"thumbnail\" class=\"lazyOwl\" src=\"https:\/\/www.cetys.mx\/noticias\/wp-content\/plugins\/jmagz-plugin\/assets\/placeholder\/900x450.png\" data-src=\"https:\/\/www.cetys.mx\/noticias\/wp-content\/uploads\/2025\/10\/expocetys4.jpg\" alt=\"\">\n                    <\/a>\n                    <figcaption itemprop=\"caption description\" class=\"slide-caption\">\n                        ExpoCETYS Mexicali\n                    <\/figcaption>\n                <\/figure><figure class=\"slide\" itemprop=\"associatedMedia\" itemscope itemtype=\"http:\/\/schema.org\/ImageObject\">\n                    <a itemprop=\"contentUrl\" href=\"https:\/\/www.cetys.mx\/noticias\/wp-content\/uploads\/2025\/10\/expocetys5.jpg\">\n                        <img decoding=\"async\" itemprop=\"thumbnail\" class=\"lazyOwl\" src=\"https:\/\/www.cetys.mx\/noticias\/wp-content\/plugins\/jmagz-plugin\/assets\/placeholder\/900x450.png\" data-src=\"https:\/\/www.cetys.mx\/noticias\/wp-content\/uploads\/2025\/10\/expocetys5.jpg\" alt=\"\">\n                    <\/a>\n                    <figcaption itemprop=\"caption description\" class=\"slide-caption\">\n                        ExpoCETYS Mexicali\n                    <\/figcaption>\n                <\/figure><figure class=\"slide\" itemprop=\"associatedMedia\" itemscope itemtype=\"http:\/\/schema.org\/ImageObject\">\n                    <a itemprop=\"contentUrl\" href=\"https:\/\/www.cetys.mx\/noticias\/wp-content\/uploads\/2025\/10\/expocetys2.jpg\">\n                        <img decoding=\"async\" itemprop=\"thumbnail\" class=\"lazyOwl\" src=\"https:\/\/www.cetys.mx\/noticias\/wp-content\/plugins\/jmagz-plugin\/assets\/placeholder\/900x450.png\" data-src=\"https:\/\/www.cetys.mx\/noticias\/wp-content\/uploads\/2025\/10\/expocetys2.jpg\" alt=\"\">\n                    <\/a>\n                    <figcaption itemprop=\"caption description\" class=\"slide-caption\">\n                        ExpoCETYS Mexicali\n                    <\/figcaption>\n                <\/figure><figure class=\"slide\" itemprop=\"associatedMedia\" itemscope itemtype=\"http:\/\/schema.org\/ImageObject\">\n                    <a itemprop=\"contentUrl\" href=\"https:\/\/www.cetys.mx\/noticias\/wp-content\/uploads\/2025\/10\/expocetys1.jpg\">\n                        <img decoding=\"async\" itemprop=\"thumbnail\" class=\"lazyOwl\" src=\"https:\/\/www.cetys.mx\/noticias\/wp-content\/plugins\/jmagz-plugin\/assets\/placeholder\/900x450.png\" data-src=\"https:\/\/www.cetys.mx\/noticias\/wp-content\/uploads\/2025\/10\/expocetys1.jpg\" alt=\"\">\n                    <\/a>\n                    <figcaption itemprop=\"caption description\" class=\"slide-caption\">\n                        ExpoCETYS Mexicali\n                    <\/figcaption>\n                <\/figure><figure class=\"slide\" itemprop=\"associatedMedia\" itemscope itemtype=\"http:\/\/schema.org\/ImageObject\">\n                    <a itemprop=\"contentUrl\" href=\"https:\/\/www.cetys.mx\/noticias\/wp-content\/uploads\/2025\/10\/expocetys3.jpg\">\n                        <img decoding=\"async\" itemprop=\"thumbnail\" class=\"lazyOwl\" src=\"https:\/\/www.cetys.mx\/noticias\/wp-content\/plugins\/jmagz-plugin\/assets\/placeholder\/900x450.png\" data-src=\"https:\/\/www.cetys.mx\/noticias\/wp-content\/uploads\/2025\/10\/expocetys3.jpg\" alt=\"\">\n                    <\/a>\n                    <figcaption itemprop=\"caption description\" class=\"slide-caption\">\n                        ExpoCETYS Mexicali\n                    <\/figcaption>\n                <\/figure><figure class=\"slide\" itemprop=\"associatedMedia\" itemscope itemtype=\"http:\/\/schema.org\/ImageObject\">\n                    <a itemprop=\"contentUrl\" href=\"https:\/\/www.cetys.mx\/noticias\/wp-content\/uploads\/2025\/10\/expocetys7.jpg\">\n                        <img decoding=\"async\" itemprop=\"thumbnail\" class=\"lazyOwl\" src=\"https:\/\/www.cetys.mx\/noticias\/wp-content\/plugins\/jmagz-plugin\/assets\/placeholder\/900x450.png\" data-src=\"https:\/\/www.cetys.mx\/noticias\/wp-content\/uploads\/2025\/10\/expocetys7.jpg\" alt=\"\">\n                    <\/a>\n                    <figcaption itemprop=\"caption description\" class=\"slide-caption\">\n                        ExpoCETYS Mexicali\n                    <\/figcaption>\n                <\/figure><\/div>\n                <div class=\"gallery-slider-thumbnail-wrapper\">\n                    <div class=\"gallery-slider-thumbnail\"><div class=\"slide-thumbnail\"><img decoding=\"async\" class=\"lazyOwl\" src=\"https:\/\/www.cetys.mx\/noticias\/wp-content\/plugins\/jmagz-plugin\/assets\/placeholder\/150x75.png\" data-src=\"https:\/\/www.cetys.mx\/noticias\/wp-content\/uploads\/2025\/10\/ExpoCETYS-Tijuana-2025-3.png\" alt=\"ExpoCETYS Tijuana 2025 (3)\"><\/div><div class=\"slide-thumbnail\"><img decoding=\"async\" class=\"lazyOwl\" src=\"https:\/\/www.cetys.mx\/noticias\/wp-content\/plugins\/jmagz-plugin\/assets\/placeholder\/150x75.png\" data-src=\"https:\/\/www.cetys.mx\/noticias\/wp-content\/uploads\/2025\/10\/ExpoCETYS-Tijuana-2025-7.png\" alt=\"ExpoCETYS Tijuana 2025 (7)\"><\/div><div class=\"slide-thumbnail\"><img decoding=\"async\" class=\"lazyOwl\" src=\"https:\/\/www.cetys.mx\/noticias\/wp-content\/plugins\/jmagz-plugin\/assets\/placeholder\/150x75.png\" data-src=\"https:\/\/www.cetys.mx\/noticias\/wp-content\/uploads\/2025\/10\/ExpoCETYS-Tijuana-2025-6.png\" alt=\"ExpoCETYS Tijuana 2025 (6)\"><\/div><div class=\"slide-thumbnail\"><img decoding=\"async\" class=\"lazyOwl\" src=\"https:\/\/www.cetys.mx\/noticias\/wp-content\/plugins\/jmagz-plugin\/assets\/placeholder\/150x75.png\" data-src=\"https:\/\/www.cetys.mx\/noticias\/wp-content\/uploads\/2025\/10\/ExpoCETYS-Tijuana-2025-5.png\" alt=\"ExpoCETYS Tijuana 2025 (5)\"><\/div><div class=\"slide-thumbnail\"><img decoding=\"async\" class=\"lazyOwl\" src=\"https:\/\/www.cetys.mx\/noticias\/wp-content\/plugins\/jmagz-plugin\/assets\/placeholder\/150x75.png\" data-src=\"https:\/\/www.cetys.mx\/noticias\/wp-content\/uploads\/2025\/10\/expocetys4.jpg\" alt=\"\"><\/div><div class=\"slide-thumbnail\"><img decoding=\"async\" class=\"lazyOwl\" src=\"https:\/\/www.cetys.mx\/noticias\/wp-content\/plugins\/jmagz-plugin\/assets\/placeholder\/150x75.png\" data-src=\"https:\/\/www.cetys.mx\/noticias\/wp-content\/uploads\/2025\/10\/expocetys5.jpg\" alt=\"\"><\/div><div class=\"slide-thumbnail\"><img decoding=\"async\" class=\"lazyOwl\" src=\"https:\/\/www.cetys.mx\/noticias\/wp-content\/plugins\/jmagz-plugin\/assets\/placeholder\/150x75.png\" data-src=\"https:\/\/www.cetys.mx\/noticias\/wp-content\/uploads\/2025\/10\/expocetys2.jpg\" alt=\"\"><\/div><div class=\"slide-thumbnail\"><img decoding=\"async\" class=\"lazyOwl\" src=\"https:\/\/www.cetys.mx\/noticias\/wp-content\/plugins\/jmagz-plugin\/assets\/placeholder\/150x75.png\" data-src=\"https:\/\/www.cetys.mx\/noticias\/wp-content\/uploads\/2025\/10\/expocetys1.jpg\" alt=\"\"><\/div><div class=\"slide-thumbnail\"><img decoding=\"async\" class=\"lazyOwl\" src=\"https:\/\/www.cetys.mx\/noticias\/wp-content\/plugins\/jmagz-plugin\/assets\/placeholder\/150x75.png\" data-src=\"https:\/\/www.cetys.mx\/noticias\/wp-content\/uploads\/2025\/10\/expocetys3.jpg\" alt=\"\"><\/div><div class=\"slide-thumbnail\"><img decoding=\"async\" class=\"lazyOwl\" src=\"https:\/\/www.cetys.mx\/noticias\/wp-content\/plugins\/jmagz-plugin\/assets\/placeholder\/150x75.png\" data-src=\"https:\/\/www.cetys.mx\/noticias\/wp-content\/uploads\/2025\/10\/expocetys7.jpg\" alt=\"\"><\/div><\/div><\/div><\/div>\n<p data-start=\"1760\" data-end=\"2318\">En <strong data-start=\"1763\" data-end=\"1781\">Campus Tijuana<\/strong>, bajo el lema <strong data-start=\"1796\" data-end=\"1823\">\u201cEs momento de decidir\u201d<\/strong>, cerca de <strong data-start=\"1834\" data-end=\"1862\">3 mil j\u00f3venes y familias<\/strong> de Tijuana, Tecate y Playas de Rosarito vivieron una jornada dise\u00f1ada para inspirar la toma de decisiones sobre su futuro acad\u00e9mico.<br data-start=\"1995\" data-end=\"1998\" \/>La <strong data-start=\"2001\" data-end=\"2033\">Mtra. Yanina Rubio Boj\u00f3rquez<\/strong>, Directora del Campus, encabez\u00f3 la ceremonia de apertura e invit\u00f3 a los asistentes a imaginarse como parte de la comunidad CETYS.<br data-start=\"2163\" data-end=\"2166\" \/>\u201cBuscamos que vivan una experiencia cercana a lo que significa formar parte de esta instituci\u00f3n y visualicen su futuro acad\u00e9mico y profesional\u201d, afirm\u00f3.<\/p>\n<p data-start=\"2320\" data-end=\"2762\">El evento incluy\u00f3 talleres vocacionales, charlas sobre <strong data-start=\"2375\" data-end=\"2431\">Inteligencia Artificial, liderazgo, manejo de estr\u00e9s<\/strong> y dise\u00f1o de futuro en \u00e1reas como Ingenier\u00eda y Administraci\u00f3n, adem\u00e1s de sesiones informativas sobre <strong data-start=\"2532\" data-end=\"2613\">Bachillerato Internacional, Programas Internacionales y modelo de Doble Grado<\/strong>. Los participantes conocieron tambi\u00e9n la oferta de Preparatoria CETYS y las Escuelas de Administraci\u00f3n y Negocios, Ingenier\u00eda, Derecho y Psicolog\u00eda.<\/p>\n<div class=\"gallery-slider-wrapper gallery-2\">\n                        <div class=\"gallery-slider\" itemscope itemtype=\"http:\/\/schema.org\/ImageGallery\"><figure class=\"slide\" itemprop=\"associatedMedia\" itemscope itemtype=\"http:\/\/schema.org\/ImageObject\">\n                    <a itemprop=\"contentUrl\" href=\"https:\/\/www.cetys.mx\/noticias\/wp-content\/uploads\/2025\/10\/ExpoCETYS-Tijuana-2025-4.png\">\n                        <img decoding=\"async\" itemprop=\"thumbnail\" class=\"lazyOwl\" src=\"https:\/\/www.cetys.mx\/noticias\/wp-content\/plugins\/jmagz-plugin\/assets\/placeholder\/900x450.png\" data-src=\"https:\/\/www.cetys.mx\/noticias\/wp-content\/uploads\/2025\/10\/ExpoCETYS-Tijuana-2025-4.png\" alt=\"ExpoCETYS Tijuana 2025 (4)\">\n                    <\/a>\n                    <figcaption itemprop=\"caption description\" class=\"slide-caption\">\n                        ExpoCETYS Tijuana\n                    <\/figcaption>\n                <\/figure><figure class=\"slide\" itemprop=\"associatedMedia\" itemscope itemtype=\"http:\/\/schema.org\/ImageObject\">\n                    <a itemprop=\"contentUrl\" href=\"https:\/\/www.cetys.mx\/noticias\/wp-content\/uploads\/2025\/10\/ExpoCETYS-Tijuana-2025-11.png\">\n                        <img decoding=\"async\" itemprop=\"thumbnail\" class=\"lazyOwl\" src=\"https:\/\/www.cetys.mx\/noticias\/wp-content\/plugins\/jmagz-plugin\/assets\/placeholder\/900x450.png\" data-src=\"https:\/\/www.cetys.mx\/noticias\/wp-content\/uploads\/2025\/10\/ExpoCETYS-Tijuana-2025-11.png\" alt=\"ExpoCETYS Tijuana 2025 (11)\">\n                    <\/a>\n                    <figcaption itemprop=\"caption description\" class=\"slide-caption\">\n                        ExpoCETYS Tijuana\n                    <\/figcaption>\n                <\/figure><figure class=\"slide\" itemprop=\"associatedMedia\" itemscope itemtype=\"http:\/\/schema.org\/ImageObject\">\n                    <a itemprop=\"contentUrl\" href=\"https:\/\/www.cetys.mx\/noticias\/wp-content\/uploads\/2025\/10\/ExpoCETYS-Tijuana-2025-10.png\">\n                        <img decoding=\"async\" itemprop=\"thumbnail\" class=\"lazyOwl\" src=\"https:\/\/www.cetys.mx\/noticias\/wp-content\/plugins\/jmagz-plugin\/assets\/placeholder\/900x450.png\" data-src=\"https:\/\/www.cetys.mx\/noticias\/wp-content\/uploads\/2025\/10\/ExpoCETYS-Tijuana-2025-10.png\" alt=\"ExpoCETYS Tijuana 2025 (10)\">\n                    <\/a>\n                    <figcaption itemprop=\"caption description\" class=\"slide-caption\">\n                        ExpoCETYS Tijuana\n                    <\/figcaption>\n                <\/figure><figure class=\"slide\" itemprop=\"associatedMedia\" itemscope itemtype=\"http:\/\/schema.org\/ImageObject\">\n                    <a itemprop=\"contentUrl\" href=\"https:\/\/www.cetys.mx\/noticias\/wp-content\/uploads\/2025\/10\/ExpoCETYS-Tijuana-2025-2.png\">\n                        <img decoding=\"async\" itemprop=\"thumbnail\" class=\"lazyOwl\" src=\"https:\/\/www.cetys.mx\/noticias\/wp-content\/plugins\/jmagz-plugin\/assets\/placeholder\/900x450.png\" data-src=\"https:\/\/www.cetys.mx\/noticias\/wp-content\/uploads\/2025\/10\/ExpoCETYS-Tijuana-2025-2.png\" alt=\"ExpoCETYS Tijuana 2025 (2)\">\n                    <\/a>\n                    <figcaption itemprop=\"caption description\" class=\"slide-caption\">\n                        ExpoCETYS Tijuana\n                    <\/figcaption>\n                <\/figure><figure class=\"slide\" itemprop=\"associatedMedia\" itemscope itemtype=\"http:\/\/schema.org\/ImageObject\">\n                    <a itemprop=\"contentUrl\" href=\"https:\/\/www.cetys.mx\/noticias\/wp-content\/uploads\/2025\/10\/ExpoCETYS-Tijuana-2025-9.png\">\n                        <img decoding=\"async\" itemprop=\"thumbnail\" class=\"lazyOwl\" src=\"https:\/\/www.cetys.mx\/noticias\/wp-content\/plugins\/jmagz-plugin\/assets\/placeholder\/900x450.png\" data-src=\"https:\/\/www.cetys.mx\/noticias\/wp-content\/uploads\/2025\/10\/ExpoCETYS-Tijuana-2025-9.png\" alt=\"ExpoCETYS Tijuana 2025 (9)\">\n                    <\/a>\n                    <figcaption itemprop=\"caption description\" class=\"slide-caption\">\n                        ExpoCETYS Tijuana\n                    <\/figcaption>\n                <\/figure><figure class=\"slide\" itemprop=\"associatedMedia\" itemscope itemtype=\"http:\/\/schema.org\/ImageObject\">\n                    <a itemprop=\"contentUrl\" href=\"https:\/\/www.cetys.mx\/noticias\/wp-content\/uploads\/2025\/10\/ExpoCETYS-Tijuana-2025-8.png\">\n                        <img decoding=\"async\" itemprop=\"thumbnail\" class=\"lazyOwl\" src=\"https:\/\/www.cetys.mx\/noticias\/wp-content\/plugins\/jmagz-plugin\/assets\/placeholder\/900x450.png\" data-src=\"https:\/\/www.cetys.mx\/noticias\/wp-content\/uploads\/2025\/10\/ExpoCETYS-Tijuana-2025-8.png\" alt=\"ExpoCETYS Tijuana 2025 (8)\">\n                    <\/a>\n                    <figcaption itemprop=\"caption description\" class=\"slide-caption\">\n                        ExpoCETYS Tijuana\n                    <\/figcaption>\n                <\/figure><figure class=\"slide\" itemprop=\"associatedMedia\" itemscope itemtype=\"http:\/\/schema.org\/ImageObject\">\n                    <a itemprop=\"contentUrl\" href=\"https:\/\/www.cetys.mx\/noticias\/wp-content\/uploads\/2025\/10\/ExpoCETYS-Tijuana-2025-12.png\">\n                        <img decoding=\"async\" itemprop=\"thumbnail\" class=\"lazyOwl\" src=\"https:\/\/www.cetys.mx\/noticias\/wp-content\/plugins\/jmagz-plugin\/assets\/placeholder\/900x450.png\" data-src=\"https:\/\/www.cetys.mx\/noticias\/wp-content\/uploads\/2025\/10\/ExpoCETYS-Tijuana-2025-12.png\" alt=\"ExpoCETYS Tijuana 2025 (12)\">\n                    <\/a>\n                    <figcaption itemprop=\"caption description\" class=\"slide-caption\">\n                        ExpoCETYS Tijuana\n                    <\/figcaption>\n                <\/figure><figure class=\"slide\" itemprop=\"associatedMedia\" itemscope itemtype=\"http:\/\/schema.org\/ImageObject\">\n                    <a itemprop=\"contentUrl\" href=\"https:\/\/www.cetys.mx\/noticias\/wp-content\/uploads\/2025\/10\/ExpoCETYS-Tijuana-2025-13.png\">\n                        <img decoding=\"async\" itemprop=\"thumbnail\" class=\"lazyOwl\" src=\"https:\/\/www.cetys.mx\/noticias\/wp-content\/plugins\/jmagz-plugin\/assets\/placeholder\/900x450.png\" data-src=\"https:\/\/www.cetys.mx\/noticias\/wp-content\/uploads\/2025\/10\/ExpoCETYS-Tijuana-2025-13.png\" alt=\"ExpoCETYS Tijuana 2025 (13)\">\n                    <\/a>\n                    <figcaption itemprop=\"caption description\" class=\"slide-caption\">\n                        ExpoCETYS Tijuana\n                    <\/figcaption>\n                <\/figure><figure class=\"slide\" itemprop=\"associatedMedia\" itemscope itemtype=\"http:\/\/schema.org\/ImageObject\">\n                    <a itemprop=\"contentUrl\" href=\"https:\/\/www.cetys.mx\/noticias\/wp-content\/uploads\/2025\/10\/ExpoCETYS-Tijuana-2025.png\">\n                        <img decoding=\"async\" itemprop=\"thumbnail\" class=\"lazyOwl\" src=\"https:\/\/www.cetys.mx\/noticias\/wp-content\/plugins\/jmagz-plugin\/assets\/placeholder\/900x450.png\" data-src=\"https:\/\/www.cetys.mx\/noticias\/wp-content\/uploads\/2025\/10\/ExpoCETYS-Tijuana-2025.png\" alt=\"ExpoCETYS Tijuana 2025\">\n                    <\/a>\n                    <figcaption itemprop=\"caption description\" class=\"slide-caption\">\n                        ExpoCETYS Tijuana\n                    <\/figcaption>\n                <\/figure><\/div>\n                <div class=\"gallery-slider-thumbnail-wrapper\">\n                    <div class=\"gallery-slider-thumbnail\"><div class=\"slide-thumbnail\"><img decoding=\"async\" class=\"lazyOwl\" src=\"https:\/\/www.cetys.mx\/noticias\/wp-content\/plugins\/jmagz-plugin\/assets\/placeholder\/150x75.png\" data-src=\"https:\/\/www.cetys.mx\/noticias\/wp-content\/uploads\/2025\/10\/ExpoCETYS-Tijuana-2025-4.png\" alt=\"ExpoCETYS Tijuana 2025 (4)\"><\/div><div class=\"slide-thumbnail\"><img decoding=\"async\" class=\"lazyOwl\" src=\"https:\/\/www.cetys.mx\/noticias\/wp-content\/plugins\/jmagz-plugin\/assets\/placeholder\/150x75.png\" data-src=\"https:\/\/www.cetys.mx\/noticias\/wp-content\/uploads\/2025\/10\/ExpoCETYS-Tijuana-2025-11.png\" alt=\"ExpoCETYS Tijuana 2025 (11)\"><\/div><div class=\"slide-thumbnail\"><img decoding=\"async\" class=\"lazyOwl\" src=\"https:\/\/www.cetys.mx\/noticias\/wp-content\/plugins\/jmagz-plugin\/assets\/placeholder\/150x75.png\" data-src=\"https:\/\/www.cetys.mx\/noticias\/wp-content\/uploads\/2025\/10\/ExpoCETYS-Tijuana-2025-10.png\" alt=\"ExpoCETYS Tijuana 2025 (10)\"><\/div><div class=\"slide-thumbnail\"><img decoding=\"async\" class=\"lazyOwl\" src=\"https:\/\/www.cetys.mx\/noticias\/wp-content\/plugins\/jmagz-plugin\/assets\/placeholder\/150x75.png\" data-src=\"https:\/\/www.cetys.mx\/noticias\/wp-content\/uploads\/2025\/10\/ExpoCETYS-Tijuana-2025-2.png\" alt=\"ExpoCETYS Tijuana 2025 (2)\"><\/div><div class=\"slide-thumbnail\"><img decoding=\"async\" class=\"lazyOwl\" src=\"https:\/\/www.cetys.mx\/noticias\/wp-content\/plugins\/jmagz-plugin\/assets\/placeholder\/150x75.png\" data-src=\"https:\/\/www.cetys.mx\/noticias\/wp-content\/uploads\/2025\/10\/ExpoCETYS-Tijuana-2025-9.png\" alt=\"ExpoCETYS Tijuana 2025 (9)\"><\/div><div class=\"slide-thumbnail\"><img decoding=\"async\" class=\"lazyOwl\" src=\"https:\/\/www.cetys.mx\/noticias\/wp-content\/plugins\/jmagz-plugin\/assets\/placeholder\/150x75.png\" data-src=\"https:\/\/www.cetys.mx\/noticias\/wp-content\/uploads\/2025\/10\/ExpoCETYS-Tijuana-2025-8.png\" alt=\"ExpoCETYS Tijuana 2025 (8)\"><\/div><div class=\"slide-thumbnail\"><img decoding=\"async\" class=\"lazyOwl\" src=\"https:\/\/www.cetys.mx\/noticias\/wp-content\/plugins\/jmagz-plugin\/assets\/placeholder\/150x75.png\" data-src=\"https:\/\/www.cetys.mx\/noticias\/wp-content\/uploads\/2025\/10\/ExpoCETYS-Tijuana-2025-12.png\" alt=\"ExpoCETYS Tijuana 2025 (12)\"><\/div><div class=\"slide-thumbnail\"><img decoding=\"async\" class=\"lazyOwl\" src=\"https:\/\/www.cetys.mx\/noticias\/wp-content\/plugins\/jmagz-plugin\/assets\/placeholder\/150x75.png\" data-src=\"https:\/\/www.cetys.mx\/noticias\/wp-content\/uploads\/2025\/10\/ExpoCETYS-Tijuana-2025-13.png\" alt=\"ExpoCETYS Tijuana 2025 (13)\"><\/div><div class=\"slide-thumbnail\"><img decoding=\"async\" class=\"lazyOwl\" src=\"https:\/\/www.cetys.mx\/noticias\/wp-content\/plugins\/jmagz-plugin\/assets\/placeholder\/150x75.png\" data-src=\"https:\/\/www.cetys.mx\/noticias\/wp-content\/uploads\/2025\/10\/ExpoCETYS-Tijuana-2025.png\" alt=\"ExpoCETYS Tijuana 2025\"><\/div><\/div><\/div><\/div>\n<p data-start=\"2764\" data-end=\"3290\">Por su parte, en el <strong data-start=\"2784\" data-end=\"2817\">Campus Internacional Ensenada<\/strong>, <strong data-start=\"2819\" data-end=\"2847\">m\u00e1s de 2,500 estudiantes<\/strong> de preparatorias de la regi\u00f3n se sumaron a la experiencia.<br data-start=\"2906\" data-end=\"2909\" \/>El <strong data-start=\"2912\" data-end=\"2935\">Dr. Francisco V\u00e9lez<\/strong>, Director del Campus, dio la bienvenida a los asistentes y los alent\u00f3 a reflexionar sobre su vocaci\u00f3n:<br data-start=\"3038\" data-end=\"3041\" \/>\u201c<strong data-start=\"3042\" data-end=\"3178\">Est\u00e1n en un momento emocionante. Les invitamos a explorar, preguntar sin reservas y a imaginarse aqu\u00ed, viviendo la experiencia CETYS<\/strong>. Nuestro compromiso es formar profesionistas \u00edntegros, ciudadanos del mundo preparados para triunfar\u201d, expres\u00f3.<\/p>\n<p data-start=\"3292\" data-end=\"3742\">Adem\u00e1s de conferencias y recorridos guiados, los visitantes conocieron <strong data-start=\"3363\" data-end=\"3398\">historias de \u00e9xito de egresados<\/strong> y exploraron las distintas \u00e1reas acad\u00e9micas, incluyendo programas como <strong data-start=\"3470\" data-end=\"3567\">Negocios Internacionales, Mecatr\u00f3nica, Energ\u00edas Renovables, Software y Dise\u00f1o Gr\u00e1fico Digital<\/strong>, entre otros. Las actividades tambi\u00e9n integraron espacios dedicados a los <strong data-start=\"3642\" data-end=\"3706\">grupos culturales, programas deportivos y apoyos financieros<\/strong> que fortalecen la vida estudiantil.<\/p>\n<div class=\"gallery-slider-wrapper gallery-3\">\n                        <div class=\"gallery-slider\" itemscope itemtype=\"http:\/\/schema.org\/ImageGallery\"><figure class=\"slide\" itemprop=\"associatedMedia\" itemscope itemtype=\"http:\/\/schema.org\/ImageObject\">\n                    <a itemprop=\"contentUrl\" href=\"https:\/\/www.cetys.mx\/noticias\/wp-content\/uploads\/2025\/10\/Foto-2-1-1.jpg\">\n                        <img decoding=\"async\" itemprop=\"thumbnail\" class=\"lazyOwl\" src=\"https:\/\/www.cetys.mx\/noticias\/wp-content\/plugins\/jmagz-plugin\/assets\/placeholder\/900x450.png\" data-src=\"https:\/\/www.cetys.mx\/noticias\/wp-content\/uploads\/2025\/10\/Foto-2-1-1.jpg\" alt=\"Foto 2 (1)\">\n                    <\/a>\n                    <figcaption itemprop=\"caption description\" class=\"slide-caption\">\n                        ExpoCETYS Ensenada\n                    <\/figcaption>\n                <\/figure><figure class=\"slide\" itemprop=\"associatedMedia\" itemscope itemtype=\"http:\/\/schema.org\/ImageObject\">\n                    <a itemprop=\"contentUrl\" href=\"https:\/\/www.cetys.mx\/noticias\/wp-content\/uploads\/2025\/10\/Foto-1-4-1.jpg\">\n                        <img decoding=\"async\" itemprop=\"thumbnail\" class=\"lazyOwl\" src=\"https:\/\/www.cetys.mx\/noticias\/wp-content\/plugins\/jmagz-plugin\/assets\/placeholder\/900x450.png\" data-src=\"https:\/\/www.cetys.mx\/noticias\/wp-content\/uploads\/2025\/10\/Foto-1-4-1.jpg\" alt=\"Foto 1 (4)\">\n                    <\/a>\n                    <figcaption itemprop=\"caption description\" class=\"slide-caption\">\n                        ExpoCETYS Ensenada\n                    <\/figcaption>\n                <\/figure><figure class=\"slide\" itemprop=\"associatedMedia\" itemscope itemtype=\"http:\/\/schema.org\/ImageObject\">\n                    <a itemprop=\"contentUrl\" href=\"https:\/\/www.cetys.mx\/noticias\/wp-content\/uploads\/2025\/10\/Foto-3-1-1.jpg\">\n                        <img decoding=\"async\" itemprop=\"thumbnail\" class=\"lazyOwl\" src=\"https:\/\/www.cetys.mx\/noticias\/wp-content\/plugins\/jmagz-plugin\/assets\/placeholder\/900x450.png\" data-src=\"https:\/\/www.cetys.mx\/noticias\/wp-content\/uploads\/2025\/10\/Foto-3-1-1.jpg\" alt=\"Foto 3 (1)\">\n                    <\/a>\n                    <figcaption itemprop=\"caption description\" class=\"slide-caption\">\n                        ExpoCETYS Ensenada\n                    <\/figcaption>\n                <\/figure><\/div>\n                <div class=\"gallery-slider-thumbnail-wrapper\">\n                    <div class=\"gallery-slider-thumbnail\"><div class=\"slide-thumbnail\"><img decoding=\"async\" class=\"lazyOwl\" src=\"https:\/\/www.cetys.mx\/noticias\/wp-content\/plugins\/jmagz-plugin\/assets\/placeholder\/150x75.png\" data-src=\"https:\/\/www.cetys.mx\/noticias\/wp-content\/uploads\/2025\/10\/Foto-2-1-1.jpg\" alt=\"Foto 2 (1)\"><\/div><div class=\"slide-thumbnail\"><img decoding=\"async\" class=\"lazyOwl\" src=\"https:\/\/www.cetys.mx\/noticias\/wp-content\/plugins\/jmagz-plugin\/assets\/placeholder\/150x75.png\" data-src=\"https:\/\/www.cetys.mx\/noticias\/wp-content\/uploads\/2025\/10\/Foto-1-4-1.jpg\" alt=\"Foto 1 (4)\"><\/div><div class=\"slide-thumbnail\"><img decoding=\"async\" class=\"lazyOwl\" src=\"https:\/\/www.cetys.mx\/noticias\/wp-content\/plugins\/jmagz-plugin\/assets\/placeholder\/150x75.png\" data-src=\"https:\/\/www.cetys.mx\/noticias\/wp-content\/uploads\/2025\/10\/Foto-3-1-1.jpg\" alt=\"Foto 3 (1)\"><\/div><\/div><\/div><\/div>\n<p data-start=\"3744\" data-end=\"4117\">A trav\u00e9s de estas jornadas, <strong data-start=\"3772\" data-end=\"3853\">CETYS Universidad reafirma su compromiso con la formaci\u00f3n de l\u00edderes \u00edntegros<\/strong>, capaces de responder a los retos globales con una visi\u00f3n innovadora, humana y sostenible. Expo CETYS 2025 se consolida as\u00ed como el evento vocacional m\u00e1s grande de la regi\u00f3n noroeste, donde cada experiencia inspira a las nuevas generaciones a construir su futuro.<\/p>\n","protected":false},"excerpt":{"rendered":"<p>Con entusiasmo, curiosidad y esp\u00edritu de descubrimiento, miles de j\u00f3venes bajacalifornianos participaron en la Expo CETYS 2025, una jornada que abri\u00f3 simult\u00e1neamente&#8230;<\/p>\n","protected":false},"author":26,"featured_media":217152,"comment_status":"open","ping_status":"closed","sticky":false,"template":"","format":"standard","meta":{"footnotes":""},"categories":[209,125],"tags":[],"class_list":["post-217379","post","type-post","status-publish","format-standard","has-post-thumbnail","hentry","category-institucional","category-portada"],"yoast_head":"<!-- This site is optimized with the Yoast SEO plugin v27.4 - https:\/\/yoast.com\/product\/yoast-seo-wordpress\/ -->\n<title>M\u00e1s de 9 mil j\u00f3venes de Baja California exploraron su vocaci\u00f3n en Expo CETYS 2025 - CETYS<\/title>\n<meta name=\"description\" content=\"Articulo sobre M\u00e1s de 9 mil j\u00f3venes de Baja California exploraron su vocaci\u00f3n en Expo CETYS 2025\" \/>\n<meta name=\"robots\" content=\"index, follow, max-snippet:-1, max-image-preview:large, max-video-preview:-1\" \/>\n<link rel=\"canonical\" href=\"https:\/\/www.cetys.mx\/noticias\/mas-de-9-mil-jovenes-de-baja-california-exploraron-su-vocacion-en-expo-cetys-2025\/\" \/>\n<meta property=\"og:locale\" content=\"es_MX\" \/>\n<meta property=\"og:type\" content=\"article\" \/>\n<meta property=\"og:title\" content=\"M\u00e1s de 9 mil j\u00f3venes de Baja California exploraron su vocaci\u00f3n en Expo CETYS 2025 - CETYS\" \/>\n<meta property=\"og:description\" content=\"Articulo sobre M\u00e1s de 9 mil j\u00f3venes de Baja California exploraron su vocaci\u00f3n en Expo CETYS 2025\" \/>\n<meta property=\"og:url\" content=\"https:\/\/www.cetys.mx\/noticias\/mas-de-9-mil-jovenes-de-baja-california-exploraron-su-vocacion-en-expo-cetys-2025\/\" \/>\n<meta property=\"og:site_name\" content=\"CETYS\" \/>\n<meta property=\"article:publisher\" content=\"https:\/\/www.facebook.com\/cetysuniversidadmxl\/\" \/>\n<meta property=\"article:published_time\" content=\"2025-10-29T16:43:59+00:00\" \/>\n<meta property=\"og:image\" content=\"https:\/\/www.cetys.mx\/noticias\/wp-content\/uploads\/2025\/10\/expocetys2.jpg\" \/>\n\t<meta property=\"og:image:width\" content=\"958\" \/>\n\t<meta property=\"og:image:height\" content=\"639\" \/>\n\t<meta property=\"og:image:type\" content=\"image\/jpeg\" \/>\n<meta name=\"author\" content=\"CETYS Institucional\" \/>\n<meta name=\"twitter:card\" content=\"summary_large_image\" \/>\n<meta name=\"twitter:creator\" content=\"@cetysuni\" \/>\n<meta name=\"twitter:site\" content=\"@cetysuni\" \/>\n<meta name=\"twitter:label1\" content=\"Escrito por\" \/>\n\t<meta name=\"twitter:data1\" content=\"CETYS Institucional\" \/>\n\t<meta name=\"twitter:label2\" content=\"Tiempo de lectura\" \/>\n\t<meta name=\"twitter:data2\" content=\"3 minutos\" \/>\n<script type=\"application\/ld+json\" class=\"yoast-schema-graph\">{\"@context\":\"https:\\\/\\\/schema.org\",\"@graph\":[{\"@type\":\"Article\",\"@id\":\"https:\\\/\\\/www.cetys.mx\\\/noticias\\\/mas-de-9-mil-jovenes-de-baja-california-exploraron-su-vocacion-en-expo-cetys-2025\\\/#article\",\"isPartOf\":{\"@id\":\"https:\\\/\\\/www.cetys.mx\\\/noticias\\\/mas-de-9-mil-jovenes-de-baja-california-exploraron-su-vocacion-en-expo-cetys-2025\\\/\"},\"author\":{\"name\":\"CETYS Institucional\",\"@id\":\"https:\\\/\\\/www.cetys.mx\\\/noticias\\\/#\\\/schema\\\/person\\\/e9d2b35265b64aa454df57a2828eb2ac\"},\"headline\":\"M\u00e1s de 9 mil j\u00f3venes de Baja California exploraron su vocaci\u00f3n en Expo CETYS 2025\",\"datePublished\":\"2025-10-29T16:43:59+00:00\",\"mainEntityOfPage\":{\"@id\":\"https:\\\/\\\/www.cetys.mx\\\/noticias\\\/mas-de-9-mil-jovenes-de-baja-california-exploraron-su-vocacion-en-expo-cetys-2025\\\/\"},\"wordCount\":616,\"commentCount\":0,\"image\":{\"@id\":\"https:\\\/\\\/www.cetys.mx\\\/noticias\\\/mas-de-9-mil-jovenes-de-baja-california-exploraron-su-vocacion-en-expo-cetys-2025\\\/#primaryimage\"},\"thumbnailUrl\":\"https:\\\/\\\/www.cetys.mx\\\/noticias\\\/wp-content\\\/uploads\\\/2025\\\/10\\\/expocetys2.jpg\",\"articleSection\":[\"Institucional\",\"Portada\"],\"inLanguage\":\"es\",\"potentialAction\":[{\"@type\":\"CommentAction\",\"name\":\"Comment\",\"target\":[\"https:\\\/\\\/www.cetys.mx\\\/noticias\\\/mas-de-9-mil-jovenes-de-baja-california-exploraron-su-vocacion-en-expo-cetys-2025\\\/#respond\"]}]},{\"@type\":\"WebPage\",\"@id\":\"https:\\\/\\\/www.cetys.mx\\\/noticias\\\/mas-de-9-mil-jovenes-de-baja-california-exploraron-su-vocacion-en-expo-cetys-2025\\\/\",\"url\":\"https:\\\/\\\/www.cetys.mx\\\/noticias\\\/mas-de-9-mil-jovenes-de-baja-california-exploraron-su-vocacion-en-expo-cetys-2025\\\/\",\"name\":\"M\u00e1s de 9 mil j\u00f3venes de Baja California exploraron su vocaci\u00f3n en Expo CETYS 2025 - CETYS\",\"isPartOf\":{\"@id\":\"https:\\\/\\\/www.cetys.mx\\\/noticias\\\/#website\"},\"primaryImageOfPage\":{\"@id\":\"https:\\\/\\\/www.cetys.mx\\\/noticias\\\/mas-de-9-mil-jovenes-de-baja-california-exploraron-su-vocacion-en-expo-cetys-2025\\\/#primaryimage\"},\"image\":{\"@id\":\"https:\\\/\\\/www.cetys.mx\\\/noticias\\\/mas-de-9-mil-jovenes-de-baja-california-exploraron-su-vocacion-en-expo-cetys-2025\\\/#primaryimage\"},\"thumbnailUrl\":\"https:\\\/\\\/www.cetys.mx\\\/noticias\\\/wp-content\\\/uploads\\\/2025\\\/10\\\/expocetys2.jpg\",\"datePublished\":\"2025-10-29T16:43:59+00:00\",\"author\":{\"@id\":\"https:\\\/\\\/www.cetys.mx\\\/noticias\\\/#\\\/schema\\\/person\\\/e9d2b35265b64aa454df57a2828eb2ac\"},\"description\":\"Articulo sobre M\u00e1s de 9 mil j\u00f3venes de Baja California exploraron su vocaci\u00f3n en Expo CETYS 2025\",\"breadcrumb\":{\"@id\":\"https:\\\/\\\/www.cetys.mx\\\/noticias\\\/mas-de-9-mil-jovenes-de-baja-california-exploraron-su-vocacion-en-expo-cetys-2025\\\/#breadcrumb\"},\"inLanguage\":\"es\",\"potentialAction\":[{\"@type\":\"ReadAction\",\"target\":[\"https:\\\/\\\/www.cetys.mx\\\/noticias\\\/mas-de-9-mil-jovenes-de-baja-california-exploraron-su-vocacion-en-expo-cetys-2025\\\/\"]}]},{\"@type\":\"ImageObject\",\"inLanguage\":\"es\",\"@id\":\"https:\\\/\\\/www.cetys.mx\\\/noticias\\\/mas-de-9-mil-jovenes-de-baja-california-exploraron-su-vocacion-en-expo-cetys-2025\\\/#primaryimage\",\"url\":\"https:\\\/\\\/www.cetys.mx\\\/noticias\\\/wp-content\\\/uploads\\\/2025\\\/10\\\/expocetys2.jpg\",\"contentUrl\":\"https:\\\/\\\/www.cetys.mx\\\/noticias\\\/wp-content\\\/uploads\\\/2025\\\/10\\\/expocetys2.jpg\",\"width\":958,\"height\":639,\"caption\":\"ExpoCETYS Mexicali\"},{\"@type\":\"BreadcrumbList\",\"@id\":\"https:\\\/\\\/www.cetys.mx\\\/noticias\\\/mas-de-9-mil-jovenes-de-baja-california-exploraron-su-vocacion-en-expo-cetys-2025\\\/#breadcrumb\",\"itemListElement\":[{\"@type\":\"ListItem\",\"position\":1,\"name\":\"Inicio\",\"item\":\"https:\\\/\\\/www.cetys.mx\\\/noticias\\\/\"},{\"@type\":\"ListItem\",\"position\":2,\"name\":\"M\u00e1s de 9 mil j\u00f3venes de Baja California exploraron su vocaci\u00f3n en Expo CETYS 2025\"}]},{\"@type\":\"WebSite\",\"@id\":\"https:\\\/\\\/www.cetys.mx\\\/noticias\\\/#website\",\"url\":\"https:\\\/\\\/www.cetys.mx\\\/noticias\\\/\",\"name\":\"CETYS\",\"description\":\"\",\"potentialAction\":[{\"@type\":\"SearchAction\",\"target\":{\"@type\":\"EntryPoint\",\"urlTemplate\":\"https:\\\/\\\/www.cetys.mx\\\/noticias\\\/?s={search_term_string}\"},\"query-input\":{\"@type\":\"PropertyValueSpecification\",\"valueRequired\":true,\"valueName\":\"search_term_string\"}}],\"inLanguage\":\"es\"},{\"@type\":\"Person\",\"@id\":\"https:\\\/\\\/www.cetys.mx\\\/noticias\\\/#\\\/schema\\\/person\\\/e9d2b35265b64aa454df57a2828eb2ac\",\"name\":\"CETYS Institucional\",\"url\":\"https:\\\/\\\/www.cetys.mx\\\/noticias\\\/author\\\/cetysinstitucional\\\/\"}]}<\/script>\n<!-- \/ Yoast SEO plugin. -->","yoast_head_json":{"title":"M\u00e1s de 9 mil j\u00f3venes de Baja California exploraron su vocaci\u00f3n en Expo CETYS 2025 - CETYS","description":"Articulo sobre M\u00e1s de 9 mil j\u00f3venes de Baja California exploraron su vocaci\u00f3n en Expo CETYS 2025","robots":{"index":"index","follow":"follow","max-snippet":"max-snippet:-1","max-image-preview":"max-image-preview:large","max-video-preview":"max-video-preview:-1"},"canonical":"https:\/\/www.cetys.mx\/noticias\/mas-de-9-mil-jovenes-de-baja-california-exploraron-su-vocacion-en-expo-cetys-2025\/","og_locale":"es_MX","og_type":"article","og_title":"M\u00e1s de 9 mil j\u00f3venes de Baja California exploraron su vocaci\u00f3n en Expo CETYS 2025 - CETYS","og_description":"Articulo sobre M\u00e1s de 9 mil j\u00f3venes de Baja California exploraron su vocaci\u00f3n en Expo CETYS 2025","og_url":"https:\/\/www.cetys.mx\/noticias\/mas-de-9-mil-jovenes-de-baja-california-exploraron-su-vocacion-en-expo-cetys-2025\/","og_site_name":"CETYS","article_publisher":"https:\/\/www.facebook.com\/cetysuniversidadmxl\/","article_published_time":"2025-10-29T16:43:59+00:00","og_image":[{"width":958,"height":639,"url":"https:\/\/www.cetys.mx\/noticias\/wp-content\/uploads\/2025\/10\/expocetys2.jpg","type":"image\/jpeg"}],"author":"CETYS Institucional","twitter_card":"summary_large_image","twitter_creator":"@cetysuni","twitter_site":"@cetysuni","twitter_misc":{"Escrito por":"CETYS Institucional","Tiempo de lectura":"3 minutos"},"schema":{"@context":"https:\/\/schema.org","@graph":[{"@type":"Article","@id":"https:\/\/www.cetys.mx\/noticias\/mas-de-9-mil-jovenes-de-baja-california-exploraron-su-vocacion-en-expo-cetys-2025\/#article","isPartOf":{"@id":"https:\/\/www.cetys.mx\/noticias\/mas-de-9-mil-jovenes-de-baja-california-exploraron-su-vocacion-en-expo-cetys-2025\/"},"author":{"name":"CETYS Institucional","@id":"https:\/\/www.cetys.mx\/noticias\/#\/schema\/person\/e9d2b35265b64aa454df57a2828eb2ac"},"headline":"M\u00e1s de 9 mil j\u00f3venes de Baja California exploraron su vocaci\u00f3n en Expo CETYS 2025","datePublished":"2025-10-29T16:43:59+00:00","mainEntityOfPage":{"@id":"https:\/\/www.cetys.mx\/noticias\/mas-de-9-mil-jovenes-de-baja-california-exploraron-su-vocacion-en-expo-cetys-2025\/"},"wordCount":616,"commentCount":0,"image":{"@id":"https:\/\/www.cetys.mx\/noticias\/mas-de-9-mil-jovenes-de-baja-california-exploraron-su-vocacion-en-expo-cetys-2025\/#primaryimage"},"thumbnailUrl":"https:\/\/www.cetys.mx\/noticias\/wp-content\/uploads\/2025\/10\/expocetys2.jpg","articleSection":["Institucional","Portada"],"inLanguage":"es","potentialAction":[{"@type":"CommentAction","name":"Comment","target":["https:\/\/www.cetys.mx\/noticias\/mas-de-9-mil-jovenes-de-baja-california-exploraron-su-vocacion-en-expo-cetys-2025\/#respond"]}]},{"@type":"WebPage","@id":"https:\/\/www.cetys.mx\/noticias\/mas-de-9-mil-jovenes-de-baja-california-exploraron-su-vocacion-en-expo-cetys-2025\/","url":"https:\/\/www.cetys.mx\/noticias\/mas-de-9-mil-jovenes-de-baja-california-exploraron-su-vocacion-en-expo-cetys-2025\/","name":"M\u00e1s de 9 mil j\u00f3venes de Baja California exploraron su vocaci\u00f3n en Expo CETYS 2025 - CETYS","isPartOf":{"@id":"https:\/\/www.cetys.mx\/noticias\/#website"},"primaryImageOfPage":{"@id":"https:\/\/www.cetys.mx\/noticias\/mas-de-9-mil-jovenes-de-baja-california-exploraron-su-vocacion-en-expo-cetys-2025\/#primaryimage"},"image":{"@id":"https:\/\/www.cetys.mx\/noticias\/mas-de-9-mil-jovenes-de-baja-california-exploraron-su-vocacion-en-expo-cetys-2025\/#primaryimage"},"thumbnailUrl":"https:\/\/www.cetys.mx\/noticias\/wp-content\/uploads\/2025\/10\/expocetys2.jpg","datePublished":"2025-10-29T16:43:59+00:00","author":{"@id":"https:\/\/www.cetys.mx\/noticias\/#\/schema\/person\/e9d2b35265b64aa454df57a2828eb2ac"},"description":"Articulo sobre M\u00e1s de 9 mil j\u00f3venes de Baja California exploraron su vocaci\u00f3n en Expo CETYS 2025","breadcrumb":{"@id":"https:\/\/www.cetys.mx\/noticias\/mas-de-9-mil-jovenes-de-baja-california-exploraron-su-vocacion-en-expo-cetys-2025\/#breadcrumb"},"inLanguage":"es","potentialAction":[{"@type":"ReadAction","target":["https:\/\/www.cetys.mx\/noticias\/mas-de-9-mil-jovenes-de-baja-california-exploraron-su-vocacion-en-expo-cetys-2025\/"]}]},{"@type":"ImageObject","inLanguage":"es","@id":"https:\/\/www.cetys.mx\/noticias\/mas-de-9-mil-jovenes-de-baja-california-exploraron-su-vocacion-en-expo-cetys-2025\/#primaryimage","url":"https:\/\/www.cetys.mx\/noticias\/wp-content\/uploads\/2025\/10\/expocetys2.jpg","contentUrl":"https:\/\/www.cetys.mx\/noticias\/wp-content\/uploads\/2025\/10\/expocetys2.jpg","width":958,"height":639,"caption":"ExpoCETYS Mexicali"},{"@type":"BreadcrumbList","@id":"https:\/\/www.cetys.mx\/noticias\/mas-de-9-mil-jovenes-de-baja-california-exploraron-su-vocacion-en-expo-cetys-2025\/#breadcrumb","itemListElement":[{"@type":"ListItem","position":1,"name":"Inicio","item":"https:\/\/www.cetys.mx\/noticias\/"},{"@type":"ListItem","position":2,"name":"M\u00e1s de 9 mil j\u00f3venes de Baja California exploraron su vocaci\u00f3n en Expo CETYS 2025"}]},{"@type":"WebSite","@id":"https:\/\/www.cetys.mx\/noticias\/#website","url":"https:\/\/www.cetys.mx\/noticias\/","name":"CETYS","description":"","potentialAction":[{"@type":"SearchAction","target":{"@type":"EntryPoint","urlTemplate":"https:\/\/www.cetys.mx\/noticias\/?s={search_term_string}"},"query-input":{"@type":"PropertyValueSpecification","valueRequired":true,"valueName":"search_term_string"}}],"inLanguage":"es"},{"@type":"Person","@id":"https:\/\/www.cetys.mx\/noticias\/#\/schema\/person\/e9d2b35265b64aa454df57a2828eb2ac","name":"CETYS Institucional","url":"https:\/\/www.cetys.mx\/noticias\/author\/cetysinstitucional\/"}]}},"_links":{"self":[{"href":"https:\/\/www.cetys.mx\/noticias\/wp-json\/wp\/v2\/posts\/217379","targetHints":{"allow":["GET"]}}],"collection":[{"href":"https:\/\/www.cetys.mx\/noticias\/wp-json\/wp\/v2\/posts"}],"about":[{"href":"https:\/\/www.cetys.mx\/noticias\/wp-json\/wp\/v2\/types\/post"}],"author":[{"embeddable":true,"href":"https:\/\/www.cetys.mx\/noticias\/wp-json\/wp\/v2\/users\/26"}],"replies":[{"embeddable":true,"href":"https:\/\/www.cetys.mx\/noticias\/wp-json\/wp\/v2\/comments?post=217379"}],"version-history":[{"count":1,"href":"https:\/\/www.cetys.mx\/noticias\/wp-json\/wp\/v2\/posts\/217379\/revisions"}],"predecessor-version":[{"id":217392,"href":"https:\/\/www.cetys.mx\/noticias\/wp-json\/wp\/v2\/posts\/217379\/revisions\/217392"}],"wp:featuredmedia":[{"embeddable":true,"href":"https:\/\/www.cetys.mx\/noticias\/wp-json\/wp\/v2\/media\/217152"}],"wp:attachment":[{"href":"https:\/\/www.cetys.mx\/noticias\/wp-json\/wp\/v2\/media?parent=217379"}],"wp:term":[{"taxonomy":"category","embeddable":true,"href":"https:\/\/www.cetys.mx\/noticias\/wp-json\/wp\/v2\/categories?post=217379"},{"taxonomy":"post_tag","embeddable":true,"href":"https:\/\/www.cetys.mx\/noticias\/wp-json\/wp\/v2\/tags?post=217379"}],"curies":[{"name":"wp","href":"https:\/\/api.w.org\/{rel}","templated":true}]}}