{"id":217333,"date":"2025-10-28T18:01:34","date_gmt":"2025-10-29T01:01:34","guid":{"rendered":"https:\/\/www.cetys.mx\/noticias\/?p=217333"},"modified":"2025-10-28T18:02:13","modified_gmt":"2025-10-29T01:02:13","slug":"cetys-tijuana-recibe-por-segundo-ano-la-10a-expo-feria-ambiental-academica-de-tijuana-innovadora","status":"publish","type":"post","link":"https:\/\/www.cetys.mx\/noticias\/cetys-tijuana-recibe-por-segundo-ano-la-10a-expo-feria-ambiental-academica-de-tijuana-innovadora\/","title":{"rendered":"CETYS Tijuana recibe por segundo a\u00f1o la 10ma Feria Ambiental Acad\u00e9mica de Tijuana Innovadora"},"content":{"rendered":"<p data-start=\"221\" data-end=\"598\">CETYS Universidad Campus Tijuana fue sede, por segundo a\u00f1o consecutivo, de la <strong data-start=\"299\" data-end=\"339\">10\u00aa \u201cFeria Ambiental Acad\u00e9mica\u201d<\/strong> organizada por <strong data-start=\"355\" data-end=\"377\">Tijuana Innovadora<\/strong>, encuentro que en esta edici\u00f3n reuni\u00f3 <strong data-start=\"416\" data-end=\"440\">m\u00e1s de 130 proyectos<\/strong> desarrollados por estudiantes de <strong data-start=\"474\" data-end=\"510\">18 preparatorias y universidades<\/strong> de la regi\u00f3n, enfocados en proponer soluciones innovadoras a problem\u00e1ticas ambientales.<\/p>\n<p data-start=\"600\" data-end=\"813\">Durante el evento se cont\u00f3 con la presencia del <strong data-start=\"648\" data-end=\"668\">Sr. Jos\u00e9 Galicot<\/strong>, Presidente de Tijuana Innovadora, quien reconoci\u00f3 el compromiso y la vocaci\u00f3n de las nuevas generaciones hacia el cuidado del medio ambiente.<\/p>\n<blockquote data-start=\"814\" data-end=\"995\">\n<p data-start=\"816\" data-end=\"995\">\u201cEs inspirador ver c\u00f3mo los j\u00f3venes est\u00e1n generando ideas con sentido, proyectos que pueden transformar la ciudad y el mundo. Esa es la esperanza que Tijuana necesita\u201d, comparti\u00f3.<\/p>\n<\/blockquote>\n\n            <style type='text\/css'>\n                #gallery-1 {\n                    margin: auto;\n                }\n                #gallery-1 .gallery-item {\n                    float: left;\n                    margin-top: 10px;\n                    text-align: center;\n                    width: 50%;\n                }\n                #gallery-1 img {\n                    border: 2px solid #cfcfcf;\n                }\n                #gallery-1 .gallery-caption {\n                    margin-left: 0;\n                }\n                \/* see gallery_shortcode() in wp-includes\/media.php *\/\n            <\/style>\n\t\t<div id='gallery-1' class='gallery galleryid-217333 gallery-columns-2 gallery-size-medium'><dl class='gallery-item'>\n                <dt class='gallery-icon landscape'>\n                    <a href='https:\/\/www.cetys.mx\/noticias\/cetys-tijuana-recibe-por-segundo-ano-la-10a-expo-feria-ambiental-academica-de-tijuana-innovadora\/feria-ambiental-academica-2025-cetys-tijuana-5\/'><img loading=\"lazy\" decoding=\"async\" width=\"958\" height=\"637\" src=\"https:\/\/www.cetys.mx\/noticias\/wp-content\/uploads\/2025\/10\/Feria-Ambiental-Academica-2025-CETYS-Tijuana-5.png\" class=\"attachment-medium size-medium\" alt=\"\" srcset=\"https:\/\/www.cetys.mx\/noticias\/wp-content\/uploads\/2025\/10\/Feria-Ambiental-Academica-2025-CETYS-Tijuana-5.png 958w, https:\/\/www.cetys.mx\/noticias\/wp-content\/uploads\/2025\/10\/Feria-Ambiental-Academica-2025-CETYS-Tijuana-5-768x511.png 768w\" sizes=\"auto, (max-width: 958px) 100vw, 958px\" \/><\/a>\n                <\/dt><\/dl><dl class='gallery-item'>\n                <dt class='gallery-icon landscape'>\n                    <a href='https:\/\/www.cetys.mx\/noticias\/cetys-tijuana-recibe-por-segundo-ano-la-10a-expo-feria-ambiental-academica-de-tijuana-innovadora\/feria-ambiental-academica-2025-cetys-tijuana-6\/'><img loading=\"lazy\" decoding=\"async\" width=\"958\" height=\"637\" src=\"https:\/\/www.cetys.mx\/noticias\/wp-content\/uploads\/2025\/10\/Feria-Ambiental-Academica-2025-CETYS-Tijuana-6.png\" class=\"attachment-medium size-medium\" alt=\"\" srcset=\"https:\/\/www.cetys.mx\/noticias\/wp-content\/uploads\/2025\/10\/Feria-Ambiental-Academica-2025-CETYS-Tijuana-6.png 958w, https:\/\/www.cetys.mx\/noticias\/wp-content\/uploads\/2025\/10\/Feria-Ambiental-Academica-2025-CETYS-Tijuana-6-768x511.png 768w\" sizes=\"auto, (max-width: 958px) 100vw, 958px\" \/><\/a>\n                <\/dt><\/dl><br style=\"clear: both\" \/><dl class='gallery-item'>\n                <dt class='gallery-icon landscape'>\n                    <a href='https:\/\/www.cetys.mx\/noticias\/cetys-tijuana-recibe-por-segundo-ano-la-10a-expo-feria-ambiental-academica-de-tijuana-innovadora\/feria-ambiental-academica-2025-cetys-tijuana-2\/'><img loading=\"lazy\" decoding=\"async\" width=\"958\" height=\"637\" src=\"https:\/\/www.cetys.mx\/noticias\/wp-content\/uploads\/2025\/10\/Feria-Ambiental-Academica-2025-CETYS-Tijuana-2.png\" class=\"attachment-medium size-medium\" alt=\"\" srcset=\"https:\/\/www.cetys.mx\/noticias\/wp-content\/uploads\/2025\/10\/Feria-Ambiental-Academica-2025-CETYS-Tijuana-2.png 958w, https:\/\/www.cetys.mx\/noticias\/wp-content\/uploads\/2025\/10\/Feria-Ambiental-Academica-2025-CETYS-Tijuana-2-768x511.png 768w\" sizes=\"auto, (max-width: 958px) 100vw, 958px\" \/><\/a>\n                <\/dt><\/dl><dl class='gallery-item'>\n                <dt class='gallery-icon landscape'>\n                    <a href='https:\/\/www.cetys.mx\/noticias\/cetys-tijuana-recibe-por-segundo-ano-la-10a-expo-feria-ambiental-academica-de-tijuana-innovadora\/feria-ambiental-academica-2025-cetys-tijuana-3\/'><img loading=\"lazy\" decoding=\"async\" width=\"958\" height=\"637\" src=\"https:\/\/www.cetys.mx\/noticias\/wp-content\/uploads\/2025\/10\/Feria-Ambiental-Academica-2025-CETYS-Tijuana-3.png\" class=\"attachment-medium size-medium\" alt=\"\" srcset=\"https:\/\/www.cetys.mx\/noticias\/wp-content\/uploads\/2025\/10\/Feria-Ambiental-Academica-2025-CETYS-Tijuana-3.png 958w, https:\/\/www.cetys.mx\/noticias\/wp-content\/uploads\/2025\/10\/Feria-Ambiental-Academica-2025-CETYS-Tijuana-3-768x511.png 768w\" sizes=\"auto, (max-width: 958px) 100vw, 958px\" \/><\/a>\n                <\/dt><\/dl><br style=\"clear: both\" \/>\n            <\/div>\n\n<p data-start=\"997\" data-end=\"1282\">Por parte de CETYS Universidad, la <strong data-start=\"1032\" data-end=\"1064\">Mtra. Yanina Rubio Boj\u00f3rquez<\/strong>, Directora del Campus Tijuana, destac\u00f3 la relevancia del programa <strong data-start=\"1131\" data-end=\"1148\">Tijuana Verde<\/strong> de Tijuana Innovadora, as\u00ed como la importancia de que instituciones educativas impulsen iniciativas con impacto social y ambiental.<\/p>\n<blockquote data-start=\"1283\" data-end=\"1627\">\n<p data-start=\"1285\" data-end=\"1627\">\u201cPara nosotros es fundamental fortalecer espacios donde las y los estudiantes puedan convertir sus ideas en proyectos reales. Por ello, los equipos ganadores recibir\u00e1n acompa\u00f1amiento y charlas especializadas por parte de la <em data-start=\"1509\" data-end=\"1537\">Incubadora de Alto Impacto<\/em> de CETYS Tijuana, con el objetivo de avanzar hacia la materializaci\u00f3n de sus propuestas.\u201d<\/p>\n<\/blockquote>\n<p data-start=\"1629\" data-end=\"1982\">CETYS Universidad particip\u00f3 con <strong data-start=\"1661\" data-end=\"1680\">cinco proyectos<\/strong> desarrollados por estudiantes de los programas de <strong data-start=\"1731\" data-end=\"1817\">Ingenier\u00eda en Energ\u00edas Renovables, Mec\u00e1nica, Mecatr\u00f3nica y Cibern\u00e9tica Electr\u00f3nica<\/strong>, quienes presentaron soluciones orientadas a la eficiencia energ\u00e9tica, aprovechamiento de recursos, movilidad sustentable y tecnolog\u00edas para el monitoreo ambiental.<\/p>\n<p data-start=\"1629\" data-end=\"1982\">Ellos fueron:<\/p>\n<p data-start=\"1629\" data-end=\"1982\">FLAR: Migrogreens e Hidroponia Sustentable:\u00a0Yadier Torres, Gabriel Flores, estudiantes de Ing. Mecatr\u00f3nica y Mec\u00e9nica<\/p>\n<p data-start=\"1629\" data-end=\"1982\"><strong>Filamentadora de botellas:<\/strong> Karime Paulette Ahumada Barbosa,\u00a0Martha Luciana L\u00f3pez Ch\u00e1vez, Sarinah Isabella Gonz\u00e1lez\u00a0Mu\u00f1oz, de Ing. en Energ\u00edas Renovables y Nathali Flores Gonz\u00e1lez, de Ing. Mec\u00e1nica.<br \/>\n<strong>\u2022 Alternativa Electroqu\u00edmica para el tratamiento de aguas residuales de Tijuana:\u00a0<\/strong>Reyna Verduzco Velazquez, G\u00e9nesis P\u00e9rez Hern\u00e1ndez, Iovanska Berenice Delgadillo Villa, Diego Dniz Perez, Antonio Quezada Figueroa, tambi\u00e9n estudiantes de Energ\u00edas Renovables y Mec\u00e1nica.<br \/>\n<strong>\u2022 Segunda Vida para Pulmones de Pizarr\u00f3n<\/strong>:\u00a0Paola Areli Mart\u00ednez Ram\u00edrez, Alessia Jimenez Tamayo, Angel Yael Ram\u00edrez Reyes, Emilio Antonio Carrillo Farias, estudiantes de Ing. en Energ\u00edas Renovables y Mec\u00e1nica.<br \/>\n<strong>\u2022 Sem\u00e1foro del Aire<\/strong>:\u00a0Katherine Aroa Hern\u00e1ndez Delgado y Luis David Cort\u00e9s Leyva, estudiantes de Cibern\u00e9tica Electr\u00f3nica.<\/p>\n<div class=\"gallery-slider-wrapper gallery-2\">\n                        <div class=\"gallery-slider\" itemscope itemtype=\"http:\/\/schema.org\/ImageGallery\"><figure class=\"slide\" itemprop=\"associatedMedia\" itemscope itemtype=\"http:\/\/schema.org\/ImageObject\">\n                    <a itemprop=\"contentUrl\" href=\"https:\/\/www.cetys.mx\/noticias\/wp-content\/uploads\/2025\/10\/Feria-Ambiental-Academica-2025-CETYS-Tijuana-participantes-9.png\">\n                        <img decoding=\"async\" itemprop=\"thumbnail\" class=\"lazyOwl\" src=\"https:\/\/www.cetys.mx\/noticias\/wp-content\/plugins\/jmagz-plugin\/assets\/placeholder\/900x450.png\" data-src=\"https:\/\/www.cetys.mx\/noticias\/wp-content\/uploads\/2025\/10\/Feria-Ambiental-Academica-2025-CETYS-Tijuana-participantes-9.png\" alt=\"Feria Ambiental Academica 2025 CETYS Tijuana-participantes (9)\">\n                    <\/a>\n                    <figcaption itemprop=\"caption description\" class=\"slide-caption\">\n                        \n                    <\/figcaption>\n                <\/figure><figure class=\"slide\" itemprop=\"associatedMedia\" itemscope itemtype=\"http:\/\/schema.org\/ImageObject\">\n                    <a itemprop=\"contentUrl\" href=\"https:\/\/www.cetys.mx\/noticias\/wp-content\/uploads\/2025\/10\/Feria-Ambiental-Academica-2025-CETYS-Tijuana-participantes-8.png\">\n                        <img decoding=\"async\" itemprop=\"thumbnail\" class=\"lazyOwl\" src=\"https:\/\/www.cetys.mx\/noticias\/wp-content\/plugins\/jmagz-plugin\/assets\/placeholder\/900x450.png\" data-src=\"https:\/\/www.cetys.mx\/noticias\/wp-content\/uploads\/2025\/10\/Feria-Ambiental-Academica-2025-CETYS-Tijuana-participantes-8.png\" alt=\"Feria Ambiental Academica 2025 CETYS Tijuana-participantes (8)\">\n                    <\/a>\n                    <figcaption itemprop=\"caption description\" class=\"slide-caption\">\n                        \n                    <\/figcaption>\n                <\/figure><figure class=\"slide\" itemprop=\"associatedMedia\" itemscope itemtype=\"http:\/\/schema.org\/ImageObject\">\n                    <a itemprop=\"contentUrl\" href=\"https:\/\/www.cetys.mx\/noticias\/wp-content\/uploads\/2025\/10\/Feria-Ambiental-Academica-2025-CETYS-Tijuana-participantes-6.png\">\n                        <img decoding=\"async\" itemprop=\"thumbnail\" class=\"lazyOwl\" src=\"https:\/\/www.cetys.mx\/noticias\/wp-content\/plugins\/jmagz-plugin\/assets\/placeholder\/900x450.png\" data-src=\"https:\/\/www.cetys.mx\/noticias\/wp-content\/uploads\/2025\/10\/Feria-Ambiental-Academica-2025-CETYS-Tijuana-participantes-6.png\" alt=\"Feria Ambiental Academica 2025 CETYS Tijuana-participantes (6)\">\n                    <\/a>\n                    <figcaption itemprop=\"caption description\" class=\"slide-caption\">\n                        \n                    <\/figcaption>\n                <\/figure><figure class=\"slide\" itemprop=\"associatedMedia\" itemscope itemtype=\"http:\/\/schema.org\/ImageObject\">\n                    <a itemprop=\"contentUrl\" href=\"https:\/\/www.cetys.mx\/noticias\/wp-content\/uploads\/2025\/10\/Feria-Ambiental-Academica-2025-CETYS-Tijuana-participantes-7.png\">\n                        <img decoding=\"async\" itemprop=\"thumbnail\" class=\"lazyOwl\" src=\"https:\/\/www.cetys.mx\/noticias\/wp-content\/plugins\/jmagz-plugin\/assets\/placeholder\/900x450.png\" data-src=\"https:\/\/www.cetys.mx\/noticias\/wp-content\/uploads\/2025\/10\/Feria-Ambiental-Academica-2025-CETYS-Tijuana-participantes-7.png\" alt=\"Feria Ambiental Academica 2025 CETYS Tijuana-participantes (7)\">\n                    <\/a>\n                    <figcaption itemprop=\"caption description\" class=\"slide-caption\">\n                        \n                    <\/figcaption>\n                <\/figure><figure class=\"slide\" itemprop=\"associatedMedia\" itemscope itemtype=\"http:\/\/schema.org\/ImageObject\">\n                    <a itemprop=\"contentUrl\" href=\"https:\/\/www.cetys.mx\/noticias\/wp-content\/uploads\/2025\/10\/Feria-Ambiental-Academica-2025-CETYS-Tijuana-participantes-4.png\">\n                        <img decoding=\"async\" itemprop=\"thumbnail\" class=\"lazyOwl\" src=\"https:\/\/www.cetys.mx\/noticias\/wp-content\/plugins\/jmagz-plugin\/assets\/placeholder\/900x450.png\" data-src=\"https:\/\/www.cetys.mx\/noticias\/wp-content\/uploads\/2025\/10\/Feria-Ambiental-Academica-2025-CETYS-Tijuana-participantes-4.png\" alt=\"Feria Ambiental Academica 2025 CETYS Tijuana-participantes (4)\">\n                    <\/a>\n                    <figcaption itemprop=\"caption description\" class=\"slide-caption\">\n                        \n                    <\/figcaption>\n                <\/figure><figure class=\"slide\" itemprop=\"associatedMedia\" itemscope itemtype=\"http:\/\/schema.org\/ImageObject\">\n                    <a itemprop=\"contentUrl\" href=\"https:\/\/www.cetys.mx\/noticias\/wp-content\/uploads\/2025\/10\/Feria-Ambiental-Academica-2025-CETYS-Tijuana-participantes-3.png\">\n                        <img decoding=\"async\" itemprop=\"thumbnail\" class=\"lazyOwl\" src=\"https:\/\/www.cetys.mx\/noticias\/wp-content\/plugins\/jmagz-plugin\/assets\/placeholder\/900x450.png\" data-src=\"https:\/\/www.cetys.mx\/noticias\/wp-content\/uploads\/2025\/10\/Feria-Ambiental-Academica-2025-CETYS-Tijuana-participantes-3.png\" alt=\"Feria Ambiental Academica 2025 CETYS Tijuana-participantes (3)\">\n                    <\/a>\n                    <figcaption itemprop=\"caption description\" class=\"slide-caption\">\n                        \n                    <\/figcaption>\n                <\/figure><figure class=\"slide\" itemprop=\"associatedMedia\" itemscope itemtype=\"http:\/\/schema.org\/ImageObject\">\n                    <a itemprop=\"contentUrl\" href=\"https:\/\/www.cetys.mx\/noticias\/wp-content\/uploads\/2025\/10\/Feria-Ambiental-Academica-2025-CETYS-Tijuana-participantes-2.png\">\n                        <img decoding=\"async\" itemprop=\"thumbnail\" class=\"lazyOwl\" src=\"https:\/\/www.cetys.mx\/noticias\/wp-content\/plugins\/jmagz-plugin\/assets\/placeholder\/900x450.png\" data-src=\"https:\/\/www.cetys.mx\/noticias\/wp-content\/uploads\/2025\/10\/Feria-Ambiental-Academica-2025-CETYS-Tijuana-participantes-2.png\" alt=\"Feria Ambiental Academica 2025 CETYS Tijuana-participantes (2)\">\n                    <\/a>\n                    <figcaption itemprop=\"caption description\" class=\"slide-caption\">\n                        \n                    <\/figcaption>\n                <\/figure><figure class=\"slide\" itemprop=\"associatedMedia\" itemscope itemtype=\"http:\/\/schema.org\/ImageObject\">\n                    <a itemprop=\"contentUrl\" href=\"https:\/\/www.cetys.mx\/noticias\/wp-content\/uploads\/2025\/10\/Feria-Ambiental-Academica-2025-CETYS-Tijuana-participantes.png\">\n                        <img decoding=\"async\" itemprop=\"thumbnail\" class=\"lazyOwl\" src=\"https:\/\/www.cetys.mx\/noticias\/wp-content\/plugins\/jmagz-plugin\/assets\/placeholder\/900x450.png\" data-src=\"https:\/\/www.cetys.mx\/noticias\/wp-content\/uploads\/2025\/10\/Feria-Ambiental-Academica-2025-CETYS-Tijuana-participantes.png\" alt=\"Feria Ambiental Academica 2025 CETYS Tijuana-participantes\">\n                    <\/a>\n                    <figcaption itemprop=\"caption description\" class=\"slide-caption\">\n                        \n                    <\/figcaption>\n                <\/figure><\/div>\n                <div class=\"gallery-slider-thumbnail-wrapper\">\n                    <div class=\"gallery-slider-thumbnail\"><div class=\"slide-thumbnail\"><img decoding=\"async\" class=\"lazyOwl\" src=\"https:\/\/www.cetys.mx\/noticias\/wp-content\/plugins\/jmagz-plugin\/assets\/placeholder\/150x75.png\" data-src=\"https:\/\/www.cetys.mx\/noticias\/wp-content\/uploads\/2025\/10\/Feria-Ambiental-Academica-2025-CETYS-Tijuana-participantes-9.png\" alt=\"Feria Ambiental Academica 2025 CETYS Tijuana-participantes (9)\"><\/div><div class=\"slide-thumbnail\"><img decoding=\"async\" class=\"lazyOwl\" src=\"https:\/\/www.cetys.mx\/noticias\/wp-content\/plugins\/jmagz-plugin\/assets\/placeholder\/150x75.png\" data-src=\"https:\/\/www.cetys.mx\/noticias\/wp-content\/uploads\/2025\/10\/Feria-Ambiental-Academica-2025-CETYS-Tijuana-participantes-8.png\" alt=\"Feria Ambiental Academica 2025 CETYS Tijuana-participantes (8)\"><\/div><div class=\"slide-thumbnail\"><img decoding=\"async\" class=\"lazyOwl\" src=\"https:\/\/www.cetys.mx\/noticias\/wp-content\/plugins\/jmagz-plugin\/assets\/placeholder\/150x75.png\" data-src=\"https:\/\/www.cetys.mx\/noticias\/wp-content\/uploads\/2025\/10\/Feria-Ambiental-Academica-2025-CETYS-Tijuana-participantes-6.png\" alt=\"Feria Ambiental Academica 2025 CETYS Tijuana-participantes (6)\"><\/div><div class=\"slide-thumbnail\"><img decoding=\"async\" class=\"lazyOwl\" src=\"https:\/\/www.cetys.mx\/noticias\/wp-content\/plugins\/jmagz-plugin\/assets\/placeholder\/150x75.png\" data-src=\"https:\/\/www.cetys.mx\/noticias\/wp-content\/uploads\/2025\/10\/Feria-Ambiental-Academica-2025-CETYS-Tijuana-participantes-7.png\" alt=\"Feria Ambiental Academica 2025 CETYS Tijuana-participantes (7)\"><\/div><div class=\"slide-thumbnail\"><img decoding=\"async\" class=\"lazyOwl\" src=\"https:\/\/www.cetys.mx\/noticias\/wp-content\/plugins\/jmagz-plugin\/assets\/placeholder\/150x75.png\" data-src=\"https:\/\/www.cetys.mx\/noticias\/wp-content\/uploads\/2025\/10\/Feria-Ambiental-Academica-2025-CETYS-Tijuana-participantes-4.png\" alt=\"Feria Ambiental Academica 2025 CETYS Tijuana-participantes (4)\"><\/div><div class=\"slide-thumbnail\"><img decoding=\"async\" class=\"lazyOwl\" src=\"https:\/\/www.cetys.mx\/noticias\/wp-content\/plugins\/jmagz-plugin\/assets\/placeholder\/150x75.png\" data-src=\"https:\/\/www.cetys.mx\/noticias\/wp-content\/uploads\/2025\/10\/Feria-Ambiental-Academica-2025-CETYS-Tijuana-participantes-3.png\" alt=\"Feria Ambiental Academica 2025 CETYS Tijuana-participantes (3)\"><\/div><div class=\"slide-thumbnail\"><img decoding=\"async\" class=\"lazyOwl\" src=\"https:\/\/www.cetys.mx\/noticias\/wp-content\/plugins\/jmagz-plugin\/assets\/placeholder\/150x75.png\" data-src=\"https:\/\/www.cetys.mx\/noticias\/wp-content\/uploads\/2025\/10\/Feria-Ambiental-Academica-2025-CETYS-Tijuana-participantes-2.png\" alt=\"Feria Ambiental Academica 2025 CETYS Tijuana-participantes (2)\"><\/div><div class=\"slide-thumbnail\"><img decoding=\"async\" class=\"lazyOwl\" src=\"https:\/\/www.cetys.mx\/noticias\/wp-content\/plugins\/jmagz-plugin\/assets\/placeholder\/150x75.png\" data-src=\"https:\/\/www.cetys.mx\/noticias\/wp-content\/uploads\/2025\/10\/Feria-Ambiental-Academica-2025-CETYS-Tijuana-participantes.png\" alt=\"Feria Ambiental Academica 2025 CETYS Tijuana-participantes\"><\/div><\/div><\/div><\/div>\n<p data-start=\"1984\" data-end=\"2193\">La Feria Ambiental Acad\u00e9mica incluy\u00f3 exposici\u00f3n, evaluaci\u00f3n y retroalimentaci\u00f3n directa de especialistas, fomentando el pensamiento cr\u00edtico y el dise\u00f1o de propuestas viables para el desarrollo sostenible.<\/p>\n<p data-start=\"2195\" data-end=\"2384\">Con esta edici\u00f3n, CETYS Universidad y Tijuana Innovadora reafirmaron su alianza para promover la formaci\u00f3n de agentes de cambio comprometidos con el medio ambiente y el futuro de la regi\u00f3n.<\/p>\n","protected":false},"excerpt":{"rendered":"<p>CETYS Universidad Campus Tijuana fue sede, por segundo a\u00f1o consecutivo, de la 10\u00aa \u201cFeria Ambiental Acad\u00e9mica\u201d organizada por Tijuana Innovadora, encuentro que&#8230;<\/p>\n","protected":false},"author":24,"featured_media":217352,"comment_status":"open","ping_status":"closed","sticky":false,"template":"","format":"standard","meta":{"footnotes":""},"categories":[134,125,147,313],"tags":[204,6583,422,1161,1325],"class_list":["post-217333","post","type-post","status-publish","format-standard","has-post-thumbnail","hentry","category-campus-tijuana","category-portada","category-video","category-vocetys-2","tag-cetysuniversidad","tag-ciberneticaelectronica","tag-energiasrenovables","tag-mecanica","tag-mecatronica"],"yoast_head":"<!-- This site is optimized with the Yoast SEO plugin v27.4 - https:\/\/yoast.com\/product\/yoast-seo-wordpress\/ -->\n<title>CETYS Tijuana recibe por segundo a\u00f1o la 10ma Feria Ambiental Acad\u00e9mica de Tijuana Innovadora - CETYS<\/title>\n<meta name=\"description\" content=\"Articulo sobre CETYS Tijuana recibe por segundo a\u00f1o la 10ma Feria Ambiental Acad\u00e9mica de Tijuana Innovadora\" \/>\n<meta name=\"robots\" content=\"index, follow, max-snippet:-1, max-image-preview:large, max-video-preview:-1\" \/>\n<link rel=\"canonical\" href=\"https:\/\/www.cetys.mx\/noticias\/cetys-tijuana-recibe-por-segundo-ano-la-10a-expo-feria-ambiental-academica-de-tijuana-innovadora\/\" \/>\n<meta property=\"og:locale\" content=\"es_MX\" \/>\n<meta property=\"og:type\" content=\"article\" \/>\n<meta property=\"og:title\" content=\"CETYS Tijuana recibe por segundo a\u00f1o la 10ma Feria Ambiental Acad\u00e9mica de Tijuana Innovadora - CETYS\" \/>\n<meta property=\"og:description\" content=\"Articulo sobre CETYS Tijuana recibe por segundo a\u00f1o la 10ma Feria Ambiental Acad\u00e9mica de Tijuana Innovadora\" \/>\n<meta property=\"og:url\" content=\"https:\/\/www.cetys.mx\/noticias\/cetys-tijuana-recibe-por-segundo-ano-la-10a-expo-feria-ambiental-academica-de-tijuana-innovadora\/\" \/>\n<meta property=\"og:site_name\" content=\"CETYS\" \/>\n<meta property=\"article:publisher\" content=\"https:\/\/www.facebook.com\/cetysuniversidadmxl\/\" \/>\n<meta property=\"article:published_time\" content=\"2025-10-29T01:01:34+00:00\" \/>\n<meta property=\"article:modified_time\" content=\"2025-10-29T01:02:13+00:00\" \/>\n<meta property=\"og:image\" content=\"https:\/\/www.cetys.mx\/noticias\/wp-content\/uploads\/2025\/10\/Feria-Ambiental-Academica-2025-CETYS-Tijuana.png\" \/>\n\t<meta property=\"og:image:width\" content=\"958\" \/>\n\t<meta property=\"og:image:height\" content=\"637\" \/>\n\t<meta property=\"og:image:type\" content=\"image\/png\" \/>\n<meta name=\"author\" content=\"Campus Tijuana\" \/>\n<meta name=\"twitter:card\" content=\"summary_large_image\" \/>\n<meta name=\"twitter:creator\" content=\"@cetysuni\" \/>\n<meta name=\"twitter:site\" content=\"@cetysuni\" \/>\n<meta name=\"twitter:label1\" content=\"Escrito por\" \/>\n\t<meta name=\"twitter:data1\" content=\"Campus Tijuana\" \/>\n\t<meta name=\"twitter:label2\" content=\"Tiempo de lectura\" \/>\n\t<meta name=\"twitter:data2\" content=\"2 minutos\" \/>\n<script type=\"application\/ld+json\" class=\"yoast-schema-graph\">{\"@context\":\"https:\\\/\\\/schema.org\",\"@graph\":[{\"@type\":\"Article\",\"@id\":\"https:\\\/\\\/www.cetys.mx\\\/noticias\\\/cetys-tijuana-recibe-por-segundo-ano-la-10a-expo-feria-ambiental-academica-de-tijuana-innovadora\\\/#article\",\"isPartOf\":{\"@id\":\"https:\\\/\\\/www.cetys.mx\\\/noticias\\\/cetys-tijuana-recibe-por-segundo-ano-la-10a-expo-feria-ambiental-academica-de-tijuana-innovadora\\\/\"},\"author\":{\"name\":\"Campus Tijuana\",\"@id\":\"https:\\\/\\\/www.cetys.mx\\\/noticias\\\/#\\\/schema\\\/person\\\/e790051ce60e18ae47cfa87011c8653f\"},\"headline\":\"CETYS Tijuana recibe por segundo a\u00f1o la 10ma Feria Ambiental Acad\u00e9mica de Tijuana Innovadora\",\"datePublished\":\"2025-10-29T01:01:34+00:00\",\"dateModified\":\"2025-10-29T01:02:13+00:00\",\"mainEntityOfPage\":{\"@id\":\"https:\\\/\\\/www.cetys.mx\\\/noticias\\\/cetys-tijuana-recibe-por-segundo-ano-la-10a-expo-feria-ambiental-academica-de-tijuana-innovadora\\\/\"},\"wordCount\":501,\"commentCount\":0,\"image\":{\"@id\":\"https:\\\/\\\/www.cetys.mx\\\/noticias\\\/cetys-tijuana-recibe-por-segundo-ano-la-10a-expo-feria-ambiental-academica-de-tijuana-innovadora\\\/#primaryimage\"},\"thumbnailUrl\":\"https:\\\/\\\/www.cetys.mx\\\/noticias\\\/wp-content\\\/uploads\\\/2025\\\/10\\\/Feria-Ambiental-Academica-2025-CETYS-Tijuana.png\",\"keywords\":[\"cetysuniversidad\",\"CiberneticaElectronica\",\"EnergiasRenovables\",\"Mec\u00e1nica\",\"Mecatr\u00f3nica\"],\"articleSection\":[\"Campus Tijuana\",\"Portada\",\"Video\",\"VoCETYS\"],\"inLanguage\":\"es\",\"potentialAction\":[{\"@type\":\"CommentAction\",\"name\":\"Comment\",\"target\":[\"https:\\\/\\\/www.cetys.mx\\\/noticias\\\/cetys-tijuana-recibe-por-segundo-ano-la-10a-expo-feria-ambiental-academica-de-tijuana-innovadora\\\/#respond\"]}]},{\"@type\":\"WebPage\",\"@id\":\"https:\\\/\\\/www.cetys.mx\\\/noticias\\\/cetys-tijuana-recibe-por-segundo-ano-la-10a-expo-feria-ambiental-academica-de-tijuana-innovadora\\\/\",\"url\":\"https:\\\/\\\/www.cetys.mx\\\/noticias\\\/cetys-tijuana-recibe-por-segundo-ano-la-10a-expo-feria-ambiental-academica-de-tijuana-innovadora\\\/\",\"name\":\"CETYS Tijuana recibe por segundo a\u00f1o la 10ma Feria Ambiental Acad\u00e9mica de Tijuana Innovadora - CETYS\",\"isPartOf\":{\"@id\":\"https:\\\/\\\/www.cetys.mx\\\/noticias\\\/#website\"},\"primaryImageOfPage\":{\"@id\":\"https:\\\/\\\/www.cetys.mx\\\/noticias\\\/cetys-tijuana-recibe-por-segundo-ano-la-10a-expo-feria-ambiental-academica-de-tijuana-innovadora\\\/#primaryimage\"},\"image\":{\"@id\":\"https:\\\/\\\/www.cetys.mx\\\/noticias\\\/cetys-tijuana-recibe-por-segundo-ano-la-10a-expo-feria-ambiental-academica-de-tijuana-innovadora\\\/#primaryimage\"},\"thumbnailUrl\":\"https:\\\/\\\/www.cetys.mx\\\/noticias\\\/wp-content\\\/uploads\\\/2025\\\/10\\\/Feria-Ambiental-Academica-2025-CETYS-Tijuana.png\",\"datePublished\":\"2025-10-29T01:01:34+00:00\",\"dateModified\":\"2025-10-29T01:02:13+00:00\",\"author\":{\"@id\":\"https:\\\/\\\/www.cetys.mx\\\/noticias\\\/#\\\/schema\\\/person\\\/e790051ce60e18ae47cfa87011c8653f\"},\"description\":\"Articulo sobre CETYS Tijuana recibe por segundo a\u00f1o la 10ma Feria Ambiental Acad\u00e9mica de Tijuana Innovadora\",\"breadcrumb\":{\"@id\":\"https:\\\/\\\/www.cetys.mx\\\/noticias\\\/cetys-tijuana-recibe-por-segundo-ano-la-10a-expo-feria-ambiental-academica-de-tijuana-innovadora\\\/#breadcrumb\"},\"inLanguage\":\"es\",\"potentialAction\":[{\"@type\":\"ReadAction\",\"target\":[\"https:\\\/\\\/www.cetys.mx\\\/noticias\\\/cetys-tijuana-recibe-por-segundo-ano-la-10a-expo-feria-ambiental-academica-de-tijuana-innovadora\\\/\"]}]},{\"@type\":\"ImageObject\",\"inLanguage\":\"es\",\"@id\":\"https:\\\/\\\/www.cetys.mx\\\/noticias\\\/cetys-tijuana-recibe-por-segundo-ano-la-10a-expo-feria-ambiental-academica-de-tijuana-innovadora\\\/#primaryimage\",\"url\":\"https:\\\/\\\/www.cetys.mx\\\/noticias\\\/wp-content\\\/uploads\\\/2025\\\/10\\\/Feria-Ambiental-Academica-2025-CETYS-Tijuana.png\",\"contentUrl\":\"https:\\\/\\\/www.cetys.mx\\\/noticias\\\/wp-content\\\/uploads\\\/2025\\\/10\\\/Feria-Ambiental-Academica-2025-CETYS-Tijuana.png\",\"width\":958,\"height\":637},{\"@type\":\"BreadcrumbList\",\"@id\":\"https:\\\/\\\/www.cetys.mx\\\/noticias\\\/cetys-tijuana-recibe-por-segundo-ano-la-10a-expo-feria-ambiental-academica-de-tijuana-innovadora\\\/#breadcrumb\",\"itemListElement\":[{\"@type\":\"ListItem\",\"position\":1,\"name\":\"Inicio\",\"item\":\"https:\\\/\\\/www.cetys.mx\\\/noticias\\\/\"},{\"@type\":\"ListItem\",\"position\":2,\"name\":\"CETYS Tijuana recibe por segundo a\u00f1o la 10ma Feria Ambiental Acad\u00e9mica de Tijuana Innovadora\"}]},{\"@type\":\"WebSite\",\"@id\":\"https:\\\/\\\/www.cetys.mx\\\/noticias\\\/#website\",\"url\":\"https:\\\/\\\/www.cetys.mx\\\/noticias\\\/\",\"name\":\"CETYS\",\"description\":\"\",\"potentialAction\":[{\"@type\":\"SearchAction\",\"target\":{\"@type\":\"EntryPoint\",\"urlTemplate\":\"https:\\\/\\\/www.cetys.mx\\\/noticias\\\/?s={search_term_string}\"},\"query-input\":{\"@type\":\"PropertyValueSpecification\",\"valueRequired\":true,\"valueName\":\"search_term_string\"}}],\"inLanguage\":\"es\"},{\"@type\":\"Person\",\"@id\":\"https:\\\/\\\/www.cetys.mx\\\/noticias\\\/#\\\/schema\\\/person\\\/e790051ce60e18ae47cfa87011c8653f\",\"name\":\"Campus Tijuana\",\"url\":\"https:\\\/\\\/www.cetys.mx\\\/noticias\\\/author\\\/campustijuana\\\/\"}]}<\/script>\n<!-- \/ Yoast SEO plugin. -->","yoast_head_json":{"title":"CETYS Tijuana recibe por segundo a\u00f1o la 10ma Feria Ambiental Acad\u00e9mica de Tijuana Innovadora - CETYS","description":"Articulo sobre CETYS Tijuana recibe por segundo a\u00f1o la 10ma Feria Ambiental Acad\u00e9mica de Tijuana Innovadora","robots":{"index":"index","follow":"follow","max-snippet":"max-snippet:-1","max-image-preview":"max-image-preview:large","max-video-preview":"max-video-preview:-1"},"canonical":"https:\/\/www.cetys.mx\/noticias\/cetys-tijuana-recibe-por-segundo-ano-la-10a-expo-feria-ambiental-academica-de-tijuana-innovadora\/","og_locale":"es_MX","og_type":"article","og_title":"CETYS Tijuana recibe por segundo a\u00f1o la 10ma Feria Ambiental Acad\u00e9mica de Tijuana Innovadora - CETYS","og_description":"Articulo sobre CETYS Tijuana recibe por segundo a\u00f1o la 10ma Feria Ambiental Acad\u00e9mica de Tijuana Innovadora","og_url":"https:\/\/www.cetys.mx\/noticias\/cetys-tijuana-recibe-por-segundo-ano-la-10a-expo-feria-ambiental-academica-de-tijuana-innovadora\/","og_site_name":"CETYS","article_publisher":"https:\/\/www.facebook.com\/cetysuniversidadmxl\/","article_published_time":"2025-10-29T01:01:34+00:00","article_modified_time":"2025-10-29T01:02:13+00:00","og_image":[{"width":958,"height":637,"url":"https:\/\/www.cetys.mx\/noticias\/wp-content\/uploads\/2025\/10\/Feria-Ambiental-Academica-2025-CETYS-Tijuana.png","type":"image\/png"}],"author":"Campus Tijuana","twitter_card":"summary_large_image","twitter_creator":"@cetysuni","twitter_site":"@cetysuni","twitter_misc":{"Escrito por":"Campus Tijuana","Tiempo de lectura":"2 minutos"},"schema":{"@context":"https:\/\/schema.org","@graph":[{"@type":"Article","@id":"https:\/\/www.cetys.mx\/noticias\/cetys-tijuana-recibe-por-segundo-ano-la-10a-expo-feria-ambiental-academica-de-tijuana-innovadora\/#article","isPartOf":{"@id":"https:\/\/www.cetys.mx\/noticias\/cetys-tijuana-recibe-por-segundo-ano-la-10a-expo-feria-ambiental-academica-de-tijuana-innovadora\/"},"author":{"name":"Campus Tijuana","@id":"https:\/\/www.cetys.mx\/noticias\/#\/schema\/person\/e790051ce60e18ae47cfa87011c8653f"},"headline":"CETYS Tijuana recibe por segundo a\u00f1o la 10ma Feria Ambiental Acad\u00e9mica de Tijuana Innovadora","datePublished":"2025-10-29T01:01:34+00:00","dateModified":"2025-10-29T01:02:13+00:00","mainEntityOfPage":{"@id":"https:\/\/www.cetys.mx\/noticias\/cetys-tijuana-recibe-por-segundo-ano-la-10a-expo-feria-ambiental-academica-de-tijuana-innovadora\/"},"wordCount":501,"commentCount":0,"image":{"@id":"https:\/\/www.cetys.mx\/noticias\/cetys-tijuana-recibe-por-segundo-ano-la-10a-expo-feria-ambiental-academica-de-tijuana-innovadora\/#primaryimage"},"thumbnailUrl":"https:\/\/www.cetys.mx\/noticias\/wp-content\/uploads\/2025\/10\/Feria-Ambiental-Academica-2025-CETYS-Tijuana.png","keywords":["cetysuniversidad","CiberneticaElectronica","EnergiasRenovables","Mec\u00e1nica","Mecatr\u00f3nica"],"articleSection":["Campus Tijuana","Portada","Video","VoCETYS"],"inLanguage":"es","potentialAction":[{"@type":"CommentAction","name":"Comment","target":["https:\/\/www.cetys.mx\/noticias\/cetys-tijuana-recibe-por-segundo-ano-la-10a-expo-feria-ambiental-academica-de-tijuana-innovadora\/#respond"]}]},{"@type":"WebPage","@id":"https:\/\/www.cetys.mx\/noticias\/cetys-tijuana-recibe-por-segundo-ano-la-10a-expo-feria-ambiental-academica-de-tijuana-innovadora\/","url":"https:\/\/www.cetys.mx\/noticias\/cetys-tijuana-recibe-por-segundo-ano-la-10a-expo-feria-ambiental-academica-de-tijuana-innovadora\/","name":"CETYS Tijuana recibe por segundo a\u00f1o la 10ma Feria Ambiental Acad\u00e9mica de Tijuana Innovadora - CETYS","isPartOf":{"@id":"https:\/\/www.cetys.mx\/noticias\/#website"},"primaryImageOfPage":{"@id":"https:\/\/www.cetys.mx\/noticias\/cetys-tijuana-recibe-por-segundo-ano-la-10a-expo-feria-ambiental-academica-de-tijuana-innovadora\/#primaryimage"},"image":{"@id":"https:\/\/www.cetys.mx\/noticias\/cetys-tijuana-recibe-por-segundo-ano-la-10a-expo-feria-ambiental-academica-de-tijuana-innovadora\/#primaryimage"},"thumbnailUrl":"https:\/\/www.cetys.mx\/noticias\/wp-content\/uploads\/2025\/10\/Feria-Ambiental-Academica-2025-CETYS-Tijuana.png","datePublished":"2025-10-29T01:01:34+00:00","dateModified":"2025-10-29T01:02:13+00:00","author":{"@id":"https:\/\/www.cetys.mx\/noticias\/#\/schema\/person\/e790051ce60e18ae47cfa87011c8653f"},"description":"Articulo sobre CETYS Tijuana recibe por segundo a\u00f1o la 10ma Feria Ambiental Acad\u00e9mica de Tijuana Innovadora","breadcrumb":{"@id":"https:\/\/www.cetys.mx\/noticias\/cetys-tijuana-recibe-por-segundo-ano-la-10a-expo-feria-ambiental-academica-de-tijuana-innovadora\/#breadcrumb"},"inLanguage":"es","potentialAction":[{"@type":"ReadAction","target":["https:\/\/www.cetys.mx\/noticias\/cetys-tijuana-recibe-por-segundo-ano-la-10a-expo-feria-ambiental-academica-de-tijuana-innovadora\/"]}]},{"@type":"ImageObject","inLanguage":"es","@id":"https:\/\/www.cetys.mx\/noticias\/cetys-tijuana-recibe-por-segundo-ano-la-10a-expo-feria-ambiental-academica-de-tijuana-innovadora\/#primaryimage","url":"https:\/\/www.cetys.mx\/noticias\/wp-content\/uploads\/2025\/10\/Feria-Ambiental-Academica-2025-CETYS-Tijuana.png","contentUrl":"https:\/\/www.cetys.mx\/noticias\/wp-content\/uploads\/2025\/10\/Feria-Ambiental-Academica-2025-CETYS-Tijuana.png","width":958,"height":637},{"@type":"BreadcrumbList","@id":"https:\/\/www.cetys.mx\/noticias\/cetys-tijuana-recibe-por-segundo-ano-la-10a-expo-feria-ambiental-academica-de-tijuana-innovadora\/#breadcrumb","itemListElement":[{"@type":"ListItem","position":1,"name":"Inicio","item":"https:\/\/www.cetys.mx\/noticias\/"},{"@type":"ListItem","position":2,"name":"CETYS Tijuana recibe por segundo a\u00f1o la 10ma Feria Ambiental Acad\u00e9mica de Tijuana Innovadora"}]},{"@type":"WebSite","@id":"https:\/\/www.cetys.mx\/noticias\/#website","url":"https:\/\/www.cetys.mx\/noticias\/","name":"CETYS","description":"","potentialAction":[{"@type":"SearchAction","target":{"@type":"EntryPoint","urlTemplate":"https:\/\/www.cetys.mx\/noticias\/?s={search_term_string}"},"query-input":{"@type":"PropertyValueSpecification","valueRequired":true,"valueName":"search_term_string"}}],"inLanguage":"es"},{"@type":"Person","@id":"https:\/\/www.cetys.mx\/noticias\/#\/schema\/person\/e790051ce60e18ae47cfa87011c8653f","name":"Campus Tijuana","url":"https:\/\/www.cetys.mx\/noticias\/author\/campustijuana\/"}]}},"_links":{"self":[{"href":"https:\/\/www.cetys.mx\/noticias\/wp-json\/wp\/v2\/posts\/217333","targetHints":{"allow":["GET"]}}],"collection":[{"href":"https:\/\/www.cetys.mx\/noticias\/wp-json\/wp\/v2\/posts"}],"about":[{"href":"https:\/\/www.cetys.mx\/noticias\/wp-json\/wp\/v2\/types\/post"}],"author":[{"embeddable":true,"href":"https:\/\/www.cetys.mx\/noticias\/wp-json\/wp\/v2\/users\/24"}],"replies":[{"embeddable":true,"href":"https:\/\/www.cetys.mx\/noticias\/wp-json\/wp\/v2\/comments?post=217333"}],"version-history":[{"count":2,"href":"https:\/\/www.cetys.mx\/noticias\/wp-json\/wp\/v2\/posts\/217333\/revisions"}],"predecessor-version":[{"id":217358,"href":"https:\/\/www.cetys.mx\/noticias\/wp-json\/wp\/v2\/posts\/217333\/revisions\/217358"}],"wp:featuredmedia":[{"embeddable":true,"href":"https:\/\/www.cetys.mx\/noticias\/wp-json\/wp\/v2\/media\/217352"}],"wp:attachment":[{"href":"https:\/\/www.cetys.mx\/noticias\/wp-json\/wp\/v2\/media?parent=217333"}],"wp:term":[{"taxonomy":"category","embeddable":true,"href":"https:\/\/www.cetys.mx\/noticias\/wp-json\/wp\/v2\/categories?post=217333"},{"taxonomy":"post_tag","embeddable":true,"href":"https:\/\/www.cetys.mx\/noticias\/wp-json\/wp\/v2\/tags?post=217333"}],"curies":[{"name":"wp","href":"https:\/\/api.w.org\/{rel}","templated":true}]}}