{"id":217007,"date":"2025-10-20T17:31:16","date_gmt":"2025-10-21T00:31:16","guid":{"rendered":"https:\/\/www.cetys.mx\/noticias\/?p=217007"},"modified":"2025-10-20T17:31:16","modified_gmt":"2025-10-21T00:31:16","slug":"cetys-tijuana-impulsa-la-vinculacion-profesional-con-la-expo-practicas-2025","status":"publish","type":"post","link":"https:\/\/www.cetys.mx\/noticias\/cetys-tijuana-impulsa-la-vinculacion-profesional-con-la-expo-practicas-2025\/","title":{"rendered":"CETYS Tijuana impulsa la vinculaci\u00f3n profesional con la Expo Pr\u00e1cticas 2025"},"content":{"rendered":"<p data-start=\"257\" data-end=\"613\">on el objetivo de fortalecer el v\u00ednculo entre la comunidad estudiantil y el entorno laboral, CETYS Universidad Campus Tijuana llev\u00f3 a cabo la <strong data-start=\"416\" data-end=\"453\">Expo Pr\u00e1cticas Profesionales 2025<\/strong>, evento que reuni\u00f3 a m\u00e1s de <strong data-start=\"482\" data-end=\"501\">500 estudiantes<\/strong> de las Escuelas de <strong data-start=\"521\" data-end=\"576\">Administraci\u00f3n y Negocios, Ingenier\u00eda y Humanidades<\/strong> en la <strong data-start=\"583\" data-end=\"599\">Plaza C\u00edvica<\/strong> del campus.<\/p>\n<p data-start=\"615\" data-end=\"1418\">Durante la jornada, <strong data-start=\"635\" data-end=\"688\">25 empresas locales, nacionales e internacionales<\/strong> presentaron su oferta de oportunidades para que los alumnos inicien su experiencia profesional. Participaron organizaciones como <strong data-start=\"818\" data-end=\"1400\">Tijuana Zonkeys, Fastenal, Inmobiliaria y Desarrolladora Encasa, Grupo Enerser, Crowe, idea Mx (Instituto de Innovaci\u00f3n, Desarrollo, Emprendimiento y Aprendizaje A.C.), Top Select, Safariland, Grupo Abadi, Thermo Fisher Scientific, JAE Tijuana, Foxconn Baja California, Morzan &#8211; Empleo Nuevo, Medtronic, Corporaci\u00f3n del Fuerte, PM Utiliware\/ICE Cybersecurity, Indoff, Especialidades M\u00e9dicas Kenmex (Cardinal Health), Alliance Air Products, IBC Corporativo\/Nissan (INFINITI), Rexgear, Debit &amp; Co, Centro Empresarial de Tijuana (COPARMEX), North American Production Sharing (NAPS)<\/strong> e <strong data-start=\"1403\" data-end=\"1415\">Infineon<\/strong>.<\/p>\n<p data-start=\"1420\" data-end=\"1805\">La <strong data-start=\"1423\" data-end=\"1455\">Mtra. Yanina Rubio Boj\u00f3rquez<\/strong>,<em> Directora de CETYS Universidad Campus Tijuana<\/em>, entreg\u00f3 reconocimientos a las empresas participantes por su <strong data-start=\"1564\" data-end=\"1620\">valioso apoyo y compromiso con la formaci\u00f3n integral<\/strong> de los estudiantes, subrayando la importancia de estos espacios como punto de encuentro entre el talento joven y las organizaciones que impulsan el desarrollo econ\u00f3mico de la regi\u00f3n.<\/p>\n<div class=\"gallery-slider-wrapper gallery-1\">\n                        <div class=\"gallery-slider\" itemscope itemtype=\"http:\/\/schema.org\/ImageGallery\"><figure class=\"slide\" itemprop=\"associatedMedia\" itemscope itemtype=\"http:\/\/schema.org\/ImageObject\">\n                    <a itemprop=\"contentUrl\" href=\"https:\/\/www.cetys.mx\/noticias\/wp-content\/uploads\/2025\/10\/Expo-Practicas-Profesionales-CETYS-Tij-2025-2.png\">\n                        <img decoding=\"async\" itemprop=\"thumbnail\" class=\"lazyOwl\" src=\"https:\/\/www.cetys.mx\/noticias\/wp-content\/plugins\/jmagz-plugin\/assets\/placeholder\/900x450.png\" data-src=\"https:\/\/www.cetys.mx\/noticias\/wp-content\/uploads\/2025\/10\/Expo-Practicas-Profesionales-CETYS-Tij-2025-2.png\" alt=\"Expo Practicas Profesionales CETYS Tij 2025 (2)\">\n                    <\/a>\n                    <figcaption itemprop=\"caption description\" class=\"slide-caption\">\n                        \n                    <\/figcaption>\n                <\/figure><figure class=\"slide\" itemprop=\"associatedMedia\" itemscope itemtype=\"http:\/\/schema.org\/ImageObject\">\n                    <a itemprop=\"contentUrl\" href=\"https:\/\/www.cetys.mx\/noticias\/wp-content\/uploads\/2025\/10\/Expo-Practicas-Profesionales-CETYS-Tij-2025-3.png\">\n                        <img decoding=\"async\" itemprop=\"thumbnail\" class=\"lazyOwl\" src=\"https:\/\/www.cetys.mx\/noticias\/wp-content\/plugins\/jmagz-plugin\/assets\/placeholder\/900x450.png\" data-src=\"https:\/\/www.cetys.mx\/noticias\/wp-content\/uploads\/2025\/10\/Expo-Practicas-Profesionales-CETYS-Tij-2025-3.png\" alt=\"Expo Practicas Profesionales CETYS Tij 2025 (3)\">\n                    <\/a>\n                    <figcaption itemprop=\"caption description\" class=\"slide-caption\">\n                        \n                    <\/figcaption>\n                <\/figure><figure class=\"slide\" itemprop=\"associatedMedia\" itemscope itemtype=\"http:\/\/schema.org\/ImageObject\">\n                    <a itemprop=\"contentUrl\" href=\"https:\/\/www.cetys.mx\/noticias\/wp-content\/uploads\/2025\/10\/Expo-Practicas-Profesionales-CETYS-Tij-2025-4.png\">\n                        <img decoding=\"async\" itemprop=\"thumbnail\" class=\"lazyOwl\" src=\"https:\/\/www.cetys.mx\/noticias\/wp-content\/plugins\/jmagz-plugin\/assets\/placeholder\/900x450.png\" data-src=\"https:\/\/www.cetys.mx\/noticias\/wp-content\/uploads\/2025\/10\/Expo-Practicas-Profesionales-CETYS-Tij-2025-4.png\" alt=\"Expo Practicas Profesionales CETYS Tij 2025 (4)\">\n                    <\/a>\n                    <figcaption itemprop=\"caption description\" class=\"slide-caption\">\n                        \n                    <\/figcaption>\n                <\/figure><figure class=\"slide\" itemprop=\"associatedMedia\" itemscope itemtype=\"http:\/\/schema.org\/ImageObject\">\n                    <a itemprop=\"contentUrl\" href=\"https:\/\/www.cetys.mx\/noticias\/wp-content\/uploads\/2025\/10\/Expo-Practicas-Profesionales-CETYS-Tij-2025-5.png\">\n                        <img decoding=\"async\" itemprop=\"thumbnail\" class=\"lazyOwl\" src=\"https:\/\/www.cetys.mx\/noticias\/wp-content\/plugins\/jmagz-plugin\/assets\/placeholder\/900x450.png\" data-src=\"https:\/\/www.cetys.mx\/noticias\/wp-content\/uploads\/2025\/10\/Expo-Practicas-Profesionales-CETYS-Tij-2025-5.png\" alt=\"Expo Practicas Profesionales CETYS Tij 2025 (5)\">\n                    <\/a>\n                    <figcaption itemprop=\"caption description\" class=\"slide-caption\">\n                        \n                    <\/figcaption>\n                <\/figure><figure class=\"slide\" itemprop=\"associatedMedia\" itemscope itemtype=\"http:\/\/schema.org\/ImageObject\">\n                    <a itemprop=\"contentUrl\" href=\"https:\/\/www.cetys.mx\/noticias\/wp-content\/uploads\/2025\/10\/Expo-Practicas-Profesionales-CETYS-Tij-2025-6.png\">\n                        <img decoding=\"async\" itemprop=\"thumbnail\" class=\"lazyOwl\" src=\"https:\/\/www.cetys.mx\/noticias\/wp-content\/plugins\/jmagz-plugin\/assets\/placeholder\/900x450.png\" data-src=\"https:\/\/www.cetys.mx\/noticias\/wp-content\/uploads\/2025\/10\/Expo-Practicas-Profesionales-CETYS-Tij-2025-6.png\" alt=\"Expo Practicas Profesionales CETYS Tij 2025 (6)\">\n                    <\/a>\n                    <figcaption itemprop=\"caption description\" class=\"slide-caption\">\n                        \n                    <\/figcaption>\n                <\/figure><figure class=\"slide\" itemprop=\"associatedMedia\" itemscope itemtype=\"http:\/\/schema.org\/ImageObject\">\n                    <a itemprop=\"contentUrl\" href=\"https:\/\/www.cetys.mx\/noticias\/wp-content\/uploads\/2025\/10\/Expo-Practicas-Profesionales-CETYS-Tij-2025-7.png\">\n                        <img decoding=\"async\" itemprop=\"thumbnail\" class=\"lazyOwl\" src=\"https:\/\/www.cetys.mx\/noticias\/wp-content\/plugins\/jmagz-plugin\/assets\/placeholder\/900x450.png\" data-src=\"https:\/\/www.cetys.mx\/noticias\/wp-content\/uploads\/2025\/10\/Expo-Practicas-Profesionales-CETYS-Tij-2025-7.png\" alt=\"Expo Practicas Profesionales CETYS Tij 2025 (7)\">\n                    <\/a>\n                    <figcaption itemprop=\"caption description\" class=\"slide-caption\">\n                        \n                    <\/figcaption>\n                <\/figure><figure class=\"slide\" itemprop=\"associatedMedia\" itemscope itemtype=\"http:\/\/schema.org\/ImageObject\">\n                    <a itemprop=\"contentUrl\" href=\"https:\/\/www.cetys.mx\/noticias\/wp-content\/uploads\/2025\/10\/Expo-Practicas-Profesionales-CETYS-Tij-2025-8.png\">\n                        <img decoding=\"async\" itemprop=\"thumbnail\" class=\"lazyOwl\" src=\"https:\/\/www.cetys.mx\/noticias\/wp-content\/plugins\/jmagz-plugin\/assets\/placeholder\/900x450.png\" data-src=\"https:\/\/www.cetys.mx\/noticias\/wp-content\/uploads\/2025\/10\/Expo-Practicas-Profesionales-CETYS-Tij-2025-8.png\" alt=\"Expo Practicas Profesionales CETYS Tij 2025 (8)\">\n                    <\/a>\n                    <figcaption itemprop=\"caption description\" class=\"slide-caption\">\n                        \n                    <\/figcaption>\n                <\/figure><figure class=\"slide\" itemprop=\"associatedMedia\" itemscope itemtype=\"http:\/\/schema.org\/ImageObject\">\n                    <a itemprop=\"contentUrl\" href=\"https:\/\/www.cetys.mx\/noticias\/wp-content\/uploads\/2025\/10\/Expo-Practicas-Profesionales-CETYS-Tij-2025-9.png\">\n                        <img decoding=\"async\" itemprop=\"thumbnail\" class=\"lazyOwl\" src=\"https:\/\/www.cetys.mx\/noticias\/wp-content\/plugins\/jmagz-plugin\/assets\/placeholder\/900x450.png\" data-src=\"https:\/\/www.cetys.mx\/noticias\/wp-content\/uploads\/2025\/10\/Expo-Practicas-Profesionales-CETYS-Tij-2025-9.png\" alt=\"Expo Practicas Profesionales CETYS Tij 2025 (9)\">\n                    <\/a>\n                    <figcaption itemprop=\"caption description\" class=\"slide-caption\">\n                        \n                    <\/figcaption>\n                <\/figure><figure class=\"slide\" itemprop=\"associatedMedia\" itemscope itemtype=\"http:\/\/schema.org\/ImageObject\">\n                    <a itemprop=\"contentUrl\" href=\"https:\/\/www.cetys.mx\/noticias\/wp-content\/uploads\/2025\/10\/Expo-Practicas-Profesionales-CETYS-Tij-2025-10.png\">\n                        <img decoding=\"async\" itemprop=\"thumbnail\" class=\"lazyOwl\" src=\"https:\/\/www.cetys.mx\/noticias\/wp-content\/plugins\/jmagz-plugin\/assets\/placeholder\/900x450.png\" data-src=\"https:\/\/www.cetys.mx\/noticias\/wp-content\/uploads\/2025\/10\/Expo-Practicas-Profesionales-CETYS-Tij-2025-10.png\" alt=\"Expo Practicas Profesionales CETYS Tij 2025 (10)\">\n                    <\/a>\n                    <figcaption itemprop=\"caption description\" class=\"slide-caption\">\n                        \n                    <\/figcaption>\n                <\/figure><figure class=\"slide\" itemprop=\"associatedMedia\" itemscope itemtype=\"http:\/\/schema.org\/ImageObject\">\n                    <a itemprop=\"contentUrl\" href=\"https:\/\/www.cetys.mx\/noticias\/wp-content\/uploads\/2025\/10\/Expo-Practicas-Profesionales-CETYS-Tij-2025-11.png\">\n                        <img decoding=\"async\" itemprop=\"thumbnail\" class=\"lazyOwl\" src=\"https:\/\/www.cetys.mx\/noticias\/wp-content\/plugins\/jmagz-plugin\/assets\/placeholder\/900x450.png\" data-src=\"https:\/\/www.cetys.mx\/noticias\/wp-content\/uploads\/2025\/10\/Expo-Practicas-Profesionales-CETYS-Tij-2025-11.png\" alt=\"Expo Practicas Profesionales CETYS Tij 2025 (11)\">\n                    <\/a>\n                    <figcaption itemprop=\"caption description\" class=\"slide-caption\">\n                        \n                    <\/figcaption>\n                <\/figure><figure class=\"slide\" itemprop=\"associatedMedia\" itemscope itemtype=\"http:\/\/schema.org\/ImageObject\">\n                    <a itemprop=\"contentUrl\" href=\"https:\/\/www.cetys.mx\/noticias\/wp-content\/uploads\/2025\/10\/Expo-Practicas-Profesionales-CETYS-Tij-2025-12.png\">\n                        <img decoding=\"async\" itemprop=\"thumbnail\" class=\"lazyOwl\" src=\"https:\/\/www.cetys.mx\/noticias\/wp-content\/plugins\/jmagz-plugin\/assets\/placeholder\/900x450.png\" data-src=\"https:\/\/www.cetys.mx\/noticias\/wp-content\/uploads\/2025\/10\/Expo-Practicas-Profesionales-CETYS-Tij-2025-12.png\" alt=\"Expo Practicas Profesionales CETYS Tij 2025 (12)\">\n                    <\/a>\n                    <figcaption itemprop=\"caption description\" class=\"slide-caption\">\n                        \n                    <\/figcaption>\n                <\/figure><figure class=\"slide\" itemprop=\"associatedMedia\" itemscope itemtype=\"http:\/\/schema.org\/ImageObject\">\n                    <a itemprop=\"contentUrl\" href=\"https:\/\/www.cetys.mx\/noticias\/wp-content\/uploads\/2025\/10\/Expo-Practicas-Profesionales-CETYS-Tij-2025-13.png\">\n                        <img decoding=\"async\" itemprop=\"thumbnail\" class=\"lazyOwl\" src=\"https:\/\/www.cetys.mx\/noticias\/wp-content\/plugins\/jmagz-plugin\/assets\/placeholder\/900x450.png\" data-src=\"https:\/\/www.cetys.mx\/noticias\/wp-content\/uploads\/2025\/10\/Expo-Practicas-Profesionales-CETYS-Tij-2025-13.png\" alt=\"Expo Practicas Profesionales CETYS Tij 2025 (13)\">\n                    <\/a>\n                    <figcaption itemprop=\"caption description\" class=\"slide-caption\">\n                        \n                    <\/figcaption>\n                <\/figure><figure class=\"slide\" itemprop=\"associatedMedia\" itemscope itemtype=\"http:\/\/schema.org\/ImageObject\">\n                    <a itemprop=\"contentUrl\" href=\"https:\/\/www.cetys.mx\/noticias\/wp-content\/uploads\/2025\/10\/Expo-Practicas-Profesionales-CETYS-Tij-2025-14.png\">\n                        <img decoding=\"async\" itemprop=\"thumbnail\" class=\"lazyOwl\" src=\"https:\/\/www.cetys.mx\/noticias\/wp-content\/plugins\/jmagz-plugin\/assets\/placeholder\/900x450.png\" data-src=\"https:\/\/www.cetys.mx\/noticias\/wp-content\/uploads\/2025\/10\/Expo-Practicas-Profesionales-CETYS-Tij-2025-14.png\" alt=\"Expo Practicas Profesionales CETYS Tij 2025 (14)\">\n                    <\/a>\n                    <figcaption itemprop=\"caption description\" class=\"slide-caption\">\n                        \n                    <\/figcaption>\n                <\/figure><figure class=\"slide\" itemprop=\"associatedMedia\" itemscope itemtype=\"http:\/\/schema.org\/ImageObject\">\n                    <a itemprop=\"contentUrl\" href=\"https:\/\/www.cetys.mx\/noticias\/wp-content\/uploads\/2025\/10\/Expo-Practicas-Profesionales-CETYS-Tij-2025-15.png\">\n                        <img decoding=\"async\" itemprop=\"thumbnail\" class=\"lazyOwl\" src=\"https:\/\/www.cetys.mx\/noticias\/wp-content\/plugins\/jmagz-plugin\/assets\/placeholder\/900x450.png\" data-src=\"https:\/\/www.cetys.mx\/noticias\/wp-content\/uploads\/2025\/10\/Expo-Practicas-Profesionales-CETYS-Tij-2025-15.png\" alt=\"Expo Practicas Profesionales CETYS Tij 2025 (15)\">\n                    <\/a>\n                    <figcaption itemprop=\"caption description\" class=\"slide-caption\">\n                        \n                    <\/figcaption>\n                <\/figure><figure class=\"slide\" itemprop=\"associatedMedia\" itemscope itemtype=\"http:\/\/schema.org\/ImageObject\">\n                    <a itemprop=\"contentUrl\" href=\"https:\/\/www.cetys.mx\/noticias\/wp-content\/uploads\/2025\/10\/Expo-Practicas-Profesionales-CETYS-Tij-2025-16.png\">\n                        <img decoding=\"async\" itemprop=\"thumbnail\" class=\"lazyOwl\" src=\"https:\/\/www.cetys.mx\/noticias\/wp-content\/plugins\/jmagz-plugin\/assets\/placeholder\/900x450.png\" data-src=\"https:\/\/www.cetys.mx\/noticias\/wp-content\/uploads\/2025\/10\/Expo-Practicas-Profesionales-CETYS-Tij-2025-16.png\" alt=\"Expo Practicas Profesionales CETYS Tij 2025 (16)\">\n                    <\/a>\n                    <figcaption itemprop=\"caption description\" class=\"slide-caption\">\n                        \n                    <\/figcaption>\n                <\/figure><figure class=\"slide\" itemprop=\"associatedMedia\" itemscope itemtype=\"http:\/\/schema.org\/ImageObject\">\n                    <a itemprop=\"contentUrl\" href=\"https:\/\/www.cetys.mx\/noticias\/wp-content\/uploads\/2025\/10\/Expo-Practicas-Profesionales-CETYS-Tij-2025-17.png\">\n                        <img decoding=\"async\" itemprop=\"thumbnail\" class=\"lazyOwl\" src=\"https:\/\/www.cetys.mx\/noticias\/wp-content\/plugins\/jmagz-plugin\/assets\/placeholder\/900x450.png\" data-src=\"https:\/\/www.cetys.mx\/noticias\/wp-content\/uploads\/2025\/10\/Expo-Practicas-Profesionales-CETYS-Tij-2025-17.png\" alt=\"Expo Practicas Profesionales CETYS Tij 2025 (17)\">\n                    <\/a>\n                    <figcaption itemprop=\"caption description\" class=\"slide-caption\">\n                        \n                    <\/figcaption>\n                <\/figure><figure class=\"slide\" itemprop=\"associatedMedia\" itemscope itemtype=\"http:\/\/schema.org\/ImageObject\">\n                    <a itemprop=\"contentUrl\" href=\"https:\/\/www.cetys.mx\/noticias\/wp-content\/uploads\/2025\/10\/Expo-Practicas-Profesionales-CETYS-Tij-2025-18.png\">\n                        <img decoding=\"async\" itemprop=\"thumbnail\" class=\"lazyOwl\" src=\"https:\/\/www.cetys.mx\/noticias\/wp-content\/plugins\/jmagz-plugin\/assets\/placeholder\/900x450.png\" data-src=\"https:\/\/www.cetys.mx\/noticias\/wp-content\/uploads\/2025\/10\/Expo-Practicas-Profesionales-CETYS-Tij-2025-18.png\" alt=\"Expo Practicas Profesionales CETYS Tij 2025 (18)\">\n                    <\/a>\n                    <figcaption itemprop=\"caption description\" class=\"slide-caption\">\n                        \n                    <\/figcaption>\n                <\/figure><figure class=\"slide\" itemprop=\"associatedMedia\" itemscope itemtype=\"http:\/\/schema.org\/ImageObject\">\n                    <a itemprop=\"contentUrl\" href=\"https:\/\/www.cetys.mx\/noticias\/wp-content\/uploads\/2025\/10\/Expo-Practicas-Profesionales-CETYS-Tij-2025-19.png\">\n                        <img decoding=\"async\" itemprop=\"thumbnail\" class=\"lazyOwl\" src=\"https:\/\/www.cetys.mx\/noticias\/wp-content\/plugins\/jmagz-plugin\/assets\/placeholder\/900x450.png\" data-src=\"https:\/\/www.cetys.mx\/noticias\/wp-content\/uploads\/2025\/10\/Expo-Practicas-Profesionales-CETYS-Tij-2025-19.png\" alt=\"Expo Practicas Profesionales CETYS Tij 2025 (19)\">\n                    <\/a>\n                    <figcaption itemprop=\"caption description\" class=\"slide-caption\">\n                        \n                    <\/figcaption>\n                <\/figure><figure class=\"slide\" itemprop=\"associatedMedia\" itemscope itemtype=\"http:\/\/schema.org\/ImageObject\">\n                    <a itemprop=\"contentUrl\" href=\"https:\/\/www.cetys.mx\/noticias\/wp-content\/uploads\/2025\/10\/Expo-Practicas-Profesionales-CETYS-Tij-2025-20.png\">\n                        <img decoding=\"async\" itemprop=\"thumbnail\" class=\"lazyOwl\" src=\"https:\/\/www.cetys.mx\/noticias\/wp-content\/plugins\/jmagz-plugin\/assets\/placeholder\/900x450.png\" data-src=\"https:\/\/www.cetys.mx\/noticias\/wp-content\/uploads\/2025\/10\/Expo-Practicas-Profesionales-CETYS-Tij-2025-20.png\" alt=\"Expo Practicas Profesionales CETYS Tij 2025 (20)\">\n                    <\/a>\n                    <figcaption itemprop=\"caption description\" class=\"slide-caption\">\n                        \n                    <\/figcaption>\n                <\/figure><figure class=\"slide\" itemprop=\"associatedMedia\" itemscope itemtype=\"http:\/\/schema.org\/ImageObject\">\n                    <a itemprop=\"contentUrl\" href=\"https:\/\/www.cetys.mx\/noticias\/wp-content\/uploads\/2025\/10\/Expo-Practicas-Profesionales-CETYS-Tij-2025-21.png\">\n                        <img decoding=\"async\" itemprop=\"thumbnail\" class=\"lazyOwl\" src=\"https:\/\/www.cetys.mx\/noticias\/wp-content\/plugins\/jmagz-plugin\/assets\/placeholder\/900x450.png\" data-src=\"https:\/\/www.cetys.mx\/noticias\/wp-content\/uploads\/2025\/10\/Expo-Practicas-Profesionales-CETYS-Tij-2025-21.png\" alt=\"Expo Practicas Profesionales CETYS Tij 2025 (21)\">\n                    <\/a>\n                    <figcaption itemprop=\"caption description\" class=\"slide-caption\">\n                        \n                    <\/figcaption>\n                <\/figure><figure class=\"slide\" itemprop=\"associatedMedia\" itemscope itemtype=\"http:\/\/schema.org\/ImageObject\">\n                    <a itemprop=\"contentUrl\" href=\"https:\/\/www.cetys.mx\/noticias\/wp-content\/uploads\/2025\/10\/Expo-Practicas-Profesionales-CETYS-Tij-2025-22.png\">\n                        <img decoding=\"async\" itemprop=\"thumbnail\" class=\"lazyOwl\" src=\"https:\/\/www.cetys.mx\/noticias\/wp-content\/plugins\/jmagz-plugin\/assets\/placeholder\/900x450.png\" data-src=\"https:\/\/www.cetys.mx\/noticias\/wp-content\/uploads\/2025\/10\/Expo-Practicas-Profesionales-CETYS-Tij-2025-22.png\" alt=\"Expo Practicas Profesionales CETYS Tij 2025 (22)\">\n                    <\/a>\n                    <figcaption itemprop=\"caption description\" class=\"slide-caption\">\n                        \n                    <\/figcaption>\n                <\/figure><figure class=\"slide\" itemprop=\"associatedMedia\" itemscope itemtype=\"http:\/\/schema.org\/ImageObject\">\n                    <a itemprop=\"contentUrl\" href=\"https:\/\/www.cetys.mx\/noticias\/wp-content\/uploads\/2025\/10\/Expo-Practicas-Profesionales-CETYS-Tij-2025-23.png\">\n                        <img decoding=\"async\" itemprop=\"thumbnail\" class=\"lazyOwl\" src=\"https:\/\/www.cetys.mx\/noticias\/wp-content\/plugins\/jmagz-plugin\/assets\/placeholder\/900x450.png\" data-src=\"https:\/\/www.cetys.mx\/noticias\/wp-content\/uploads\/2025\/10\/Expo-Practicas-Profesionales-CETYS-Tij-2025-23.png\" alt=\"Expo Practicas Profesionales CETYS Tij 2025 (23)\">\n                    <\/a>\n                    <figcaption itemprop=\"caption description\" class=\"slide-caption\">\n                        \n                    <\/figcaption>\n                <\/figure><\/div>\n                <div class=\"gallery-slider-thumbnail-wrapper\">\n                    <div class=\"gallery-slider-thumbnail\"><div class=\"slide-thumbnail\"><img decoding=\"async\" class=\"lazyOwl\" src=\"https:\/\/www.cetys.mx\/noticias\/wp-content\/plugins\/jmagz-plugin\/assets\/placeholder\/150x75.png\" data-src=\"https:\/\/www.cetys.mx\/noticias\/wp-content\/uploads\/2025\/10\/Expo-Practicas-Profesionales-CETYS-Tij-2025-2.png\" alt=\"Expo Practicas Profesionales CETYS Tij 2025 (2)\"><\/div><div class=\"slide-thumbnail\"><img decoding=\"async\" class=\"lazyOwl\" src=\"https:\/\/www.cetys.mx\/noticias\/wp-content\/plugins\/jmagz-plugin\/assets\/placeholder\/150x75.png\" data-src=\"https:\/\/www.cetys.mx\/noticias\/wp-content\/uploads\/2025\/10\/Expo-Practicas-Profesionales-CETYS-Tij-2025-3.png\" alt=\"Expo Practicas Profesionales CETYS Tij 2025 (3)\"><\/div><div class=\"slide-thumbnail\"><img decoding=\"async\" class=\"lazyOwl\" src=\"https:\/\/www.cetys.mx\/noticias\/wp-content\/plugins\/jmagz-plugin\/assets\/placeholder\/150x75.png\" data-src=\"https:\/\/www.cetys.mx\/noticias\/wp-content\/uploads\/2025\/10\/Expo-Practicas-Profesionales-CETYS-Tij-2025-4.png\" alt=\"Expo Practicas Profesionales CETYS Tij 2025 (4)\"><\/div><div class=\"slide-thumbnail\"><img decoding=\"async\" class=\"lazyOwl\" src=\"https:\/\/www.cetys.mx\/noticias\/wp-content\/plugins\/jmagz-plugin\/assets\/placeholder\/150x75.png\" data-src=\"https:\/\/www.cetys.mx\/noticias\/wp-content\/uploads\/2025\/10\/Expo-Practicas-Profesionales-CETYS-Tij-2025-5.png\" alt=\"Expo Practicas Profesionales CETYS Tij 2025 (5)\"><\/div><div class=\"slide-thumbnail\"><img decoding=\"async\" class=\"lazyOwl\" src=\"https:\/\/www.cetys.mx\/noticias\/wp-content\/plugins\/jmagz-plugin\/assets\/placeholder\/150x75.png\" data-src=\"https:\/\/www.cetys.mx\/noticias\/wp-content\/uploads\/2025\/10\/Expo-Practicas-Profesionales-CETYS-Tij-2025-6.png\" alt=\"Expo Practicas Profesionales CETYS Tij 2025 (6)\"><\/div><div class=\"slide-thumbnail\"><img decoding=\"async\" class=\"lazyOwl\" src=\"https:\/\/www.cetys.mx\/noticias\/wp-content\/plugins\/jmagz-plugin\/assets\/placeholder\/150x75.png\" data-src=\"https:\/\/www.cetys.mx\/noticias\/wp-content\/uploads\/2025\/10\/Expo-Practicas-Profesionales-CETYS-Tij-2025-7.png\" alt=\"Expo Practicas Profesionales CETYS Tij 2025 (7)\"><\/div><div class=\"slide-thumbnail\"><img decoding=\"async\" class=\"lazyOwl\" src=\"https:\/\/www.cetys.mx\/noticias\/wp-content\/plugins\/jmagz-plugin\/assets\/placeholder\/150x75.png\" data-src=\"https:\/\/www.cetys.mx\/noticias\/wp-content\/uploads\/2025\/10\/Expo-Practicas-Profesionales-CETYS-Tij-2025-8.png\" alt=\"Expo Practicas Profesionales CETYS Tij 2025 (8)\"><\/div><div class=\"slide-thumbnail\"><img decoding=\"async\" class=\"lazyOwl\" src=\"https:\/\/www.cetys.mx\/noticias\/wp-content\/plugins\/jmagz-plugin\/assets\/placeholder\/150x75.png\" data-src=\"https:\/\/www.cetys.mx\/noticias\/wp-content\/uploads\/2025\/10\/Expo-Practicas-Profesionales-CETYS-Tij-2025-9.png\" alt=\"Expo Practicas Profesionales CETYS Tij 2025 (9)\"><\/div><div class=\"slide-thumbnail\"><img decoding=\"async\" class=\"lazyOwl\" src=\"https:\/\/www.cetys.mx\/noticias\/wp-content\/plugins\/jmagz-plugin\/assets\/placeholder\/150x75.png\" data-src=\"https:\/\/www.cetys.mx\/noticias\/wp-content\/uploads\/2025\/10\/Expo-Practicas-Profesionales-CETYS-Tij-2025-10.png\" alt=\"Expo Practicas Profesionales CETYS Tij 2025 (10)\"><\/div><div class=\"slide-thumbnail\"><img decoding=\"async\" class=\"lazyOwl\" src=\"https:\/\/www.cetys.mx\/noticias\/wp-content\/plugins\/jmagz-plugin\/assets\/placeholder\/150x75.png\" data-src=\"https:\/\/www.cetys.mx\/noticias\/wp-content\/uploads\/2025\/10\/Expo-Practicas-Profesionales-CETYS-Tij-2025-11.png\" alt=\"Expo Practicas Profesionales CETYS Tij 2025 (11)\"><\/div><div class=\"slide-thumbnail\"><img decoding=\"async\" class=\"lazyOwl\" src=\"https:\/\/www.cetys.mx\/noticias\/wp-content\/plugins\/jmagz-plugin\/assets\/placeholder\/150x75.png\" data-src=\"https:\/\/www.cetys.mx\/noticias\/wp-content\/uploads\/2025\/10\/Expo-Practicas-Profesionales-CETYS-Tij-2025-12.png\" alt=\"Expo Practicas Profesionales CETYS Tij 2025 (12)\"><\/div><div class=\"slide-thumbnail\"><img decoding=\"async\" class=\"lazyOwl\" src=\"https:\/\/www.cetys.mx\/noticias\/wp-content\/plugins\/jmagz-plugin\/assets\/placeholder\/150x75.png\" data-src=\"https:\/\/www.cetys.mx\/noticias\/wp-content\/uploads\/2025\/10\/Expo-Practicas-Profesionales-CETYS-Tij-2025-13.png\" alt=\"Expo Practicas Profesionales CETYS Tij 2025 (13)\"><\/div><div class=\"slide-thumbnail\"><img decoding=\"async\" class=\"lazyOwl\" src=\"https:\/\/www.cetys.mx\/noticias\/wp-content\/plugins\/jmagz-plugin\/assets\/placeholder\/150x75.png\" data-src=\"https:\/\/www.cetys.mx\/noticias\/wp-content\/uploads\/2025\/10\/Expo-Practicas-Profesionales-CETYS-Tij-2025-14.png\" alt=\"Expo Practicas Profesionales CETYS Tij 2025 (14)\"><\/div><div class=\"slide-thumbnail\"><img decoding=\"async\" class=\"lazyOwl\" src=\"https:\/\/www.cetys.mx\/noticias\/wp-content\/plugins\/jmagz-plugin\/assets\/placeholder\/150x75.png\" data-src=\"https:\/\/www.cetys.mx\/noticias\/wp-content\/uploads\/2025\/10\/Expo-Practicas-Profesionales-CETYS-Tij-2025-15.png\" alt=\"Expo Practicas Profesionales CETYS Tij 2025 (15)\"><\/div><div class=\"slide-thumbnail\"><img decoding=\"async\" class=\"lazyOwl\" src=\"https:\/\/www.cetys.mx\/noticias\/wp-content\/plugins\/jmagz-plugin\/assets\/placeholder\/150x75.png\" data-src=\"https:\/\/www.cetys.mx\/noticias\/wp-content\/uploads\/2025\/10\/Expo-Practicas-Profesionales-CETYS-Tij-2025-16.png\" alt=\"Expo Practicas Profesionales CETYS Tij 2025 (16)\"><\/div><div class=\"slide-thumbnail\"><img decoding=\"async\" class=\"lazyOwl\" src=\"https:\/\/www.cetys.mx\/noticias\/wp-content\/plugins\/jmagz-plugin\/assets\/placeholder\/150x75.png\" data-src=\"https:\/\/www.cetys.mx\/noticias\/wp-content\/uploads\/2025\/10\/Expo-Practicas-Profesionales-CETYS-Tij-2025-17.png\" alt=\"Expo Practicas Profesionales CETYS Tij 2025 (17)\"><\/div><div class=\"slide-thumbnail\"><img decoding=\"async\" class=\"lazyOwl\" src=\"https:\/\/www.cetys.mx\/noticias\/wp-content\/plugins\/jmagz-plugin\/assets\/placeholder\/150x75.png\" data-src=\"https:\/\/www.cetys.mx\/noticias\/wp-content\/uploads\/2025\/10\/Expo-Practicas-Profesionales-CETYS-Tij-2025-18.png\" alt=\"Expo Practicas Profesionales CETYS Tij 2025 (18)\"><\/div><div class=\"slide-thumbnail\"><img decoding=\"async\" class=\"lazyOwl\" src=\"https:\/\/www.cetys.mx\/noticias\/wp-content\/plugins\/jmagz-plugin\/assets\/placeholder\/150x75.png\" data-src=\"https:\/\/www.cetys.mx\/noticias\/wp-content\/uploads\/2025\/10\/Expo-Practicas-Profesionales-CETYS-Tij-2025-19.png\" alt=\"Expo Practicas Profesionales CETYS Tij 2025 (19)\"><\/div><div class=\"slide-thumbnail\"><img decoding=\"async\" class=\"lazyOwl\" src=\"https:\/\/www.cetys.mx\/noticias\/wp-content\/plugins\/jmagz-plugin\/assets\/placeholder\/150x75.png\" data-src=\"https:\/\/www.cetys.mx\/noticias\/wp-content\/uploads\/2025\/10\/Expo-Practicas-Profesionales-CETYS-Tij-2025-20.png\" alt=\"Expo Practicas Profesionales CETYS Tij 2025 (20)\"><\/div><div class=\"slide-thumbnail\"><img decoding=\"async\" class=\"lazyOwl\" src=\"https:\/\/www.cetys.mx\/noticias\/wp-content\/plugins\/jmagz-plugin\/assets\/placeholder\/150x75.png\" data-src=\"https:\/\/www.cetys.mx\/noticias\/wp-content\/uploads\/2025\/10\/Expo-Practicas-Profesionales-CETYS-Tij-2025-21.png\" alt=\"Expo Practicas Profesionales CETYS Tij 2025 (21)\"><\/div><div class=\"slide-thumbnail\"><img decoding=\"async\" class=\"lazyOwl\" src=\"https:\/\/www.cetys.mx\/noticias\/wp-content\/plugins\/jmagz-plugin\/assets\/placeholder\/150x75.png\" data-src=\"https:\/\/www.cetys.mx\/noticias\/wp-content\/uploads\/2025\/10\/Expo-Practicas-Profesionales-CETYS-Tij-2025-22.png\" alt=\"Expo Practicas Profesionales CETYS Tij 2025 (22)\"><\/div><div class=\"slide-thumbnail\"><img decoding=\"async\" class=\"lazyOwl\" src=\"https:\/\/www.cetys.mx\/noticias\/wp-content\/plugins\/jmagz-plugin\/assets\/placeholder\/150x75.png\" data-src=\"https:\/\/www.cetys.mx\/noticias\/wp-content\/uploads\/2025\/10\/Expo-Practicas-Profesionales-CETYS-Tij-2025-23.png\" alt=\"Expo Practicas Profesionales CETYS Tij 2025 (23)\"><\/div><\/div><\/div><\/div>\n","protected":false},"excerpt":{"rendered":"<p>on el objetivo de fortalecer el v\u00ednculo entre la comunidad estudiantil y el entorno laboral, CETYS Universidad Campus Tijuana llev\u00f3 a cabo&#8230;<\/p>\n","protected":false},"author":24,"featured_media":217041,"comment_status":"open","ping_status":"closed","sticky":false,"template":"","format":"standard","meta":{"footnotes":""},"categories":[134,109,313],"tags":[328,275],"class_list":["post-217007","post","type-post","status-publish","format-standard","has-post-thumbnail","hentry","category-campus-tijuana","category-vinculacion","category-vocetys-2","tag-campustijuana","tag-vinculacion"],"yoast_head":"<!-- This site is optimized with the Yoast SEO plugin v27.4 - https:\/\/yoast.com\/product\/yoast-seo-wordpress\/ -->\n<title>CETYS Tijuana impulsa la vinculaci\u00f3n profesional con la Expo Pr\u00e1cticas 2025 - CETYS<\/title>\n<meta name=\"description\" content=\"Articulo sobre CETYS Tijuana impulsa la vinculaci\u00f3n profesional con la Expo Pr\u00e1cticas 2025\" \/>\n<meta name=\"robots\" content=\"index, follow, max-snippet:-1, max-image-preview:large, max-video-preview:-1\" \/>\n<link rel=\"canonical\" href=\"https:\/\/www.cetys.mx\/noticias\/cetys-tijuana-impulsa-la-vinculacion-profesional-con-la-expo-practicas-2025\/\" \/>\n<meta property=\"og:locale\" content=\"es_MX\" \/>\n<meta property=\"og:type\" content=\"article\" \/>\n<meta property=\"og:title\" content=\"CETYS Tijuana impulsa la vinculaci\u00f3n profesional con la Expo Pr\u00e1cticas 2025 - CETYS\" \/>\n<meta property=\"og:description\" content=\"Articulo sobre CETYS Tijuana impulsa la vinculaci\u00f3n profesional con la Expo Pr\u00e1cticas 2025\" \/>\n<meta property=\"og:url\" content=\"https:\/\/www.cetys.mx\/noticias\/cetys-tijuana-impulsa-la-vinculacion-profesional-con-la-expo-practicas-2025\/\" \/>\n<meta property=\"og:site_name\" content=\"CETYS\" \/>\n<meta property=\"article:publisher\" content=\"https:\/\/www.facebook.com\/cetysuniversidadmxl\/\" \/>\n<meta property=\"article:published_time\" content=\"2025-10-21T00:31:16+00:00\" \/>\n<meta property=\"og:image\" content=\"https:\/\/www.cetys.mx\/noticias\/wp-content\/uploads\/2025\/10\/Expo-Practicas-Profesionales-CETYS-Tij-2025-3.png\" \/>\n\t<meta property=\"og:image:width\" content=\"958\" \/>\n\t<meta property=\"og:image:height\" content=\"637\" \/>\n\t<meta property=\"og:image:type\" content=\"image\/png\" \/>\n<meta name=\"author\" content=\"Campus Tijuana\" \/>\n<meta name=\"twitter:card\" content=\"summary_large_image\" \/>\n<meta name=\"twitter:creator\" content=\"@cetysuni\" \/>\n<meta name=\"twitter:site\" content=\"@cetysuni\" \/>\n<meta name=\"twitter:label1\" content=\"Escrito por\" \/>\n\t<meta name=\"twitter:data1\" content=\"Campus Tijuana\" \/>\n\t<meta name=\"twitter:label2\" content=\"Tiempo de lectura\" \/>\n\t<meta name=\"twitter:data2\" content=\"1 minuto\" \/>\n<script type=\"application\/ld+json\" class=\"yoast-schema-graph\">{\"@context\":\"https:\\\/\\\/schema.org\",\"@graph\":[{\"@type\":\"Article\",\"@id\":\"https:\\\/\\\/www.cetys.mx\\\/noticias\\\/cetys-tijuana-impulsa-la-vinculacion-profesional-con-la-expo-practicas-2025\\\/#article\",\"isPartOf\":{\"@id\":\"https:\\\/\\\/www.cetys.mx\\\/noticias\\\/cetys-tijuana-impulsa-la-vinculacion-profesional-con-la-expo-practicas-2025\\\/\"},\"author\":{\"name\":\"Campus Tijuana\",\"@id\":\"https:\\\/\\\/www.cetys.mx\\\/noticias\\\/#\\\/schema\\\/person\\\/e790051ce60e18ae47cfa87011c8653f\"},\"headline\":\"CETYS Tijuana impulsa la vinculaci\u00f3n profesional con la Expo Pr\u00e1cticas 2025\",\"datePublished\":\"2025-10-21T00:31:16+00:00\",\"mainEntityOfPage\":{\"@id\":\"https:\\\/\\\/www.cetys.mx\\\/noticias\\\/cetys-tijuana-impulsa-la-vinculacion-profesional-con-la-expo-practicas-2025\\\/\"},\"wordCount\":235,\"commentCount\":0,\"image\":{\"@id\":\"https:\\\/\\\/www.cetys.mx\\\/noticias\\\/cetys-tijuana-impulsa-la-vinculacion-profesional-con-la-expo-practicas-2025\\\/#primaryimage\"},\"thumbnailUrl\":\"https:\\\/\\\/www.cetys.mx\\\/noticias\\\/wp-content\\\/uploads\\\/2025\\\/10\\\/Expo-Practicas-Profesionales-CETYS-Tij-2025-3.png\",\"keywords\":[\"campustijuana\",\"Vinculacion\"],\"articleSection\":[\"Campus Tijuana\",\"Vinculaci\u00f3n\",\"VoCETYS\"],\"inLanguage\":\"es\",\"potentialAction\":[{\"@type\":\"CommentAction\",\"name\":\"Comment\",\"target\":[\"https:\\\/\\\/www.cetys.mx\\\/noticias\\\/cetys-tijuana-impulsa-la-vinculacion-profesional-con-la-expo-practicas-2025\\\/#respond\"]}]},{\"@type\":\"WebPage\",\"@id\":\"https:\\\/\\\/www.cetys.mx\\\/noticias\\\/cetys-tijuana-impulsa-la-vinculacion-profesional-con-la-expo-practicas-2025\\\/\",\"url\":\"https:\\\/\\\/www.cetys.mx\\\/noticias\\\/cetys-tijuana-impulsa-la-vinculacion-profesional-con-la-expo-practicas-2025\\\/\",\"name\":\"CETYS Tijuana impulsa la vinculaci\u00f3n profesional con la Expo Pr\u00e1cticas 2025 - CETYS\",\"isPartOf\":{\"@id\":\"https:\\\/\\\/www.cetys.mx\\\/noticias\\\/#website\"},\"primaryImageOfPage\":{\"@id\":\"https:\\\/\\\/www.cetys.mx\\\/noticias\\\/cetys-tijuana-impulsa-la-vinculacion-profesional-con-la-expo-practicas-2025\\\/#primaryimage\"},\"image\":{\"@id\":\"https:\\\/\\\/www.cetys.mx\\\/noticias\\\/cetys-tijuana-impulsa-la-vinculacion-profesional-con-la-expo-practicas-2025\\\/#primaryimage\"},\"thumbnailUrl\":\"https:\\\/\\\/www.cetys.mx\\\/noticias\\\/wp-content\\\/uploads\\\/2025\\\/10\\\/Expo-Practicas-Profesionales-CETYS-Tij-2025-3.png\",\"datePublished\":\"2025-10-21T00:31:16+00:00\",\"author\":{\"@id\":\"https:\\\/\\\/www.cetys.mx\\\/noticias\\\/#\\\/schema\\\/person\\\/e790051ce60e18ae47cfa87011c8653f\"},\"description\":\"Articulo sobre CETYS Tijuana impulsa la vinculaci\u00f3n profesional con la Expo Pr\u00e1cticas 2025\",\"breadcrumb\":{\"@id\":\"https:\\\/\\\/www.cetys.mx\\\/noticias\\\/cetys-tijuana-impulsa-la-vinculacion-profesional-con-la-expo-practicas-2025\\\/#breadcrumb\"},\"inLanguage\":\"es\",\"potentialAction\":[{\"@type\":\"ReadAction\",\"target\":[\"https:\\\/\\\/www.cetys.mx\\\/noticias\\\/cetys-tijuana-impulsa-la-vinculacion-profesional-con-la-expo-practicas-2025\\\/\"]}]},{\"@type\":\"ImageObject\",\"inLanguage\":\"es\",\"@id\":\"https:\\\/\\\/www.cetys.mx\\\/noticias\\\/cetys-tijuana-impulsa-la-vinculacion-profesional-con-la-expo-practicas-2025\\\/#primaryimage\",\"url\":\"https:\\\/\\\/www.cetys.mx\\\/noticias\\\/wp-content\\\/uploads\\\/2025\\\/10\\\/Expo-Practicas-Profesionales-CETYS-Tij-2025-3.png\",\"contentUrl\":\"https:\\\/\\\/www.cetys.mx\\\/noticias\\\/wp-content\\\/uploads\\\/2025\\\/10\\\/Expo-Practicas-Profesionales-CETYS-Tij-2025-3.png\",\"width\":958,\"height\":637},{\"@type\":\"BreadcrumbList\",\"@id\":\"https:\\\/\\\/www.cetys.mx\\\/noticias\\\/cetys-tijuana-impulsa-la-vinculacion-profesional-con-la-expo-practicas-2025\\\/#breadcrumb\",\"itemListElement\":[{\"@type\":\"ListItem\",\"position\":1,\"name\":\"Inicio\",\"item\":\"https:\\\/\\\/www.cetys.mx\\\/noticias\\\/\"},{\"@type\":\"ListItem\",\"position\":2,\"name\":\"CETYS Tijuana impulsa la vinculaci\u00f3n profesional con la Expo Pr\u00e1cticas 2025\"}]},{\"@type\":\"WebSite\",\"@id\":\"https:\\\/\\\/www.cetys.mx\\\/noticias\\\/#website\",\"url\":\"https:\\\/\\\/www.cetys.mx\\\/noticias\\\/\",\"name\":\"CETYS\",\"description\":\"\",\"potentialAction\":[{\"@type\":\"SearchAction\",\"target\":{\"@type\":\"EntryPoint\",\"urlTemplate\":\"https:\\\/\\\/www.cetys.mx\\\/noticias\\\/?s={search_term_string}\"},\"query-input\":{\"@type\":\"PropertyValueSpecification\",\"valueRequired\":true,\"valueName\":\"search_term_string\"}}],\"inLanguage\":\"es\"},{\"@type\":\"Person\",\"@id\":\"https:\\\/\\\/www.cetys.mx\\\/noticias\\\/#\\\/schema\\\/person\\\/e790051ce60e18ae47cfa87011c8653f\",\"name\":\"Campus Tijuana\",\"url\":\"https:\\\/\\\/www.cetys.mx\\\/noticias\\\/author\\\/campustijuana\\\/\"}]}<\/script>\n<!-- \/ Yoast SEO plugin. -->","yoast_head_json":{"title":"CETYS Tijuana impulsa la vinculaci\u00f3n profesional con la Expo Pr\u00e1cticas 2025 - CETYS","description":"Articulo sobre CETYS Tijuana impulsa la vinculaci\u00f3n profesional con la Expo Pr\u00e1cticas 2025","robots":{"index":"index","follow":"follow","max-snippet":"max-snippet:-1","max-image-preview":"max-image-preview:large","max-video-preview":"max-video-preview:-1"},"canonical":"https:\/\/www.cetys.mx\/noticias\/cetys-tijuana-impulsa-la-vinculacion-profesional-con-la-expo-practicas-2025\/","og_locale":"es_MX","og_type":"article","og_title":"CETYS Tijuana impulsa la vinculaci\u00f3n profesional con la Expo Pr\u00e1cticas 2025 - CETYS","og_description":"Articulo sobre CETYS Tijuana impulsa la vinculaci\u00f3n profesional con la Expo Pr\u00e1cticas 2025","og_url":"https:\/\/www.cetys.mx\/noticias\/cetys-tijuana-impulsa-la-vinculacion-profesional-con-la-expo-practicas-2025\/","og_site_name":"CETYS","article_publisher":"https:\/\/www.facebook.com\/cetysuniversidadmxl\/","article_published_time":"2025-10-21T00:31:16+00:00","og_image":[{"width":958,"height":637,"url":"https:\/\/www.cetys.mx\/noticias\/wp-content\/uploads\/2025\/10\/Expo-Practicas-Profesionales-CETYS-Tij-2025-3.png","type":"image\/png"}],"author":"Campus Tijuana","twitter_card":"summary_large_image","twitter_creator":"@cetysuni","twitter_site":"@cetysuni","twitter_misc":{"Escrito por":"Campus Tijuana","Tiempo de lectura":"1 minuto"},"schema":{"@context":"https:\/\/schema.org","@graph":[{"@type":"Article","@id":"https:\/\/www.cetys.mx\/noticias\/cetys-tijuana-impulsa-la-vinculacion-profesional-con-la-expo-practicas-2025\/#article","isPartOf":{"@id":"https:\/\/www.cetys.mx\/noticias\/cetys-tijuana-impulsa-la-vinculacion-profesional-con-la-expo-practicas-2025\/"},"author":{"name":"Campus Tijuana","@id":"https:\/\/www.cetys.mx\/noticias\/#\/schema\/person\/e790051ce60e18ae47cfa87011c8653f"},"headline":"CETYS Tijuana impulsa la vinculaci\u00f3n profesional con la Expo Pr\u00e1cticas 2025","datePublished":"2025-10-21T00:31:16+00:00","mainEntityOfPage":{"@id":"https:\/\/www.cetys.mx\/noticias\/cetys-tijuana-impulsa-la-vinculacion-profesional-con-la-expo-practicas-2025\/"},"wordCount":235,"commentCount":0,"image":{"@id":"https:\/\/www.cetys.mx\/noticias\/cetys-tijuana-impulsa-la-vinculacion-profesional-con-la-expo-practicas-2025\/#primaryimage"},"thumbnailUrl":"https:\/\/www.cetys.mx\/noticias\/wp-content\/uploads\/2025\/10\/Expo-Practicas-Profesionales-CETYS-Tij-2025-3.png","keywords":["campustijuana","Vinculacion"],"articleSection":["Campus Tijuana","Vinculaci\u00f3n","VoCETYS"],"inLanguage":"es","potentialAction":[{"@type":"CommentAction","name":"Comment","target":["https:\/\/www.cetys.mx\/noticias\/cetys-tijuana-impulsa-la-vinculacion-profesional-con-la-expo-practicas-2025\/#respond"]}]},{"@type":"WebPage","@id":"https:\/\/www.cetys.mx\/noticias\/cetys-tijuana-impulsa-la-vinculacion-profesional-con-la-expo-practicas-2025\/","url":"https:\/\/www.cetys.mx\/noticias\/cetys-tijuana-impulsa-la-vinculacion-profesional-con-la-expo-practicas-2025\/","name":"CETYS Tijuana impulsa la vinculaci\u00f3n profesional con la Expo Pr\u00e1cticas 2025 - CETYS","isPartOf":{"@id":"https:\/\/www.cetys.mx\/noticias\/#website"},"primaryImageOfPage":{"@id":"https:\/\/www.cetys.mx\/noticias\/cetys-tijuana-impulsa-la-vinculacion-profesional-con-la-expo-practicas-2025\/#primaryimage"},"image":{"@id":"https:\/\/www.cetys.mx\/noticias\/cetys-tijuana-impulsa-la-vinculacion-profesional-con-la-expo-practicas-2025\/#primaryimage"},"thumbnailUrl":"https:\/\/www.cetys.mx\/noticias\/wp-content\/uploads\/2025\/10\/Expo-Practicas-Profesionales-CETYS-Tij-2025-3.png","datePublished":"2025-10-21T00:31:16+00:00","author":{"@id":"https:\/\/www.cetys.mx\/noticias\/#\/schema\/person\/e790051ce60e18ae47cfa87011c8653f"},"description":"Articulo sobre CETYS Tijuana impulsa la vinculaci\u00f3n profesional con la Expo Pr\u00e1cticas 2025","breadcrumb":{"@id":"https:\/\/www.cetys.mx\/noticias\/cetys-tijuana-impulsa-la-vinculacion-profesional-con-la-expo-practicas-2025\/#breadcrumb"},"inLanguage":"es","potentialAction":[{"@type":"ReadAction","target":["https:\/\/www.cetys.mx\/noticias\/cetys-tijuana-impulsa-la-vinculacion-profesional-con-la-expo-practicas-2025\/"]}]},{"@type":"ImageObject","inLanguage":"es","@id":"https:\/\/www.cetys.mx\/noticias\/cetys-tijuana-impulsa-la-vinculacion-profesional-con-la-expo-practicas-2025\/#primaryimage","url":"https:\/\/www.cetys.mx\/noticias\/wp-content\/uploads\/2025\/10\/Expo-Practicas-Profesionales-CETYS-Tij-2025-3.png","contentUrl":"https:\/\/www.cetys.mx\/noticias\/wp-content\/uploads\/2025\/10\/Expo-Practicas-Profesionales-CETYS-Tij-2025-3.png","width":958,"height":637},{"@type":"BreadcrumbList","@id":"https:\/\/www.cetys.mx\/noticias\/cetys-tijuana-impulsa-la-vinculacion-profesional-con-la-expo-practicas-2025\/#breadcrumb","itemListElement":[{"@type":"ListItem","position":1,"name":"Inicio","item":"https:\/\/www.cetys.mx\/noticias\/"},{"@type":"ListItem","position":2,"name":"CETYS Tijuana impulsa la vinculaci\u00f3n profesional con la Expo Pr\u00e1cticas 2025"}]},{"@type":"WebSite","@id":"https:\/\/www.cetys.mx\/noticias\/#website","url":"https:\/\/www.cetys.mx\/noticias\/","name":"CETYS","description":"","potentialAction":[{"@type":"SearchAction","target":{"@type":"EntryPoint","urlTemplate":"https:\/\/www.cetys.mx\/noticias\/?s={search_term_string}"},"query-input":{"@type":"PropertyValueSpecification","valueRequired":true,"valueName":"search_term_string"}}],"inLanguage":"es"},{"@type":"Person","@id":"https:\/\/www.cetys.mx\/noticias\/#\/schema\/person\/e790051ce60e18ae47cfa87011c8653f","name":"Campus Tijuana","url":"https:\/\/www.cetys.mx\/noticias\/author\/campustijuana\/"}]}},"_links":{"self":[{"href":"https:\/\/www.cetys.mx\/noticias\/wp-json\/wp\/v2\/posts\/217007","targetHints":{"allow":["GET"]}}],"collection":[{"href":"https:\/\/www.cetys.mx\/noticias\/wp-json\/wp\/v2\/posts"}],"about":[{"href":"https:\/\/www.cetys.mx\/noticias\/wp-json\/wp\/v2\/types\/post"}],"author":[{"embeddable":true,"href":"https:\/\/www.cetys.mx\/noticias\/wp-json\/wp\/v2\/users\/24"}],"replies":[{"embeddable":true,"href":"https:\/\/www.cetys.mx\/noticias\/wp-json\/wp\/v2\/comments?post=217007"}],"version-history":[{"count":1,"href":"https:\/\/www.cetys.mx\/noticias\/wp-json\/wp\/v2\/posts\/217007\/revisions"}],"predecessor-version":[{"id":217044,"href":"https:\/\/www.cetys.mx\/noticias\/wp-json\/wp\/v2\/posts\/217007\/revisions\/217044"}],"wp:featuredmedia":[{"embeddable":true,"href":"https:\/\/www.cetys.mx\/noticias\/wp-json\/wp\/v2\/media\/217041"}],"wp:attachment":[{"href":"https:\/\/www.cetys.mx\/noticias\/wp-json\/wp\/v2\/media?parent=217007"}],"wp:term":[{"taxonomy":"category","embeddable":true,"href":"https:\/\/www.cetys.mx\/noticias\/wp-json\/wp\/v2\/categories?post=217007"},{"taxonomy":"post_tag","embeddable":true,"href":"https:\/\/www.cetys.mx\/noticias\/wp-json\/wp\/v2\/tags?post=217007"}],"curies":[{"name":"wp","href":"https:\/\/api.w.org\/{rel}","templated":true}]}}