{"id":216772,"date":"2025-10-03T10:57:11","date_gmt":"2025-10-03T17:57:11","guid":{"rendered":"https:\/\/www.cetys.mx\/noticias\/?p=216772"},"modified":"2025-10-08T16:27:29","modified_gmt":"2025-10-08T23:27:29","slug":"celebro-cladea-su-60-congreso-internacional-con-vision-binacional-en-cetys-tijuana","status":"publish","type":"post","link":"https:\/\/www.cetys.mx\/noticias\/celebro-cladea-su-60-congreso-internacional-con-vision-binacional-en-cetys-tijuana\/","title":{"rendered":"Celebr\u00f3 CLADEA su 60\u00b0 Congreso Internacional con visi\u00f3n binacional en CETYS Tijuana"},"content":{"rendered":"<p align=\"justify\">El Consejo Latinoamericano de Escuelas de Administraci\u00f3n (<span class=\"il\">CLADEA<\/span>) dio inicio formal a su 60\u00b0 Congreso Internacional, que por primera vez se celebra de manera binacional en Tijuana, M\u00e9xico, y San Diego, Estados Unidos, bajo el lema \u201cHorizontes \u00danicos: Reimaginando la Educaci\u00f3n a trav\u00e9s de una Visi\u00f3n sin Fronteras\u201d, siendo CETYS Universidad Campus Tijuana su sede conmemorativa.<\/p>\n<p align=\"justify\">El evento re\u00fane a representantes de 22 pa\u00edses, principalmente de Am\u00e9rica Latina, con el objetivo de reflexionar sobre la innovaci\u00f3n educativa, la internacionalizaci\u00f3n y la construcci\u00f3n de redes de colaboraci\u00f3n global.<\/p>\n<p align=\"justify\">La conferencia magistral \u201cEl papel de los l\u00edderes en la promoci\u00f3n y el fomento de la internacionalizaci\u00f3n\u201d, estuvo a cargo del Dr. Fernando Le\u00f3n Garc\u00eda, Rector del Sistema CETYS Universidad, quien subray\u00f3 la relevancia de la colaboraci\u00f3n con Estados Unidos y la importancia de posicionar a Latinoam\u00e9rica en el escenario global, a pesar de los retos actuales.<\/p>\n<div class=\"gallery-slider-wrapper gallery-1\">\n                        <div class=\"gallery-slider\" itemscope itemtype=\"http:\/\/schema.org\/ImageGallery\"><figure class=\"slide\" itemprop=\"associatedMedia\" itemscope itemtype=\"http:\/\/schema.org\/ImageObject\">\n                    <a itemprop=\"contentUrl\" href=\"https:\/\/www.cetys.mx\/noticias\/wp-content\/uploads\/2025\/10\/60-congreso-internacional-CLADEA-en-CETYS-3.png\">\n                        <img decoding=\"async\" itemprop=\"thumbnail\" class=\"lazyOwl\" src=\"https:\/\/www.cetys.mx\/noticias\/wp-content\/plugins\/jmagz-plugin\/assets\/placeholder\/900x450.png\" data-src=\"https:\/\/www.cetys.mx\/noticias\/wp-content\/uploads\/2025\/10\/60-congreso-internacional-CLADEA-en-CETYS-3.png\" alt=\"60 congreso internacional CLADEA en CETYS (3)\">\n                    <\/a>\n                    <figcaption itemprop=\"caption description\" class=\"slide-caption\">\n                        \n                    <\/figcaption>\n                <\/figure><figure class=\"slide\" itemprop=\"associatedMedia\" itemscope itemtype=\"http:\/\/schema.org\/ImageObject\">\n                    <a itemprop=\"contentUrl\" href=\"https:\/\/www.cetys.mx\/noticias\/wp-content\/uploads\/2025\/10\/60-congreso-internacional-CLADEA-en-CETYS-6.png\">\n                        <img decoding=\"async\" itemprop=\"thumbnail\" class=\"lazyOwl\" src=\"https:\/\/www.cetys.mx\/noticias\/wp-content\/plugins\/jmagz-plugin\/assets\/placeholder\/900x450.png\" data-src=\"https:\/\/www.cetys.mx\/noticias\/wp-content\/uploads\/2025\/10\/60-congreso-internacional-CLADEA-en-CETYS-6.png\" alt=\"60 congreso internacional CLADEA en CETYS (6)\">\n                    <\/a>\n                    <figcaption itemprop=\"caption description\" class=\"slide-caption\">\n                        \n                    <\/figcaption>\n                <\/figure><figure class=\"slide\" itemprop=\"associatedMedia\" itemscope itemtype=\"http:\/\/schema.org\/ImageObject\">\n                    <a itemprop=\"contentUrl\" href=\"https:\/\/www.cetys.mx\/noticias\/wp-content\/uploads\/2025\/10\/60-congreso-internacional-CLADEA-en-CETYS-2.png\">\n                        <img decoding=\"async\" itemprop=\"thumbnail\" class=\"lazyOwl\" src=\"https:\/\/www.cetys.mx\/noticias\/wp-content\/plugins\/jmagz-plugin\/assets\/placeholder\/900x450.png\" data-src=\"https:\/\/www.cetys.mx\/noticias\/wp-content\/uploads\/2025\/10\/60-congreso-internacional-CLADEA-en-CETYS-2.png\" alt=\"60 congreso internacional CLADEA en CETYS (2)\">\n                    <\/a>\n                    <figcaption itemprop=\"caption description\" class=\"slide-caption\">\n                        \n                    <\/figcaption>\n                <\/figure><figure class=\"slide\" itemprop=\"associatedMedia\" itemscope itemtype=\"http:\/\/schema.org\/ImageObject\">\n                    <a itemprop=\"contentUrl\" href=\"https:\/\/www.cetys.mx\/noticias\/wp-content\/uploads\/2025\/10\/60-congreso-internacional-CLADEA-en-CETYS-5.png\">\n                        <img decoding=\"async\" itemprop=\"thumbnail\" class=\"lazyOwl\" src=\"https:\/\/www.cetys.mx\/noticias\/wp-content\/plugins\/jmagz-plugin\/assets\/placeholder\/900x450.png\" data-src=\"https:\/\/www.cetys.mx\/noticias\/wp-content\/uploads\/2025\/10\/60-congreso-internacional-CLADEA-en-CETYS-5.png\" alt=\"60 congreso internacional CLADEA en CETYS (5)\">\n                    <\/a>\n                    <figcaption itemprop=\"caption description\" class=\"slide-caption\">\n                        \n                    <\/figcaption>\n                <\/figure><figure class=\"slide\" itemprop=\"associatedMedia\" itemscope itemtype=\"http:\/\/schema.org\/ImageObject\">\n                    <a itemprop=\"contentUrl\" href=\"https:\/\/www.cetys.mx\/noticias\/wp-content\/uploads\/2025\/10\/60-congreso-internacional-CLADEA-en-CETYS-4.png\">\n                        <img decoding=\"async\" itemprop=\"thumbnail\" class=\"lazyOwl\" src=\"https:\/\/www.cetys.mx\/noticias\/wp-content\/plugins\/jmagz-plugin\/assets\/placeholder\/900x450.png\" data-src=\"https:\/\/www.cetys.mx\/noticias\/wp-content\/uploads\/2025\/10\/60-congreso-internacional-CLADEA-en-CETYS-4.png\" alt=\"60 congreso internacional CLADEA en CETYS (4)\">\n                    <\/a>\n                    <figcaption itemprop=\"caption description\" class=\"slide-caption\">\n                        \n                    <\/figcaption>\n                <\/figure><figure class=\"slide\" itemprop=\"associatedMedia\" itemscope itemtype=\"http:\/\/schema.org\/ImageObject\">\n                    <a itemprop=\"contentUrl\" href=\"https:\/\/www.cetys.mx\/noticias\/wp-content\/uploads\/2025\/10\/60-congreso-internacional-CLADEA-en-CETYS.png\">\n                        <img decoding=\"async\" itemprop=\"thumbnail\" class=\"lazyOwl\" src=\"https:\/\/www.cetys.mx\/noticias\/wp-content\/plugins\/jmagz-plugin\/assets\/placeholder\/900x450.png\" data-src=\"https:\/\/www.cetys.mx\/noticias\/wp-content\/uploads\/2025\/10\/60-congreso-internacional-CLADEA-en-CETYS.png\" alt=\"60 congreso internacional CLADEA en CETYS\">\n                    <\/a>\n                    <figcaption itemprop=\"caption description\" class=\"slide-caption\">\n                        \n                    <\/figcaption>\n                <\/figure><\/div>\n                <div class=\"gallery-slider-thumbnail-wrapper\">\n                    <div class=\"gallery-slider-thumbnail\"><div class=\"slide-thumbnail\"><img decoding=\"async\" class=\"lazyOwl\" src=\"https:\/\/www.cetys.mx\/noticias\/wp-content\/plugins\/jmagz-plugin\/assets\/placeholder\/150x75.png\" data-src=\"https:\/\/www.cetys.mx\/noticias\/wp-content\/uploads\/2025\/10\/60-congreso-internacional-CLADEA-en-CETYS-3.png\" alt=\"60 congreso internacional CLADEA en CETYS (3)\"><\/div><div class=\"slide-thumbnail\"><img decoding=\"async\" class=\"lazyOwl\" src=\"https:\/\/www.cetys.mx\/noticias\/wp-content\/plugins\/jmagz-plugin\/assets\/placeholder\/150x75.png\" data-src=\"https:\/\/www.cetys.mx\/noticias\/wp-content\/uploads\/2025\/10\/60-congreso-internacional-CLADEA-en-CETYS-6.png\" alt=\"60 congreso internacional CLADEA en CETYS (6)\"><\/div><div class=\"slide-thumbnail\"><img decoding=\"async\" class=\"lazyOwl\" src=\"https:\/\/www.cetys.mx\/noticias\/wp-content\/plugins\/jmagz-plugin\/assets\/placeholder\/150x75.png\" data-src=\"https:\/\/www.cetys.mx\/noticias\/wp-content\/uploads\/2025\/10\/60-congreso-internacional-CLADEA-en-CETYS-2.png\" alt=\"60 congreso internacional CLADEA en CETYS (2)\"><\/div><div class=\"slide-thumbnail\"><img decoding=\"async\" class=\"lazyOwl\" src=\"https:\/\/www.cetys.mx\/noticias\/wp-content\/plugins\/jmagz-plugin\/assets\/placeholder\/150x75.png\" data-src=\"https:\/\/www.cetys.mx\/noticias\/wp-content\/uploads\/2025\/10\/60-congreso-internacional-CLADEA-en-CETYS-5.png\" alt=\"60 congreso internacional CLADEA en CETYS (5)\"><\/div><div class=\"slide-thumbnail\"><img decoding=\"async\" class=\"lazyOwl\" src=\"https:\/\/www.cetys.mx\/noticias\/wp-content\/plugins\/jmagz-plugin\/assets\/placeholder\/150x75.png\" data-src=\"https:\/\/www.cetys.mx\/noticias\/wp-content\/uploads\/2025\/10\/60-congreso-internacional-CLADEA-en-CETYS-4.png\" alt=\"60 congreso internacional CLADEA en CETYS (4)\"><\/div><div class=\"slide-thumbnail\"><img decoding=\"async\" class=\"lazyOwl\" src=\"https:\/\/www.cetys.mx\/noticias\/wp-content\/plugins\/jmagz-plugin\/assets\/placeholder\/150x75.png\" data-src=\"https:\/\/www.cetys.mx\/noticias\/wp-content\/uploads\/2025\/10\/60-congreso-internacional-CLADEA-en-CETYS.png\" alt=\"60 congreso internacional CLADEA en CETYS\"><\/div><\/div><\/div><\/div>\n<p align=\"justify\">\u201cLas organizaciones exitosas se unen por una misi\u00f3n y visi\u00f3n claras, una agenda relevante para sus miembros y, crucialmente, continuidad en el prop\u00f3sito. La Experiencia Binacional CaliBaja destaca la din\u00e1mica \u00fanica de la regi\u00f3n fronteriza entre Tijuana y San Diego (referida como Sandijuana) y la mega regi\u00f3n CaliBaja (Valle Imperial-Mexicali), una de las econom\u00edas m\u00e1s importantes a nivel mundial\u201d, reflexion\u00f3 durante su participaci\u00f3n el Dr. Fernando Le\u00f3n Garc\u00eda.<\/p>\n<p align=\"justify\">En este marco, la Dra. M\u00f3nica L\u00f3pez Sieben, Directora de la Graduate School of Business de CETYS Universidad y presidenta saliente de\u00a0<span class=\"il\">CLADEA<\/span>, destac\u00f3 que encuentros como\u00a0<span class=\"il\">CLADEA<\/span>\u00a0permiten fomentar contactos, alianzas estrat\u00e9gicas y aprovechar la experiencia para volver con muchos contactos y muchas alianzas estrat\u00e9gicas realizadas.<\/p>\n<p align=\"justify\">Por parte de University of San Diego, el acad\u00e9mico Richard Joseph se\u00f1al\u00f3 que \u201ccomo educadores de negocios, se debe reafirmar el compromiso con la ense\u00f1anza \u00edntegra, la creaci\u00f3n de conocimiento a trav\u00e9s del debate constructivo, el respeto cultural, la tolerancia de opiniones opuestas, la innovaci\u00f3n mediante la libre investigaci\u00f3n y la b\u00fasqueda de la verdad\u201d.<\/p>\n<p align=\"justify\">La inauguraci\u00f3n oficial estuvo a cargo de la Mtra. Irma Mart\u00ednez Manr\u00edquez, Secretaria de Educaci\u00f3n de Baja California, en compa\u00f1\u00eda de directivos y acad\u00e9micos de CETYS Universidad y de San Diego University, coorganizadores de esta edici\u00f3n.<\/p>\n<p align=\"justify\">\u201cYa no basta con ense\u00f1ar las herramientas de la administraci\u00f3n, ahora nuestro verdadero desaf\u00edo y nuestra gran oportunidad es formar l\u00edderes, pero l\u00edderes no cualquier l\u00edder, debemos de tener l\u00edderes con visi\u00f3n global, mentes sin fronteras, pero sobre todo muy comprometidos con el impacto social y ambiental. Nuestras escuelas de administraci\u00f3n deben ser las pioneras en esta transformaci\u00f3n\u201d, se\u00f1al\u00f3 la Mtra. Irma en representaci\u00f3n del Gobierno del Estado de Baja California.<\/p>\n<p align=\"justify\">El 60\u00b0 Congreso Internacional\u00a0<span class=\"il\">CLADEA<\/span>\u00a0continu\u00f3 sus actividades en Tijuana hasta el mi\u00e9rcoles 1 de octubre,\u00a0 posteriormente se traslad\u00f3 a San Diego, California, donde concluy\u00f3 el viernes 3 de octubre.<\/p>\n<p>&nbsp;<\/p>\n","protected":false},"excerpt":{"rendered":"<p>El Consejo Latinoamericano de Escuelas de Administraci\u00f3n (CLADEA) dio inicio formal a su 60\u00b0 Congreso Internacional, que por primera vez se celebra&#8230;<\/p>\n","protected":false},"author":24,"featured_media":216776,"comment_status":"open","ping_status":"closed","sticky":false,"template":"","format":"standard","meta":{"footnotes":""},"categories":[209,125],"tags":[],"class_list":["post-216772","post","type-post","status-publish","format-standard","has-post-thumbnail","hentry","category-institucional","category-portada"],"yoast_head":"<!-- This site is optimized with the Yoast SEO plugin v27.4 - https:\/\/yoast.com\/product\/yoast-seo-wordpress\/ -->\n<title>Celebr\u00f3 CLADEA su 60\u00b0 Congreso Internacional con visi\u00f3n binacional en CETYS Tijuana - CETYS<\/title>\n<meta name=\"description\" content=\"Articulo sobre Celebr\u00f3 CLADEA su 60\u00b0 Congreso Internacional con visi\u00f3n binacional en CETYS Tijuana\" \/>\n<meta name=\"robots\" content=\"index, follow, max-snippet:-1, max-image-preview:large, max-video-preview:-1\" \/>\n<link rel=\"canonical\" href=\"https:\/\/www.cetys.mx\/noticias\/celebro-cladea-su-60-congreso-internacional-con-vision-binacional-en-cetys-tijuana\/\" \/>\n<meta property=\"og:locale\" content=\"es_MX\" \/>\n<meta property=\"og:type\" content=\"article\" \/>\n<meta property=\"og:title\" content=\"Celebr\u00f3 CLADEA su 60\u00b0 Congreso Internacional con visi\u00f3n binacional en CETYS Tijuana - CETYS\" \/>\n<meta property=\"og:description\" content=\"Articulo sobre Celebr\u00f3 CLADEA su 60\u00b0 Congreso Internacional con visi\u00f3n binacional en CETYS Tijuana\" \/>\n<meta property=\"og:url\" content=\"https:\/\/www.cetys.mx\/noticias\/celebro-cladea-su-60-congreso-internacional-con-vision-binacional-en-cetys-tijuana\/\" \/>\n<meta property=\"og:site_name\" content=\"CETYS\" \/>\n<meta property=\"article:publisher\" content=\"https:\/\/www.facebook.com\/cetysuniversidadmxl\/\" \/>\n<meta property=\"article:published_time\" content=\"2025-10-03T17:57:11+00:00\" \/>\n<meta property=\"article:modified_time\" content=\"2025-10-08T23:27:29+00:00\" \/>\n<meta property=\"og:image\" content=\"https:\/\/www.cetys.mx\/noticias\/wp-content\/uploads\/2025\/10\/CLADEA-en-CETYS-Tijuana.png\" \/>\n\t<meta property=\"og:image:width\" content=\"958\" \/>\n\t<meta property=\"og:image:height\" content=\"637\" \/>\n\t<meta property=\"og:image:type\" content=\"image\/png\" \/>\n<meta name=\"author\" content=\"Campus Tijuana\" \/>\n<meta name=\"twitter:card\" content=\"summary_large_image\" \/>\n<meta name=\"twitter:creator\" content=\"@cetysuni\" \/>\n<meta name=\"twitter:site\" content=\"@cetysuni\" \/>\n<meta name=\"twitter:label1\" content=\"Escrito por\" \/>\n\t<meta name=\"twitter:data1\" content=\"Campus Tijuana\" \/>\n\t<meta name=\"twitter:label2\" content=\"Tiempo de lectura\" \/>\n\t<meta name=\"twitter:data2\" content=\"3 minutos\" \/>\n<script type=\"application\/ld+json\" class=\"yoast-schema-graph\">{\"@context\":\"https:\\\/\\\/schema.org\",\"@graph\":[{\"@type\":\"Article\",\"@id\":\"https:\\\/\\\/www.cetys.mx\\\/noticias\\\/celebro-cladea-su-60-congreso-internacional-con-vision-binacional-en-cetys-tijuana\\\/#article\",\"isPartOf\":{\"@id\":\"https:\\\/\\\/www.cetys.mx\\\/noticias\\\/celebro-cladea-su-60-congreso-internacional-con-vision-binacional-en-cetys-tijuana\\\/\"},\"author\":{\"name\":\"Campus Tijuana\",\"@id\":\"https:\\\/\\\/www.cetys.mx\\\/noticias\\\/#\\\/schema\\\/person\\\/e790051ce60e18ae47cfa87011c8653f\"},\"headline\":\"Celebr\u00f3 CLADEA su 60\u00b0 Congreso Internacional con visi\u00f3n binacional en CETYS Tijuana\",\"datePublished\":\"2025-10-03T17:57:11+00:00\",\"dateModified\":\"2025-10-08T23:27:29+00:00\",\"mainEntityOfPage\":{\"@id\":\"https:\\\/\\\/www.cetys.mx\\\/noticias\\\/celebro-cladea-su-60-congreso-internacional-con-vision-binacional-en-cetys-tijuana\\\/\"},\"wordCount\":528,\"commentCount\":0,\"image\":{\"@id\":\"https:\\\/\\\/www.cetys.mx\\\/noticias\\\/celebro-cladea-su-60-congreso-internacional-con-vision-binacional-en-cetys-tijuana\\\/#primaryimage\"},\"thumbnailUrl\":\"https:\\\/\\\/www.cetys.mx\\\/noticias\\\/wp-content\\\/uploads\\\/2025\\\/10\\\/CLADEA-en-CETYS-Tijuana.png\",\"articleSection\":[\"Institucional\",\"Portada\"],\"inLanguage\":\"es\",\"potentialAction\":[{\"@type\":\"CommentAction\",\"name\":\"Comment\",\"target\":[\"https:\\\/\\\/www.cetys.mx\\\/noticias\\\/celebro-cladea-su-60-congreso-internacional-con-vision-binacional-en-cetys-tijuana\\\/#respond\"]}]},{\"@type\":\"WebPage\",\"@id\":\"https:\\\/\\\/www.cetys.mx\\\/noticias\\\/celebro-cladea-su-60-congreso-internacional-con-vision-binacional-en-cetys-tijuana\\\/\",\"url\":\"https:\\\/\\\/www.cetys.mx\\\/noticias\\\/celebro-cladea-su-60-congreso-internacional-con-vision-binacional-en-cetys-tijuana\\\/\",\"name\":\"Celebr\u00f3 CLADEA su 60\u00b0 Congreso Internacional con visi\u00f3n binacional en CETYS Tijuana - CETYS\",\"isPartOf\":{\"@id\":\"https:\\\/\\\/www.cetys.mx\\\/noticias\\\/#website\"},\"primaryImageOfPage\":{\"@id\":\"https:\\\/\\\/www.cetys.mx\\\/noticias\\\/celebro-cladea-su-60-congreso-internacional-con-vision-binacional-en-cetys-tijuana\\\/#primaryimage\"},\"image\":{\"@id\":\"https:\\\/\\\/www.cetys.mx\\\/noticias\\\/celebro-cladea-su-60-congreso-internacional-con-vision-binacional-en-cetys-tijuana\\\/#primaryimage\"},\"thumbnailUrl\":\"https:\\\/\\\/www.cetys.mx\\\/noticias\\\/wp-content\\\/uploads\\\/2025\\\/10\\\/CLADEA-en-CETYS-Tijuana.png\",\"datePublished\":\"2025-10-03T17:57:11+00:00\",\"dateModified\":\"2025-10-08T23:27:29+00:00\",\"author\":{\"@id\":\"https:\\\/\\\/www.cetys.mx\\\/noticias\\\/#\\\/schema\\\/person\\\/e790051ce60e18ae47cfa87011c8653f\"},\"description\":\"Articulo sobre Celebr\u00f3 CLADEA su 60\u00b0 Congreso Internacional con visi\u00f3n binacional en CETYS Tijuana\",\"breadcrumb\":{\"@id\":\"https:\\\/\\\/www.cetys.mx\\\/noticias\\\/celebro-cladea-su-60-congreso-internacional-con-vision-binacional-en-cetys-tijuana\\\/#breadcrumb\"},\"inLanguage\":\"es\",\"potentialAction\":[{\"@type\":\"ReadAction\",\"target\":[\"https:\\\/\\\/www.cetys.mx\\\/noticias\\\/celebro-cladea-su-60-congreso-internacional-con-vision-binacional-en-cetys-tijuana\\\/\"]}]},{\"@type\":\"ImageObject\",\"inLanguage\":\"es\",\"@id\":\"https:\\\/\\\/www.cetys.mx\\\/noticias\\\/celebro-cladea-su-60-congreso-internacional-con-vision-binacional-en-cetys-tijuana\\\/#primaryimage\",\"url\":\"https:\\\/\\\/www.cetys.mx\\\/noticias\\\/wp-content\\\/uploads\\\/2025\\\/10\\\/CLADEA-en-CETYS-Tijuana.png\",\"contentUrl\":\"https:\\\/\\\/www.cetys.mx\\\/noticias\\\/wp-content\\\/uploads\\\/2025\\\/10\\\/CLADEA-en-CETYS-Tijuana.png\",\"width\":958,\"height\":637},{\"@type\":\"BreadcrumbList\",\"@id\":\"https:\\\/\\\/www.cetys.mx\\\/noticias\\\/celebro-cladea-su-60-congreso-internacional-con-vision-binacional-en-cetys-tijuana\\\/#breadcrumb\",\"itemListElement\":[{\"@type\":\"ListItem\",\"position\":1,\"name\":\"Inicio\",\"item\":\"https:\\\/\\\/www.cetys.mx\\\/noticias\\\/\"},{\"@type\":\"ListItem\",\"position\":2,\"name\":\"Celebr\u00f3 CLADEA su 60\u00b0 Congreso Internacional con visi\u00f3n binacional en CETYS Tijuana\"}]},{\"@type\":\"WebSite\",\"@id\":\"https:\\\/\\\/www.cetys.mx\\\/noticias\\\/#website\",\"url\":\"https:\\\/\\\/www.cetys.mx\\\/noticias\\\/\",\"name\":\"CETYS\",\"description\":\"\",\"potentialAction\":[{\"@type\":\"SearchAction\",\"target\":{\"@type\":\"EntryPoint\",\"urlTemplate\":\"https:\\\/\\\/www.cetys.mx\\\/noticias\\\/?s={search_term_string}\"},\"query-input\":{\"@type\":\"PropertyValueSpecification\",\"valueRequired\":true,\"valueName\":\"search_term_string\"}}],\"inLanguage\":\"es\"},{\"@type\":\"Person\",\"@id\":\"https:\\\/\\\/www.cetys.mx\\\/noticias\\\/#\\\/schema\\\/person\\\/e790051ce60e18ae47cfa87011c8653f\",\"name\":\"Campus Tijuana\",\"url\":\"https:\\\/\\\/www.cetys.mx\\\/noticias\\\/author\\\/campustijuana\\\/\"}]}<\/script>\n<!-- \/ Yoast SEO plugin. -->","yoast_head_json":{"title":"Celebr\u00f3 CLADEA su 60\u00b0 Congreso Internacional con visi\u00f3n binacional en CETYS Tijuana - CETYS","description":"Articulo sobre Celebr\u00f3 CLADEA su 60\u00b0 Congreso Internacional con visi\u00f3n binacional en CETYS Tijuana","robots":{"index":"index","follow":"follow","max-snippet":"max-snippet:-1","max-image-preview":"max-image-preview:large","max-video-preview":"max-video-preview:-1"},"canonical":"https:\/\/www.cetys.mx\/noticias\/celebro-cladea-su-60-congreso-internacional-con-vision-binacional-en-cetys-tijuana\/","og_locale":"es_MX","og_type":"article","og_title":"Celebr\u00f3 CLADEA su 60\u00b0 Congreso Internacional con visi\u00f3n binacional en CETYS Tijuana - CETYS","og_description":"Articulo sobre Celebr\u00f3 CLADEA su 60\u00b0 Congreso Internacional con visi\u00f3n binacional en CETYS Tijuana","og_url":"https:\/\/www.cetys.mx\/noticias\/celebro-cladea-su-60-congreso-internacional-con-vision-binacional-en-cetys-tijuana\/","og_site_name":"CETYS","article_publisher":"https:\/\/www.facebook.com\/cetysuniversidadmxl\/","article_published_time":"2025-10-03T17:57:11+00:00","article_modified_time":"2025-10-08T23:27:29+00:00","og_image":[{"width":958,"height":637,"url":"https:\/\/www.cetys.mx\/noticias\/wp-content\/uploads\/2025\/10\/CLADEA-en-CETYS-Tijuana.png","type":"image\/png"}],"author":"Campus Tijuana","twitter_card":"summary_large_image","twitter_creator":"@cetysuni","twitter_site":"@cetysuni","twitter_misc":{"Escrito por":"Campus Tijuana","Tiempo de lectura":"3 minutos"},"schema":{"@context":"https:\/\/schema.org","@graph":[{"@type":"Article","@id":"https:\/\/www.cetys.mx\/noticias\/celebro-cladea-su-60-congreso-internacional-con-vision-binacional-en-cetys-tijuana\/#article","isPartOf":{"@id":"https:\/\/www.cetys.mx\/noticias\/celebro-cladea-su-60-congreso-internacional-con-vision-binacional-en-cetys-tijuana\/"},"author":{"name":"Campus Tijuana","@id":"https:\/\/www.cetys.mx\/noticias\/#\/schema\/person\/e790051ce60e18ae47cfa87011c8653f"},"headline":"Celebr\u00f3 CLADEA su 60\u00b0 Congreso Internacional con visi\u00f3n binacional en CETYS Tijuana","datePublished":"2025-10-03T17:57:11+00:00","dateModified":"2025-10-08T23:27:29+00:00","mainEntityOfPage":{"@id":"https:\/\/www.cetys.mx\/noticias\/celebro-cladea-su-60-congreso-internacional-con-vision-binacional-en-cetys-tijuana\/"},"wordCount":528,"commentCount":0,"image":{"@id":"https:\/\/www.cetys.mx\/noticias\/celebro-cladea-su-60-congreso-internacional-con-vision-binacional-en-cetys-tijuana\/#primaryimage"},"thumbnailUrl":"https:\/\/www.cetys.mx\/noticias\/wp-content\/uploads\/2025\/10\/CLADEA-en-CETYS-Tijuana.png","articleSection":["Institucional","Portada"],"inLanguage":"es","potentialAction":[{"@type":"CommentAction","name":"Comment","target":["https:\/\/www.cetys.mx\/noticias\/celebro-cladea-su-60-congreso-internacional-con-vision-binacional-en-cetys-tijuana\/#respond"]}]},{"@type":"WebPage","@id":"https:\/\/www.cetys.mx\/noticias\/celebro-cladea-su-60-congreso-internacional-con-vision-binacional-en-cetys-tijuana\/","url":"https:\/\/www.cetys.mx\/noticias\/celebro-cladea-su-60-congreso-internacional-con-vision-binacional-en-cetys-tijuana\/","name":"Celebr\u00f3 CLADEA su 60\u00b0 Congreso Internacional con visi\u00f3n binacional en CETYS Tijuana - CETYS","isPartOf":{"@id":"https:\/\/www.cetys.mx\/noticias\/#website"},"primaryImageOfPage":{"@id":"https:\/\/www.cetys.mx\/noticias\/celebro-cladea-su-60-congreso-internacional-con-vision-binacional-en-cetys-tijuana\/#primaryimage"},"image":{"@id":"https:\/\/www.cetys.mx\/noticias\/celebro-cladea-su-60-congreso-internacional-con-vision-binacional-en-cetys-tijuana\/#primaryimage"},"thumbnailUrl":"https:\/\/www.cetys.mx\/noticias\/wp-content\/uploads\/2025\/10\/CLADEA-en-CETYS-Tijuana.png","datePublished":"2025-10-03T17:57:11+00:00","dateModified":"2025-10-08T23:27:29+00:00","author":{"@id":"https:\/\/www.cetys.mx\/noticias\/#\/schema\/person\/e790051ce60e18ae47cfa87011c8653f"},"description":"Articulo sobre Celebr\u00f3 CLADEA su 60\u00b0 Congreso Internacional con visi\u00f3n binacional en CETYS Tijuana","breadcrumb":{"@id":"https:\/\/www.cetys.mx\/noticias\/celebro-cladea-su-60-congreso-internacional-con-vision-binacional-en-cetys-tijuana\/#breadcrumb"},"inLanguage":"es","potentialAction":[{"@type":"ReadAction","target":["https:\/\/www.cetys.mx\/noticias\/celebro-cladea-su-60-congreso-internacional-con-vision-binacional-en-cetys-tijuana\/"]}]},{"@type":"ImageObject","inLanguage":"es","@id":"https:\/\/www.cetys.mx\/noticias\/celebro-cladea-su-60-congreso-internacional-con-vision-binacional-en-cetys-tijuana\/#primaryimage","url":"https:\/\/www.cetys.mx\/noticias\/wp-content\/uploads\/2025\/10\/CLADEA-en-CETYS-Tijuana.png","contentUrl":"https:\/\/www.cetys.mx\/noticias\/wp-content\/uploads\/2025\/10\/CLADEA-en-CETYS-Tijuana.png","width":958,"height":637},{"@type":"BreadcrumbList","@id":"https:\/\/www.cetys.mx\/noticias\/celebro-cladea-su-60-congreso-internacional-con-vision-binacional-en-cetys-tijuana\/#breadcrumb","itemListElement":[{"@type":"ListItem","position":1,"name":"Inicio","item":"https:\/\/www.cetys.mx\/noticias\/"},{"@type":"ListItem","position":2,"name":"Celebr\u00f3 CLADEA su 60\u00b0 Congreso Internacional con visi\u00f3n binacional en CETYS Tijuana"}]},{"@type":"WebSite","@id":"https:\/\/www.cetys.mx\/noticias\/#website","url":"https:\/\/www.cetys.mx\/noticias\/","name":"CETYS","description":"","potentialAction":[{"@type":"SearchAction","target":{"@type":"EntryPoint","urlTemplate":"https:\/\/www.cetys.mx\/noticias\/?s={search_term_string}"},"query-input":{"@type":"PropertyValueSpecification","valueRequired":true,"valueName":"search_term_string"}}],"inLanguage":"es"},{"@type":"Person","@id":"https:\/\/www.cetys.mx\/noticias\/#\/schema\/person\/e790051ce60e18ae47cfa87011c8653f","name":"Campus Tijuana","url":"https:\/\/www.cetys.mx\/noticias\/author\/campustijuana\/"}]}},"_links":{"self":[{"href":"https:\/\/www.cetys.mx\/noticias\/wp-json\/wp\/v2\/posts\/216772","targetHints":{"allow":["GET"]}}],"collection":[{"href":"https:\/\/www.cetys.mx\/noticias\/wp-json\/wp\/v2\/posts"}],"about":[{"href":"https:\/\/www.cetys.mx\/noticias\/wp-json\/wp\/v2\/types\/post"}],"author":[{"embeddable":true,"href":"https:\/\/www.cetys.mx\/noticias\/wp-json\/wp\/v2\/users\/24"}],"replies":[{"embeddable":true,"href":"https:\/\/www.cetys.mx\/noticias\/wp-json\/wp\/v2\/comments?post=216772"}],"version-history":[{"count":2,"href":"https:\/\/www.cetys.mx\/noticias\/wp-json\/wp\/v2\/posts\/216772\/revisions"}],"predecessor-version":[{"id":216774,"href":"https:\/\/www.cetys.mx\/noticias\/wp-json\/wp\/v2\/posts\/216772\/revisions\/216774"}],"wp:featuredmedia":[{"embeddable":true,"href":"https:\/\/www.cetys.mx\/noticias\/wp-json\/wp\/v2\/media\/216776"}],"wp:attachment":[{"href":"https:\/\/www.cetys.mx\/noticias\/wp-json\/wp\/v2\/media?parent=216772"}],"wp:term":[{"taxonomy":"category","embeddable":true,"href":"https:\/\/www.cetys.mx\/noticias\/wp-json\/wp\/v2\/categories?post=216772"},{"taxonomy":"post_tag","embeddable":true,"href":"https:\/\/www.cetys.mx\/noticias\/wp-json\/wp\/v2\/tags?post=216772"}],"curies":[{"name":"wp","href":"https:\/\/api.w.org\/{rel}","templated":true}]}}