{"id":216446,"date":"2025-09-30T10:58:59","date_gmt":"2025-09-30T17:58:59","guid":{"rendered":"https:\/\/www.cetys.mx\/noticias\/?p=216446"},"modified":"2025-09-30T10:58:59","modified_gmt":"2025-09-30T17:58:59","slug":"participan-estudiantes-de-cetys-en-el-evento-empowerment-academico-transversalidad-responsabilidad-social-e-innovacion","status":"publish","type":"post","link":"https:\/\/www.cetys.mx\/noticias\/participan-estudiantes-de-cetys-en-el-evento-empowerment-academico-transversalidad-responsabilidad-social-e-innovacion\/","title":{"rendered":"Participan estudiantes de CETYS en el evento &#8220;Empowerment Acad\u00e9mico Transversalidad, Responsabilidad Social e Innovaci\u00f3n\u201d"},"content":{"rendered":"<p><span style=\"font-weight: 400;\">En el marco del 10mo. Congreso de Universidades Promotoras de Salud se llev\u00f3 a cabo la actividad\u00a0 &#8220;Empowerment Acad\u00e9mico Transversalidad, Responsabilidad Social e Innovaci\u00f3n\u201d, que congreg\u00f3 a estudiantes de distintas universidades mexicanas, entre ellas la UACM, Universidad de las Californias, CETYS Universidad y Universidad del Pac\u00edfico. El objetivo fue generar un espacio de di\u00e1logo y trabajo colaborativo entre estudiantes universitarios para desarrollar propuestas de intervenci\u00f3n en materia de promoci\u00f3n de la salud, desde la inter y multidisciplinariedad en el marco del D\u00e9cimo Congreso Nacional de Universidades Promotoras de la Salud: \u201cTransversalidad, Responsabilidad Social e Innovaci\u00f3n\u201d.<\/span><\/p>\n<p><span style=\"font-weight: 400;\">De CETYS Universidad participaron los estudiantes Karen Ponce Urrea de Licenciatura en Psicolog\u00eda Organizacional y Miguel \u00c1ngel Rosales Mart\u00ednez de Licenciatura en Inteligencia de Negocios.<\/span><\/p>\n<p><span style=\"font-weight: 400;\">Los proyectos en los que se integraron los estudiantes fueron con la Organizaci\u00f3n Jard\u00edn de las Mariposas, ONG enfocada en apoyar a migrantes de la comunidad LGBTIQ+, y, en Teleflex, una empresa enfocada en la creaci\u00f3n de dispositivos para el cuidado de la salud.<\/span><\/p>\n","protected":false},"excerpt":{"rendered":"<p>En el marco del 10mo. Congreso de Universidades Promotoras de Salud se llev\u00f3 a cabo la actividad\u00a0 &#8220;Empowerment Acad\u00e9mico Transversalidad, Responsabilidad Social&#8230;<\/p>\n","protected":false},"author":26,"featured_media":216447,"comment_status":"open","ping_status":"closed","sticky":false,"template":"","format":"standard","meta":{"footnotes":""},"categories":[209,125],"tags":[],"class_list":["post-216446","post","type-post","status-publish","format-standard","has-post-thumbnail","hentry","category-institucional","category-portada"],"yoast_head":"<!-- This site is optimized with the Yoast SEO plugin v27.4 - https:\/\/yoast.com\/product\/yoast-seo-wordpress\/ -->\n<title>Participan estudiantes de CETYS en el evento &quot;Empowerment Acad\u00e9mico Transversalidad, Responsabilidad Social e Innovaci\u00f3n\u201d - CETYS<\/title>\n<meta name=\"description\" content=\"Articulo sobre Participan estudiantes de CETYS en el evento &quot;Empowerment Acad\u00e9mico Transversalidad, Responsabilidad Social e Innovaci\u00f3n\u201d\" \/>\n<meta name=\"robots\" content=\"index, follow, max-snippet:-1, max-image-preview:large, max-video-preview:-1\" \/>\n<link rel=\"canonical\" href=\"https:\/\/www.cetys.mx\/noticias\/participan-estudiantes-de-cetys-en-el-evento-empowerment-academico-transversalidad-responsabilidad-social-e-innovacion\/\" \/>\n<meta property=\"og:locale\" content=\"es_MX\" \/>\n<meta property=\"og:type\" content=\"article\" \/>\n<meta property=\"og:title\" content=\"Participan estudiantes de CETYS en el evento &quot;Empowerment Acad\u00e9mico Transversalidad, Responsabilidad Social e Innovaci\u00f3n\u201d - CETYS\" \/>\n<meta property=\"og:description\" content=\"Articulo sobre Participan estudiantes de CETYS en el evento &quot;Empowerment Acad\u00e9mico Transversalidad, Responsabilidad Social e Innovaci\u00f3n\u201d\" \/>\n<meta property=\"og:url\" content=\"https:\/\/www.cetys.mx\/noticias\/participan-estudiantes-de-cetys-en-el-evento-empowerment-academico-transversalidad-responsabilidad-social-e-innovacion\/\" \/>\n<meta property=\"og:site_name\" content=\"CETYS\" \/>\n<meta property=\"article:publisher\" content=\"https:\/\/www.facebook.com\/cetysuniversidadmxl\/\" \/>\n<meta property=\"article:published_time\" content=\"2025-09-30T17:58:59+00:00\" \/>\n<meta property=\"og:image\" content=\"https:\/\/www.cetys.mx\/noticias\/wp-content\/uploads\/2025\/09\/Encuentro-Estatal-de-Psicologia.jpg\" \/>\n\t<meta property=\"og:image:width\" content=\"958\" \/>\n\t<meta property=\"og:image:height\" content=\"637\" \/>\n\t<meta property=\"og:image:type\" content=\"image\/jpeg\" \/>\n<meta name=\"author\" content=\"CETYS Institucional\" \/>\n<meta name=\"twitter:card\" content=\"summary_large_image\" \/>\n<meta name=\"twitter:creator\" content=\"@cetysuni\" \/>\n<meta name=\"twitter:site\" content=\"@cetysuni\" \/>\n<meta name=\"twitter:label1\" content=\"Escrito por\" \/>\n\t<meta name=\"twitter:data1\" content=\"CETYS Institucional\" \/>\n\t<meta name=\"twitter:label2\" content=\"Tiempo de lectura\" \/>\n\t<meta name=\"twitter:data2\" content=\"1 minuto\" \/>\n<script type=\"application\/ld+json\" class=\"yoast-schema-graph\">{\"@context\":\"https:\\\/\\\/schema.org\",\"@graph\":[{\"@type\":\"Article\",\"@id\":\"https:\\\/\\\/www.cetys.mx\\\/noticias\\\/participan-estudiantes-de-cetys-en-el-evento-empowerment-academico-transversalidad-responsabilidad-social-e-innovacion\\\/#article\",\"isPartOf\":{\"@id\":\"https:\\\/\\\/www.cetys.mx\\\/noticias\\\/participan-estudiantes-de-cetys-en-el-evento-empowerment-academico-transversalidad-responsabilidad-social-e-innovacion\\\/\"},\"author\":{\"name\":\"CETYS Institucional\",\"@id\":\"https:\\\/\\\/www.cetys.mx\\\/noticias\\\/#\\\/schema\\\/person\\\/e9d2b35265b64aa454df57a2828eb2ac\"},\"headline\":\"Participan estudiantes de CETYS en el evento &#8220;Empowerment Acad\u00e9mico Transversalidad, Responsabilidad Social e Innovaci\u00f3n\u201d\",\"datePublished\":\"2025-09-30T17:58:59+00:00\",\"mainEntityOfPage\":{\"@id\":\"https:\\\/\\\/www.cetys.mx\\\/noticias\\\/participan-estudiantes-de-cetys-en-el-evento-empowerment-academico-transversalidad-responsabilidad-social-e-innovacion\\\/\"},\"wordCount\":193,\"commentCount\":0,\"image\":{\"@id\":\"https:\\\/\\\/www.cetys.mx\\\/noticias\\\/participan-estudiantes-de-cetys-en-el-evento-empowerment-academico-transversalidad-responsabilidad-social-e-innovacion\\\/#primaryimage\"},\"thumbnailUrl\":\"https:\\\/\\\/www.cetys.mx\\\/noticias\\\/wp-content\\\/uploads\\\/2025\\\/09\\\/Encuentro-Estatal-de-Psicologia.jpg\",\"articleSection\":[\"Institucional\",\"Portada\"],\"inLanguage\":\"es\",\"potentialAction\":[{\"@type\":\"CommentAction\",\"name\":\"Comment\",\"target\":[\"https:\\\/\\\/www.cetys.mx\\\/noticias\\\/participan-estudiantes-de-cetys-en-el-evento-empowerment-academico-transversalidad-responsabilidad-social-e-innovacion\\\/#respond\"]}]},{\"@type\":\"WebPage\",\"@id\":\"https:\\\/\\\/www.cetys.mx\\\/noticias\\\/participan-estudiantes-de-cetys-en-el-evento-empowerment-academico-transversalidad-responsabilidad-social-e-innovacion\\\/\",\"url\":\"https:\\\/\\\/www.cetys.mx\\\/noticias\\\/participan-estudiantes-de-cetys-en-el-evento-empowerment-academico-transversalidad-responsabilidad-social-e-innovacion\\\/\",\"name\":\"Participan estudiantes de CETYS en el evento \\\"Empowerment Acad\u00e9mico Transversalidad, Responsabilidad Social e Innovaci\u00f3n\u201d - CETYS\",\"isPartOf\":{\"@id\":\"https:\\\/\\\/www.cetys.mx\\\/noticias\\\/#website\"},\"primaryImageOfPage\":{\"@id\":\"https:\\\/\\\/www.cetys.mx\\\/noticias\\\/participan-estudiantes-de-cetys-en-el-evento-empowerment-academico-transversalidad-responsabilidad-social-e-innovacion\\\/#primaryimage\"},\"image\":{\"@id\":\"https:\\\/\\\/www.cetys.mx\\\/noticias\\\/participan-estudiantes-de-cetys-en-el-evento-empowerment-academico-transversalidad-responsabilidad-social-e-innovacion\\\/#primaryimage\"},\"thumbnailUrl\":\"https:\\\/\\\/www.cetys.mx\\\/noticias\\\/wp-content\\\/uploads\\\/2025\\\/09\\\/Encuentro-Estatal-de-Psicologia.jpg\",\"datePublished\":\"2025-09-30T17:58:59+00:00\",\"author\":{\"@id\":\"https:\\\/\\\/www.cetys.mx\\\/noticias\\\/#\\\/schema\\\/person\\\/e9d2b35265b64aa454df57a2828eb2ac\"},\"description\":\"Articulo sobre Participan estudiantes de CETYS en el evento \\\"Empowerment Acad\u00e9mico Transversalidad, Responsabilidad Social e Innovaci\u00f3n\u201d\",\"breadcrumb\":{\"@id\":\"https:\\\/\\\/www.cetys.mx\\\/noticias\\\/participan-estudiantes-de-cetys-en-el-evento-empowerment-academico-transversalidad-responsabilidad-social-e-innovacion\\\/#breadcrumb\"},\"inLanguage\":\"es\",\"potentialAction\":[{\"@type\":\"ReadAction\",\"target\":[\"https:\\\/\\\/www.cetys.mx\\\/noticias\\\/participan-estudiantes-de-cetys-en-el-evento-empowerment-academico-transversalidad-responsabilidad-social-e-innovacion\\\/\"]}]},{\"@type\":\"ImageObject\",\"inLanguage\":\"es\",\"@id\":\"https:\\\/\\\/www.cetys.mx\\\/noticias\\\/participan-estudiantes-de-cetys-en-el-evento-empowerment-academico-transversalidad-responsabilidad-social-e-innovacion\\\/#primaryimage\",\"url\":\"https:\\\/\\\/www.cetys.mx\\\/noticias\\\/wp-content\\\/uploads\\\/2025\\\/09\\\/Encuentro-Estatal-de-Psicologia.jpg\",\"contentUrl\":\"https:\\\/\\\/www.cetys.mx\\\/noticias\\\/wp-content\\\/uploads\\\/2025\\\/09\\\/Encuentro-Estatal-de-Psicologia.jpg\",\"width\":958,\"height\":637},{\"@type\":\"BreadcrumbList\",\"@id\":\"https:\\\/\\\/www.cetys.mx\\\/noticias\\\/participan-estudiantes-de-cetys-en-el-evento-empowerment-academico-transversalidad-responsabilidad-social-e-innovacion\\\/#breadcrumb\",\"itemListElement\":[{\"@type\":\"ListItem\",\"position\":1,\"name\":\"Inicio\",\"item\":\"https:\\\/\\\/www.cetys.mx\\\/noticias\\\/\"},{\"@type\":\"ListItem\",\"position\":2,\"name\":\"Participan estudiantes de CETYS en el evento &#8220;Empowerment Acad\u00e9mico Transversalidad, Responsabilidad Social e Innovaci\u00f3n\u201d\"}]},{\"@type\":\"WebSite\",\"@id\":\"https:\\\/\\\/www.cetys.mx\\\/noticias\\\/#website\",\"url\":\"https:\\\/\\\/www.cetys.mx\\\/noticias\\\/\",\"name\":\"CETYS\",\"description\":\"\",\"potentialAction\":[{\"@type\":\"SearchAction\",\"target\":{\"@type\":\"EntryPoint\",\"urlTemplate\":\"https:\\\/\\\/www.cetys.mx\\\/noticias\\\/?s={search_term_string}\"},\"query-input\":{\"@type\":\"PropertyValueSpecification\",\"valueRequired\":true,\"valueName\":\"search_term_string\"}}],\"inLanguage\":\"es\"},{\"@type\":\"Person\",\"@id\":\"https:\\\/\\\/www.cetys.mx\\\/noticias\\\/#\\\/schema\\\/person\\\/e9d2b35265b64aa454df57a2828eb2ac\",\"name\":\"CETYS Institucional\",\"url\":\"https:\\\/\\\/www.cetys.mx\\\/noticias\\\/author\\\/cetysinstitucional\\\/\"}]}<\/script>\n<!-- \/ Yoast SEO plugin. -->","yoast_head_json":{"title":"Participan estudiantes de CETYS en el evento \"Empowerment Acad\u00e9mico Transversalidad, Responsabilidad Social e Innovaci\u00f3n\u201d - CETYS","description":"Articulo sobre Participan estudiantes de CETYS en el evento \"Empowerment Acad\u00e9mico Transversalidad, Responsabilidad Social e Innovaci\u00f3n\u201d","robots":{"index":"index","follow":"follow","max-snippet":"max-snippet:-1","max-image-preview":"max-image-preview:large","max-video-preview":"max-video-preview:-1"},"canonical":"https:\/\/www.cetys.mx\/noticias\/participan-estudiantes-de-cetys-en-el-evento-empowerment-academico-transversalidad-responsabilidad-social-e-innovacion\/","og_locale":"es_MX","og_type":"article","og_title":"Participan estudiantes de CETYS en el evento \"Empowerment Acad\u00e9mico Transversalidad, Responsabilidad Social e Innovaci\u00f3n\u201d - CETYS","og_description":"Articulo sobre Participan estudiantes de CETYS en el evento \"Empowerment Acad\u00e9mico Transversalidad, Responsabilidad Social e Innovaci\u00f3n\u201d","og_url":"https:\/\/www.cetys.mx\/noticias\/participan-estudiantes-de-cetys-en-el-evento-empowerment-academico-transversalidad-responsabilidad-social-e-innovacion\/","og_site_name":"CETYS","article_publisher":"https:\/\/www.facebook.com\/cetysuniversidadmxl\/","article_published_time":"2025-09-30T17:58:59+00:00","og_image":[{"width":958,"height":637,"url":"https:\/\/www.cetys.mx\/noticias\/wp-content\/uploads\/2025\/09\/Encuentro-Estatal-de-Psicologia.jpg","type":"image\/jpeg"}],"author":"CETYS Institucional","twitter_card":"summary_large_image","twitter_creator":"@cetysuni","twitter_site":"@cetysuni","twitter_misc":{"Escrito por":"CETYS Institucional","Tiempo de lectura":"1 minuto"},"schema":{"@context":"https:\/\/schema.org","@graph":[{"@type":"Article","@id":"https:\/\/www.cetys.mx\/noticias\/participan-estudiantes-de-cetys-en-el-evento-empowerment-academico-transversalidad-responsabilidad-social-e-innovacion\/#article","isPartOf":{"@id":"https:\/\/www.cetys.mx\/noticias\/participan-estudiantes-de-cetys-en-el-evento-empowerment-academico-transversalidad-responsabilidad-social-e-innovacion\/"},"author":{"name":"CETYS Institucional","@id":"https:\/\/www.cetys.mx\/noticias\/#\/schema\/person\/e9d2b35265b64aa454df57a2828eb2ac"},"headline":"Participan estudiantes de CETYS en el evento &#8220;Empowerment Acad\u00e9mico Transversalidad, Responsabilidad Social e Innovaci\u00f3n\u201d","datePublished":"2025-09-30T17:58:59+00:00","mainEntityOfPage":{"@id":"https:\/\/www.cetys.mx\/noticias\/participan-estudiantes-de-cetys-en-el-evento-empowerment-academico-transversalidad-responsabilidad-social-e-innovacion\/"},"wordCount":193,"commentCount":0,"image":{"@id":"https:\/\/www.cetys.mx\/noticias\/participan-estudiantes-de-cetys-en-el-evento-empowerment-academico-transversalidad-responsabilidad-social-e-innovacion\/#primaryimage"},"thumbnailUrl":"https:\/\/www.cetys.mx\/noticias\/wp-content\/uploads\/2025\/09\/Encuentro-Estatal-de-Psicologia.jpg","articleSection":["Institucional","Portada"],"inLanguage":"es","potentialAction":[{"@type":"CommentAction","name":"Comment","target":["https:\/\/www.cetys.mx\/noticias\/participan-estudiantes-de-cetys-en-el-evento-empowerment-academico-transversalidad-responsabilidad-social-e-innovacion\/#respond"]}]},{"@type":"WebPage","@id":"https:\/\/www.cetys.mx\/noticias\/participan-estudiantes-de-cetys-en-el-evento-empowerment-academico-transversalidad-responsabilidad-social-e-innovacion\/","url":"https:\/\/www.cetys.mx\/noticias\/participan-estudiantes-de-cetys-en-el-evento-empowerment-academico-transversalidad-responsabilidad-social-e-innovacion\/","name":"Participan estudiantes de CETYS en el evento \"Empowerment Acad\u00e9mico Transversalidad, Responsabilidad Social e Innovaci\u00f3n\u201d - CETYS","isPartOf":{"@id":"https:\/\/www.cetys.mx\/noticias\/#website"},"primaryImageOfPage":{"@id":"https:\/\/www.cetys.mx\/noticias\/participan-estudiantes-de-cetys-en-el-evento-empowerment-academico-transversalidad-responsabilidad-social-e-innovacion\/#primaryimage"},"image":{"@id":"https:\/\/www.cetys.mx\/noticias\/participan-estudiantes-de-cetys-en-el-evento-empowerment-academico-transversalidad-responsabilidad-social-e-innovacion\/#primaryimage"},"thumbnailUrl":"https:\/\/www.cetys.mx\/noticias\/wp-content\/uploads\/2025\/09\/Encuentro-Estatal-de-Psicologia.jpg","datePublished":"2025-09-30T17:58:59+00:00","author":{"@id":"https:\/\/www.cetys.mx\/noticias\/#\/schema\/person\/e9d2b35265b64aa454df57a2828eb2ac"},"description":"Articulo sobre Participan estudiantes de CETYS en el evento \"Empowerment Acad\u00e9mico Transversalidad, Responsabilidad Social e Innovaci\u00f3n\u201d","breadcrumb":{"@id":"https:\/\/www.cetys.mx\/noticias\/participan-estudiantes-de-cetys-en-el-evento-empowerment-academico-transversalidad-responsabilidad-social-e-innovacion\/#breadcrumb"},"inLanguage":"es","potentialAction":[{"@type":"ReadAction","target":["https:\/\/www.cetys.mx\/noticias\/participan-estudiantes-de-cetys-en-el-evento-empowerment-academico-transversalidad-responsabilidad-social-e-innovacion\/"]}]},{"@type":"ImageObject","inLanguage":"es","@id":"https:\/\/www.cetys.mx\/noticias\/participan-estudiantes-de-cetys-en-el-evento-empowerment-academico-transversalidad-responsabilidad-social-e-innovacion\/#primaryimage","url":"https:\/\/www.cetys.mx\/noticias\/wp-content\/uploads\/2025\/09\/Encuentro-Estatal-de-Psicologia.jpg","contentUrl":"https:\/\/www.cetys.mx\/noticias\/wp-content\/uploads\/2025\/09\/Encuentro-Estatal-de-Psicologia.jpg","width":958,"height":637},{"@type":"BreadcrumbList","@id":"https:\/\/www.cetys.mx\/noticias\/participan-estudiantes-de-cetys-en-el-evento-empowerment-academico-transversalidad-responsabilidad-social-e-innovacion\/#breadcrumb","itemListElement":[{"@type":"ListItem","position":1,"name":"Inicio","item":"https:\/\/www.cetys.mx\/noticias\/"},{"@type":"ListItem","position":2,"name":"Participan estudiantes de CETYS en el evento &#8220;Empowerment Acad\u00e9mico Transversalidad, Responsabilidad Social e Innovaci\u00f3n\u201d"}]},{"@type":"WebSite","@id":"https:\/\/www.cetys.mx\/noticias\/#website","url":"https:\/\/www.cetys.mx\/noticias\/","name":"CETYS","description":"","potentialAction":[{"@type":"SearchAction","target":{"@type":"EntryPoint","urlTemplate":"https:\/\/www.cetys.mx\/noticias\/?s={search_term_string}"},"query-input":{"@type":"PropertyValueSpecification","valueRequired":true,"valueName":"search_term_string"}}],"inLanguage":"es"},{"@type":"Person","@id":"https:\/\/www.cetys.mx\/noticias\/#\/schema\/person\/e9d2b35265b64aa454df57a2828eb2ac","name":"CETYS Institucional","url":"https:\/\/www.cetys.mx\/noticias\/author\/cetysinstitucional\/"}]}},"_links":{"self":[{"href":"https:\/\/www.cetys.mx\/noticias\/wp-json\/wp\/v2\/posts\/216446","targetHints":{"allow":["GET"]}}],"collection":[{"href":"https:\/\/www.cetys.mx\/noticias\/wp-json\/wp\/v2\/posts"}],"about":[{"href":"https:\/\/www.cetys.mx\/noticias\/wp-json\/wp\/v2\/types\/post"}],"author":[{"embeddable":true,"href":"https:\/\/www.cetys.mx\/noticias\/wp-json\/wp\/v2\/users\/26"}],"replies":[{"embeddable":true,"href":"https:\/\/www.cetys.mx\/noticias\/wp-json\/wp\/v2\/comments?post=216446"}],"version-history":[{"count":1,"href":"https:\/\/www.cetys.mx\/noticias\/wp-json\/wp\/v2\/posts\/216446\/revisions"}],"predecessor-version":[{"id":216448,"href":"https:\/\/www.cetys.mx\/noticias\/wp-json\/wp\/v2\/posts\/216446\/revisions\/216448"}],"wp:featuredmedia":[{"embeddable":true,"href":"https:\/\/www.cetys.mx\/noticias\/wp-json\/wp\/v2\/media\/216447"}],"wp:attachment":[{"href":"https:\/\/www.cetys.mx\/noticias\/wp-json\/wp\/v2\/media?parent=216446"}],"wp:term":[{"taxonomy":"category","embeddable":true,"href":"https:\/\/www.cetys.mx\/noticias\/wp-json\/wp\/v2\/categories?post=216446"},{"taxonomy":"post_tag","embeddable":true,"href":"https:\/\/www.cetys.mx\/noticias\/wp-json\/wp\/v2\/tags?post=216446"}],"curies":[{"name":"wp","href":"https:\/\/api.w.org\/{rel}","templated":true}]}}