{"id":216059,"date":"2025-09-12T13:56:03","date_gmt":"2025-09-12T20:56:03","guid":{"rendered":"https:\/\/www.cetys.mx\/noticias\/?p=216059"},"modified":"2025-09-12T13:56:03","modified_gmt":"2025-09-12T20:56:03","slug":"mtra-ana-marcela-sosa-de-cetys-recibe-reconocimiento-por-impulsar-inclusion-de-personas-refugiadas-en-baja-california","status":"publish","type":"post","link":"https:\/\/www.cetys.mx\/noticias\/mtra-ana-marcela-sosa-de-cetys-recibe-reconocimiento-por-impulsar-inclusion-de-personas-refugiadas-en-baja-california\/","title":{"rendered":"Mtra. Ana Marcela Sosa de CETYS recibe reconocimiento por impulsar inclusi\u00f3n de personas refugiadas en Baja California"},"content":{"rendered":"<p data-start=\"517\" data-end=\"932\">La<strong> Mtra. Ana Marcela Sosa<\/strong>, Coordinadora de la Incubadora de Negocios de CETYS Universidad Campus Tijuana, fue reconocida como ciudadana comprometida con la protecci\u00f3n e integraci\u00f3n de personas refugiadas, solicitantes de asilo y desplazadas en Baja California. Su labor desde la academia y la vinculaci\u00f3n institucional ha contribuido a generar espacios de inclusi\u00f3n, emprendimiento y sensibilizaci\u00f3n en la regi\u00f3n.<\/p>\n<p data-start=\"960\" data-end=\"1268\">Desde su incorporaci\u00f3n a CETYS, la Mtra. Sosa ha impulsado proyectos en alianza con el Alto Comisionado de las Naciones Unidas para los Refugiados (ACNUR) y otros organismos, logrando que la universidad se convierta en un espacio de di\u00e1logo, capacitaci\u00f3n y apoyo para la comunidad en contexto de movilidad.<\/p>\n<p data-start=\"1270\" data-end=\"1303\">Entre las iniciativas destacan\u00a0<strong data-start=\"1306\" data-end=\"1348\">Talleres para emprendedoras refugiadas<\/strong> en el marco de la iniciativa <em data-start=\"1378\" data-end=\"1446\">WEECA (Empoderamiento Econ\u00f3mico de las Mujeres y Acci\u00f3n Clim\u00e1tica); el\u00a0<\/em><strong data-start=\"1452\" data-end=\"1489\">Panel de Emprendedoras Refugiadas<\/strong> durante la Semana de Emprendimiento 2024, las c<strong data-start=\"1536\" data-end=\"1645\">harlas con estudiantes de Licenciatura en Negocios e Innovaci\u00f3n (LDN) y Administraci\u00f3n de Empresas (LAE)<\/strong> sobre el marco legal para la contrataci\u00f3n de personas refugiadas en M\u00e9xico, m<strong data-start=\"1726\" data-end=\"1799\">entor\u00edas y acompa\u00f1amiento a emprendedores y emprendedoras refugiadas<\/strong>, fortaleciendo sus proyectos y modelos de negocio, participaci\u00f3n en <strong data-start=\"1872\" data-end=\"1914\">Jornadas de Integraci\u00f3n y Coexistencia<\/strong>, promoviendo el valor del multiculturalismo en Tijuana y Baja California.<\/p>\n\n            <style type='text\/css'>\n                #gallery-1 {\n                    margin: auto;\n                }\n                #gallery-1 .gallery-item {\n                    float: left;\n                    margin-top: 10px;\n                    text-align: center;\n                    width: 50%;\n                }\n                #gallery-1 img {\n                    border: 2px solid #cfcfcf;\n                }\n                #gallery-1 .gallery-caption {\n                    margin-left: 0;\n                }\n                \/* see gallery_shortcode() in wp-includes\/media.php *\/\n            <\/style>\n\t\t<div id='gallery-1' class='gallery galleryid-216059 gallery-columns-2 gallery-size-medium'><dl class='gallery-item'>\n                <dt class='gallery-icon landscape'>\n                    <a href='https:\/\/www.cetys.mx\/noticias\/mtra-ana-marcela-sosa-de-cetys-recibe-reconocimiento-por-impulsar-inclusion-de-personas-refugiadas-en-baja-california\/reconocimiento-ana-marcela-sosa-cetys-2\/'><img loading=\"lazy\" decoding=\"async\" width=\"958\" height=\"637\" src=\"https:\/\/www.cetys.mx\/noticias\/wp-content\/uploads\/2025\/09\/Reconocimiento-Ana-Marcela-Sosa-CETYS-2.png\" class=\"attachment-medium size-medium\" alt=\"\" srcset=\"https:\/\/www.cetys.mx\/noticias\/wp-content\/uploads\/2025\/09\/Reconocimiento-Ana-Marcela-Sosa-CETYS-2.png 958w, https:\/\/www.cetys.mx\/noticias\/wp-content\/uploads\/2025\/09\/Reconocimiento-Ana-Marcela-Sosa-CETYS-2-768x511.png 768w\" sizes=\"auto, (max-width: 958px) 100vw, 958px\" \/><\/a>\n                <\/dt><\/dl><dl class='gallery-item'>\n                <dt class='gallery-icon landscape'>\n                    <a href='https:\/\/www.cetys.mx\/noticias\/mtra-ana-marcela-sosa-de-cetys-recibe-reconocimiento-por-impulsar-inclusion-de-personas-refugiadas-en-baja-california\/reconocimiento-ana-marcela-sosa-cetys-3\/'><img loading=\"lazy\" decoding=\"async\" width=\"958\" height=\"637\" src=\"https:\/\/www.cetys.mx\/noticias\/wp-content\/uploads\/2025\/09\/Reconocimiento-Ana-Marcela-Sosa-CETYS-3.png\" class=\"attachment-medium size-medium\" alt=\"\" srcset=\"https:\/\/www.cetys.mx\/noticias\/wp-content\/uploads\/2025\/09\/Reconocimiento-Ana-Marcela-Sosa-CETYS-3.png 958w, https:\/\/www.cetys.mx\/noticias\/wp-content\/uploads\/2025\/09\/Reconocimiento-Ana-Marcela-Sosa-CETYS-3-768x511.png 768w\" sizes=\"auto, (max-width: 958px) 100vw, 958px\" \/><\/a>\n                <\/dt><\/dl><br style=\"clear: both\" \/>\n            <\/div>\n\n","protected":false},"excerpt":{"rendered":"<p>La Mtra. Ana Marcela Sosa, Coordinadora de la Incubadora de Negocios de CETYS Universidad Campus Tijuana, fue reconocida como ciudadana comprometida con&#8230;<\/p>\n","protected":false},"author":24,"featured_media":216062,"comment_status":"open","ping_status":"closed","sticky":false,"template":"","format":"standard","meta":{"footnotes":""},"categories":[134],"tags":[328,386,7162],"class_list":["post-216059","post","type-post","status-publish","format-standard","has-post-thumbnail","hentry","category-campus-tijuana","tag-campustijuana","tag-cece","tag-incubadoratijuana"],"yoast_head":"<!-- This site is optimized with the Yoast SEO plugin v27.4 - https:\/\/yoast.com\/product\/yoast-seo-wordpress\/ -->\n<title>Mtra. Ana Marcela Sosa de CETYS recibe reconocimiento por impulsar inclusi\u00f3n de personas refugiadas en Baja California - CETYS<\/title>\n<meta name=\"description\" content=\"Articulo sobre Mtra. Ana Marcela Sosa de CETYS recibe reconocimiento por impulsar inclusi\u00f3n de personas refugiadas en Baja California\" \/>\n<meta name=\"robots\" content=\"index, follow, max-snippet:-1, max-image-preview:large, max-video-preview:-1\" \/>\n<link rel=\"canonical\" href=\"https:\/\/www.cetys.mx\/noticias\/mtra-ana-marcela-sosa-de-cetys-recibe-reconocimiento-por-impulsar-inclusion-de-personas-refugiadas-en-baja-california\/\" \/>\n<meta property=\"og:locale\" content=\"es_MX\" \/>\n<meta property=\"og:type\" content=\"article\" \/>\n<meta property=\"og:title\" content=\"Mtra. Ana Marcela Sosa de CETYS recibe reconocimiento por impulsar inclusi\u00f3n de personas refugiadas en Baja California - CETYS\" \/>\n<meta property=\"og:description\" content=\"Articulo sobre Mtra. Ana Marcela Sosa de CETYS recibe reconocimiento por impulsar inclusi\u00f3n de personas refugiadas en Baja California\" \/>\n<meta property=\"og:url\" content=\"https:\/\/www.cetys.mx\/noticias\/mtra-ana-marcela-sosa-de-cetys-recibe-reconocimiento-por-impulsar-inclusion-de-personas-refugiadas-en-baja-california\/\" \/>\n<meta property=\"og:site_name\" content=\"CETYS\" \/>\n<meta property=\"article:publisher\" content=\"https:\/\/www.facebook.com\/cetysuniversidadmxl\/\" \/>\n<meta property=\"article:published_time\" content=\"2025-09-12T20:56:03+00:00\" \/>\n<meta property=\"og:image\" content=\"https:\/\/www.cetys.mx\/noticias\/wp-content\/uploads\/2025\/09\/Reconocimiento-Ana-Marcela-Sosa-CETYS.png\" \/>\n\t<meta property=\"og:image:width\" content=\"958\" \/>\n\t<meta property=\"og:image:height\" content=\"637\" \/>\n\t<meta property=\"og:image:type\" content=\"image\/png\" \/>\n<meta name=\"author\" content=\"Campus Tijuana\" \/>\n<meta name=\"twitter:card\" content=\"summary_large_image\" \/>\n<meta name=\"twitter:creator\" content=\"@cetysuni\" \/>\n<meta name=\"twitter:site\" content=\"@cetysuni\" \/>\n<meta name=\"twitter:label1\" content=\"Escrito por\" \/>\n\t<meta name=\"twitter:data1\" content=\"Campus Tijuana\" \/>\n\t<meta name=\"twitter:label2\" content=\"Tiempo de lectura\" \/>\n\t<meta name=\"twitter:data2\" content=\"1 minuto\" \/>\n<script type=\"application\/ld+json\" class=\"yoast-schema-graph\">{\"@context\":\"https:\\\/\\\/schema.org\",\"@graph\":[{\"@type\":\"Article\",\"@id\":\"https:\\\/\\\/www.cetys.mx\\\/noticias\\\/mtra-ana-marcela-sosa-de-cetys-recibe-reconocimiento-por-impulsar-inclusion-de-personas-refugiadas-en-baja-california\\\/#article\",\"isPartOf\":{\"@id\":\"https:\\\/\\\/www.cetys.mx\\\/noticias\\\/mtra-ana-marcela-sosa-de-cetys-recibe-reconocimiento-por-impulsar-inclusion-de-personas-refugiadas-en-baja-california\\\/\"},\"author\":{\"name\":\"Campus Tijuana\",\"@id\":\"https:\\\/\\\/www.cetys.mx\\\/noticias\\\/#\\\/schema\\\/person\\\/e790051ce60e18ae47cfa87011c8653f\"},\"headline\":\"Mtra. Ana Marcela Sosa de CETYS recibe reconocimiento por impulsar inclusi\u00f3n de personas refugiadas en Baja California\",\"datePublished\":\"2025-09-12T20:56:03+00:00\",\"mainEntityOfPage\":{\"@id\":\"https:\\\/\\\/www.cetys.mx\\\/noticias\\\/mtra-ana-marcela-sosa-de-cetys-recibe-reconocimiento-por-impulsar-inclusion-de-personas-refugiadas-en-baja-california\\\/\"},\"wordCount\":244,\"commentCount\":0,\"image\":{\"@id\":\"https:\\\/\\\/www.cetys.mx\\\/noticias\\\/mtra-ana-marcela-sosa-de-cetys-recibe-reconocimiento-por-impulsar-inclusion-de-personas-refugiadas-en-baja-california\\\/#primaryimage\"},\"thumbnailUrl\":\"https:\\\/\\\/www.cetys.mx\\\/noticias\\\/wp-content\\\/uploads\\\/2025\\\/09\\\/Reconocimiento-Ana-Marcela-Sosa-CETYS.png\",\"keywords\":[\"campustijuana\",\"CECE\",\"IncubadoraTijuana\"],\"articleSection\":[\"Campus Tijuana\"],\"inLanguage\":\"es\",\"potentialAction\":[{\"@type\":\"CommentAction\",\"name\":\"Comment\",\"target\":[\"https:\\\/\\\/www.cetys.mx\\\/noticias\\\/mtra-ana-marcela-sosa-de-cetys-recibe-reconocimiento-por-impulsar-inclusion-de-personas-refugiadas-en-baja-california\\\/#respond\"]}]},{\"@type\":\"WebPage\",\"@id\":\"https:\\\/\\\/www.cetys.mx\\\/noticias\\\/mtra-ana-marcela-sosa-de-cetys-recibe-reconocimiento-por-impulsar-inclusion-de-personas-refugiadas-en-baja-california\\\/\",\"url\":\"https:\\\/\\\/www.cetys.mx\\\/noticias\\\/mtra-ana-marcela-sosa-de-cetys-recibe-reconocimiento-por-impulsar-inclusion-de-personas-refugiadas-en-baja-california\\\/\",\"name\":\"Mtra. Ana Marcela Sosa de CETYS recibe reconocimiento por impulsar inclusi\u00f3n de personas refugiadas en Baja California - CETYS\",\"isPartOf\":{\"@id\":\"https:\\\/\\\/www.cetys.mx\\\/noticias\\\/#website\"},\"primaryImageOfPage\":{\"@id\":\"https:\\\/\\\/www.cetys.mx\\\/noticias\\\/mtra-ana-marcela-sosa-de-cetys-recibe-reconocimiento-por-impulsar-inclusion-de-personas-refugiadas-en-baja-california\\\/#primaryimage\"},\"image\":{\"@id\":\"https:\\\/\\\/www.cetys.mx\\\/noticias\\\/mtra-ana-marcela-sosa-de-cetys-recibe-reconocimiento-por-impulsar-inclusion-de-personas-refugiadas-en-baja-california\\\/#primaryimage\"},\"thumbnailUrl\":\"https:\\\/\\\/www.cetys.mx\\\/noticias\\\/wp-content\\\/uploads\\\/2025\\\/09\\\/Reconocimiento-Ana-Marcela-Sosa-CETYS.png\",\"datePublished\":\"2025-09-12T20:56:03+00:00\",\"author\":{\"@id\":\"https:\\\/\\\/www.cetys.mx\\\/noticias\\\/#\\\/schema\\\/person\\\/e790051ce60e18ae47cfa87011c8653f\"},\"description\":\"Articulo sobre Mtra. Ana Marcela Sosa de CETYS recibe reconocimiento por impulsar inclusi\u00f3n de personas refugiadas en Baja California\",\"breadcrumb\":{\"@id\":\"https:\\\/\\\/www.cetys.mx\\\/noticias\\\/mtra-ana-marcela-sosa-de-cetys-recibe-reconocimiento-por-impulsar-inclusion-de-personas-refugiadas-en-baja-california\\\/#breadcrumb\"},\"inLanguage\":\"es\",\"potentialAction\":[{\"@type\":\"ReadAction\",\"target\":[\"https:\\\/\\\/www.cetys.mx\\\/noticias\\\/mtra-ana-marcela-sosa-de-cetys-recibe-reconocimiento-por-impulsar-inclusion-de-personas-refugiadas-en-baja-california\\\/\"]}]},{\"@type\":\"ImageObject\",\"inLanguage\":\"es\",\"@id\":\"https:\\\/\\\/www.cetys.mx\\\/noticias\\\/mtra-ana-marcela-sosa-de-cetys-recibe-reconocimiento-por-impulsar-inclusion-de-personas-refugiadas-en-baja-california\\\/#primaryimage\",\"url\":\"https:\\\/\\\/www.cetys.mx\\\/noticias\\\/wp-content\\\/uploads\\\/2025\\\/09\\\/Reconocimiento-Ana-Marcela-Sosa-CETYS.png\",\"contentUrl\":\"https:\\\/\\\/www.cetys.mx\\\/noticias\\\/wp-content\\\/uploads\\\/2025\\\/09\\\/Reconocimiento-Ana-Marcela-Sosa-CETYS.png\",\"width\":958,\"height\":637},{\"@type\":\"BreadcrumbList\",\"@id\":\"https:\\\/\\\/www.cetys.mx\\\/noticias\\\/mtra-ana-marcela-sosa-de-cetys-recibe-reconocimiento-por-impulsar-inclusion-de-personas-refugiadas-en-baja-california\\\/#breadcrumb\",\"itemListElement\":[{\"@type\":\"ListItem\",\"position\":1,\"name\":\"Inicio\",\"item\":\"https:\\\/\\\/www.cetys.mx\\\/noticias\\\/\"},{\"@type\":\"ListItem\",\"position\":2,\"name\":\"Mtra. Ana Marcela Sosa de CETYS recibe reconocimiento por impulsar inclusi\u00f3n de personas refugiadas en Baja California\"}]},{\"@type\":\"WebSite\",\"@id\":\"https:\\\/\\\/www.cetys.mx\\\/noticias\\\/#website\",\"url\":\"https:\\\/\\\/www.cetys.mx\\\/noticias\\\/\",\"name\":\"CETYS\",\"description\":\"\",\"potentialAction\":[{\"@type\":\"SearchAction\",\"target\":{\"@type\":\"EntryPoint\",\"urlTemplate\":\"https:\\\/\\\/www.cetys.mx\\\/noticias\\\/?s={search_term_string}\"},\"query-input\":{\"@type\":\"PropertyValueSpecification\",\"valueRequired\":true,\"valueName\":\"search_term_string\"}}],\"inLanguage\":\"es\"},{\"@type\":\"Person\",\"@id\":\"https:\\\/\\\/www.cetys.mx\\\/noticias\\\/#\\\/schema\\\/person\\\/e790051ce60e18ae47cfa87011c8653f\",\"name\":\"Campus Tijuana\",\"url\":\"https:\\\/\\\/www.cetys.mx\\\/noticias\\\/author\\\/campustijuana\\\/\"}]}<\/script>\n<!-- \/ Yoast SEO plugin. -->","yoast_head_json":{"title":"Mtra. Ana Marcela Sosa de CETYS recibe reconocimiento por impulsar inclusi\u00f3n de personas refugiadas en Baja California - CETYS","description":"Articulo sobre Mtra. Ana Marcela Sosa de CETYS recibe reconocimiento por impulsar inclusi\u00f3n de personas refugiadas en Baja California","robots":{"index":"index","follow":"follow","max-snippet":"max-snippet:-1","max-image-preview":"max-image-preview:large","max-video-preview":"max-video-preview:-1"},"canonical":"https:\/\/www.cetys.mx\/noticias\/mtra-ana-marcela-sosa-de-cetys-recibe-reconocimiento-por-impulsar-inclusion-de-personas-refugiadas-en-baja-california\/","og_locale":"es_MX","og_type":"article","og_title":"Mtra. Ana Marcela Sosa de CETYS recibe reconocimiento por impulsar inclusi\u00f3n de personas refugiadas en Baja California - CETYS","og_description":"Articulo sobre Mtra. Ana Marcela Sosa de CETYS recibe reconocimiento por impulsar inclusi\u00f3n de personas refugiadas en Baja California","og_url":"https:\/\/www.cetys.mx\/noticias\/mtra-ana-marcela-sosa-de-cetys-recibe-reconocimiento-por-impulsar-inclusion-de-personas-refugiadas-en-baja-california\/","og_site_name":"CETYS","article_publisher":"https:\/\/www.facebook.com\/cetysuniversidadmxl\/","article_published_time":"2025-09-12T20:56:03+00:00","og_image":[{"width":958,"height":637,"url":"https:\/\/www.cetys.mx\/noticias\/wp-content\/uploads\/2025\/09\/Reconocimiento-Ana-Marcela-Sosa-CETYS.png","type":"image\/png"}],"author":"Campus Tijuana","twitter_card":"summary_large_image","twitter_creator":"@cetysuni","twitter_site":"@cetysuni","twitter_misc":{"Escrito por":"Campus Tijuana","Tiempo de lectura":"1 minuto"},"schema":{"@context":"https:\/\/schema.org","@graph":[{"@type":"Article","@id":"https:\/\/www.cetys.mx\/noticias\/mtra-ana-marcela-sosa-de-cetys-recibe-reconocimiento-por-impulsar-inclusion-de-personas-refugiadas-en-baja-california\/#article","isPartOf":{"@id":"https:\/\/www.cetys.mx\/noticias\/mtra-ana-marcela-sosa-de-cetys-recibe-reconocimiento-por-impulsar-inclusion-de-personas-refugiadas-en-baja-california\/"},"author":{"name":"Campus Tijuana","@id":"https:\/\/www.cetys.mx\/noticias\/#\/schema\/person\/e790051ce60e18ae47cfa87011c8653f"},"headline":"Mtra. Ana Marcela Sosa de CETYS recibe reconocimiento por impulsar inclusi\u00f3n de personas refugiadas en Baja California","datePublished":"2025-09-12T20:56:03+00:00","mainEntityOfPage":{"@id":"https:\/\/www.cetys.mx\/noticias\/mtra-ana-marcela-sosa-de-cetys-recibe-reconocimiento-por-impulsar-inclusion-de-personas-refugiadas-en-baja-california\/"},"wordCount":244,"commentCount":0,"image":{"@id":"https:\/\/www.cetys.mx\/noticias\/mtra-ana-marcela-sosa-de-cetys-recibe-reconocimiento-por-impulsar-inclusion-de-personas-refugiadas-en-baja-california\/#primaryimage"},"thumbnailUrl":"https:\/\/www.cetys.mx\/noticias\/wp-content\/uploads\/2025\/09\/Reconocimiento-Ana-Marcela-Sosa-CETYS.png","keywords":["campustijuana","CECE","IncubadoraTijuana"],"articleSection":["Campus Tijuana"],"inLanguage":"es","potentialAction":[{"@type":"CommentAction","name":"Comment","target":["https:\/\/www.cetys.mx\/noticias\/mtra-ana-marcela-sosa-de-cetys-recibe-reconocimiento-por-impulsar-inclusion-de-personas-refugiadas-en-baja-california\/#respond"]}]},{"@type":"WebPage","@id":"https:\/\/www.cetys.mx\/noticias\/mtra-ana-marcela-sosa-de-cetys-recibe-reconocimiento-por-impulsar-inclusion-de-personas-refugiadas-en-baja-california\/","url":"https:\/\/www.cetys.mx\/noticias\/mtra-ana-marcela-sosa-de-cetys-recibe-reconocimiento-por-impulsar-inclusion-de-personas-refugiadas-en-baja-california\/","name":"Mtra. Ana Marcela Sosa de CETYS recibe reconocimiento por impulsar inclusi\u00f3n de personas refugiadas en Baja California - CETYS","isPartOf":{"@id":"https:\/\/www.cetys.mx\/noticias\/#website"},"primaryImageOfPage":{"@id":"https:\/\/www.cetys.mx\/noticias\/mtra-ana-marcela-sosa-de-cetys-recibe-reconocimiento-por-impulsar-inclusion-de-personas-refugiadas-en-baja-california\/#primaryimage"},"image":{"@id":"https:\/\/www.cetys.mx\/noticias\/mtra-ana-marcela-sosa-de-cetys-recibe-reconocimiento-por-impulsar-inclusion-de-personas-refugiadas-en-baja-california\/#primaryimage"},"thumbnailUrl":"https:\/\/www.cetys.mx\/noticias\/wp-content\/uploads\/2025\/09\/Reconocimiento-Ana-Marcela-Sosa-CETYS.png","datePublished":"2025-09-12T20:56:03+00:00","author":{"@id":"https:\/\/www.cetys.mx\/noticias\/#\/schema\/person\/e790051ce60e18ae47cfa87011c8653f"},"description":"Articulo sobre Mtra. Ana Marcela Sosa de CETYS recibe reconocimiento por impulsar inclusi\u00f3n de personas refugiadas en Baja California","breadcrumb":{"@id":"https:\/\/www.cetys.mx\/noticias\/mtra-ana-marcela-sosa-de-cetys-recibe-reconocimiento-por-impulsar-inclusion-de-personas-refugiadas-en-baja-california\/#breadcrumb"},"inLanguage":"es","potentialAction":[{"@type":"ReadAction","target":["https:\/\/www.cetys.mx\/noticias\/mtra-ana-marcela-sosa-de-cetys-recibe-reconocimiento-por-impulsar-inclusion-de-personas-refugiadas-en-baja-california\/"]}]},{"@type":"ImageObject","inLanguage":"es","@id":"https:\/\/www.cetys.mx\/noticias\/mtra-ana-marcela-sosa-de-cetys-recibe-reconocimiento-por-impulsar-inclusion-de-personas-refugiadas-en-baja-california\/#primaryimage","url":"https:\/\/www.cetys.mx\/noticias\/wp-content\/uploads\/2025\/09\/Reconocimiento-Ana-Marcela-Sosa-CETYS.png","contentUrl":"https:\/\/www.cetys.mx\/noticias\/wp-content\/uploads\/2025\/09\/Reconocimiento-Ana-Marcela-Sosa-CETYS.png","width":958,"height":637},{"@type":"BreadcrumbList","@id":"https:\/\/www.cetys.mx\/noticias\/mtra-ana-marcela-sosa-de-cetys-recibe-reconocimiento-por-impulsar-inclusion-de-personas-refugiadas-en-baja-california\/#breadcrumb","itemListElement":[{"@type":"ListItem","position":1,"name":"Inicio","item":"https:\/\/www.cetys.mx\/noticias\/"},{"@type":"ListItem","position":2,"name":"Mtra. Ana Marcela Sosa de CETYS recibe reconocimiento por impulsar inclusi\u00f3n de personas refugiadas en Baja California"}]},{"@type":"WebSite","@id":"https:\/\/www.cetys.mx\/noticias\/#website","url":"https:\/\/www.cetys.mx\/noticias\/","name":"CETYS","description":"","potentialAction":[{"@type":"SearchAction","target":{"@type":"EntryPoint","urlTemplate":"https:\/\/www.cetys.mx\/noticias\/?s={search_term_string}"},"query-input":{"@type":"PropertyValueSpecification","valueRequired":true,"valueName":"search_term_string"}}],"inLanguage":"es"},{"@type":"Person","@id":"https:\/\/www.cetys.mx\/noticias\/#\/schema\/person\/e790051ce60e18ae47cfa87011c8653f","name":"Campus Tijuana","url":"https:\/\/www.cetys.mx\/noticias\/author\/campustijuana\/"}]}},"_links":{"self":[{"href":"https:\/\/www.cetys.mx\/noticias\/wp-json\/wp\/v2\/posts\/216059","targetHints":{"allow":["GET"]}}],"collection":[{"href":"https:\/\/www.cetys.mx\/noticias\/wp-json\/wp\/v2\/posts"}],"about":[{"href":"https:\/\/www.cetys.mx\/noticias\/wp-json\/wp\/v2\/types\/post"}],"author":[{"embeddable":true,"href":"https:\/\/www.cetys.mx\/noticias\/wp-json\/wp\/v2\/users\/24"}],"replies":[{"embeddable":true,"href":"https:\/\/www.cetys.mx\/noticias\/wp-json\/wp\/v2\/comments?post=216059"}],"version-history":[{"count":1,"href":"https:\/\/www.cetys.mx\/noticias\/wp-json\/wp\/v2\/posts\/216059\/revisions"}],"predecessor-version":[{"id":216063,"href":"https:\/\/www.cetys.mx\/noticias\/wp-json\/wp\/v2\/posts\/216059\/revisions\/216063"}],"wp:featuredmedia":[{"embeddable":true,"href":"https:\/\/www.cetys.mx\/noticias\/wp-json\/wp\/v2\/media\/216062"}],"wp:attachment":[{"href":"https:\/\/www.cetys.mx\/noticias\/wp-json\/wp\/v2\/media?parent=216059"}],"wp:term":[{"taxonomy":"category","embeddable":true,"href":"https:\/\/www.cetys.mx\/noticias\/wp-json\/wp\/v2\/categories?post=216059"},{"taxonomy":"post_tag","embeddable":true,"href":"https:\/\/www.cetys.mx\/noticias\/wp-json\/wp\/v2\/tags?post=216059"}],"curies":[{"name":"wp","href":"https:\/\/api.w.org\/{rel}","templated":true}]}}