{"id":215936,"date":"2025-09-10T15:25:58","date_gmt":"2025-09-10T22:25:58","guid":{"rendered":"https:\/\/www.cetys.mx\/noticias\/?p=215936"},"modified":"2025-09-11T16:31:55","modified_gmt":"2025-09-11T23:31:55","slug":"cetys-tijuana-celebra-a-los-alumnos-distinguidos-con-excelencia-academica-cultural-y-deportiva","status":"publish","type":"post","link":"https:\/\/www.cetys.mx\/noticias\/cetys-tijuana-celebra-a-los-alumnos-distinguidos-con-excelencia-academica-cultural-y-deportiva\/","title":{"rendered":"CETYS Tijuana celebra a los Alumnos Distinguidos con excelencia acad\u00e9mica, cultural y deportiva"},"content":{"rendered":"<p><span style=\"font-weight: 400;\">CETYS Universidad Campus Tijuana reconoci\u00f3 a 187 estudiantes de Preparatoria y Profesional\u00a0como <strong data-start=\"535\" data-end=\"559\">Alumnos Distinguidos<\/strong> por su sobresaliente desempe\u00f1o durante el semestre enero-junio 2025, en \u00e1reas que abarcan la <strong data-start=\"653\" data-end=\"725\">excelencia acad\u00e9mica, la formaci\u00f3n integral, el deporte y la cultura<\/strong>.<\/span><\/p>\n<p><span style=\"font-weight: 400;\">En una ceremonia especial frente a padres de familia, amigos y compa\u00f1eros, recibieron el reconocimiento como prueba de su esfuerzo y dedicaci\u00f3n a sus proyectos, competencias, presentaciones y compromiso para forjar un camino de excelencia, el cual apunta a culminar en retos cumplidos y objetivos profesionales y personales alcanzados<\/span><\/p>\n<p data-start=\"730\" data-end=\"1149\">La ceremonia se llev\u00f3 a cabo en el Gimnasio Auditorio Rodrigo Valle Hern\u00e1ndez, donde los estudiantes recibieron su distinci\u00f3n frente a autoridades, familiares, docentes y compa\u00f1eros, en un evento encabezado por la <strong data-start=\"944\" data-end=\"1060\">Mtra. Jessica Ibarra Ramonet, Vicerrectora de Desarrollo y Experiencia Estudiantil del Sistema CETYS Universidad<\/strong>, y la <strong data-start=\"1067\" data-end=\"1146\">Mtra. Yanina Rubio Boj\u00f3rquez, Directora de CETYS Universidad Campus Tijuana<\/strong>.<\/p>\n<blockquote>\n<p data-start=\"1151\" data-end=\"1557\">\u201cEste reconocimiento representa no solo los promedios m\u00e1s altos o las medallas obtenidas, sino tambi\u00e9n la capacidad de inspirar a otros con su ejemplo. El m\u00e9rito de cada estudiante es fruto del compromiso personal, pero tambi\u00e9n del acompa\u00f1amiento de sus familias y docentes. Sigamos construyendo una comunidad que transforma su entorno con liderazgo, innovaci\u00f3n, arte y deporte\u201d, destac\u00f3 la Mtra. Ibarra.<\/p>\n<\/blockquote>\n<p data-start=\"1559\" data-end=\"1874\">Por su parte, la <strong>Mtra. Rubio Boj\u00f3rquez<\/strong>\u00a0enfatiz\u00f3 que los logros alcanzados por los alumnos distinguidos <em>\u201cmarcan una diferencia en el desarrollo social, econ\u00f3mico y cultural de nuestra regi\u00f3n y del pa\u00eds. Ustedes son una generaci\u00f3n que demuestra que la excelencia no solo se mide en calificaciones, sino en impacto y valores\u201d.<\/em><\/p>\n<p data-start=\"1876\" data-end=\"1950\">Durante la ceremonia se entregaron distinciones en distintas categor\u00edas:<\/p>\n<ul data-start=\"1952\" data-end=\"2499\">\n<li data-start=\"1952\" data-end=\"2019\">\n<p data-start=\"1954\" data-end=\"2019\"><strong data-start=\"1954\" data-end=\"1974\">Medalla de Honor<\/strong>: al mejor estudiante de cada licenciatura.<\/p>\n<\/li>\n<li data-start=\"2020\" data-end=\"2163\">\n<p data-start=\"2022\" data-end=\"2163\"><strong data-start=\"2022\" data-end=\"2046\">Excelencia Acad\u00e9mica<\/strong>: estudiantes de preparatoria con promedios de 10 y 9.9, as\u00ed como alumnos de profesional con promedios de 100 y 99.<\/p>\n<\/li>\n<li data-start=\"2164\" data-end=\"2345\">\n<p data-start=\"2166\" data-end=\"2345\"><strong data-start=\"2166\" data-end=\"2188\">Formaci\u00f3n Integral<\/strong>: j\u00f3venes reconocidos por su participaci\u00f3n en proyectos de innovaci\u00f3n, impacto social, liderazgo estudiantil, investigaci\u00f3n y competencias internacionales.<\/p>\n<\/li>\n<li data-start=\"2346\" data-end=\"2499\">\n<p data-start=\"2348\" data-end=\"2499\"><strong data-start=\"2348\" data-end=\"2372\">Cultural y Deportivo<\/strong>: estudiantes destacados en presentaciones art\u00edsticas y en competencias nacionales e internacionales en diversas disciplinas.<\/p>\n<\/li>\n<\/ul>\n<p data-start=\"2501\" data-end=\"2917\">En representaci\u00f3n de sus compa\u00f1eros, <strong data-start=\"2538\" data-end=\"2569\">Laura Patricia Parra Garc\u00eda<\/strong>, alumna de la Escuela de Ingenier\u00eda, comparti\u00f3 un mensaje en el que subray\u00f3 que este logro \u201ces la prueba de que detr\u00e1s de cada uno de nosotros hubo noches de desvelo, sacrificios y tambi\u00e9n muchas ganas de seguir adelante. Que este reconocimiento nos recuerde que no hay meta demasiado grande cuando se trabaja con dedicaci\u00f3n\u201d.<\/p>\n<blockquote>\n<p data-start=\"2501\" data-end=\"2917\">&#8220;<span style=\"font-weight: 400;\">A quienes apenas comienzan, este reconocimiento es una prueba de que con esfuerzo y perseverancia todo es posible. Este es apenas el inicio de un camino lleno de aprendizajes y oportunidades. El futuro se construye paso a paso y hoy ya dieron uno muy importante&#8221;.<\/span><\/p>\n<\/blockquote>\n<div class=\"gallery-slider-wrapper gallery-1\">\n                        <div class=\"gallery-slider\" itemscope itemtype=\"http:\/\/schema.org\/ImageGallery\"><figure class=\"slide\" itemprop=\"associatedMedia\" itemscope itemtype=\"http:\/\/schema.org\/ImageObject\">\n                    <a itemprop=\"contentUrl\" href=\"https:\/\/www.cetys.mx\/noticias\/wp-content\/uploads\/2025\/09\/Alumnos-Distinguidos-CETYS-TijAgo25-1.png\">\n                        <img decoding=\"async\" itemprop=\"thumbnail\" class=\"lazyOwl\" src=\"https:\/\/www.cetys.mx\/noticias\/wp-content\/plugins\/jmagz-plugin\/assets\/placeholder\/900x450.png\" data-src=\"https:\/\/www.cetys.mx\/noticias\/wp-content\/uploads\/2025\/09\/Alumnos-Distinguidos-CETYS-TijAgo25-1.png\" alt=\"Alumnos Distinguidos CETYS TijAgo25\">\n                    <\/a>\n                    <figcaption itemprop=\"caption description\" class=\"slide-caption\">\n                        \n                    <\/figcaption>\n                <\/figure><figure class=\"slide\" itemprop=\"associatedMedia\" itemscope itemtype=\"http:\/\/schema.org\/ImageObject\">\n                    <a itemprop=\"contentUrl\" href=\"https:\/\/www.cetys.mx\/noticias\/wp-content\/uploads\/2025\/09\/Alumnos-Distinguidos-CETYS-TijAgo25-7.png\">\n                        <img decoding=\"async\" itemprop=\"thumbnail\" class=\"lazyOwl\" src=\"https:\/\/www.cetys.mx\/noticias\/wp-content\/plugins\/jmagz-plugin\/assets\/placeholder\/900x450.png\" data-src=\"https:\/\/www.cetys.mx\/noticias\/wp-content\/uploads\/2025\/09\/Alumnos-Distinguidos-CETYS-TijAgo25-7.png\" alt=\"Alumnos Distinguidos CETYS TijAgo25 (7)\">\n                    <\/a>\n                    <figcaption itemprop=\"caption description\" class=\"slide-caption\">\n                        \n                    <\/figcaption>\n                <\/figure><figure class=\"slide\" itemprop=\"associatedMedia\" itemscope itemtype=\"http:\/\/schema.org\/ImageObject\">\n                    <a itemprop=\"contentUrl\" href=\"https:\/\/www.cetys.mx\/noticias\/wp-content\/uploads\/2025\/09\/CETYS-MX-49.png\">\n                        <img decoding=\"async\" itemprop=\"thumbnail\" class=\"lazyOwl\" src=\"https:\/\/www.cetys.mx\/noticias\/wp-content\/plugins\/jmagz-plugin\/assets\/placeholder\/900x450.png\" data-src=\"https:\/\/www.cetys.mx\/noticias\/wp-content\/uploads\/2025\/09\/CETYS-MX-49.png\" alt=\"CETYS MX (49)\">\n                    <\/a>\n                    <figcaption itemprop=\"caption description\" class=\"slide-caption\">\n                        \n                    <\/figcaption>\n                <\/figure><figure class=\"slide\" itemprop=\"associatedMedia\" itemscope itemtype=\"http:\/\/schema.org\/ImageObject\">\n                    <a itemprop=\"contentUrl\" href=\"https:\/\/www.cetys.mx\/noticias\/wp-content\/uploads\/2025\/09\/CETYS-MX-9.png\">\n                        <img decoding=\"async\" itemprop=\"thumbnail\" class=\"lazyOwl\" src=\"https:\/\/www.cetys.mx\/noticias\/wp-content\/plugins\/jmagz-plugin\/assets\/placeholder\/900x450.png\" data-src=\"https:\/\/www.cetys.mx\/noticias\/wp-content\/uploads\/2025\/09\/CETYS-MX-9.png\" alt=\"CETYS MX (9)\">\n                    <\/a>\n                    <figcaption itemprop=\"caption description\" class=\"slide-caption\">\n                        \n                    <\/figcaption>\n                <\/figure><figure class=\"slide\" itemprop=\"associatedMedia\" itemscope itemtype=\"http:\/\/schema.org\/ImageObject\">\n                    <a itemprop=\"contentUrl\" href=\"https:\/\/www.cetys.mx\/noticias\/wp-content\/uploads\/2025\/09\/Alumnos-Distinguidos-CETYS-TijAgo25-6.png\">\n                        <img decoding=\"async\" itemprop=\"thumbnail\" class=\"lazyOwl\" src=\"https:\/\/www.cetys.mx\/noticias\/wp-content\/plugins\/jmagz-plugin\/assets\/placeholder\/900x450.png\" data-src=\"https:\/\/www.cetys.mx\/noticias\/wp-content\/uploads\/2025\/09\/Alumnos-Distinguidos-CETYS-TijAgo25-6.png\" alt=\"Alumnos Distinguidos CETYS TijAgo25 (6)\">\n                    <\/a>\n                    <figcaption itemprop=\"caption description\" class=\"slide-caption\">\n                        \n                    <\/figcaption>\n                <\/figure><figure class=\"slide\" itemprop=\"associatedMedia\" itemscope itemtype=\"http:\/\/schema.org\/ImageObject\">\n                    <a itemprop=\"contentUrl\" href=\"https:\/\/www.cetys.mx\/noticias\/wp-content\/uploads\/2025\/09\/Alumnos-Distinguidos-CETYS-TijAgo25-11.png\">\n                        <img decoding=\"async\" itemprop=\"thumbnail\" class=\"lazyOwl\" src=\"https:\/\/www.cetys.mx\/noticias\/wp-content\/plugins\/jmagz-plugin\/assets\/placeholder\/900x450.png\" data-src=\"https:\/\/www.cetys.mx\/noticias\/wp-content\/uploads\/2025\/09\/Alumnos-Distinguidos-CETYS-TijAgo25-11.png\" alt=\"Alumnos Distinguidos CETYS TijAgo25 (11)\">\n                    <\/a>\n                    <figcaption itemprop=\"caption description\" class=\"slide-caption\">\n                        \n                    <\/figcaption>\n                <\/figure><figure class=\"slide\" itemprop=\"associatedMedia\" itemscope itemtype=\"http:\/\/schema.org\/ImageObject\">\n                    <a itemprop=\"contentUrl\" href=\"https:\/\/www.cetys.mx\/noticias\/wp-content\/uploads\/2025\/09\/Alumnos-Distinguidos-CETYS-TijAgo25-8.png\">\n                        <img decoding=\"async\" itemprop=\"thumbnail\" class=\"lazyOwl\" src=\"https:\/\/www.cetys.mx\/noticias\/wp-content\/plugins\/jmagz-plugin\/assets\/placeholder\/900x450.png\" data-src=\"https:\/\/www.cetys.mx\/noticias\/wp-content\/uploads\/2025\/09\/Alumnos-Distinguidos-CETYS-TijAgo25-8.png\" alt=\"Alumnos Distinguidos CETYS TijAgo25 (8)\">\n                    <\/a>\n                    <figcaption itemprop=\"caption description\" class=\"slide-caption\">\n                        \n                    <\/figcaption>\n                <\/figure><figure class=\"slide\" itemprop=\"associatedMedia\" itemscope itemtype=\"http:\/\/schema.org\/ImageObject\">\n                    <a itemprop=\"contentUrl\" href=\"https:\/\/www.cetys.mx\/noticias\/wp-content\/uploads\/2025\/09\/Alumnos-Distinguidos-CETYS-TijAgo25-9.png\">\n                        <img decoding=\"async\" itemprop=\"thumbnail\" class=\"lazyOwl\" src=\"https:\/\/www.cetys.mx\/noticias\/wp-content\/plugins\/jmagz-plugin\/assets\/placeholder\/900x450.png\" data-src=\"https:\/\/www.cetys.mx\/noticias\/wp-content\/uploads\/2025\/09\/Alumnos-Distinguidos-CETYS-TijAgo25-9.png\" alt=\"Alumnos Distinguidos CETYS TijAgo25 (9)\">\n                    <\/a>\n                    <figcaption itemprop=\"caption description\" class=\"slide-caption\">\n                        \n                    <\/figcaption>\n                <\/figure><figure class=\"slide\" itemprop=\"associatedMedia\" itemscope itemtype=\"http:\/\/schema.org\/ImageObject\">\n                    <a itemprop=\"contentUrl\" href=\"https:\/\/www.cetys.mx\/noticias\/wp-content\/uploads\/2025\/09\/Alumnos-Distinguidos-CETYS-TijAgo25-10.png\">\n                        <img decoding=\"async\" itemprop=\"thumbnail\" class=\"lazyOwl\" src=\"https:\/\/www.cetys.mx\/noticias\/wp-content\/plugins\/jmagz-plugin\/assets\/placeholder\/900x450.png\" data-src=\"https:\/\/www.cetys.mx\/noticias\/wp-content\/uploads\/2025\/09\/Alumnos-Distinguidos-CETYS-TijAgo25-10.png\" alt=\"Alumnos Distinguidos CETYS TijAgo25 (10)\">\n                    <\/a>\n                    <figcaption itemprop=\"caption description\" class=\"slide-caption\">\n                        \n                    <\/figcaption>\n                <\/figure><\/div>\n                <div class=\"gallery-slider-thumbnail-wrapper\">\n                    <div class=\"gallery-slider-thumbnail\"><div class=\"slide-thumbnail\"><img decoding=\"async\" class=\"lazyOwl\" src=\"https:\/\/www.cetys.mx\/noticias\/wp-content\/plugins\/jmagz-plugin\/assets\/placeholder\/150x75.png\" data-src=\"https:\/\/www.cetys.mx\/noticias\/wp-content\/uploads\/2025\/09\/Alumnos-Distinguidos-CETYS-TijAgo25-1.png\" alt=\"Alumnos Distinguidos CETYS TijAgo25\"><\/div><div class=\"slide-thumbnail\"><img decoding=\"async\" class=\"lazyOwl\" src=\"https:\/\/www.cetys.mx\/noticias\/wp-content\/plugins\/jmagz-plugin\/assets\/placeholder\/150x75.png\" data-src=\"https:\/\/www.cetys.mx\/noticias\/wp-content\/uploads\/2025\/09\/Alumnos-Distinguidos-CETYS-TijAgo25-7.png\" alt=\"Alumnos Distinguidos CETYS TijAgo25 (7)\"><\/div><div class=\"slide-thumbnail\"><img decoding=\"async\" class=\"lazyOwl\" src=\"https:\/\/www.cetys.mx\/noticias\/wp-content\/plugins\/jmagz-plugin\/assets\/placeholder\/150x75.png\" data-src=\"https:\/\/www.cetys.mx\/noticias\/wp-content\/uploads\/2025\/09\/CETYS-MX-49.png\" alt=\"CETYS MX (49)\"><\/div><div class=\"slide-thumbnail\"><img decoding=\"async\" class=\"lazyOwl\" src=\"https:\/\/www.cetys.mx\/noticias\/wp-content\/plugins\/jmagz-plugin\/assets\/placeholder\/150x75.png\" data-src=\"https:\/\/www.cetys.mx\/noticias\/wp-content\/uploads\/2025\/09\/CETYS-MX-9.png\" alt=\"CETYS MX (9)\"><\/div><div class=\"slide-thumbnail\"><img decoding=\"async\" class=\"lazyOwl\" src=\"https:\/\/www.cetys.mx\/noticias\/wp-content\/plugins\/jmagz-plugin\/assets\/placeholder\/150x75.png\" data-src=\"https:\/\/www.cetys.mx\/noticias\/wp-content\/uploads\/2025\/09\/Alumnos-Distinguidos-CETYS-TijAgo25-6.png\" alt=\"Alumnos Distinguidos CETYS TijAgo25 (6)\"><\/div><div class=\"slide-thumbnail\"><img decoding=\"async\" class=\"lazyOwl\" src=\"https:\/\/www.cetys.mx\/noticias\/wp-content\/plugins\/jmagz-plugin\/assets\/placeholder\/150x75.png\" data-src=\"https:\/\/www.cetys.mx\/noticias\/wp-content\/uploads\/2025\/09\/Alumnos-Distinguidos-CETYS-TijAgo25-11.png\" alt=\"Alumnos Distinguidos CETYS TijAgo25 (11)\"><\/div><div class=\"slide-thumbnail\"><img decoding=\"async\" class=\"lazyOwl\" src=\"https:\/\/www.cetys.mx\/noticias\/wp-content\/plugins\/jmagz-plugin\/assets\/placeholder\/150x75.png\" data-src=\"https:\/\/www.cetys.mx\/noticias\/wp-content\/uploads\/2025\/09\/Alumnos-Distinguidos-CETYS-TijAgo25-8.png\" alt=\"Alumnos Distinguidos CETYS TijAgo25 (8)\"><\/div><div class=\"slide-thumbnail\"><img decoding=\"async\" class=\"lazyOwl\" src=\"https:\/\/www.cetys.mx\/noticias\/wp-content\/plugins\/jmagz-plugin\/assets\/placeholder\/150x75.png\" data-src=\"https:\/\/www.cetys.mx\/noticias\/wp-content\/uploads\/2025\/09\/Alumnos-Distinguidos-CETYS-TijAgo25-9.png\" alt=\"Alumnos Distinguidos CETYS TijAgo25 (9)\"><\/div><div class=\"slide-thumbnail\"><img decoding=\"async\" class=\"lazyOwl\" src=\"https:\/\/www.cetys.mx\/noticias\/wp-content\/plugins\/jmagz-plugin\/assets\/placeholder\/150x75.png\" data-src=\"https:\/\/www.cetys.mx\/noticias\/wp-content\/uploads\/2025\/09\/Alumnos-Distinguidos-CETYS-TijAgo25-10.png\" alt=\"Alumnos Distinguidos CETYS TijAgo25 (10)\"><\/div><\/div><\/div><\/div>\n<p data-start=\"3062\" data-end=\"3209\">Con este reconocimiento, CETYS Universidad reafirma su compromiso de formar l\u00edderes \u00edntegros capaces de trascender en su comunidad y en el mundo.<\/p>\n","protected":false},"excerpt":{"rendered":"<p>CETYS Universidad Campus Tijuana reconoci\u00f3 a 187 estudiantes de Preparatoria y Profesional\u00a0como Alumnos Distinguidos por su sobresaliente desempe\u00f1o durante el semestre enero-junio&#8230;<\/p>\n","protected":false},"author":24,"featured_media":215939,"comment_status":"open","ping_status":"closed","sticky":false,"template":"","format":"standard","meta":{"footnotes":""},"categories":[134,143,125],"tags":[6520,328,604,6522,247,1590,6460,7256,1161,1325,92,487],"class_list":["post-215936","post","type-post","status-publish","format-standard","has-post-thumbnail","hentry","category-campus-tijuana","category-galeria","category-portada","tag-administraciondeempresas","tag-campustijuana","tag-cede","tag-cienciascomputacionales","tag-derecho","tag-industrial","tag-inteligenciadenegocioseinnovacion","tag-logisticaycomerciointernacional","tag-mecanica","tag-mecatronica","tag-preparatoria","tag-psicologiainfantil"],"yoast_head":"<!-- This site is optimized with the Yoast SEO plugin v27.4 - https:\/\/yoast.com\/product\/yoast-seo-wordpress\/ -->\n<title>CETYS Tijuana celebra a los Alumnos Distinguidos con excelencia acad\u00e9mica, cultural y deportiva - CETYS<\/title>\n<meta name=\"description\" content=\"Articulo sobre CETYS Tijuana celebra a los Alumnos Distinguidos con excelencia acad\u00e9mica, cultural y deportiva\" \/>\n<meta name=\"robots\" content=\"index, follow, max-snippet:-1, max-image-preview:large, max-video-preview:-1\" \/>\n<link rel=\"canonical\" href=\"https:\/\/www.cetys.mx\/noticias\/cetys-tijuana-celebra-a-los-alumnos-distinguidos-con-excelencia-academica-cultural-y-deportiva\/\" \/>\n<meta property=\"og:locale\" content=\"es_MX\" \/>\n<meta property=\"og:type\" content=\"article\" \/>\n<meta property=\"og:title\" content=\"CETYS Tijuana celebra a los Alumnos Distinguidos con excelencia acad\u00e9mica, cultural y deportiva - CETYS\" \/>\n<meta property=\"og:description\" content=\"Articulo sobre CETYS Tijuana celebra a los Alumnos Distinguidos con excelencia acad\u00e9mica, cultural y deportiva\" \/>\n<meta property=\"og:url\" content=\"https:\/\/www.cetys.mx\/noticias\/cetys-tijuana-celebra-a-los-alumnos-distinguidos-con-excelencia-academica-cultural-y-deportiva\/\" \/>\n<meta property=\"og:site_name\" content=\"CETYS\" \/>\n<meta property=\"article:publisher\" content=\"https:\/\/www.facebook.com\/cetysuniversidadmxl\/\" \/>\n<meta property=\"article:published_time\" content=\"2025-09-10T22:25:58+00:00\" \/>\n<meta property=\"article:modified_time\" content=\"2025-09-11T23:31:55+00:00\" \/>\n<meta property=\"og:image\" content=\"https:\/\/www.cetys.mx\/noticias\/wp-content\/uploads\/2025\/09\/Alumnos-Distinguidos-CETYS-TijAgo25-2-1.png\" \/>\n\t<meta property=\"og:image:width\" content=\"958\" \/>\n\t<meta property=\"og:image:height\" content=\"637\" \/>\n\t<meta property=\"og:image:type\" content=\"image\/png\" \/>\n<meta name=\"author\" content=\"Campus Tijuana\" \/>\n<meta name=\"twitter:card\" content=\"summary_large_image\" \/>\n<meta name=\"twitter:creator\" content=\"@cetysuni\" \/>\n<meta name=\"twitter:site\" content=\"@cetysuni\" \/>\n<meta name=\"twitter:label1\" content=\"Escrito por\" \/>\n\t<meta name=\"twitter:data1\" content=\"Campus Tijuana\" \/>\n\t<meta name=\"twitter:label2\" content=\"Tiempo de lectura\" \/>\n\t<meta name=\"twitter:data2\" content=\"3 minutos\" \/>\n<script type=\"application\/ld+json\" class=\"yoast-schema-graph\">{\"@context\":\"https:\\\/\\\/schema.org\",\"@graph\":[{\"@type\":\"Article\",\"@id\":\"https:\\\/\\\/www.cetys.mx\\\/noticias\\\/cetys-tijuana-celebra-a-los-alumnos-distinguidos-con-excelencia-academica-cultural-y-deportiva\\\/#article\",\"isPartOf\":{\"@id\":\"https:\\\/\\\/www.cetys.mx\\\/noticias\\\/cetys-tijuana-celebra-a-los-alumnos-distinguidos-con-excelencia-academica-cultural-y-deportiva\\\/\"},\"author\":{\"name\":\"Campus Tijuana\",\"@id\":\"https:\\\/\\\/www.cetys.mx\\\/noticias\\\/#\\\/schema\\\/person\\\/e790051ce60e18ae47cfa87011c8653f\"},\"headline\":\"CETYS Tijuana celebra a los Alumnos Distinguidos con excelencia acad\u00e9mica, cultural y deportiva\",\"datePublished\":\"2025-09-10T22:25:58+00:00\",\"dateModified\":\"2025-09-11T23:31:55+00:00\",\"mainEntityOfPage\":{\"@id\":\"https:\\\/\\\/www.cetys.mx\\\/noticias\\\/cetys-tijuana-celebra-a-los-alumnos-distinguidos-con-excelencia-academica-cultural-y-deportiva\\\/\"},\"wordCount\":517,\"commentCount\":0,\"image\":{\"@id\":\"https:\\\/\\\/www.cetys.mx\\\/noticias\\\/cetys-tijuana-celebra-a-los-alumnos-distinguidos-con-excelencia-academica-cultural-y-deportiva\\\/#primaryimage\"},\"thumbnailUrl\":\"https:\\\/\\\/www.cetys.mx\\\/noticias\\\/wp-content\\\/uploads\\\/2025\\\/09\\\/Alumnos-Distinguidos-CETYS-TijAgo25-2-1.png\",\"keywords\":[\"AdministraciondeEmpresas\",\"campustijuana\",\"CEDE\",\"cienciascomputacionales\",\"Derecho\",\"Industrial\",\"InteligenciadeNegocioseInnovacion\",\"LogisticayComercioInternacional\",\"Mec\u00e1nica\",\"Mecatr\u00f3nica\",\"Preparatoria\",\"psicologiainfantil\"],\"articleSection\":[\"Campus Tijuana\",\"Galer\u00eda\",\"Portada\"],\"inLanguage\":\"es\",\"potentialAction\":[{\"@type\":\"CommentAction\",\"name\":\"Comment\",\"target\":[\"https:\\\/\\\/www.cetys.mx\\\/noticias\\\/cetys-tijuana-celebra-a-los-alumnos-distinguidos-con-excelencia-academica-cultural-y-deportiva\\\/#respond\"]}]},{\"@type\":\"WebPage\",\"@id\":\"https:\\\/\\\/www.cetys.mx\\\/noticias\\\/cetys-tijuana-celebra-a-los-alumnos-distinguidos-con-excelencia-academica-cultural-y-deportiva\\\/\",\"url\":\"https:\\\/\\\/www.cetys.mx\\\/noticias\\\/cetys-tijuana-celebra-a-los-alumnos-distinguidos-con-excelencia-academica-cultural-y-deportiva\\\/\",\"name\":\"CETYS Tijuana celebra a los Alumnos Distinguidos con excelencia acad\u00e9mica, cultural y deportiva - CETYS\",\"isPartOf\":{\"@id\":\"https:\\\/\\\/www.cetys.mx\\\/noticias\\\/#website\"},\"primaryImageOfPage\":{\"@id\":\"https:\\\/\\\/www.cetys.mx\\\/noticias\\\/cetys-tijuana-celebra-a-los-alumnos-distinguidos-con-excelencia-academica-cultural-y-deportiva\\\/#primaryimage\"},\"image\":{\"@id\":\"https:\\\/\\\/www.cetys.mx\\\/noticias\\\/cetys-tijuana-celebra-a-los-alumnos-distinguidos-con-excelencia-academica-cultural-y-deportiva\\\/#primaryimage\"},\"thumbnailUrl\":\"https:\\\/\\\/www.cetys.mx\\\/noticias\\\/wp-content\\\/uploads\\\/2025\\\/09\\\/Alumnos-Distinguidos-CETYS-TijAgo25-2-1.png\",\"datePublished\":\"2025-09-10T22:25:58+00:00\",\"dateModified\":\"2025-09-11T23:31:55+00:00\",\"author\":{\"@id\":\"https:\\\/\\\/www.cetys.mx\\\/noticias\\\/#\\\/schema\\\/person\\\/e790051ce60e18ae47cfa87011c8653f\"},\"description\":\"Articulo sobre CETYS Tijuana celebra a los Alumnos Distinguidos con excelencia acad\u00e9mica, cultural y deportiva\",\"breadcrumb\":{\"@id\":\"https:\\\/\\\/www.cetys.mx\\\/noticias\\\/cetys-tijuana-celebra-a-los-alumnos-distinguidos-con-excelencia-academica-cultural-y-deportiva\\\/#breadcrumb\"},\"inLanguage\":\"es\",\"potentialAction\":[{\"@type\":\"ReadAction\",\"target\":[\"https:\\\/\\\/www.cetys.mx\\\/noticias\\\/cetys-tijuana-celebra-a-los-alumnos-distinguidos-con-excelencia-academica-cultural-y-deportiva\\\/\"]}]},{\"@type\":\"ImageObject\",\"inLanguage\":\"es\",\"@id\":\"https:\\\/\\\/www.cetys.mx\\\/noticias\\\/cetys-tijuana-celebra-a-los-alumnos-distinguidos-con-excelencia-academica-cultural-y-deportiva\\\/#primaryimage\",\"url\":\"https:\\\/\\\/www.cetys.mx\\\/noticias\\\/wp-content\\\/uploads\\\/2025\\\/09\\\/Alumnos-Distinguidos-CETYS-TijAgo25-2-1.png\",\"contentUrl\":\"https:\\\/\\\/www.cetys.mx\\\/noticias\\\/wp-content\\\/uploads\\\/2025\\\/09\\\/Alumnos-Distinguidos-CETYS-TijAgo25-2-1.png\",\"width\":958,\"height\":637},{\"@type\":\"BreadcrumbList\",\"@id\":\"https:\\\/\\\/www.cetys.mx\\\/noticias\\\/cetys-tijuana-celebra-a-los-alumnos-distinguidos-con-excelencia-academica-cultural-y-deportiva\\\/#breadcrumb\",\"itemListElement\":[{\"@type\":\"ListItem\",\"position\":1,\"name\":\"Inicio\",\"item\":\"https:\\\/\\\/www.cetys.mx\\\/noticias\\\/\"},{\"@type\":\"ListItem\",\"position\":2,\"name\":\"CETYS Tijuana celebra a los Alumnos Distinguidos con excelencia acad\u00e9mica, cultural y deportiva\"}]},{\"@type\":\"WebSite\",\"@id\":\"https:\\\/\\\/www.cetys.mx\\\/noticias\\\/#website\",\"url\":\"https:\\\/\\\/www.cetys.mx\\\/noticias\\\/\",\"name\":\"CETYS\",\"description\":\"\",\"potentialAction\":[{\"@type\":\"SearchAction\",\"target\":{\"@type\":\"EntryPoint\",\"urlTemplate\":\"https:\\\/\\\/www.cetys.mx\\\/noticias\\\/?s={search_term_string}\"},\"query-input\":{\"@type\":\"PropertyValueSpecification\",\"valueRequired\":true,\"valueName\":\"search_term_string\"}}],\"inLanguage\":\"es\"},{\"@type\":\"Person\",\"@id\":\"https:\\\/\\\/www.cetys.mx\\\/noticias\\\/#\\\/schema\\\/person\\\/e790051ce60e18ae47cfa87011c8653f\",\"name\":\"Campus Tijuana\",\"url\":\"https:\\\/\\\/www.cetys.mx\\\/noticias\\\/author\\\/campustijuana\\\/\"}]}<\/script>\n<!-- \/ Yoast SEO plugin. -->","yoast_head_json":{"title":"CETYS Tijuana celebra a los Alumnos Distinguidos con excelencia acad\u00e9mica, cultural y deportiva - CETYS","description":"Articulo sobre CETYS Tijuana celebra a los Alumnos Distinguidos con excelencia acad\u00e9mica, cultural y deportiva","robots":{"index":"index","follow":"follow","max-snippet":"max-snippet:-1","max-image-preview":"max-image-preview:large","max-video-preview":"max-video-preview:-1"},"canonical":"https:\/\/www.cetys.mx\/noticias\/cetys-tijuana-celebra-a-los-alumnos-distinguidos-con-excelencia-academica-cultural-y-deportiva\/","og_locale":"es_MX","og_type":"article","og_title":"CETYS Tijuana celebra a los Alumnos Distinguidos con excelencia acad\u00e9mica, cultural y deportiva - CETYS","og_description":"Articulo sobre CETYS Tijuana celebra a los Alumnos Distinguidos con excelencia acad\u00e9mica, cultural y deportiva","og_url":"https:\/\/www.cetys.mx\/noticias\/cetys-tijuana-celebra-a-los-alumnos-distinguidos-con-excelencia-academica-cultural-y-deportiva\/","og_site_name":"CETYS","article_publisher":"https:\/\/www.facebook.com\/cetysuniversidadmxl\/","article_published_time":"2025-09-10T22:25:58+00:00","article_modified_time":"2025-09-11T23:31:55+00:00","og_image":[{"width":958,"height":637,"url":"https:\/\/www.cetys.mx\/noticias\/wp-content\/uploads\/2025\/09\/Alumnos-Distinguidos-CETYS-TijAgo25-2-1.png","type":"image\/png"}],"author":"Campus Tijuana","twitter_card":"summary_large_image","twitter_creator":"@cetysuni","twitter_site":"@cetysuni","twitter_misc":{"Escrito por":"Campus Tijuana","Tiempo de lectura":"3 minutos"},"schema":{"@context":"https:\/\/schema.org","@graph":[{"@type":"Article","@id":"https:\/\/www.cetys.mx\/noticias\/cetys-tijuana-celebra-a-los-alumnos-distinguidos-con-excelencia-academica-cultural-y-deportiva\/#article","isPartOf":{"@id":"https:\/\/www.cetys.mx\/noticias\/cetys-tijuana-celebra-a-los-alumnos-distinguidos-con-excelencia-academica-cultural-y-deportiva\/"},"author":{"name":"Campus Tijuana","@id":"https:\/\/www.cetys.mx\/noticias\/#\/schema\/person\/e790051ce60e18ae47cfa87011c8653f"},"headline":"CETYS Tijuana celebra a los Alumnos Distinguidos con excelencia acad\u00e9mica, cultural y deportiva","datePublished":"2025-09-10T22:25:58+00:00","dateModified":"2025-09-11T23:31:55+00:00","mainEntityOfPage":{"@id":"https:\/\/www.cetys.mx\/noticias\/cetys-tijuana-celebra-a-los-alumnos-distinguidos-con-excelencia-academica-cultural-y-deportiva\/"},"wordCount":517,"commentCount":0,"image":{"@id":"https:\/\/www.cetys.mx\/noticias\/cetys-tijuana-celebra-a-los-alumnos-distinguidos-con-excelencia-academica-cultural-y-deportiva\/#primaryimage"},"thumbnailUrl":"https:\/\/www.cetys.mx\/noticias\/wp-content\/uploads\/2025\/09\/Alumnos-Distinguidos-CETYS-TijAgo25-2-1.png","keywords":["AdministraciondeEmpresas","campustijuana","CEDE","cienciascomputacionales","Derecho","Industrial","InteligenciadeNegocioseInnovacion","LogisticayComercioInternacional","Mec\u00e1nica","Mecatr\u00f3nica","Preparatoria","psicologiainfantil"],"articleSection":["Campus Tijuana","Galer\u00eda","Portada"],"inLanguage":"es","potentialAction":[{"@type":"CommentAction","name":"Comment","target":["https:\/\/www.cetys.mx\/noticias\/cetys-tijuana-celebra-a-los-alumnos-distinguidos-con-excelencia-academica-cultural-y-deportiva\/#respond"]}]},{"@type":"WebPage","@id":"https:\/\/www.cetys.mx\/noticias\/cetys-tijuana-celebra-a-los-alumnos-distinguidos-con-excelencia-academica-cultural-y-deportiva\/","url":"https:\/\/www.cetys.mx\/noticias\/cetys-tijuana-celebra-a-los-alumnos-distinguidos-con-excelencia-academica-cultural-y-deportiva\/","name":"CETYS Tijuana celebra a los Alumnos Distinguidos con excelencia acad\u00e9mica, cultural y deportiva - CETYS","isPartOf":{"@id":"https:\/\/www.cetys.mx\/noticias\/#website"},"primaryImageOfPage":{"@id":"https:\/\/www.cetys.mx\/noticias\/cetys-tijuana-celebra-a-los-alumnos-distinguidos-con-excelencia-academica-cultural-y-deportiva\/#primaryimage"},"image":{"@id":"https:\/\/www.cetys.mx\/noticias\/cetys-tijuana-celebra-a-los-alumnos-distinguidos-con-excelencia-academica-cultural-y-deportiva\/#primaryimage"},"thumbnailUrl":"https:\/\/www.cetys.mx\/noticias\/wp-content\/uploads\/2025\/09\/Alumnos-Distinguidos-CETYS-TijAgo25-2-1.png","datePublished":"2025-09-10T22:25:58+00:00","dateModified":"2025-09-11T23:31:55+00:00","author":{"@id":"https:\/\/www.cetys.mx\/noticias\/#\/schema\/person\/e790051ce60e18ae47cfa87011c8653f"},"description":"Articulo sobre CETYS Tijuana celebra a los Alumnos Distinguidos con excelencia acad\u00e9mica, cultural y deportiva","breadcrumb":{"@id":"https:\/\/www.cetys.mx\/noticias\/cetys-tijuana-celebra-a-los-alumnos-distinguidos-con-excelencia-academica-cultural-y-deportiva\/#breadcrumb"},"inLanguage":"es","potentialAction":[{"@type":"ReadAction","target":["https:\/\/www.cetys.mx\/noticias\/cetys-tijuana-celebra-a-los-alumnos-distinguidos-con-excelencia-academica-cultural-y-deportiva\/"]}]},{"@type":"ImageObject","inLanguage":"es","@id":"https:\/\/www.cetys.mx\/noticias\/cetys-tijuana-celebra-a-los-alumnos-distinguidos-con-excelencia-academica-cultural-y-deportiva\/#primaryimage","url":"https:\/\/www.cetys.mx\/noticias\/wp-content\/uploads\/2025\/09\/Alumnos-Distinguidos-CETYS-TijAgo25-2-1.png","contentUrl":"https:\/\/www.cetys.mx\/noticias\/wp-content\/uploads\/2025\/09\/Alumnos-Distinguidos-CETYS-TijAgo25-2-1.png","width":958,"height":637},{"@type":"BreadcrumbList","@id":"https:\/\/www.cetys.mx\/noticias\/cetys-tijuana-celebra-a-los-alumnos-distinguidos-con-excelencia-academica-cultural-y-deportiva\/#breadcrumb","itemListElement":[{"@type":"ListItem","position":1,"name":"Inicio","item":"https:\/\/www.cetys.mx\/noticias\/"},{"@type":"ListItem","position":2,"name":"CETYS Tijuana celebra a los Alumnos Distinguidos con excelencia acad\u00e9mica, cultural y deportiva"}]},{"@type":"WebSite","@id":"https:\/\/www.cetys.mx\/noticias\/#website","url":"https:\/\/www.cetys.mx\/noticias\/","name":"CETYS","description":"","potentialAction":[{"@type":"SearchAction","target":{"@type":"EntryPoint","urlTemplate":"https:\/\/www.cetys.mx\/noticias\/?s={search_term_string}"},"query-input":{"@type":"PropertyValueSpecification","valueRequired":true,"valueName":"search_term_string"}}],"inLanguage":"es"},{"@type":"Person","@id":"https:\/\/www.cetys.mx\/noticias\/#\/schema\/person\/e790051ce60e18ae47cfa87011c8653f","name":"Campus Tijuana","url":"https:\/\/www.cetys.mx\/noticias\/author\/campustijuana\/"}]}},"_links":{"self":[{"href":"https:\/\/www.cetys.mx\/noticias\/wp-json\/wp\/v2\/posts\/215936","targetHints":{"allow":["GET"]}}],"collection":[{"href":"https:\/\/www.cetys.mx\/noticias\/wp-json\/wp\/v2\/posts"}],"about":[{"href":"https:\/\/www.cetys.mx\/noticias\/wp-json\/wp\/v2\/types\/post"}],"author":[{"embeddable":true,"href":"https:\/\/www.cetys.mx\/noticias\/wp-json\/wp\/v2\/users\/24"}],"replies":[{"embeddable":true,"href":"https:\/\/www.cetys.mx\/noticias\/wp-json\/wp\/v2\/comments?post=215936"}],"version-history":[{"count":5,"href":"https:\/\/www.cetys.mx\/noticias\/wp-json\/wp\/v2\/posts\/215936\/revisions"}],"predecessor-version":[{"id":216024,"href":"https:\/\/www.cetys.mx\/noticias\/wp-json\/wp\/v2\/posts\/215936\/revisions\/216024"}],"wp:featuredmedia":[{"embeddable":true,"href":"https:\/\/www.cetys.mx\/noticias\/wp-json\/wp\/v2\/media\/215939"}],"wp:attachment":[{"href":"https:\/\/www.cetys.mx\/noticias\/wp-json\/wp\/v2\/media?parent=215936"}],"wp:term":[{"taxonomy":"category","embeddable":true,"href":"https:\/\/www.cetys.mx\/noticias\/wp-json\/wp\/v2\/categories?post=215936"},{"taxonomy":"post_tag","embeddable":true,"href":"https:\/\/www.cetys.mx\/noticias\/wp-json\/wp\/v2\/tags?post=215936"}],"curies":[{"name":"wp","href":"https:\/\/api.w.org\/{rel}","templated":true}]}}