{"id":215587,"date":"2025-09-02T13:32:47","date_gmt":"2025-09-02T20:32:47","guid":{"rendered":"https:\/\/www.cetys.mx\/noticias\/?p=215587"},"modified":"2025-09-02T13:33:06","modified_gmt":"2025-09-02T20:33:06","slug":"celebramos-el-dia-vidacetys-en-campus-tijuana","status":"publish","type":"post","link":"https:\/\/www.cetys.mx\/noticias\/celebramos-el-dia-vidacetys-en-campus-tijuana\/","title":{"rendered":"[Galer\u00eda] Celebramos el D\u00eda #VidaCETYS en Campus Tijuana"},"content":{"rendered":"<p data-start=\"297\" data-end=\"531\">Con gran entusiasmo se llev\u00f3 a cabo el <em data-start=\"336\" data-end=\"352\">D\u00eda #VidaCETYS<\/em> en Campus Tijuana, un espacio donde las y los estudiantes conocieron la oferta de talleres culturales, deportivos y recreativos, as\u00ed como la diversidad de grupos estudiantiles a los que pueden pertenecer.<\/p>\n<p data-start=\"533\" data-end=\"714\">La jornada tuvo como prop\u00f3sito acercar al alumnado a las m\u00faltiples actividades que forman parte de <em data-start=\"632\" data-end=\"644\">Vida CETYS<\/em>, fomentando la integraci\u00f3n, el bienestar y el sentido de comunidad.<\/p>\n<p data-start=\"716\" data-end=\"793\">&#x1f4f8; Te invitamos a revivir los mejores momentos en nuestra galer\u00eda de fotos:<\/p>\n\n            <style type='text\/css'>\n                #gallery-1 {\n                    margin: auto;\n                }\n                #gallery-1 .gallery-item {\n                    float: left;\n                    margin-top: 10px;\n                    text-align: center;\n                    width: 33%;\n                }\n                #gallery-1 img {\n                    border: 2px solid #cfcfcf;\n                }\n                #gallery-1 .gallery-caption {\n                    margin-left: 0;\n                }\n                \/* see gallery_shortcode() in wp-includes\/media.php *\/\n            <\/style>\n\t\t<div id='gallery-1' class='gallery galleryid-215587 gallery-columns-3 gallery-size-thumbnail'><dl class='gallery-item'>\n                <dt class='gallery-icon landscape'>\n                    <a href='https:\/\/www.cetys.mx\/noticias\/celebramos-el-dia-vidacetys-en-campus-tijuana\/dia-vida-cetys-5\/'><img loading=\"lazy\" decoding=\"async\" width=\"128\" height=\"85\" src=\"https:\/\/www.cetys.mx\/noticias\/wp-content\/uploads\/2025\/09\/Dia-Vida-CETYS-5.png\" class=\"attachment-thumbnail size-thumbnail\" alt=\"\" srcset=\"https:\/\/www.cetys.mx\/noticias\/wp-content\/uploads\/2025\/09\/Dia-Vida-CETYS-5.png 958w, https:\/\/www.cetys.mx\/noticias\/wp-content\/uploads\/2025\/09\/Dia-Vida-CETYS-5-768x511.png 768w\" sizes=\"auto, (max-width: 128px) 100vw, 128px\" \/><\/a>\n                <\/dt><\/dl><dl class='gallery-item'>\n                <dt class='gallery-icon landscape'>\n                    <a href='https:\/\/www.cetys.mx\/noticias\/celebramos-el-dia-vidacetys-en-campus-tijuana\/dia-vida-cetys-3\/'><img loading=\"lazy\" decoding=\"async\" width=\"128\" height=\"85\" src=\"https:\/\/www.cetys.mx\/noticias\/wp-content\/uploads\/2025\/09\/Dia-Vida-CETYS-3.png\" class=\"attachment-thumbnail size-thumbnail\" alt=\"\" srcset=\"https:\/\/www.cetys.mx\/noticias\/wp-content\/uploads\/2025\/09\/Dia-Vida-CETYS-3.png 958w, https:\/\/www.cetys.mx\/noticias\/wp-content\/uploads\/2025\/09\/Dia-Vida-CETYS-3-768x511.png 768w\" sizes=\"auto, (max-width: 128px) 100vw, 128px\" \/><\/a>\n                <\/dt><\/dl><dl class='gallery-item'>\n                <dt class='gallery-icon landscape'>\n                    <a href='https:\/\/www.cetys.mx\/noticias\/celebramos-el-dia-vidacetys-en-campus-tijuana\/dia-vida-cetys-15\/'><img loading=\"lazy\" decoding=\"async\" width=\"128\" height=\"85\" src=\"https:\/\/www.cetys.mx\/noticias\/wp-content\/uploads\/2025\/09\/Dia-Vida-CETYS-15.png\" class=\"attachment-thumbnail size-thumbnail\" alt=\"\" srcset=\"https:\/\/www.cetys.mx\/noticias\/wp-content\/uploads\/2025\/09\/Dia-Vida-CETYS-15.png 958w, https:\/\/www.cetys.mx\/noticias\/wp-content\/uploads\/2025\/09\/Dia-Vida-CETYS-15-768x511.png 768w\" sizes=\"auto, (max-width: 128px) 100vw, 128px\" \/><\/a>\n                <\/dt><\/dl><br style=\"clear: both\" \/><dl class='gallery-item'>\n                <dt class='gallery-icon landscape'>\n                    <a href='https:\/\/www.cetys.mx\/noticias\/celebramos-el-dia-vidacetys-en-campus-tijuana\/dia-vida-cetys-10\/'><img loading=\"lazy\" decoding=\"async\" width=\"128\" height=\"85\" src=\"https:\/\/www.cetys.mx\/noticias\/wp-content\/uploads\/2025\/09\/Dia-Vida-CETYS-10.png\" class=\"attachment-thumbnail size-thumbnail\" alt=\"\" srcset=\"https:\/\/www.cetys.mx\/noticias\/wp-content\/uploads\/2025\/09\/Dia-Vida-CETYS-10.png 958w, https:\/\/www.cetys.mx\/noticias\/wp-content\/uploads\/2025\/09\/Dia-Vida-CETYS-10-768x511.png 768w\" sizes=\"auto, (max-width: 128px) 100vw, 128px\" \/><\/a>\n                <\/dt><\/dl><dl class='gallery-item'>\n                <dt class='gallery-icon landscape'>\n                    <a href='https:\/\/www.cetys.mx\/noticias\/celebramos-el-dia-vidacetys-en-campus-tijuana\/dia-vida-cetys-11\/'><img loading=\"lazy\" decoding=\"async\" width=\"128\" height=\"85\" src=\"https:\/\/www.cetys.mx\/noticias\/wp-content\/uploads\/2025\/09\/Dia-Vida-CETYS-11.png\" class=\"attachment-thumbnail size-thumbnail\" alt=\"\" srcset=\"https:\/\/www.cetys.mx\/noticias\/wp-content\/uploads\/2025\/09\/Dia-Vida-CETYS-11.png 958w, https:\/\/www.cetys.mx\/noticias\/wp-content\/uploads\/2025\/09\/Dia-Vida-CETYS-11-768x511.png 768w\" sizes=\"auto, (max-width: 128px) 100vw, 128px\" \/><\/a>\n                <\/dt><\/dl><dl class='gallery-item'>\n                <dt class='gallery-icon landscape'>\n                    <a href='https:\/\/www.cetys.mx\/noticias\/celebramos-el-dia-vidacetys-en-campus-tijuana\/dia-vida-cetys-14\/'><img loading=\"lazy\" decoding=\"async\" width=\"128\" height=\"85\" src=\"https:\/\/www.cetys.mx\/noticias\/wp-content\/uploads\/2025\/09\/Dia-Vida-CETYS-14.png\" class=\"attachment-thumbnail size-thumbnail\" alt=\"\" srcset=\"https:\/\/www.cetys.mx\/noticias\/wp-content\/uploads\/2025\/09\/Dia-Vida-CETYS-14.png 958w, https:\/\/www.cetys.mx\/noticias\/wp-content\/uploads\/2025\/09\/Dia-Vida-CETYS-14-768x511.png 768w\" sizes=\"auto, (max-width: 128px) 100vw, 128px\" \/><\/a>\n                <\/dt><\/dl><br style=\"clear: both\" \/><dl class='gallery-item'>\n                <dt class='gallery-icon landscape'>\n                    <a href='https:\/\/www.cetys.mx\/noticias\/celebramos-el-dia-vidacetys-en-campus-tijuana\/dia-vida-cetys-8\/'><img loading=\"lazy\" decoding=\"async\" width=\"128\" height=\"85\" src=\"https:\/\/www.cetys.mx\/noticias\/wp-content\/uploads\/2025\/09\/Dia-Vida-CETYS-8.png\" class=\"attachment-thumbnail size-thumbnail\" alt=\"\" srcset=\"https:\/\/www.cetys.mx\/noticias\/wp-content\/uploads\/2025\/09\/Dia-Vida-CETYS-8.png 958w, https:\/\/www.cetys.mx\/noticias\/wp-content\/uploads\/2025\/09\/Dia-Vida-CETYS-8-768x511.png 768w\" sizes=\"auto, (max-width: 128px) 100vw, 128px\" \/><\/a>\n                <\/dt><\/dl><dl class='gallery-item'>\n                <dt class='gallery-icon landscape'>\n                    <a href='https:\/\/www.cetys.mx\/noticias\/celebramos-el-dia-vidacetys-en-campus-tijuana\/dia-vida-cetys-7\/'><img loading=\"lazy\" decoding=\"async\" width=\"128\" height=\"85\" src=\"https:\/\/www.cetys.mx\/noticias\/wp-content\/uploads\/2025\/09\/Dia-Vida-CETYS-7.png\" class=\"attachment-thumbnail size-thumbnail\" alt=\"\" srcset=\"https:\/\/www.cetys.mx\/noticias\/wp-content\/uploads\/2025\/09\/Dia-Vida-CETYS-7.png 958w, https:\/\/www.cetys.mx\/noticias\/wp-content\/uploads\/2025\/09\/Dia-Vida-CETYS-7-768x511.png 768w\" sizes=\"auto, (max-width: 128px) 100vw, 128px\" \/><\/a>\n                <\/dt><\/dl><dl class='gallery-item'>\n                <dt class='gallery-icon landscape'>\n                    <a href='https:\/\/www.cetys.mx\/noticias\/celebramos-el-dia-vidacetys-en-campus-tijuana\/dia-vida-cetys-9\/'><img loading=\"lazy\" decoding=\"async\" width=\"128\" height=\"85\" src=\"https:\/\/www.cetys.mx\/noticias\/wp-content\/uploads\/2025\/09\/Dia-Vida-CETYS-9.png\" class=\"attachment-thumbnail size-thumbnail\" alt=\"\" srcset=\"https:\/\/www.cetys.mx\/noticias\/wp-content\/uploads\/2025\/09\/Dia-Vida-CETYS-9.png 958w, https:\/\/www.cetys.mx\/noticias\/wp-content\/uploads\/2025\/09\/Dia-Vida-CETYS-9-768x511.png 768w\" sizes=\"auto, (max-width: 128px) 100vw, 128px\" \/><\/a>\n                <\/dt><\/dl><br style=\"clear: both\" \/><dl class='gallery-item'>\n                <dt class='gallery-icon landscape'>\n                    <a href='https:\/\/www.cetys.mx\/noticias\/celebramos-el-dia-vidacetys-en-campus-tijuana\/dia-vida-cetys-13\/'><img loading=\"lazy\" decoding=\"async\" width=\"128\" height=\"85\" src=\"https:\/\/www.cetys.mx\/noticias\/wp-content\/uploads\/2025\/09\/Dia-Vida-CETYS-13.png\" class=\"attachment-thumbnail size-thumbnail\" alt=\"\" srcset=\"https:\/\/www.cetys.mx\/noticias\/wp-content\/uploads\/2025\/09\/Dia-Vida-CETYS-13.png 958w, https:\/\/www.cetys.mx\/noticias\/wp-content\/uploads\/2025\/09\/Dia-Vida-CETYS-13-768x511.png 768w\" sizes=\"auto, (max-width: 128px) 100vw, 128px\" \/><\/a>\n                <\/dt><\/dl><dl class='gallery-item'>\n                <dt class='gallery-icon landscape'>\n                    <a href='https:\/\/www.cetys.mx\/noticias\/celebramos-el-dia-vidacetys-en-campus-tijuana\/dia-vida-cetys-29\/'><img loading=\"lazy\" decoding=\"async\" width=\"128\" height=\"85\" src=\"https:\/\/www.cetys.mx\/noticias\/wp-content\/uploads\/2025\/09\/Dia-Vida-CETYS-29.png\" class=\"attachment-thumbnail size-thumbnail\" alt=\"\" srcset=\"https:\/\/www.cetys.mx\/noticias\/wp-content\/uploads\/2025\/09\/Dia-Vida-CETYS-29.png 958w, https:\/\/www.cetys.mx\/noticias\/wp-content\/uploads\/2025\/09\/Dia-Vida-CETYS-29-768x511.png 768w\" sizes=\"auto, (max-width: 128px) 100vw, 128px\" \/><\/a>\n                <\/dt><\/dl><dl class='gallery-item'>\n                <dt class='gallery-icon landscape'>\n                    <a href='https:\/\/www.cetys.mx\/noticias\/celebramos-el-dia-vidacetys-en-campus-tijuana\/cetys-mx-68\/'><img loading=\"lazy\" decoding=\"async\" width=\"128\" height=\"85\" src=\"https:\/\/www.cetys.mx\/noticias\/wp-content\/uploads\/2025\/09\/CETYS-MX-68.png\" class=\"attachment-thumbnail size-thumbnail\" alt=\"\" srcset=\"https:\/\/www.cetys.mx\/noticias\/wp-content\/uploads\/2025\/09\/CETYS-MX-68.png 958w, https:\/\/www.cetys.mx\/noticias\/wp-content\/uploads\/2025\/09\/CETYS-MX-68-768x511.png 768w\" sizes=\"auto, (max-width: 128px) 100vw, 128px\" \/><\/a>\n                <\/dt><\/dl><br style=\"clear: both\" \/><dl class='gallery-item'>\n                <dt class='gallery-icon landscape'>\n                    <a href='https:\/\/www.cetys.mx\/noticias\/celebramos-el-dia-vidacetys-en-campus-tijuana\/dia-vida-cetys-6\/'><img loading=\"lazy\" decoding=\"async\" width=\"128\" height=\"85\" src=\"https:\/\/www.cetys.mx\/noticias\/wp-content\/uploads\/2025\/09\/Dia-Vida-CETYS-6.png\" class=\"attachment-thumbnail size-thumbnail\" alt=\"\" srcset=\"https:\/\/www.cetys.mx\/noticias\/wp-content\/uploads\/2025\/09\/Dia-Vida-CETYS-6.png 958w, https:\/\/www.cetys.mx\/noticias\/wp-content\/uploads\/2025\/09\/Dia-Vida-CETYS-6-768x511.png 768w\" sizes=\"auto, (max-width: 128px) 100vw, 128px\" \/><\/a>\n                <\/dt><\/dl><dl class='gallery-item'>\n                <dt class='gallery-icon landscape'>\n                    <a href='https:\/\/www.cetys.mx\/noticias\/celebramos-el-dia-vidacetys-en-campus-tijuana\/dia-vida-cetys-12\/'><img loading=\"lazy\" decoding=\"async\" width=\"128\" height=\"85\" src=\"https:\/\/www.cetys.mx\/noticias\/wp-content\/uploads\/2025\/09\/Dia-Vida-CETYS-12.png\" class=\"attachment-thumbnail size-thumbnail\" alt=\"\" srcset=\"https:\/\/www.cetys.mx\/noticias\/wp-content\/uploads\/2025\/09\/Dia-Vida-CETYS-12.png 958w, https:\/\/www.cetys.mx\/noticias\/wp-content\/uploads\/2025\/09\/Dia-Vida-CETYS-12-768x511.png 768w\" sizes=\"auto, (max-width: 128px) 100vw, 128px\" \/><\/a>\n                <\/dt><\/dl><dl class='gallery-item'>\n                <dt class='gallery-icon landscape'>\n                    <a href='https:\/\/www.cetys.mx\/noticias\/celebramos-el-dia-vidacetys-en-campus-tijuana\/dia-vida-cetys-2\/'><img loading=\"lazy\" decoding=\"async\" width=\"128\" height=\"85\" src=\"https:\/\/www.cetys.mx\/noticias\/wp-content\/uploads\/2025\/09\/Dia-Vida-CETYS-2.png\" class=\"attachment-thumbnail size-thumbnail\" alt=\"\" srcset=\"https:\/\/www.cetys.mx\/noticias\/wp-content\/uploads\/2025\/09\/Dia-Vida-CETYS-2.png 958w, https:\/\/www.cetys.mx\/noticias\/wp-content\/uploads\/2025\/09\/Dia-Vida-CETYS-2-768x511.png 768w\" sizes=\"auto, (max-width: 128px) 100vw, 128px\" \/><\/a>\n                <\/dt><\/dl><br style=\"clear: both\" \/><dl class='gallery-item'>\n                <dt class='gallery-icon landscape'>\n                    <a href='https:\/\/www.cetys.mx\/noticias\/celebramos-el-dia-vidacetys-en-campus-tijuana\/dia-vida-cetys-19\/'><img loading=\"lazy\" decoding=\"async\" width=\"128\" height=\"85\" src=\"https:\/\/www.cetys.mx\/noticias\/wp-content\/uploads\/2025\/09\/Dia-Vida-CETYS-19.png\" class=\"attachment-thumbnail size-thumbnail\" alt=\"\" srcset=\"https:\/\/www.cetys.mx\/noticias\/wp-content\/uploads\/2025\/09\/Dia-Vida-CETYS-19.png 958w, https:\/\/www.cetys.mx\/noticias\/wp-content\/uploads\/2025\/09\/Dia-Vida-CETYS-19-768x511.png 768w\" sizes=\"auto, (max-width: 128px) 100vw, 128px\" \/><\/a>\n                <\/dt><\/dl><dl class='gallery-item'>\n                <dt class='gallery-icon landscape'>\n                    <a href='https:\/\/www.cetys.mx\/noticias\/celebramos-el-dia-vidacetys-en-campus-tijuana\/dia-vida-cetys-24\/'><img loading=\"lazy\" decoding=\"async\" width=\"128\" height=\"85\" src=\"https:\/\/www.cetys.mx\/noticias\/wp-content\/uploads\/2025\/09\/Dia-Vida-CETYS-24.png\" class=\"attachment-thumbnail size-thumbnail\" alt=\"\" srcset=\"https:\/\/www.cetys.mx\/noticias\/wp-content\/uploads\/2025\/09\/Dia-Vida-CETYS-24.png 958w, https:\/\/www.cetys.mx\/noticias\/wp-content\/uploads\/2025\/09\/Dia-Vida-CETYS-24-768x511.png 768w\" sizes=\"auto, (max-width: 128px) 100vw, 128px\" \/><\/a>\n                <\/dt><\/dl><dl class='gallery-item'>\n                <dt class='gallery-icon landscape'>\n                    <a href='https:\/\/www.cetys.mx\/noticias\/celebramos-el-dia-vidacetys-en-campus-tijuana\/dia-vida-cetys-21\/'><img loading=\"lazy\" decoding=\"async\" width=\"128\" height=\"85\" src=\"https:\/\/www.cetys.mx\/noticias\/wp-content\/uploads\/2025\/09\/Dia-Vida-CETYS-21.png\" class=\"attachment-thumbnail size-thumbnail\" alt=\"\" srcset=\"https:\/\/www.cetys.mx\/noticias\/wp-content\/uploads\/2025\/09\/Dia-Vida-CETYS-21.png 958w, https:\/\/www.cetys.mx\/noticias\/wp-content\/uploads\/2025\/09\/Dia-Vida-CETYS-21-768x511.png 768w\" sizes=\"auto, (max-width: 128px) 100vw, 128px\" \/><\/a>\n                <\/dt><\/dl><br style=\"clear: both\" \/><dl class='gallery-item'>\n                <dt class='gallery-icon landscape'>\n                    <a href='https:\/\/www.cetys.mx\/noticias\/celebramos-el-dia-vidacetys-en-campus-tijuana\/dia-vida-cetys-28\/'><img loading=\"lazy\" decoding=\"async\" width=\"128\" height=\"85\" src=\"https:\/\/www.cetys.mx\/noticias\/wp-content\/uploads\/2025\/09\/Dia-Vida-CETYS-28.png\" class=\"attachment-thumbnail size-thumbnail\" alt=\"\" srcset=\"https:\/\/www.cetys.mx\/noticias\/wp-content\/uploads\/2025\/09\/Dia-Vida-CETYS-28.png 958w, https:\/\/www.cetys.mx\/noticias\/wp-content\/uploads\/2025\/09\/Dia-Vida-CETYS-28-768x511.png 768w\" sizes=\"auto, (max-width: 128px) 100vw, 128px\" \/><\/a>\n                <\/dt><\/dl><dl class='gallery-item'>\n                <dt class='gallery-icon landscape'>\n                    <a href='https:\/\/www.cetys.mx\/noticias\/celebramos-el-dia-vidacetys-en-campus-tijuana\/dia-vida-cetys-27\/'><img loading=\"lazy\" decoding=\"async\" width=\"128\" height=\"85\" src=\"https:\/\/www.cetys.mx\/noticias\/wp-content\/uploads\/2025\/09\/Dia-Vida-CETYS-27.png\" class=\"attachment-thumbnail size-thumbnail\" alt=\"\" srcset=\"https:\/\/www.cetys.mx\/noticias\/wp-content\/uploads\/2025\/09\/Dia-Vida-CETYS-27.png 958w, https:\/\/www.cetys.mx\/noticias\/wp-content\/uploads\/2025\/09\/Dia-Vida-CETYS-27-768x511.png 768w\" sizes=\"auto, (max-width: 128px) 100vw, 128px\" \/><\/a>\n                <\/dt><\/dl><dl class='gallery-item'>\n                <dt class='gallery-icon landscape'>\n                    <a href='https:\/\/www.cetys.mx\/noticias\/celebramos-el-dia-vidacetys-en-campus-tijuana\/dia-vida-cetys-4\/'><img loading=\"lazy\" decoding=\"async\" width=\"128\" height=\"85\" src=\"https:\/\/www.cetys.mx\/noticias\/wp-content\/uploads\/2025\/09\/Dia-Vida-CETYS-4.png\" class=\"attachment-thumbnail size-thumbnail\" alt=\"\" srcset=\"https:\/\/www.cetys.mx\/noticias\/wp-content\/uploads\/2025\/09\/Dia-Vida-CETYS-4.png 958w, https:\/\/www.cetys.mx\/noticias\/wp-content\/uploads\/2025\/09\/Dia-Vida-CETYS-4-768x511.png 768w\" sizes=\"auto, (max-width: 128px) 100vw, 128px\" \/><\/a>\n                <\/dt><\/dl><br style=\"clear: both\" \/><dl class='gallery-item'>\n                <dt class='gallery-icon landscape'>\n                    <a href='https:\/\/www.cetys.mx\/noticias\/celebramos-el-dia-vidacetys-en-campus-tijuana\/dia-vida-cetys-20\/'><img loading=\"lazy\" decoding=\"async\" width=\"128\" height=\"85\" src=\"https:\/\/www.cetys.mx\/noticias\/wp-content\/uploads\/2025\/09\/Dia-Vida-CETYS-20.png\" class=\"attachment-thumbnail size-thumbnail\" alt=\"\" srcset=\"https:\/\/www.cetys.mx\/noticias\/wp-content\/uploads\/2025\/09\/Dia-Vida-CETYS-20.png 958w, https:\/\/www.cetys.mx\/noticias\/wp-content\/uploads\/2025\/09\/Dia-Vida-CETYS-20-768x511.png 768w\" sizes=\"auto, (max-width: 128px) 100vw, 128px\" \/><\/a>\n                <\/dt><\/dl><dl class='gallery-item'>\n                <dt class='gallery-icon landscape'>\n                    <a href='https:\/\/www.cetys.mx\/noticias\/celebramos-el-dia-vidacetys-en-campus-tijuana\/dia-vida-cetys-18\/'><img loading=\"lazy\" decoding=\"async\" width=\"128\" height=\"85\" src=\"https:\/\/www.cetys.mx\/noticias\/wp-content\/uploads\/2025\/09\/Dia-Vida-CETYS-18.png\" class=\"attachment-thumbnail size-thumbnail\" alt=\"\" srcset=\"https:\/\/www.cetys.mx\/noticias\/wp-content\/uploads\/2025\/09\/Dia-Vida-CETYS-18.png 958w, https:\/\/www.cetys.mx\/noticias\/wp-content\/uploads\/2025\/09\/Dia-Vida-CETYS-18-768x511.png 768w\" sizes=\"auto, (max-width: 128px) 100vw, 128px\" \/><\/a>\n                <\/dt><\/dl><dl class='gallery-item'>\n                <dt class='gallery-icon landscape'>\n                    <a href='https:\/\/www.cetys.mx\/noticias\/celebramos-el-dia-vidacetys-en-campus-tijuana\/dia-vida-cetys-17\/'><img loading=\"lazy\" decoding=\"async\" width=\"128\" height=\"85\" src=\"https:\/\/www.cetys.mx\/noticias\/wp-content\/uploads\/2025\/09\/Dia-Vida-CETYS-17.png\" class=\"attachment-thumbnail size-thumbnail\" alt=\"\" srcset=\"https:\/\/www.cetys.mx\/noticias\/wp-content\/uploads\/2025\/09\/Dia-Vida-CETYS-17.png 958w, https:\/\/www.cetys.mx\/noticias\/wp-content\/uploads\/2025\/09\/Dia-Vida-CETYS-17-768x511.png 768w\" sizes=\"auto, (max-width: 128px) 100vw, 128px\" \/><\/a>\n                <\/dt><\/dl><br style=\"clear: both\" \/><dl class='gallery-item'>\n                <dt class='gallery-icon landscape'>\n                    <a href='https:\/\/www.cetys.mx\/noticias\/celebramos-el-dia-vidacetys-en-campus-tijuana\/dia-vida-cetys-16\/'><img loading=\"lazy\" decoding=\"async\" width=\"128\" height=\"85\" src=\"https:\/\/www.cetys.mx\/noticias\/wp-content\/uploads\/2025\/09\/Dia-Vida-CETYS-16.png\" class=\"attachment-thumbnail size-thumbnail\" alt=\"\" srcset=\"https:\/\/www.cetys.mx\/noticias\/wp-content\/uploads\/2025\/09\/Dia-Vida-CETYS-16.png 958w, https:\/\/www.cetys.mx\/noticias\/wp-content\/uploads\/2025\/09\/Dia-Vida-CETYS-16-768x511.png 768w\" sizes=\"auto, (max-width: 128px) 100vw, 128px\" \/><\/a>\n                <\/dt><\/dl><dl class='gallery-item'>\n                <dt class='gallery-icon landscape'>\n                    <a href='https:\/\/www.cetys.mx\/noticias\/celebramos-el-dia-vidacetys-en-campus-tijuana\/dia-vida-cetys-25\/'><img loading=\"lazy\" decoding=\"async\" width=\"128\" height=\"85\" src=\"https:\/\/www.cetys.mx\/noticias\/wp-content\/uploads\/2025\/09\/Dia-Vida-CETYS-25.png\" class=\"attachment-thumbnail size-thumbnail\" alt=\"\" srcset=\"https:\/\/www.cetys.mx\/noticias\/wp-content\/uploads\/2025\/09\/Dia-Vida-CETYS-25.png 958w, https:\/\/www.cetys.mx\/noticias\/wp-content\/uploads\/2025\/09\/Dia-Vida-CETYS-25-768x511.png 768w\" sizes=\"auto, (max-width: 128px) 100vw, 128px\" \/><\/a>\n                <\/dt><\/dl><dl class='gallery-item'>\n                <dt class='gallery-icon landscape'>\n                    <a href='https:\/\/www.cetys.mx\/noticias\/celebramos-el-dia-vidacetys-en-campus-tijuana\/dia-vida-cetys-23\/'><img loading=\"lazy\" decoding=\"async\" width=\"128\" height=\"85\" src=\"https:\/\/www.cetys.mx\/noticias\/wp-content\/uploads\/2025\/09\/Dia-Vida-CETYS-23.png\" class=\"attachment-thumbnail size-thumbnail\" alt=\"\" srcset=\"https:\/\/www.cetys.mx\/noticias\/wp-content\/uploads\/2025\/09\/Dia-Vida-CETYS-23.png 958w, https:\/\/www.cetys.mx\/noticias\/wp-content\/uploads\/2025\/09\/Dia-Vida-CETYS-23-768x511.png 768w\" sizes=\"auto, (max-width: 128px) 100vw, 128px\" \/><\/a>\n                <\/dt><\/dl><br style=\"clear: both\" \/><dl class='gallery-item'>\n                <dt class='gallery-icon landscape'>\n                    <a href='https:\/\/www.cetys.mx\/noticias\/celebramos-el-dia-vidacetys-en-campus-tijuana\/dia-vida-cetys-22\/'><img loading=\"lazy\" decoding=\"async\" width=\"128\" height=\"85\" src=\"https:\/\/www.cetys.mx\/noticias\/wp-content\/uploads\/2025\/09\/Dia-Vida-CETYS-22.png\" class=\"attachment-thumbnail size-thumbnail\" alt=\"\" srcset=\"https:\/\/www.cetys.mx\/noticias\/wp-content\/uploads\/2025\/09\/Dia-Vida-CETYS-22.png 958w, https:\/\/www.cetys.mx\/noticias\/wp-content\/uploads\/2025\/09\/Dia-Vida-CETYS-22-768x511.png 768w\" sizes=\"auto, (max-width: 128px) 100vw, 128px\" \/><\/a>\n                <\/dt><\/dl>\n                <br style='clear: both' \/>\n            <\/div>\n\n","protected":false},"excerpt":{"rendered":"<p>Con gran entusiasmo se llev\u00f3 a cabo el D\u00eda #VidaCETYS en Campus Tijuana, un espacio donde las y los estudiantes conocieron la&#8230;<\/p>\n","protected":false},"author":24,"featured_media":215614,"comment_status":"open","ping_status":"closed","sticky":false,"template":"","format":"standard","meta":{"footnotes":""},"categories":[134],"tags":[328,721],"class_list":["post-215587","post","type-post","status-publish","format-standard","has-post-thumbnail","hentry","category-campus-tijuana","tag-campustijuana","tag-vida-estudiantil"],"yoast_head":"<!-- This site is optimized with the Yoast SEO plugin v27.4 - https:\/\/yoast.com\/product\/yoast-seo-wordpress\/ -->\n<title>[Galer\u00eda] Celebramos el D\u00eda #VidaCETYS en Campus Tijuana - CETYS<\/title>\n<meta name=\"description\" content=\"Articulo sobre [Galer\u00eda] Celebramos el D\u00eda #VidaCETYS en Campus Tijuana\" \/>\n<meta name=\"robots\" content=\"index, follow, max-snippet:-1, max-image-preview:large, max-video-preview:-1\" \/>\n<link rel=\"canonical\" href=\"https:\/\/www.cetys.mx\/noticias\/celebramos-el-dia-vidacetys-en-campus-tijuana\/\" \/>\n<meta property=\"og:locale\" content=\"es_MX\" \/>\n<meta property=\"og:type\" content=\"article\" \/>\n<meta property=\"og:title\" content=\"[Galer\u00eda] Celebramos el D\u00eda #VidaCETYS en Campus Tijuana - CETYS\" \/>\n<meta property=\"og:description\" content=\"Articulo sobre [Galer\u00eda] Celebramos el D\u00eda #VidaCETYS en Campus Tijuana\" \/>\n<meta property=\"og:url\" content=\"https:\/\/www.cetys.mx\/noticias\/celebramos-el-dia-vidacetys-en-campus-tijuana\/\" \/>\n<meta property=\"og:site_name\" content=\"CETYS\" \/>\n<meta property=\"article:publisher\" content=\"https:\/\/www.facebook.com\/cetysuniversidadmxl\/\" \/>\n<meta property=\"article:published_time\" content=\"2025-09-02T20:32:47+00:00\" \/>\n<meta property=\"article:modified_time\" content=\"2025-09-02T20:33:06+00:00\" \/>\n<meta property=\"og:image\" content=\"https:\/\/www.cetys.mx\/noticias\/wp-content\/uploads\/2025\/09\/Dia-Vida-CETYS.png\" \/>\n\t<meta property=\"og:image:width\" content=\"958\" \/>\n\t<meta property=\"og:image:height\" content=\"637\" \/>\n\t<meta property=\"og:image:type\" content=\"image\/png\" \/>\n<meta name=\"author\" content=\"Campus Tijuana\" \/>\n<meta name=\"twitter:card\" content=\"summary_large_image\" \/>\n<meta name=\"twitter:creator\" content=\"@cetysuni\" \/>\n<meta name=\"twitter:site\" content=\"@cetysuni\" \/>\n<meta name=\"twitter:label1\" content=\"Escrito por\" \/>\n\t<meta name=\"twitter:data1\" content=\"Campus Tijuana\" \/>\n<script type=\"application\/ld+json\" class=\"yoast-schema-graph\">{\"@context\":\"https:\\\/\\\/schema.org\",\"@graph\":[{\"@type\":\"Article\",\"@id\":\"https:\\\/\\\/www.cetys.mx\\\/noticias\\\/celebramos-el-dia-vidacetys-en-campus-tijuana\\\/#article\",\"isPartOf\":{\"@id\":\"https:\\\/\\\/www.cetys.mx\\\/noticias\\\/celebramos-el-dia-vidacetys-en-campus-tijuana\\\/\"},\"author\":{\"name\":\"Campus Tijuana\",\"@id\":\"https:\\\/\\\/www.cetys.mx\\\/noticias\\\/#\\\/schema\\\/person\\\/e790051ce60e18ae47cfa87011c8653f\"},\"headline\":\"[Galer\u00eda] Celebramos el D\u00eda #VidaCETYS en Campus Tijuana\",\"datePublished\":\"2025-09-02T20:32:47+00:00\",\"dateModified\":\"2025-09-02T20:33:06+00:00\",\"mainEntityOfPage\":{\"@id\":\"https:\\\/\\\/www.cetys.mx\\\/noticias\\\/celebramos-el-dia-vidacetys-en-campus-tijuana\\\/\"},\"wordCount\":101,\"commentCount\":0,\"image\":{\"@id\":\"https:\\\/\\\/www.cetys.mx\\\/noticias\\\/celebramos-el-dia-vidacetys-en-campus-tijuana\\\/#primaryimage\"},\"thumbnailUrl\":\"https:\\\/\\\/www.cetys.mx\\\/noticias\\\/wp-content\\\/uploads\\\/2025\\\/09\\\/Dia-Vida-CETYS.png\",\"keywords\":[\"campustijuana\",\"Vida Estudiantil\"],\"articleSection\":[\"Campus Tijuana\"],\"inLanguage\":\"es\",\"potentialAction\":[{\"@type\":\"CommentAction\",\"name\":\"Comment\",\"target\":[\"https:\\\/\\\/www.cetys.mx\\\/noticias\\\/celebramos-el-dia-vidacetys-en-campus-tijuana\\\/#respond\"]}]},{\"@type\":\"WebPage\",\"@id\":\"https:\\\/\\\/www.cetys.mx\\\/noticias\\\/celebramos-el-dia-vidacetys-en-campus-tijuana\\\/\",\"url\":\"https:\\\/\\\/www.cetys.mx\\\/noticias\\\/celebramos-el-dia-vidacetys-en-campus-tijuana\\\/\",\"name\":\"[Galer\u00eda] Celebramos el D\u00eda #VidaCETYS en Campus Tijuana - CETYS\",\"isPartOf\":{\"@id\":\"https:\\\/\\\/www.cetys.mx\\\/noticias\\\/#website\"},\"primaryImageOfPage\":{\"@id\":\"https:\\\/\\\/www.cetys.mx\\\/noticias\\\/celebramos-el-dia-vidacetys-en-campus-tijuana\\\/#primaryimage\"},\"image\":{\"@id\":\"https:\\\/\\\/www.cetys.mx\\\/noticias\\\/celebramos-el-dia-vidacetys-en-campus-tijuana\\\/#primaryimage\"},\"thumbnailUrl\":\"https:\\\/\\\/www.cetys.mx\\\/noticias\\\/wp-content\\\/uploads\\\/2025\\\/09\\\/Dia-Vida-CETYS.png\",\"datePublished\":\"2025-09-02T20:32:47+00:00\",\"dateModified\":\"2025-09-02T20:33:06+00:00\",\"author\":{\"@id\":\"https:\\\/\\\/www.cetys.mx\\\/noticias\\\/#\\\/schema\\\/person\\\/e790051ce60e18ae47cfa87011c8653f\"},\"description\":\"Articulo sobre [Galer\u00eda] Celebramos el D\u00eda #VidaCETYS en Campus Tijuana\",\"breadcrumb\":{\"@id\":\"https:\\\/\\\/www.cetys.mx\\\/noticias\\\/celebramos-el-dia-vidacetys-en-campus-tijuana\\\/#breadcrumb\"},\"inLanguage\":\"es\",\"potentialAction\":[{\"@type\":\"ReadAction\",\"target\":[\"https:\\\/\\\/www.cetys.mx\\\/noticias\\\/celebramos-el-dia-vidacetys-en-campus-tijuana\\\/\"]}]},{\"@type\":\"ImageObject\",\"inLanguage\":\"es\",\"@id\":\"https:\\\/\\\/www.cetys.mx\\\/noticias\\\/celebramos-el-dia-vidacetys-en-campus-tijuana\\\/#primaryimage\",\"url\":\"https:\\\/\\\/www.cetys.mx\\\/noticias\\\/wp-content\\\/uploads\\\/2025\\\/09\\\/Dia-Vida-CETYS.png\",\"contentUrl\":\"https:\\\/\\\/www.cetys.mx\\\/noticias\\\/wp-content\\\/uploads\\\/2025\\\/09\\\/Dia-Vida-CETYS.png\",\"width\":958,\"height\":637},{\"@type\":\"BreadcrumbList\",\"@id\":\"https:\\\/\\\/www.cetys.mx\\\/noticias\\\/celebramos-el-dia-vidacetys-en-campus-tijuana\\\/#breadcrumb\",\"itemListElement\":[{\"@type\":\"ListItem\",\"position\":1,\"name\":\"Inicio\",\"item\":\"https:\\\/\\\/www.cetys.mx\\\/noticias\\\/\"},{\"@type\":\"ListItem\",\"position\":2,\"name\":\"[Galer\u00eda] Celebramos el D\u00eda #VidaCETYS en Campus Tijuana\"}]},{\"@type\":\"WebSite\",\"@id\":\"https:\\\/\\\/www.cetys.mx\\\/noticias\\\/#website\",\"url\":\"https:\\\/\\\/www.cetys.mx\\\/noticias\\\/\",\"name\":\"CETYS\",\"description\":\"\",\"potentialAction\":[{\"@type\":\"SearchAction\",\"target\":{\"@type\":\"EntryPoint\",\"urlTemplate\":\"https:\\\/\\\/www.cetys.mx\\\/noticias\\\/?s={search_term_string}\"},\"query-input\":{\"@type\":\"PropertyValueSpecification\",\"valueRequired\":true,\"valueName\":\"search_term_string\"}}],\"inLanguage\":\"es\"},{\"@type\":\"Person\",\"@id\":\"https:\\\/\\\/www.cetys.mx\\\/noticias\\\/#\\\/schema\\\/person\\\/e790051ce60e18ae47cfa87011c8653f\",\"name\":\"Campus Tijuana\",\"url\":\"https:\\\/\\\/www.cetys.mx\\\/noticias\\\/author\\\/campustijuana\\\/\"}]}<\/script>\n<!-- \/ Yoast SEO plugin. -->","yoast_head_json":{"title":"[Galer\u00eda] Celebramos el D\u00eda #VidaCETYS en Campus Tijuana - CETYS","description":"Articulo sobre [Galer\u00eda] Celebramos el D\u00eda #VidaCETYS en Campus Tijuana","robots":{"index":"index","follow":"follow","max-snippet":"max-snippet:-1","max-image-preview":"max-image-preview:large","max-video-preview":"max-video-preview:-1"},"canonical":"https:\/\/www.cetys.mx\/noticias\/celebramos-el-dia-vidacetys-en-campus-tijuana\/","og_locale":"es_MX","og_type":"article","og_title":"[Galer\u00eda] Celebramos el D\u00eda #VidaCETYS en Campus Tijuana - CETYS","og_description":"Articulo sobre [Galer\u00eda] Celebramos el D\u00eda #VidaCETYS en Campus Tijuana","og_url":"https:\/\/www.cetys.mx\/noticias\/celebramos-el-dia-vidacetys-en-campus-tijuana\/","og_site_name":"CETYS","article_publisher":"https:\/\/www.facebook.com\/cetysuniversidadmxl\/","article_published_time":"2025-09-02T20:32:47+00:00","article_modified_time":"2025-09-02T20:33:06+00:00","og_image":[{"width":958,"height":637,"url":"https:\/\/www.cetys.mx\/noticias\/wp-content\/uploads\/2025\/09\/Dia-Vida-CETYS.png","type":"image\/png"}],"author":"Campus Tijuana","twitter_card":"summary_large_image","twitter_creator":"@cetysuni","twitter_site":"@cetysuni","twitter_misc":{"Escrito por":"Campus Tijuana"},"schema":{"@context":"https:\/\/schema.org","@graph":[{"@type":"Article","@id":"https:\/\/www.cetys.mx\/noticias\/celebramos-el-dia-vidacetys-en-campus-tijuana\/#article","isPartOf":{"@id":"https:\/\/www.cetys.mx\/noticias\/celebramos-el-dia-vidacetys-en-campus-tijuana\/"},"author":{"name":"Campus Tijuana","@id":"https:\/\/www.cetys.mx\/noticias\/#\/schema\/person\/e790051ce60e18ae47cfa87011c8653f"},"headline":"[Galer\u00eda] Celebramos el D\u00eda #VidaCETYS en Campus Tijuana","datePublished":"2025-09-02T20:32:47+00:00","dateModified":"2025-09-02T20:33:06+00:00","mainEntityOfPage":{"@id":"https:\/\/www.cetys.mx\/noticias\/celebramos-el-dia-vidacetys-en-campus-tijuana\/"},"wordCount":101,"commentCount":0,"image":{"@id":"https:\/\/www.cetys.mx\/noticias\/celebramos-el-dia-vidacetys-en-campus-tijuana\/#primaryimage"},"thumbnailUrl":"https:\/\/www.cetys.mx\/noticias\/wp-content\/uploads\/2025\/09\/Dia-Vida-CETYS.png","keywords":["campustijuana","Vida Estudiantil"],"articleSection":["Campus Tijuana"],"inLanguage":"es","potentialAction":[{"@type":"CommentAction","name":"Comment","target":["https:\/\/www.cetys.mx\/noticias\/celebramos-el-dia-vidacetys-en-campus-tijuana\/#respond"]}]},{"@type":"WebPage","@id":"https:\/\/www.cetys.mx\/noticias\/celebramos-el-dia-vidacetys-en-campus-tijuana\/","url":"https:\/\/www.cetys.mx\/noticias\/celebramos-el-dia-vidacetys-en-campus-tijuana\/","name":"[Galer\u00eda] Celebramos el D\u00eda #VidaCETYS en Campus Tijuana - CETYS","isPartOf":{"@id":"https:\/\/www.cetys.mx\/noticias\/#website"},"primaryImageOfPage":{"@id":"https:\/\/www.cetys.mx\/noticias\/celebramos-el-dia-vidacetys-en-campus-tijuana\/#primaryimage"},"image":{"@id":"https:\/\/www.cetys.mx\/noticias\/celebramos-el-dia-vidacetys-en-campus-tijuana\/#primaryimage"},"thumbnailUrl":"https:\/\/www.cetys.mx\/noticias\/wp-content\/uploads\/2025\/09\/Dia-Vida-CETYS.png","datePublished":"2025-09-02T20:32:47+00:00","dateModified":"2025-09-02T20:33:06+00:00","author":{"@id":"https:\/\/www.cetys.mx\/noticias\/#\/schema\/person\/e790051ce60e18ae47cfa87011c8653f"},"description":"Articulo sobre [Galer\u00eda] Celebramos el D\u00eda #VidaCETYS en Campus Tijuana","breadcrumb":{"@id":"https:\/\/www.cetys.mx\/noticias\/celebramos-el-dia-vidacetys-en-campus-tijuana\/#breadcrumb"},"inLanguage":"es","potentialAction":[{"@type":"ReadAction","target":["https:\/\/www.cetys.mx\/noticias\/celebramos-el-dia-vidacetys-en-campus-tijuana\/"]}]},{"@type":"ImageObject","inLanguage":"es","@id":"https:\/\/www.cetys.mx\/noticias\/celebramos-el-dia-vidacetys-en-campus-tijuana\/#primaryimage","url":"https:\/\/www.cetys.mx\/noticias\/wp-content\/uploads\/2025\/09\/Dia-Vida-CETYS.png","contentUrl":"https:\/\/www.cetys.mx\/noticias\/wp-content\/uploads\/2025\/09\/Dia-Vida-CETYS.png","width":958,"height":637},{"@type":"BreadcrumbList","@id":"https:\/\/www.cetys.mx\/noticias\/celebramos-el-dia-vidacetys-en-campus-tijuana\/#breadcrumb","itemListElement":[{"@type":"ListItem","position":1,"name":"Inicio","item":"https:\/\/www.cetys.mx\/noticias\/"},{"@type":"ListItem","position":2,"name":"[Galer\u00eda] Celebramos el D\u00eda #VidaCETYS en Campus Tijuana"}]},{"@type":"WebSite","@id":"https:\/\/www.cetys.mx\/noticias\/#website","url":"https:\/\/www.cetys.mx\/noticias\/","name":"CETYS","description":"","potentialAction":[{"@type":"SearchAction","target":{"@type":"EntryPoint","urlTemplate":"https:\/\/www.cetys.mx\/noticias\/?s={search_term_string}"},"query-input":{"@type":"PropertyValueSpecification","valueRequired":true,"valueName":"search_term_string"}}],"inLanguage":"es"},{"@type":"Person","@id":"https:\/\/www.cetys.mx\/noticias\/#\/schema\/person\/e790051ce60e18ae47cfa87011c8653f","name":"Campus Tijuana","url":"https:\/\/www.cetys.mx\/noticias\/author\/campustijuana\/"}]}},"_links":{"self":[{"href":"https:\/\/www.cetys.mx\/noticias\/wp-json\/wp\/v2\/posts\/215587","targetHints":{"allow":["GET"]}}],"collection":[{"href":"https:\/\/www.cetys.mx\/noticias\/wp-json\/wp\/v2\/posts"}],"about":[{"href":"https:\/\/www.cetys.mx\/noticias\/wp-json\/wp\/v2\/types\/post"}],"author":[{"embeddable":true,"href":"https:\/\/www.cetys.mx\/noticias\/wp-json\/wp\/v2\/users\/24"}],"replies":[{"embeddable":true,"href":"https:\/\/www.cetys.mx\/noticias\/wp-json\/wp\/v2\/comments?post=215587"}],"version-history":[{"count":2,"href":"https:\/\/www.cetys.mx\/noticias\/wp-json\/wp\/v2\/posts\/215587\/revisions"}],"predecessor-version":[{"id":215619,"href":"https:\/\/www.cetys.mx\/noticias\/wp-json\/wp\/v2\/posts\/215587\/revisions\/215619"}],"wp:featuredmedia":[{"embeddable":true,"href":"https:\/\/www.cetys.mx\/noticias\/wp-json\/wp\/v2\/media\/215614"}],"wp:attachment":[{"href":"https:\/\/www.cetys.mx\/noticias\/wp-json\/wp\/v2\/media?parent=215587"}],"wp:term":[{"taxonomy":"category","embeddable":true,"href":"https:\/\/www.cetys.mx\/noticias\/wp-json\/wp\/v2\/categories?post=215587"},{"taxonomy":"post_tag","embeddable":true,"href":"https:\/\/www.cetys.mx\/noticias\/wp-json\/wp\/v2\/tags?post=215587"}],"curies":[{"name":"wp","href":"https:\/\/api.w.org\/{rel}","templated":true}]}}