{"id":215435,"date":"2025-08-27T12:47:20","date_gmt":"2025-08-27T19:47:20","guid":{"rendered":"https:\/\/www.cetys.mx\/noticias\/?p=215435"},"modified":"2025-08-28T15:47:02","modified_gmt":"2025-08-28T22:47:02","slug":"estudiante-de-cetys-es-seleccionada-como-campus-leader-en-aspire-leaders-program-de-harvard","status":"publish","type":"post","link":"https:\/\/www.cetys.mx\/noticias\/estudiante-de-cetys-es-seleccionada-como-campus-leader-en-aspire-leaders-program-de-harvard\/","title":{"rendered":"Estudiante de CETYS es seleccionada como Campus Leader en Aspire Leaders Program de Harvard"},"content":{"rendered":"<p><span style=\"font-weight: 400;\"><strong>Mar\u00eda Regina Moreno Durazo<\/strong>, estudiante de la carrera de <a href=\"https:\/\/www.cetys.mx\/programas\/licenciatura-en-negocios-internacionales\/\">Negocios Internacionales<\/a> y presidenta de <a href=\"https:\/\/www.instagram.com\/cetys.mun\/?hl=en\">CETYS MUN<\/a>, fue seleccionada como Campus Leader del <a href=\"https:\/\/www.aspireleaders.org\/program\/aspire-leaders-program\/\">Aspire Leaders Program<\/a>, una iniciativa fundada por la Universidad de Harvard que busca impulsar el liderazgo estudiantil y fomentar la innovaci\u00f3n con impacto social.<\/span><\/p>\n<p><span style=\"font-weight: 400;\">Regina curs\u00f3 a inicios de este a\u00f1o el programa de Aspire Institute, donde tuvo acceso a masterclasses impartidas por profesores de Harvard, sesiones sobre resoluci\u00f3n de problemas y formaci\u00f3n en habilidades interpersonales. Al concluir, se abri\u00f3 la convocatoria para el programa global de Campus Leaders, en el cual fue seleccionada para representar a CETYS Universidad y poner en pr\u00e1ctica los aprendizajes adquiridos.<\/span><\/p>\n<blockquote><p><span style=\"font-weight: 400;\">\u201cMe emociona mucho esta oportunidad, ya que Aspire Institute ofrece grandes beneficios, desde mentor\u00edas con l\u00edderes en temas como inteligencia artificial y emprendimiento, hasta financiamiento para proyectos o startups y una amplia red de estudiantes y profesionistas a nivel internacional. Estoy convencida de que este nombramiento ser\u00e1 de gran provecho para la comunidad estudiantil de CETYS\u201d, comparti\u00f3.<\/span><\/p><\/blockquote>\n<p><span style=\"font-weight: 400;\">Como parte de sus responsabilidades, Regina tiene la encomienda de difundir el programa dentro de CETYS, con el objetivo de que m\u00e1s j\u00f3venes accedan a estas herramientas de desarrollo profesional y personal. Entre sus planes se encuentran organizar reuniones informativas, colaborar con clubes estudiantiles y promover la participaci\u00f3n en actividades que impulsen el liderazgo y la formaci\u00f3n global.<\/span><\/p>\n<blockquote><p><span style=\"font-weight: 400;\">La estudiante destac\u00f3 que uno de los aspectos m\u00e1s valiosos de este programa es que se trata de una iniciativa gratuita que abre sus puertas a j\u00f3venes de entre 18 y 29 a\u00f1os en todo el mundo, permiti\u00e9ndoles acceder a conocimiento actualizado y mentor\u00edas de primer nivel. \u201cNo necesitas ser ya un l\u00edder para entrar, puedes aprender todo eso en el camino. Estas oportunidades son \u00fanicas y te ayudan a crecer acad\u00e9mica y profesionalmente, adem\u00e1s de que te brindan un certificado reconocido que suma a tu trayectoria\u201d, afirm\u00f3.<\/span><\/p><\/blockquote>\n<p><span style=\"font-weight: 400;\">Con este logro, Regina Moreno no solo fortalece su desarrollo acad\u00e9mico y profesional, sino que tambi\u00e9n abre camino para que m\u00e1s estudiantes de CETYS se integren a esta red global de liderazgo y aprovechen una oportunidad que conecta a j\u00f3venes de diferentes pa\u00edses con expertos de talla mundial.<\/span><\/p>\n","protected":false},"excerpt":{"rendered":"<p>Mar\u00eda Regina Moreno Durazo, estudiante de la carrera de Negocios Internacionales y presidenta de CETYS MUN, fue seleccionada como Campus Leader del&#8230;<\/p>\n","protected":false},"author":20,"featured_media":215499,"comment_status":"open","ping_status":"closed","sticky":false,"template":"","format":"standard","meta":{"footnotes":""},"categories":[133,3031,125,306,105,313],"tags":[1622,6477,721],"class_list":["post-215435","post","type-post","status-publish","format-standard","has-post-thumbnail","hentry","category-campus-mexicali","category-liderazgo","category-portada","category-profesional","category-vida-estudiantil","category-vocetys-2","tag-campusmexicali","tag-negociosinternacionales","tag-vida-estudiantil"],"yoast_head":"<!-- This site is optimized with the Yoast SEO plugin v27.4 - https:\/\/yoast.com\/product\/yoast-seo-wordpress\/ -->\n<title>Estudiante de CETYS es seleccionada como Campus Leader en Aspire Leaders Program de Harvard - CETYS<\/title>\n<meta name=\"description\" content=\"Articulo sobre Estudiante de CETYS es seleccionada como Campus Leader en Aspire Leaders Program de Harvard\" \/>\n<meta name=\"robots\" content=\"index, follow, max-snippet:-1, max-image-preview:large, max-video-preview:-1\" \/>\n<link rel=\"canonical\" href=\"https:\/\/www.cetys.mx\/noticias\/estudiante-de-cetys-es-seleccionada-como-campus-leader-en-aspire-leaders-program-de-harvard\/\" \/>\n<meta property=\"og:locale\" content=\"es_MX\" \/>\n<meta property=\"og:type\" content=\"article\" \/>\n<meta property=\"og:title\" content=\"Estudiante de CETYS es seleccionada como Campus Leader en Aspire Leaders Program de Harvard - CETYS\" \/>\n<meta property=\"og:description\" content=\"Articulo sobre Estudiante de CETYS es seleccionada como Campus Leader en Aspire Leaders Program de Harvard\" \/>\n<meta property=\"og:url\" content=\"https:\/\/www.cetys.mx\/noticias\/estudiante-de-cetys-es-seleccionada-como-campus-leader-en-aspire-leaders-program-de-harvard\/\" \/>\n<meta property=\"og:site_name\" content=\"CETYS\" \/>\n<meta property=\"article:publisher\" content=\"https:\/\/www.facebook.com\/cetysuniversidadmxl\/\" \/>\n<meta property=\"article:published_time\" content=\"2025-08-27T19:47:20+00:00\" \/>\n<meta property=\"article:modified_time\" content=\"2025-08-28T22:47:02+00:00\" \/>\n<meta property=\"og:image\" content=\"https:\/\/www.cetys.mx\/noticias\/wp-content\/uploads\/2025\/08\/Reg.jpg\" \/>\n\t<meta property=\"og:image:width\" content=\"958\" \/>\n\t<meta property=\"og:image:height\" content=\"640\" \/>\n\t<meta property=\"og:image:type\" content=\"image\/jpeg\" \/>\n<meta name=\"author\" content=\"Campus Mexicali\" \/>\n<meta name=\"twitter:card\" content=\"summary_large_image\" \/>\n<meta name=\"twitter:creator\" content=\"@cetysuni\" \/>\n<meta name=\"twitter:site\" content=\"@cetysuni\" \/>\n<meta name=\"twitter:label1\" content=\"Escrito por\" \/>\n\t<meta name=\"twitter:data1\" content=\"Campus Mexicali\" \/>\n\t<meta name=\"twitter:label2\" content=\"Tiempo de lectura\" \/>\n\t<meta name=\"twitter:data2\" content=\"2 minutos\" \/>\n<script type=\"application\/ld+json\" class=\"yoast-schema-graph\">{\"@context\":\"https:\\\/\\\/schema.org\",\"@graph\":[{\"@type\":\"Article\",\"@id\":\"https:\\\/\\\/www.cetys.mx\\\/noticias\\\/estudiante-de-cetys-es-seleccionada-como-campus-leader-en-aspire-leaders-program-de-harvard\\\/#article\",\"isPartOf\":{\"@id\":\"https:\\\/\\\/www.cetys.mx\\\/noticias\\\/estudiante-de-cetys-es-seleccionada-como-campus-leader-en-aspire-leaders-program-de-harvard\\\/\"},\"author\":{\"name\":\"Campus Mexicali\",\"@id\":\"https:\\\/\\\/www.cetys.mx\\\/noticias\\\/#\\\/schema\\\/person\\\/79a95c4ac185f3705cf1b9c9340a5f70\"},\"headline\":\"Estudiante de CETYS es seleccionada como Campus Leader en Aspire Leaders Program de Harvard\",\"datePublished\":\"2025-08-27T19:47:20+00:00\",\"dateModified\":\"2025-08-28T22:47:02+00:00\",\"mainEntityOfPage\":{\"@id\":\"https:\\\/\\\/www.cetys.mx\\\/noticias\\\/estudiante-de-cetys-es-seleccionada-como-campus-leader-en-aspire-leaders-program-de-harvard\\\/\"},\"wordCount\":396,\"commentCount\":0,\"image\":{\"@id\":\"https:\\\/\\\/www.cetys.mx\\\/noticias\\\/estudiante-de-cetys-es-seleccionada-como-campus-leader-en-aspire-leaders-program-de-harvard\\\/#primaryimage\"},\"thumbnailUrl\":\"https:\\\/\\\/www.cetys.mx\\\/noticias\\\/wp-content\\\/uploads\\\/2025\\\/08\\\/Reg.jpg\",\"keywords\":[\"campusmexicali\",\"NegociosInternacionales\",\"Vida Estudiantil\"],\"articleSection\":[\"Campus Mexicali\",\"Liderazgo\",\"Portada\",\"Profesional\",\"Vida Estudiantil\",\"VoCETYS\"],\"inLanguage\":\"es\",\"potentialAction\":[{\"@type\":\"CommentAction\",\"name\":\"Comment\",\"target\":[\"https:\\\/\\\/www.cetys.mx\\\/noticias\\\/estudiante-de-cetys-es-seleccionada-como-campus-leader-en-aspire-leaders-program-de-harvard\\\/#respond\"]}]},{\"@type\":\"WebPage\",\"@id\":\"https:\\\/\\\/www.cetys.mx\\\/noticias\\\/estudiante-de-cetys-es-seleccionada-como-campus-leader-en-aspire-leaders-program-de-harvard\\\/\",\"url\":\"https:\\\/\\\/www.cetys.mx\\\/noticias\\\/estudiante-de-cetys-es-seleccionada-como-campus-leader-en-aspire-leaders-program-de-harvard\\\/\",\"name\":\"Estudiante de CETYS es seleccionada como Campus Leader en Aspire Leaders Program de Harvard - CETYS\",\"isPartOf\":{\"@id\":\"https:\\\/\\\/www.cetys.mx\\\/noticias\\\/#website\"},\"primaryImageOfPage\":{\"@id\":\"https:\\\/\\\/www.cetys.mx\\\/noticias\\\/estudiante-de-cetys-es-seleccionada-como-campus-leader-en-aspire-leaders-program-de-harvard\\\/#primaryimage\"},\"image\":{\"@id\":\"https:\\\/\\\/www.cetys.mx\\\/noticias\\\/estudiante-de-cetys-es-seleccionada-como-campus-leader-en-aspire-leaders-program-de-harvard\\\/#primaryimage\"},\"thumbnailUrl\":\"https:\\\/\\\/www.cetys.mx\\\/noticias\\\/wp-content\\\/uploads\\\/2025\\\/08\\\/Reg.jpg\",\"datePublished\":\"2025-08-27T19:47:20+00:00\",\"dateModified\":\"2025-08-28T22:47:02+00:00\",\"author\":{\"@id\":\"https:\\\/\\\/www.cetys.mx\\\/noticias\\\/#\\\/schema\\\/person\\\/79a95c4ac185f3705cf1b9c9340a5f70\"},\"description\":\"Articulo sobre Estudiante de CETYS es seleccionada como Campus Leader en Aspire Leaders Program de Harvard\",\"breadcrumb\":{\"@id\":\"https:\\\/\\\/www.cetys.mx\\\/noticias\\\/estudiante-de-cetys-es-seleccionada-como-campus-leader-en-aspire-leaders-program-de-harvard\\\/#breadcrumb\"},\"inLanguage\":\"es\",\"potentialAction\":[{\"@type\":\"ReadAction\",\"target\":[\"https:\\\/\\\/www.cetys.mx\\\/noticias\\\/estudiante-de-cetys-es-seleccionada-como-campus-leader-en-aspire-leaders-program-de-harvard\\\/\"]}]},{\"@type\":\"ImageObject\",\"inLanguage\":\"es\",\"@id\":\"https:\\\/\\\/www.cetys.mx\\\/noticias\\\/estudiante-de-cetys-es-seleccionada-como-campus-leader-en-aspire-leaders-program-de-harvard\\\/#primaryimage\",\"url\":\"https:\\\/\\\/www.cetys.mx\\\/noticias\\\/wp-content\\\/uploads\\\/2025\\\/08\\\/Reg.jpg\",\"contentUrl\":\"https:\\\/\\\/www.cetys.mx\\\/noticias\\\/wp-content\\\/uploads\\\/2025\\\/08\\\/Reg.jpg\",\"width\":958,\"height\":640},{\"@type\":\"BreadcrumbList\",\"@id\":\"https:\\\/\\\/www.cetys.mx\\\/noticias\\\/estudiante-de-cetys-es-seleccionada-como-campus-leader-en-aspire-leaders-program-de-harvard\\\/#breadcrumb\",\"itemListElement\":[{\"@type\":\"ListItem\",\"position\":1,\"name\":\"Inicio\",\"item\":\"https:\\\/\\\/www.cetys.mx\\\/noticias\\\/\"},{\"@type\":\"ListItem\",\"position\":2,\"name\":\"Estudiante de CETYS es seleccionada como Campus Leader en Aspire Leaders Program de Harvard\"}]},{\"@type\":\"WebSite\",\"@id\":\"https:\\\/\\\/www.cetys.mx\\\/noticias\\\/#website\",\"url\":\"https:\\\/\\\/www.cetys.mx\\\/noticias\\\/\",\"name\":\"CETYS\",\"description\":\"\",\"potentialAction\":[{\"@type\":\"SearchAction\",\"target\":{\"@type\":\"EntryPoint\",\"urlTemplate\":\"https:\\\/\\\/www.cetys.mx\\\/noticias\\\/?s={search_term_string}\"},\"query-input\":{\"@type\":\"PropertyValueSpecification\",\"valueRequired\":true,\"valueName\":\"search_term_string\"}}],\"inLanguage\":\"es\"},{\"@type\":\"Person\",\"@id\":\"https:\\\/\\\/www.cetys.mx\\\/noticias\\\/#\\\/schema\\\/person\\\/79a95c4ac185f3705cf1b9c9340a5f70\",\"name\":\"Campus Mexicali\",\"url\":\"https:\\\/\\\/www.cetys.mx\\\/noticias\\\/author\\\/campusmexicali\\\/\"}]}<\/script>\n<!-- \/ Yoast SEO plugin. -->","yoast_head_json":{"title":"Estudiante de CETYS es seleccionada como Campus Leader en Aspire Leaders Program de Harvard - CETYS","description":"Articulo sobre Estudiante de CETYS es seleccionada como Campus Leader en Aspire Leaders Program de Harvard","robots":{"index":"index","follow":"follow","max-snippet":"max-snippet:-1","max-image-preview":"max-image-preview:large","max-video-preview":"max-video-preview:-1"},"canonical":"https:\/\/www.cetys.mx\/noticias\/estudiante-de-cetys-es-seleccionada-como-campus-leader-en-aspire-leaders-program-de-harvard\/","og_locale":"es_MX","og_type":"article","og_title":"Estudiante de CETYS es seleccionada como Campus Leader en Aspire Leaders Program de Harvard - CETYS","og_description":"Articulo sobre Estudiante de CETYS es seleccionada como Campus Leader en Aspire Leaders Program de Harvard","og_url":"https:\/\/www.cetys.mx\/noticias\/estudiante-de-cetys-es-seleccionada-como-campus-leader-en-aspire-leaders-program-de-harvard\/","og_site_name":"CETYS","article_publisher":"https:\/\/www.facebook.com\/cetysuniversidadmxl\/","article_published_time":"2025-08-27T19:47:20+00:00","article_modified_time":"2025-08-28T22:47:02+00:00","og_image":[{"width":958,"height":640,"url":"https:\/\/www.cetys.mx\/noticias\/wp-content\/uploads\/2025\/08\/Reg.jpg","type":"image\/jpeg"}],"author":"Campus Mexicali","twitter_card":"summary_large_image","twitter_creator":"@cetysuni","twitter_site":"@cetysuni","twitter_misc":{"Escrito por":"Campus Mexicali","Tiempo de lectura":"2 minutos"},"schema":{"@context":"https:\/\/schema.org","@graph":[{"@type":"Article","@id":"https:\/\/www.cetys.mx\/noticias\/estudiante-de-cetys-es-seleccionada-como-campus-leader-en-aspire-leaders-program-de-harvard\/#article","isPartOf":{"@id":"https:\/\/www.cetys.mx\/noticias\/estudiante-de-cetys-es-seleccionada-como-campus-leader-en-aspire-leaders-program-de-harvard\/"},"author":{"name":"Campus Mexicali","@id":"https:\/\/www.cetys.mx\/noticias\/#\/schema\/person\/79a95c4ac185f3705cf1b9c9340a5f70"},"headline":"Estudiante de CETYS es seleccionada como Campus Leader en Aspire Leaders Program de Harvard","datePublished":"2025-08-27T19:47:20+00:00","dateModified":"2025-08-28T22:47:02+00:00","mainEntityOfPage":{"@id":"https:\/\/www.cetys.mx\/noticias\/estudiante-de-cetys-es-seleccionada-como-campus-leader-en-aspire-leaders-program-de-harvard\/"},"wordCount":396,"commentCount":0,"image":{"@id":"https:\/\/www.cetys.mx\/noticias\/estudiante-de-cetys-es-seleccionada-como-campus-leader-en-aspire-leaders-program-de-harvard\/#primaryimage"},"thumbnailUrl":"https:\/\/www.cetys.mx\/noticias\/wp-content\/uploads\/2025\/08\/Reg.jpg","keywords":["campusmexicali","NegociosInternacionales","Vida Estudiantil"],"articleSection":["Campus Mexicali","Liderazgo","Portada","Profesional","Vida Estudiantil","VoCETYS"],"inLanguage":"es","potentialAction":[{"@type":"CommentAction","name":"Comment","target":["https:\/\/www.cetys.mx\/noticias\/estudiante-de-cetys-es-seleccionada-como-campus-leader-en-aspire-leaders-program-de-harvard\/#respond"]}]},{"@type":"WebPage","@id":"https:\/\/www.cetys.mx\/noticias\/estudiante-de-cetys-es-seleccionada-como-campus-leader-en-aspire-leaders-program-de-harvard\/","url":"https:\/\/www.cetys.mx\/noticias\/estudiante-de-cetys-es-seleccionada-como-campus-leader-en-aspire-leaders-program-de-harvard\/","name":"Estudiante de CETYS es seleccionada como Campus Leader en Aspire Leaders Program de Harvard - CETYS","isPartOf":{"@id":"https:\/\/www.cetys.mx\/noticias\/#website"},"primaryImageOfPage":{"@id":"https:\/\/www.cetys.mx\/noticias\/estudiante-de-cetys-es-seleccionada-como-campus-leader-en-aspire-leaders-program-de-harvard\/#primaryimage"},"image":{"@id":"https:\/\/www.cetys.mx\/noticias\/estudiante-de-cetys-es-seleccionada-como-campus-leader-en-aspire-leaders-program-de-harvard\/#primaryimage"},"thumbnailUrl":"https:\/\/www.cetys.mx\/noticias\/wp-content\/uploads\/2025\/08\/Reg.jpg","datePublished":"2025-08-27T19:47:20+00:00","dateModified":"2025-08-28T22:47:02+00:00","author":{"@id":"https:\/\/www.cetys.mx\/noticias\/#\/schema\/person\/79a95c4ac185f3705cf1b9c9340a5f70"},"description":"Articulo sobre Estudiante de CETYS es seleccionada como Campus Leader en Aspire Leaders Program de Harvard","breadcrumb":{"@id":"https:\/\/www.cetys.mx\/noticias\/estudiante-de-cetys-es-seleccionada-como-campus-leader-en-aspire-leaders-program-de-harvard\/#breadcrumb"},"inLanguage":"es","potentialAction":[{"@type":"ReadAction","target":["https:\/\/www.cetys.mx\/noticias\/estudiante-de-cetys-es-seleccionada-como-campus-leader-en-aspire-leaders-program-de-harvard\/"]}]},{"@type":"ImageObject","inLanguage":"es","@id":"https:\/\/www.cetys.mx\/noticias\/estudiante-de-cetys-es-seleccionada-como-campus-leader-en-aspire-leaders-program-de-harvard\/#primaryimage","url":"https:\/\/www.cetys.mx\/noticias\/wp-content\/uploads\/2025\/08\/Reg.jpg","contentUrl":"https:\/\/www.cetys.mx\/noticias\/wp-content\/uploads\/2025\/08\/Reg.jpg","width":958,"height":640},{"@type":"BreadcrumbList","@id":"https:\/\/www.cetys.mx\/noticias\/estudiante-de-cetys-es-seleccionada-como-campus-leader-en-aspire-leaders-program-de-harvard\/#breadcrumb","itemListElement":[{"@type":"ListItem","position":1,"name":"Inicio","item":"https:\/\/www.cetys.mx\/noticias\/"},{"@type":"ListItem","position":2,"name":"Estudiante de CETYS es seleccionada como Campus Leader en Aspire Leaders Program de Harvard"}]},{"@type":"WebSite","@id":"https:\/\/www.cetys.mx\/noticias\/#website","url":"https:\/\/www.cetys.mx\/noticias\/","name":"CETYS","description":"","potentialAction":[{"@type":"SearchAction","target":{"@type":"EntryPoint","urlTemplate":"https:\/\/www.cetys.mx\/noticias\/?s={search_term_string}"},"query-input":{"@type":"PropertyValueSpecification","valueRequired":true,"valueName":"search_term_string"}}],"inLanguage":"es"},{"@type":"Person","@id":"https:\/\/www.cetys.mx\/noticias\/#\/schema\/person\/79a95c4ac185f3705cf1b9c9340a5f70","name":"Campus Mexicali","url":"https:\/\/www.cetys.mx\/noticias\/author\/campusmexicali\/"}]}},"_links":{"self":[{"href":"https:\/\/www.cetys.mx\/noticias\/wp-json\/wp\/v2\/posts\/215435","targetHints":{"allow":["GET"]}}],"collection":[{"href":"https:\/\/www.cetys.mx\/noticias\/wp-json\/wp\/v2\/posts"}],"about":[{"href":"https:\/\/www.cetys.mx\/noticias\/wp-json\/wp\/v2\/types\/post"}],"author":[{"embeddable":true,"href":"https:\/\/www.cetys.mx\/noticias\/wp-json\/wp\/v2\/users\/20"}],"replies":[{"embeddable":true,"href":"https:\/\/www.cetys.mx\/noticias\/wp-json\/wp\/v2\/comments?post=215435"}],"version-history":[{"count":1,"href":"https:\/\/www.cetys.mx\/noticias\/wp-json\/wp\/v2\/posts\/215435\/revisions"}],"predecessor-version":[{"id":215449,"href":"https:\/\/www.cetys.mx\/noticias\/wp-json\/wp\/v2\/posts\/215435\/revisions\/215449"}],"wp:featuredmedia":[{"embeddable":true,"href":"https:\/\/www.cetys.mx\/noticias\/wp-json\/wp\/v2\/media\/215499"}],"wp:attachment":[{"href":"https:\/\/www.cetys.mx\/noticias\/wp-json\/wp\/v2\/media?parent=215435"}],"wp:term":[{"taxonomy":"category","embeddable":true,"href":"https:\/\/www.cetys.mx\/noticias\/wp-json\/wp\/v2\/categories?post=215435"},{"taxonomy":"post_tag","embeddable":true,"href":"https:\/\/www.cetys.mx\/noticias\/wp-json\/wp\/v2\/tags?post=215435"}],"curies":[{"name":"wp","href":"https:\/\/api.w.org\/{rel}","templated":true}]}}