{"id":215364,"date":"2025-08-26T09:34:55","date_gmt":"2025-08-26T16:34:55","guid":{"rendered":"https:\/\/www.cetys.mx\/noticias\/?p=215364"},"modified":"2025-08-26T09:34:55","modified_gmt":"2025-08-26T16:34:55","slug":"cetys-mexicali-participa-en-simposio-internacional-sobre-sostenibilidad-en-la-educacion-superior","status":"publish","type":"post","link":"https:\/\/www.cetys.mx\/noticias\/cetys-mexicali-participa-en-simposio-internacional-sobre-sostenibilidad-en-la-educacion-superior\/","title":{"rendered":"CETYS Mexicali participa en simposio internacional sobre sostenibilidad en la educaci\u00f3n superior"},"content":{"rendered":"<p><span style=\"font-weight: 400;\">Durante el <strong>3rd Transatlantic Symposium of Sustainable Development in Higher Education<\/strong>, celebrado en Toronto, Canad\u00e1, el <strong>Dr. Ra\u00fal Mart\u00ednez Flores, Coordinador de la Licenciatura en Negocios Internacionales (Global Program) en CETYS Universidad Campus Mexicali<\/strong>, particip\u00f3 como ponente presentando investigaciones sobre sostenibilidad junto a sus colegas, la Dra. Sylvia P\u00e9rez y la Dra. Diana Woolfolk, conformando un equipo inter-campus.<\/span><\/p>\n<p><span style=\"font-weight: 400;\">En el simposio abordaron los temas \u201cUndergraduate student\u2019s values priorities as evidence of higher education for sustainable business: a cross cultural study\u201d y \u201cShaping sustainable leaders: The Role of Values in Higher Education\u201d. \u201cEn lo personal, estoy muy agradecido con mis compa\u00f1eras y con nuestra Instituci\u00f3n, pues asist\u00ed en representaci\u00f3n de todo nuestro equipo para exponer dos de nuestros trabajos m\u00e1s recientes e incluso en marcha\u201d, se\u00f1al\u00f3 el docente.<\/span><\/p>\n<p><span style=\"font-weight: 400;\">Sobre la primera ponencia, el Dr. Mart\u00ednez Flores explic\u00f3 que el objetivo fue mostrar la relevancia de los valores en la formaci\u00f3n de actitudes y comportamientos hacia la sostenibilidad en la educaci\u00f3n superior, particularmente en el \u00e1mbito empresarial. En la segunda, destac\u00f3 que \u201clos hallazgos de este estudio sugieren que las actitudes de los estudiantes universitarios se gu\u00edan cada vez m\u00e1s por el universalismo, un valor estrechamente vinculado a las acciones sostenibles\u201d.<\/span><\/p>\n<p><span style=\"font-weight: 400;\">Esta participaci\u00f3n representa un beneficio directo para la comunidad acad\u00e9mica de CETYS, al sensibilizar sobre la importancia de la sostenibilidad como eje de investigaci\u00f3n y descubrir tendencias globales que enriquecen la ense\u00f1anza en las Escuelas de Negocios. El intercambio con colegas de pa\u00edses como Canad\u00e1, Estados Unidos, Austria, Alemania, Reino Unido, China, Tailandia y Malasia abre un panorama de ideas y experiencias que, al regresar, se transmiten en las aulas para fortalecer la formaci\u00f3n estudiantil.<\/span><\/p>\n<p><span style=\"font-weight: 400;\">La sostenibilidad, adem\u00e1s, se posiciona como un tema central en la educaci\u00f3n actual y futura, al integrar el bienestar social, econ\u00f3mico y ambiental. Incorporar este enfoque en la educaci\u00f3n superior impulsa pr\u00e1cticas empresariales responsables, enriquece la formaci\u00f3n acad\u00e9mica y motiva a los estudiantes a aplicar el desarrollo sostenible en su entorno inmediato, generando un impacto positivo en la sociedad y en el \u00e1mbito empresarial.<\/span><\/p>\n","protected":false},"excerpt":{"rendered":"<p>Durante el 3rd Transatlantic Symposium of Sustainable Development in Higher Education, celebrado en Toronto, Canad\u00e1, el Dr. Ra\u00fal Mart\u00ednez Flores, Coordinador de&#8230;<\/p>\n","protected":false},"author":20,"featured_media":215365,"comment_status":"open","ping_status":"closed","sticky":false,"template":"","format":"standard","meta":{"footnotes":""},"categories":[133,1710,313],"tags":[6429,429],"class_list":["post-215364","post","type-post","status-publish","format-standard","has-post-thumbnail","hentry","category-campus-mexicali","category-profesorado","category-vocetys-2","tag-docentes-cetys","tag-ponencias"],"yoast_head":"<!-- This site is optimized with the Yoast SEO plugin v27.4 - https:\/\/yoast.com\/product\/yoast-seo-wordpress\/ -->\n<title>CETYS Mexicali participa en simposio internacional sobre sostenibilidad en la educaci\u00f3n superior - CETYS<\/title>\n<meta name=\"description\" content=\"Articulo sobre CETYS Mexicali participa en simposio internacional sobre sostenibilidad en la educaci\u00f3n superior\" \/>\n<meta name=\"robots\" content=\"index, follow, max-snippet:-1, max-image-preview:large, max-video-preview:-1\" \/>\n<link rel=\"canonical\" href=\"https:\/\/www.cetys.mx\/noticias\/cetys-mexicali-participa-en-simposio-internacional-sobre-sostenibilidad-en-la-educacion-superior\/\" \/>\n<meta property=\"og:locale\" content=\"es_MX\" \/>\n<meta property=\"og:type\" content=\"article\" \/>\n<meta property=\"og:title\" content=\"CETYS Mexicali participa en simposio internacional sobre sostenibilidad en la educaci\u00f3n superior - CETYS\" \/>\n<meta property=\"og:description\" content=\"Articulo sobre CETYS Mexicali participa en simposio internacional sobre sostenibilidad en la educaci\u00f3n superior\" \/>\n<meta property=\"og:url\" content=\"https:\/\/www.cetys.mx\/noticias\/cetys-mexicali-participa-en-simposio-internacional-sobre-sostenibilidad-en-la-educacion-superior\/\" \/>\n<meta property=\"og:site_name\" content=\"CETYS\" \/>\n<meta property=\"article:publisher\" content=\"https:\/\/www.facebook.com\/cetysuniversidadmxl\/\" \/>\n<meta property=\"article:published_time\" content=\"2025-08-26T16:34:55+00:00\" \/>\n<meta property=\"og:image\" content=\"https:\/\/www.cetys.mx\/noticias\/wp-content\/uploads\/2025\/08\/3rd-Triennial-Conference-Toronto-RMF.jpg\" \/>\n\t<meta property=\"og:image:width\" content=\"958\" \/>\n\t<meta property=\"og:image:height\" content=\"718\" \/>\n\t<meta property=\"og:image:type\" content=\"image\/jpeg\" \/>\n<meta name=\"author\" content=\"Campus Mexicali\" \/>\n<meta name=\"twitter:card\" content=\"summary_large_image\" \/>\n<meta name=\"twitter:creator\" content=\"@cetysuni\" \/>\n<meta name=\"twitter:site\" content=\"@cetysuni\" \/>\n<meta name=\"twitter:label1\" content=\"Escrito por\" \/>\n\t<meta name=\"twitter:data1\" content=\"Campus Mexicali\" \/>\n\t<meta name=\"twitter:label2\" content=\"Tiempo de lectura\" \/>\n\t<meta name=\"twitter:data2\" content=\"2 minutos\" \/>\n<script type=\"application\/ld+json\" class=\"yoast-schema-graph\">{\"@context\":\"https:\\\/\\\/schema.org\",\"@graph\":[{\"@type\":\"Article\",\"@id\":\"https:\\\/\\\/www.cetys.mx\\\/noticias\\\/cetys-mexicali-participa-en-simposio-internacional-sobre-sostenibilidad-en-la-educacion-superior\\\/#article\",\"isPartOf\":{\"@id\":\"https:\\\/\\\/www.cetys.mx\\\/noticias\\\/cetys-mexicali-participa-en-simposio-internacional-sobre-sostenibilidad-en-la-educacion-superior\\\/\"},\"author\":{\"name\":\"Campus Mexicali\",\"@id\":\"https:\\\/\\\/www.cetys.mx\\\/noticias\\\/#\\\/schema\\\/person\\\/79a95c4ac185f3705cf1b9c9340a5f70\"},\"headline\":\"CETYS Mexicali participa en simposio internacional sobre sostenibilidad en la educaci\u00f3n superior\",\"datePublished\":\"2025-08-26T16:34:55+00:00\",\"mainEntityOfPage\":{\"@id\":\"https:\\\/\\\/www.cetys.mx\\\/noticias\\\/cetys-mexicali-participa-en-simposio-internacional-sobre-sostenibilidad-en-la-educacion-superior\\\/\"},\"wordCount\":378,\"commentCount\":0,\"image\":{\"@id\":\"https:\\\/\\\/www.cetys.mx\\\/noticias\\\/cetys-mexicali-participa-en-simposio-internacional-sobre-sostenibilidad-en-la-educacion-superior\\\/#primaryimage\"},\"thumbnailUrl\":\"https:\\\/\\\/www.cetys.mx\\\/noticias\\\/wp-content\\\/uploads\\\/2025\\\/08\\\/3rd-Triennial-Conference-Toronto-RMF.jpg\",\"keywords\":[\"Docentes CETYS\",\"Ponencias\"],\"articleSection\":[\"Campus Mexicali\",\"Profesorado\",\"VoCETYS\"],\"inLanguage\":\"es\",\"potentialAction\":[{\"@type\":\"CommentAction\",\"name\":\"Comment\",\"target\":[\"https:\\\/\\\/www.cetys.mx\\\/noticias\\\/cetys-mexicali-participa-en-simposio-internacional-sobre-sostenibilidad-en-la-educacion-superior\\\/#respond\"]}]},{\"@type\":\"WebPage\",\"@id\":\"https:\\\/\\\/www.cetys.mx\\\/noticias\\\/cetys-mexicali-participa-en-simposio-internacional-sobre-sostenibilidad-en-la-educacion-superior\\\/\",\"url\":\"https:\\\/\\\/www.cetys.mx\\\/noticias\\\/cetys-mexicali-participa-en-simposio-internacional-sobre-sostenibilidad-en-la-educacion-superior\\\/\",\"name\":\"CETYS Mexicali participa en simposio internacional sobre sostenibilidad en la educaci\u00f3n superior - CETYS\",\"isPartOf\":{\"@id\":\"https:\\\/\\\/www.cetys.mx\\\/noticias\\\/#website\"},\"primaryImageOfPage\":{\"@id\":\"https:\\\/\\\/www.cetys.mx\\\/noticias\\\/cetys-mexicali-participa-en-simposio-internacional-sobre-sostenibilidad-en-la-educacion-superior\\\/#primaryimage\"},\"image\":{\"@id\":\"https:\\\/\\\/www.cetys.mx\\\/noticias\\\/cetys-mexicali-participa-en-simposio-internacional-sobre-sostenibilidad-en-la-educacion-superior\\\/#primaryimage\"},\"thumbnailUrl\":\"https:\\\/\\\/www.cetys.mx\\\/noticias\\\/wp-content\\\/uploads\\\/2025\\\/08\\\/3rd-Triennial-Conference-Toronto-RMF.jpg\",\"datePublished\":\"2025-08-26T16:34:55+00:00\",\"author\":{\"@id\":\"https:\\\/\\\/www.cetys.mx\\\/noticias\\\/#\\\/schema\\\/person\\\/79a95c4ac185f3705cf1b9c9340a5f70\"},\"description\":\"Articulo sobre CETYS Mexicali participa en simposio internacional sobre sostenibilidad en la educaci\u00f3n superior\",\"breadcrumb\":{\"@id\":\"https:\\\/\\\/www.cetys.mx\\\/noticias\\\/cetys-mexicali-participa-en-simposio-internacional-sobre-sostenibilidad-en-la-educacion-superior\\\/#breadcrumb\"},\"inLanguage\":\"es\",\"potentialAction\":[{\"@type\":\"ReadAction\",\"target\":[\"https:\\\/\\\/www.cetys.mx\\\/noticias\\\/cetys-mexicali-participa-en-simposio-internacional-sobre-sostenibilidad-en-la-educacion-superior\\\/\"]}]},{\"@type\":\"ImageObject\",\"inLanguage\":\"es\",\"@id\":\"https:\\\/\\\/www.cetys.mx\\\/noticias\\\/cetys-mexicali-participa-en-simposio-internacional-sobre-sostenibilidad-en-la-educacion-superior\\\/#primaryimage\",\"url\":\"https:\\\/\\\/www.cetys.mx\\\/noticias\\\/wp-content\\\/uploads\\\/2025\\\/08\\\/3rd-Triennial-Conference-Toronto-RMF.jpg\",\"contentUrl\":\"https:\\\/\\\/www.cetys.mx\\\/noticias\\\/wp-content\\\/uploads\\\/2025\\\/08\\\/3rd-Triennial-Conference-Toronto-RMF.jpg\",\"width\":958,\"height\":718},{\"@type\":\"BreadcrumbList\",\"@id\":\"https:\\\/\\\/www.cetys.mx\\\/noticias\\\/cetys-mexicali-participa-en-simposio-internacional-sobre-sostenibilidad-en-la-educacion-superior\\\/#breadcrumb\",\"itemListElement\":[{\"@type\":\"ListItem\",\"position\":1,\"name\":\"Inicio\",\"item\":\"https:\\\/\\\/www.cetys.mx\\\/noticias\\\/\"},{\"@type\":\"ListItem\",\"position\":2,\"name\":\"CETYS Mexicali participa en simposio internacional sobre sostenibilidad en la educaci\u00f3n superior\"}]},{\"@type\":\"WebSite\",\"@id\":\"https:\\\/\\\/www.cetys.mx\\\/noticias\\\/#website\",\"url\":\"https:\\\/\\\/www.cetys.mx\\\/noticias\\\/\",\"name\":\"CETYS\",\"description\":\"\",\"potentialAction\":[{\"@type\":\"SearchAction\",\"target\":{\"@type\":\"EntryPoint\",\"urlTemplate\":\"https:\\\/\\\/www.cetys.mx\\\/noticias\\\/?s={search_term_string}\"},\"query-input\":{\"@type\":\"PropertyValueSpecification\",\"valueRequired\":true,\"valueName\":\"search_term_string\"}}],\"inLanguage\":\"es\"},{\"@type\":\"Person\",\"@id\":\"https:\\\/\\\/www.cetys.mx\\\/noticias\\\/#\\\/schema\\\/person\\\/79a95c4ac185f3705cf1b9c9340a5f70\",\"name\":\"Campus Mexicali\",\"url\":\"https:\\\/\\\/www.cetys.mx\\\/noticias\\\/author\\\/campusmexicali\\\/\"}]}<\/script>\n<!-- \/ Yoast SEO plugin. -->","yoast_head_json":{"title":"CETYS Mexicali participa en simposio internacional sobre sostenibilidad en la educaci\u00f3n superior - CETYS","description":"Articulo sobre CETYS Mexicali participa en simposio internacional sobre sostenibilidad en la educaci\u00f3n superior","robots":{"index":"index","follow":"follow","max-snippet":"max-snippet:-1","max-image-preview":"max-image-preview:large","max-video-preview":"max-video-preview:-1"},"canonical":"https:\/\/www.cetys.mx\/noticias\/cetys-mexicali-participa-en-simposio-internacional-sobre-sostenibilidad-en-la-educacion-superior\/","og_locale":"es_MX","og_type":"article","og_title":"CETYS Mexicali participa en simposio internacional sobre sostenibilidad en la educaci\u00f3n superior - CETYS","og_description":"Articulo sobre CETYS Mexicali participa en simposio internacional sobre sostenibilidad en la educaci\u00f3n superior","og_url":"https:\/\/www.cetys.mx\/noticias\/cetys-mexicali-participa-en-simposio-internacional-sobre-sostenibilidad-en-la-educacion-superior\/","og_site_name":"CETYS","article_publisher":"https:\/\/www.facebook.com\/cetysuniversidadmxl\/","article_published_time":"2025-08-26T16:34:55+00:00","og_image":[{"width":958,"height":718,"url":"https:\/\/www.cetys.mx\/noticias\/wp-content\/uploads\/2025\/08\/3rd-Triennial-Conference-Toronto-RMF.jpg","type":"image\/jpeg"}],"author":"Campus Mexicali","twitter_card":"summary_large_image","twitter_creator":"@cetysuni","twitter_site":"@cetysuni","twitter_misc":{"Escrito por":"Campus Mexicali","Tiempo de lectura":"2 minutos"},"schema":{"@context":"https:\/\/schema.org","@graph":[{"@type":"Article","@id":"https:\/\/www.cetys.mx\/noticias\/cetys-mexicali-participa-en-simposio-internacional-sobre-sostenibilidad-en-la-educacion-superior\/#article","isPartOf":{"@id":"https:\/\/www.cetys.mx\/noticias\/cetys-mexicali-participa-en-simposio-internacional-sobre-sostenibilidad-en-la-educacion-superior\/"},"author":{"name":"Campus Mexicali","@id":"https:\/\/www.cetys.mx\/noticias\/#\/schema\/person\/79a95c4ac185f3705cf1b9c9340a5f70"},"headline":"CETYS Mexicali participa en simposio internacional sobre sostenibilidad en la educaci\u00f3n superior","datePublished":"2025-08-26T16:34:55+00:00","mainEntityOfPage":{"@id":"https:\/\/www.cetys.mx\/noticias\/cetys-mexicali-participa-en-simposio-internacional-sobre-sostenibilidad-en-la-educacion-superior\/"},"wordCount":378,"commentCount":0,"image":{"@id":"https:\/\/www.cetys.mx\/noticias\/cetys-mexicali-participa-en-simposio-internacional-sobre-sostenibilidad-en-la-educacion-superior\/#primaryimage"},"thumbnailUrl":"https:\/\/www.cetys.mx\/noticias\/wp-content\/uploads\/2025\/08\/3rd-Triennial-Conference-Toronto-RMF.jpg","keywords":["Docentes CETYS","Ponencias"],"articleSection":["Campus Mexicali","Profesorado","VoCETYS"],"inLanguage":"es","potentialAction":[{"@type":"CommentAction","name":"Comment","target":["https:\/\/www.cetys.mx\/noticias\/cetys-mexicali-participa-en-simposio-internacional-sobre-sostenibilidad-en-la-educacion-superior\/#respond"]}]},{"@type":"WebPage","@id":"https:\/\/www.cetys.mx\/noticias\/cetys-mexicali-participa-en-simposio-internacional-sobre-sostenibilidad-en-la-educacion-superior\/","url":"https:\/\/www.cetys.mx\/noticias\/cetys-mexicali-participa-en-simposio-internacional-sobre-sostenibilidad-en-la-educacion-superior\/","name":"CETYS Mexicali participa en simposio internacional sobre sostenibilidad en la educaci\u00f3n superior - CETYS","isPartOf":{"@id":"https:\/\/www.cetys.mx\/noticias\/#website"},"primaryImageOfPage":{"@id":"https:\/\/www.cetys.mx\/noticias\/cetys-mexicali-participa-en-simposio-internacional-sobre-sostenibilidad-en-la-educacion-superior\/#primaryimage"},"image":{"@id":"https:\/\/www.cetys.mx\/noticias\/cetys-mexicali-participa-en-simposio-internacional-sobre-sostenibilidad-en-la-educacion-superior\/#primaryimage"},"thumbnailUrl":"https:\/\/www.cetys.mx\/noticias\/wp-content\/uploads\/2025\/08\/3rd-Triennial-Conference-Toronto-RMF.jpg","datePublished":"2025-08-26T16:34:55+00:00","author":{"@id":"https:\/\/www.cetys.mx\/noticias\/#\/schema\/person\/79a95c4ac185f3705cf1b9c9340a5f70"},"description":"Articulo sobre CETYS Mexicali participa en simposio internacional sobre sostenibilidad en la educaci\u00f3n superior","breadcrumb":{"@id":"https:\/\/www.cetys.mx\/noticias\/cetys-mexicali-participa-en-simposio-internacional-sobre-sostenibilidad-en-la-educacion-superior\/#breadcrumb"},"inLanguage":"es","potentialAction":[{"@type":"ReadAction","target":["https:\/\/www.cetys.mx\/noticias\/cetys-mexicali-participa-en-simposio-internacional-sobre-sostenibilidad-en-la-educacion-superior\/"]}]},{"@type":"ImageObject","inLanguage":"es","@id":"https:\/\/www.cetys.mx\/noticias\/cetys-mexicali-participa-en-simposio-internacional-sobre-sostenibilidad-en-la-educacion-superior\/#primaryimage","url":"https:\/\/www.cetys.mx\/noticias\/wp-content\/uploads\/2025\/08\/3rd-Triennial-Conference-Toronto-RMF.jpg","contentUrl":"https:\/\/www.cetys.mx\/noticias\/wp-content\/uploads\/2025\/08\/3rd-Triennial-Conference-Toronto-RMF.jpg","width":958,"height":718},{"@type":"BreadcrumbList","@id":"https:\/\/www.cetys.mx\/noticias\/cetys-mexicali-participa-en-simposio-internacional-sobre-sostenibilidad-en-la-educacion-superior\/#breadcrumb","itemListElement":[{"@type":"ListItem","position":1,"name":"Inicio","item":"https:\/\/www.cetys.mx\/noticias\/"},{"@type":"ListItem","position":2,"name":"CETYS Mexicali participa en simposio internacional sobre sostenibilidad en la educaci\u00f3n superior"}]},{"@type":"WebSite","@id":"https:\/\/www.cetys.mx\/noticias\/#website","url":"https:\/\/www.cetys.mx\/noticias\/","name":"CETYS","description":"","potentialAction":[{"@type":"SearchAction","target":{"@type":"EntryPoint","urlTemplate":"https:\/\/www.cetys.mx\/noticias\/?s={search_term_string}"},"query-input":{"@type":"PropertyValueSpecification","valueRequired":true,"valueName":"search_term_string"}}],"inLanguage":"es"},{"@type":"Person","@id":"https:\/\/www.cetys.mx\/noticias\/#\/schema\/person\/79a95c4ac185f3705cf1b9c9340a5f70","name":"Campus Mexicali","url":"https:\/\/www.cetys.mx\/noticias\/author\/campusmexicali\/"}]}},"_links":{"self":[{"href":"https:\/\/www.cetys.mx\/noticias\/wp-json\/wp\/v2\/posts\/215364","targetHints":{"allow":["GET"]}}],"collection":[{"href":"https:\/\/www.cetys.mx\/noticias\/wp-json\/wp\/v2\/posts"}],"about":[{"href":"https:\/\/www.cetys.mx\/noticias\/wp-json\/wp\/v2\/types\/post"}],"author":[{"embeddable":true,"href":"https:\/\/www.cetys.mx\/noticias\/wp-json\/wp\/v2\/users\/20"}],"replies":[{"embeddable":true,"href":"https:\/\/www.cetys.mx\/noticias\/wp-json\/wp\/v2\/comments?post=215364"}],"version-history":[{"count":3,"href":"https:\/\/www.cetys.mx\/noticias\/wp-json\/wp\/v2\/posts\/215364\/revisions"}],"predecessor-version":[{"id":215368,"href":"https:\/\/www.cetys.mx\/noticias\/wp-json\/wp\/v2\/posts\/215364\/revisions\/215368"}],"wp:featuredmedia":[{"embeddable":true,"href":"https:\/\/www.cetys.mx\/noticias\/wp-json\/wp\/v2\/media\/215365"}],"wp:attachment":[{"href":"https:\/\/www.cetys.mx\/noticias\/wp-json\/wp\/v2\/media?parent=215364"}],"wp:term":[{"taxonomy":"category","embeddable":true,"href":"https:\/\/www.cetys.mx\/noticias\/wp-json\/wp\/v2\/categories?post=215364"},{"taxonomy":"post_tag","embeddable":true,"href":"https:\/\/www.cetys.mx\/noticias\/wp-json\/wp\/v2\/tags?post=215364"}],"curies":[{"name":"wp","href":"https:\/\/api.w.org\/{rel}","templated":true}]}}