{"id":215152,"date":"2025-08-15T14:31:52","date_gmt":"2025-08-15T21:31:52","guid":{"rendered":"https:\/\/www.cetys.mx\/noticias\/?p=215152"},"modified":"2025-08-15T14:31:52","modified_gmt":"2025-08-15T21:31:52","slug":"semilleros-de-investigacion-lleva-a-estudiante-a-congreso-de-investigadores-en-mercadotecnia","status":"publish","type":"post","link":"https:\/\/www.cetys.mx\/noticias\/semilleros-de-investigacion-lleva-a-estudiante-a-congreso-de-investigadores-en-mercadotecnia\/","title":{"rendered":"Semilleros de Investigaci\u00f3n lleva a estudiante a Congreso de Investigadores en Mercadotecnia"},"content":{"rendered":"<p>Como parte de las acciones del programa\u00a0<b>Semilleros de Investigaci\u00f3n de CETYS Universidad<\/b>, <b>Stephanie Morgan,\u00a0<\/b>estudiante \u00a0de Licenciatura en Inteligencia de Negocios e Innovaci\u00f3n\u00a0en Campus Tijuana particip\u00f3 en el\u00a0<b>VIII Encuentro Nacional y VI Internacional de Profesores e Investigadores en Mercadotecnia<\/b>, realizado en Pachuca, Hidalgo.<\/p>\n<p><span style=\"font-size: large;\">Este evento, dise\u00f1ado principalmente para estudiantes de posgrado, abri\u00f3 sus puertas a la participaci\u00f3n multidisciplinaria de j\u00f3venes investigadores de licenciatura, quienes, gracias a su trabajo han logrado resultados de alto nivel acad\u00e9mico. <\/span><\/p>\n<p>Durante el encuentro, Stephanie present\u00f3, en modalidad presencial y tipo ponencia, el proyecto\u00a0<b>\u201cAdopci\u00f3n de Marketing Socialmente Responsable en MiPyMEs de Baja California, M\u00e9xico\u201d<\/b>, en coautor\u00eda con la <strong>Dra. Alejandra Rosales Soto<\/strong>, Profesora de Tiempo Completo en la Escuela de Administraci\u00f3n y Negocios de CETYS Universidad Campus TIjuana.<\/p>\n<p>El estudio analiza c\u00f3mo las MiPyMEs, que representan el 90% de las empresas a nivel mundial y generan el 52% de los ingresos en M\u00e9xico\u2014 implementan pr\u00e1cticas de mercadotecnia socialmente responsable, integrando sostenibilidad y responsabilidad social corporativa en sus estrategias. La investigaci\u00f3n identific\u00f3 una alta adopci\u00f3n en \u00e1reas como servicio al cliente y \u00e9tica operativa, pero tambi\u00e9n detect\u00f3 brechas en financiamiento e impacto comunitario. Asimismo, encontr\u00f3 una relaci\u00f3n positiva entre las pr\u00e1cticas alineadas a la norma ISO 26000 y las estrategias de marketing mix.<\/p>\n\n            <style type='text\/css'>\n                #gallery-1 {\n                    margin: auto;\n                }\n                #gallery-1 .gallery-item {\n                    float: left;\n                    margin-top: 10px;\n                    text-align: center;\n                    width: 50%;\n                }\n                #gallery-1 img {\n                    border: 2px solid #cfcfcf;\n                }\n                #gallery-1 .gallery-caption {\n                    margin-left: 0;\n                }\n                \/* see gallery_shortcode() in wp-includes\/media.php *\/\n            <\/style>\n\t\t<div id='gallery-1' class='gallery galleryid-215152 gallery-columns-2 gallery-size-medium'><dl class='gallery-item'>\n                <dt class='gallery-icon landscape'>\n                    <a href='https:\/\/www.cetys.mx\/noticias\/semilleros-de-investigacion-lleva-a-estudiante-a-congreso-de-investigadores-en-mercadotecnia\/stephanie-morgan-semilleros-de-investigacion-2\/'><img loading=\"lazy\" decoding=\"async\" width=\"958\" height=\"637\" src=\"https:\/\/www.cetys.mx\/noticias\/wp-content\/uploads\/2025\/08\/Stephanie-Morgan-Semilleros-de-investigacion-2.png\" class=\"attachment-medium size-medium\" alt=\"\" srcset=\"https:\/\/www.cetys.mx\/noticias\/wp-content\/uploads\/2025\/08\/Stephanie-Morgan-Semilleros-de-investigacion-2.png 958w, https:\/\/www.cetys.mx\/noticias\/wp-content\/uploads\/2025\/08\/Stephanie-Morgan-Semilleros-de-investigacion-2-768x511.png 768w\" sizes=\"auto, (max-width: 958px) 100vw, 958px\" \/><\/a>\n                <\/dt><\/dl><dl class='gallery-item'>\n                <dt class='gallery-icon landscape'>\n                    <a href='https:\/\/www.cetys.mx\/noticias\/semilleros-de-investigacion-lleva-a-estudiante-a-congreso-de-investigadores-en-mercadotecnia\/stephanie-morgan-semilleros-de-investigacion\/'><img loading=\"lazy\" decoding=\"async\" width=\"958\" height=\"637\" src=\"https:\/\/www.cetys.mx\/noticias\/wp-content\/uploads\/2025\/08\/Stephanie-Morgan-Semilleros-de-investigacion.png\" class=\"attachment-medium size-medium\" alt=\"\" srcset=\"https:\/\/www.cetys.mx\/noticias\/wp-content\/uploads\/2025\/08\/Stephanie-Morgan-Semilleros-de-investigacion.png 958w, https:\/\/www.cetys.mx\/noticias\/wp-content\/uploads\/2025\/08\/Stephanie-Morgan-Semilleros-de-investigacion-768x511.png 768w\" sizes=\"auto, (max-width: 958px) 100vw, 958px\" \/><\/a>\n                <\/dt><\/dl><br style=\"clear: both\" \/>\n            <\/div>\n\n<p>Sobre su experiencia, Stephanie comparti\u00f3:\u00a0<i>\u201cParticipar en un evento de este nivel me permiti\u00f3 abrir mi mente a nuevos proyectos e ideas, as\u00ed como aprender de las tendencias y l\u00edneas de investigaci\u00f3n que se est\u00e1n desarrollando en M\u00e9xico. Tuve la oportunidad de conocer a investigadoras y conferencistas internacionales, incluyendo a la fundadora de la Red Internacional de Investigadores en Mercadotecnia, Dra. Laura Fischer de la Vega\u201d<\/i>.<\/p>\n<blockquote><p><span style=\"font-size: large;\">\u201cConsidero de gran valor estas experiencias para los j\u00f3venes investigadores, pues les permiten ampliar sus horizontes acad\u00e9micos y profesionales\u201d, destac\u00f3 la\u00a0Dra. Alejandra Rosales Soto<\/span><\/p><\/blockquote>\n<p>La estudiante expres\u00f3 su inter\u00e9s en continuar participando en el programa de Semilleros de Investigaci\u00f3n durante su \u00faltimo semestre, con la meta de seguir desarrollando proyectos y fortaleciendo su trayectoria acad\u00e9mica y profesional.<\/p>\n","protected":false},"excerpt":{"rendered":"<p>Como parte de las acciones del programa\u00a0Semilleros de Investigaci\u00f3n de CETYS Universidad, Stephanie Morgan,\u00a0estudiante \u00a0de Licenciatura en Inteligencia de Negocios e Innovaci\u00f3n\u00a0en&#8230;<\/p>\n","protected":false},"author":24,"featured_media":215154,"comment_status":"open","ping_status":"closed","sticky":false,"template":"","format":"standard","meta":{"footnotes":""},"categories":[134,125,313],"tags":[328,6460,178],"class_list":["post-215152","post","type-post","status-publish","format-standard","has-post-thumbnail","hentry","category-campus-tijuana","category-portada","category-vocetys-2","tag-campustijuana","tag-inteligenciadenegocioseinnovacion","tag-investigacion"],"yoast_head":"<!-- This site is optimized with the Yoast SEO plugin v27.4 - https:\/\/yoast.com\/product\/yoast-seo-wordpress\/ -->\n<title>Semilleros de Investigaci\u00f3n lleva a estudiante a Congreso de Investigadores en Mercadotecnia - CETYS<\/title>\n<meta name=\"description\" content=\"Articulo sobre Semilleros de Investigaci\u00f3n lleva a estudiante a Congreso de Investigadores en Mercadotecnia\" \/>\n<meta name=\"robots\" content=\"index, follow, max-snippet:-1, max-image-preview:large, max-video-preview:-1\" \/>\n<link rel=\"canonical\" href=\"https:\/\/www.cetys.mx\/noticias\/semilleros-de-investigacion-lleva-a-estudiante-a-congreso-de-investigadores-en-mercadotecnia\/\" \/>\n<meta property=\"og:locale\" content=\"es_MX\" \/>\n<meta property=\"og:type\" content=\"article\" \/>\n<meta property=\"og:title\" content=\"Semilleros de Investigaci\u00f3n lleva a estudiante a Congreso de Investigadores en Mercadotecnia - CETYS\" \/>\n<meta property=\"og:description\" content=\"Articulo sobre Semilleros de Investigaci\u00f3n lleva a estudiante a Congreso de Investigadores en Mercadotecnia\" \/>\n<meta property=\"og:url\" content=\"https:\/\/www.cetys.mx\/noticias\/semilleros-de-investigacion-lleva-a-estudiante-a-congreso-de-investigadores-en-mercadotecnia\/\" \/>\n<meta property=\"og:site_name\" content=\"CETYS\" \/>\n<meta property=\"article:publisher\" content=\"https:\/\/www.facebook.com\/cetysuniversidadmxl\/\" \/>\n<meta property=\"article:published_time\" content=\"2025-08-15T21:31:52+00:00\" \/>\n<meta property=\"og:image\" content=\"https:\/\/www.cetys.mx\/noticias\/wp-content\/uploads\/2025\/08\/Stephanie-Morgan-Semilleros-de-investigacion-3.png\" \/>\n\t<meta property=\"og:image:width\" content=\"958\" \/>\n\t<meta property=\"og:image:height\" content=\"637\" \/>\n\t<meta property=\"og:image:type\" content=\"image\/png\" \/>\n<meta name=\"author\" content=\"Campus Tijuana\" \/>\n<meta name=\"twitter:card\" content=\"summary_large_image\" \/>\n<meta name=\"twitter:creator\" content=\"@cetysuni\" \/>\n<meta name=\"twitter:site\" content=\"@cetysuni\" \/>\n<meta name=\"twitter:label1\" content=\"Escrito por\" \/>\n\t<meta name=\"twitter:data1\" content=\"Campus Tijuana\" \/>\n\t<meta name=\"twitter:label2\" content=\"Tiempo de lectura\" \/>\n\t<meta name=\"twitter:data2\" content=\"2 minutos\" \/>\n<script type=\"application\/ld+json\" class=\"yoast-schema-graph\">{\"@context\":\"https:\\\/\\\/schema.org\",\"@graph\":[{\"@type\":\"Article\",\"@id\":\"https:\\\/\\\/www.cetys.mx\\\/noticias\\\/semilleros-de-investigacion-lleva-a-estudiante-a-congreso-de-investigadores-en-mercadotecnia\\\/#article\",\"isPartOf\":{\"@id\":\"https:\\\/\\\/www.cetys.mx\\\/noticias\\\/semilleros-de-investigacion-lleva-a-estudiante-a-congreso-de-investigadores-en-mercadotecnia\\\/\"},\"author\":{\"name\":\"Campus Tijuana\",\"@id\":\"https:\\\/\\\/www.cetys.mx\\\/noticias\\\/#\\\/schema\\\/person\\\/e790051ce60e18ae47cfa87011c8653f\"},\"headline\":\"Semilleros de Investigaci\u00f3n lleva a estudiante a Congreso de Investigadores en Mercadotecnia\",\"datePublished\":\"2025-08-15T21:31:52+00:00\",\"mainEntityOfPage\":{\"@id\":\"https:\\\/\\\/www.cetys.mx\\\/noticias\\\/semilleros-de-investigacion-lleva-a-estudiante-a-congreso-de-investigadores-en-mercadotecnia\\\/\"},\"wordCount\":376,\"commentCount\":0,\"image\":{\"@id\":\"https:\\\/\\\/www.cetys.mx\\\/noticias\\\/semilleros-de-investigacion-lleva-a-estudiante-a-congreso-de-investigadores-en-mercadotecnia\\\/#primaryimage\"},\"thumbnailUrl\":\"https:\\\/\\\/www.cetys.mx\\\/noticias\\\/wp-content\\\/uploads\\\/2025\\\/08\\\/Stephanie-Morgan-Semilleros-de-investigacion-3.png\",\"keywords\":[\"campustijuana\",\"InteligenciadeNegocioseInnovacion\",\"investigaci\u00f3n\"],\"articleSection\":[\"Campus Tijuana\",\"Portada\",\"VoCETYS\"],\"inLanguage\":\"es\",\"potentialAction\":[{\"@type\":\"CommentAction\",\"name\":\"Comment\",\"target\":[\"https:\\\/\\\/www.cetys.mx\\\/noticias\\\/semilleros-de-investigacion-lleva-a-estudiante-a-congreso-de-investigadores-en-mercadotecnia\\\/#respond\"]}]},{\"@type\":\"WebPage\",\"@id\":\"https:\\\/\\\/www.cetys.mx\\\/noticias\\\/semilleros-de-investigacion-lleva-a-estudiante-a-congreso-de-investigadores-en-mercadotecnia\\\/\",\"url\":\"https:\\\/\\\/www.cetys.mx\\\/noticias\\\/semilleros-de-investigacion-lleva-a-estudiante-a-congreso-de-investigadores-en-mercadotecnia\\\/\",\"name\":\"Semilleros de Investigaci\u00f3n lleva a estudiante a Congreso de Investigadores en Mercadotecnia - CETYS\",\"isPartOf\":{\"@id\":\"https:\\\/\\\/www.cetys.mx\\\/noticias\\\/#website\"},\"primaryImageOfPage\":{\"@id\":\"https:\\\/\\\/www.cetys.mx\\\/noticias\\\/semilleros-de-investigacion-lleva-a-estudiante-a-congreso-de-investigadores-en-mercadotecnia\\\/#primaryimage\"},\"image\":{\"@id\":\"https:\\\/\\\/www.cetys.mx\\\/noticias\\\/semilleros-de-investigacion-lleva-a-estudiante-a-congreso-de-investigadores-en-mercadotecnia\\\/#primaryimage\"},\"thumbnailUrl\":\"https:\\\/\\\/www.cetys.mx\\\/noticias\\\/wp-content\\\/uploads\\\/2025\\\/08\\\/Stephanie-Morgan-Semilleros-de-investigacion-3.png\",\"datePublished\":\"2025-08-15T21:31:52+00:00\",\"author\":{\"@id\":\"https:\\\/\\\/www.cetys.mx\\\/noticias\\\/#\\\/schema\\\/person\\\/e790051ce60e18ae47cfa87011c8653f\"},\"description\":\"Articulo sobre Semilleros de Investigaci\u00f3n lleva a estudiante a Congreso de Investigadores en Mercadotecnia\",\"breadcrumb\":{\"@id\":\"https:\\\/\\\/www.cetys.mx\\\/noticias\\\/semilleros-de-investigacion-lleva-a-estudiante-a-congreso-de-investigadores-en-mercadotecnia\\\/#breadcrumb\"},\"inLanguage\":\"es\",\"potentialAction\":[{\"@type\":\"ReadAction\",\"target\":[\"https:\\\/\\\/www.cetys.mx\\\/noticias\\\/semilleros-de-investigacion-lleva-a-estudiante-a-congreso-de-investigadores-en-mercadotecnia\\\/\"]}]},{\"@type\":\"ImageObject\",\"inLanguage\":\"es\",\"@id\":\"https:\\\/\\\/www.cetys.mx\\\/noticias\\\/semilleros-de-investigacion-lleva-a-estudiante-a-congreso-de-investigadores-en-mercadotecnia\\\/#primaryimage\",\"url\":\"https:\\\/\\\/www.cetys.mx\\\/noticias\\\/wp-content\\\/uploads\\\/2025\\\/08\\\/Stephanie-Morgan-Semilleros-de-investigacion-3.png\",\"contentUrl\":\"https:\\\/\\\/www.cetys.mx\\\/noticias\\\/wp-content\\\/uploads\\\/2025\\\/08\\\/Stephanie-Morgan-Semilleros-de-investigacion-3.png\",\"width\":958,\"height\":637},{\"@type\":\"BreadcrumbList\",\"@id\":\"https:\\\/\\\/www.cetys.mx\\\/noticias\\\/semilleros-de-investigacion-lleva-a-estudiante-a-congreso-de-investigadores-en-mercadotecnia\\\/#breadcrumb\",\"itemListElement\":[{\"@type\":\"ListItem\",\"position\":1,\"name\":\"Inicio\",\"item\":\"https:\\\/\\\/www.cetys.mx\\\/noticias\\\/\"},{\"@type\":\"ListItem\",\"position\":2,\"name\":\"Semilleros de Investigaci\u00f3n lleva a estudiante a Congreso de Investigadores en Mercadotecnia\"}]},{\"@type\":\"WebSite\",\"@id\":\"https:\\\/\\\/www.cetys.mx\\\/noticias\\\/#website\",\"url\":\"https:\\\/\\\/www.cetys.mx\\\/noticias\\\/\",\"name\":\"CETYS\",\"description\":\"\",\"potentialAction\":[{\"@type\":\"SearchAction\",\"target\":{\"@type\":\"EntryPoint\",\"urlTemplate\":\"https:\\\/\\\/www.cetys.mx\\\/noticias\\\/?s={search_term_string}\"},\"query-input\":{\"@type\":\"PropertyValueSpecification\",\"valueRequired\":true,\"valueName\":\"search_term_string\"}}],\"inLanguage\":\"es\"},{\"@type\":\"Person\",\"@id\":\"https:\\\/\\\/www.cetys.mx\\\/noticias\\\/#\\\/schema\\\/person\\\/e790051ce60e18ae47cfa87011c8653f\",\"name\":\"Campus Tijuana\",\"url\":\"https:\\\/\\\/www.cetys.mx\\\/noticias\\\/author\\\/campustijuana\\\/\"}]}<\/script>\n<!-- \/ Yoast SEO plugin. -->","yoast_head_json":{"title":"Semilleros de Investigaci\u00f3n lleva a estudiante a Congreso de Investigadores en Mercadotecnia - CETYS","description":"Articulo sobre Semilleros de Investigaci\u00f3n lleva a estudiante a Congreso de Investigadores en Mercadotecnia","robots":{"index":"index","follow":"follow","max-snippet":"max-snippet:-1","max-image-preview":"max-image-preview:large","max-video-preview":"max-video-preview:-1"},"canonical":"https:\/\/www.cetys.mx\/noticias\/semilleros-de-investigacion-lleva-a-estudiante-a-congreso-de-investigadores-en-mercadotecnia\/","og_locale":"es_MX","og_type":"article","og_title":"Semilleros de Investigaci\u00f3n lleva a estudiante a Congreso de Investigadores en Mercadotecnia - CETYS","og_description":"Articulo sobre Semilleros de Investigaci\u00f3n lleva a estudiante a Congreso de Investigadores en Mercadotecnia","og_url":"https:\/\/www.cetys.mx\/noticias\/semilleros-de-investigacion-lleva-a-estudiante-a-congreso-de-investigadores-en-mercadotecnia\/","og_site_name":"CETYS","article_publisher":"https:\/\/www.facebook.com\/cetysuniversidadmxl\/","article_published_time":"2025-08-15T21:31:52+00:00","og_image":[{"width":958,"height":637,"url":"https:\/\/www.cetys.mx\/noticias\/wp-content\/uploads\/2025\/08\/Stephanie-Morgan-Semilleros-de-investigacion-3.png","type":"image\/png"}],"author":"Campus Tijuana","twitter_card":"summary_large_image","twitter_creator":"@cetysuni","twitter_site":"@cetysuni","twitter_misc":{"Escrito por":"Campus Tijuana","Tiempo de lectura":"2 minutos"},"schema":{"@context":"https:\/\/schema.org","@graph":[{"@type":"Article","@id":"https:\/\/www.cetys.mx\/noticias\/semilleros-de-investigacion-lleva-a-estudiante-a-congreso-de-investigadores-en-mercadotecnia\/#article","isPartOf":{"@id":"https:\/\/www.cetys.mx\/noticias\/semilleros-de-investigacion-lleva-a-estudiante-a-congreso-de-investigadores-en-mercadotecnia\/"},"author":{"name":"Campus Tijuana","@id":"https:\/\/www.cetys.mx\/noticias\/#\/schema\/person\/e790051ce60e18ae47cfa87011c8653f"},"headline":"Semilleros de Investigaci\u00f3n lleva a estudiante a Congreso de Investigadores en Mercadotecnia","datePublished":"2025-08-15T21:31:52+00:00","mainEntityOfPage":{"@id":"https:\/\/www.cetys.mx\/noticias\/semilleros-de-investigacion-lleva-a-estudiante-a-congreso-de-investigadores-en-mercadotecnia\/"},"wordCount":376,"commentCount":0,"image":{"@id":"https:\/\/www.cetys.mx\/noticias\/semilleros-de-investigacion-lleva-a-estudiante-a-congreso-de-investigadores-en-mercadotecnia\/#primaryimage"},"thumbnailUrl":"https:\/\/www.cetys.mx\/noticias\/wp-content\/uploads\/2025\/08\/Stephanie-Morgan-Semilleros-de-investigacion-3.png","keywords":["campustijuana","InteligenciadeNegocioseInnovacion","investigaci\u00f3n"],"articleSection":["Campus Tijuana","Portada","VoCETYS"],"inLanguage":"es","potentialAction":[{"@type":"CommentAction","name":"Comment","target":["https:\/\/www.cetys.mx\/noticias\/semilleros-de-investigacion-lleva-a-estudiante-a-congreso-de-investigadores-en-mercadotecnia\/#respond"]}]},{"@type":"WebPage","@id":"https:\/\/www.cetys.mx\/noticias\/semilleros-de-investigacion-lleva-a-estudiante-a-congreso-de-investigadores-en-mercadotecnia\/","url":"https:\/\/www.cetys.mx\/noticias\/semilleros-de-investigacion-lleva-a-estudiante-a-congreso-de-investigadores-en-mercadotecnia\/","name":"Semilleros de Investigaci\u00f3n lleva a estudiante a Congreso de Investigadores en Mercadotecnia - CETYS","isPartOf":{"@id":"https:\/\/www.cetys.mx\/noticias\/#website"},"primaryImageOfPage":{"@id":"https:\/\/www.cetys.mx\/noticias\/semilleros-de-investigacion-lleva-a-estudiante-a-congreso-de-investigadores-en-mercadotecnia\/#primaryimage"},"image":{"@id":"https:\/\/www.cetys.mx\/noticias\/semilleros-de-investigacion-lleva-a-estudiante-a-congreso-de-investigadores-en-mercadotecnia\/#primaryimage"},"thumbnailUrl":"https:\/\/www.cetys.mx\/noticias\/wp-content\/uploads\/2025\/08\/Stephanie-Morgan-Semilleros-de-investigacion-3.png","datePublished":"2025-08-15T21:31:52+00:00","author":{"@id":"https:\/\/www.cetys.mx\/noticias\/#\/schema\/person\/e790051ce60e18ae47cfa87011c8653f"},"description":"Articulo sobre Semilleros de Investigaci\u00f3n lleva a estudiante a Congreso de Investigadores en Mercadotecnia","breadcrumb":{"@id":"https:\/\/www.cetys.mx\/noticias\/semilleros-de-investigacion-lleva-a-estudiante-a-congreso-de-investigadores-en-mercadotecnia\/#breadcrumb"},"inLanguage":"es","potentialAction":[{"@type":"ReadAction","target":["https:\/\/www.cetys.mx\/noticias\/semilleros-de-investigacion-lleva-a-estudiante-a-congreso-de-investigadores-en-mercadotecnia\/"]}]},{"@type":"ImageObject","inLanguage":"es","@id":"https:\/\/www.cetys.mx\/noticias\/semilleros-de-investigacion-lleva-a-estudiante-a-congreso-de-investigadores-en-mercadotecnia\/#primaryimage","url":"https:\/\/www.cetys.mx\/noticias\/wp-content\/uploads\/2025\/08\/Stephanie-Morgan-Semilleros-de-investigacion-3.png","contentUrl":"https:\/\/www.cetys.mx\/noticias\/wp-content\/uploads\/2025\/08\/Stephanie-Morgan-Semilleros-de-investigacion-3.png","width":958,"height":637},{"@type":"BreadcrumbList","@id":"https:\/\/www.cetys.mx\/noticias\/semilleros-de-investigacion-lleva-a-estudiante-a-congreso-de-investigadores-en-mercadotecnia\/#breadcrumb","itemListElement":[{"@type":"ListItem","position":1,"name":"Inicio","item":"https:\/\/www.cetys.mx\/noticias\/"},{"@type":"ListItem","position":2,"name":"Semilleros de Investigaci\u00f3n lleva a estudiante a Congreso de Investigadores en Mercadotecnia"}]},{"@type":"WebSite","@id":"https:\/\/www.cetys.mx\/noticias\/#website","url":"https:\/\/www.cetys.mx\/noticias\/","name":"CETYS","description":"","potentialAction":[{"@type":"SearchAction","target":{"@type":"EntryPoint","urlTemplate":"https:\/\/www.cetys.mx\/noticias\/?s={search_term_string}"},"query-input":{"@type":"PropertyValueSpecification","valueRequired":true,"valueName":"search_term_string"}}],"inLanguage":"es"},{"@type":"Person","@id":"https:\/\/www.cetys.mx\/noticias\/#\/schema\/person\/e790051ce60e18ae47cfa87011c8653f","name":"Campus Tijuana","url":"https:\/\/www.cetys.mx\/noticias\/author\/campustijuana\/"}]}},"_links":{"self":[{"href":"https:\/\/www.cetys.mx\/noticias\/wp-json\/wp\/v2\/posts\/215152","targetHints":{"allow":["GET"]}}],"collection":[{"href":"https:\/\/www.cetys.mx\/noticias\/wp-json\/wp\/v2\/posts"}],"about":[{"href":"https:\/\/www.cetys.mx\/noticias\/wp-json\/wp\/v2\/types\/post"}],"author":[{"embeddable":true,"href":"https:\/\/www.cetys.mx\/noticias\/wp-json\/wp\/v2\/users\/24"}],"replies":[{"embeddable":true,"href":"https:\/\/www.cetys.mx\/noticias\/wp-json\/wp\/v2\/comments?post=215152"}],"version-history":[{"count":1,"href":"https:\/\/www.cetys.mx\/noticias\/wp-json\/wp\/v2\/posts\/215152\/revisions"}],"predecessor-version":[{"id":215157,"href":"https:\/\/www.cetys.mx\/noticias\/wp-json\/wp\/v2\/posts\/215152\/revisions\/215157"}],"wp:featuredmedia":[{"embeddable":true,"href":"https:\/\/www.cetys.mx\/noticias\/wp-json\/wp\/v2\/media\/215154"}],"wp:attachment":[{"href":"https:\/\/www.cetys.mx\/noticias\/wp-json\/wp\/v2\/media?parent=215152"}],"wp:term":[{"taxonomy":"category","embeddable":true,"href":"https:\/\/www.cetys.mx\/noticias\/wp-json\/wp\/v2\/categories?post=215152"},{"taxonomy":"post_tag","embeddable":true,"href":"https:\/\/www.cetys.mx\/noticias\/wp-json\/wp\/v2\/tags?post=215152"}],"curies":[{"name":"wp","href":"https:\/\/api.w.org\/{rel}","templated":true}]}}