{"id":215034,"date":"2025-08-12T18:14:22","date_gmt":"2025-08-13T01:14:22","guid":{"rendered":"https:\/\/www.cetys.mx\/noticias\/?p=215034"},"modified":"2025-08-21T09:08:18","modified_gmt":"2025-08-21T16:08:18","slug":"alumnas-de-preparatoria-cetys-tijuana-viven-experiencia-aeroespacial-en-florida","status":"publish","type":"post","link":"https:\/\/www.cetys.mx\/noticias\/alumnas-de-preparatoria-cetys-tijuana-viven-experiencia-aeroespacial-en-florida\/","title":{"rendered":"Alumnas de Preparatoria CETYS Tijuana viven experiencia aeroespacial en Florida"},"content":{"rendered":"<p data-start=\"326\" data-end=\"638\">3 estudiantes de quinto semestre de la <a href=\"https:\/\/www.cetys.mx\/programas\/preparatoria-general\/\">Preparatoria CETYS<\/a> en Tijuana, <strong data-start=\"398\" data-end=\"420\">Paola Bouquet Baca<\/strong><span data-start=\"398\" data-end=\"420\">,\u00a0<\/span><strong data-start=\"423\" data-end=\"452\">Michelle Villegas Camacho y\u00a0\u00a0Sophia Neri Herrera<\/strong>\u00a0vivieron durante julio una inmersi\u00f3n \u00fanica en el mundo de la aviaci\u00f3n gracias a su participaci\u00f3n en el curso de aeron\u00e1utica de <strong data-start=\"581\" data-end=\"612\">The National Flight Academy<\/strong>, en Pensacola, Florida.<\/p>\n<p data-start=\"640\" data-end=\"1044\">Ambas obtuvieron una <strong data-start=\"661\" data-end=\"669\">beca<\/strong> que les permiti\u00f3 integrarse a esta experiencia educativa internacional, la cual combina ciencia, tecnolog\u00eda, ingenier\u00eda y matem\u00e1ticas (STEM) en un entorno interactivo y de alto nivel. Durante seis d\u00edas, las alumnas participaron en <strong data-start=\"901\" data-end=\"994\">simulaciones de vuelo, misiones con realidad virtual y pr\u00e1cticas en un ambiente inmersivo<\/strong>, fusionando cultura y tecnolog\u00eda del siglo XXI.<\/p>\n<p data-start=\"1046\" data-end=\"1237\">\u00a0\u00a0\u00a0<img loading=\"lazy\" decoding=\"async\" class=\" wp-image-215044 alignleft\" src=\"https:\/\/www.cetys.mx\/noticias\/wp-content\/uploads\/2025\/08\/Alumnas-de-Prepa-experiencia-aeroespacial-3.png\" alt=\"\" width=\"399\" height=\"265\" srcset=\"https:\/\/www.cetys.mx\/noticias\/wp-content\/uploads\/2025\/08\/Alumnas-de-Prepa-experiencia-aeroespacial-3.png 958w, https:\/\/www.cetys.mx\/noticias\/wp-content\/uploads\/2025\/08\/Alumnas-de-Prepa-experiencia-aeroespacial-3-768x511.png 768w\" sizes=\"auto, (max-width: 399px) 100vw, 399px\" \/>\u00a0Para Michelle, la experiencia represent\u00f3 una oportunidad para ampliar sus horizontes:<\/p>\n<blockquote data-start=\"1238\" data-end=\"1427\">\n<p data-start=\"1240\" data-end=\"1427\">\u201cBuscar diferentes oportunidades y diferentes experiencias me brinda distintos enfoques y puntos de vista. Estoy m\u00e1s inclinada hacia la medicina, pero esta vivencia me gust\u00f3 much\u00edsimo\u201d.<\/p>\n<\/blockquote>\n<p data-start=\"1429\" data-end=\"1504\">Por su parte, Paola vio reforzada su vocaci\u00f3n por el \u00e1mbito aeroespacial:<\/p>\n<blockquote data-start=\"1505\" data-end=\"1715\">\n<p data-start=\"1507\" data-end=\"1715\"><img loading=\"lazy\" decoding=\"async\" class=\" wp-image-215045 alignright\" src=\"https:\/\/www.cetys.mx\/noticias\/wp-content\/uploads\/2025\/08\/Alumnas-de-Prepa-experiencia-aeroespacial-2.png\" alt=\"\" width=\"350\" height=\"233\" srcset=\"https:\/\/www.cetys.mx\/noticias\/wp-content\/uploads\/2025\/08\/Alumnas-de-Prepa-experiencia-aeroespacial-2.png 958w, https:\/\/www.cetys.mx\/noticias\/wp-content\/uploads\/2025\/08\/Alumnas-de-Prepa-experiencia-aeroespacial-2-768x511.png 768w\" sizes=\"auto, (max-width: 350px) 100vw, 350px\" \/>\u201cEstoy decidi\u00e9ndome entre ingenier\u00eda mec\u00e1nica u otra carrera cercana a lo aeroespacial. Esta experiencia me cambi\u00f3 mucho la forma de ver c\u00f3mo funciona el trabajo en este sector y planeo seguir con mi idea\u201d.<\/p>\n<\/blockquote>\n<p data-start=\"1717\" data-end=\"1876\">La <strong data-start=\"1720\" data-end=\"1747\">National Flight Academy<\/strong> busca inspirar a j\u00f3venes apasionados por las \u00e1reas STEM, consideradas clave para el desarrollo y competitividad de los pa\u00edses.<\/p>\n<p data-start=\"1717\" data-end=\"1876\"><img loading=\"lazy\" decoding=\"async\" class=\" wp-image-215253 alignleft\" src=\"https:\/\/www.cetys.mx\/noticias\/wp-content\/uploads\/2025\/08\/image.png\" alt=\"\" width=\"372\" height=\"273\" srcset=\"https:\/\/www.cetys.mx\/noticias\/wp-content\/uploads\/2025\/08\/image.png 908w, https:\/\/www.cetys.mx\/noticias\/wp-content\/uploads\/2025\/08\/image-768x564.png 768w\" sizes=\"auto, (max-width: 372px) 100vw, 372px\" \/><\/p>\n<p data-start=\"1878\" data-end=\"2350\">Para\u00a0\u00a0<strong>Sophia Neri Herrera<\/strong>, la experiencia refuerza sus deseos de dedicarse a la aeron\u00e1utica e incluso convertirse en una piloto. Adem\u00e1s de disfrutar conocer a j\u00f3venes de diversas regiones, comparte que es importante vivir experiencias fuera de su regi\u00f3n que enriquezcan ya sea sus objetivos o amplien el panorama ya sea de lo que se quieran dedicar o simplemente para acumular vivencias.<\/p>\n<p data-start=\"1878\" data-end=\"2350\">\n<p data-start=\"1878\" data-end=\"2350\">En CETYS Tijuana, la convocatoria fue impulsada por la <strong data-start=\"1933\" data-end=\"1990\">Coordinaci\u00f3n Econ\u00f3mico-Administrativa de Preparatoria<\/strong>, a cargo de la <strong data-start=\"2006\" data-end=\"2030\">Mtra. Laura Chavando<\/strong>, en colaboraci\u00f3n con <strong data-start=\"2052\" data-end=\"2081\">Junior Achievement M\u00e9xico<\/strong> y con el apoyo de <strong data-start=\"2100\" data-end=\"2119\">Delta Air Lines<\/strong>. Paola y Michelle conocieron esta oportunidad gracias a la difusi\u00f3n de experiencias entre estudiantes, el acompa\u00f1amiento de docentes y las herramientas de la plataforma Blackboard, lo que les motiv\u00f3 a postular y obtener la beca para viajar a esta aventura en Florida.<\/p>\n\n            <style type='text\/css'>\n                #gallery-1 {\n                    margin: auto;\n                }\n                #gallery-1 .gallery-item {\n                    float: left;\n                    margin-top: 10px;\n                    text-align: center;\n                    width: 50%;\n                }\n                #gallery-1 img {\n                    border: 2px solid #cfcfcf;\n                }\n                #gallery-1 .gallery-caption {\n                    margin-left: 0;\n                }\n                \/* see gallery_shortcode() in wp-includes\/media.php *\/\n            <\/style>\n\t\t<div id='gallery-1' class='gallery galleryid-215034 gallery-columns-2 gallery-size-medium'><dl class='gallery-item'>\n                <dt class='gallery-icon landscape'>\n                    <a href='https:\/\/www.cetys.mx\/noticias\/alumnas-de-preparatoria-cetys-tijuana-viven-experiencia-aeroespacial-en-florida\/alumnas-de-prepa-experiencia-aeroespacial-4\/'><img loading=\"lazy\" decoding=\"async\" width=\"958\" height=\"637\" src=\"https:\/\/www.cetys.mx\/noticias\/wp-content\/uploads\/2025\/08\/Alumnas-de-Prepa-experiencia-aeroespacial-4.png\" class=\"attachment-medium size-medium\" alt=\"\" srcset=\"https:\/\/www.cetys.mx\/noticias\/wp-content\/uploads\/2025\/08\/Alumnas-de-Prepa-experiencia-aeroespacial-4.png 958w, https:\/\/www.cetys.mx\/noticias\/wp-content\/uploads\/2025\/08\/Alumnas-de-Prepa-experiencia-aeroespacial-4-768x511.png 768w\" sizes=\"auto, (max-width: 958px) 100vw, 958px\" \/><\/a>\n                <\/dt><\/dl><dl class='gallery-item'>\n                <dt class='gallery-icon landscape'>\n                    <a href='https:\/\/www.cetys.mx\/noticias\/alumnas-de-preparatoria-cetys-tijuana-viven-experiencia-aeroespacial-en-florida\/alumnas-de-prepa-experiencia-aeroespacial-5\/'><img loading=\"lazy\" decoding=\"async\" width=\"958\" height=\"637\" src=\"https:\/\/www.cetys.mx\/noticias\/wp-content\/uploads\/2025\/08\/Alumnas-de-Prepa-experiencia-aeroespacial-5.png\" class=\"attachment-medium size-medium\" alt=\"\" srcset=\"https:\/\/www.cetys.mx\/noticias\/wp-content\/uploads\/2025\/08\/Alumnas-de-Prepa-experiencia-aeroespacial-5.png 958w, https:\/\/www.cetys.mx\/noticias\/wp-content\/uploads\/2025\/08\/Alumnas-de-Prepa-experiencia-aeroespacial-5-768x511.png 768w\" sizes=\"auto, (max-width: 958px) 100vw, 958px\" \/><\/a>\n                <\/dt><\/dl><br style=\"clear: both\" \/><dl class='gallery-item'>\n                <dt class='gallery-icon landscape'>\n                    <a href='https:\/\/www.cetys.mx\/noticias\/alumnas-de-preparatoria-cetys-tijuana-viven-experiencia-aeroespacial-en-florida\/alumnas-de-prepa-experiencia-aeroespacial-6\/'><img loading=\"lazy\" decoding=\"async\" width=\"958\" height=\"637\" src=\"https:\/\/www.cetys.mx\/noticias\/wp-content\/uploads\/2025\/08\/Alumnas-de-Prepa-experiencia-aeroespacial-6.png\" class=\"attachment-medium size-medium\" alt=\"\" srcset=\"https:\/\/www.cetys.mx\/noticias\/wp-content\/uploads\/2025\/08\/Alumnas-de-Prepa-experiencia-aeroespacial-6.png 958w, https:\/\/www.cetys.mx\/noticias\/wp-content\/uploads\/2025\/08\/Alumnas-de-Prepa-experiencia-aeroespacial-6-768x511.png 768w\" sizes=\"auto, (max-width: 958px) 100vw, 958px\" \/><\/a>\n                <\/dt><\/dl><dl class='gallery-item'>\n                <dt class='gallery-icon landscape'>\n                    <a href='https:\/\/www.cetys.mx\/noticias\/alumnas-de-preparatoria-cetys-tijuana-viven-experiencia-aeroespacial-en-florida\/alumnas-de-prepa-experiencia-aeroespacial-7\/'><img loading=\"lazy\" decoding=\"async\" width=\"958\" height=\"637\" src=\"https:\/\/www.cetys.mx\/noticias\/wp-content\/uploads\/2025\/08\/Alumnas-de-Prepa-experiencia-aeroespacial-7.png\" class=\"attachment-medium size-medium\" alt=\"\" srcset=\"https:\/\/www.cetys.mx\/noticias\/wp-content\/uploads\/2025\/08\/Alumnas-de-Prepa-experiencia-aeroespacial-7.png 958w, https:\/\/www.cetys.mx\/noticias\/wp-content\/uploads\/2025\/08\/Alumnas-de-Prepa-experiencia-aeroespacial-7-768x511.png 768w\" sizes=\"auto, (max-width: 958px) 100vw, 958px\" \/><\/a>\n                <\/dt><\/dl><br style=\"clear: both\" \/>\n            <\/div>\n\n<p data-start=\"2352\" data-end=\"2549\">\n","protected":false},"excerpt":{"rendered":"<p>3 estudiantes de quinto semestre de la Preparatoria CETYS en Tijuana, Paola Bouquet Baca,\u00a0Michelle Villegas Camacho y\u00a0\u00a0Sophia Neri Herrera\u00a0vivieron durante julio una&#8230;<\/p>\n","protected":false},"author":24,"featured_media":215036,"comment_status":"open","ping_status":"closed","sticky":false,"template":"","format":"standard","meta":{"footnotes":""},"categories":[134,125,318,313],"tags":[328,92],"class_list":["post-215034","post","type-post","status-publish","format-standard","has-post-thumbnail","hentry","category-campus-tijuana","category-portada","category-preparatoria","category-vocetys-2","tag-campustijuana","tag-preparatoria"],"yoast_head":"<!-- This site is optimized with the Yoast SEO plugin v27.4 - https:\/\/yoast.com\/product\/yoast-seo-wordpress\/ -->\n<title>Alumnas de Preparatoria CETYS Tijuana viven experiencia aeroespacial en Florida - CETYS<\/title>\n<meta name=\"description\" content=\"Articulo sobre Alumnas de Preparatoria CETYS Tijuana viven experiencia aeroespacial en Florida\" \/>\n<meta name=\"robots\" content=\"index, follow, max-snippet:-1, max-image-preview:large, max-video-preview:-1\" \/>\n<link rel=\"canonical\" href=\"https:\/\/www.cetys.mx\/noticias\/alumnas-de-preparatoria-cetys-tijuana-viven-experiencia-aeroespacial-en-florida\/\" \/>\n<meta property=\"og:locale\" content=\"es_MX\" \/>\n<meta property=\"og:type\" content=\"article\" \/>\n<meta property=\"og:title\" content=\"Alumnas de Preparatoria CETYS Tijuana viven experiencia aeroespacial en Florida - CETYS\" \/>\n<meta property=\"og:description\" content=\"Articulo sobre Alumnas de Preparatoria CETYS Tijuana viven experiencia aeroespacial en Florida\" \/>\n<meta property=\"og:url\" content=\"https:\/\/www.cetys.mx\/noticias\/alumnas-de-preparatoria-cetys-tijuana-viven-experiencia-aeroespacial-en-florida\/\" \/>\n<meta property=\"og:site_name\" content=\"CETYS\" \/>\n<meta property=\"article:publisher\" content=\"https:\/\/www.facebook.com\/cetysuniversidadmxl\/\" \/>\n<meta property=\"article:published_time\" content=\"2025-08-13T01:14:22+00:00\" \/>\n<meta property=\"article:modified_time\" content=\"2025-08-21T16:08:18+00:00\" \/>\n<meta property=\"og:image\" content=\"https:\/\/www.cetys.mx\/noticias\/wp-content\/uploads\/2025\/08\/Alumnas-de-Prepa-experiencia-aeroespacial.png\" \/>\n\t<meta property=\"og:image:width\" content=\"958\" \/>\n\t<meta property=\"og:image:height\" content=\"637\" \/>\n\t<meta property=\"og:image:type\" content=\"image\/png\" \/>\n<meta name=\"author\" content=\"Campus Tijuana\" \/>\n<meta name=\"twitter:card\" content=\"summary_large_image\" \/>\n<meta name=\"twitter:creator\" content=\"@cetysuni\" \/>\n<meta name=\"twitter:site\" content=\"@cetysuni\" \/>\n<meta name=\"twitter:label1\" content=\"Escrito por\" \/>\n\t<meta name=\"twitter:data1\" content=\"Campus Tijuana\" \/>\n\t<meta name=\"twitter:label2\" content=\"Tiempo de lectura\" \/>\n\t<meta name=\"twitter:data2\" content=\"2 minutos\" \/>\n<script type=\"application\/ld+json\" class=\"yoast-schema-graph\">{\"@context\":\"https:\\\/\\\/schema.org\",\"@graph\":[{\"@type\":\"Article\",\"@id\":\"https:\\\/\\\/www.cetys.mx\\\/noticias\\\/alumnas-de-preparatoria-cetys-tijuana-viven-experiencia-aeroespacial-en-florida\\\/#article\",\"isPartOf\":{\"@id\":\"https:\\\/\\\/www.cetys.mx\\\/noticias\\\/alumnas-de-preparatoria-cetys-tijuana-viven-experiencia-aeroespacial-en-florida\\\/\"},\"author\":{\"name\":\"Campus Tijuana\",\"@id\":\"https:\\\/\\\/www.cetys.mx\\\/noticias\\\/#\\\/schema\\\/person\\\/e790051ce60e18ae47cfa87011c8653f\"},\"headline\":\"Alumnas de Preparatoria CETYS Tijuana viven experiencia aeroespacial en Florida\",\"datePublished\":\"2025-08-13T01:14:22+00:00\",\"dateModified\":\"2025-08-21T16:08:18+00:00\",\"mainEntityOfPage\":{\"@id\":\"https:\\\/\\\/www.cetys.mx\\\/noticias\\\/alumnas-de-preparatoria-cetys-tijuana-viven-experiencia-aeroespacial-en-florida\\\/\"},\"wordCount\":394,\"commentCount\":0,\"image\":{\"@id\":\"https:\\\/\\\/www.cetys.mx\\\/noticias\\\/alumnas-de-preparatoria-cetys-tijuana-viven-experiencia-aeroespacial-en-florida\\\/#primaryimage\"},\"thumbnailUrl\":\"https:\\\/\\\/www.cetys.mx\\\/noticias\\\/wp-content\\\/uploads\\\/2025\\\/08\\\/Alumnas-de-Prepa-experiencia-aeroespacial.png\",\"keywords\":[\"campustijuana\",\"Preparatoria\"],\"articleSection\":[\"Campus Tijuana\",\"Portada\",\"Preparatoria\",\"VoCETYS\"],\"inLanguage\":\"es\",\"potentialAction\":[{\"@type\":\"CommentAction\",\"name\":\"Comment\",\"target\":[\"https:\\\/\\\/www.cetys.mx\\\/noticias\\\/alumnas-de-preparatoria-cetys-tijuana-viven-experiencia-aeroespacial-en-florida\\\/#respond\"]}]},{\"@type\":\"WebPage\",\"@id\":\"https:\\\/\\\/www.cetys.mx\\\/noticias\\\/alumnas-de-preparatoria-cetys-tijuana-viven-experiencia-aeroespacial-en-florida\\\/\",\"url\":\"https:\\\/\\\/www.cetys.mx\\\/noticias\\\/alumnas-de-preparatoria-cetys-tijuana-viven-experiencia-aeroespacial-en-florida\\\/\",\"name\":\"Alumnas de Preparatoria CETYS Tijuana viven experiencia aeroespacial en Florida - CETYS\",\"isPartOf\":{\"@id\":\"https:\\\/\\\/www.cetys.mx\\\/noticias\\\/#website\"},\"primaryImageOfPage\":{\"@id\":\"https:\\\/\\\/www.cetys.mx\\\/noticias\\\/alumnas-de-preparatoria-cetys-tijuana-viven-experiencia-aeroespacial-en-florida\\\/#primaryimage\"},\"image\":{\"@id\":\"https:\\\/\\\/www.cetys.mx\\\/noticias\\\/alumnas-de-preparatoria-cetys-tijuana-viven-experiencia-aeroespacial-en-florida\\\/#primaryimage\"},\"thumbnailUrl\":\"https:\\\/\\\/www.cetys.mx\\\/noticias\\\/wp-content\\\/uploads\\\/2025\\\/08\\\/Alumnas-de-Prepa-experiencia-aeroespacial.png\",\"datePublished\":\"2025-08-13T01:14:22+00:00\",\"dateModified\":\"2025-08-21T16:08:18+00:00\",\"author\":{\"@id\":\"https:\\\/\\\/www.cetys.mx\\\/noticias\\\/#\\\/schema\\\/person\\\/e790051ce60e18ae47cfa87011c8653f\"},\"description\":\"Articulo sobre Alumnas de Preparatoria CETYS Tijuana viven experiencia aeroespacial en Florida\",\"breadcrumb\":{\"@id\":\"https:\\\/\\\/www.cetys.mx\\\/noticias\\\/alumnas-de-preparatoria-cetys-tijuana-viven-experiencia-aeroespacial-en-florida\\\/#breadcrumb\"},\"inLanguage\":\"es\",\"potentialAction\":[{\"@type\":\"ReadAction\",\"target\":[\"https:\\\/\\\/www.cetys.mx\\\/noticias\\\/alumnas-de-preparatoria-cetys-tijuana-viven-experiencia-aeroespacial-en-florida\\\/\"]}]},{\"@type\":\"ImageObject\",\"inLanguage\":\"es\",\"@id\":\"https:\\\/\\\/www.cetys.mx\\\/noticias\\\/alumnas-de-preparatoria-cetys-tijuana-viven-experiencia-aeroespacial-en-florida\\\/#primaryimage\",\"url\":\"https:\\\/\\\/www.cetys.mx\\\/noticias\\\/wp-content\\\/uploads\\\/2025\\\/08\\\/Alumnas-de-Prepa-experiencia-aeroespacial.png\",\"contentUrl\":\"https:\\\/\\\/www.cetys.mx\\\/noticias\\\/wp-content\\\/uploads\\\/2025\\\/08\\\/Alumnas-de-Prepa-experiencia-aeroespacial.png\",\"width\":958,\"height\":637},{\"@type\":\"BreadcrumbList\",\"@id\":\"https:\\\/\\\/www.cetys.mx\\\/noticias\\\/alumnas-de-preparatoria-cetys-tijuana-viven-experiencia-aeroespacial-en-florida\\\/#breadcrumb\",\"itemListElement\":[{\"@type\":\"ListItem\",\"position\":1,\"name\":\"Inicio\",\"item\":\"https:\\\/\\\/www.cetys.mx\\\/noticias\\\/\"},{\"@type\":\"ListItem\",\"position\":2,\"name\":\"Alumnas de Preparatoria CETYS Tijuana viven experiencia aeroespacial en Florida\"}]},{\"@type\":\"WebSite\",\"@id\":\"https:\\\/\\\/www.cetys.mx\\\/noticias\\\/#website\",\"url\":\"https:\\\/\\\/www.cetys.mx\\\/noticias\\\/\",\"name\":\"CETYS\",\"description\":\"\",\"potentialAction\":[{\"@type\":\"SearchAction\",\"target\":{\"@type\":\"EntryPoint\",\"urlTemplate\":\"https:\\\/\\\/www.cetys.mx\\\/noticias\\\/?s={search_term_string}\"},\"query-input\":{\"@type\":\"PropertyValueSpecification\",\"valueRequired\":true,\"valueName\":\"search_term_string\"}}],\"inLanguage\":\"es\"},{\"@type\":\"Person\",\"@id\":\"https:\\\/\\\/www.cetys.mx\\\/noticias\\\/#\\\/schema\\\/person\\\/e790051ce60e18ae47cfa87011c8653f\",\"name\":\"Campus Tijuana\",\"url\":\"https:\\\/\\\/www.cetys.mx\\\/noticias\\\/author\\\/campustijuana\\\/\"}]}<\/script>\n<!-- \/ Yoast SEO plugin. -->","yoast_head_json":{"title":"Alumnas de Preparatoria CETYS Tijuana viven experiencia aeroespacial en Florida - CETYS","description":"Articulo sobre Alumnas de Preparatoria CETYS Tijuana viven experiencia aeroespacial en Florida","robots":{"index":"index","follow":"follow","max-snippet":"max-snippet:-1","max-image-preview":"max-image-preview:large","max-video-preview":"max-video-preview:-1"},"canonical":"https:\/\/www.cetys.mx\/noticias\/alumnas-de-preparatoria-cetys-tijuana-viven-experiencia-aeroespacial-en-florida\/","og_locale":"es_MX","og_type":"article","og_title":"Alumnas de Preparatoria CETYS Tijuana viven experiencia aeroespacial en Florida - CETYS","og_description":"Articulo sobre Alumnas de Preparatoria CETYS Tijuana viven experiencia aeroespacial en Florida","og_url":"https:\/\/www.cetys.mx\/noticias\/alumnas-de-preparatoria-cetys-tijuana-viven-experiencia-aeroespacial-en-florida\/","og_site_name":"CETYS","article_publisher":"https:\/\/www.facebook.com\/cetysuniversidadmxl\/","article_published_time":"2025-08-13T01:14:22+00:00","article_modified_time":"2025-08-21T16:08:18+00:00","og_image":[{"width":958,"height":637,"url":"https:\/\/www.cetys.mx\/noticias\/wp-content\/uploads\/2025\/08\/Alumnas-de-Prepa-experiencia-aeroespacial.png","type":"image\/png"}],"author":"Campus Tijuana","twitter_card":"summary_large_image","twitter_creator":"@cetysuni","twitter_site":"@cetysuni","twitter_misc":{"Escrito por":"Campus Tijuana","Tiempo de lectura":"2 minutos"},"schema":{"@context":"https:\/\/schema.org","@graph":[{"@type":"Article","@id":"https:\/\/www.cetys.mx\/noticias\/alumnas-de-preparatoria-cetys-tijuana-viven-experiencia-aeroespacial-en-florida\/#article","isPartOf":{"@id":"https:\/\/www.cetys.mx\/noticias\/alumnas-de-preparatoria-cetys-tijuana-viven-experiencia-aeroespacial-en-florida\/"},"author":{"name":"Campus Tijuana","@id":"https:\/\/www.cetys.mx\/noticias\/#\/schema\/person\/e790051ce60e18ae47cfa87011c8653f"},"headline":"Alumnas de Preparatoria CETYS Tijuana viven experiencia aeroespacial en Florida","datePublished":"2025-08-13T01:14:22+00:00","dateModified":"2025-08-21T16:08:18+00:00","mainEntityOfPage":{"@id":"https:\/\/www.cetys.mx\/noticias\/alumnas-de-preparatoria-cetys-tijuana-viven-experiencia-aeroespacial-en-florida\/"},"wordCount":394,"commentCount":0,"image":{"@id":"https:\/\/www.cetys.mx\/noticias\/alumnas-de-preparatoria-cetys-tijuana-viven-experiencia-aeroespacial-en-florida\/#primaryimage"},"thumbnailUrl":"https:\/\/www.cetys.mx\/noticias\/wp-content\/uploads\/2025\/08\/Alumnas-de-Prepa-experiencia-aeroespacial.png","keywords":["campustijuana","Preparatoria"],"articleSection":["Campus Tijuana","Portada","Preparatoria","VoCETYS"],"inLanguage":"es","potentialAction":[{"@type":"CommentAction","name":"Comment","target":["https:\/\/www.cetys.mx\/noticias\/alumnas-de-preparatoria-cetys-tijuana-viven-experiencia-aeroespacial-en-florida\/#respond"]}]},{"@type":"WebPage","@id":"https:\/\/www.cetys.mx\/noticias\/alumnas-de-preparatoria-cetys-tijuana-viven-experiencia-aeroespacial-en-florida\/","url":"https:\/\/www.cetys.mx\/noticias\/alumnas-de-preparatoria-cetys-tijuana-viven-experiencia-aeroespacial-en-florida\/","name":"Alumnas de Preparatoria CETYS Tijuana viven experiencia aeroespacial en Florida - CETYS","isPartOf":{"@id":"https:\/\/www.cetys.mx\/noticias\/#website"},"primaryImageOfPage":{"@id":"https:\/\/www.cetys.mx\/noticias\/alumnas-de-preparatoria-cetys-tijuana-viven-experiencia-aeroespacial-en-florida\/#primaryimage"},"image":{"@id":"https:\/\/www.cetys.mx\/noticias\/alumnas-de-preparatoria-cetys-tijuana-viven-experiencia-aeroespacial-en-florida\/#primaryimage"},"thumbnailUrl":"https:\/\/www.cetys.mx\/noticias\/wp-content\/uploads\/2025\/08\/Alumnas-de-Prepa-experiencia-aeroespacial.png","datePublished":"2025-08-13T01:14:22+00:00","dateModified":"2025-08-21T16:08:18+00:00","author":{"@id":"https:\/\/www.cetys.mx\/noticias\/#\/schema\/person\/e790051ce60e18ae47cfa87011c8653f"},"description":"Articulo sobre Alumnas de Preparatoria CETYS Tijuana viven experiencia aeroespacial en Florida","breadcrumb":{"@id":"https:\/\/www.cetys.mx\/noticias\/alumnas-de-preparatoria-cetys-tijuana-viven-experiencia-aeroespacial-en-florida\/#breadcrumb"},"inLanguage":"es","potentialAction":[{"@type":"ReadAction","target":["https:\/\/www.cetys.mx\/noticias\/alumnas-de-preparatoria-cetys-tijuana-viven-experiencia-aeroespacial-en-florida\/"]}]},{"@type":"ImageObject","inLanguage":"es","@id":"https:\/\/www.cetys.mx\/noticias\/alumnas-de-preparatoria-cetys-tijuana-viven-experiencia-aeroespacial-en-florida\/#primaryimage","url":"https:\/\/www.cetys.mx\/noticias\/wp-content\/uploads\/2025\/08\/Alumnas-de-Prepa-experiencia-aeroespacial.png","contentUrl":"https:\/\/www.cetys.mx\/noticias\/wp-content\/uploads\/2025\/08\/Alumnas-de-Prepa-experiencia-aeroespacial.png","width":958,"height":637},{"@type":"BreadcrumbList","@id":"https:\/\/www.cetys.mx\/noticias\/alumnas-de-preparatoria-cetys-tijuana-viven-experiencia-aeroespacial-en-florida\/#breadcrumb","itemListElement":[{"@type":"ListItem","position":1,"name":"Inicio","item":"https:\/\/www.cetys.mx\/noticias\/"},{"@type":"ListItem","position":2,"name":"Alumnas de Preparatoria CETYS Tijuana viven experiencia aeroespacial en Florida"}]},{"@type":"WebSite","@id":"https:\/\/www.cetys.mx\/noticias\/#website","url":"https:\/\/www.cetys.mx\/noticias\/","name":"CETYS","description":"","potentialAction":[{"@type":"SearchAction","target":{"@type":"EntryPoint","urlTemplate":"https:\/\/www.cetys.mx\/noticias\/?s={search_term_string}"},"query-input":{"@type":"PropertyValueSpecification","valueRequired":true,"valueName":"search_term_string"}}],"inLanguage":"es"},{"@type":"Person","@id":"https:\/\/www.cetys.mx\/noticias\/#\/schema\/person\/e790051ce60e18ae47cfa87011c8653f","name":"Campus Tijuana","url":"https:\/\/www.cetys.mx\/noticias\/author\/campustijuana\/"}]}},"_links":{"self":[{"href":"https:\/\/www.cetys.mx\/noticias\/wp-json\/wp\/v2\/posts\/215034","targetHints":{"allow":["GET"]}}],"collection":[{"href":"https:\/\/www.cetys.mx\/noticias\/wp-json\/wp\/v2\/posts"}],"about":[{"href":"https:\/\/www.cetys.mx\/noticias\/wp-json\/wp\/v2\/types\/post"}],"author":[{"embeddable":true,"href":"https:\/\/www.cetys.mx\/noticias\/wp-json\/wp\/v2\/users\/24"}],"replies":[{"embeddable":true,"href":"https:\/\/www.cetys.mx\/noticias\/wp-json\/wp\/v2\/comments?post=215034"}],"version-history":[{"count":5,"href":"https:\/\/www.cetys.mx\/noticias\/wp-json\/wp\/v2\/posts\/215034\/revisions"}],"predecessor-version":[{"id":215915,"href":"https:\/\/www.cetys.mx\/noticias\/wp-json\/wp\/v2\/posts\/215034\/revisions\/215915"}],"wp:featuredmedia":[{"embeddable":true,"href":"https:\/\/www.cetys.mx\/noticias\/wp-json\/wp\/v2\/media\/215036"}],"wp:attachment":[{"href":"https:\/\/www.cetys.mx\/noticias\/wp-json\/wp\/v2\/media?parent=215034"}],"wp:term":[{"taxonomy":"category","embeddable":true,"href":"https:\/\/www.cetys.mx\/noticias\/wp-json\/wp\/v2\/categories?post=215034"},{"taxonomy":"post_tag","embeddable":true,"href":"https:\/\/www.cetys.mx\/noticias\/wp-json\/wp\/v2\/tags?post=215034"}],"curies":[{"name":"wp","href":"https:\/\/api.w.org\/{rel}","templated":true}]}}