{"id":215030,"date":"2025-08-12T16:25:48","date_gmt":"2025-08-12T23:25:48","guid":{"rendered":"https:\/\/www.cetys.mx\/noticias\/?p=215030"},"modified":"2025-08-12T16:26:47","modified_gmt":"2025-08-12T23:26:47","slug":"profesores-de-cetys-participan-en-la-revision-tecnica-de-la-decima-edicion-del-libro-termodinamica-de-yunus-a-cengel","status":"publish","type":"post","link":"https:\/\/www.cetys.mx\/noticias\/profesores-de-cetys-participan-en-la-revision-tecnica-de-la-decima-edicion-del-libro-termodinamica-de-yunus-a-cengel\/","title":{"rendered":"Profesores de CETYS participan en la revisi\u00f3n t\u00e9cnica de la d\u00e9cima edici\u00f3n del\u00a0libro\u00a0Termodin\u00e1mica de Yunus A. \u00c7engel"},"content":{"rendered":"<p>Dos acad\u00e9micos de <strong>CETYS Universidad<\/strong>\u00a0participaron como revisores t\u00e9cnicos en la d\u00e9cima edici\u00f3n del libro &#8220;<em data-start=\"149\" data-end=\"164\">Termodin\u00e1mica<\/em> de Yunus A. \u00c7engel&#8221;, publicado por <strong>McGraw Hill, <\/strong>se trata de\u00a0la <strong>Dra. Marisela Mart\u00ednez Quiroz<\/strong>, <a href=\"https:\/\/www.cetys.mx\/programas\/ingenieria-en-energias-renovables\/\">Directora de la Escuela de Ingenier\u00eda en Campus Tijuana<\/a> y profesora-investigadora (SNI Nivel I), y el <strong>Mtro. Marlon C\u00e9sar Gonz\u00e1lez Joaqu\u00edn<\/strong>, Coordinador de Ciencias B\u00e1sicas.<\/p>\n<p><span style=\"font-size: large;\">El texto de \u00c7engel es una de las obras m\u00e1s utilizadas a nivel global en la formaci\u00f3n de ingenieros, y su revisi\u00f3n t\u00e9cnica por parte de docentes de CETYS representa un importante reconocimiento al nivel acad\u00e9mico y a la preparaci\u00f3n del profesorado de la instituci\u00f3n.<\/span><\/p>\n<p><span style=\"font-size: large;\">Ambos acad\u00e9micos fueron convocados por la editorial McGraw Hill para validar y revisar t\u00e9cnicamente el contenido de esta nueva edici\u00f3n, gracias a su experiencia y trayectoria en el \u00e1mbito de la ense\u00f1anza de la ingenier\u00eda, as\u00ed como en \u00e1reas clave como ciencias t\u00e9rmicas y\u00a0ciencias b\u00e1sicas.<\/span><\/p>\n<p><span style=\"font-size: large;\">La\u00a0<b>Escuela de Ingenier\u00eda de CETYS Universidad<\/b>\u00a0se ha consolidado como un referente regional en la formaci\u00f3n de ingenieros altamente capacitados, con programas acreditados nacional e internacionalmente, orientados a la innovaci\u00f3n, la sostenibilidad y la resoluci\u00f3n de problemas globales desde una perspectiva \u00e9tica y socialmente responsable.<\/span><\/p>\n<p><span style=\"font-size: large;\">Este tipo de colaboraciones editoriales refuerza el compromiso de CETYS con la excelencia acad\u00e9mica, la actualizaci\u00f3n constante del conocimiento y la contribuci\u00f3n activa de su planta docente al desarrollo cient\u00edfico y tecnol\u00f3gico de M\u00e9xico.<\/span><\/p>\n","protected":false},"excerpt":{"rendered":"<p>Dos acad\u00e9micos de CETYS Universidad\u00a0participaron como revisores t\u00e9cnicos en la d\u00e9cima edici\u00f3n del libro &#8220;Termodin\u00e1mica de Yunus A. \u00c7engel&#8221;, publicado por McGraw&#8230;<\/p>\n","protected":false},"author":24,"featured_media":215031,"comment_status":"open","ping_status":"closed","sticky":false,"template":"","format":"standard","meta":{"footnotes":""},"categories":[134,1710,313],"tags":[7266,6522,6509,422,1590,1161,1325],"class_list":["post-215030","post","type-post","status-publish","format-standard","has-post-thumbnail","hentry","category-campus-tijuana","category-profesorado","category-vocetys-2","tag-ciberneticaelectrocnica","tag-cienciascomputacionales","tag-disenograficodigital","tag-energiasrenovables","tag-industrial","tag-mecanica","tag-mecatronica"],"yoast_head":"<!-- This site is optimized with the Yoast SEO plugin v27.4 - https:\/\/yoast.com\/product\/yoast-seo-wordpress\/ -->\n<title>Profesores de CETYS participan en la revisi\u00f3n t\u00e9cnica de la d\u00e9cima edici\u00f3n del\u00a0libro\u00a0Termodin\u00e1mica de Yunus A. \u00c7engel - CETYS<\/title>\n<meta name=\"description\" content=\"Articulo sobre Profesores de CETYS participan en la revisi\u00f3n t\u00e9cnica de la d\u00e9cima edici\u00f3n del\u00a0libro\u00a0Termodin\u00e1mica de Yunus A. \u00c7engel\" \/>\n<meta name=\"robots\" content=\"index, follow, max-snippet:-1, max-image-preview:large, max-video-preview:-1\" \/>\n<link rel=\"canonical\" href=\"https:\/\/www.cetys.mx\/noticias\/profesores-de-cetys-participan-en-la-revision-tecnica-de-la-decima-edicion-del-libro-termodinamica-de-yunus-a-cengel\/\" \/>\n<meta property=\"og:locale\" content=\"es_MX\" \/>\n<meta property=\"og:type\" content=\"article\" \/>\n<meta property=\"og:title\" content=\"Profesores de CETYS participan en la revisi\u00f3n t\u00e9cnica de la d\u00e9cima edici\u00f3n del\u00a0libro\u00a0Termodin\u00e1mica de Yunus A. \u00c7engel - CETYS\" \/>\n<meta property=\"og:description\" content=\"Articulo sobre Profesores de CETYS participan en la revisi\u00f3n t\u00e9cnica de la d\u00e9cima edici\u00f3n del\u00a0libro\u00a0Termodin\u00e1mica de Yunus A. \u00c7engel\" \/>\n<meta property=\"og:url\" content=\"https:\/\/www.cetys.mx\/noticias\/profesores-de-cetys-participan-en-la-revision-tecnica-de-la-decima-edicion-del-libro-termodinamica-de-yunus-a-cengel\/\" \/>\n<meta property=\"og:site_name\" content=\"CETYS\" \/>\n<meta property=\"article:publisher\" content=\"https:\/\/www.facebook.com\/cetysuniversidadmxl\/\" \/>\n<meta property=\"article:published_time\" content=\"2025-08-12T23:25:48+00:00\" \/>\n<meta property=\"article:modified_time\" content=\"2025-08-12T23:26:47+00:00\" \/>\n<meta property=\"og:image\" content=\"https:\/\/www.cetys.mx\/noticias\/wp-content\/uploads\/2025\/08\/profesores-de-ingenieria-CETYS-Tijuana.png\" \/>\n\t<meta property=\"og:image:width\" content=\"958\" \/>\n\t<meta property=\"og:image:height\" content=\"637\" \/>\n\t<meta property=\"og:image:type\" content=\"image\/png\" \/>\n<meta name=\"author\" content=\"Campus Tijuana\" \/>\n<meta name=\"twitter:card\" content=\"summary_large_image\" \/>\n<meta name=\"twitter:creator\" content=\"@cetysuni\" \/>\n<meta name=\"twitter:site\" content=\"@cetysuni\" \/>\n<meta name=\"twitter:label1\" content=\"Escrito por\" \/>\n\t<meta name=\"twitter:data1\" content=\"Campus Tijuana\" \/>\n\t<meta name=\"twitter:label2\" content=\"Tiempo de lectura\" \/>\n\t<meta name=\"twitter:data2\" content=\"1 minuto\" \/>\n<script type=\"application\/ld+json\" class=\"yoast-schema-graph\">{\"@context\":\"https:\\\/\\\/schema.org\",\"@graph\":[{\"@type\":\"Article\",\"@id\":\"https:\\\/\\\/www.cetys.mx\\\/noticias\\\/profesores-de-cetys-participan-en-la-revision-tecnica-de-la-decima-edicion-del-libro-termodinamica-de-yunus-a-cengel\\\/#article\",\"isPartOf\":{\"@id\":\"https:\\\/\\\/www.cetys.mx\\\/noticias\\\/profesores-de-cetys-participan-en-la-revision-tecnica-de-la-decima-edicion-del-libro-termodinamica-de-yunus-a-cengel\\\/\"},\"author\":{\"name\":\"Campus Tijuana\",\"@id\":\"https:\\\/\\\/www.cetys.mx\\\/noticias\\\/#\\\/schema\\\/person\\\/e790051ce60e18ae47cfa87011c8653f\"},\"headline\":\"Profesores de CETYS participan en la revisi\u00f3n t\u00e9cnica de la d\u00e9cima edici\u00f3n del\u00a0libro\u00a0Termodin\u00e1mica de Yunus A. \u00c7engel\",\"datePublished\":\"2025-08-12T23:25:48+00:00\",\"dateModified\":\"2025-08-12T23:26:47+00:00\",\"mainEntityOfPage\":{\"@id\":\"https:\\\/\\\/www.cetys.mx\\\/noticias\\\/profesores-de-cetys-participan-en-la-revision-tecnica-de-la-decima-edicion-del-libro-termodinamica-de-yunus-a-cengel\\\/\"},\"wordCount\":287,\"commentCount\":0,\"image\":{\"@id\":\"https:\\\/\\\/www.cetys.mx\\\/noticias\\\/profesores-de-cetys-participan-en-la-revision-tecnica-de-la-decima-edicion-del-libro-termodinamica-de-yunus-a-cengel\\\/#primaryimage\"},\"thumbnailUrl\":\"https:\\\/\\\/www.cetys.mx\\\/noticias\\\/wp-content\\\/uploads\\\/2025\\\/08\\\/profesores-de-ingenieria-CETYS-Tijuana.png\",\"keywords\":[\"CiberneticaElectrocnica\",\"cienciascomputacionales\",\"DisenoGraficoDigital\",\"EnergiasRenovables\",\"Industrial\",\"Mec\u00e1nica\",\"Mecatr\u00f3nica\"],\"articleSection\":[\"Campus Tijuana\",\"Profesorado\",\"VoCETYS\"],\"inLanguage\":\"es\",\"potentialAction\":[{\"@type\":\"CommentAction\",\"name\":\"Comment\",\"target\":[\"https:\\\/\\\/www.cetys.mx\\\/noticias\\\/profesores-de-cetys-participan-en-la-revision-tecnica-de-la-decima-edicion-del-libro-termodinamica-de-yunus-a-cengel\\\/#respond\"]}]},{\"@type\":\"WebPage\",\"@id\":\"https:\\\/\\\/www.cetys.mx\\\/noticias\\\/profesores-de-cetys-participan-en-la-revision-tecnica-de-la-decima-edicion-del-libro-termodinamica-de-yunus-a-cengel\\\/\",\"url\":\"https:\\\/\\\/www.cetys.mx\\\/noticias\\\/profesores-de-cetys-participan-en-la-revision-tecnica-de-la-decima-edicion-del-libro-termodinamica-de-yunus-a-cengel\\\/\",\"name\":\"Profesores de CETYS participan en la revisi\u00f3n t\u00e9cnica de la d\u00e9cima edici\u00f3n del\u00a0libro\u00a0Termodin\u00e1mica de Yunus A. \u00c7engel - CETYS\",\"isPartOf\":{\"@id\":\"https:\\\/\\\/www.cetys.mx\\\/noticias\\\/#website\"},\"primaryImageOfPage\":{\"@id\":\"https:\\\/\\\/www.cetys.mx\\\/noticias\\\/profesores-de-cetys-participan-en-la-revision-tecnica-de-la-decima-edicion-del-libro-termodinamica-de-yunus-a-cengel\\\/#primaryimage\"},\"image\":{\"@id\":\"https:\\\/\\\/www.cetys.mx\\\/noticias\\\/profesores-de-cetys-participan-en-la-revision-tecnica-de-la-decima-edicion-del-libro-termodinamica-de-yunus-a-cengel\\\/#primaryimage\"},\"thumbnailUrl\":\"https:\\\/\\\/www.cetys.mx\\\/noticias\\\/wp-content\\\/uploads\\\/2025\\\/08\\\/profesores-de-ingenieria-CETYS-Tijuana.png\",\"datePublished\":\"2025-08-12T23:25:48+00:00\",\"dateModified\":\"2025-08-12T23:26:47+00:00\",\"author\":{\"@id\":\"https:\\\/\\\/www.cetys.mx\\\/noticias\\\/#\\\/schema\\\/person\\\/e790051ce60e18ae47cfa87011c8653f\"},\"description\":\"Articulo sobre Profesores de CETYS participan en la revisi\u00f3n t\u00e9cnica de la d\u00e9cima edici\u00f3n del\u00a0libro\u00a0Termodin\u00e1mica de Yunus A. \u00c7engel\",\"breadcrumb\":{\"@id\":\"https:\\\/\\\/www.cetys.mx\\\/noticias\\\/profesores-de-cetys-participan-en-la-revision-tecnica-de-la-decima-edicion-del-libro-termodinamica-de-yunus-a-cengel\\\/#breadcrumb\"},\"inLanguage\":\"es\",\"potentialAction\":[{\"@type\":\"ReadAction\",\"target\":[\"https:\\\/\\\/www.cetys.mx\\\/noticias\\\/profesores-de-cetys-participan-en-la-revision-tecnica-de-la-decima-edicion-del-libro-termodinamica-de-yunus-a-cengel\\\/\"]}]},{\"@type\":\"ImageObject\",\"inLanguage\":\"es\",\"@id\":\"https:\\\/\\\/www.cetys.mx\\\/noticias\\\/profesores-de-cetys-participan-en-la-revision-tecnica-de-la-decima-edicion-del-libro-termodinamica-de-yunus-a-cengel\\\/#primaryimage\",\"url\":\"https:\\\/\\\/www.cetys.mx\\\/noticias\\\/wp-content\\\/uploads\\\/2025\\\/08\\\/profesores-de-ingenieria-CETYS-Tijuana.png\",\"contentUrl\":\"https:\\\/\\\/www.cetys.mx\\\/noticias\\\/wp-content\\\/uploads\\\/2025\\\/08\\\/profesores-de-ingenieria-CETYS-Tijuana.png\",\"width\":958,\"height\":637},{\"@type\":\"BreadcrumbList\",\"@id\":\"https:\\\/\\\/www.cetys.mx\\\/noticias\\\/profesores-de-cetys-participan-en-la-revision-tecnica-de-la-decima-edicion-del-libro-termodinamica-de-yunus-a-cengel\\\/#breadcrumb\",\"itemListElement\":[{\"@type\":\"ListItem\",\"position\":1,\"name\":\"Inicio\",\"item\":\"https:\\\/\\\/www.cetys.mx\\\/noticias\\\/\"},{\"@type\":\"ListItem\",\"position\":2,\"name\":\"Profesores de CETYS participan en la revisi\u00f3n t\u00e9cnica de la d\u00e9cima edici\u00f3n del\u00a0libro\u00a0Termodin\u00e1mica de Yunus A. \u00c7engel\"}]},{\"@type\":\"WebSite\",\"@id\":\"https:\\\/\\\/www.cetys.mx\\\/noticias\\\/#website\",\"url\":\"https:\\\/\\\/www.cetys.mx\\\/noticias\\\/\",\"name\":\"CETYS\",\"description\":\"\",\"potentialAction\":[{\"@type\":\"SearchAction\",\"target\":{\"@type\":\"EntryPoint\",\"urlTemplate\":\"https:\\\/\\\/www.cetys.mx\\\/noticias\\\/?s={search_term_string}\"},\"query-input\":{\"@type\":\"PropertyValueSpecification\",\"valueRequired\":true,\"valueName\":\"search_term_string\"}}],\"inLanguage\":\"es\"},{\"@type\":\"Person\",\"@id\":\"https:\\\/\\\/www.cetys.mx\\\/noticias\\\/#\\\/schema\\\/person\\\/e790051ce60e18ae47cfa87011c8653f\",\"name\":\"Campus Tijuana\",\"url\":\"https:\\\/\\\/www.cetys.mx\\\/noticias\\\/author\\\/campustijuana\\\/\"}]}<\/script>\n<!-- \/ Yoast SEO plugin. -->","yoast_head_json":{"title":"Profesores de CETYS participan en la revisi\u00f3n t\u00e9cnica de la d\u00e9cima edici\u00f3n del\u00a0libro\u00a0Termodin\u00e1mica de Yunus A. \u00c7engel - CETYS","description":"Articulo sobre Profesores de CETYS participan en la revisi\u00f3n t\u00e9cnica de la d\u00e9cima edici\u00f3n del\u00a0libro\u00a0Termodin\u00e1mica de Yunus A. \u00c7engel","robots":{"index":"index","follow":"follow","max-snippet":"max-snippet:-1","max-image-preview":"max-image-preview:large","max-video-preview":"max-video-preview:-1"},"canonical":"https:\/\/www.cetys.mx\/noticias\/profesores-de-cetys-participan-en-la-revision-tecnica-de-la-decima-edicion-del-libro-termodinamica-de-yunus-a-cengel\/","og_locale":"es_MX","og_type":"article","og_title":"Profesores de CETYS participan en la revisi\u00f3n t\u00e9cnica de la d\u00e9cima edici\u00f3n del\u00a0libro\u00a0Termodin\u00e1mica de Yunus A. \u00c7engel - CETYS","og_description":"Articulo sobre Profesores de CETYS participan en la revisi\u00f3n t\u00e9cnica de la d\u00e9cima edici\u00f3n del\u00a0libro\u00a0Termodin\u00e1mica de Yunus A. \u00c7engel","og_url":"https:\/\/www.cetys.mx\/noticias\/profesores-de-cetys-participan-en-la-revision-tecnica-de-la-decima-edicion-del-libro-termodinamica-de-yunus-a-cengel\/","og_site_name":"CETYS","article_publisher":"https:\/\/www.facebook.com\/cetysuniversidadmxl\/","article_published_time":"2025-08-12T23:25:48+00:00","article_modified_time":"2025-08-12T23:26:47+00:00","og_image":[{"width":958,"height":637,"url":"https:\/\/www.cetys.mx\/noticias\/wp-content\/uploads\/2025\/08\/profesores-de-ingenieria-CETYS-Tijuana.png","type":"image\/png"}],"author":"Campus Tijuana","twitter_card":"summary_large_image","twitter_creator":"@cetysuni","twitter_site":"@cetysuni","twitter_misc":{"Escrito por":"Campus Tijuana","Tiempo de lectura":"1 minuto"},"schema":{"@context":"https:\/\/schema.org","@graph":[{"@type":"Article","@id":"https:\/\/www.cetys.mx\/noticias\/profesores-de-cetys-participan-en-la-revision-tecnica-de-la-decima-edicion-del-libro-termodinamica-de-yunus-a-cengel\/#article","isPartOf":{"@id":"https:\/\/www.cetys.mx\/noticias\/profesores-de-cetys-participan-en-la-revision-tecnica-de-la-decima-edicion-del-libro-termodinamica-de-yunus-a-cengel\/"},"author":{"name":"Campus Tijuana","@id":"https:\/\/www.cetys.mx\/noticias\/#\/schema\/person\/e790051ce60e18ae47cfa87011c8653f"},"headline":"Profesores de CETYS participan en la revisi\u00f3n t\u00e9cnica de la d\u00e9cima edici\u00f3n del\u00a0libro\u00a0Termodin\u00e1mica de Yunus A. \u00c7engel","datePublished":"2025-08-12T23:25:48+00:00","dateModified":"2025-08-12T23:26:47+00:00","mainEntityOfPage":{"@id":"https:\/\/www.cetys.mx\/noticias\/profesores-de-cetys-participan-en-la-revision-tecnica-de-la-decima-edicion-del-libro-termodinamica-de-yunus-a-cengel\/"},"wordCount":287,"commentCount":0,"image":{"@id":"https:\/\/www.cetys.mx\/noticias\/profesores-de-cetys-participan-en-la-revision-tecnica-de-la-decima-edicion-del-libro-termodinamica-de-yunus-a-cengel\/#primaryimage"},"thumbnailUrl":"https:\/\/www.cetys.mx\/noticias\/wp-content\/uploads\/2025\/08\/profesores-de-ingenieria-CETYS-Tijuana.png","keywords":["CiberneticaElectrocnica","cienciascomputacionales","DisenoGraficoDigital","EnergiasRenovables","Industrial","Mec\u00e1nica","Mecatr\u00f3nica"],"articleSection":["Campus Tijuana","Profesorado","VoCETYS"],"inLanguage":"es","potentialAction":[{"@type":"CommentAction","name":"Comment","target":["https:\/\/www.cetys.mx\/noticias\/profesores-de-cetys-participan-en-la-revision-tecnica-de-la-decima-edicion-del-libro-termodinamica-de-yunus-a-cengel\/#respond"]}]},{"@type":"WebPage","@id":"https:\/\/www.cetys.mx\/noticias\/profesores-de-cetys-participan-en-la-revision-tecnica-de-la-decima-edicion-del-libro-termodinamica-de-yunus-a-cengel\/","url":"https:\/\/www.cetys.mx\/noticias\/profesores-de-cetys-participan-en-la-revision-tecnica-de-la-decima-edicion-del-libro-termodinamica-de-yunus-a-cengel\/","name":"Profesores de CETYS participan en la revisi\u00f3n t\u00e9cnica de la d\u00e9cima edici\u00f3n del\u00a0libro\u00a0Termodin\u00e1mica de Yunus A. \u00c7engel - CETYS","isPartOf":{"@id":"https:\/\/www.cetys.mx\/noticias\/#website"},"primaryImageOfPage":{"@id":"https:\/\/www.cetys.mx\/noticias\/profesores-de-cetys-participan-en-la-revision-tecnica-de-la-decima-edicion-del-libro-termodinamica-de-yunus-a-cengel\/#primaryimage"},"image":{"@id":"https:\/\/www.cetys.mx\/noticias\/profesores-de-cetys-participan-en-la-revision-tecnica-de-la-decima-edicion-del-libro-termodinamica-de-yunus-a-cengel\/#primaryimage"},"thumbnailUrl":"https:\/\/www.cetys.mx\/noticias\/wp-content\/uploads\/2025\/08\/profesores-de-ingenieria-CETYS-Tijuana.png","datePublished":"2025-08-12T23:25:48+00:00","dateModified":"2025-08-12T23:26:47+00:00","author":{"@id":"https:\/\/www.cetys.mx\/noticias\/#\/schema\/person\/e790051ce60e18ae47cfa87011c8653f"},"description":"Articulo sobre Profesores de CETYS participan en la revisi\u00f3n t\u00e9cnica de la d\u00e9cima edici\u00f3n del\u00a0libro\u00a0Termodin\u00e1mica de Yunus A. \u00c7engel","breadcrumb":{"@id":"https:\/\/www.cetys.mx\/noticias\/profesores-de-cetys-participan-en-la-revision-tecnica-de-la-decima-edicion-del-libro-termodinamica-de-yunus-a-cengel\/#breadcrumb"},"inLanguage":"es","potentialAction":[{"@type":"ReadAction","target":["https:\/\/www.cetys.mx\/noticias\/profesores-de-cetys-participan-en-la-revision-tecnica-de-la-decima-edicion-del-libro-termodinamica-de-yunus-a-cengel\/"]}]},{"@type":"ImageObject","inLanguage":"es","@id":"https:\/\/www.cetys.mx\/noticias\/profesores-de-cetys-participan-en-la-revision-tecnica-de-la-decima-edicion-del-libro-termodinamica-de-yunus-a-cengel\/#primaryimage","url":"https:\/\/www.cetys.mx\/noticias\/wp-content\/uploads\/2025\/08\/profesores-de-ingenieria-CETYS-Tijuana.png","contentUrl":"https:\/\/www.cetys.mx\/noticias\/wp-content\/uploads\/2025\/08\/profesores-de-ingenieria-CETYS-Tijuana.png","width":958,"height":637},{"@type":"BreadcrumbList","@id":"https:\/\/www.cetys.mx\/noticias\/profesores-de-cetys-participan-en-la-revision-tecnica-de-la-decima-edicion-del-libro-termodinamica-de-yunus-a-cengel\/#breadcrumb","itemListElement":[{"@type":"ListItem","position":1,"name":"Inicio","item":"https:\/\/www.cetys.mx\/noticias\/"},{"@type":"ListItem","position":2,"name":"Profesores de CETYS participan en la revisi\u00f3n t\u00e9cnica de la d\u00e9cima edici\u00f3n del\u00a0libro\u00a0Termodin\u00e1mica de Yunus A. \u00c7engel"}]},{"@type":"WebSite","@id":"https:\/\/www.cetys.mx\/noticias\/#website","url":"https:\/\/www.cetys.mx\/noticias\/","name":"CETYS","description":"","potentialAction":[{"@type":"SearchAction","target":{"@type":"EntryPoint","urlTemplate":"https:\/\/www.cetys.mx\/noticias\/?s={search_term_string}"},"query-input":{"@type":"PropertyValueSpecification","valueRequired":true,"valueName":"search_term_string"}}],"inLanguage":"es"},{"@type":"Person","@id":"https:\/\/www.cetys.mx\/noticias\/#\/schema\/person\/e790051ce60e18ae47cfa87011c8653f","name":"Campus Tijuana","url":"https:\/\/www.cetys.mx\/noticias\/author\/campustijuana\/"}]}},"_links":{"self":[{"href":"https:\/\/www.cetys.mx\/noticias\/wp-json\/wp\/v2\/posts\/215030","targetHints":{"allow":["GET"]}}],"collection":[{"href":"https:\/\/www.cetys.mx\/noticias\/wp-json\/wp\/v2\/posts"}],"about":[{"href":"https:\/\/www.cetys.mx\/noticias\/wp-json\/wp\/v2\/types\/post"}],"author":[{"embeddable":true,"href":"https:\/\/www.cetys.mx\/noticias\/wp-json\/wp\/v2\/users\/24"}],"replies":[{"embeddable":true,"href":"https:\/\/www.cetys.mx\/noticias\/wp-json\/wp\/v2\/comments?post=215030"}],"version-history":[{"count":3,"href":"https:\/\/www.cetys.mx\/noticias\/wp-json\/wp\/v2\/posts\/215030\/revisions"}],"predecessor-version":[{"id":215914,"href":"https:\/\/www.cetys.mx\/noticias\/wp-json\/wp\/v2\/posts\/215030\/revisions\/215914"}],"wp:featuredmedia":[{"embeddable":true,"href":"https:\/\/www.cetys.mx\/noticias\/wp-json\/wp\/v2\/media\/215031"}],"wp:attachment":[{"href":"https:\/\/www.cetys.mx\/noticias\/wp-json\/wp\/v2\/media?parent=215030"}],"wp:term":[{"taxonomy":"category","embeddable":true,"href":"https:\/\/www.cetys.mx\/noticias\/wp-json\/wp\/v2\/categories?post=215030"},{"taxonomy":"post_tag","embeddable":true,"href":"https:\/\/www.cetys.mx\/noticias\/wp-json\/wp\/v2\/tags?post=215030"}],"curies":[{"name":"wp","href":"https:\/\/api.w.org\/{rel}","templated":true}]}}