{"id":214975,"date":"2025-08-11T12:59:42","date_gmt":"2025-08-11T19:59:42","guid":{"rendered":"https:\/\/www.cetys.mx\/noticias\/?p=214975"},"modified":"2025-08-11T13:22:46","modified_gmt":"2025-08-11T20:22:46","slug":"delegacion-de-cetys-universidad-participa-en-curso-internacional-sobre-inteligencia-artificial-en-bucarest-rumania","status":"publish","type":"post","link":"https:\/\/www.cetys.mx\/noticias\/delegacion-de-cetys-universidad-participa-en-curso-internacional-sobre-inteligencia-artificial-en-bucarest-rumania\/","title":{"rendered":"Delegaci\u00f3n de CETYS Universidad participa en curso internacional sobre Inteligencia Artificial en Bucarest, Rumania"},"content":{"rendered":"<p>Una delegaci\u00f3n de ocho estudiantes de <strong>CETYS Universidad<\/strong> particip\u00f3 del 14 al 21 de julio en el curso internacional <em>\u201cArtificial Intelligence: New Trends for Business &amp; Entrepreneurship\u201d<\/em>, organizado por la <strong>Universidad Cristiana Dimitrie Cantemir (UCDC)<\/strong> en Bucarest, Rumania. Durante esta experiencia acad\u00e9mica y cultural, los participantes fortalecieron sus competencias en inteligencia artificial aplicada a negocios, establecieron redes de colaboraci\u00f3n con expertos internacionales y vivieron una inmersi\u00f3n intercultural \u00fanica, como parte del compromiso institucional con la internacionalizaci\u00f3n acad\u00e9mica.<\/p>\n<p>El programa combin\u00f3 sesiones te\u00f3ricas, talleres pr\u00e1cticos y visitas culturales en la capital rumana, con la participaci\u00f3n de profesores de CETYS Universidad y especialistas europeos. Las actividades acad\u00e9micas abordaron desde el impacto estrat\u00e9gico de la IA en empresas hasta herramientas como prompt engineering y casos reales de aplicaci\u00f3n en log\u00edstica, recursos humanos y marketing. Entre los ponentes destacaron el <strong>Dr. Scott Venezia<\/strong> y el <strong>Mtro.\u00a0<span class=\"il\">Jaime<\/span>\u00a0<\/strong><span class=\"il\"><strong>Moncada<\/strong><\/span><strong>\u00a0Garibay<\/strong> por parte de CETYS, as\u00ed como la Dra. Marja-Liisa Tenhunen de UCDC y el emprendedor Csongor Barabasi, de Bonsai Labs.<\/p>\n<p>Adem\u00e1s del aprendizaje t\u00e9cnico, la experiencia foment\u00f3 el desarrollo intercultural a trav\u00e9s de visitas al<strong> Museo Nacional de Arte, el Castillo Pele\u0219, la Iglesia Stavropoleos,<\/strong> entre otros sitios emblem\u00e1ticos. Los estudiantes tambi\u00e9n participaron en din\u00e1micas de cierre, presentaciones finales y una ceremonia de graduaci\u00f3n, donde recibieron diplomas de reconocimiento.El <strong>Mtro. Moncada Garibay<\/strong> ofreci\u00f3 un curso sobre c\u00f3mo crear tu propio miniGPT: es decir, personalizar la IA para que haga tus necesidades, la gu\u00eda busc\u00f3 que los participantes trabajaran en el dise\u00f1o, creaci\u00f3n y publicaci\u00f3n de su propio GPT personalizado, utilizando herramientas accesibles como ChatGPT, sin necesidad de programaci\u00f3n. Este es ideal para educadores, creadores de contenido y emprendedores que buscan automatizar tareas y resolver problemas reales de forma eficiente.<\/p>\n<blockquote><p>&#8220;La experiencia fortaleci\u00f3 las competencias t\u00e9cnicas y globales de la delegaci\u00f3n CETYS,\u00a0consolid\u00f3 la relaci\u00f3n con la Universidad Dimitrie Cantemir y sent\u00f3 bases claras para\u00a0ediciones futuras de mayor impacto. Los ajustes sugeridos permitir\u00e1n enriquecer la interacci\u00f3n multicultural, profundizar la pr\u00e1ctica y optimizar la log\u00edstica&#8221;, dijo.<\/p><\/blockquote>\n\n            <style type='text\/css'>\n                #gallery-1 {\n                    margin: auto;\n                }\n                #gallery-1 .gallery-item {\n                    float: left;\n                    margin-top: 10px;\n                    text-align: center;\n                    width: 50%;\n                }\n                #gallery-1 img {\n                    border: 2px solid #cfcfcf;\n                }\n                #gallery-1 .gallery-caption {\n                    margin-left: 0;\n                }\n                \/* see gallery_shortcode() in wp-includes\/media.php *\/\n            <\/style>\n\t\t<div id='gallery-1' class='gallery galleryid-214975 gallery-columns-2 gallery-size-medium'><dl class='gallery-item'>\n                <dt class='gallery-icon landscape'>\n                    <a href='https:\/\/www.cetys.mx\/noticias\/delegacion-de-cetys-universidad-participa-en-curso-internacional-sobre-inteligencia-artificial-en-bucarest-rumania\/inteligencia-artificial-en-bucarest-rumania-2\/'><img loading=\"lazy\" decoding=\"async\" width=\"958\" height=\"637\" src=\"https:\/\/www.cetys.mx\/noticias\/wp-content\/uploads\/2025\/08\/Inteligencia-Artificial-en-Bucarest-Rumania-2.png\" class=\"attachment-medium size-medium\" alt=\"\" srcset=\"https:\/\/www.cetys.mx\/noticias\/wp-content\/uploads\/2025\/08\/Inteligencia-Artificial-en-Bucarest-Rumania-2.png 958w, https:\/\/www.cetys.mx\/noticias\/wp-content\/uploads\/2025\/08\/Inteligencia-Artificial-en-Bucarest-Rumania-2-768x511.png 768w\" sizes=\"auto, (max-width: 958px) 100vw, 958px\" \/><\/a>\n                <\/dt><\/dl><dl class='gallery-item'>\n                <dt class='gallery-icon landscape'>\n                    <a href='https:\/\/www.cetys.mx\/noticias\/delegacion-de-cetys-universidad-participa-en-curso-internacional-sobre-inteligencia-artificial-en-bucarest-rumania\/inteligencia-artificial-en-bucarest-rumania-3\/'><img loading=\"lazy\" decoding=\"async\" width=\"958\" height=\"637\" src=\"https:\/\/www.cetys.mx\/noticias\/wp-content\/uploads\/2025\/08\/Inteligencia-Artificial-en-Bucarest-Rumania-3.png\" class=\"attachment-medium size-medium\" alt=\"\" srcset=\"https:\/\/www.cetys.mx\/noticias\/wp-content\/uploads\/2025\/08\/Inteligencia-Artificial-en-Bucarest-Rumania-3.png 958w, https:\/\/www.cetys.mx\/noticias\/wp-content\/uploads\/2025\/08\/Inteligencia-Artificial-en-Bucarest-Rumania-3-768x511.png 768w\" sizes=\"auto, (max-width: 958px) 100vw, 958px\" \/><\/a>\n                <\/dt><\/dl><br style=\"clear: both\" \/>\n            <\/div>\n\n<p>La experiencia fue calificada de manera positiva por los estudiantes, con una valoraci\u00f3n promedio de entre 90 y 95 puntos sobre 100. Destacaron la combinaci\u00f3n de teor\u00eda y pr\u00e1ctica, el enfoque internacional del contenido y el ambiente colaborativo. Entre las \u00e1reas de mejora se identific\u00f3 la necesidad de mayor integraci\u00f3n con estudiantes de otras nacionalidades y una mejor comunicaci\u00f3n log\u00edstica.<\/p>\n<p>Este curso representa un paso m\u00e1s en la estrategia de internacionalizaci\u00f3n de<strong> CETYS Universidad,<\/strong> consolidando la relaci\u00f3n con la <strong>Universidad Dimitrie Cantemir<\/strong> y abriendo la puerta a futuros proyectos conjuntos, como visitas a empresas tecnol\u00f3gicas, paneles con emprendedores rumanos y desaf\u00edos con datos reales. El fortalecimiento de competencias t\u00e9cnicas, globales y \u00e9ticas en torno a la IA posiciona a los estudiantes de CETYS a la vanguardia de los desaf\u00edos actuales del mundo empresarial.<\/p>\n","protected":false},"excerpt":{"rendered":"<p>Una delegaci\u00f3n de ocho estudiantes de CETYS Universidad particip\u00f3 del 14 al 21 de julio en el curso internacional \u201cArtificial Intelligence: New&#8230;<\/p>\n","protected":false},"author":26,"featured_media":214978,"comment_status":"open","ping_status":"closed","sticky":false,"template":"","format":"standard","meta":{"footnotes":""},"categories":[209,125],"tags":[386,6656,6468,6460],"class_list":["post-214975","post","type-post","status-publish","format-standard","has-post-thumbnail","hentry","category-institucional","category-portada","tag-cece","tag-globalexperience","tag-innovacionyexcelenciaoperacional","tag-inteligenciadenegocioseinnovacion"],"yoast_head":"<!-- This site is optimized with the Yoast SEO plugin v27.4 - https:\/\/yoast.com\/product\/yoast-seo-wordpress\/ -->\n<title>Delegaci\u00f3n de CETYS Universidad participa en curso internacional sobre Inteligencia Artificial en Bucarest, Rumania - CETYS<\/title>\n<meta name=\"description\" content=\"Articulo sobre Delegaci\u00f3n de CETYS Universidad participa en curso internacional sobre Inteligencia Artificial en Bucarest, Rumania\" \/>\n<meta name=\"robots\" content=\"index, follow, max-snippet:-1, max-image-preview:large, max-video-preview:-1\" \/>\n<link rel=\"canonical\" href=\"https:\/\/www.cetys.mx\/noticias\/delegacion-de-cetys-universidad-participa-en-curso-internacional-sobre-inteligencia-artificial-en-bucarest-rumania\/\" \/>\n<meta property=\"og:locale\" content=\"es_MX\" \/>\n<meta property=\"og:type\" content=\"article\" \/>\n<meta property=\"og:title\" content=\"Delegaci\u00f3n de CETYS Universidad participa en curso internacional sobre Inteligencia Artificial en Bucarest, Rumania - CETYS\" \/>\n<meta property=\"og:description\" content=\"Articulo sobre Delegaci\u00f3n de CETYS Universidad participa en curso internacional sobre Inteligencia Artificial en Bucarest, Rumania\" \/>\n<meta property=\"og:url\" content=\"https:\/\/www.cetys.mx\/noticias\/delegacion-de-cetys-universidad-participa-en-curso-internacional-sobre-inteligencia-artificial-en-bucarest-rumania\/\" \/>\n<meta property=\"og:site_name\" content=\"CETYS\" \/>\n<meta property=\"article:publisher\" content=\"https:\/\/www.facebook.com\/cetysuniversidadmxl\/\" \/>\n<meta property=\"article:published_time\" content=\"2025-08-11T19:59:42+00:00\" \/>\n<meta property=\"article:modified_time\" content=\"2025-08-11T20:22:46+00:00\" \/>\n<meta property=\"og:image\" content=\"https:\/\/www.cetys.mx\/noticias\/wp-content\/uploads\/2025\/08\/Inteligencia-Artificial-en-Bucarest-Rumania.png\" \/>\n\t<meta property=\"og:image:width\" content=\"958\" \/>\n\t<meta property=\"og:image:height\" content=\"637\" \/>\n\t<meta property=\"og:image:type\" content=\"image\/png\" \/>\n<meta name=\"author\" content=\"CETYS Institucional\" \/>\n<meta name=\"twitter:card\" content=\"summary_large_image\" \/>\n<meta name=\"twitter:creator\" content=\"@cetysuni\" \/>\n<meta name=\"twitter:site\" content=\"@cetysuni\" \/>\n<meta name=\"twitter:label1\" content=\"Escrito por\" \/>\n\t<meta name=\"twitter:data1\" content=\"CETYS Institucional\" \/>\n\t<meta name=\"twitter:label2\" content=\"Tiempo de lectura\" \/>\n\t<meta name=\"twitter:data2\" content=\"3 minutos\" \/>\n<script type=\"application\/ld+json\" class=\"yoast-schema-graph\">{\"@context\":\"https:\\\/\\\/schema.org\",\"@graph\":[{\"@type\":\"Article\",\"@id\":\"https:\\\/\\\/www.cetys.mx\\\/noticias\\\/delegacion-de-cetys-universidad-participa-en-curso-internacional-sobre-inteligencia-artificial-en-bucarest-rumania\\\/#article\",\"isPartOf\":{\"@id\":\"https:\\\/\\\/www.cetys.mx\\\/noticias\\\/delegacion-de-cetys-universidad-participa-en-curso-internacional-sobre-inteligencia-artificial-en-bucarest-rumania\\\/\"},\"author\":{\"name\":\"CETYS Institucional\",\"@id\":\"https:\\\/\\\/www.cetys.mx\\\/noticias\\\/#\\\/schema\\\/person\\\/e9d2b35265b64aa454df57a2828eb2ac\"},\"headline\":\"Delegaci\u00f3n de CETYS Universidad participa en curso internacional sobre Inteligencia Artificial en Bucarest, Rumania\",\"datePublished\":\"2025-08-11T19:59:42+00:00\",\"dateModified\":\"2025-08-11T20:22:46+00:00\",\"mainEntityOfPage\":{\"@id\":\"https:\\\/\\\/www.cetys.mx\\\/noticias\\\/delegacion-de-cetys-universidad-participa-en-curso-internacional-sobre-inteligencia-artificial-en-bucarest-rumania\\\/\"},\"wordCount\":526,\"commentCount\":0,\"image\":{\"@id\":\"https:\\\/\\\/www.cetys.mx\\\/noticias\\\/delegacion-de-cetys-universidad-participa-en-curso-internacional-sobre-inteligencia-artificial-en-bucarest-rumania\\\/#primaryimage\"},\"thumbnailUrl\":\"https:\\\/\\\/www.cetys.mx\\\/noticias\\\/wp-content\\\/uploads\\\/2025\\\/08\\\/Inteligencia-Artificial-en-Bucarest-Rumania.png\",\"keywords\":[\"CECE\",\"GlobalExperience\",\"InnovacionyExcelenciaOperacional\",\"InteligenciadeNegocioseInnovacion\"],\"articleSection\":[\"Institucional\",\"Portada\"],\"inLanguage\":\"es\",\"potentialAction\":[{\"@type\":\"CommentAction\",\"name\":\"Comment\",\"target\":[\"https:\\\/\\\/www.cetys.mx\\\/noticias\\\/delegacion-de-cetys-universidad-participa-en-curso-internacional-sobre-inteligencia-artificial-en-bucarest-rumania\\\/#respond\"]}]},{\"@type\":\"WebPage\",\"@id\":\"https:\\\/\\\/www.cetys.mx\\\/noticias\\\/delegacion-de-cetys-universidad-participa-en-curso-internacional-sobre-inteligencia-artificial-en-bucarest-rumania\\\/\",\"url\":\"https:\\\/\\\/www.cetys.mx\\\/noticias\\\/delegacion-de-cetys-universidad-participa-en-curso-internacional-sobre-inteligencia-artificial-en-bucarest-rumania\\\/\",\"name\":\"Delegaci\u00f3n de CETYS Universidad participa en curso internacional sobre Inteligencia Artificial en Bucarest, Rumania - CETYS\",\"isPartOf\":{\"@id\":\"https:\\\/\\\/www.cetys.mx\\\/noticias\\\/#website\"},\"primaryImageOfPage\":{\"@id\":\"https:\\\/\\\/www.cetys.mx\\\/noticias\\\/delegacion-de-cetys-universidad-participa-en-curso-internacional-sobre-inteligencia-artificial-en-bucarest-rumania\\\/#primaryimage\"},\"image\":{\"@id\":\"https:\\\/\\\/www.cetys.mx\\\/noticias\\\/delegacion-de-cetys-universidad-participa-en-curso-internacional-sobre-inteligencia-artificial-en-bucarest-rumania\\\/#primaryimage\"},\"thumbnailUrl\":\"https:\\\/\\\/www.cetys.mx\\\/noticias\\\/wp-content\\\/uploads\\\/2025\\\/08\\\/Inteligencia-Artificial-en-Bucarest-Rumania.png\",\"datePublished\":\"2025-08-11T19:59:42+00:00\",\"dateModified\":\"2025-08-11T20:22:46+00:00\",\"author\":{\"@id\":\"https:\\\/\\\/www.cetys.mx\\\/noticias\\\/#\\\/schema\\\/person\\\/e9d2b35265b64aa454df57a2828eb2ac\"},\"description\":\"Articulo sobre Delegaci\u00f3n de CETYS Universidad participa en curso internacional sobre Inteligencia Artificial en Bucarest, Rumania\",\"breadcrumb\":{\"@id\":\"https:\\\/\\\/www.cetys.mx\\\/noticias\\\/delegacion-de-cetys-universidad-participa-en-curso-internacional-sobre-inteligencia-artificial-en-bucarest-rumania\\\/#breadcrumb\"},\"inLanguage\":\"es\",\"potentialAction\":[{\"@type\":\"ReadAction\",\"target\":[\"https:\\\/\\\/www.cetys.mx\\\/noticias\\\/delegacion-de-cetys-universidad-participa-en-curso-internacional-sobre-inteligencia-artificial-en-bucarest-rumania\\\/\"]}]},{\"@type\":\"ImageObject\",\"inLanguage\":\"es\",\"@id\":\"https:\\\/\\\/www.cetys.mx\\\/noticias\\\/delegacion-de-cetys-universidad-participa-en-curso-internacional-sobre-inteligencia-artificial-en-bucarest-rumania\\\/#primaryimage\",\"url\":\"https:\\\/\\\/www.cetys.mx\\\/noticias\\\/wp-content\\\/uploads\\\/2025\\\/08\\\/Inteligencia-Artificial-en-Bucarest-Rumania.png\",\"contentUrl\":\"https:\\\/\\\/www.cetys.mx\\\/noticias\\\/wp-content\\\/uploads\\\/2025\\\/08\\\/Inteligencia-Artificial-en-Bucarest-Rumania.png\",\"width\":958,\"height\":637},{\"@type\":\"BreadcrumbList\",\"@id\":\"https:\\\/\\\/www.cetys.mx\\\/noticias\\\/delegacion-de-cetys-universidad-participa-en-curso-internacional-sobre-inteligencia-artificial-en-bucarest-rumania\\\/#breadcrumb\",\"itemListElement\":[{\"@type\":\"ListItem\",\"position\":1,\"name\":\"Inicio\",\"item\":\"https:\\\/\\\/www.cetys.mx\\\/noticias\\\/\"},{\"@type\":\"ListItem\",\"position\":2,\"name\":\"Delegaci\u00f3n de CETYS Universidad participa en curso internacional sobre Inteligencia Artificial en Bucarest, Rumania\"}]},{\"@type\":\"WebSite\",\"@id\":\"https:\\\/\\\/www.cetys.mx\\\/noticias\\\/#website\",\"url\":\"https:\\\/\\\/www.cetys.mx\\\/noticias\\\/\",\"name\":\"CETYS\",\"description\":\"\",\"potentialAction\":[{\"@type\":\"SearchAction\",\"target\":{\"@type\":\"EntryPoint\",\"urlTemplate\":\"https:\\\/\\\/www.cetys.mx\\\/noticias\\\/?s={search_term_string}\"},\"query-input\":{\"@type\":\"PropertyValueSpecification\",\"valueRequired\":true,\"valueName\":\"search_term_string\"}}],\"inLanguage\":\"es\"},{\"@type\":\"Person\",\"@id\":\"https:\\\/\\\/www.cetys.mx\\\/noticias\\\/#\\\/schema\\\/person\\\/e9d2b35265b64aa454df57a2828eb2ac\",\"name\":\"CETYS Institucional\",\"url\":\"https:\\\/\\\/www.cetys.mx\\\/noticias\\\/author\\\/cetysinstitucional\\\/\"}]}<\/script>\n<!-- \/ Yoast SEO plugin. -->","yoast_head_json":{"title":"Delegaci\u00f3n de CETYS Universidad participa en curso internacional sobre Inteligencia Artificial en Bucarest, Rumania - CETYS","description":"Articulo sobre Delegaci\u00f3n de CETYS Universidad participa en curso internacional sobre Inteligencia Artificial en Bucarest, Rumania","robots":{"index":"index","follow":"follow","max-snippet":"max-snippet:-1","max-image-preview":"max-image-preview:large","max-video-preview":"max-video-preview:-1"},"canonical":"https:\/\/www.cetys.mx\/noticias\/delegacion-de-cetys-universidad-participa-en-curso-internacional-sobre-inteligencia-artificial-en-bucarest-rumania\/","og_locale":"es_MX","og_type":"article","og_title":"Delegaci\u00f3n de CETYS Universidad participa en curso internacional sobre Inteligencia Artificial en Bucarest, Rumania - CETYS","og_description":"Articulo sobre Delegaci\u00f3n de CETYS Universidad participa en curso internacional sobre Inteligencia Artificial en Bucarest, Rumania","og_url":"https:\/\/www.cetys.mx\/noticias\/delegacion-de-cetys-universidad-participa-en-curso-internacional-sobre-inteligencia-artificial-en-bucarest-rumania\/","og_site_name":"CETYS","article_publisher":"https:\/\/www.facebook.com\/cetysuniversidadmxl\/","article_published_time":"2025-08-11T19:59:42+00:00","article_modified_time":"2025-08-11T20:22:46+00:00","og_image":[{"width":958,"height":637,"url":"https:\/\/www.cetys.mx\/noticias\/wp-content\/uploads\/2025\/08\/Inteligencia-Artificial-en-Bucarest-Rumania.png","type":"image\/png"}],"author":"CETYS Institucional","twitter_card":"summary_large_image","twitter_creator":"@cetysuni","twitter_site":"@cetysuni","twitter_misc":{"Escrito por":"CETYS Institucional","Tiempo de lectura":"3 minutos"},"schema":{"@context":"https:\/\/schema.org","@graph":[{"@type":"Article","@id":"https:\/\/www.cetys.mx\/noticias\/delegacion-de-cetys-universidad-participa-en-curso-internacional-sobre-inteligencia-artificial-en-bucarest-rumania\/#article","isPartOf":{"@id":"https:\/\/www.cetys.mx\/noticias\/delegacion-de-cetys-universidad-participa-en-curso-internacional-sobre-inteligencia-artificial-en-bucarest-rumania\/"},"author":{"name":"CETYS Institucional","@id":"https:\/\/www.cetys.mx\/noticias\/#\/schema\/person\/e9d2b35265b64aa454df57a2828eb2ac"},"headline":"Delegaci\u00f3n de CETYS Universidad participa en curso internacional sobre Inteligencia Artificial en Bucarest, Rumania","datePublished":"2025-08-11T19:59:42+00:00","dateModified":"2025-08-11T20:22:46+00:00","mainEntityOfPage":{"@id":"https:\/\/www.cetys.mx\/noticias\/delegacion-de-cetys-universidad-participa-en-curso-internacional-sobre-inteligencia-artificial-en-bucarest-rumania\/"},"wordCount":526,"commentCount":0,"image":{"@id":"https:\/\/www.cetys.mx\/noticias\/delegacion-de-cetys-universidad-participa-en-curso-internacional-sobre-inteligencia-artificial-en-bucarest-rumania\/#primaryimage"},"thumbnailUrl":"https:\/\/www.cetys.mx\/noticias\/wp-content\/uploads\/2025\/08\/Inteligencia-Artificial-en-Bucarest-Rumania.png","keywords":["CECE","GlobalExperience","InnovacionyExcelenciaOperacional","InteligenciadeNegocioseInnovacion"],"articleSection":["Institucional","Portada"],"inLanguage":"es","potentialAction":[{"@type":"CommentAction","name":"Comment","target":["https:\/\/www.cetys.mx\/noticias\/delegacion-de-cetys-universidad-participa-en-curso-internacional-sobre-inteligencia-artificial-en-bucarest-rumania\/#respond"]}]},{"@type":"WebPage","@id":"https:\/\/www.cetys.mx\/noticias\/delegacion-de-cetys-universidad-participa-en-curso-internacional-sobre-inteligencia-artificial-en-bucarest-rumania\/","url":"https:\/\/www.cetys.mx\/noticias\/delegacion-de-cetys-universidad-participa-en-curso-internacional-sobre-inteligencia-artificial-en-bucarest-rumania\/","name":"Delegaci\u00f3n de CETYS Universidad participa en curso internacional sobre Inteligencia Artificial en Bucarest, Rumania - CETYS","isPartOf":{"@id":"https:\/\/www.cetys.mx\/noticias\/#website"},"primaryImageOfPage":{"@id":"https:\/\/www.cetys.mx\/noticias\/delegacion-de-cetys-universidad-participa-en-curso-internacional-sobre-inteligencia-artificial-en-bucarest-rumania\/#primaryimage"},"image":{"@id":"https:\/\/www.cetys.mx\/noticias\/delegacion-de-cetys-universidad-participa-en-curso-internacional-sobre-inteligencia-artificial-en-bucarest-rumania\/#primaryimage"},"thumbnailUrl":"https:\/\/www.cetys.mx\/noticias\/wp-content\/uploads\/2025\/08\/Inteligencia-Artificial-en-Bucarest-Rumania.png","datePublished":"2025-08-11T19:59:42+00:00","dateModified":"2025-08-11T20:22:46+00:00","author":{"@id":"https:\/\/www.cetys.mx\/noticias\/#\/schema\/person\/e9d2b35265b64aa454df57a2828eb2ac"},"description":"Articulo sobre Delegaci\u00f3n de CETYS Universidad participa en curso internacional sobre Inteligencia Artificial en Bucarest, Rumania","breadcrumb":{"@id":"https:\/\/www.cetys.mx\/noticias\/delegacion-de-cetys-universidad-participa-en-curso-internacional-sobre-inteligencia-artificial-en-bucarest-rumania\/#breadcrumb"},"inLanguage":"es","potentialAction":[{"@type":"ReadAction","target":["https:\/\/www.cetys.mx\/noticias\/delegacion-de-cetys-universidad-participa-en-curso-internacional-sobre-inteligencia-artificial-en-bucarest-rumania\/"]}]},{"@type":"ImageObject","inLanguage":"es","@id":"https:\/\/www.cetys.mx\/noticias\/delegacion-de-cetys-universidad-participa-en-curso-internacional-sobre-inteligencia-artificial-en-bucarest-rumania\/#primaryimage","url":"https:\/\/www.cetys.mx\/noticias\/wp-content\/uploads\/2025\/08\/Inteligencia-Artificial-en-Bucarest-Rumania.png","contentUrl":"https:\/\/www.cetys.mx\/noticias\/wp-content\/uploads\/2025\/08\/Inteligencia-Artificial-en-Bucarest-Rumania.png","width":958,"height":637},{"@type":"BreadcrumbList","@id":"https:\/\/www.cetys.mx\/noticias\/delegacion-de-cetys-universidad-participa-en-curso-internacional-sobre-inteligencia-artificial-en-bucarest-rumania\/#breadcrumb","itemListElement":[{"@type":"ListItem","position":1,"name":"Inicio","item":"https:\/\/www.cetys.mx\/noticias\/"},{"@type":"ListItem","position":2,"name":"Delegaci\u00f3n de CETYS Universidad participa en curso internacional sobre Inteligencia Artificial en Bucarest, Rumania"}]},{"@type":"WebSite","@id":"https:\/\/www.cetys.mx\/noticias\/#website","url":"https:\/\/www.cetys.mx\/noticias\/","name":"CETYS","description":"","potentialAction":[{"@type":"SearchAction","target":{"@type":"EntryPoint","urlTemplate":"https:\/\/www.cetys.mx\/noticias\/?s={search_term_string}"},"query-input":{"@type":"PropertyValueSpecification","valueRequired":true,"valueName":"search_term_string"}}],"inLanguage":"es"},{"@type":"Person","@id":"https:\/\/www.cetys.mx\/noticias\/#\/schema\/person\/e9d2b35265b64aa454df57a2828eb2ac","name":"CETYS Institucional","url":"https:\/\/www.cetys.mx\/noticias\/author\/cetysinstitucional\/"}]}},"_links":{"self":[{"href":"https:\/\/www.cetys.mx\/noticias\/wp-json\/wp\/v2\/posts\/214975","targetHints":{"allow":["GET"]}}],"collection":[{"href":"https:\/\/www.cetys.mx\/noticias\/wp-json\/wp\/v2\/posts"}],"about":[{"href":"https:\/\/www.cetys.mx\/noticias\/wp-json\/wp\/v2\/types\/post"}],"author":[{"embeddable":true,"href":"https:\/\/www.cetys.mx\/noticias\/wp-json\/wp\/v2\/users\/26"}],"replies":[{"embeddable":true,"href":"https:\/\/www.cetys.mx\/noticias\/wp-json\/wp\/v2\/comments?post=214975"}],"version-history":[{"count":6,"href":"https:\/\/www.cetys.mx\/noticias\/wp-json\/wp\/v2\/posts\/214975\/revisions"}],"predecessor-version":[{"id":215913,"href":"https:\/\/www.cetys.mx\/noticias\/wp-json\/wp\/v2\/posts\/214975\/revisions\/215913"}],"wp:featuredmedia":[{"embeddable":true,"href":"https:\/\/www.cetys.mx\/noticias\/wp-json\/wp\/v2\/media\/214978"}],"wp:attachment":[{"href":"https:\/\/www.cetys.mx\/noticias\/wp-json\/wp\/v2\/media?parent=214975"}],"wp:term":[{"taxonomy":"category","embeddable":true,"href":"https:\/\/www.cetys.mx\/noticias\/wp-json\/wp\/v2\/categories?post=214975"},{"taxonomy":"post_tag","embeddable":true,"href":"https:\/\/www.cetys.mx\/noticias\/wp-json\/wp\/v2\/tags?post=214975"}],"curies":[{"name":"wp","href":"https:\/\/api.w.org\/{rel}","templated":true}]}}