{"id":214693,"date":"2025-07-30T20:07:10","date_gmt":"2025-07-31T03:07:10","guid":{"rendered":"https:\/\/www.cetys.mx\/noticias\/?p=214693"},"modified":"2025-07-30T20:07:10","modified_gmt":"2025-07-31T03:07:10","slug":"estudiantes-fortalecen-su-formacion-internacional-en-curso-de-finanzas-en-espana","status":"publish","type":"post","link":"https:\/\/www.cetys.mx\/noticias\/estudiantes-fortalecen-su-formacion-internacional-en-curso-de-finanzas-en-espana\/","title":{"rendered":"Estudiantes fortalecen su formaci\u00f3n internacional en curso de Finanzas en Espa\u00f1a"},"content":{"rendered":"<p data-start=\"478\" data-end=\"816\">Estudiantes de la <a href=\"https:\/\/www.cetys.mx\/programas\/licenciatura-en-contador-publico-internacional\/\">Licenciatura en Contador P\u00fablico Internacional y Finanzas<\/a> de <strong>CETYS Universidad,<\/strong> provenientes de los campus Tijuana, Mexicali y Ensenada, vivieron una experiencia acad\u00e9mica internacional al participar en el curso \u201cFinanzas Personales\u201d en la reconocida <strong data-start=\"778\" data-end=\"815\">Universidad Complutense de Madrid<\/strong>.<\/p>\n<p data-start=\"818\" data-end=\"1129\">Este programa, dise\u00f1ado para fortalecer sus competencias profesionales y ampliar su visi\u00f3n financiera, permiti\u00f3 a los alumnos adquirir conocimientos actualizados en el manejo de finanzas desde una perspectiva europea, as\u00ed como explorar herramientas pr\u00e1cticas para la toma de decisiones financieras responsables.<\/p>\n<p data-start=\"1131\" data-end=\"1532\">Adem\u00e1s del enfoque acad\u00e9mico, el grupo tuvo la oportunidad de visitar la emblem\u00e1tica <strong data-start=\"1216\" data-end=\"1252\">Real Casa de la Moneda de Espa\u00f1a<\/strong>, una instituci\u00f3n con m\u00e1s de 300 a\u00f1os de historia. Ah\u00ed conocieron el proceso de impresi\u00f3n de billetes, acu\u00f1aci\u00f3n de monedas y producci\u00f3n de documentos de seguridad, comprendiendo de primera mano c\u00f3mo se relaciona la teor\u00eda financiera con instituciones clave en la econom\u00eda global.<\/p>\n<blockquote>\n<p data-start=\"1534\" data-end=\"1813\">\u201cLa experiencia fue m\u00e1s all\u00e1 de las aulas. Nos permiti\u00f3 aprender con una mirada internacional, convivir con estudiantes de otros pa\u00edses y conocer el contexto cultural e hist\u00f3rico que da forma a las pol\u00edticas financieras en Europa\u201d, comparti\u00f3 uno de los estudiantes participantes.<\/p>\n<\/blockquote>\n<p data-start=\"1815\" data-end=\"2116\">Este tipo de actividades forman parte del compromiso de CETYS Universidad por ofrecer una educaci\u00f3n integral e internacionalizada, donde los futuros profesionales no solo dominen las herramientas t\u00e9cnicas de su carrera, sino tambi\u00e9n desarrollen una comprensi\u00f3n global, cr\u00edtica y \u00e9tica de su profesi\u00f3n.<\/p>\n","protected":false},"excerpt":{"rendered":"<p>Estudiantes de la Licenciatura en Contador P\u00fablico Internacional y Finanzas de CETYS Universidad, provenientes de los campus Tijuana, Mexicali y Ensenada, vivieron&#8230;<\/p>\n","protected":false},"author":24,"featured_media":214694,"comment_status":"open","ping_status":"closed","sticky":false,"template":"","format":"standard","meta":{"footnotes":""},"categories":[134,108],"tags":[328,6636],"class_list":["post-214693","post","type-post","status-publish","format-standard","has-post-thumbnail","hentry","category-campus-tijuana","category-internacionales","tag-campustijuana","tag-contadorpublicointernacionalyfinanzas"],"yoast_head":"<!-- This site is optimized with the Yoast SEO plugin v27.4 - https:\/\/yoast.com\/product\/yoast-seo-wordpress\/ -->\n<title>Estudiantes fortalecen su formaci\u00f3n internacional en curso de Finanzas en Espa\u00f1a - CETYS<\/title>\n<meta name=\"description\" content=\"Articulo sobre Estudiantes fortalecen su formaci\u00f3n internacional en curso de Finanzas en Espa\u00f1a\" \/>\n<meta name=\"robots\" content=\"index, follow, max-snippet:-1, max-image-preview:large, max-video-preview:-1\" \/>\n<link rel=\"canonical\" href=\"https:\/\/www.cetys.mx\/noticias\/estudiantes-fortalecen-su-formacion-internacional-en-curso-de-finanzas-en-espana\/\" \/>\n<meta property=\"og:locale\" content=\"es_MX\" \/>\n<meta property=\"og:type\" content=\"article\" \/>\n<meta property=\"og:title\" content=\"Estudiantes fortalecen su formaci\u00f3n internacional en curso de Finanzas en Espa\u00f1a - CETYS\" \/>\n<meta property=\"og:description\" content=\"Articulo sobre Estudiantes fortalecen su formaci\u00f3n internacional en curso de Finanzas en Espa\u00f1a\" \/>\n<meta property=\"og:url\" content=\"https:\/\/www.cetys.mx\/noticias\/estudiantes-fortalecen-su-formacion-internacional-en-curso-de-finanzas-en-espana\/\" \/>\n<meta property=\"og:site_name\" content=\"CETYS\" \/>\n<meta property=\"article:publisher\" content=\"https:\/\/www.facebook.com\/cetysuniversidadmxl\/\" \/>\n<meta property=\"article:published_time\" content=\"2025-07-31T03:07:10+00:00\" \/>\n<meta property=\"og:image\" content=\"https:\/\/www.cetys.mx\/noticias\/wp-content\/uploads\/2025\/07\/Contador-Publico-Internacional-y-Finanzas-CETYS-5.png\" \/>\n\t<meta property=\"og:image:width\" content=\"958\" \/>\n\t<meta property=\"og:image:height\" content=\"637\" \/>\n\t<meta property=\"og:image:type\" content=\"image\/png\" \/>\n<meta name=\"author\" content=\"Campus Tijuana\" \/>\n<meta name=\"twitter:card\" content=\"summary_large_image\" \/>\n<meta name=\"twitter:creator\" content=\"@cetysuni\" \/>\n<meta name=\"twitter:site\" content=\"@cetysuni\" \/>\n<meta name=\"twitter:label1\" content=\"Escrito por\" \/>\n\t<meta name=\"twitter:data1\" content=\"Campus Tijuana\" \/>\n\t<meta name=\"twitter:label2\" content=\"Tiempo de lectura\" \/>\n\t<meta name=\"twitter:data2\" content=\"1 minuto\" \/>\n<script type=\"application\/ld+json\" class=\"yoast-schema-graph\">{\"@context\":\"https:\\\/\\\/schema.org\",\"@graph\":[{\"@type\":\"Article\",\"@id\":\"https:\\\/\\\/www.cetys.mx\\\/noticias\\\/estudiantes-fortalecen-su-formacion-internacional-en-curso-de-finanzas-en-espana\\\/#article\",\"isPartOf\":{\"@id\":\"https:\\\/\\\/www.cetys.mx\\\/noticias\\\/estudiantes-fortalecen-su-formacion-internacional-en-curso-de-finanzas-en-espana\\\/\"},\"author\":{\"name\":\"Campus Tijuana\",\"@id\":\"https:\\\/\\\/www.cetys.mx\\\/noticias\\\/#\\\/schema\\\/person\\\/e790051ce60e18ae47cfa87011c8653f\"},\"headline\":\"Estudiantes fortalecen su formaci\u00f3n internacional en curso de Finanzas en Espa\u00f1a\",\"datePublished\":\"2025-07-31T03:07:10+00:00\",\"mainEntityOfPage\":{\"@id\":\"https:\\\/\\\/www.cetys.mx\\\/noticias\\\/estudiantes-fortalecen-su-formacion-internacional-en-curso-de-finanzas-en-espana\\\/\"},\"wordCount\":271,\"commentCount\":0,\"image\":{\"@id\":\"https:\\\/\\\/www.cetys.mx\\\/noticias\\\/estudiantes-fortalecen-su-formacion-internacional-en-curso-de-finanzas-en-espana\\\/#primaryimage\"},\"thumbnailUrl\":\"https:\\\/\\\/www.cetys.mx\\\/noticias\\\/wp-content\\\/uploads\\\/2025\\\/07\\\/Contador-Publico-Internacional-y-Finanzas-CETYS-5.png\",\"keywords\":[\"campustijuana\",\"ContadorPublicoInternacionalyFinanzas\"],\"articleSection\":[\"Campus Tijuana\",\"Internacionales\"],\"inLanguage\":\"es\",\"potentialAction\":[{\"@type\":\"CommentAction\",\"name\":\"Comment\",\"target\":[\"https:\\\/\\\/www.cetys.mx\\\/noticias\\\/estudiantes-fortalecen-su-formacion-internacional-en-curso-de-finanzas-en-espana\\\/#respond\"]}]},{\"@type\":\"WebPage\",\"@id\":\"https:\\\/\\\/www.cetys.mx\\\/noticias\\\/estudiantes-fortalecen-su-formacion-internacional-en-curso-de-finanzas-en-espana\\\/\",\"url\":\"https:\\\/\\\/www.cetys.mx\\\/noticias\\\/estudiantes-fortalecen-su-formacion-internacional-en-curso-de-finanzas-en-espana\\\/\",\"name\":\"Estudiantes fortalecen su formaci\u00f3n internacional en curso de Finanzas en Espa\u00f1a - CETYS\",\"isPartOf\":{\"@id\":\"https:\\\/\\\/www.cetys.mx\\\/noticias\\\/#website\"},\"primaryImageOfPage\":{\"@id\":\"https:\\\/\\\/www.cetys.mx\\\/noticias\\\/estudiantes-fortalecen-su-formacion-internacional-en-curso-de-finanzas-en-espana\\\/#primaryimage\"},\"image\":{\"@id\":\"https:\\\/\\\/www.cetys.mx\\\/noticias\\\/estudiantes-fortalecen-su-formacion-internacional-en-curso-de-finanzas-en-espana\\\/#primaryimage\"},\"thumbnailUrl\":\"https:\\\/\\\/www.cetys.mx\\\/noticias\\\/wp-content\\\/uploads\\\/2025\\\/07\\\/Contador-Publico-Internacional-y-Finanzas-CETYS-5.png\",\"datePublished\":\"2025-07-31T03:07:10+00:00\",\"author\":{\"@id\":\"https:\\\/\\\/www.cetys.mx\\\/noticias\\\/#\\\/schema\\\/person\\\/e790051ce60e18ae47cfa87011c8653f\"},\"description\":\"Articulo sobre Estudiantes fortalecen su formaci\u00f3n internacional en curso de Finanzas en Espa\u00f1a\",\"breadcrumb\":{\"@id\":\"https:\\\/\\\/www.cetys.mx\\\/noticias\\\/estudiantes-fortalecen-su-formacion-internacional-en-curso-de-finanzas-en-espana\\\/#breadcrumb\"},\"inLanguage\":\"es\",\"potentialAction\":[{\"@type\":\"ReadAction\",\"target\":[\"https:\\\/\\\/www.cetys.mx\\\/noticias\\\/estudiantes-fortalecen-su-formacion-internacional-en-curso-de-finanzas-en-espana\\\/\"]}]},{\"@type\":\"ImageObject\",\"inLanguage\":\"es\",\"@id\":\"https:\\\/\\\/www.cetys.mx\\\/noticias\\\/estudiantes-fortalecen-su-formacion-internacional-en-curso-de-finanzas-en-espana\\\/#primaryimage\",\"url\":\"https:\\\/\\\/www.cetys.mx\\\/noticias\\\/wp-content\\\/uploads\\\/2025\\\/07\\\/Contador-Publico-Internacional-y-Finanzas-CETYS-5.png\",\"contentUrl\":\"https:\\\/\\\/www.cetys.mx\\\/noticias\\\/wp-content\\\/uploads\\\/2025\\\/07\\\/Contador-Publico-Internacional-y-Finanzas-CETYS-5.png\",\"width\":958,\"height\":637},{\"@type\":\"BreadcrumbList\",\"@id\":\"https:\\\/\\\/www.cetys.mx\\\/noticias\\\/estudiantes-fortalecen-su-formacion-internacional-en-curso-de-finanzas-en-espana\\\/#breadcrumb\",\"itemListElement\":[{\"@type\":\"ListItem\",\"position\":1,\"name\":\"Inicio\",\"item\":\"https:\\\/\\\/www.cetys.mx\\\/noticias\\\/\"},{\"@type\":\"ListItem\",\"position\":2,\"name\":\"Estudiantes fortalecen su formaci\u00f3n internacional en curso de Finanzas en Espa\u00f1a\"}]},{\"@type\":\"WebSite\",\"@id\":\"https:\\\/\\\/www.cetys.mx\\\/noticias\\\/#website\",\"url\":\"https:\\\/\\\/www.cetys.mx\\\/noticias\\\/\",\"name\":\"CETYS\",\"description\":\"\",\"potentialAction\":[{\"@type\":\"SearchAction\",\"target\":{\"@type\":\"EntryPoint\",\"urlTemplate\":\"https:\\\/\\\/www.cetys.mx\\\/noticias\\\/?s={search_term_string}\"},\"query-input\":{\"@type\":\"PropertyValueSpecification\",\"valueRequired\":true,\"valueName\":\"search_term_string\"}}],\"inLanguage\":\"es\"},{\"@type\":\"Person\",\"@id\":\"https:\\\/\\\/www.cetys.mx\\\/noticias\\\/#\\\/schema\\\/person\\\/e790051ce60e18ae47cfa87011c8653f\",\"name\":\"Campus Tijuana\",\"url\":\"https:\\\/\\\/www.cetys.mx\\\/noticias\\\/author\\\/campustijuana\\\/\"}]}<\/script>\n<!-- \/ Yoast SEO plugin. -->","yoast_head_json":{"title":"Estudiantes fortalecen su formaci\u00f3n internacional en curso de Finanzas en Espa\u00f1a - CETYS","description":"Articulo sobre Estudiantes fortalecen su formaci\u00f3n internacional en curso de Finanzas en Espa\u00f1a","robots":{"index":"index","follow":"follow","max-snippet":"max-snippet:-1","max-image-preview":"max-image-preview:large","max-video-preview":"max-video-preview:-1"},"canonical":"https:\/\/www.cetys.mx\/noticias\/estudiantes-fortalecen-su-formacion-internacional-en-curso-de-finanzas-en-espana\/","og_locale":"es_MX","og_type":"article","og_title":"Estudiantes fortalecen su formaci\u00f3n internacional en curso de Finanzas en Espa\u00f1a - CETYS","og_description":"Articulo sobre Estudiantes fortalecen su formaci\u00f3n internacional en curso de Finanzas en Espa\u00f1a","og_url":"https:\/\/www.cetys.mx\/noticias\/estudiantes-fortalecen-su-formacion-internacional-en-curso-de-finanzas-en-espana\/","og_site_name":"CETYS","article_publisher":"https:\/\/www.facebook.com\/cetysuniversidadmxl\/","article_published_time":"2025-07-31T03:07:10+00:00","og_image":[{"width":958,"height":637,"url":"https:\/\/www.cetys.mx\/noticias\/wp-content\/uploads\/2025\/07\/Contador-Publico-Internacional-y-Finanzas-CETYS-5.png","type":"image\/png"}],"author":"Campus Tijuana","twitter_card":"summary_large_image","twitter_creator":"@cetysuni","twitter_site":"@cetysuni","twitter_misc":{"Escrito por":"Campus Tijuana","Tiempo de lectura":"1 minuto"},"schema":{"@context":"https:\/\/schema.org","@graph":[{"@type":"Article","@id":"https:\/\/www.cetys.mx\/noticias\/estudiantes-fortalecen-su-formacion-internacional-en-curso-de-finanzas-en-espana\/#article","isPartOf":{"@id":"https:\/\/www.cetys.mx\/noticias\/estudiantes-fortalecen-su-formacion-internacional-en-curso-de-finanzas-en-espana\/"},"author":{"name":"Campus Tijuana","@id":"https:\/\/www.cetys.mx\/noticias\/#\/schema\/person\/e790051ce60e18ae47cfa87011c8653f"},"headline":"Estudiantes fortalecen su formaci\u00f3n internacional en curso de Finanzas en Espa\u00f1a","datePublished":"2025-07-31T03:07:10+00:00","mainEntityOfPage":{"@id":"https:\/\/www.cetys.mx\/noticias\/estudiantes-fortalecen-su-formacion-internacional-en-curso-de-finanzas-en-espana\/"},"wordCount":271,"commentCount":0,"image":{"@id":"https:\/\/www.cetys.mx\/noticias\/estudiantes-fortalecen-su-formacion-internacional-en-curso-de-finanzas-en-espana\/#primaryimage"},"thumbnailUrl":"https:\/\/www.cetys.mx\/noticias\/wp-content\/uploads\/2025\/07\/Contador-Publico-Internacional-y-Finanzas-CETYS-5.png","keywords":["campustijuana","ContadorPublicoInternacionalyFinanzas"],"articleSection":["Campus Tijuana","Internacionales"],"inLanguage":"es","potentialAction":[{"@type":"CommentAction","name":"Comment","target":["https:\/\/www.cetys.mx\/noticias\/estudiantes-fortalecen-su-formacion-internacional-en-curso-de-finanzas-en-espana\/#respond"]}]},{"@type":"WebPage","@id":"https:\/\/www.cetys.mx\/noticias\/estudiantes-fortalecen-su-formacion-internacional-en-curso-de-finanzas-en-espana\/","url":"https:\/\/www.cetys.mx\/noticias\/estudiantes-fortalecen-su-formacion-internacional-en-curso-de-finanzas-en-espana\/","name":"Estudiantes fortalecen su formaci\u00f3n internacional en curso de Finanzas en Espa\u00f1a - CETYS","isPartOf":{"@id":"https:\/\/www.cetys.mx\/noticias\/#website"},"primaryImageOfPage":{"@id":"https:\/\/www.cetys.mx\/noticias\/estudiantes-fortalecen-su-formacion-internacional-en-curso-de-finanzas-en-espana\/#primaryimage"},"image":{"@id":"https:\/\/www.cetys.mx\/noticias\/estudiantes-fortalecen-su-formacion-internacional-en-curso-de-finanzas-en-espana\/#primaryimage"},"thumbnailUrl":"https:\/\/www.cetys.mx\/noticias\/wp-content\/uploads\/2025\/07\/Contador-Publico-Internacional-y-Finanzas-CETYS-5.png","datePublished":"2025-07-31T03:07:10+00:00","author":{"@id":"https:\/\/www.cetys.mx\/noticias\/#\/schema\/person\/e790051ce60e18ae47cfa87011c8653f"},"description":"Articulo sobre Estudiantes fortalecen su formaci\u00f3n internacional en curso de Finanzas en Espa\u00f1a","breadcrumb":{"@id":"https:\/\/www.cetys.mx\/noticias\/estudiantes-fortalecen-su-formacion-internacional-en-curso-de-finanzas-en-espana\/#breadcrumb"},"inLanguage":"es","potentialAction":[{"@type":"ReadAction","target":["https:\/\/www.cetys.mx\/noticias\/estudiantes-fortalecen-su-formacion-internacional-en-curso-de-finanzas-en-espana\/"]}]},{"@type":"ImageObject","inLanguage":"es","@id":"https:\/\/www.cetys.mx\/noticias\/estudiantes-fortalecen-su-formacion-internacional-en-curso-de-finanzas-en-espana\/#primaryimage","url":"https:\/\/www.cetys.mx\/noticias\/wp-content\/uploads\/2025\/07\/Contador-Publico-Internacional-y-Finanzas-CETYS-5.png","contentUrl":"https:\/\/www.cetys.mx\/noticias\/wp-content\/uploads\/2025\/07\/Contador-Publico-Internacional-y-Finanzas-CETYS-5.png","width":958,"height":637},{"@type":"BreadcrumbList","@id":"https:\/\/www.cetys.mx\/noticias\/estudiantes-fortalecen-su-formacion-internacional-en-curso-de-finanzas-en-espana\/#breadcrumb","itemListElement":[{"@type":"ListItem","position":1,"name":"Inicio","item":"https:\/\/www.cetys.mx\/noticias\/"},{"@type":"ListItem","position":2,"name":"Estudiantes fortalecen su formaci\u00f3n internacional en curso de Finanzas en Espa\u00f1a"}]},{"@type":"WebSite","@id":"https:\/\/www.cetys.mx\/noticias\/#website","url":"https:\/\/www.cetys.mx\/noticias\/","name":"CETYS","description":"","potentialAction":[{"@type":"SearchAction","target":{"@type":"EntryPoint","urlTemplate":"https:\/\/www.cetys.mx\/noticias\/?s={search_term_string}"},"query-input":{"@type":"PropertyValueSpecification","valueRequired":true,"valueName":"search_term_string"}}],"inLanguage":"es"},{"@type":"Person","@id":"https:\/\/www.cetys.mx\/noticias\/#\/schema\/person\/e790051ce60e18ae47cfa87011c8653f","name":"Campus Tijuana","url":"https:\/\/www.cetys.mx\/noticias\/author\/campustijuana\/"}]}},"_links":{"self":[{"href":"https:\/\/www.cetys.mx\/noticias\/wp-json\/wp\/v2\/posts\/214693","targetHints":{"allow":["GET"]}}],"collection":[{"href":"https:\/\/www.cetys.mx\/noticias\/wp-json\/wp\/v2\/posts"}],"about":[{"href":"https:\/\/www.cetys.mx\/noticias\/wp-json\/wp\/v2\/types\/post"}],"author":[{"embeddable":true,"href":"https:\/\/www.cetys.mx\/noticias\/wp-json\/wp\/v2\/users\/24"}],"replies":[{"embeddable":true,"href":"https:\/\/www.cetys.mx\/noticias\/wp-json\/wp\/v2\/comments?post=214693"}],"version-history":[{"count":1,"href":"https:\/\/www.cetys.mx\/noticias\/wp-json\/wp\/v2\/posts\/214693\/revisions"}],"predecessor-version":[{"id":214699,"href":"https:\/\/www.cetys.mx\/noticias\/wp-json\/wp\/v2\/posts\/214693\/revisions\/214699"}],"wp:featuredmedia":[{"embeddable":true,"href":"https:\/\/www.cetys.mx\/noticias\/wp-json\/wp\/v2\/media\/214694"}],"wp:attachment":[{"href":"https:\/\/www.cetys.mx\/noticias\/wp-json\/wp\/v2\/media?parent=214693"}],"wp:term":[{"taxonomy":"category","embeddable":true,"href":"https:\/\/www.cetys.mx\/noticias\/wp-json\/wp\/v2\/categories?post=214693"},{"taxonomy":"post_tag","embeddable":true,"href":"https:\/\/www.cetys.mx\/noticias\/wp-json\/wp\/v2\/tags?post=214693"}],"curies":[{"name":"wp","href":"https:\/\/api.w.org\/{rel}","templated":true}]}}