{"id":214638,"date":"2025-07-29T18:09:55","date_gmt":"2025-07-30T01:09:55","guid":{"rendered":"https:\/\/www.cetys.mx\/noticias\/?p=214638"},"modified":"2025-07-29T18:09:55","modified_gmt":"2025-07-30T01:09:55","slug":"raul-lopez-representa-a-mexico-en-conferencia-internacional-de-la-onu-en-espana","status":"publish","type":"post","link":"https:\/\/www.cetys.mx\/noticias\/raul-lopez-representa-a-mexico-en-conferencia-internacional-de-la-onu-en-espana\/","title":{"rendered":"Ra\u00fal L\u00f3pez representa a M\u00e9xico en Conferencia Internacional de la ONU en Espa\u00f1a"},"content":{"rendered":"<p data-start=\"312\" data-end=\"572\">Ra\u00fal L\u00f3pez, estudiante de la <a href=\"https:\/\/www.cetys.mx\/programas\/licenciatura-en-contador-publico-internacional\/\">Lic. en Contador P\u00fablico Internacional y Finanza<\/a>s de <strong>CETYS Universidad<\/strong> Campus Tijuana represent\u00f3 a Baja California y a M\u00e9xico como <strong data-start=\"415\" data-end=\"435\">delegado juvenil<\/strong> en la <strong data-start=\"442\" data-end=\"516\">Cuarta Conferencia Internacional sobre Financiaci\u00f3n para el Desarrollo<\/strong> de las Naciones Unidas, celebrada en Sevilla, Espa\u00f1a. El encuentro reuni\u00f3 a l\u00edderes globales, organismos multilaterales y j\u00f3venes de distintos pa\u00edses para dialogar sobre los retos y oportunidades en torno a la arquitectura financiera internacional.<\/p>\n<p data-start=\"574\" data-end=\"886\">El alumno represent\u00f3 a Baja California y a M\u00e9xico en este encuentro global que reuni\u00f3 a l\u00edderes internacionales, representantes de organismos multilaterales y j\u00f3venes agentes de cambio, con el objetivo de dialogar sobre el futuro de la arquitectura financiera internacional.<\/p>\n\n            <style type='text\/css'>\n                #gallery-1 {\n                    margin: auto;\n                }\n                #gallery-1 .gallery-item {\n                    float: left;\n                    margin-top: 10px;\n                    text-align: center;\n                    width: 50%;\n                }\n                #gallery-1 img {\n                    border: 2px solid #cfcfcf;\n                }\n                #gallery-1 .gallery-caption {\n                    margin-left: 0;\n                }\n                \/* see gallery_shortcode() in wp-includes\/media.php *\/\n            <\/style>\n\t\t<div id='gallery-1' class='gallery galleryid-214638 gallery-columns-2 gallery-size-medium'><dl class='gallery-item'>\n                <dt class='gallery-icon landscape'>\n                    <a href='https:\/\/www.cetys.mx\/noticias\/raul-lopez-representa-a-mexico-en-conferencia-internacional-de-la-onu-en-espana\/cetys-mx-12-2\/'><img loading=\"lazy\" decoding=\"async\" width=\"958\" height=\"637\" src=\"https:\/\/www.cetys.mx\/noticias\/wp-content\/uploads\/2025\/07\/CETYS-MX-12.png\" class=\"attachment-medium size-medium\" alt=\"\" srcset=\"https:\/\/www.cetys.mx\/noticias\/wp-content\/uploads\/2025\/07\/CETYS-MX-12.png 958w, https:\/\/www.cetys.mx\/noticias\/wp-content\/uploads\/2025\/07\/CETYS-MX-12-768x511.png 768w\" sizes=\"auto, (max-width: 958px) 100vw, 958px\" \/><\/a>\n                <\/dt><\/dl><dl class='gallery-item'>\n                <dt class='gallery-icon landscape'>\n                    <a href='https:\/\/www.cetys.mx\/noticias\/raul-lopez-representa-a-mexico-en-conferencia-internacional-de-la-onu-en-espana\/cetys-mx-10-2\/'><img loading=\"lazy\" decoding=\"async\" width=\"958\" height=\"637\" src=\"https:\/\/www.cetys.mx\/noticias\/wp-content\/uploads\/2025\/07\/CETYS-MX-10.png\" class=\"attachment-medium size-medium\" alt=\"\" srcset=\"https:\/\/www.cetys.mx\/noticias\/wp-content\/uploads\/2025\/07\/CETYS-MX-10.png 958w, https:\/\/www.cetys.mx\/noticias\/wp-content\/uploads\/2025\/07\/CETYS-MX-10-768x511.png 768w\" sizes=\"auto, (max-width: 958px) 100vw, 958px\" \/><\/a>\n                <\/dt><\/dl><br style=\"clear: both\" \/>\n            <\/div>\n\n<p data-start=\"888\" data-end=\"1328\">\u201cFue una experiencia profundamente enriquecedora en la que, adem\u00e1s de entablar di\u00e1logo con l\u00edderes internacionales, tuve el privilegio de ser testigo de la adopci\u00f3n hist\u00f3rica del Compromiso de Sevilla, un acuerdo orientado a construir una arquitectura financiera internacional m\u00e1s sostenible y resiliente\u201d, comparti\u00f3 el estudiante.<\/p>\n<p data-start=\"1330\" data-end=\"1709\">La <a href=\"https:\/\/financing.desa.un.org\/es\/ffd4\"><strong data-start=\"1333\" data-end=\"1407\">Conferencia Internacional sobre Financiaci\u00f3n para el Desarrollo (FFD4)<\/strong>,<\/a> organizada por la ONU, es un espacio clave para plantear soluciones a los desaf\u00edos econ\u00f3micos globales y promover alianzas para el desarrollo sostenible. En este marco, la voz de los j\u00f3venes cobra una relevancia creciente como parte de una agenda que apuesta por la inclusi\u00f3n, la equidad y el futuro.<\/p>\n<p data-start=\"1711\" data-end=\"1902\">Esta destacada participaci\u00f3n refuerza el compromiso de CETYS Universidad con la formaci\u00f3n de l\u00edderes con visi\u00f3n global, capaces de incidir positivamente en los grandes retos del mundo actual.<\/p>\n<p data-start=\"1904\" data-end=\"2023\">\n","protected":false},"excerpt":{"rendered":"<p>Ra\u00fal L\u00f3pez, estudiante de la Lic. en Contador P\u00fablico Internacional y Finanzas de CETYS Universidad Campus Tijuana represent\u00f3 a Baja California y&#8230;<\/p>\n","protected":false},"author":24,"featured_media":214642,"comment_status":"open","ping_status":"closed","sticky":false,"template":"","format":"standard","meta":{"footnotes":""},"categories":[134,125],"tags":[328,6636],"class_list":["post-214638","post","type-post","status-publish","format-standard","has-post-thumbnail","hentry","category-campus-tijuana","category-portada","tag-campustijuana","tag-contadorpublicointernacionalyfinanzas"],"yoast_head":"<!-- This site is optimized with the Yoast SEO plugin v27.4 - https:\/\/yoast.com\/product\/yoast-seo-wordpress\/ -->\n<title>Ra\u00fal L\u00f3pez representa a M\u00e9xico en Conferencia Internacional de la ONU en Espa\u00f1a - CETYS<\/title>\n<meta name=\"description\" content=\"Articulo sobre Ra\u00fal L\u00f3pez representa a M\u00e9xico en Conferencia Internacional de la ONU en Espa\u00f1a\" \/>\n<meta name=\"robots\" content=\"index, follow, max-snippet:-1, max-image-preview:large, max-video-preview:-1\" \/>\n<link rel=\"canonical\" href=\"https:\/\/www.cetys.mx\/noticias\/raul-lopez-representa-a-mexico-en-conferencia-internacional-de-la-onu-en-espana\/\" \/>\n<meta property=\"og:locale\" content=\"es_MX\" \/>\n<meta property=\"og:type\" content=\"article\" \/>\n<meta property=\"og:title\" content=\"Ra\u00fal L\u00f3pez representa a M\u00e9xico en Conferencia Internacional de la ONU en Espa\u00f1a - CETYS\" \/>\n<meta property=\"og:description\" content=\"Articulo sobre Ra\u00fal L\u00f3pez representa a M\u00e9xico en Conferencia Internacional de la ONU en Espa\u00f1a\" \/>\n<meta property=\"og:url\" content=\"https:\/\/www.cetys.mx\/noticias\/raul-lopez-representa-a-mexico-en-conferencia-internacional-de-la-onu-en-espana\/\" \/>\n<meta property=\"og:site_name\" content=\"CETYS\" \/>\n<meta property=\"article:publisher\" content=\"https:\/\/www.facebook.com\/cetysuniversidadmxl\/\" \/>\n<meta property=\"article:published_time\" content=\"2025-07-30T01:09:55+00:00\" \/>\n<meta property=\"og:image\" content=\"https:\/\/www.cetys.mx\/noticias\/wp-content\/uploads\/2025\/07\/CETYS-MX-9.png\" \/>\n\t<meta property=\"og:image:width\" content=\"958\" \/>\n\t<meta property=\"og:image:height\" content=\"637\" \/>\n\t<meta property=\"og:image:type\" content=\"image\/png\" \/>\n<meta name=\"author\" content=\"Campus Tijuana\" \/>\n<meta name=\"twitter:card\" content=\"summary_large_image\" \/>\n<meta name=\"twitter:creator\" content=\"@cetysuni\" \/>\n<meta name=\"twitter:site\" content=\"@cetysuni\" \/>\n<meta name=\"twitter:label1\" content=\"Escrito por\" \/>\n\t<meta name=\"twitter:data1\" content=\"Campus Tijuana\" \/>\n\t<meta name=\"twitter:label2\" content=\"Tiempo de lectura\" \/>\n\t<meta name=\"twitter:data2\" content=\"1 minuto\" \/>\n<script type=\"application\/ld+json\" class=\"yoast-schema-graph\">{\"@context\":\"https:\\\/\\\/schema.org\",\"@graph\":[{\"@type\":\"Article\",\"@id\":\"https:\\\/\\\/www.cetys.mx\\\/noticias\\\/raul-lopez-representa-a-mexico-en-conferencia-internacional-de-la-onu-en-espana\\\/#article\",\"isPartOf\":{\"@id\":\"https:\\\/\\\/www.cetys.mx\\\/noticias\\\/raul-lopez-representa-a-mexico-en-conferencia-internacional-de-la-onu-en-espana\\\/\"},\"author\":{\"name\":\"Campus Tijuana\",\"@id\":\"https:\\\/\\\/www.cetys.mx\\\/noticias\\\/#\\\/schema\\\/person\\\/e790051ce60e18ae47cfa87011c8653f\"},\"headline\":\"Ra\u00fal L\u00f3pez representa a M\u00e9xico en Conferencia Internacional de la ONU en Espa\u00f1a\",\"datePublished\":\"2025-07-30T01:09:55+00:00\",\"mainEntityOfPage\":{\"@id\":\"https:\\\/\\\/www.cetys.mx\\\/noticias\\\/raul-lopez-representa-a-mexico-en-conferencia-internacional-de-la-onu-en-espana\\\/\"},\"wordCount\":293,\"commentCount\":0,\"image\":{\"@id\":\"https:\\\/\\\/www.cetys.mx\\\/noticias\\\/raul-lopez-representa-a-mexico-en-conferencia-internacional-de-la-onu-en-espana\\\/#primaryimage\"},\"thumbnailUrl\":\"https:\\\/\\\/www.cetys.mx\\\/noticias\\\/wp-content\\\/uploads\\\/2025\\\/07\\\/CETYS-MX-9.png\",\"keywords\":[\"campustijuana\",\"ContadorPublicoInternacionalyFinanzas\"],\"articleSection\":[\"Campus Tijuana\",\"Portada\"],\"inLanguage\":\"es\",\"potentialAction\":[{\"@type\":\"CommentAction\",\"name\":\"Comment\",\"target\":[\"https:\\\/\\\/www.cetys.mx\\\/noticias\\\/raul-lopez-representa-a-mexico-en-conferencia-internacional-de-la-onu-en-espana\\\/#respond\"]}]},{\"@type\":\"WebPage\",\"@id\":\"https:\\\/\\\/www.cetys.mx\\\/noticias\\\/raul-lopez-representa-a-mexico-en-conferencia-internacional-de-la-onu-en-espana\\\/\",\"url\":\"https:\\\/\\\/www.cetys.mx\\\/noticias\\\/raul-lopez-representa-a-mexico-en-conferencia-internacional-de-la-onu-en-espana\\\/\",\"name\":\"Ra\u00fal L\u00f3pez representa a M\u00e9xico en Conferencia Internacional de la ONU en Espa\u00f1a - CETYS\",\"isPartOf\":{\"@id\":\"https:\\\/\\\/www.cetys.mx\\\/noticias\\\/#website\"},\"primaryImageOfPage\":{\"@id\":\"https:\\\/\\\/www.cetys.mx\\\/noticias\\\/raul-lopez-representa-a-mexico-en-conferencia-internacional-de-la-onu-en-espana\\\/#primaryimage\"},\"image\":{\"@id\":\"https:\\\/\\\/www.cetys.mx\\\/noticias\\\/raul-lopez-representa-a-mexico-en-conferencia-internacional-de-la-onu-en-espana\\\/#primaryimage\"},\"thumbnailUrl\":\"https:\\\/\\\/www.cetys.mx\\\/noticias\\\/wp-content\\\/uploads\\\/2025\\\/07\\\/CETYS-MX-9.png\",\"datePublished\":\"2025-07-30T01:09:55+00:00\",\"author\":{\"@id\":\"https:\\\/\\\/www.cetys.mx\\\/noticias\\\/#\\\/schema\\\/person\\\/e790051ce60e18ae47cfa87011c8653f\"},\"description\":\"Articulo sobre Ra\u00fal L\u00f3pez representa a M\u00e9xico en Conferencia Internacional de la ONU en Espa\u00f1a\",\"breadcrumb\":{\"@id\":\"https:\\\/\\\/www.cetys.mx\\\/noticias\\\/raul-lopez-representa-a-mexico-en-conferencia-internacional-de-la-onu-en-espana\\\/#breadcrumb\"},\"inLanguage\":\"es\",\"potentialAction\":[{\"@type\":\"ReadAction\",\"target\":[\"https:\\\/\\\/www.cetys.mx\\\/noticias\\\/raul-lopez-representa-a-mexico-en-conferencia-internacional-de-la-onu-en-espana\\\/\"]}]},{\"@type\":\"ImageObject\",\"inLanguage\":\"es\",\"@id\":\"https:\\\/\\\/www.cetys.mx\\\/noticias\\\/raul-lopez-representa-a-mexico-en-conferencia-internacional-de-la-onu-en-espana\\\/#primaryimage\",\"url\":\"https:\\\/\\\/www.cetys.mx\\\/noticias\\\/wp-content\\\/uploads\\\/2025\\\/07\\\/CETYS-MX-9.png\",\"contentUrl\":\"https:\\\/\\\/www.cetys.mx\\\/noticias\\\/wp-content\\\/uploads\\\/2025\\\/07\\\/CETYS-MX-9.png\",\"width\":958,\"height\":637},{\"@type\":\"BreadcrumbList\",\"@id\":\"https:\\\/\\\/www.cetys.mx\\\/noticias\\\/raul-lopez-representa-a-mexico-en-conferencia-internacional-de-la-onu-en-espana\\\/#breadcrumb\",\"itemListElement\":[{\"@type\":\"ListItem\",\"position\":1,\"name\":\"Inicio\",\"item\":\"https:\\\/\\\/www.cetys.mx\\\/noticias\\\/\"},{\"@type\":\"ListItem\",\"position\":2,\"name\":\"Ra\u00fal L\u00f3pez representa a M\u00e9xico en Conferencia Internacional de la ONU en Espa\u00f1a\"}]},{\"@type\":\"WebSite\",\"@id\":\"https:\\\/\\\/www.cetys.mx\\\/noticias\\\/#website\",\"url\":\"https:\\\/\\\/www.cetys.mx\\\/noticias\\\/\",\"name\":\"CETYS\",\"description\":\"\",\"potentialAction\":[{\"@type\":\"SearchAction\",\"target\":{\"@type\":\"EntryPoint\",\"urlTemplate\":\"https:\\\/\\\/www.cetys.mx\\\/noticias\\\/?s={search_term_string}\"},\"query-input\":{\"@type\":\"PropertyValueSpecification\",\"valueRequired\":true,\"valueName\":\"search_term_string\"}}],\"inLanguage\":\"es\"},{\"@type\":\"Person\",\"@id\":\"https:\\\/\\\/www.cetys.mx\\\/noticias\\\/#\\\/schema\\\/person\\\/e790051ce60e18ae47cfa87011c8653f\",\"name\":\"Campus Tijuana\",\"url\":\"https:\\\/\\\/www.cetys.mx\\\/noticias\\\/author\\\/campustijuana\\\/\"}]}<\/script>\n<!-- \/ Yoast SEO plugin. -->","yoast_head_json":{"title":"Ra\u00fal L\u00f3pez representa a M\u00e9xico en Conferencia Internacional de la ONU en Espa\u00f1a - CETYS","description":"Articulo sobre Ra\u00fal L\u00f3pez representa a M\u00e9xico en Conferencia Internacional de la ONU en Espa\u00f1a","robots":{"index":"index","follow":"follow","max-snippet":"max-snippet:-1","max-image-preview":"max-image-preview:large","max-video-preview":"max-video-preview:-1"},"canonical":"https:\/\/www.cetys.mx\/noticias\/raul-lopez-representa-a-mexico-en-conferencia-internacional-de-la-onu-en-espana\/","og_locale":"es_MX","og_type":"article","og_title":"Ra\u00fal L\u00f3pez representa a M\u00e9xico en Conferencia Internacional de la ONU en Espa\u00f1a - CETYS","og_description":"Articulo sobre Ra\u00fal L\u00f3pez representa a M\u00e9xico en Conferencia Internacional de la ONU en Espa\u00f1a","og_url":"https:\/\/www.cetys.mx\/noticias\/raul-lopez-representa-a-mexico-en-conferencia-internacional-de-la-onu-en-espana\/","og_site_name":"CETYS","article_publisher":"https:\/\/www.facebook.com\/cetysuniversidadmxl\/","article_published_time":"2025-07-30T01:09:55+00:00","og_image":[{"width":958,"height":637,"url":"https:\/\/www.cetys.mx\/noticias\/wp-content\/uploads\/2025\/07\/CETYS-MX-9.png","type":"image\/png"}],"author":"Campus Tijuana","twitter_card":"summary_large_image","twitter_creator":"@cetysuni","twitter_site":"@cetysuni","twitter_misc":{"Escrito por":"Campus Tijuana","Tiempo de lectura":"1 minuto"},"schema":{"@context":"https:\/\/schema.org","@graph":[{"@type":"Article","@id":"https:\/\/www.cetys.mx\/noticias\/raul-lopez-representa-a-mexico-en-conferencia-internacional-de-la-onu-en-espana\/#article","isPartOf":{"@id":"https:\/\/www.cetys.mx\/noticias\/raul-lopez-representa-a-mexico-en-conferencia-internacional-de-la-onu-en-espana\/"},"author":{"name":"Campus Tijuana","@id":"https:\/\/www.cetys.mx\/noticias\/#\/schema\/person\/e790051ce60e18ae47cfa87011c8653f"},"headline":"Ra\u00fal L\u00f3pez representa a M\u00e9xico en Conferencia Internacional de la ONU en Espa\u00f1a","datePublished":"2025-07-30T01:09:55+00:00","mainEntityOfPage":{"@id":"https:\/\/www.cetys.mx\/noticias\/raul-lopez-representa-a-mexico-en-conferencia-internacional-de-la-onu-en-espana\/"},"wordCount":293,"commentCount":0,"image":{"@id":"https:\/\/www.cetys.mx\/noticias\/raul-lopez-representa-a-mexico-en-conferencia-internacional-de-la-onu-en-espana\/#primaryimage"},"thumbnailUrl":"https:\/\/www.cetys.mx\/noticias\/wp-content\/uploads\/2025\/07\/CETYS-MX-9.png","keywords":["campustijuana","ContadorPublicoInternacionalyFinanzas"],"articleSection":["Campus Tijuana","Portada"],"inLanguage":"es","potentialAction":[{"@type":"CommentAction","name":"Comment","target":["https:\/\/www.cetys.mx\/noticias\/raul-lopez-representa-a-mexico-en-conferencia-internacional-de-la-onu-en-espana\/#respond"]}]},{"@type":"WebPage","@id":"https:\/\/www.cetys.mx\/noticias\/raul-lopez-representa-a-mexico-en-conferencia-internacional-de-la-onu-en-espana\/","url":"https:\/\/www.cetys.mx\/noticias\/raul-lopez-representa-a-mexico-en-conferencia-internacional-de-la-onu-en-espana\/","name":"Ra\u00fal L\u00f3pez representa a M\u00e9xico en Conferencia Internacional de la ONU en Espa\u00f1a - CETYS","isPartOf":{"@id":"https:\/\/www.cetys.mx\/noticias\/#website"},"primaryImageOfPage":{"@id":"https:\/\/www.cetys.mx\/noticias\/raul-lopez-representa-a-mexico-en-conferencia-internacional-de-la-onu-en-espana\/#primaryimage"},"image":{"@id":"https:\/\/www.cetys.mx\/noticias\/raul-lopez-representa-a-mexico-en-conferencia-internacional-de-la-onu-en-espana\/#primaryimage"},"thumbnailUrl":"https:\/\/www.cetys.mx\/noticias\/wp-content\/uploads\/2025\/07\/CETYS-MX-9.png","datePublished":"2025-07-30T01:09:55+00:00","author":{"@id":"https:\/\/www.cetys.mx\/noticias\/#\/schema\/person\/e790051ce60e18ae47cfa87011c8653f"},"description":"Articulo sobre Ra\u00fal L\u00f3pez representa a M\u00e9xico en Conferencia Internacional de la ONU en Espa\u00f1a","breadcrumb":{"@id":"https:\/\/www.cetys.mx\/noticias\/raul-lopez-representa-a-mexico-en-conferencia-internacional-de-la-onu-en-espana\/#breadcrumb"},"inLanguage":"es","potentialAction":[{"@type":"ReadAction","target":["https:\/\/www.cetys.mx\/noticias\/raul-lopez-representa-a-mexico-en-conferencia-internacional-de-la-onu-en-espana\/"]}]},{"@type":"ImageObject","inLanguage":"es","@id":"https:\/\/www.cetys.mx\/noticias\/raul-lopez-representa-a-mexico-en-conferencia-internacional-de-la-onu-en-espana\/#primaryimage","url":"https:\/\/www.cetys.mx\/noticias\/wp-content\/uploads\/2025\/07\/CETYS-MX-9.png","contentUrl":"https:\/\/www.cetys.mx\/noticias\/wp-content\/uploads\/2025\/07\/CETYS-MX-9.png","width":958,"height":637},{"@type":"BreadcrumbList","@id":"https:\/\/www.cetys.mx\/noticias\/raul-lopez-representa-a-mexico-en-conferencia-internacional-de-la-onu-en-espana\/#breadcrumb","itemListElement":[{"@type":"ListItem","position":1,"name":"Inicio","item":"https:\/\/www.cetys.mx\/noticias\/"},{"@type":"ListItem","position":2,"name":"Ra\u00fal L\u00f3pez representa a M\u00e9xico en Conferencia Internacional de la ONU en Espa\u00f1a"}]},{"@type":"WebSite","@id":"https:\/\/www.cetys.mx\/noticias\/#website","url":"https:\/\/www.cetys.mx\/noticias\/","name":"CETYS","description":"","potentialAction":[{"@type":"SearchAction","target":{"@type":"EntryPoint","urlTemplate":"https:\/\/www.cetys.mx\/noticias\/?s={search_term_string}"},"query-input":{"@type":"PropertyValueSpecification","valueRequired":true,"valueName":"search_term_string"}}],"inLanguage":"es"},{"@type":"Person","@id":"https:\/\/www.cetys.mx\/noticias\/#\/schema\/person\/e790051ce60e18ae47cfa87011c8653f","name":"Campus Tijuana","url":"https:\/\/www.cetys.mx\/noticias\/author\/campustijuana\/"}]}},"_links":{"self":[{"href":"https:\/\/www.cetys.mx\/noticias\/wp-json\/wp\/v2\/posts\/214638","targetHints":{"allow":["GET"]}}],"collection":[{"href":"https:\/\/www.cetys.mx\/noticias\/wp-json\/wp\/v2\/posts"}],"about":[{"href":"https:\/\/www.cetys.mx\/noticias\/wp-json\/wp\/v2\/types\/post"}],"author":[{"embeddable":true,"href":"https:\/\/www.cetys.mx\/noticias\/wp-json\/wp\/v2\/users\/24"}],"replies":[{"embeddable":true,"href":"https:\/\/www.cetys.mx\/noticias\/wp-json\/wp\/v2\/comments?post=214638"}],"version-history":[{"count":1,"href":"https:\/\/www.cetys.mx\/noticias\/wp-json\/wp\/v2\/posts\/214638\/revisions"}],"predecessor-version":[{"id":214644,"href":"https:\/\/www.cetys.mx\/noticias\/wp-json\/wp\/v2\/posts\/214638\/revisions\/214644"}],"wp:featuredmedia":[{"embeddable":true,"href":"https:\/\/www.cetys.mx\/noticias\/wp-json\/wp\/v2\/media\/214642"}],"wp:attachment":[{"href":"https:\/\/www.cetys.mx\/noticias\/wp-json\/wp\/v2\/media?parent=214638"}],"wp:term":[{"taxonomy":"category","embeddable":true,"href":"https:\/\/www.cetys.mx\/noticias\/wp-json\/wp\/v2\/categories?post=214638"},{"taxonomy":"post_tag","embeddable":true,"href":"https:\/\/www.cetys.mx\/noticias\/wp-json\/wp\/v2\/tags?post=214638"}],"curies":[{"name":"wp","href":"https:\/\/api.w.org\/{rel}","templated":true}]}}