{"id":214570,"date":"2025-07-29T09:25:35","date_gmt":"2025-07-29T16:25:35","guid":{"rendered":"https:\/\/www.cetys.mx\/noticias\/?p=214570"},"modified":"2025-07-29T09:25:35","modified_gmt":"2025-07-29T16:25:35","slug":"por-sexta-ocasion-el-rector-de-cetys-universidad-es-reconocido-dentro-de-los-300-lideres-mas-influyentes-de-mexico","status":"publish","type":"post","link":"https:\/\/www.cetys.mx\/noticias\/por-sexta-ocasion-el-rector-de-cetys-universidad-es-reconocido-dentro-de-los-300-lideres-mas-influyentes-de-mexico\/","title":{"rendered":"Por sexta ocasi\u00f3n el Rector de CETYS Universidad es reconocido dentro de Los 300 L\u00edderes m\u00e1s Influyentes de M\u00e9xico"},"content":{"rendered":"<p>&nbsp;<\/p>\n<p style=\"text-align: center;\"><b><i>En su edici\u00f3n 2025, la revista L\u00edderes Mexicanos reconoce al Dr. Fernando Le\u00f3n Garc\u00eda como una de las voces que est\u00e1n transformando positivamente al pa\u00eds<\/i><\/b><\/p>\n<p>&nbsp;<\/p>\n<p><span style=\"font-weight: 400;\">El Dr. Fernando Le\u00f3n Garc\u00eda, Rector del Sistema CETYS Universidad ha sido incluido por sexta ocasi\u00f3n en este importante listado nacional, reconocido nuevamente como una de las personalidades m\u00e1s influyentes del pa\u00eds, por la revista <\/span><i><span style=\"font-weight: 400;\">L\u00edderes Mexicanos<\/span><\/i><span style=\"font-weight: 400;\"> en su edici\u00f3n 2025 de <\/span><b><i>\u201c<\/i><\/b><a href=\"https:\/\/lideresmexicanos.com\/categoria-de-los-300\/2025\"><b><i>Los 300 L\u00edderes m\u00e1s Influyentes de M\u00e9xico<\/i><\/b><\/a><b><i>\u201d<\/i><\/b><span style=\"font-weight: 400;\">.<\/span><\/p>\n<p><span style=\"font-weight: 400;\">Esta distinci\u00f3n reafirma el liderazgo del Dr. Le\u00f3n Garc\u00eda en el \u00e1mbito educativo a nivel nacional e internacional, ya que en esta lista se destaca como objetivo, encabezar los esfuerzos para reafirmar la formaci\u00f3n integral y la educaci\u00f3n de calidad, adem\u00e1s del mejoramiento e innovaci\u00f3n de los modelos educativos y el impulso de los Objetivos de Desarrollo Sustentable. Adem\u00e1s, se\u00f1ala la importancia de las alianzas como una prioridad, el fomento a la internacionalizaci\u00f3n para crear sinergias y refuerzo de lo local, todo en beneficio de la sociedad.<\/span><\/p>\n<p><span style=\"font-weight: 400;\">Su labor como rector durante 15 a\u00f1os, as\u00ed como su papel como presidente del Consejo de la International Association of University Presidents (IAUP), <\/span><span style=\"font-weight: 400;\">y actual Presidente de la Asociaci\u00f3n Mexicana de Universidades Privadas (AMUP)<\/span><span style=\"font-weight: 400;\">, y su participaci\u00f3n activa en organismos nacionales e internacionales del sector, lo consolidan como una figura clave en la transformaci\u00f3n de la educaci\u00f3n superior en M\u00e9xico.<\/span><\/p>\n<p><b><i>\u00bfC\u00f3mo se elige a las personas de esta lista?<\/i><\/b><\/p>\n<p><span style=\"font-weight: 400;\">Cada a\u00f1o, en el primer trimestre, un panel de expertos en 13 categor\u00edas analiza a fondo qui\u00e9n merece estar en la lista. Se eval\u00faan logros reales, impacto actual y, sobre todo, el potencial de seguir marcando la diferencia. Nada de votaciones abiertas ni encuestas en redes, aqu\u00ed deciden especialistas, l\u00edderes institucionales y voces que saben reconocer a quienes est\u00e1n cambiando el juego. As\u00ed se construye la lista de Los 300 L\u00edderes Mexicanos.<\/span><\/p>\n<p><span style=\"font-weight: 400;\">CETYS Universidad celebra este reconocimiento, que refleja el compromiso de su comunidad con la excelencia, el liderazgo y la transformaci\u00f3n de su entorno. <\/span><span style=\"font-weight: 400;\">Consulta aqu\u00ed la publicaci\u00f3n de 300 l\u00edderes: <\/span><a href=\"https:\/\/lideresmexicanos.com\/los300\/2025-fernando-leon-garcia\"><span style=\"font-weight: 400;\">Dr. Fernando Le\u00f3n Garc\u00eda<\/span><\/a><span style=\"font-weight: 400;\">.<\/span><\/p>\n<p style=\"text-align: center;\"><img loading=\"lazy\" decoding=\"async\" class=\"alignnone  wp-image-214571\" src=\"https:\/\/www.cetys.mx\/noticias\/wp-content\/uploads\/2025\/07\/CETYS_Felicitacion-Rector-300Lideres-2.png\" alt=\"\" width=\"451\" height=\"451\" srcset=\"https:\/\/www.cetys.mx\/noticias\/wp-content\/uploads\/2025\/07\/CETYS_Felicitacion-Rector-300Lideres-2.png 729w, https:\/\/www.cetys.mx\/noticias\/wp-content\/uploads\/2025\/07\/CETYS_Felicitacion-Rector-300Lideres-2-75x75.png 75w, https:\/\/www.cetys.mx\/noticias\/wp-content\/uploads\/2025\/07\/CETYS_Felicitacion-Rector-300Lideres-2-300x300.png 300w\" sizes=\"auto, (max-width: 451px) 100vw, 451px\" \/><\/p>\n","protected":false},"excerpt":{"rendered":"<p>&nbsp; En su edici\u00f3n 2025, la revista L\u00edderes Mexicanos reconoce al Dr. Fernando Le\u00f3n Garc\u00eda como una de las voces que est\u00e1n&#8230;<\/p>\n","protected":false},"author":26,"featured_media":214291,"comment_status":"open","ping_status":"closed","sticky":false,"template":"","format":"standard","meta":{"footnotes":""},"categories":[209,125],"tags":[],"class_list":["post-214570","post","type-post","status-publish","format-standard","has-post-thumbnail","hentry","category-institucional","category-portada"],"yoast_head":"<!-- This site is optimized with the Yoast SEO plugin v27.4 - https:\/\/yoast.com\/product\/yoast-seo-wordpress\/ -->\n<title>Por sexta ocasi\u00f3n el Rector de CETYS Universidad es reconocido dentro de Los 300 L\u00edderes m\u00e1s Influyentes de M\u00e9xico - CETYS<\/title>\n<meta name=\"description\" content=\"Articulo sobre Por sexta ocasi\u00f3n el Rector de CETYS Universidad es reconocido dentro de Los 300 L\u00edderes m\u00e1s Influyentes de M\u00e9xico\" \/>\n<meta name=\"robots\" content=\"index, follow, max-snippet:-1, max-image-preview:large, max-video-preview:-1\" \/>\n<link rel=\"canonical\" href=\"https:\/\/www.cetys.mx\/noticias\/por-sexta-ocasion-el-rector-de-cetys-universidad-es-reconocido-dentro-de-los-300-lideres-mas-influyentes-de-mexico\/\" \/>\n<meta property=\"og:locale\" content=\"es_MX\" \/>\n<meta property=\"og:type\" content=\"article\" \/>\n<meta property=\"og:title\" content=\"Por sexta ocasi\u00f3n el Rector de CETYS Universidad es reconocido dentro de Los 300 L\u00edderes m\u00e1s Influyentes de M\u00e9xico - CETYS\" \/>\n<meta property=\"og:description\" content=\"Articulo sobre Por sexta ocasi\u00f3n el Rector de CETYS Universidad es reconocido dentro de Los 300 L\u00edderes m\u00e1s Influyentes de M\u00e9xico\" \/>\n<meta property=\"og:url\" content=\"https:\/\/www.cetys.mx\/noticias\/por-sexta-ocasion-el-rector-de-cetys-universidad-es-reconocido-dentro-de-los-300-lideres-mas-influyentes-de-mexico\/\" \/>\n<meta property=\"og:site_name\" content=\"CETYS\" \/>\n<meta property=\"article:publisher\" content=\"https:\/\/www.facebook.com\/cetysuniversidadmxl\/\" \/>\n<meta property=\"article:published_time\" content=\"2025-07-29T16:25:35+00:00\" \/>\n<meta property=\"og:image\" content=\"https:\/\/www.cetys.mx\/noticias\/wp-content\/uploads\/2025\/07\/Dr-Fernando-Leon-Garcia.jpg\" \/>\n\t<meta property=\"og:image:width\" content=\"958\" \/>\n\t<meta property=\"og:image:height\" content=\"637\" \/>\n\t<meta property=\"og:image:type\" content=\"image\/jpeg\" \/>\n<meta name=\"author\" content=\"CETYS Institucional\" \/>\n<meta name=\"twitter:card\" content=\"summary_large_image\" \/>\n<meta name=\"twitter:creator\" content=\"@cetysuni\" \/>\n<meta name=\"twitter:site\" content=\"@cetysuni\" \/>\n<meta name=\"twitter:label1\" content=\"Escrito por\" \/>\n\t<meta name=\"twitter:data1\" content=\"CETYS Institucional\" \/>\n\t<meta name=\"twitter:label2\" content=\"Tiempo de lectura\" \/>\n\t<meta name=\"twitter:data2\" content=\"2 minutos\" \/>\n<script type=\"application\/ld+json\" class=\"yoast-schema-graph\">{\"@context\":\"https:\\\/\\\/schema.org\",\"@graph\":[{\"@type\":\"Article\",\"@id\":\"https:\\\/\\\/www.cetys.mx\\\/noticias\\\/por-sexta-ocasion-el-rector-de-cetys-universidad-es-reconocido-dentro-de-los-300-lideres-mas-influyentes-de-mexico\\\/#article\",\"isPartOf\":{\"@id\":\"https:\\\/\\\/www.cetys.mx\\\/noticias\\\/por-sexta-ocasion-el-rector-de-cetys-universidad-es-reconocido-dentro-de-los-300-lideres-mas-influyentes-de-mexico\\\/\"},\"author\":{\"name\":\"CETYS Institucional\",\"@id\":\"https:\\\/\\\/www.cetys.mx\\\/noticias\\\/#\\\/schema\\\/person\\\/e9d2b35265b64aa454df57a2828eb2ac\"},\"headline\":\"Por sexta ocasi\u00f3n el Rector de CETYS Universidad es reconocido dentro de Los 300 L\u00edderes m\u00e1s Influyentes de M\u00e9xico\",\"datePublished\":\"2025-07-29T16:25:35+00:00\",\"mainEntityOfPage\":{\"@id\":\"https:\\\/\\\/www.cetys.mx\\\/noticias\\\/por-sexta-ocasion-el-rector-de-cetys-universidad-es-reconocido-dentro-de-los-300-lideres-mas-influyentes-de-mexico\\\/\"},\"wordCount\":398,\"commentCount\":0,\"image\":{\"@id\":\"https:\\\/\\\/www.cetys.mx\\\/noticias\\\/por-sexta-ocasion-el-rector-de-cetys-universidad-es-reconocido-dentro-de-los-300-lideres-mas-influyentes-de-mexico\\\/#primaryimage\"},\"thumbnailUrl\":\"https:\\\/\\\/www.cetys.mx\\\/noticias\\\/wp-content\\\/uploads\\\/2025\\\/07\\\/Dr-Fernando-Leon-Garcia.jpg\",\"articleSection\":[\"Institucional\",\"Portada\"],\"inLanguage\":\"es\",\"potentialAction\":[{\"@type\":\"CommentAction\",\"name\":\"Comment\",\"target\":[\"https:\\\/\\\/www.cetys.mx\\\/noticias\\\/por-sexta-ocasion-el-rector-de-cetys-universidad-es-reconocido-dentro-de-los-300-lideres-mas-influyentes-de-mexico\\\/#respond\"]}]},{\"@type\":\"WebPage\",\"@id\":\"https:\\\/\\\/www.cetys.mx\\\/noticias\\\/por-sexta-ocasion-el-rector-de-cetys-universidad-es-reconocido-dentro-de-los-300-lideres-mas-influyentes-de-mexico\\\/\",\"url\":\"https:\\\/\\\/www.cetys.mx\\\/noticias\\\/por-sexta-ocasion-el-rector-de-cetys-universidad-es-reconocido-dentro-de-los-300-lideres-mas-influyentes-de-mexico\\\/\",\"name\":\"Por sexta ocasi\u00f3n el Rector de CETYS Universidad es reconocido dentro de Los 300 L\u00edderes m\u00e1s Influyentes de M\u00e9xico - CETYS\",\"isPartOf\":{\"@id\":\"https:\\\/\\\/www.cetys.mx\\\/noticias\\\/#website\"},\"primaryImageOfPage\":{\"@id\":\"https:\\\/\\\/www.cetys.mx\\\/noticias\\\/por-sexta-ocasion-el-rector-de-cetys-universidad-es-reconocido-dentro-de-los-300-lideres-mas-influyentes-de-mexico\\\/#primaryimage\"},\"image\":{\"@id\":\"https:\\\/\\\/www.cetys.mx\\\/noticias\\\/por-sexta-ocasion-el-rector-de-cetys-universidad-es-reconocido-dentro-de-los-300-lideres-mas-influyentes-de-mexico\\\/#primaryimage\"},\"thumbnailUrl\":\"https:\\\/\\\/www.cetys.mx\\\/noticias\\\/wp-content\\\/uploads\\\/2025\\\/07\\\/Dr-Fernando-Leon-Garcia.jpg\",\"datePublished\":\"2025-07-29T16:25:35+00:00\",\"author\":{\"@id\":\"https:\\\/\\\/www.cetys.mx\\\/noticias\\\/#\\\/schema\\\/person\\\/e9d2b35265b64aa454df57a2828eb2ac\"},\"description\":\"Articulo sobre Por sexta ocasi\u00f3n el Rector de CETYS Universidad es reconocido dentro de Los 300 L\u00edderes m\u00e1s Influyentes de M\u00e9xico\",\"breadcrumb\":{\"@id\":\"https:\\\/\\\/www.cetys.mx\\\/noticias\\\/por-sexta-ocasion-el-rector-de-cetys-universidad-es-reconocido-dentro-de-los-300-lideres-mas-influyentes-de-mexico\\\/#breadcrumb\"},\"inLanguage\":\"es\",\"potentialAction\":[{\"@type\":\"ReadAction\",\"target\":[\"https:\\\/\\\/www.cetys.mx\\\/noticias\\\/por-sexta-ocasion-el-rector-de-cetys-universidad-es-reconocido-dentro-de-los-300-lideres-mas-influyentes-de-mexico\\\/\"]}]},{\"@type\":\"ImageObject\",\"inLanguage\":\"es\",\"@id\":\"https:\\\/\\\/www.cetys.mx\\\/noticias\\\/por-sexta-ocasion-el-rector-de-cetys-universidad-es-reconocido-dentro-de-los-300-lideres-mas-influyentes-de-mexico\\\/#primaryimage\",\"url\":\"https:\\\/\\\/www.cetys.mx\\\/noticias\\\/wp-content\\\/uploads\\\/2025\\\/07\\\/Dr-Fernando-Leon-Garcia.jpg\",\"contentUrl\":\"https:\\\/\\\/www.cetys.mx\\\/noticias\\\/wp-content\\\/uploads\\\/2025\\\/07\\\/Dr-Fernando-Leon-Garcia.jpg\",\"width\":958,\"height\":637},{\"@type\":\"BreadcrumbList\",\"@id\":\"https:\\\/\\\/www.cetys.mx\\\/noticias\\\/por-sexta-ocasion-el-rector-de-cetys-universidad-es-reconocido-dentro-de-los-300-lideres-mas-influyentes-de-mexico\\\/#breadcrumb\",\"itemListElement\":[{\"@type\":\"ListItem\",\"position\":1,\"name\":\"Inicio\",\"item\":\"https:\\\/\\\/www.cetys.mx\\\/noticias\\\/\"},{\"@type\":\"ListItem\",\"position\":2,\"name\":\"Por sexta ocasi\u00f3n el Rector de CETYS Universidad es reconocido dentro de Los 300 L\u00edderes m\u00e1s Influyentes de M\u00e9xico\"}]},{\"@type\":\"WebSite\",\"@id\":\"https:\\\/\\\/www.cetys.mx\\\/noticias\\\/#website\",\"url\":\"https:\\\/\\\/www.cetys.mx\\\/noticias\\\/\",\"name\":\"CETYS\",\"description\":\"\",\"potentialAction\":[{\"@type\":\"SearchAction\",\"target\":{\"@type\":\"EntryPoint\",\"urlTemplate\":\"https:\\\/\\\/www.cetys.mx\\\/noticias\\\/?s={search_term_string}\"},\"query-input\":{\"@type\":\"PropertyValueSpecification\",\"valueRequired\":true,\"valueName\":\"search_term_string\"}}],\"inLanguage\":\"es\"},{\"@type\":\"Person\",\"@id\":\"https:\\\/\\\/www.cetys.mx\\\/noticias\\\/#\\\/schema\\\/person\\\/e9d2b35265b64aa454df57a2828eb2ac\",\"name\":\"CETYS Institucional\",\"url\":\"https:\\\/\\\/www.cetys.mx\\\/noticias\\\/author\\\/cetysinstitucional\\\/\"}]}<\/script>\n<!-- \/ Yoast SEO plugin. -->","yoast_head_json":{"title":"Por sexta ocasi\u00f3n el Rector de CETYS Universidad es reconocido dentro de Los 300 L\u00edderes m\u00e1s Influyentes de M\u00e9xico - CETYS","description":"Articulo sobre Por sexta ocasi\u00f3n el Rector de CETYS Universidad es reconocido dentro de Los 300 L\u00edderes m\u00e1s Influyentes de M\u00e9xico","robots":{"index":"index","follow":"follow","max-snippet":"max-snippet:-1","max-image-preview":"max-image-preview:large","max-video-preview":"max-video-preview:-1"},"canonical":"https:\/\/www.cetys.mx\/noticias\/por-sexta-ocasion-el-rector-de-cetys-universidad-es-reconocido-dentro-de-los-300-lideres-mas-influyentes-de-mexico\/","og_locale":"es_MX","og_type":"article","og_title":"Por sexta ocasi\u00f3n el Rector de CETYS Universidad es reconocido dentro de Los 300 L\u00edderes m\u00e1s Influyentes de M\u00e9xico - CETYS","og_description":"Articulo sobre Por sexta ocasi\u00f3n el Rector de CETYS Universidad es reconocido dentro de Los 300 L\u00edderes m\u00e1s Influyentes de M\u00e9xico","og_url":"https:\/\/www.cetys.mx\/noticias\/por-sexta-ocasion-el-rector-de-cetys-universidad-es-reconocido-dentro-de-los-300-lideres-mas-influyentes-de-mexico\/","og_site_name":"CETYS","article_publisher":"https:\/\/www.facebook.com\/cetysuniversidadmxl\/","article_published_time":"2025-07-29T16:25:35+00:00","og_image":[{"width":958,"height":637,"url":"https:\/\/www.cetys.mx\/noticias\/wp-content\/uploads\/2025\/07\/Dr-Fernando-Leon-Garcia.jpg","type":"image\/jpeg"}],"author":"CETYS Institucional","twitter_card":"summary_large_image","twitter_creator":"@cetysuni","twitter_site":"@cetysuni","twitter_misc":{"Escrito por":"CETYS Institucional","Tiempo de lectura":"2 minutos"},"schema":{"@context":"https:\/\/schema.org","@graph":[{"@type":"Article","@id":"https:\/\/www.cetys.mx\/noticias\/por-sexta-ocasion-el-rector-de-cetys-universidad-es-reconocido-dentro-de-los-300-lideres-mas-influyentes-de-mexico\/#article","isPartOf":{"@id":"https:\/\/www.cetys.mx\/noticias\/por-sexta-ocasion-el-rector-de-cetys-universidad-es-reconocido-dentro-de-los-300-lideres-mas-influyentes-de-mexico\/"},"author":{"name":"CETYS Institucional","@id":"https:\/\/www.cetys.mx\/noticias\/#\/schema\/person\/e9d2b35265b64aa454df57a2828eb2ac"},"headline":"Por sexta ocasi\u00f3n el Rector de CETYS Universidad es reconocido dentro de Los 300 L\u00edderes m\u00e1s Influyentes de M\u00e9xico","datePublished":"2025-07-29T16:25:35+00:00","mainEntityOfPage":{"@id":"https:\/\/www.cetys.mx\/noticias\/por-sexta-ocasion-el-rector-de-cetys-universidad-es-reconocido-dentro-de-los-300-lideres-mas-influyentes-de-mexico\/"},"wordCount":398,"commentCount":0,"image":{"@id":"https:\/\/www.cetys.mx\/noticias\/por-sexta-ocasion-el-rector-de-cetys-universidad-es-reconocido-dentro-de-los-300-lideres-mas-influyentes-de-mexico\/#primaryimage"},"thumbnailUrl":"https:\/\/www.cetys.mx\/noticias\/wp-content\/uploads\/2025\/07\/Dr-Fernando-Leon-Garcia.jpg","articleSection":["Institucional","Portada"],"inLanguage":"es","potentialAction":[{"@type":"CommentAction","name":"Comment","target":["https:\/\/www.cetys.mx\/noticias\/por-sexta-ocasion-el-rector-de-cetys-universidad-es-reconocido-dentro-de-los-300-lideres-mas-influyentes-de-mexico\/#respond"]}]},{"@type":"WebPage","@id":"https:\/\/www.cetys.mx\/noticias\/por-sexta-ocasion-el-rector-de-cetys-universidad-es-reconocido-dentro-de-los-300-lideres-mas-influyentes-de-mexico\/","url":"https:\/\/www.cetys.mx\/noticias\/por-sexta-ocasion-el-rector-de-cetys-universidad-es-reconocido-dentro-de-los-300-lideres-mas-influyentes-de-mexico\/","name":"Por sexta ocasi\u00f3n el Rector de CETYS Universidad es reconocido dentro de Los 300 L\u00edderes m\u00e1s Influyentes de M\u00e9xico - CETYS","isPartOf":{"@id":"https:\/\/www.cetys.mx\/noticias\/#website"},"primaryImageOfPage":{"@id":"https:\/\/www.cetys.mx\/noticias\/por-sexta-ocasion-el-rector-de-cetys-universidad-es-reconocido-dentro-de-los-300-lideres-mas-influyentes-de-mexico\/#primaryimage"},"image":{"@id":"https:\/\/www.cetys.mx\/noticias\/por-sexta-ocasion-el-rector-de-cetys-universidad-es-reconocido-dentro-de-los-300-lideres-mas-influyentes-de-mexico\/#primaryimage"},"thumbnailUrl":"https:\/\/www.cetys.mx\/noticias\/wp-content\/uploads\/2025\/07\/Dr-Fernando-Leon-Garcia.jpg","datePublished":"2025-07-29T16:25:35+00:00","author":{"@id":"https:\/\/www.cetys.mx\/noticias\/#\/schema\/person\/e9d2b35265b64aa454df57a2828eb2ac"},"description":"Articulo sobre Por sexta ocasi\u00f3n el Rector de CETYS Universidad es reconocido dentro de Los 300 L\u00edderes m\u00e1s Influyentes de M\u00e9xico","breadcrumb":{"@id":"https:\/\/www.cetys.mx\/noticias\/por-sexta-ocasion-el-rector-de-cetys-universidad-es-reconocido-dentro-de-los-300-lideres-mas-influyentes-de-mexico\/#breadcrumb"},"inLanguage":"es","potentialAction":[{"@type":"ReadAction","target":["https:\/\/www.cetys.mx\/noticias\/por-sexta-ocasion-el-rector-de-cetys-universidad-es-reconocido-dentro-de-los-300-lideres-mas-influyentes-de-mexico\/"]}]},{"@type":"ImageObject","inLanguage":"es","@id":"https:\/\/www.cetys.mx\/noticias\/por-sexta-ocasion-el-rector-de-cetys-universidad-es-reconocido-dentro-de-los-300-lideres-mas-influyentes-de-mexico\/#primaryimage","url":"https:\/\/www.cetys.mx\/noticias\/wp-content\/uploads\/2025\/07\/Dr-Fernando-Leon-Garcia.jpg","contentUrl":"https:\/\/www.cetys.mx\/noticias\/wp-content\/uploads\/2025\/07\/Dr-Fernando-Leon-Garcia.jpg","width":958,"height":637},{"@type":"BreadcrumbList","@id":"https:\/\/www.cetys.mx\/noticias\/por-sexta-ocasion-el-rector-de-cetys-universidad-es-reconocido-dentro-de-los-300-lideres-mas-influyentes-de-mexico\/#breadcrumb","itemListElement":[{"@type":"ListItem","position":1,"name":"Inicio","item":"https:\/\/www.cetys.mx\/noticias\/"},{"@type":"ListItem","position":2,"name":"Por sexta ocasi\u00f3n el Rector de CETYS Universidad es reconocido dentro de Los 300 L\u00edderes m\u00e1s Influyentes de M\u00e9xico"}]},{"@type":"WebSite","@id":"https:\/\/www.cetys.mx\/noticias\/#website","url":"https:\/\/www.cetys.mx\/noticias\/","name":"CETYS","description":"","potentialAction":[{"@type":"SearchAction","target":{"@type":"EntryPoint","urlTemplate":"https:\/\/www.cetys.mx\/noticias\/?s={search_term_string}"},"query-input":{"@type":"PropertyValueSpecification","valueRequired":true,"valueName":"search_term_string"}}],"inLanguage":"es"},{"@type":"Person","@id":"https:\/\/www.cetys.mx\/noticias\/#\/schema\/person\/e9d2b35265b64aa454df57a2828eb2ac","name":"CETYS Institucional","url":"https:\/\/www.cetys.mx\/noticias\/author\/cetysinstitucional\/"}]}},"_links":{"self":[{"href":"https:\/\/www.cetys.mx\/noticias\/wp-json\/wp\/v2\/posts\/214570","targetHints":{"allow":["GET"]}}],"collection":[{"href":"https:\/\/www.cetys.mx\/noticias\/wp-json\/wp\/v2\/posts"}],"about":[{"href":"https:\/\/www.cetys.mx\/noticias\/wp-json\/wp\/v2\/types\/post"}],"author":[{"embeddable":true,"href":"https:\/\/www.cetys.mx\/noticias\/wp-json\/wp\/v2\/users\/26"}],"replies":[{"embeddable":true,"href":"https:\/\/www.cetys.mx\/noticias\/wp-json\/wp\/v2\/comments?post=214570"}],"version-history":[{"count":1,"href":"https:\/\/www.cetys.mx\/noticias\/wp-json\/wp\/v2\/posts\/214570\/revisions"}],"predecessor-version":[{"id":214572,"href":"https:\/\/www.cetys.mx\/noticias\/wp-json\/wp\/v2\/posts\/214570\/revisions\/214572"}],"wp:featuredmedia":[{"embeddable":true,"href":"https:\/\/www.cetys.mx\/noticias\/wp-json\/wp\/v2\/media\/214291"}],"wp:attachment":[{"href":"https:\/\/www.cetys.mx\/noticias\/wp-json\/wp\/v2\/media?parent=214570"}],"wp:term":[{"taxonomy":"category","embeddable":true,"href":"https:\/\/www.cetys.mx\/noticias\/wp-json\/wp\/v2\/categories?post=214570"},{"taxonomy":"post_tag","embeddable":true,"href":"https:\/\/www.cetys.mx\/noticias\/wp-json\/wp\/v2\/tags?post=214570"}],"curies":[{"name":"wp","href":"https:\/\/api.w.org\/{rel}","templated":true}]}}