{"id":214376,"date":"2025-07-21T16:59:42","date_gmt":"2025-07-21T23:59:42","guid":{"rendered":"https:\/\/www.cetys.mx\/noticias\/?p=214376"},"modified":"2025-07-21T17:06:18","modified_gmt":"2025-07-22T00:06:18","slug":"marina-trujillo-egresada-de-cetys-tijuana-con-doble-grado-y-una-historia-de-exito-a-los-19-anos","status":"publish","type":"post","link":"https:\/\/www.cetys.mx\/noticias\/marina-trujillo-egresada-de-cetys-tijuana-con-doble-grado-y-una-historia-de-exito-a-los-19-anos\/","title":{"rendered":"Marina Trujillo: Egresada de CETYS Tijuana con Doble Grado y una historia de \u00e9xito a los 19 a\u00f1os"},"content":{"rendered":"<p><span style=\"font-weight: 400;\">Con tan solo 19 a\u00f1os, <strong>Marina Trujillo<\/strong> se ha convertido en un ejemplo de esfuerzo, visi\u00f3n y disciplina al egresar de la <a href=\"https:\/\/www.cetys.mx\/programas\/licenciatura-en-administracion-de-mercadotecnia\/\">Licenciatura en Administraci\u00f3n de Mercadotecnia<\/a> de CETYS Universidad Campus Tijuana, sumando adem\u00e1s un t\u00edtulo internacional gracias al programa de Doble Grado con City University of Seattle.<\/span><\/p>\n<p><span style=\"font-weight: 400;\">Su camino comenz\u00f3 con una decisi\u00f3n poco com\u00fan: durante la pandemia, concluy\u00f3 sus estudios de preparatoria en solo un a\u00f1o en Grace Christian High School, adelantando as\u00ed tres a\u00f1os en su formaci\u00f3n acad\u00e9mica. Su destacado desempe\u00f1o le permiti\u00f3 obtener la beca <\/span><a href=\"https:\/\/www.cetys.mx\/noticias\/cetys-y-cityu-of-seattle-celebran-20-anos-de-colaboracion-para-ofrecer-estudios-de-doble-grado-entre-mexico-y-eua\/\"><b>CETYS\u2013CityU Presidential Scholarships 2025<\/b><\/a><span style=\"font-weight: 400;\">, que la llev\u00f3 a formar parte del selecto grupo de estudiantes con doble titulaci\u00f3n entre M\u00e9xico y Estados Unidos.<\/span><\/p>\n<p><img loading=\"lazy\" decoding=\"async\" class=\" wp-image-214378 aligncenter\" src=\"https:\/\/www.cetys.mx\/noticias\/wp-content\/uploads\/2025\/07\/marina-trujillo-alumni-mercadotecnia-2.png\" alt=\"\" width=\"523\" height=\"348\" srcset=\"https:\/\/www.cetys.mx\/noticias\/wp-content\/uploads\/2025\/07\/marina-trujillo-alumni-mercadotecnia-2.png 958w, https:\/\/www.cetys.mx\/noticias\/wp-content\/uploads\/2025\/07\/marina-trujillo-alumni-mercadotecnia-2-768x511.png 768w\" sizes=\"auto, (max-width: 523px) 100vw, 523px\" \/><\/p>\n<blockquote><p><span style=\"font-weight: 400;\">\u201cAdelant\u00e9 desde los 15 a\u00f1os, fueron tiempos dif\u00edciles y quise sacarle provecho, eso me permiti\u00f3 entrar antes a la universidad y qu\u00e9 mejor que en una escuela que te permite trabajar en M\u00e9xico y Estados Unidos\u201d.<\/span><\/p><\/blockquote>\n<p><span style=\"font-weight: 400;\">Hoy, Marina no solo representa el potencial acad\u00e9mico de la juventud bajacaliforniana, sino que tambi\u00e9n cuenta con una ventaja profesional competitiva en el contexto binacional, con la capacidad de desarrollarse en ambos lados de la frontera.<\/span><\/p>\n<p><img loading=\"lazy\" decoding=\"async\" class=\" wp-image-214377 aligncenter\" src=\"https:\/\/www.cetys.mx\/noticias\/wp-content\/uploads\/2025\/07\/FAMILIA-MARINA-TRUJILLO-CETYS-CITYU.png\" alt=\"\" width=\"529\" height=\"352\" srcset=\"https:\/\/www.cetys.mx\/noticias\/wp-content\/uploads\/2025\/07\/FAMILIA-MARINA-TRUJILLO-CETYS-CITYU.png 958w, https:\/\/www.cetys.mx\/noticias\/wp-content\/uploads\/2025\/07\/FAMILIA-MARINA-TRUJILLO-CETYS-CITYU-768x511.png 768w\" sizes=\"auto, (max-width: 529px) 100vw, 529px\" \/><\/p>\n<p>&nbsp;<\/p>\n","protected":false},"excerpt":{"rendered":"<p>Con tan solo 19 a\u00f1os, Marina Trujillo se ha convertido en un ejemplo de esfuerzo, visi\u00f3n y disciplina al egresar de la&#8230;<\/p>\n","protected":false},"author":24,"featured_media":214379,"comment_status":"open","ping_status":"closed","sticky":false,"template":"","format":"standard","meta":{"footnotes":""},"categories":[107,134,125,313],"tags":[909,328,355,6551],"class_list":["post-214376","post","type-post","status-publish","format-standard","has-post-thumbnail","hentry","category-alumni","category-campus-tijuana","category-portada","category-vocetys-2","tag-alumni","tag-campustijuana","tag-doblegrado","tag-mercadotecniaestrategica"],"yoast_head":"<!-- This site is optimized with the Yoast SEO plugin v27.4 - https:\/\/yoast.com\/product\/yoast-seo-wordpress\/ -->\n<title>Marina Trujillo: Egresada de CETYS Tijuana con Doble Grado y una historia de \u00e9xito a los 19 a\u00f1os - CETYS<\/title>\n<meta name=\"description\" content=\"Articulo sobre Marina Trujillo: Egresada de CETYS Tijuana con Doble Grado y una historia de \u00e9xito a los 19 a\u00f1os\" \/>\n<meta name=\"robots\" content=\"index, follow, max-snippet:-1, max-image-preview:large, max-video-preview:-1\" \/>\n<link rel=\"canonical\" href=\"https:\/\/www.cetys.mx\/noticias\/marina-trujillo-egresada-de-cetys-tijuana-con-doble-grado-y-una-historia-de-exito-a-los-19-anos\/\" \/>\n<meta property=\"og:locale\" content=\"es_MX\" \/>\n<meta property=\"og:type\" content=\"article\" \/>\n<meta property=\"og:title\" content=\"Marina Trujillo: Egresada de CETYS Tijuana con Doble Grado y una historia de \u00e9xito a los 19 a\u00f1os - CETYS\" \/>\n<meta property=\"og:description\" content=\"Articulo sobre Marina Trujillo: Egresada de CETYS Tijuana con Doble Grado y una historia de \u00e9xito a los 19 a\u00f1os\" \/>\n<meta property=\"og:url\" content=\"https:\/\/www.cetys.mx\/noticias\/marina-trujillo-egresada-de-cetys-tijuana-con-doble-grado-y-una-historia-de-exito-a-los-19-anos\/\" \/>\n<meta property=\"og:site_name\" content=\"CETYS\" \/>\n<meta property=\"article:publisher\" content=\"https:\/\/www.facebook.com\/cetysuniversidadmxl\/\" \/>\n<meta property=\"article:published_time\" content=\"2025-07-21T23:59:42+00:00\" \/>\n<meta property=\"article:modified_time\" content=\"2025-07-22T00:06:18+00:00\" \/>\n<meta property=\"og:image\" content=\"https:\/\/www.cetys.mx\/noticias\/wp-content\/uploads\/2025\/07\/MARINA-TRUJILLO-SEATTLE.png\" \/>\n\t<meta property=\"og:image:width\" content=\"958\" \/>\n\t<meta property=\"og:image:height\" content=\"637\" \/>\n\t<meta property=\"og:image:type\" content=\"image\/png\" \/>\n<meta name=\"author\" content=\"Campus Tijuana\" \/>\n<meta name=\"twitter:card\" content=\"summary_large_image\" \/>\n<meta name=\"twitter:creator\" content=\"@cetysuni\" \/>\n<meta name=\"twitter:site\" content=\"@cetysuni\" \/>\n<meta name=\"twitter:label1\" content=\"Escrito por\" \/>\n\t<meta name=\"twitter:data1\" content=\"Campus Tijuana\" \/>\n\t<meta name=\"twitter:label2\" content=\"Tiempo de lectura\" \/>\n\t<meta name=\"twitter:data2\" content=\"1 minuto\" \/>\n<script type=\"application\/ld+json\" class=\"yoast-schema-graph\">{\"@context\":\"https:\\\/\\\/schema.org\",\"@graph\":[{\"@type\":\"Article\",\"@id\":\"https:\\\/\\\/www.cetys.mx\\\/noticias\\\/marina-trujillo-egresada-de-cetys-tijuana-con-doble-grado-y-una-historia-de-exito-a-los-19-anos\\\/#article\",\"isPartOf\":{\"@id\":\"https:\\\/\\\/www.cetys.mx\\\/noticias\\\/marina-trujillo-egresada-de-cetys-tijuana-con-doble-grado-y-una-historia-de-exito-a-los-19-anos\\\/\"},\"author\":{\"name\":\"Campus Tijuana\",\"@id\":\"https:\\\/\\\/www.cetys.mx\\\/noticias\\\/#\\\/schema\\\/person\\\/e790051ce60e18ae47cfa87011c8653f\"},\"headline\":\"Marina Trujillo: Egresada de CETYS Tijuana con Doble Grado y una historia de \u00e9xito a los 19 a\u00f1os\",\"datePublished\":\"2025-07-21T23:59:42+00:00\",\"dateModified\":\"2025-07-22T00:06:18+00:00\",\"mainEntityOfPage\":{\"@id\":\"https:\\\/\\\/www.cetys.mx\\\/noticias\\\/marina-trujillo-egresada-de-cetys-tijuana-con-doble-grado-y-una-historia-de-exito-a-los-19-anos\\\/\"},\"wordCount\":220,\"commentCount\":0,\"image\":{\"@id\":\"https:\\\/\\\/www.cetys.mx\\\/noticias\\\/marina-trujillo-egresada-de-cetys-tijuana-con-doble-grado-y-una-historia-de-exito-a-los-19-anos\\\/#primaryimage\"},\"thumbnailUrl\":\"https:\\\/\\\/www.cetys.mx\\\/noticias\\\/wp-content\\\/uploads\\\/2025\\\/07\\\/MARINA-TRUJILLO-SEATTLE.png\",\"keywords\":[\"Alumni\",\"campustijuana\",\"doblegrado\",\"MercadotecniaEstrategica\"],\"articleSection\":[\"Alumni\",\"Campus Tijuana\",\"Portada\",\"VoCETYS\"],\"inLanguage\":\"es\",\"potentialAction\":[{\"@type\":\"CommentAction\",\"name\":\"Comment\",\"target\":[\"https:\\\/\\\/www.cetys.mx\\\/noticias\\\/marina-trujillo-egresada-de-cetys-tijuana-con-doble-grado-y-una-historia-de-exito-a-los-19-anos\\\/#respond\"]}]},{\"@type\":\"WebPage\",\"@id\":\"https:\\\/\\\/www.cetys.mx\\\/noticias\\\/marina-trujillo-egresada-de-cetys-tijuana-con-doble-grado-y-una-historia-de-exito-a-los-19-anos\\\/\",\"url\":\"https:\\\/\\\/www.cetys.mx\\\/noticias\\\/marina-trujillo-egresada-de-cetys-tijuana-con-doble-grado-y-una-historia-de-exito-a-los-19-anos\\\/\",\"name\":\"Marina Trujillo: Egresada de CETYS Tijuana con Doble Grado y una historia de \u00e9xito a los 19 a\u00f1os - CETYS\",\"isPartOf\":{\"@id\":\"https:\\\/\\\/www.cetys.mx\\\/noticias\\\/#website\"},\"primaryImageOfPage\":{\"@id\":\"https:\\\/\\\/www.cetys.mx\\\/noticias\\\/marina-trujillo-egresada-de-cetys-tijuana-con-doble-grado-y-una-historia-de-exito-a-los-19-anos\\\/#primaryimage\"},\"image\":{\"@id\":\"https:\\\/\\\/www.cetys.mx\\\/noticias\\\/marina-trujillo-egresada-de-cetys-tijuana-con-doble-grado-y-una-historia-de-exito-a-los-19-anos\\\/#primaryimage\"},\"thumbnailUrl\":\"https:\\\/\\\/www.cetys.mx\\\/noticias\\\/wp-content\\\/uploads\\\/2025\\\/07\\\/MARINA-TRUJILLO-SEATTLE.png\",\"datePublished\":\"2025-07-21T23:59:42+00:00\",\"dateModified\":\"2025-07-22T00:06:18+00:00\",\"author\":{\"@id\":\"https:\\\/\\\/www.cetys.mx\\\/noticias\\\/#\\\/schema\\\/person\\\/e790051ce60e18ae47cfa87011c8653f\"},\"description\":\"Articulo sobre Marina Trujillo: Egresada de CETYS Tijuana con Doble Grado y una historia de \u00e9xito a los 19 a\u00f1os\",\"breadcrumb\":{\"@id\":\"https:\\\/\\\/www.cetys.mx\\\/noticias\\\/marina-trujillo-egresada-de-cetys-tijuana-con-doble-grado-y-una-historia-de-exito-a-los-19-anos\\\/#breadcrumb\"},\"inLanguage\":\"es\",\"potentialAction\":[{\"@type\":\"ReadAction\",\"target\":[\"https:\\\/\\\/www.cetys.mx\\\/noticias\\\/marina-trujillo-egresada-de-cetys-tijuana-con-doble-grado-y-una-historia-de-exito-a-los-19-anos\\\/\"]}]},{\"@type\":\"ImageObject\",\"inLanguage\":\"es\",\"@id\":\"https:\\\/\\\/www.cetys.mx\\\/noticias\\\/marina-trujillo-egresada-de-cetys-tijuana-con-doble-grado-y-una-historia-de-exito-a-los-19-anos\\\/#primaryimage\",\"url\":\"https:\\\/\\\/www.cetys.mx\\\/noticias\\\/wp-content\\\/uploads\\\/2025\\\/07\\\/MARINA-TRUJILLO-SEATTLE.png\",\"contentUrl\":\"https:\\\/\\\/www.cetys.mx\\\/noticias\\\/wp-content\\\/uploads\\\/2025\\\/07\\\/MARINA-TRUJILLO-SEATTLE.png\",\"width\":958,\"height\":637},{\"@type\":\"BreadcrumbList\",\"@id\":\"https:\\\/\\\/www.cetys.mx\\\/noticias\\\/marina-trujillo-egresada-de-cetys-tijuana-con-doble-grado-y-una-historia-de-exito-a-los-19-anos\\\/#breadcrumb\",\"itemListElement\":[{\"@type\":\"ListItem\",\"position\":1,\"name\":\"Inicio\",\"item\":\"https:\\\/\\\/www.cetys.mx\\\/noticias\\\/\"},{\"@type\":\"ListItem\",\"position\":2,\"name\":\"Marina Trujillo: Egresada de CETYS Tijuana con Doble Grado y una historia de \u00e9xito a los 19 a\u00f1os\"}]},{\"@type\":\"WebSite\",\"@id\":\"https:\\\/\\\/www.cetys.mx\\\/noticias\\\/#website\",\"url\":\"https:\\\/\\\/www.cetys.mx\\\/noticias\\\/\",\"name\":\"CETYS\",\"description\":\"\",\"potentialAction\":[{\"@type\":\"SearchAction\",\"target\":{\"@type\":\"EntryPoint\",\"urlTemplate\":\"https:\\\/\\\/www.cetys.mx\\\/noticias\\\/?s={search_term_string}\"},\"query-input\":{\"@type\":\"PropertyValueSpecification\",\"valueRequired\":true,\"valueName\":\"search_term_string\"}}],\"inLanguage\":\"es\"},{\"@type\":\"Person\",\"@id\":\"https:\\\/\\\/www.cetys.mx\\\/noticias\\\/#\\\/schema\\\/person\\\/e790051ce60e18ae47cfa87011c8653f\",\"name\":\"Campus Tijuana\",\"url\":\"https:\\\/\\\/www.cetys.mx\\\/noticias\\\/author\\\/campustijuana\\\/\"}]}<\/script>\n<!-- \/ Yoast SEO plugin. -->","yoast_head_json":{"title":"Marina Trujillo: Egresada de CETYS Tijuana con Doble Grado y una historia de \u00e9xito a los 19 a\u00f1os - CETYS","description":"Articulo sobre Marina Trujillo: Egresada de CETYS Tijuana con Doble Grado y una historia de \u00e9xito a los 19 a\u00f1os","robots":{"index":"index","follow":"follow","max-snippet":"max-snippet:-1","max-image-preview":"max-image-preview:large","max-video-preview":"max-video-preview:-1"},"canonical":"https:\/\/www.cetys.mx\/noticias\/marina-trujillo-egresada-de-cetys-tijuana-con-doble-grado-y-una-historia-de-exito-a-los-19-anos\/","og_locale":"es_MX","og_type":"article","og_title":"Marina Trujillo: Egresada de CETYS Tijuana con Doble Grado y una historia de \u00e9xito a los 19 a\u00f1os - CETYS","og_description":"Articulo sobre Marina Trujillo: Egresada de CETYS Tijuana con Doble Grado y una historia de \u00e9xito a los 19 a\u00f1os","og_url":"https:\/\/www.cetys.mx\/noticias\/marina-trujillo-egresada-de-cetys-tijuana-con-doble-grado-y-una-historia-de-exito-a-los-19-anos\/","og_site_name":"CETYS","article_publisher":"https:\/\/www.facebook.com\/cetysuniversidadmxl\/","article_published_time":"2025-07-21T23:59:42+00:00","article_modified_time":"2025-07-22T00:06:18+00:00","og_image":[{"width":958,"height":637,"url":"https:\/\/www.cetys.mx\/noticias\/wp-content\/uploads\/2025\/07\/MARINA-TRUJILLO-SEATTLE.png","type":"image\/png"}],"author":"Campus Tijuana","twitter_card":"summary_large_image","twitter_creator":"@cetysuni","twitter_site":"@cetysuni","twitter_misc":{"Escrito por":"Campus Tijuana","Tiempo de lectura":"1 minuto"},"schema":{"@context":"https:\/\/schema.org","@graph":[{"@type":"Article","@id":"https:\/\/www.cetys.mx\/noticias\/marina-trujillo-egresada-de-cetys-tijuana-con-doble-grado-y-una-historia-de-exito-a-los-19-anos\/#article","isPartOf":{"@id":"https:\/\/www.cetys.mx\/noticias\/marina-trujillo-egresada-de-cetys-tijuana-con-doble-grado-y-una-historia-de-exito-a-los-19-anos\/"},"author":{"name":"Campus Tijuana","@id":"https:\/\/www.cetys.mx\/noticias\/#\/schema\/person\/e790051ce60e18ae47cfa87011c8653f"},"headline":"Marina Trujillo: Egresada de CETYS Tijuana con Doble Grado y una historia de \u00e9xito a los 19 a\u00f1os","datePublished":"2025-07-21T23:59:42+00:00","dateModified":"2025-07-22T00:06:18+00:00","mainEntityOfPage":{"@id":"https:\/\/www.cetys.mx\/noticias\/marina-trujillo-egresada-de-cetys-tijuana-con-doble-grado-y-una-historia-de-exito-a-los-19-anos\/"},"wordCount":220,"commentCount":0,"image":{"@id":"https:\/\/www.cetys.mx\/noticias\/marina-trujillo-egresada-de-cetys-tijuana-con-doble-grado-y-una-historia-de-exito-a-los-19-anos\/#primaryimage"},"thumbnailUrl":"https:\/\/www.cetys.mx\/noticias\/wp-content\/uploads\/2025\/07\/MARINA-TRUJILLO-SEATTLE.png","keywords":["Alumni","campustijuana","doblegrado","MercadotecniaEstrategica"],"articleSection":["Alumni","Campus Tijuana","Portada","VoCETYS"],"inLanguage":"es","potentialAction":[{"@type":"CommentAction","name":"Comment","target":["https:\/\/www.cetys.mx\/noticias\/marina-trujillo-egresada-de-cetys-tijuana-con-doble-grado-y-una-historia-de-exito-a-los-19-anos\/#respond"]}]},{"@type":"WebPage","@id":"https:\/\/www.cetys.mx\/noticias\/marina-trujillo-egresada-de-cetys-tijuana-con-doble-grado-y-una-historia-de-exito-a-los-19-anos\/","url":"https:\/\/www.cetys.mx\/noticias\/marina-trujillo-egresada-de-cetys-tijuana-con-doble-grado-y-una-historia-de-exito-a-los-19-anos\/","name":"Marina Trujillo: Egresada de CETYS Tijuana con Doble Grado y una historia de \u00e9xito a los 19 a\u00f1os - CETYS","isPartOf":{"@id":"https:\/\/www.cetys.mx\/noticias\/#website"},"primaryImageOfPage":{"@id":"https:\/\/www.cetys.mx\/noticias\/marina-trujillo-egresada-de-cetys-tijuana-con-doble-grado-y-una-historia-de-exito-a-los-19-anos\/#primaryimage"},"image":{"@id":"https:\/\/www.cetys.mx\/noticias\/marina-trujillo-egresada-de-cetys-tijuana-con-doble-grado-y-una-historia-de-exito-a-los-19-anos\/#primaryimage"},"thumbnailUrl":"https:\/\/www.cetys.mx\/noticias\/wp-content\/uploads\/2025\/07\/MARINA-TRUJILLO-SEATTLE.png","datePublished":"2025-07-21T23:59:42+00:00","dateModified":"2025-07-22T00:06:18+00:00","author":{"@id":"https:\/\/www.cetys.mx\/noticias\/#\/schema\/person\/e790051ce60e18ae47cfa87011c8653f"},"description":"Articulo sobre Marina Trujillo: Egresada de CETYS Tijuana con Doble Grado y una historia de \u00e9xito a los 19 a\u00f1os","breadcrumb":{"@id":"https:\/\/www.cetys.mx\/noticias\/marina-trujillo-egresada-de-cetys-tijuana-con-doble-grado-y-una-historia-de-exito-a-los-19-anos\/#breadcrumb"},"inLanguage":"es","potentialAction":[{"@type":"ReadAction","target":["https:\/\/www.cetys.mx\/noticias\/marina-trujillo-egresada-de-cetys-tijuana-con-doble-grado-y-una-historia-de-exito-a-los-19-anos\/"]}]},{"@type":"ImageObject","inLanguage":"es","@id":"https:\/\/www.cetys.mx\/noticias\/marina-trujillo-egresada-de-cetys-tijuana-con-doble-grado-y-una-historia-de-exito-a-los-19-anos\/#primaryimage","url":"https:\/\/www.cetys.mx\/noticias\/wp-content\/uploads\/2025\/07\/MARINA-TRUJILLO-SEATTLE.png","contentUrl":"https:\/\/www.cetys.mx\/noticias\/wp-content\/uploads\/2025\/07\/MARINA-TRUJILLO-SEATTLE.png","width":958,"height":637},{"@type":"BreadcrumbList","@id":"https:\/\/www.cetys.mx\/noticias\/marina-trujillo-egresada-de-cetys-tijuana-con-doble-grado-y-una-historia-de-exito-a-los-19-anos\/#breadcrumb","itemListElement":[{"@type":"ListItem","position":1,"name":"Inicio","item":"https:\/\/www.cetys.mx\/noticias\/"},{"@type":"ListItem","position":2,"name":"Marina Trujillo: Egresada de CETYS Tijuana con Doble Grado y una historia de \u00e9xito a los 19 a\u00f1os"}]},{"@type":"WebSite","@id":"https:\/\/www.cetys.mx\/noticias\/#website","url":"https:\/\/www.cetys.mx\/noticias\/","name":"CETYS","description":"","potentialAction":[{"@type":"SearchAction","target":{"@type":"EntryPoint","urlTemplate":"https:\/\/www.cetys.mx\/noticias\/?s={search_term_string}"},"query-input":{"@type":"PropertyValueSpecification","valueRequired":true,"valueName":"search_term_string"}}],"inLanguage":"es"},{"@type":"Person","@id":"https:\/\/www.cetys.mx\/noticias\/#\/schema\/person\/e790051ce60e18ae47cfa87011c8653f","name":"Campus Tijuana","url":"https:\/\/www.cetys.mx\/noticias\/author\/campustijuana\/"}]}},"_links":{"self":[{"href":"https:\/\/www.cetys.mx\/noticias\/wp-json\/wp\/v2\/posts\/214376","targetHints":{"allow":["GET"]}}],"collection":[{"href":"https:\/\/www.cetys.mx\/noticias\/wp-json\/wp\/v2\/posts"}],"about":[{"href":"https:\/\/www.cetys.mx\/noticias\/wp-json\/wp\/v2\/types\/post"}],"author":[{"embeddable":true,"href":"https:\/\/www.cetys.mx\/noticias\/wp-json\/wp\/v2\/users\/24"}],"replies":[{"embeddable":true,"href":"https:\/\/www.cetys.mx\/noticias\/wp-json\/wp\/v2\/comments?post=214376"}],"version-history":[{"count":2,"href":"https:\/\/www.cetys.mx\/noticias\/wp-json\/wp\/v2\/posts\/214376\/revisions"}],"predecessor-version":[{"id":214381,"href":"https:\/\/www.cetys.mx\/noticias\/wp-json\/wp\/v2\/posts\/214376\/revisions\/214381"}],"wp:featuredmedia":[{"embeddable":true,"href":"https:\/\/www.cetys.mx\/noticias\/wp-json\/wp\/v2\/media\/214379"}],"wp:attachment":[{"href":"https:\/\/www.cetys.mx\/noticias\/wp-json\/wp\/v2\/media?parent=214376"}],"wp:term":[{"taxonomy":"category","embeddable":true,"href":"https:\/\/www.cetys.mx\/noticias\/wp-json\/wp\/v2\/categories?post=214376"},{"taxonomy":"post_tag","embeddable":true,"href":"https:\/\/www.cetys.mx\/noticias\/wp-json\/wp\/v2\/tags?post=214376"}],"curies":[{"name":"wp","href":"https:\/\/api.w.org\/{rel}","templated":true}]}}