{"id":214275,"date":"2025-07-16T16:26:25","date_gmt":"2025-07-16T23:26:25","guid":{"rendered":"https:\/\/www.cetys.mx\/noticias\/?p=214275"},"modified":"2025-07-16T16:27:35","modified_gmt":"2025-07-16T23:27:35","slug":"estudiantes-de-derecho-y-negocios-internacionales-fortalecen-su-formacion-en-madrid","status":"publish","type":"post","link":"https:\/\/www.cetys.mx\/noticias\/estudiantes-de-derecho-y-negocios-internacionales-fortalecen-su-formacion-en-madrid\/","title":{"rendered":"Estudiantes de Derecho y Negocios Internacionales fortalecen su formaci\u00f3n en Madrid"},"content":{"rendered":"<p data-start=\"291\" data-end=\"588\">Un grupo de estudiantes de las licenciaturas en <a href=\"https:\/\/www.cetys.mx\/programas\/licenciatura-en-derecho\/\">Derecho<\/a> y <a href=\"https:\/\/www.cetys.mx\/programas\/licenciatura-en-negocios-internacionales\/\">Negocios Internacionale<\/a>s de Campus Tijuana particip\u00f3 en el curso de <strong data-start=\"512\" data-end=\"537\">Derecho Internacional<\/strong>, impartido en la <a href=\"https:\/\/www.uc3m.es\/inicio\"><strong>Universidad Carlos III de Madrid.<\/strong><\/a><\/p>\n<p data-start=\"590\" data-end=\"913\">Durante esta experiencia acad\u00e9mica internacional, las y los estudiantes tuvieron la oportunidad de ampliar su perspectiva sobre los retos legales contempor\u00e1neos en contextos globales, as\u00ed como conocer de cerca el funcionamiento de sistemas jur\u00eddicos internacionales desde una de las universidades m\u00e1s reconocidas de Europa.<\/p>\n<p data-start=\"915\" data-end=\"1108\">El curso abord\u00f3 temas clave en materia de derecho internacional p\u00fablico y privado, lo que permiti\u00f3 a los participantes enriquecer su perfil acad\u00e9mico y profesional desde una visi\u00f3n comparativa.<\/p>\n\n            <style type='text\/css'>\n                #gallery-1 {\n                    margin: auto;\n                }\n                #gallery-1 .gallery-item {\n                    float: left;\n                    margin-top: 10px;\n                    text-align: center;\n                    width: 50%;\n                }\n                #gallery-1 img {\n                    border: 2px solid #cfcfcf;\n                }\n                #gallery-1 .gallery-caption {\n                    margin-left: 0;\n                }\n                \/* see gallery_shortcode() in wp-includes\/media.php *\/\n            <\/style>\n\t\t<div id='gallery-1' class='gallery galleryid-214275 gallery-columns-2 gallery-size-medium'><dl class='gallery-item'>\n                <dt class='gallery-icon landscape'>\n                    <a href='https:\/\/www.cetys.mx\/noticias\/estudiantes-de-derecho-y-negocios-internacionales-fortalecen-su-formacion-en-madrid\/experiencia-internacional-derecho-cetys-tijuana-2025\/'><img loading=\"lazy\" decoding=\"async\" width=\"958\" height=\"637\" src=\"https:\/\/www.cetys.mx\/noticias\/wp-content\/uploads\/2025\/07\/experiencia-internacional-derecho-cetys-tijuana-2025.jpg\" class=\"attachment-medium size-medium\" alt=\"\" srcset=\"https:\/\/www.cetys.mx\/noticias\/wp-content\/uploads\/2025\/07\/experiencia-internacional-derecho-cetys-tijuana-2025.jpg 958w, https:\/\/www.cetys.mx\/noticias\/wp-content\/uploads\/2025\/07\/experiencia-internacional-derecho-cetys-tijuana-2025-768x511.jpg 768w\" sizes=\"auto, (max-width: 958px) 100vw, 958px\" \/><\/a>\n                <\/dt><\/dl><dl class='gallery-item'>\n                <dt class='gallery-icon landscape'>\n                    <a href='https:\/\/www.cetys.mx\/noticias\/estudiantes-de-derecho-y-negocios-internacionales-fortalecen-su-formacion-en-madrid\/experiencia-internacional-derecho-cetys-tijuana-2025-02\/'><img loading=\"lazy\" decoding=\"async\" width=\"958\" height=\"637\" src=\"https:\/\/www.cetys.mx\/noticias\/wp-content\/uploads\/2025\/07\/experiencia-internacional-derecho-cetys-tijuana-2025-02.jpg\" class=\"attachment-medium size-medium\" alt=\"\" srcset=\"https:\/\/www.cetys.mx\/noticias\/wp-content\/uploads\/2025\/07\/experiencia-internacional-derecho-cetys-tijuana-2025-02.jpg 958w, https:\/\/www.cetys.mx\/noticias\/wp-content\/uploads\/2025\/07\/experiencia-internacional-derecho-cetys-tijuana-2025-02-768x511.jpg 768w\" sizes=\"auto, (max-width: 958px) 100vw, 958px\" \/><\/a>\n                <\/dt><\/dl><br style=\"clear: both\" \/><dl class='gallery-item'>\n                <dt class='gallery-icon landscape'>\n                    <a href='https:\/\/www.cetys.mx\/noticias\/estudiantes-de-derecho-y-negocios-internacionales-fortalecen-su-formacion-en-madrid\/experiencia-internacional-derecho-cetys-tijuana-2025-04\/'><img loading=\"lazy\" decoding=\"async\" width=\"958\" height=\"637\" src=\"https:\/\/www.cetys.mx\/noticias\/wp-content\/uploads\/2025\/07\/experiencia-internacional-derecho-cetys-tijuana-2025-04.jpg\" class=\"attachment-medium size-medium\" alt=\"\" srcset=\"https:\/\/www.cetys.mx\/noticias\/wp-content\/uploads\/2025\/07\/experiencia-internacional-derecho-cetys-tijuana-2025-04.jpg 958w, https:\/\/www.cetys.mx\/noticias\/wp-content\/uploads\/2025\/07\/experiencia-internacional-derecho-cetys-tijuana-2025-04-768x511.jpg 768w\" sizes=\"auto, (max-width: 958px) 100vw, 958px\" \/><\/a>\n                <\/dt><\/dl><dl class='gallery-item'>\n                <dt class='gallery-icon landscape'>\n                    <a href='https:\/\/www.cetys.mx\/noticias\/estudiantes-de-derecho-y-negocios-internacionales-fortalecen-su-formacion-en-madrid\/experiencia-internacional-derecho-cetys-tijuana-2025-01\/'><img loading=\"lazy\" decoding=\"async\" width=\"958\" height=\"637\" src=\"https:\/\/www.cetys.mx\/noticias\/wp-content\/uploads\/2025\/07\/experiencia-internacional-derecho-cetys-tijuana-2025-01.jpg\" class=\"attachment-medium size-medium\" alt=\"\" srcset=\"https:\/\/www.cetys.mx\/noticias\/wp-content\/uploads\/2025\/07\/experiencia-internacional-derecho-cetys-tijuana-2025-01.jpg 958w, https:\/\/www.cetys.mx\/noticias\/wp-content\/uploads\/2025\/07\/experiencia-internacional-derecho-cetys-tijuana-2025-01-768x511.jpg 768w\" sizes=\"auto, (max-width: 958px) 100vw, 958px\" \/><\/a>\n                <\/dt><\/dl><br style=\"clear: both\" \/>\n            <\/div>\n\n<p data-start=\"1110\" data-end=\"1430\">La actividad cont\u00f3 con el acompa\u00f1amiento del <strong data-start=\"1155\" data-end=\"1187\">Mtro. Luis Sandoval Figueroa<\/strong>, <em>Director de la Escuela de Derecho de CETYS Universidad<\/em> <em>Campus Tijuana<\/em>, quien destac\u00f3 la importancia de este tipo de experiencias en la formaci\u00f3n de profesionales capaces de desenvolverse en entornos multiculturales y jur\u00eddicamente complejos.<\/p>\n<p data-start=\"1664\" data-end=\"1859\">Este curso forma parte de las iniciativas de movilidad acad\u00e9mica internacional promovidas por <strong>CETYS<\/strong>, alineadas con su visi\u00f3n institucional de formar l\u00edderes con alcance global y compromiso local.<\/p>\n","protected":false},"excerpt":{"rendered":"<p>Un grupo de estudiantes de las licenciaturas en Derecho y Negocios Internacionales de Campus Tijuana particip\u00f3 en el curso de Derecho Internacional,&#8230;<\/p>\n","protected":false},"author":24,"featured_media":214278,"comment_status":"open","ping_status":"closed","sticky":false,"template":"","format":"standard","meta":{"footnotes":""},"categories":[134,108,306,313],"tags":[328,247,6477],"class_list":["post-214275","post","type-post","status-publish","format-standard","has-post-thumbnail","hentry","category-campus-tijuana","category-internacionales","category-profesional","category-vocetys-2","tag-campustijuana","tag-derecho","tag-negociosinternacionales"],"yoast_head":"<!-- This site is optimized with the Yoast SEO plugin v27.4 - https:\/\/yoast.com\/product\/yoast-seo-wordpress\/ -->\n<title>Estudiantes de Derecho y Negocios Internacionales fortalecen su formaci\u00f3n en Madrid - CETYS<\/title>\n<meta name=\"description\" content=\"Articulo sobre Estudiantes de Derecho y Negocios Internacionales fortalecen su formaci\u00f3n en Madrid\" \/>\n<meta name=\"robots\" content=\"index, follow, max-snippet:-1, max-image-preview:large, max-video-preview:-1\" \/>\n<link rel=\"canonical\" href=\"https:\/\/www.cetys.mx\/noticias\/estudiantes-de-derecho-y-negocios-internacionales-fortalecen-su-formacion-en-madrid\/\" \/>\n<meta property=\"og:locale\" content=\"es_MX\" \/>\n<meta property=\"og:type\" content=\"article\" \/>\n<meta property=\"og:title\" content=\"Estudiantes de Derecho y Negocios Internacionales fortalecen su formaci\u00f3n en Madrid - CETYS\" \/>\n<meta property=\"og:description\" content=\"Articulo sobre Estudiantes de Derecho y Negocios Internacionales fortalecen su formaci\u00f3n en Madrid\" \/>\n<meta property=\"og:url\" content=\"https:\/\/www.cetys.mx\/noticias\/estudiantes-de-derecho-y-negocios-internacionales-fortalecen-su-formacion-en-madrid\/\" \/>\n<meta property=\"og:site_name\" content=\"CETYS\" \/>\n<meta property=\"article:publisher\" content=\"https:\/\/www.facebook.com\/cetysuniversidadmxl\/\" \/>\n<meta property=\"article:published_time\" content=\"2025-07-16T23:26:25+00:00\" \/>\n<meta property=\"article:modified_time\" content=\"2025-07-16T23:27:35+00:00\" \/>\n<meta property=\"og:image\" content=\"https:\/\/www.cetys.mx\/noticias\/wp-content\/uploads\/2025\/07\/experiencia-internacional-derecho-cetys-tijuana-2025-03.jpg\" \/>\n\t<meta property=\"og:image:width\" content=\"958\" \/>\n\t<meta property=\"og:image:height\" content=\"637\" \/>\n\t<meta property=\"og:image:type\" content=\"image\/jpeg\" \/>\n<meta name=\"author\" content=\"Campus Tijuana\" \/>\n<meta name=\"twitter:card\" content=\"summary_large_image\" \/>\n<meta name=\"twitter:creator\" content=\"@cetysuni\" \/>\n<meta name=\"twitter:site\" content=\"@cetysuni\" \/>\n<meta name=\"twitter:label1\" content=\"Escrito por\" \/>\n\t<meta name=\"twitter:data1\" content=\"Campus Tijuana\" \/>\n\t<meta name=\"twitter:label2\" content=\"Tiempo de lectura\" \/>\n\t<meta name=\"twitter:data2\" content=\"1 minuto\" \/>\n<script type=\"application\/ld+json\" class=\"yoast-schema-graph\">{\"@context\":\"https:\\\/\\\/schema.org\",\"@graph\":[{\"@type\":\"Article\",\"@id\":\"https:\\\/\\\/www.cetys.mx\\\/noticias\\\/estudiantes-de-derecho-y-negocios-internacionales-fortalecen-su-formacion-en-madrid\\\/#article\",\"isPartOf\":{\"@id\":\"https:\\\/\\\/www.cetys.mx\\\/noticias\\\/estudiantes-de-derecho-y-negocios-internacionales-fortalecen-su-formacion-en-madrid\\\/\"},\"author\":{\"name\":\"Campus Tijuana\",\"@id\":\"https:\\\/\\\/www.cetys.mx\\\/noticias\\\/#\\\/schema\\\/person\\\/e790051ce60e18ae47cfa87011c8653f\"},\"headline\":\"Estudiantes de Derecho y Negocios Internacionales fortalecen su formaci\u00f3n en Madrid\",\"datePublished\":\"2025-07-16T23:26:25+00:00\",\"dateModified\":\"2025-07-16T23:27:35+00:00\",\"mainEntityOfPage\":{\"@id\":\"https:\\\/\\\/www.cetys.mx\\\/noticias\\\/estudiantes-de-derecho-y-negocios-internacionales-fortalecen-su-formacion-en-madrid\\\/\"},\"wordCount\":206,\"commentCount\":0,\"image\":{\"@id\":\"https:\\\/\\\/www.cetys.mx\\\/noticias\\\/estudiantes-de-derecho-y-negocios-internacionales-fortalecen-su-formacion-en-madrid\\\/#primaryimage\"},\"thumbnailUrl\":\"https:\\\/\\\/www.cetys.mx\\\/noticias\\\/wp-content\\\/uploads\\\/2025\\\/07\\\/experiencia-internacional-derecho-cetys-tijuana-2025-03.jpg\",\"keywords\":[\"campustijuana\",\"Derecho\",\"NegociosInternacionales\"],\"articleSection\":[\"Campus Tijuana\",\"Internacionales\",\"Profesional\",\"VoCETYS\"],\"inLanguage\":\"es\",\"potentialAction\":[{\"@type\":\"CommentAction\",\"name\":\"Comment\",\"target\":[\"https:\\\/\\\/www.cetys.mx\\\/noticias\\\/estudiantes-de-derecho-y-negocios-internacionales-fortalecen-su-formacion-en-madrid\\\/#respond\"]}]},{\"@type\":\"WebPage\",\"@id\":\"https:\\\/\\\/www.cetys.mx\\\/noticias\\\/estudiantes-de-derecho-y-negocios-internacionales-fortalecen-su-formacion-en-madrid\\\/\",\"url\":\"https:\\\/\\\/www.cetys.mx\\\/noticias\\\/estudiantes-de-derecho-y-negocios-internacionales-fortalecen-su-formacion-en-madrid\\\/\",\"name\":\"Estudiantes de Derecho y Negocios Internacionales fortalecen su formaci\u00f3n en Madrid - CETYS\",\"isPartOf\":{\"@id\":\"https:\\\/\\\/www.cetys.mx\\\/noticias\\\/#website\"},\"primaryImageOfPage\":{\"@id\":\"https:\\\/\\\/www.cetys.mx\\\/noticias\\\/estudiantes-de-derecho-y-negocios-internacionales-fortalecen-su-formacion-en-madrid\\\/#primaryimage\"},\"image\":{\"@id\":\"https:\\\/\\\/www.cetys.mx\\\/noticias\\\/estudiantes-de-derecho-y-negocios-internacionales-fortalecen-su-formacion-en-madrid\\\/#primaryimage\"},\"thumbnailUrl\":\"https:\\\/\\\/www.cetys.mx\\\/noticias\\\/wp-content\\\/uploads\\\/2025\\\/07\\\/experiencia-internacional-derecho-cetys-tijuana-2025-03.jpg\",\"datePublished\":\"2025-07-16T23:26:25+00:00\",\"dateModified\":\"2025-07-16T23:27:35+00:00\",\"author\":{\"@id\":\"https:\\\/\\\/www.cetys.mx\\\/noticias\\\/#\\\/schema\\\/person\\\/e790051ce60e18ae47cfa87011c8653f\"},\"description\":\"Articulo sobre Estudiantes de Derecho y Negocios Internacionales fortalecen su formaci\u00f3n en Madrid\",\"breadcrumb\":{\"@id\":\"https:\\\/\\\/www.cetys.mx\\\/noticias\\\/estudiantes-de-derecho-y-negocios-internacionales-fortalecen-su-formacion-en-madrid\\\/#breadcrumb\"},\"inLanguage\":\"es\",\"potentialAction\":[{\"@type\":\"ReadAction\",\"target\":[\"https:\\\/\\\/www.cetys.mx\\\/noticias\\\/estudiantes-de-derecho-y-negocios-internacionales-fortalecen-su-formacion-en-madrid\\\/\"]}]},{\"@type\":\"ImageObject\",\"inLanguage\":\"es\",\"@id\":\"https:\\\/\\\/www.cetys.mx\\\/noticias\\\/estudiantes-de-derecho-y-negocios-internacionales-fortalecen-su-formacion-en-madrid\\\/#primaryimage\",\"url\":\"https:\\\/\\\/www.cetys.mx\\\/noticias\\\/wp-content\\\/uploads\\\/2025\\\/07\\\/experiencia-internacional-derecho-cetys-tijuana-2025-03.jpg\",\"contentUrl\":\"https:\\\/\\\/www.cetys.mx\\\/noticias\\\/wp-content\\\/uploads\\\/2025\\\/07\\\/experiencia-internacional-derecho-cetys-tijuana-2025-03.jpg\",\"width\":958,\"height\":637},{\"@type\":\"BreadcrumbList\",\"@id\":\"https:\\\/\\\/www.cetys.mx\\\/noticias\\\/estudiantes-de-derecho-y-negocios-internacionales-fortalecen-su-formacion-en-madrid\\\/#breadcrumb\",\"itemListElement\":[{\"@type\":\"ListItem\",\"position\":1,\"name\":\"Inicio\",\"item\":\"https:\\\/\\\/www.cetys.mx\\\/noticias\\\/\"},{\"@type\":\"ListItem\",\"position\":2,\"name\":\"Estudiantes de Derecho y Negocios Internacionales fortalecen su formaci\u00f3n en Madrid\"}]},{\"@type\":\"WebSite\",\"@id\":\"https:\\\/\\\/www.cetys.mx\\\/noticias\\\/#website\",\"url\":\"https:\\\/\\\/www.cetys.mx\\\/noticias\\\/\",\"name\":\"CETYS\",\"description\":\"\",\"potentialAction\":[{\"@type\":\"SearchAction\",\"target\":{\"@type\":\"EntryPoint\",\"urlTemplate\":\"https:\\\/\\\/www.cetys.mx\\\/noticias\\\/?s={search_term_string}\"},\"query-input\":{\"@type\":\"PropertyValueSpecification\",\"valueRequired\":true,\"valueName\":\"search_term_string\"}}],\"inLanguage\":\"es\"},{\"@type\":\"Person\",\"@id\":\"https:\\\/\\\/www.cetys.mx\\\/noticias\\\/#\\\/schema\\\/person\\\/e790051ce60e18ae47cfa87011c8653f\",\"name\":\"Campus Tijuana\",\"url\":\"https:\\\/\\\/www.cetys.mx\\\/noticias\\\/author\\\/campustijuana\\\/\"}]}<\/script>\n<!-- \/ Yoast SEO plugin. -->","yoast_head_json":{"title":"Estudiantes de Derecho y Negocios Internacionales fortalecen su formaci\u00f3n en Madrid - CETYS","description":"Articulo sobre Estudiantes de Derecho y Negocios Internacionales fortalecen su formaci\u00f3n en Madrid","robots":{"index":"index","follow":"follow","max-snippet":"max-snippet:-1","max-image-preview":"max-image-preview:large","max-video-preview":"max-video-preview:-1"},"canonical":"https:\/\/www.cetys.mx\/noticias\/estudiantes-de-derecho-y-negocios-internacionales-fortalecen-su-formacion-en-madrid\/","og_locale":"es_MX","og_type":"article","og_title":"Estudiantes de Derecho y Negocios Internacionales fortalecen su formaci\u00f3n en Madrid - CETYS","og_description":"Articulo sobre Estudiantes de Derecho y Negocios Internacionales fortalecen su formaci\u00f3n en Madrid","og_url":"https:\/\/www.cetys.mx\/noticias\/estudiantes-de-derecho-y-negocios-internacionales-fortalecen-su-formacion-en-madrid\/","og_site_name":"CETYS","article_publisher":"https:\/\/www.facebook.com\/cetysuniversidadmxl\/","article_published_time":"2025-07-16T23:26:25+00:00","article_modified_time":"2025-07-16T23:27:35+00:00","og_image":[{"width":958,"height":637,"url":"https:\/\/www.cetys.mx\/noticias\/wp-content\/uploads\/2025\/07\/experiencia-internacional-derecho-cetys-tijuana-2025-03.jpg","type":"image\/jpeg"}],"author":"Campus Tijuana","twitter_card":"summary_large_image","twitter_creator":"@cetysuni","twitter_site":"@cetysuni","twitter_misc":{"Escrito por":"Campus Tijuana","Tiempo de lectura":"1 minuto"},"schema":{"@context":"https:\/\/schema.org","@graph":[{"@type":"Article","@id":"https:\/\/www.cetys.mx\/noticias\/estudiantes-de-derecho-y-negocios-internacionales-fortalecen-su-formacion-en-madrid\/#article","isPartOf":{"@id":"https:\/\/www.cetys.mx\/noticias\/estudiantes-de-derecho-y-negocios-internacionales-fortalecen-su-formacion-en-madrid\/"},"author":{"name":"Campus Tijuana","@id":"https:\/\/www.cetys.mx\/noticias\/#\/schema\/person\/e790051ce60e18ae47cfa87011c8653f"},"headline":"Estudiantes de Derecho y Negocios Internacionales fortalecen su formaci\u00f3n en Madrid","datePublished":"2025-07-16T23:26:25+00:00","dateModified":"2025-07-16T23:27:35+00:00","mainEntityOfPage":{"@id":"https:\/\/www.cetys.mx\/noticias\/estudiantes-de-derecho-y-negocios-internacionales-fortalecen-su-formacion-en-madrid\/"},"wordCount":206,"commentCount":0,"image":{"@id":"https:\/\/www.cetys.mx\/noticias\/estudiantes-de-derecho-y-negocios-internacionales-fortalecen-su-formacion-en-madrid\/#primaryimage"},"thumbnailUrl":"https:\/\/www.cetys.mx\/noticias\/wp-content\/uploads\/2025\/07\/experiencia-internacional-derecho-cetys-tijuana-2025-03.jpg","keywords":["campustijuana","Derecho","NegociosInternacionales"],"articleSection":["Campus Tijuana","Internacionales","Profesional","VoCETYS"],"inLanguage":"es","potentialAction":[{"@type":"CommentAction","name":"Comment","target":["https:\/\/www.cetys.mx\/noticias\/estudiantes-de-derecho-y-negocios-internacionales-fortalecen-su-formacion-en-madrid\/#respond"]}]},{"@type":"WebPage","@id":"https:\/\/www.cetys.mx\/noticias\/estudiantes-de-derecho-y-negocios-internacionales-fortalecen-su-formacion-en-madrid\/","url":"https:\/\/www.cetys.mx\/noticias\/estudiantes-de-derecho-y-negocios-internacionales-fortalecen-su-formacion-en-madrid\/","name":"Estudiantes de Derecho y Negocios Internacionales fortalecen su formaci\u00f3n en Madrid - CETYS","isPartOf":{"@id":"https:\/\/www.cetys.mx\/noticias\/#website"},"primaryImageOfPage":{"@id":"https:\/\/www.cetys.mx\/noticias\/estudiantes-de-derecho-y-negocios-internacionales-fortalecen-su-formacion-en-madrid\/#primaryimage"},"image":{"@id":"https:\/\/www.cetys.mx\/noticias\/estudiantes-de-derecho-y-negocios-internacionales-fortalecen-su-formacion-en-madrid\/#primaryimage"},"thumbnailUrl":"https:\/\/www.cetys.mx\/noticias\/wp-content\/uploads\/2025\/07\/experiencia-internacional-derecho-cetys-tijuana-2025-03.jpg","datePublished":"2025-07-16T23:26:25+00:00","dateModified":"2025-07-16T23:27:35+00:00","author":{"@id":"https:\/\/www.cetys.mx\/noticias\/#\/schema\/person\/e790051ce60e18ae47cfa87011c8653f"},"description":"Articulo sobre Estudiantes de Derecho y Negocios Internacionales fortalecen su formaci\u00f3n en Madrid","breadcrumb":{"@id":"https:\/\/www.cetys.mx\/noticias\/estudiantes-de-derecho-y-negocios-internacionales-fortalecen-su-formacion-en-madrid\/#breadcrumb"},"inLanguage":"es","potentialAction":[{"@type":"ReadAction","target":["https:\/\/www.cetys.mx\/noticias\/estudiantes-de-derecho-y-negocios-internacionales-fortalecen-su-formacion-en-madrid\/"]}]},{"@type":"ImageObject","inLanguage":"es","@id":"https:\/\/www.cetys.mx\/noticias\/estudiantes-de-derecho-y-negocios-internacionales-fortalecen-su-formacion-en-madrid\/#primaryimage","url":"https:\/\/www.cetys.mx\/noticias\/wp-content\/uploads\/2025\/07\/experiencia-internacional-derecho-cetys-tijuana-2025-03.jpg","contentUrl":"https:\/\/www.cetys.mx\/noticias\/wp-content\/uploads\/2025\/07\/experiencia-internacional-derecho-cetys-tijuana-2025-03.jpg","width":958,"height":637},{"@type":"BreadcrumbList","@id":"https:\/\/www.cetys.mx\/noticias\/estudiantes-de-derecho-y-negocios-internacionales-fortalecen-su-formacion-en-madrid\/#breadcrumb","itemListElement":[{"@type":"ListItem","position":1,"name":"Inicio","item":"https:\/\/www.cetys.mx\/noticias\/"},{"@type":"ListItem","position":2,"name":"Estudiantes de Derecho y Negocios Internacionales fortalecen su formaci\u00f3n en Madrid"}]},{"@type":"WebSite","@id":"https:\/\/www.cetys.mx\/noticias\/#website","url":"https:\/\/www.cetys.mx\/noticias\/","name":"CETYS","description":"","potentialAction":[{"@type":"SearchAction","target":{"@type":"EntryPoint","urlTemplate":"https:\/\/www.cetys.mx\/noticias\/?s={search_term_string}"},"query-input":{"@type":"PropertyValueSpecification","valueRequired":true,"valueName":"search_term_string"}}],"inLanguage":"es"},{"@type":"Person","@id":"https:\/\/www.cetys.mx\/noticias\/#\/schema\/person\/e790051ce60e18ae47cfa87011c8653f","name":"Campus Tijuana","url":"https:\/\/www.cetys.mx\/noticias\/author\/campustijuana\/"}]}},"_links":{"self":[{"href":"https:\/\/www.cetys.mx\/noticias\/wp-json\/wp\/v2\/posts\/214275","targetHints":{"allow":["GET"]}}],"collection":[{"href":"https:\/\/www.cetys.mx\/noticias\/wp-json\/wp\/v2\/posts"}],"about":[{"href":"https:\/\/www.cetys.mx\/noticias\/wp-json\/wp\/v2\/types\/post"}],"author":[{"embeddable":true,"href":"https:\/\/www.cetys.mx\/noticias\/wp-json\/wp\/v2\/users\/24"}],"replies":[{"embeddable":true,"href":"https:\/\/www.cetys.mx\/noticias\/wp-json\/wp\/v2\/comments?post=214275"}],"version-history":[{"count":1,"href":"https:\/\/www.cetys.mx\/noticias\/wp-json\/wp\/v2\/posts\/214275\/revisions"}],"predecessor-version":[{"id":214281,"href":"https:\/\/www.cetys.mx\/noticias\/wp-json\/wp\/v2\/posts\/214275\/revisions\/214281"}],"wp:featuredmedia":[{"embeddable":true,"href":"https:\/\/www.cetys.mx\/noticias\/wp-json\/wp\/v2\/media\/214278"}],"wp:attachment":[{"href":"https:\/\/www.cetys.mx\/noticias\/wp-json\/wp\/v2\/media?parent=214275"}],"wp:term":[{"taxonomy":"category","embeddable":true,"href":"https:\/\/www.cetys.mx\/noticias\/wp-json\/wp\/v2\/categories?post=214275"},{"taxonomy":"post_tag","embeddable":true,"href":"https:\/\/www.cetys.mx\/noticias\/wp-json\/wp\/v2\/tags?post=214275"}],"curies":[{"name":"wp","href":"https:\/\/api.w.org\/{rel}","templated":true}]}}