{"id":213895,"date":"2025-06-23T15:27:13","date_gmt":"2025-06-23T22:27:13","guid":{"rendered":"https:\/\/www.cetys.mx\/noticias\/?p=213895"},"modified":"2025-06-23T15:27:13","modified_gmt":"2025-06-23T22:27:13","slug":"docentes-de-cetys-participan-como-ponentes-en-conferencia-internacional-en-bogota","status":"publish","type":"post","link":"https:\/\/www.cetys.mx\/noticias\/docentes-de-cetys-participan-como-ponentes-en-conferencia-internacional-en-bogota\/","title":{"rendered":"Docentes de CETYS participan como ponentes en conferencia internacional en Bogot\u00e1"},"content":{"rendered":"<p data-start=\"352\" data-end=\"685\">Durante la<em> &#8220;X Conferencia Latinoamericana y Caribe\u00f1a de Ciencias Sociales (CLACSO)<\/em><strong>&#8220;<\/strong>\u00a0en Bogot\u00e1, Colombia, la <strong>Dra. Ingrid Kuri Alonso<\/strong> y el <strong>Dr. Alfredo Valadez Garc\u00eda<\/strong>, docentes e investigadores de <strong>CETYS Universidad <\/strong>Campus Tijuana, presentaron ponencias y compartieron escenario con colegas de m\u00e1s de 50 pa\u00edses de Am\u00e9rica Latina y Europa.<\/p>\n<p data-start=\"687\" data-end=\"1023\">Este importante encuentro internacional, cuyo eje tem\u00e1tico fue <em data-start=\"750\" data-end=\"856\">\u201cHorizontes y transformaciones para la igualdad: Democracias, resistencias, comunidades, derechos y paz\u201d<\/em>, reuni\u00f3 a m\u00e1s de <strong data-start=\"874\" data-end=\"911\">28,000 participantes presenciales<\/strong> y m\u00e1s de <strong data-start=\"921\" data-end=\"942\">300,000 virtuales<\/strong>, consolid\u00e1ndose como uno de los espacios acad\u00e9micos m\u00e1s relevantes de la regi\u00f3n.<\/p>\n\n            <style type='text\/css'>\n                #gallery-1 {\n                    margin: auto;\n                }\n                #gallery-1 .gallery-item {\n                    float: left;\n                    margin-top: 10px;\n                    text-align: center;\n                    width: 50%;\n                }\n                #gallery-1 img {\n                    border: 2px solid #cfcfcf;\n                }\n                #gallery-1 .gallery-caption {\n                    margin-left: 0;\n                }\n                \/* see gallery_shortcode() in wp-includes\/media.php *\/\n            <\/style>\n\t\t<div id='gallery-1' class='gallery galleryid-213895 gallery-columns-2 gallery-size-medium'><dl class='gallery-item'>\n                <dt class='gallery-icon landscape'>\n                    <a href='https:\/\/www.cetys.mx\/noticias\/docentes-de-cetys-participan-como-ponentes-en-conferencia-internacional-en-bogota\/docentes-cetys-en-colombia\/'><img loading=\"lazy\" decoding=\"async\" width=\"958\" height=\"637\" src=\"https:\/\/www.cetys.mx\/noticias\/wp-content\/uploads\/2025\/06\/docentes-cetys-en-colombia.jpg\" class=\"attachment-medium size-medium\" alt=\"\" srcset=\"https:\/\/www.cetys.mx\/noticias\/wp-content\/uploads\/2025\/06\/docentes-cetys-en-colombia.jpg 958w, https:\/\/www.cetys.mx\/noticias\/wp-content\/uploads\/2025\/06\/docentes-cetys-en-colombia-768x511.jpg 768w\" sizes=\"auto, (max-width: 958px) 100vw, 958px\" \/><\/a>\n                <\/dt><\/dl><dl class='gallery-item'>\n                <dt class='gallery-icon landscape'>\n                    <a href='https:\/\/www.cetys.mx\/noticias\/docentes-de-cetys-participan-como-ponentes-en-conferencia-internacional-en-bogota\/docentes-cetys-en-colombia-02\/'><img loading=\"lazy\" decoding=\"async\" width=\"1200\" height=\"797\" src=\"https:\/\/www.cetys.mx\/noticias\/wp-content\/uploads\/2025\/06\/docentes-cetys-en-colombia-02.jpg\" class=\"attachment-medium size-medium\" alt=\"\" srcset=\"https:\/\/www.cetys.mx\/noticias\/wp-content\/uploads\/2025\/06\/docentes-cetys-en-colombia-02.jpg 1200w, https:\/\/www.cetys.mx\/noticias\/wp-content\/uploads\/2025\/06\/docentes-cetys-en-colombia-02-768x510.jpg 768w\" sizes=\"auto, (max-width: 1200px) 100vw, 1200px\" \/><\/a>\n                <\/dt><\/dl><br style=\"clear: both\" \/><dl class='gallery-item'>\n                <dt class='gallery-icon landscape'>\n                    <a href='https:\/\/www.cetys.mx\/noticias\/docentes-de-cetys-participan-como-ponentes-en-conferencia-internacional-en-bogota\/docentes-cetys-en-colombia-03\/'><img loading=\"lazy\" decoding=\"async\" width=\"1200\" height=\"798\" src=\"https:\/\/www.cetys.mx\/noticias\/wp-content\/uploads\/2025\/06\/docentes-cetys-en-colombia-03.jpg\" class=\"attachment-medium size-medium\" alt=\"\" srcset=\"https:\/\/www.cetys.mx\/noticias\/wp-content\/uploads\/2025\/06\/docentes-cetys-en-colombia-03.jpg 1200w, https:\/\/www.cetys.mx\/noticias\/wp-content\/uploads\/2025\/06\/docentes-cetys-en-colombia-03-768x511.jpg 768w\" sizes=\"auto, (max-width: 1200px) 100vw, 1200px\" \/><\/a>\n                <\/dt><\/dl><dl class='gallery-item'>\n                <dt class='gallery-icon landscape'>\n                    <a href='https:\/\/www.cetys.mx\/noticias\/docentes-de-cetys-participan-como-ponentes-en-conferencia-internacional-en-bogota\/docentes-cetys-en-colombia-04\/'><img loading=\"lazy\" decoding=\"async\" width=\"1528\" height=\"1015\" src=\"https:\/\/www.cetys.mx\/noticias\/wp-content\/uploads\/2025\/06\/docentes-cetys-en-colombia-04.jpg\" class=\"attachment-medium size-medium\" alt=\"\" srcset=\"https:\/\/www.cetys.mx\/noticias\/wp-content\/uploads\/2025\/06\/docentes-cetys-en-colombia-04.jpg 1528w, https:\/\/www.cetys.mx\/noticias\/wp-content\/uploads\/2025\/06\/docentes-cetys-en-colombia-04-768x510.jpg 768w\" sizes=\"auto, (max-width: 1528px) 100vw, 1528px\" \/><\/a>\n                <\/dt><\/dl><br style=\"clear: both\" \/>\n            <\/div>\n\n<p data-start=\"1025\" data-end=\"1481\">En el marco del evento, la Dra. Kuri y el Dr. Valadez presentaron la ponencia <strong data-start=\"1103\" data-end=\"1187\">\u201cCOVID-19 y su impacto en la brecha salarial de g\u00e9nero en la frontera de M\u00e9xico\u201d<\/strong>, mientras que el Dr. Valadez tambi\u00e9n particip\u00f3 de forma independiente en colaboraci\u00f3n con la Dra. Eunice Vargas Valle (El Colegio de la Frontera Norte), con la investigaci\u00f3n <strong data-start=\"1362\" data-end=\"1480\">\u201cAspiraciones de vida y trabajo en Estados Unidos entre j\u00f3venes que estudian en la frontera norte de M\u00e9xico, 2023\u201d<\/strong>.<\/p>\n<p data-start=\"1483\" data-end=\"1677\">La participaci\u00f3n en este evento fortalece el compromiso de CETYS Universidad con la internacionalizaci\u00f3n, el desarrollo del conocimiento con impacto social y el di\u00e1logo acad\u00e9mico a nivel global.<\/p>\n","protected":false},"excerpt":{"rendered":"<p>Durante la &#8220;X Conferencia Latinoamericana y Caribe\u00f1a de Ciencias Sociales (CLACSO)&#8220;\u00a0en Bogot\u00e1, Colombia, la Dra. Ingrid Kuri Alonso y el Dr. Alfredo&#8230;<\/p>\n","protected":false},"author":24,"featured_media":213903,"comment_status":"open","ping_status":"closed","sticky":false,"template":"","format":"standard","meta":{"footnotes":""},"categories":[134,306],"tags":[328,247,398,6460],"class_list":["post-213895","post","type-post","status-publish","format-standard","has-post-thumbnail","hentry","category-campus-tijuana","category-profesional","tag-campustijuana","tag-derecho","tag-docentes","tag-inteligenciadenegocioseinnovacion"],"yoast_head":"<!-- This site is optimized with the Yoast SEO plugin v27.4 - https:\/\/yoast.com\/product\/yoast-seo-wordpress\/ -->\n<title>Docentes de CETYS participan como ponentes en conferencia internacional en Bogot\u00e1 - CETYS<\/title>\n<meta name=\"description\" content=\"Articulo sobre Docentes de CETYS participan como ponentes en conferencia internacional en Bogot\u00e1\" \/>\n<meta name=\"robots\" content=\"index, follow, max-snippet:-1, max-image-preview:large, max-video-preview:-1\" \/>\n<link rel=\"canonical\" href=\"https:\/\/www.cetys.mx\/noticias\/docentes-de-cetys-participan-como-ponentes-en-conferencia-internacional-en-bogota\/\" \/>\n<meta property=\"og:locale\" content=\"es_MX\" \/>\n<meta property=\"og:type\" content=\"article\" \/>\n<meta property=\"og:title\" content=\"Docentes de CETYS participan como ponentes en conferencia internacional en Bogot\u00e1 - CETYS\" \/>\n<meta property=\"og:description\" content=\"Articulo sobre Docentes de CETYS participan como ponentes en conferencia internacional en Bogot\u00e1\" \/>\n<meta property=\"og:url\" content=\"https:\/\/www.cetys.mx\/noticias\/docentes-de-cetys-participan-como-ponentes-en-conferencia-internacional-en-bogota\/\" \/>\n<meta property=\"og:site_name\" content=\"CETYS\" \/>\n<meta property=\"article:publisher\" content=\"https:\/\/www.facebook.com\/cetysuniversidadmxl\/\" \/>\n<meta property=\"article:published_time\" content=\"2025-06-23T22:27:13+00:00\" \/>\n<meta property=\"og:image\" content=\"https:\/\/www.cetys.mx\/noticias\/wp-content\/uploads\/2025\/06\/zorrito-viendo-colombia.jpg\" \/>\n\t<meta property=\"og:image:width\" content=\"1200\" \/>\n\t<meta property=\"og:image:height\" content=\"798\" \/>\n\t<meta property=\"og:image:type\" content=\"image\/jpeg\" \/>\n<meta name=\"author\" content=\"Campus Tijuana\" \/>\n<meta name=\"twitter:card\" content=\"summary_large_image\" \/>\n<meta name=\"twitter:creator\" content=\"@cetysuni\" \/>\n<meta name=\"twitter:site\" content=\"@cetysuni\" \/>\n<meta name=\"twitter:label1\" content=\"Escrito por\" \/>\n\t<meta name=\"twitter:data1\" content=\"Campus Tijuana\" \/>\n\t<meta name=\"twitter:label2\" content=\"Tiempo de lectura\" \/>\n\t<meta name=\"twitter:data2\" content=\"1 minuto\" \/>\n<script type=\"application\/ld+json\" class=\"yoast-schema-graph\">{\"@context\":\"https:\\\/\\\/schema.org\",\"@graph\":[{\"@type\":\"Article\",\"@id\":\"https:\\\/\\\/www.cetys.mx\\\/noticias\\\/docentes-de-cetys-participan-como-ponentes-en-conferencia-internacional-en-bogota\\\/#article\",\"isPartOf\":{\"@id\":\"https:\\\/\\\/www.cetys.mx\\\/noticias\\\/docentes-de-cetys-participan-como-ponentes-en-conferencia-internacional-en-bogota\\\/\"},\"author\":{\"name\":\"Campus Tijuana\",\"@id\":\"https:\\\/\\\/www.cetys.mx\\\/noticias\\\/#\\\/schema\\\/person\\\/e790051ce60e18ae47cfa87011c8653f\"},\"headline\":\"Docentes de CETYS participan como ponentes en conferencia internacional en Bogot\u00e1\",\"datePublished\":\"2025-06-23T22:27:13+00:00\",\"mainEntityOfPage\":{\"@id\":\"https:\\\/\\\/www.cetys.mx\\\/noticias\\\/docentes-de-cetys-participan-como-ponentes-en-conferencia-internacional-en-bogota\\\/\"},\"wordCount\":233,\"commentCount\":0,\"image\":{\"@id\":\"https:\\\/\\\/www.cetys.mx\\\/noticias\\\/docentes-de-cetys-participan-como-ponentes-en-conferencia-internacional-en-bogota\\\/#primaryimage\"},\"thumbnailUrl\":\"https:\\\/\\\/www.cetys.mx\\\/noticias\\\/wp-content\\\/uploads\\\/2025\\\/06\\\/zorrito-viendo-colombia.jpg\",\"keywords\":[\"campustijuana\",\"Derecho\",\"Docentes\",\"InteligenciadeNegocioseInnovacion\"],\"articleSection\":[\"Campus Tijuana\",\"Profesional\"],\"inLanguage\":\"es\",\"potentialAction\":[{\"@type\":\"CommentAction\",\"name\":\"Comment\",\"target\":[\"https:\\\/\\\/www.cetys.mx\\\/noticias\\\/docentes-de-cetys-participan-como-ponentes-en-conferencia-internacional-en-bogota\\\/#respond\"]}]},{\"@type\":\"WebPage\",\"@id\":\"https:\\\/\\\/www.cetys.mx\\\/noticias\\\/docentes-de-cetys-participan-como-ponentes-en-conferencia-internacional-en-bogota\\\/\",\"url\":\"https:\\\/\\\/www.cetys.mx\\\/noticias\\\/docentes-de-cetys-participan-como-ponentes-en-conferencia-internacional-en-bogota\\\/\",\"name\":\"Docentes de CETYS participan como ponentes en conferencia internacional en Bogot\u00e1 - CETYS\",\"isPartOf\":{\"@id\":\"https:\\\/\\\/www.cetys.mx\\\/noticias\\\/#website\"},\"primaryImageOfPage\":{\"@id\":\"https:\\\/\\\/www.cetys.mx\\\/noticias\\\/docentes-de-cetys-participan-como-ponentes-en-conferencia-internacional-en-bogota\\\/#primaryimage\"},\"image\":{\"@id\":\"https:\\\/\\\/www.cetys.mx\\\/noticias\\\/docentes-de-cetys-participan-como-ponentes-en-conferencia-internacional-en-bogota\\\/#primaryimage\"},\"thumbnailUrl\":\"https:\\\/\\\/www.cetys.mx\\\/noticias\\\/wp-content\\\/uploads\\\/2025\\\/06\\\/zorrito-viendo-colombia.jpg\",\"datePublished\":\"2025-06-23T22:27:13+00:00\",\"author\":{\"@id\":\"https:\\\/\\\/www.cetys.mx\\\/noticias\\\/#\\\/schema\\\/person\\\/e790051ce60e18ae47cfa87011c8653f\"},\"description\":\"Articulo sobre Docentes de CETYS participan como ponentes en conferencia internacional en Bogot\u00e1\",\"breadcrumb\":{\"@id\":\"https:\\\/\\\/www.cetys.mx\\\/noticias\\\/docentes-de-cetys-participan-como-ponentes-en-conferencia-internacional-en-bogota\\\/#breadcrumb\"},\"inLanguage\":\"es\",\"potentialAction\":[{\"@type\":\"ReadAction\",\"target\":[\"https:\\\/\\\/www.cetys.mx\\\/noticias\\\/docentes-de-cetys-participan-como-ponentes-en-conferencia-internacional-en-bogota\\\/\"]}]},{\"@type\":\"ImageObject\",\"inLanguage\":\"es\",\"@id\":\"https:\\\/\\\/www.cetys.mx\\\/noticias\\\/docentes-de-cetys-participan-como-ponentes-en-conferencia-internacional-en-bogota\\\/#primaryimage\",\"url\":\"https:\\\/\\\/www.cetys.mx\\\/noticias\\\/wp-content\\\/uploads\\\/2025\\\/06\\\/zorrito-viendo-colombia.jpg\",\"contentUrl\":\"https:\\\/\\\/www.cetys.mx\\\/noticias\\\/wp-content\\\/uploads\\\/2025\\\/06\\\/zorrito-viendo-colombia.jpg\",\"width\":1200,\"height\":798},{\"@type\":\"BreadcrumbList\",\"@id\":\"https:\\\/\\\/www.cetys.mx\\\/noticias\\\/docentes-de-cetys-participan-como-ponentes-en-conferencia-internacional-en-bogota\\\/#breadcrumb\",\"itemListElement\":[{\"@type\":\"ListItem\",\"position\":1,\"name\":\"Inicio\",\"item\":\"https:\\\/\\\/www.cetys.mx\\\/noticias\\\/\"},{\"@type\":\"ListItem\",\"position\":2,\"name\":\"Docentes de CETYS participan como ponentes en conferencia internacional en Bogot\u00e1\"}]},{\"@type\":\"WebSite\",\"@id\":\"https:\\\/\\\/www.cetys.mx\\\/noticias\\\/#website\",\"url\":\"https:\\\/\\\/www.cetys.mx\\\/noticias\\\/\",\"name\":\"CETYS\",\"description\":\"\",\"potentialAction\":[{\"@type\":\"SearchAction\",\"target\":{\"@type\":\"EntryPoint\",\"urlTemplate\":\"https:\\\/\\\/www.cetys.mx\\\/noticias\\\/?s={search_term_string}\"},\"query-input\":{\"@type\":\"PropertyValueSpecification\",\"valueRequired\":true,\"valueName\":\"search_term_string\"}}],\"inLanguage\":\"es\"},{\"@type\":\"Person\",\"@id\":\"https:\\\/\\\/www.cetys.mx\\\/noticias\\\/#\\\/schema\\\/person\\\/e790051ce60e18ae47cfa87011c8653f\",\"name\":\"Campus Tijuana\",\"url\":\"https:\\\/\\\/www.cetys.mx\\\/noticias\\\/author\\\/campustijuana\\\/\"}]}<\/script>\n<!-- \/ Yoast SEO plugin. -->","yoast_head_json":{"title":"Docentes de CETYS participan como ponentes en conferencia internacional en Bogot\u00e1 - CETYS","description":"Articulo sobre Docentes de CETYS participan como ponentes en conferencia internacional en Bogot\u00e1","robots":{"index":"index","follow":"follow","max-snippet":"max-snippet:-1","max-image-preview":"max-image-preview:large","max-video-preview":"max-video-preview:-1"},"canonical":"https:\/\/www.cetys.mx\/noticias\/docentes-de-cetys-participan-como-ponentes-en-conferencia-internacional-en-bogota\/","og_locale":"es_MX","og_type":"article","og_title":"Docentes de CETYS participan como ponentes en conferencia internacional en Bogot\u00e1 - CETYS","og_description":"Articulo sobre Docentes de CETYS participan como ponentes en conferencia internacional en Bogot\u00e1","og_url":"https:\/\/www.cetys.mx\/noticias\/docentes-de-cetys-participan-como-ponentes-en-conferencia-internacional-en-bogota\/","og_site_name":"CETYS","article_publisher":"https:\/\/www.facebook.com\/cetysuniversidadmxl\/","article_published_time":"2025-06-23T22:27:13+00:00","og_image":[{"width":1200,"height":798,"url":"https:\/\/www.cetys.mx\/noticias\/wp-content\/uploads\/2025\/06\/zorrito-viendo-colombia.jpg","type":"image\/jpeg"}],"author":"Campus Tijuana","twitter_card":"summary_large_image","twitter_creator":"@cetysuni","twitter_site":"@cetysuni","twitter_misc":{"Escrito por":"Campus Tijuana","Tiempo de lectura":"1 minuto"},"schema":{"@context":"https:\/\/schema.org","@graph":[{"@type":"Article","@id":"https:\/\/www.cetys.mx\/noticias\/docentes-de-cetys-participan-como-ponentes-en-conferencia-internacional-en-bogota\/#article","isPartOf":{"@id":"https:\/\/www.cetys.mx\/noticias\/docentes-de-cetys-participan-como-ponentes-en-conferencia-internacional-en-bogota\/"},"author":{"name":"Campus Tijuana","@id":"https:\/\/www.cetys.mx\/noticias\/#\/schema\/person\/e790051ce60e18ae47cfa87011c8653f"},"headline":"Docentes de CETYS participan como ponentes en conferencia internacional en Bogot\u00e1","datePublished":"2025-06-23T22:27:13+00:00","mainEntityOfPage":{"@id":"https:\/\/www.cetys.mx\/noticias\/docentes-de-cetys-participan-como-ponentes-en-conferencia-internacional-en-bogota\/"},"wordCount":233,"commentCount":0,"image":{"@id":"https:\/\/www.cetys.mx\/noticias\/docentes-de-cetys-participan-como-ponentes-en-conferencia-internacional-en-bogota\/#primaryimage"},"thumbnailUrl":"https:\/\/www.cetys.mx\/noticias\/wp-content\/uploads\/2025\/06\/zorrito-viendo-colombia.jpg","keywords":["campustijuana","Derecho","Docentes","InteligenciadeNegocioseInnovacion"],"articleSection":["Campus Tijuana","Profesional"],"inLanguage":"es","potentialAction":[{"@type":"CommentAction","name":"Comment","target":["https:\/\/www.cetys.mx\/noticias\/docentes-de-cetys-participan-como-ponentes-en-conferencia-internacional-en-bogota\/#respond"]}]},{"@type":"WebPage","@id":"https:\/\/www.cetys.mx\/noticias\/docentes-de-cetys-participan-como-ponentes-en-conferencia-internacional-en-bogota\/","url":"https:\/\/www.cetys.mx\/noticias\/docentes-de-cetys-participan-como-ponentes-en-conferencia-internacional-en-bogota\/","name":"Docentes de CETYS participan como ponentes en conferencia internacional en Bogot\u00e1 - CETYS","isPartOf":{"@id":"https:\/\/www.cetys.mx\/noticias\/#website"},"primaryImageOfPage":{"@id":"https:\/\/www.cetys.mx\/noticias\/docentes-de-cetys-participan-como-ponentes-en-conferencia-internacional-en-bogota\/#primaryimage"},"image":{"@id":"https:\/\/www.cetys.mx\/noticias\/docentes-de-cetys-participan-como-ponentes-en-conferencia-internacional-en-bogota\/#primaryimage"},"thumbnailUrl":"https:\/\/www.cetys.mx\/noticias\/wp-content\/uploads\/2025\/06\/zorrito-viendo-colombia.jpg","datePublished":"2025-06-23T22:27:13+00:00","author":{"@id":"https:\/\/www.cetys.mx\/noticias\/#\/schema\/person\/e790051ce60e18ae47cfa87011c8653f"},"description":"Articulo sobre Docentes de CETYS participan como ponentes en conferencia internacional en Bogot\u00e1","breadcrumb":{"@id":"https:\/\/www.cetys.mx\/noticias\/docentes-de-cetys-participan-como-ponentes-en-conferencia-internacional-en-bogota\/#breadcrumb"},"inLanguage":"es","potentialAction":[{"@type":"ReadAction","target":["https:\/\/www.cetys.mx\/noticias\/docentes-de-cetys-participan-como-ponentes-en-conferencia-internacional-en-bogota\/"]}]},{"@type":"ImageObject","inLanguage":"es","@id":"https:\/\/www.cetys.mx\/noticias\/docentes-de-cetys-participan-como-ponentes-en-conferencia-internacional-en-bogota\/#primaryimage","url":"https:\/\/www.cetys.mx\/noticias\/wp-content\/uploads\/2025\/06\/zorrito-viendo-colombia.jpg","contentUrl":"https:\/\/www.cetys.mx\/noticias\/wp-content\/uploads\/2025\/06\/zorrito-viendo-colombia.jpg","width":1200,"height":798},{"@type":"BreadcrumbList","@id":"https:\/\/www.cetys.mx\/noticias\/docentes-de-cetys-participan-como-ponentes-en-conferencia-internacional-en-bogota\/#breadcrumb","itemListElement":[{"@type":"ListItem","position":1,"name":"Inicio","item":"https:\/\/www.cetys.mx\/noticias\/"},{"@type":"ListItem","position":2,"name":"Docentes de CETYS participan como ponentes en conferencia internacional en Bogot\u00e1"}]},{"@type":"WebSite","@id":"https:\/\/www.cetys.mx\/noticias\/#website","url":"https:\/\/www.cetys.mx\/noticias\/","name":"CETYS","description":"","potentialAction":[{"@type":"SearchAction","target":{"@type":"EntryPoint","urlTemplate":"https:\/\/www.cetys.mx\/noticias\/?s={search_term_string}"},"query-input":{"@type":"PropertyValueSpecification","valueRequired":true,"valueName":"search_term_string"}}],"inLanguage":"es"},{"@type":"Person","@id":"https:\/\/www.cetys.mx\/noticias\/#\/schema\/person\/e790051ce60e18ae47cfa87011c8653f","name":"Campus Tijuana","url":"https:\/\/www.cetys.mx\/noticias\/author\/campustijuana\/"}]}},"_links":{"self":[{"href":"https:\/\/www.cetys.mx\/noticias\/wp-json\/wp\/v2\/posts\/213895","targetHints":{"allow":["GET"]}}],"collection":[{"href":"https:\/\/www.cetys.mx\/noticias\/wp-json\/wp\/v2\/posts"}],"about":[{"href":"https:\/\/www.cetys.mx\/noticias\/wp-json\/wp\/v2\/types\/post"}],"author":[{"embeddable":true,"href":"https:\/\/www.cetys.mx\/noticias\/wp-json\/wp\/v2\/users\/24"}],"replies":[{"embeddable":true,"href":"https:\/\/www.cetys.mx\/noticias\/wp-json\/wp\/v2\/comments?post=213895"}],"version-history":[{"count":1,"href":"https:\/\/www.cetys.mx\/noticias\/wp-json\/wp\/v2\/posts\/213895\/revisions"}],"predecessor-version":[{"id":213906,"href":"https:\/\/www.cetys.mx\/noticias\/wp-json\/wp\/v2\/posts\/213895\/revisions\/213906"}],"wp:featuredmedia":[{"embeddable":true,"href":"https:\/\/www.cetys.mx\/noticias\/wp-json\/wp\/v2\/media\/213903"}],"wp:attachment":[{"href":"https:\/\/www.cetys.mx\/noticias\/wp-json\/wp\/v2\/media?parent=213895"}],"wp:term":[{"taxonomy":"category","embeddable":true,"href":"https:\/\/www.cetys.mx\/noticias\/wp-json\/wp\/v2\/categories?post=213895"},{"taxonomy":"post_tag","embeddable":true,"href":"https:\/\/www.cetys.mx\/noticias\/wp-json\/wp\/v2\/tags?post=213895"}],"curies":[{"name":"wp","href":"https:\/\/api.w.org\/{rel}","templated":true}]}}