{"id":213318,"date":"2025-06-05T10:09:59","date_gmt":"2025-06-05T17:09:59","guid":{"rendered":"https:\/\/www.cetys.mx\/noticias\/?p=213318"},"modified":"2025-06-05T11:40:13","modified_gmt":"2025-06-05T18:40:13","slug":"kamila-garcia-recibe-la-beca-de-excelencia-ing-jesus-alfonso-marin-jimenez-en-cetys-universidad","status":"publish","type":"post","link":"https:\/\/www.cetys.mx\/noticias\/kamila-garcia-recibe-la-beca-de-excelencia-ing-jesus-alfonso-marin-jimenez-en-cetys-universidad\/","title":{"rendered":"Kamila Garc\u00eda recibe la Beca de Excelencia Ing. Jes\u00fas Alfonso Mar\u00edn Jim\u00e9nez en CETYS Universidad"},"content":{"rendered":"<p><span style=\"font-weight: 400;\">En una emotiva ceremonia celebrada en CETYS Universidad Campus Mexicali, la alumna <strong>Kamila Garc\u00eda Zamora<\/strong>, estudiante de<a href=\"https:\/\/www.cetys.mx\/programas\/ingenieria-mecatronica\/\"> Ingenier\u00eda en Mecatr\u00f3nica<\/a> en Campus Tijuana, fue reconocida con la <strong>Beca de Excelencia Ing. Jes\u00fas Alfonso Mar\u00edn Jim\u00e9nez<\/strong>, una distinci\u00f3n que premia el compromiso, liderazgo y alto rendimiento acad\u00e9mico de estudiantes que representan los valores m\u00e1s elevados de la instituci\u00f3n.<\/span><\/p>\n<p><span style=\"font-weight: 400;\">Esta beca, instaurada a perpetuidad en honor al legado del Ing. Mar\u00edn Jim\u00e9nez, quien fue rector y figura clave en el desarrollo de CETYS por m\u00e1s de 28 a\u00f1os, cubre el 100% de la colegiatura del \u00faltimo a\u00f1o de estudios y se otorga anualmente al estudiante de licenciatura que encarne los principios de excelencia acad\u00e9mica, participaci\u00f3n activa en actividades formativas, liderazgo y servicio a la comunidad.<\/span><\/p>\n<p><span style=\"font-weight: 400;\">Durante la ceremonia, el<strong> Dr. Fernando Le\u00f3n Garc\u00eda<\/strong>, Rector del Sistema CETYS Universidad, destac\u00f3:<\/span><\/p>\n<blockquote><p><span style=\"font-weight: 400;\">\u201cEste momento nos provoca no solo para reconocer el m\u00e9rito, el esfuerzo y la excelencia de una estudiante ejemplar, sino tambi\u00e9n para rendir homenaje a una figura inolvidable que marc\u00f3 para siempre el rumbo de nuestra universidad, el Ing. Jes\u00fas Alfonso Mar\u00edn Jim\u00e9nez. Kamila, tu historia refleja ese mismo compromiso; has demostrado que la excelencia no es un accidente, sino el fruto del esfuerzo constante y del amor por lo que uno hace.\u201d<\/span><\/p><\/blockquote>\n<p><span style=\"font-weight: 400;\">Kamila Garc\u00eda estudi\u00f3 la preparatoria p\u00fablica Cetis 58, comenz\u00f3 en CETYS Universidad Campus Tijuana en Ingenier\u00eda en Energ\u00edas Renovables y con beca, pero durante los primeros semestres se dio cuenta de su pasi\u00f3n por los cohetes y la aeron\u00e1utica, ahora se encuentra por comenzar su \u00faltimo a\u00f1o en Ingenier\u00eda Mecatr\u00f3nica.<\/span><\/p>\n<p><span style=\"font-weight: 400;\">En 2022, fue una de las integrantes del equipo de mujeres mexicanas aceptadas en el Congreso Internacional de Astron\u00e1utica. Con apoyo logr\u00f3 llegar al Congreso Internacional de Astron\u00e1utica del mismo y tambi\u00e9n ha participado en diversas competencias de rob\u00f3tica como ARLISS, contienda internacional de Nevada, en Estados Unidos.\u00a0<\/span><\/p>\n<p><span style=\"font-weight: 400;\">La entrega de la beca fue presidida por autoridades acad\u00e9micas y administrativas del Sistema CETYS, as\u00ed como por familiares, docentes y la Sra. Elda Corona de Mar\u00edn, quien comparti\u00f3 un mensaje personal en memoria de su esposo, el Ing. Mar\u00edn, y expres\u00f3 su emoci\u00f3n por ver c\u00f3mo su legado sigue impactando positivamente en las nuevas generaciones.<\/span><\/p>\n<blockquote><p><span style=\"font-weight: 400;\">\u201cMi esposo siempre crey\u00f3 en apoyar a los dem\u00e1s para que lograran sus metas, y eso refleja el esp\u00edritu de CETYS. Me honra estar aqu\u00ed, porque esta beca celebra su legado en la educaci\u00f3n y el impacto que tuvo en muchas vidas.\u201d<\/span><\/p><\/blockquote>\n<p><span style=\"font-weight: 400;\">Con profunda gratitud, Kamila dirigi\u00f3 un mensaje a los asistentes:<\/span><\/p>\n<blockquote><p><span style=\"font-weight: 400;\">\u201cEsta beca es un respiro para mi y mi familia, me da mucha paz que puedo ayudar a mis pap\u00e1s que se han esforzado mucho para que yo pueda seguir estudiando. Y estoy convencida que llegar\u00e9 lejos y hasta el cielo.\u201d<\/span><\/p><\/blockquote>\n<p><span style=\"font-weight: 400;\">La Beca de Excelencia Ing. Jes\u00fas Alfonso Mar\u00edn Jim\u00e9nez simboliza no solo un reconocimiento acad\u00e9mico, sino una invitaci\u00f3n a seguir construyendo un futuro con prop\u00f3sito, visi\u00f3n y compromiso, valores que Kamila representa con orgullo en cada paso de su formaci\u00f3n.<\/span><\/p>\n<div class=\"gallery-slider-wrapper gallery-1\">\n                        <div class=\"gallery-slider\" itemscope itemtype=\"http:\/\/schema.org\/ImageGallery\"><figure class=\"slide\" itemprop=\"associatedMedia\" itemscope itemtype=\"http:\/\/schema.org\/ImageObject\">\n                    <a itemprop=\"contentUrl\" href=\"https:\/\/www.cetys.mx\/noticias\/wp-content\/uploads\/2025\/06\/BECA1.jpg\">\n                        <img decoding=\"async\" itemprop=\"thumbnail\" class=\"lazyOwl\" src=\"https:\/\/www.cetys.mx\/noticias\/wp-content\/plugins\/jmagz-plugin\/assets\/placeholder\/900x450.png\" data-src=\"https:\/\/www.cetys.mx\/noticias\/wp-content\/uploads\/2025\/06\/BECA1.jpg\" alt=\"\">\n                    <\/a>\n                    <figcaption itemprop=\"caption description\" class=\"slide-caption\">\n                        \n                    <\/figcaption>\n                <\/figure><figure class=\"slide\" itemprop=\"associatedMedia\" itemscope itemtype=\"http:\/\/schema.org\/ImageObject\">\n                    <a itemprop=\"contentUrl\" href=\"https:\/\/www.cetys.mx\/noticias\/wp-content\/uploads\/2025\/06\/BECA4.jpg\">\n                        <img decoding=\"async\" itemprop=\"thumbnail\" class=\"lazyOwl\" src=\"https:\/\/www.cetys.mx\/noticias\/wp-content\/plugins\/jmagz-plugin\/assets\/placeholder\/900x450.png\" data-src=\"https:\/\/www.cetys.mx\/noticias\/wp-content\/uploads\/2025\/06\/BECA4.jpg\" alt=\"\">\n                    <\/a>\n                    <figcaption itemprop=\"caption description\" class=\"slide-caption\">\n                        \n                    <\/figcaption>\n                <\/figure><figure class=\"slide\" itemprop=\"associatedMedia\" itemscope itemtype=\"http:\/\/schema.org\/ImageObject\">\n                    <a itemprop=\"contentUrl\" href=\"https:\/\/www.cetys.mx\/noticias\/wp-content\/uploads\/2025\/06\/BECA2.jpg\">\n                        <img decoding=\"async\" itemprop=\"thumbnail\" class=\"lazyOwl\" src=\"https:\/\/www.cetys.mx\/noticias\/wp-content\/plugins\/jmagz-plugin\/assets\/placeholder\/900x450.png\" data-src=\"https:\/\/www.cetys.mx\/noticias\/wp-content\/uploads\/2025\/06\/BECA2.jpg\" alt=\"\">\n                    <\/a>\n                    <figcaption itemprop=\"caption description\" class=\"slide-caption\">\n                        \n                    <\/figcaption>\n                <\/figure><figure class=\"slide\" itemprop=\"associatedMedia\" itemscope itemtype=\"http:\/\/schema.org\/ImageObject\">\n                    <a itemprop=\"contentUrl\" href=\"https:\/\/www.cetys.mx\/noticias\/wp-content\/uploads\/2025\/06\/BECA3.jpg\">\n                        <img decoding=\"async\" itemprop=\"thumbnail\" class=\"lazyOwl\" src=\"https:\/\/www.cetys.mx\/noticias\/wp-content\/plugins\/jmagz-plugin\/assets\/placeholder\/900x450.png\" data-src=\"https:\/\/www.cetys.mx\/noticias\/wp-content\/uploads\/2025\/06\/BECA3.jpg\" alt=\"\">\n                    <\/a>\n                    <figcaption itemprop=\"caption description\" class=\"slide-caption\">\n                        \n                    <\/figcaption>\n                <\/figure><figure class=\"slide\" itemprop=\"associatedMedia\" itemscope itemtype=\"http:\/\/schema.org\/ImageObject\">\n                    <a itemprop=\"contentUrl\" href=\"https:\/\/www.cetys.mx\/noticias\/wp-content\/uploads\/2025\/06\/BECA7.jpg\">\n                        <img decoding=\"async\" itemprop=\"thumbnail\" class=\"lazyOwl\" src=\"https:\/\/www.cetys.mx\/noticias\/wp-content\/plugins\/jmagz-plugin\/assets\/placeholder\/900x450.png\" data-src=\"https:\/\/www.cetys.mx\/noticias\/wp-content\/uploads\/2025\/06\/BECA7.jpg\" alt=\"\">\n                    <\/a>\n                    <figcaption itemprop=\"caption description\" class=\"slide-caption\">\n                        \n                    <\/figcaption>\n                <\/figure><figure class=\"slide\" itemprop=\"associatedMedia\" itemscope itemtype=\"http:\/\/schema.org\/ImageObject\">\n                    <a itemprop=\"contentUrl\" href=\"https:\/\/www.cetys.mx\/noticias\/wp-content\/uploads\/2025\/06\/BECA5.jpg\">\n                        <img decoding=\"async\" itemprop=\"thumbnail\" class=\"lazyOwl\" src=\"https:\/\/www.cetys.mx\/noticias\/wp-content\/plugins\/jmagz-plugin\/assets\/placeholder\/900x450.png\" data-src=\"https:\/\/www.cetys.mx\/noticias\/wp-content\/uploads\/2025\/06\/BECA5.jpg\" alt=\"\">\n                    <\/a>\n                    <figcaption itemprop=\"caption description\" class=\"slide-caption\">\n                        \n                    <\/figcaption>\n                <\/figure><\/div>\n                <div class=\"gallery-slider-thumbnail-wrapper\">\n                    <div class=\"gallery-slider-thumbnail\"><div class=\"slide-thumbnail\"><img decoding=\"async\" class=\"lazyOwl\" src=\"https:\/\/www.cetys.mx\/noticias\/wp-content\/plugins\/jmagz-plugin\/assets\/placeholder\/150x75.png\" data-src=\"https:\/\/www.cetys.mx\/noticias\/wp-content\/uploads\/2025\/06\/BECA1.jpg\" alt=\"\"><\/div><div class=\"slide-thumbnail\"><img decoding=\"async\" class=\"lazyOwl\" src=\"https:\/\/www.cetys.mx\/noticias\/wp-content\/plugins\/jmagz-plugin\/assets\/placeholder\/150x75.png\" data-src=\"https:\/\/www.cetys.mx\/noticias\/wp-content\/uploads\/2025\/06\/BECA4.jpg\" alt=\"\"><\/div><div class=\"slide-thumbnail\"><img decoding=\"async\" class=\"lazyOwl\" src=\"https:\/\/www.cetys.mx\/noticias\/wp-content\/plugins\/jmagz-plugin\/assets\/placeholder\/150x75.png\" data-src=\"https:\/\/www.cetys.mx\/noticias\/wp-content\/uploads\/2025\/06\/BECA2.jpg\" alt=\"\"><\/div><div class=\"slide-thumbnail\"><img decoding=\"async\" class=\"lazyOwl\" src=\"https:\/\/www.cetys.mx\/noticias\/wp-content\/plugins\/jmagz-plugin\/assets\/placeholder\/150x75.png\" data-src=\"https:\/\/www.cetys.mx\/noticias\/wp-content\/uploads\/2025\/06\/BECA3.jpg\" alt=\"\"><\/div><div class=\"slide-thumbnail\"><img decoding=\"async\" class=\"lazyOwl\" src=\"https:\/\/www.cetys.mx\/noticias\/wp-content\/plugins\/jmagz-plugin\/assets\/placeholder\/150x75.png\" data-src=\"https:\/\/www.cetys.mx\/noticias\/wp-content\/uploads\/2025\/06\/BECA7.jpg\" alt=\"\"><\/div><div class=\"slide-thumbnail\"><img decoding=\"async\" class=\"lazyOwl\" src=\"https:\/\/www.cetys.mx\/noticias\/wp-content\/plugins\/jmagz-plugin\/assets\/placeholder\/150x75.png\" data-src=\"https:\/\/www.cetys.mx\/noticias\/wp-content\/uploads\/2025\/06\/BECA5.jpg\" alt=\"\"><\/div><\/div><\/div><\/div>\n","protected":false},"excerpt":{"rendered":"<p>En una emotiva ceremonia celebrada en CETYS Universidad Campus Mexicali, la alumna Kamila Garc\u00eda Zamora, estudiante de Ingenier\u00eda en Mecatr\u00f3nica en Campus&#8230;<\/p>\n","protected":false},"author":26,"featured_media":213327,"comment_status":"open","ping_status":"closed","sticky":false,"template":"","format":"standard","meta":{"footnotes":""},"categories":[133,2830,1850,125,306,313],"tags":[328,1325],"class_list":["post-213318","post","type-post","status-publish","format-standard","has-post-thumbnail","hentry","category-campus-mexicali","category-excelencia-academica","category-ingenieria","category-portada","category-profesional","category-vocetys-2","tag-campustijuana","tag-mecatronica"],"yoast_head":"<!-- This site is optimized with the Yoast SEO plugin v27.4 - https:\/\/yoast.com\/product\/yoast-seo-wordpress\/ -->\n<title>Kamila Garc\u00eda recibe la Beca de Excelencia Ing. Jes\u00fas Alfonso Mar\u00edn Jim\u00e9nez en CETYS Universidad - CETYS<\/title>\n<meta name=\"description\" content=\"Articulo sobre Kamila Garc\u00eda recibe la Beca de Excelencia Ing. Jes\u00fas Alfonso Mar\u00edn Jim\u00e9nez en CETYS Universidad\" \/>\n<meta name=\"robots\" content=\"index, follow, max-snippet:-1, max-image-preview:large, max-video-preview:-1\" \/>\n<link rel=\"canonical\" href=\"https:\/\/www.cetys.mx\/noticias\/kamila-garcia-recibe-la-beca-de-excelencia-ing-jesus-alfonso-marin-jimenez-en-cetys-universidad\/\" \/>\n<meta property=\"og:locale\" content=\"es_MX\" \/>\n<meta property=\"og:type\" content=\"article\" \/>\n<meta property=\"og:title\" content=\"Kamila Garc\u00eda recibe la Beca de Excelencia Ing. Jes\u00fas Alfonso Mar\u00edn Jim\u00e9nez en CETYS Universidad - CETYS\" \/>\n<meta property=\"og:description\" content=\"Articulo sobre Kamila Garc\u00eda recibe la Beca de Excelencia Ing. Jes\u00fas Alfonso Mar\u00edn Jim\u00e9nez en CETYS Universidad\" \/>\n<meta property=\"og:url\" content=\"https:\/\/www.cetys.mx\/noticias\/kamila-garcia-recibe-la-beca-de-excelencia-ing-jesus-alfonso-marin-jimenez-en-cetys-universidad\/\" \/>\n<meta property=\"og:site_name\" content=\"CETYS\" \/>\n<meta property=\"article:publisher\" content=\"https:\/\/www.facebook.com\/cetysuniversidadmxl\/\" \/>\n<meta property=\"article:published_time\" content=\"2025-06-05T17:09:59+00:00\" \/>\n<meta property=\"article:modified_time\" content=\"2025-06-05T18:40:13+00:00\" \/>\n<meta property=\"og:image\" content=\"https:\/\/www.cetys.mx\/noticias\/wp-content\/uploads\/2025\/06\/BECA6.jpg\" \/>\n\t<meta property=\"og:image:width\" content=\"958\" \/>\n\t<meta property=\"og:image:height\" content=\"639\" \/>\n\t<meta property=\"og:image:type\" content=\"image\/jpeg\" \/>\n<meta name=\"author\" content=\"CETYS Institucional\" \/>\n<meta name=\"twitter:card\" content=\"summary_large_image\" \/>\n<meta name=\"twitter:creator\" content=\"@cetysuni\" \/>\n<meta name=\"twitter:site\" content=\"@cetysuni\" \/>\n<meta name=\"twitter:label1\" content=\"Escrito por\" \/>\n\t<meta name=\"twitter:data1\" content=\"CETYS Institucional\" \/>\n\t<meta name=\"twitter:label2\" content=\"Tiempo de lectura\" \/>\n\t<meta name=\"twitter:data2\" content=\"3 minutos\" \/>\n<script type=\"application\/ld+json\" class=\"yoast-schema-graph\">{\"@context\":\"https:\\\/\\\/schema.org\",\"@graph\":[{\"@type\":\"Article\",\"@id\":\"https:\\\/\\\/www.cetys.mx\\\/noticias\\\/kamila-garcia-recibe-la-beca-de-excelencia-ing-jesus-alfonso-marin-jimenez-en-cetys-universidad\\\/#article\",\"isPartOf\":{\"@id\":\"https:\\\/\\\/www.cetys.mx\\\/noticias\\\/kamila-garcia-recibe-la-beca-de-excelencia-ing-jesus-alfonso-marin-jimenez-en-cetys-universidad\\\/\"},\"author\":{\"name\":\"CETYS Institucional\",\"@id\":\"https:\\\/\\\/www.cetys.mx\\\/noticias\\\/#\\\/schema\\\/person\\\/e9d2b35265b64aa454df57a2828eb2ac\"},\"headline\":\"Kamila Garc\u00eda recibe la Beca de Excelencia Ing. Jes\u00fas Alfonso Mar\u00edn Jim\u00e9nez en CETYS Universidad\",\"datePublished\":\"2025-06-05T17:09:59+00:00\",\"dateModified\":\"2025-06-05T18:40:13+00:00\",\"mainEntityOfPage\":{\"@id\":\"https:\\\/\\\/www.cetys.mx\\\/noticias\\\/kamila-garcia-recibe-la-beca-de-excelencia-ing-jesus-alfonso-marin-jimenez-en-cetys-universidad\\\/\"},\"wordCount\":570,\"commentCount\":0,\"image\":{\"@id\":\"https:\\\/\\\/www.cetys.mx\\\/noticias\\\/kamila-garcia-recibe-la-beca-de-excelencia-ing-jesus-alfonso-marin-jimenez-en-cetys-universidad\\\/#primaryimage\"},\"thumbnailUrl\":\"https:\\\/\\\/www.cetys.mx\\\/noticias\\\/wp-content\\\/uploads\\\/2025\\\/06\\\/BECA6.jpg\",\"keywords\":[\"campustijuana\",\"Mecatr\u00f3nica\"],\"articleSection\":[\"Campus Mexicali\",\"Excelencia Acad\u00e9mica\",\"Ingenier\u00eda\",\"Portada\",\"Profesional\",\"VoCETYS\"],\"inLanguage\":\"es\",\"potentialAction\":[{\"@type\":\"CommentAction\",\"name\":\"Comment\",\"target\":[\"https:\\\/\\\/www.cetys.mx\\\/noticias\\\/kamila-garcia-recibe-la-beca-de-excelencia-ing-jesus-alfonso-marin-jimenez-en-cetys-universidad\\\/#respond\"]}]},{\"@type\":\"WebPage\",\"@id\":\"https:\\\/\\\/www.cetys.mx\\\/noticias\\\/kamila-garcia-recibe-la-beca-de-excelencia-ing-jesus-alfonso-marin-jimenez-en-cetys-universidad\\\/\",\"url\":\"https:\\\/\\\/www.cetys.mx\\\/noticias\\\/kamila-garcia-recibe-la-beca-de-excelencia-ing-jesus-alfonso-marin-jimenez-en-cetys-universidad\\\/\",\"name\":\"Kamila Garc\u00eda recibe la Beca de Excelencia Ing. Jes\u00fas Alfonso Mar\u00edn Jim\u00e9nez en CETYS Universidad - CETYS\",\"isPartOf\":{\"@id\":\"https:\\\/\\\/www.cetys.mx\\\/noticias\\\/#website\"},\"primaryImageOfPage\":{\"@id\":\"https:\\\/\\\/www.cetys.mx\\\/noticias\\\/kamila-garcia-recibe-la-beca-de-excelencia-ing-jesus-alfonso-marin-jimenez-en-cetys-universidad\\\/#primaryimage\"},\"image\":{\"@id\":\"https:\\\/\\\/www.cetys.mx\\\/noticias\\\/kamila-garcia-recibe-la-beca-de-excelencia-ing-jesus-alfonso-marin-jimenez-en-cetys-universidad\\\/#primaryimage\"},\"thumbnailUrl\":\"https:\\\/\\\/www.cetys.mx\\\/noticias\\\/wp-content\\\/uploads\\\/2025\\\/06\\\/BECA6.jpg\",\"datePublished\":\"2025-06-05T17:09:59+00:00\",\"dateModified\":\"2025-06-05T18:40:13+00:00\",\"author\":{\"@id\":\"https:\\\/\\\/www.cetys.mx\\\/noticias\\\/#\\\/schema\\\/person\\\/e9d2b35265b64aa454df57a2828eb2ac\"},\"description\":\"Articulo sobre Kamila Garc\u00eda recibe la Beca de Excelencia Ing. Jes\u00fas Alfonso Mar\u00edn Jim\u00e9nez en CETYS Universidad\",\"breadcrumb\":{\"@id\":\"https:\\\/\\\/www.cetys.mx\\\/noticias\\\/kamila-garcia-recibe-la-beca-de-excelencia-ing-jesus-alfonso-marin-jimenez-en-cetys-universidad\\\/#breadcrumb\"},\"inLanguage\":\"es\",\"potentialAction\":[{\"@type\":\"ReadAction\",\"target\":[\"https:\\\/\\\/www.cetys.mx\\\/noticias\\\/kamila-garcia-recibe-la-beca-de-excelencia-ing-jesus-alfonso-marin-jimenez-en-cetys-universidad\\\/\"]}]},{\"@type\":\"ImageObject\",\"inLanguage\":\"es\",\"@id\":\"https:\\\/\\\/www.cetys.mx\\\/noticias\\\/kamila-garcia-recibe-la-beca-de-excelencia-ing-jesus-alfonso-marin-jimenez-en-cetys-universidad\\\/#primaryimage\",\"url\":\"https:\\\/\\\/www.cetys.mx\\\/noticias\\\/wp-content\\\/uploads\\\/2025\\\/06\\\/BECA6.jpg\",\"contentUrl\":\"https:\\\/\\\/www.cetys.mx\\\/noticias\\\/wp-content\\\/uploads\\\/2025\\\/06\\\/BECA6.jpg\",\"width\":958,\"height\":639},{\"@type\":\"BreadcrumbList\",\"@id\":\"https:\\\/\\\/www.cetys.mx\\\/noticias\\\/kamila-garcia-recibe-la-beca-de-excelencia-ing-jesus-alfonso-marin-jimenez-en-cetys-universidad\\\/#breadcrumb\",\"itemListElement\":[{\"@type\":\"ListItem\",\"position\":1,\"name\":\"Inicio\",\"item\":\"https:\\\/\\\/www.cetys.mx\\\/noticias\\\/\"},{\"@type\":\"ListItem\",\"position\":2,\"name\":\"Kamila Garc\u00eda recibe la Beca de Excelencia Ing. Jes\u00fas Alfonso Mar\u00edn Jim\u00e9nez en CETYS Universidad\"}]},{\"@type\":\"WebSite\",\"@id\":\"https:\\\/\\\/www.cetys.mx\\\/noticias\\\/#website\",\"url\":\"https:\\\/\\\/www.cetys.mx\\\/noticias\\\/\",\"name\":\"CETYS\",\"description\":\"\",\"potentialAction\":[{\"@type\":\"SearchAction\",\"target\":{\"@type\":\"EntryPoint\",\"urlTemplate\":\"https:\\\/\\\/www.cetys.mx\\\/noticias\\\/?s={search_term_string}\"},\"query-input\":{\"@type\":\"PropertyValueSpecification\",\"valueRequired\":true,\"valueName\":\"search_term_string\"}}],\"inLanguage\":\"es\"},{\"@type\":\"Person\",\"@id\":\"https:\\\/\\\/www.cetys.mx\\\/noticias\\\/#\\\/schema\\\/person\\\/e9d2b35265b64aa454df57a2828eb2ac\",\"name\":\"CETYS Institucional\",\"url\":\"https:\\\/\\\/www.cetys.mx\\\/noticias\\\/author\\\/cetysinstitucional\\\/\"}]}<\/script>\n<!-- \/ Yoast SEO plugin. -->","yoast_head_json":{"title":"Kamila Garc\u00eda recibe la Beca de Excelencia Ing. Jes\u00fas Alfonso Mar\u00edn Jim\u00e9nez en CETYS Universidad - CETYS","description":"Articulo sobre Kamila Garc\u00eda recibe la Beca de Excelencia Ing. Jes\u00fas Alfonso Mar\u00edn Jim\u00e9nez en CETYS Universidad","robots":{"index":"index","follow":"follow","max-snippet":"max-snippet:-1","max-image-preview":"max-image-preview:large","max-video-preview":"max-video-preview:-1"},"canonical":"https:\/\/www.cetys.mx\/noticias\/kamila-garcia-recibe-la-beca-de-excelencia-ing-jesus-alfonso-marin-jimenez-en-cetys-universidad\/","og_locale":"es_MX","og_type":"article","og_title":"Kamila Garc\u00eda recibe la Beca de Excelencia Ing. Jes\u00fas Alfonso Mar\u00edn Jim\u00e9nez en CETYS Universidad - CETYS","og_description":"Articulo sobre Kamila Garc\u00eda recibe la Beca de Excelencia Ing. Jes\u00fas Alfonso Mar\u00edn Jim\u00e9nez en CETYS Universidad","og_url":"https:\/\/www.cetys.mx\/noticias\/kamila-garcia-recibe-la-beca-de-excelencia-ing-jesus-alfonso-marin-jimenez-en-cetys-universidad\/","og_site_name":"CETYS","article_publisher":"https:\/\/www.facebook.com\/cetysuniversidadmxl\/","article_published_time":"2025-06-05T17:09:59+00:00","article_modified_time":"2025-06-05T18:40:13+00:00","og_image":[{"width":958,"height":639,"url":"https:\/\/www.cetys.mx\/noticias\/wp-content\/uploads\/2025\/06\/BECA6.jpg","type":"image\/jpeg"}],"author":"CETYS Institucional","twitter_card":"summary_large_image","twitter_creator":"@cetysuni","twitter_site":"@cetysuni","twitter_misc":{"Escrito por":"CETYS Institucional","Tiempo de lectura":"3 minutos"},"schema":{"@context":"https:\/\/schema.org","@graph":[{"@type":"Article","@id":"https:\/\/www.cetys.mx\/noticias\/kamila-garcia-recibe-la-beca-de-excelencia-ing-jesus-alfonso-marin-jimenez-en-cetys-universidad\/#article","isPartOf":{"@id":"https:\/\/www.cetys.mx\/noticias\/kamila-garcia-recibe-la-beca-de-excelencia-ing-jesus-alfonso-marin-jimenez-en-cetys-universidad\/"},"author":{"name":"CETYS Institucional","@id":"https:\/\/www.cetys.mx\/noticias\/#\/schema\/person\/e9d2b35265b64aa454df57a2828eb2ac"},"headline":"Kamila Garc\u00eda recibe la Beca de Excelencia Ing. Jes\u00fas Alfonso Mar\u00edn Jim\u00e9nez en CETYS Universidad","datePublished":"2025-06-05T17:09:59+00:00","dateModified":"2025-06-05T18:40:13+00:00","mainEntityOfPage":{"@id":"https:\/\/www.cetys.mx\/noticias\/kamila-garcia-recibe-la-beca-de-excelencia-ing-jesus-alfonso-marin-jimenez-en-cetys-universidad\/"},"wordCount":570,"commentCount":0,"image":{"@id":"https:\/\/www.cetys.mx\/noticias\/kamila-garcia-recibe-la-beca-de-excelencia-ing-jesus-alfonso-marin-jimenez-en-cetys-universidad\/#primaryimage"},"thumbnailUrl":"https:\/\/www.cetys.mx\/noticias\/wp-content\/uploads\/2025\/06\/BECA6.jpg","keywords":["campustijuana","Mecatr\u00f3nica"],"articleSection":["Campus Mexicali","Excelencia Acad\u00e9mica","Ingenier\u00eda","Portada","Profesional","VoCETYS"],"inLanguage":"es","potentialAction":[{"@type":"CommentAction","name":"Comment","target":["https:\/\/www.cetys.mx\/noticias\/kamila-garcia-recibe-la-beca-de-excelencia-ing-jesus-alfonso-marin-jimenez-en-cetys-universidad\/#respond"]}]},{"@type":"WebPage","@id":"https:\/\/www.cetys.mx\/noticias\/kamila-garcia-recibe-la-beca-de-excelencia-ing-jesus-alfonso-marin-jimenez-en-cetys-universidad\/","url":"https:\/\/www.cetys.mx\/noticias\/kamila-garcia-recibe-la-beca-de-excelencia-ing-jesus-alfonso-marin-jimenez-en-cetys-universidad\/","name":"Kamila Garc\u00eda recibe la Beca de Excelencia Ing. Jes\u00fas Alfonso Mar\u00edn Jim\u00e9nez en CETYS Universidad - CETYS","isPartOf":{"@id":"https:\/\/www.cetys.mx\/noticias\/#website"},"primaryImageOfPage":{"@id":"https:\/\/www.cetys.mx\/noticias\/kamila-garcia-recibe-la-beca-de-excelencia-ing-jesus-alfonso-marin-jimenez-en-cetys-universidad\/#primaryimage"},"image":{"@id":"https:\/\/www.cetys.mx\/noticias\/kamila-garcia-recibe-la-beca-de-excelencia-ing-jesus-alfonso-marin-jimenez-en-cetys-universidad\/#primaryimage"},"thumbnailUrl":"https:\/\/www.cetys.mx\/noticias\/wp-content\/uploads\/2025\/06\/BECA6.jpg","datePublished":"2025-06-05T17:09:59+00:00","dateModified":"2025-06-05T18:40:13+00:00","author":{"@id":"https:\/\/www.cetys.mx\/noticias\/#\/schema\/person\/e9d2b35265b64aa454df57a2828eb2ac"},"description":"Articulo sobre Kamila Garc\u00eda recibe la Beca de Excelencia Ing. Jes\u00fas Alfonso Mar\u00edn Jim\u00e9nez en CETYS Universidad","breadcrumb":{"@id":"https:\/\/www.cetys.mx\/noticias\/kamila-garcia-recibe-la-beca-de-excelencia-ing-jesus-alfonso-marin-jimenez-en-cetys-universidad\/#breadcrumb"},"inLanguage":"es","potentialAction":[{"@type":"ReadAction","target":["https:\/\/www.cetys.mx\/noticias\/kamila-garcia-recibe-la-beca-de-excelencia-ing-jesus-alfonso-marin-jimenez-en-cetys-universidad\/"]}]},{"@type":"ImageObject","inLanguage":"es","@id":"https:\/\/www.cetys.mx\/noticias\/kamila-garcia-recibe-la-beca-de-excelencia-ing-jesus-alfonso-marin-jimenez-en-cetys-universidad\/#primaryimage","url":"https:\/\/www.cetys.mx\/noticias\/wp-content\/uploads\/2025\/06\/BECA6.jpg","contentUrl":"https:\/\/www.cetys.mx\/noticias\/wp-content\/uploads\/2025\/06\/BECA6.jpg","width":958,"height":639},{"@type":"BreadcrumbList","@id":"https:\/\/www.cetys.mx\/noticias\/kamila-garcia-recibe-la-beca-de-excelencia-ing-jesus-alfonso-marin-jimenez-en-cetys-universidad\/#breadcrumb","itemListElement":[{"@type":"ListItem","position":1,"name":"Inicio","item":"https:\/\/www.cetys.mx\/noticias\/"},{"@type":"ListItem","position":2,"name":"Kamila Garc\u00eda recibe la Beca de Excelencia Ing. Jes\u00fas Alfonso Mar\u00edn Jim\u00e9nez en CETYS Universidad"}]},{"@type":"WebSite","@id":"https:\/\/www.cetys.mx\/noticias\/#website","url":"https:\/\/www.cetys.mx\/noticias\/","name":"CETYS","description":"","potentialAction":[{"@type":"SearchAction","target":{"@type":"EntryPoint","urlTemplate":"https:\/\/www.cetys.mx\/noticias\/?s={search_term_string}"},"query-input":{"@type":"PropertyValueSpecification","valueRequired":true,"valueName":"search_term_string"}}],"inLanguage":"es"},{"@type":"Person","@id":"https:\/\/www.cetys.mx\/noticias\/#\/schema\/person\/e9d2b35265b64aa454df57a2828eb2ac","name":"CETYS Institucional","url":"https:\/\/www.cetys.mx\/noticias\/author\/cetysinstitucional\/"}]}},"_links":{"self":[{"href":"https:\/\/www.cetys.mx\/noticias\/wp-json\/wp\/v2\/posts\/213318","targetHints":{"allow":["GET"]}}],"collection":[{"href":"https:\/\/www.cetys.mx\/noticias\/wp-json\/wp\/v2\/posts"}],"about":[{"href":"https:\/\/www.cetys.mx\/noticias\/wp-json\/wp\/v2\/types\/post"}],"author":[{"embeddable":true,"href":"https:\/\/www.cetys.mx\/noticias\/wp-json\/wp\/v2\/users\/26"}],"replies":[{"embeddable":true,"href":"https:\/\/www.cetys.mx\/noticias\/wp-json\/wp\/v2\/comments?post=213318"}],"version-history":[{"count":3,"href":"https:\/\/www.cetys.mx\/noticias\/wp-json\/wp\/v2\/posts\/213318\/revisions"}],"predecessor-version":[{"id":213331,"href":"https:\/\/www.cetys.mx\/noticias\/wp-json\/wp\/v2\/posts\/213318\/revisions\/213331"}],"wp:featuredmedia":[{"embeddable":true,"href":"https:\/\/www.cetys.mx\/noticias\/wp-json\/wp\/v2\/media\/213327"}],"wp:attachment":[{"href":"https:\/\/www.cetys.mx\/noticias\/wp-json\/wp\/v2\/media?parent=213318"}],"wp:term":[{"taxonomy":"category","embeddable":true,"href":"https:\/\/www.cetys.mx\/noticias\/wp-json\/wp\/v2\/categories?post=213318"},{"taxonomy":"post_tag","embeddable":true,"href":"https:\/\/www.cetys.mx\/noticias\/wp-json\/wp\/v2\/tags?post=213318"}],"curies":[{"name":"wp","href":"https:\/\/api.w.org\/{rel}","templated":true}]}}