{"id":212818,"date":"2024-11-24T13:15:27","date_gmt":"2024-11-24T21:15:27","guid":{"rendered":"https:\/\/www.cetys.mx\/noticias\/?p=212818"},"modified":"2025-05-24T13:23:46","modified_gmt":"2025-05-24T20:23:46","slug":"jorge-ortega-en-poesia-en-paralelo-cero","status":"publish","type":"post","link":"https:\/\/www.cetys.mx\/noticias\/jorge-ortega-en-poesia-en-paralelo-cero\/","title":{"rendered":"Jorge Ortega, presencia destacada en encuentro de poetas en Ecuador"},"content":{"rendered":"<p><span style=\"font-weight: 400;\">En representaci\u00f3n de la delegaci\u00f3n mexicana, <strong>el poeta, ensayista y acad\u00e9mico Jorge Ortega<\/strong>, fue invitado a <strong>participar en el Decimosexto Encuentro Internacional de Poetas 2024, Poes\u00eda en Paralelo Cero,<\/strong> que se llev\u00f3 a cabo en diversas <strong>sedes y ciudades de Ecuador<\/strong>. El encuentro se desarroll\u00f3 del 17 al 23 de noviembre de 2024, y cont\u00f3 con la participaci\u00f3n de m\u00e1s de una veintena de poetas de Am\u00e9rica, Europa y Asia.<\/span><\/p>\n<p><span style=\"font-weight: 400;\">El escritor bajacaliforniano particip\u00f3 en diez lecturas de poes\u00eda en universidades y centros educativos, entre ellas, la Universidad del Azuay y la Universidad de Cuenca, en la ciudad de Cuenca, as\u00ed como en sedes e instituciones educativas de la ciudad de Quito.\u00a0<\/span><\/p>\n<p><span style=\"font-weight: 400;\">De manera simult\u00e1nea, m\u00e1s de sesenta mesas de lectura fueron realizadas en diversos colegios, centros culturales, auditorios y universidades, con el objetivo de democratizar el acercamiento a la lectura, la poes\u00eda y la creaci\u00f3n literaria. Asimismo, se ofrecieron conversatorios y espacios de entrevista con los autores y el p\u00fablico.<\/span><\/p>\n<div class=\"gallery-slider-wrapper gallery-1\">\n                        <div class=\"gallery-slider\" itemscope itemtype=\"http:\/\/schema.org\/ImageGallery\"><figure class=\"slide\" itemprop=\"associatedMedia\" itemscope itemtype=\"http:\/\/schema.org\/ImageObject\">\n                    <a itemprop=\"contentUrl\" href=\"https:\/\/www.cetys.mx\/noticias\/wp-content\/uploads\/2025\/05\/Foto-4.jpg\">\n                        <img decoding=\"async\" itemprop=\"thumbnail\" class=\"lazyOwl\" src=\"https:\/\/www.cetys.mx\/noticias\/wp-content\/plugins\/jmagz-plugin\/assets\/placeholder\/900x450.png\" data-src=\"https:\/\/www.cetys.mx\/noticias\/wp-content\/uploads\/2025\/05\/Foto-4.jpg\" alt=\"Jorge Ortega en el Decimosexto Encuentro Internacional de Poetas 2024, Poes\u00eda en Paralelo Cero\">\n                    <\/a>\n                    <figcaption itemprop=\"caption description\" class=\"slide-caption\">\n                        Jorge Ortega en el Decimosexto Encuentro Internacional de Poetas 2024, Poes\u00eda en Paralelo Cero\n                    <\/figcaption>\n                <\/figure><figure class=\"slide\" itemprop=\"associatedMedia\" itemscope itemtype=\"http:\/\/schema.org\/ImageObject\">\n                    <a itemprop=\"contentUrl\" href=\"https:\/\/www.cetys.mx\/noticias\/wp-content\/uploads\/2025\/05\/Foto-7.jpg\">\n                        <img decoding=\"async\" itemprop=\"thumbnail\" class=\"lazyOwl\" src=\"https:\/\/www.cetys.mx\/noticias\/wp-content\/plugins\/jmagz-plugin\/assets\/placeholder\/900x450.png\" data-src=\"https:\/\/www.cetys.mx\/noticias\/wp-content\/uploads\/2025\/05\/Foto-7.jpg\" alt=\"Jorge Ortega en el Decimosexto Encuentro Internacional de Poetas 2024, Poes\u00eda en Paralelo Cero\">\n                    <\/a>\n                    <figcaption itemprop=\"caption description\" class=\"slide-caption\">\n                        Jorge Ortega en el Decimosexto Encuentro Internacional de Poetas 2024, Poes\u00eda en Paralelo Cero\n                    <\/figcaption>\n                <\/figure><figure class=\"slide\" itemprop=\"associatedMedia\" itemscope itemtype=\"http:\/\/schema.org\/ImageObject\">\n                    <a itemprop=\"contentUrl\" href=\"https:\/\/www.cetys.mx\/noticias\/wp-content\/uploads\/2025\/05\/Foto-3.jpg\">\n                        <img decoding=\"async\" itemprop=\"thumbnail\" class=\"lazyOwl\" src=\"https:\/\/www.cetys.mx\/noticias\/wp-content\/plugins\/jmagz-plugin\/assets\/placeholder\/900x450.png\" data-src=\"https:\/\/www.cetys.mx\/noticias\/wp-content\/uploads\/2025\/05\/Foto-3.jpg\" alt=\"Jorge Ortega en el Decimosexto Encuentro Internacional de Poetas 2024, Poes\u00eda en Paralelo Cero\">\n                    <\/a>\n                    <figcaption itemprop=\"caption description\" class=\"slide-caption\">\n                        Jorge Ortega en el Decimosexto Encuentro Internacional de Poetas 2024, Poes\u00eda en Paralelo Cero\n                    <\/figcaption>\n                <\/figure><figure class=\"slide\" itemprop=\"associatedMedia\" itemscope itemtype=\"http:\/\/schema.org\/ImageObject\">\n                    <a itemprop=\"contentUrl\" href=\"https:\/\/www.cetys.mx\/noticias\/wp-content\/uploads\/2025\/05\/Foto-9.jpg\">\n                        <img decoding=\"async\" itemprop=\"thumbnail\" class=\"lazyOwl\" src=\"https:\/\/www.cetys.mx\/noticias\/wp-content\/plugins\/jmagz-plugin\/assets\/placeholder\/900x450.png\" data-src=\"https:\/\/www.cetys.mx\/noticias\/wp-content\/uploads\/2025\/05\/Foto-9.jpg\" alt=\"Jorge Ortega en el Decimosexto Encuentro Internacional de Poetas 2024, Poes\u00eda en Paralelo Cero\">\n                    <\/a>\n                    <figcaption itemprop=\"caption description\" class=\"slide-caption\">\n                        Jorge Ortega en el Decimosexto Encuentro Internacional de Poetas 2024, Poes\u00eda en Paralelo Cero\n                    <\/figcaption>\n                <\/figure><figure class=\"slide\" itemprop=\"associatedMedia\" itemscope itemtype=\"http:\/\/schema.org\/ImageObject\">\n                    <a itemprop=\"contentUrl\" href=\"https:\/\/www.cetys.mx\/noticias\/wp-content\/uploads\/2025\/05\/Foto-8.jpg\">\n                        <img decoding=\"async\" itemprop=\"thumbnail\" class=\"lazyOwl\" src=\"https:\/\/www.cetys.mx\/noticias\/wp-content\/plugins\/jmagz-plugin\/assets\/placeholder\/900x450.png\" data-src=\"https:\/\/www.cetys.mx\/noticias\/wp-content\/uploads\/2025\/05\/Foto-8.jpg\" alt=\"Jorge Ortega en el Decimosexto Encuentro Internacional de Poetas 2024, Poes\u00eda en Paralelo Cero\">\n                    <\/a>\n                    <figcaption itemprop=\"caption description\" class=\"slide-caption\">\n                        Jorge Ortega en el Decimosexto Encuentro Internacional de Poetas 2024, Poes\u00eda en Paralelo Cero\n                    <\/figcaption>\n                <\/figure><figure class=\"slide\" itemprop=\"associatedMedia\" itemscope itemtype=\"http:\/\/schema.org\/ImageObject\">\n                    <a itemprop=\"contentUrl\" href=\"https:\/\/www.cetys.mx\/noticias\/wp-content\/uploads\/2025\/05\/Foto6.jpg\">\n                        <img decoding=\"async\" itemprop=\"thumbnail\" class=\"lazyOwl\" src=\"https:\/\/www.cetys.mx\/noticias\/wp-content\/plugins\/jmagz-plugin\/assets\/placeholder\/900x450.png\" data-src=\"https:\/\/www.cetys.mx\/noticias\/wp-content\/uploads\/2025\/05\/Foto6.jpg\" alt=\"Jorge Ortega en el Decimosexto Encuentro Internacional de Poetas 2024, Poes\u00eda en Paralelo Cero\">\n                    <\/a>\n                    <figcaption itemprop=\"caption description\" class=\"slide-caption\">\n                        Jorge Ortega en el Decimosexto Encuentro Internacional de Poetas 2024, Poes\u00eda en Paralelo Cero\n                    <\/figcaption>\n                <\/figure><\/div>\n                <div class=\"gallery-slider-thumbnail-wrapper\">\n                    <div class=\"gallery-slider-thumbnail\"><div class=\"slide-thumbnail\"><img decoding=\"async\" class=\"lazyOwl\" src=\"https:\/\/www.cetys.mx\/noticias\/wp-content\/plugins\/jmagz-plugin\/assets\/placeholder\/150x75.png\" data-src=\"https:\/\/www.cetys.mx\/noticias\/wp-content\/uploads\/2025\/05\/Foto-4.jpg\" alt=\"Jorge Ortega en el Decimosexto Encuentro Internacional de Poetas 2024, Poes\u00eda en Paralelo Cero\"><\/div><div class=\"slide-thumbnail\"><img decoding=\"async\" class=\"lazyOwl\" src=\"https:\/\/www.cetys.mx\/noticias\/wp-content\/plugins\/jmagz-plugin\/assets\/placeholder\/150x75.png\" data-src=\"https:\/\/www.cetys.mx\/noticias\/wp-content\/uploads\/2025\/05\/Foto-7.jpg\" alt=\"Jorge Ortega en el Decimosexto Encuentro Internacional de Poetas 2024, Poes\u00eda en Paralelo Cero\"><\/div><div class=\"slide-thumbnail\"><img decoding=\"async\" class=\"lazyOwl\" src=\"https:\/\/www.cetys.mx\/noticias\/wp-content\/plugins\/jmagz-plugin\/assets\/placeholder\/150x75.png\" data-src=\"https:\/\/www.cetys.mx\/noticias\/wp-content\/uploads\/2025\/05\/Foto-3.jpg\" alt=\"Jorge Ortega en el Decimosexto Encuentro Internacional de Poetas 2024, Poes\u00eda en Paralelo Cero\"><\/div><div class=\"slide-thumbnail\"><img decoding=\"async\" class=\"lazyOwl\" src=\"https:\/\/www.cetys.mx\/noticias\/wp-content\/plugins\/jmagz-plugin\/assets\/placeholder\/150x75.png\" data-src=\"https:\/\/www.cetys.mx\/noticias\/wp-content\/uploads\/2025\/05\/Foto-9.jpg\" alt=\"Jorge Ortega en el Decimosexto Encuentro Internacional de Poetas 2024, Poes\u00eda en Paralelo Cero\"><\/div><div class=\"slide-thumbnail\"><img decoding=\"async\" class=\"lazyOwl\" src=\"https:\/\/www.cetys.mx\/noticias\/wp-content\/plugins\/jmagz-plugin\/assets\/placeholder\/150x75.png\" data-src=\"https:\/\/www.cetys.mx\/noticias\/wp-content\/uploads\/2025\/05\/Foto-8.jpg\" alt=\"Jorge Ortega en el Decimosexto Encuentro Internacional de Poetas 2024, Poes\u00eda en Paralelo Cero\"><\/div><div class=\"slide-thumbnail\"><img decoding=\"async\" class=\"lazyOwl\" src=\"https:\/\/www.cetys.mx\/noticias\/wp-content\/plugins\/jmagz-plugin\/assets\/placeholder\/150x75.png\" data-src=\"https:\/\/www.cetys.mx\/noticias\/wp-content\/uploads\/2025\/05\/Foto6.jpg\" alt=\"Jorge Ortega en el Decimosexto Encuentro Internacional de Poetas 2024, Poes\u00eda en Paralelo Cero\"><\/div><\/div><\/div><\/div>\n<p><span style=\"font-weight: 400;\">En su decimosexta edici\u00f3n, el encuentro ha contado con la participaci\u00f3n de m\u00e1s de 500 poetas, editores y gestores culturales, que han dado vida a la reflexi\u00f3n po\u00e9tica a trav\u00e9s de los a\u00f1os. Paralelo en Cero nace en el a\u00f1o <\/span><span style=\"font-weight: 400;\">2009, con el objetivo de promocionar la poes\u00eda del Ecuador a escala nacional e internacional, invitando as\u00ed a los escritores m\u00e1s representativos de la poes\u00eda latinoamericana.<\/span><\/p>\n<p><span style=\"font-weight: 400;\">Es as\u00ed que el tambi\u00e9n docente del Colegio de Ciencias Sociales y Humanidades del CETYS Universidad reafirma su constante presencia en eventos clave del panorama literario internacional, consolid\u00e1ndose como una de las voces m\u00e1s relevantes de la poes\u00eda mexicana contempor\u00e1nea.<\/span><\/p>\n<p>&nbsp;<\/p>\n","protected":false},"excerpt":{"rendered":"<p>En representaci\u00f3n de la delegaci\u00f3n mexicana, el poeta, ensayista y acad\u00e9mico Jorge Ortega, fue invitado a participar en el Decimosexto Encuentro Internacional&#8230;<\/p>\n","protected":false},"author":119,"featured_media":212819,"comment_status":"open","ping_status":"closed","sticky":false,"template":"","format":"standard","meta":{"footnotes":""},"categories":[209,108,1],"tags":[732,4770],"class_list":["post-212818","post","type-post","status-publish","format-standard","has-post-thumbnail","hentry","category-institucional","category-internacionales","category-uncategorized","tag-poesia","tag-programa-editoria"],"yoast_head":"<!-- This site is optimized with the Yoast SEO plugin v27.4 - https:\/\/yoast.com\/product\/yoast-seo-wordpress\/ -->\n<title>Jorge Ortega, presencia destacada en encuentro de poetas en Ecuador<\/title>\n<meta name=\"description\" content=\"El poeta, ensayista y acad\u00e9mico Jorge Ortega, fue invitado a participar en el Decimosexto Encuentro Internacional de Poetas 2024, Poes\u00eda en Paralelo Cero.\" \/>\n<meta name=\"robots\" content=\"index, follow, max-snippet:-1, max-image-preview:large, max-video-preview:-1\" \/>\n<link rel=\"canonical\" href=\"https:\/\/www.cetys.mx\/noticias\/jorge-ortega-en-poesia-en-paralelo-cero\/\" \/>\n<meta property=\"og:locale\" content=\"es_MX\" \/>\n<meta property=\"og:type\" content=\"article\" \/>\n<meta property=\"og:title\" content=\"Jorge Ortega, presencia destacada en encuentro de poetas en Ecuador\" \/>\n<meta property=\"og:description\" content=\"El poeta, ensayista y acad\u00e9mico Jorge Ortega, fue invitado a participar en el Decimosexto Encuentro Internacional de Poetas 2024, Poes\u00eda en Paralelo Cero.\" \/>\n<meta property=\"og:url\" content=\"https:\/\/www.cetys.mx\/noticias\/jorge-ortega-en-poesia-en-paralelo-cero\/\" \/>\n<meta property=\"og:site_name\" content=\"CETYS\" \/>\n<meta property=\"article:publisher\" content=\"https:\/\/www.facebook.com\/cetysuniversidadmxl\/\" \/>\n<meta property=\"article:published_time\" content=\"2024-11-24T21:15:27+00:00\" \/>\n<meta property=\"article:modified_time\" content=\"2025-05-24T20:23:46+00:00\" \/>\n<meta property=\"og:image\" content=\"https:\/\/www.cetys.mx\/noticias\/wp-content\/uploads\/2025\/05\/Foto-Grupal-1.jpg\" \/>\n\t<meta property=\"og:image:width\" content=\"1280\" \/>\n\t<meta property=\"og:image:height\" content=\"960\" \/>\n\t<meta property=\"og:image:type\" content=\"image\/jpeg\" \/>\n<meta name=\"author\" content=\"Alejandra Cardenas\" \/>\n<meta name=\"twitter:card\" content=\"summary_large_image\" \/>\n<meta name=\"twitter:creator\" content=\"@cetysuni\" \/>\n<meta name=\"twitter:site\" content=\"@cetysuni\" \/>\n<meta name=\"twitter:label1\" content=\"Escrito por\" \/>\n\t<meta name=\"twitter:data1\" content=\"Alejandra Cardenas\" \/>\n\t<meta name=\"twitter:label2\" content=\"Tiempo de lectura\" \/>\n\t<meta name=\"twitter:data2\" content=\"1 minuto\" \/>\n<script type=\"application\/ld+json\" class=\"yoast-schema-graph\">{\"@context\":\"https:\\\/\\\/schema.org\",\"@graph\":[{\"@type\":\"Article\",\"@id\":\"https:\\\/\\\/www.cetys.mx\\\/noticias\\\/jorge-ortega-en-poesia-en-paralelo-cero\\\/#article\",\"isPartOf\":{\"@id\":\"https:\\\/\\\/www.cetys.mx\\\/noticias\\\/jorge-ortega-en-poesia-en-paralelo-cero\\\/\"},\"author\":{\"name\":\"Alejandra Cardenas\",\"@id\":\"https:\\\/\\\/www.cetys.mx\\\/noticias\\\/#\\\/schema\\\/person\\\/d2d3b111fcf6ea0448d670fd66382430\"},\"headline\":\"Jorge Ortega, presencia destacada en encuentro de poetas en Ecuador\",\"datePublished\":\"2024-11-24T21:15:27+00:00\",\"dateModified\":\"2025-05-24T20:23:46+00:00\",\"mainEntityOfPage\":{\"@id\":\"https:\\\/\\\/www.cetys.mx\\\/noticias\\\/jorge-ortega-en-poesia-en-paralelo-cero\\\/\"},\"wordCount\":307,\"commentCount\":0,\"image\":{\"@id\":\"https:\\\/\\\/www.cetys.mx\\\/noticias\\\/jorge-ortega-en-poesia-en-paralelo-cero\\\/#primaryimage\"},\"thumbnailUrl\":\"https:\\\/\\\/www.cetys.mx\\\/noticias\\\/wp-content\\\/uploads\\\/2025\\\/05\\\/Foto-Grupal-1.jpg\",\"keywords\":[\"Poes\u00eda\",\"Programa Editoria\"],\"articleSection\":[\"Institucional\",\"Internacionales\",\"Uncategorized\"],\"inLanguage\":\"es\",\"potentialAction\":[{\"@type\":\"CommentAction\",\"name\":\"Comment\",\"target\":[\"https:\\\/\\\/www.cetys.mx\\\/noticias\\\/jorge-ortega-en-poesia-en-paralelo-cero\\\/#respond\"]}]},{\"@type\":\"WebPage\",\"@id\":\"https:\\\/\\\/www.cetys.mx\\\/noticias\\\/jorge-ortega-en-poesia-en-paralelo-cero\\\/\",\"url\":\"https:\\\/\\\/www.cetys.mx\\\/noticias\\\/jorge-ortega-en-poesia-en-paralelo-cero\\\/\",\"name\":\"Jorge Ortega, presencia destacada en encuentro de poetas en Ecuador\",\"isPartOf\":{\"@id\":\"https:\\\/\\\/www.cetys.mx\\\/noticias\\\/#website\"},\"primaryImageOfPage\":{\"@id\":\"https:\\\/\\\/www.cetys.mx\\\/noticias\\\/jorge-ortega-en-poesia-en-paralelo-cero\\\/#primaryimage\"},\"image\":{\"@id\":\"https:\\\/\\\/www.cetys.mx\\\/noticias\\\/jorge-ortega-en-poesia-en-paralelo-cero\\\/#primaryimage\"},\"thumbnailUrl\":\"https:\\\/\\\/www.cetys.mx\\\/noticias\\\/wp-content\\\/uploads\\\/2025\\\/05\\\/Foto-Grupal-1.jpg\",\"datePublished\":\"2024-11-24T21:15:27+00:00\",\"dateModified\":\"2025-05-24T20:23:46+00:00\",\"author\":{\"@id\":\"https:\\\/\\\/www.cetys.mx\\\/noticias\\\/#\\\/schema\\\/person\\\/d2d3b111fcf6ea0448d670fd66382430\"},\"description\":\"El poeta, ensayista y acad\u00e9mico Jorge Ortega, fue invitado a participar en el Decimosexto Encuentro Internacional de Poetas 2024, Poes\u00eda en Paralelo Cero.\",\"breadcrumb\":{\"@id\":\"https:\\\/\\\/www.cetys.mx\\\/noticias\\\/jorge-ortega-en-poesia-en-paralelo-cero\\\/#breadcrumb\"},\"inLanguage\":\"es\",\"potentialAction\":[{\"@type\":\"ReadAction\",\"target\":[\"https:\\\/\\\/www.cetys.mx\\\/noticias\\\/jorge-ortega-en-poesia-en-paralelo-cero\\\/\"]}]},{\"@type\":\"ImageObject\",\"inLanguage\":\"es\",\"@id\":\"https:\\\/\\\/www.cetys.mx\\\/noticias\\\/jorge-ortega-en-poesia-en-paralelo-cero\\\/#primaryimage\",\"url\":\"https:\\\/\\\/www.cetys.mx\\\/noticias\\\/wp-content\\\/uploads\\\/2025\\\/05\\\/Foto-Grupal-1.jpg\",\"contentUrl\":\"https:\\\/\\\/www.cetys.mx\\\/noticias\\\/wp-content\\\/uploads\\\/2025\\\/05\\\/Foto-Grupal-1.jpg\",\"width\":1280,\"height\":960},{\"@type\":\"BreadcrumbList\",\"@id\":\"https:\\\/\\\/www.cetys.mx\\\/noticias\\\/jorge-ortega-en-poesia-en-paralelo-cero\\\/#breadcrumb\",\"itemListElement\":[{\"@type\":\"ListItem\",\"position\":1,\"name\":\"Inicio\",\"item\":\"https:\\\/\\\/www.cetys.mx\\\/noticias\\\/\"},{\"@type\":\"ListItem\",\"position\":2,\"name\":\"Jorge Ortega, presencia destacada en encuentro de poetas en Ecuador\"}]},{\"@type\":\"WebSite\",\"@id\":\"https:\\\/\\\/www.cetys.mx\\\/noticias\\\/#website\",\"url\":\"https:\\\/\\\/www.cetys.mx\\\/noticias\\\/\",\"name\":\"CETYS\",\"description\":\"\",\"potentialAction\":[{\"@type\":\"SearchAction\",\"target\":{\"@type\":\"EntryPoint\",\"urlTemplate\":\"https:\\\/\\\/www.cetys.mx\\\/noticias\\\/?s={search_term_string}\"},\"query-input\":{\"@type\":\"PropertyValueSpecification\",\"valueRequired\":true,\"valueName\":\"search_term_string\"}}],\"inLanguage\":\"es\"},{\"@type\":\"Person\",\"@id\":\"https:\\\/\\\/www.cetys.mx\\\/noticias\\\/#\\\/schema\\\/person\\\/d2d3b111fcf6ea0448d670fd66382430\",\"name\":\"Alejandra Cardenas\",\"url\":\"https:\\\/\\\/www.cetys.mx\\\/noticias\\\/author\\\/alejandra-cardenas\\\/\"}]}<\/script>\n<!-- \/ Yoast SEO plugin. -->","yoast_head_json":{"title":"Jorge Ortega, presencia destacada en encuentro de poetas en Ecuador","description":"El poeta, ensayista y acad\u00e9mico Jorge Ortega, fue invitado a participar en el Decimosexto Encuentro Internacional de Poetas 2024, Poes\u00eda en Paralelo Cero.","robots":{"index":"index","follow":"follow","max-snippet":"max-snippet:-1","max-image-preview":"max-image-preview:large","max-video-preview":"max-video-preview:-1"},"canonical":"https:\/\/www.cetys.mx\/noticias\/jorge-ortega-en-poesia-en-paralelo-cero\/","og_locale":"es_MX","og_type":"article","og_title":"Jorge Ortega, presencia destacada en encuentro de poetas en Ecuador","og_description":"El poeta, ensayista y acad\u00e9mico Jorge Ortega, fue invitado a participar en el Decimosexto Encuentro Internacional de Poetas 2024, Poes\u00eda en Paralelo Cero.","og_url":"https:\/\/www.cetys.mx\/noticias\/jorge-ortega-en-poesia-en-paralelo-cero\/","og_site_name":"CETYS","article_publisher":"https:\/\/www.facebook.com\/cetysuniversidadmxl\/","article_published_time":"2024-11-24T21:15:27+00:00","article_modified_time":"2025-05-24T20:23:46+00:00","og_image":[{"width":1280,"height":960,"url":"https:\/\/www.cetys.mx\/noticias\/wp-content\/uploads\/2025\/05\/Foto-Grupal-1.jpg","type":"image\/jpeg"}],"author":"Alejandra Cardenas","twitter_card":"summary_large_image","twitter_creator":"@cetysuni","twitter_site":"@cetysuni","twitter_misc":{"Escrito por":"Alejandra Cardenas","Tiempo de lectura":"1 minuto"},"schema":{"@context":"https:\/\/schema.org","@graph":[{"@type":"Article","@id":"https:\/\/www.cetys.mx\/noticias\/jorge-ortega-en-poesia-en-paralelo-cero\/#article","isPartOf":{"@id":"https:\/\/www.cetys.mx\/noticias\/jorge-ortega-en-poesia-en-paralelo-cero\/"},"author":{"name":"Alejandra Cardenas","@id":"https:\/\/www.cetys.mx\/noticias\/#\/schema\/person\/d2d3b111fcf6ea0448d670fd66382430"},"headline":"Jorge Ortega, presencia destacada en encuentro de poetas en Ecuador","datePublished":"2024-11-24T21:15:27+00:00","dateModified":"2025-05-24T20:23:46+00:00","mainEntityOfPage":{"@id":"https:\/\/www.cetys.mx\/noticias\/jorge-ortega-en-poesia-en-paralelo-cero\/"},"wordCount":307,"commentCount":0,"image":{"@id":"https:\/\/www.cetys.mx\/noticias\/jorge-ortega-en-poesia-en-paralelo-cero\/#primaryimage"},"thumbnailUrl":"https:\/\/www.cetys.mx\/noticias\/wp-content\/uploads\/2025\/05\/Foto-Grupal-1.jpg","keywords":["Poes\u00eda","Programa Editoria"],"articleSection":["Institucional","Internacionales","Uncategorized"],"inLanguage":"es","potentialAction":[{"@type":"CommentAction","name":"Comment","target":["https:\/\/www.cetys.mx\/noticias\/jorge-ortega-en-poesia-en-paralelo-cero\/#respond"]}]},{"@type":"WebPage","@id":"https:\/\/www.cetys.mx\/noticias\/jorge-ortega-en-poesia-en-paralelo-cero\/","url":"https:\/\/www.cetys.mx\/noticias\/jorge-ortega-en-poesia-en-paralelo-cero\/","name":"Jorge Ortega, presencia destacada en encuentro de poetas en Ecuador","isPartOf":{"@id":"https:\/\/www.cetys.mx\/noticias\/#website"},"primaryImageOfPage":{"@id":"https:\/\/www.cetys.mx\/noticias\/jorge-ortega-en-poesia-en-paralelo-cero\/#primaryimage"},"image":{"@id":"https:\/\/www.cetys.mx\/noticias\/jorge-ortega-en-poesia-en-paralelo-cero\/#primaryimage"},"thumbnailUrl":"https:\/\/www.cetys.mx\/noticias\/wp-content\/uploads\/2025\/05\/Foto-Grupal-1.jpg","datePublished":"2024-11-24T21:15:27+00:00","dateModified":"2025-05-24T20:23:46+00:00","author":{"@id":"https:\/\/www.cetys.mx\/noticias\/#\/schema\/person\/d2d3b111fcf6ea0448d670fd66382430"},"description":"El poeta, ensayista y acad\u00e9mico Jorge Ortega, fue invitado a participar en el Decimosexto Encuentro Internacional de Poetas 2024, Poes\u00eda en Paralelo Cero.","breadcrumb":{"@id":"https:\/\/www.cetys.mx\/noticias\/jorge-ortega-en-poesia-en-paralelo-cero\/#breadcrumb"},"inLanguage":"es","potentialAction":[{"@type":"ReadAction","target":["https:\/\/www.cetys.mx\/noticias\/jorge-ortega-en-poesia-en-paralelo-cero\/"]}]},{"@type":"ImageObject","inLanguage":"es","@id":"https:\/\/www.cetys.mx\/noticias\/jorge-ortega-en-poesia-en-paralelo-cero\/#primaryimage","url":"https:\/\/www.cetys.mx\/noticias\/wp-content\/uploads\/2025\/05\/Foto-Grupal-1.jpg","contentUrl":"https:\/\/www.cetys.mx\/noticias\/wp-content\/uploads\/2025\/05\/Foto-Grupal-1.jpg","width":1280,"height":960},{"@type":"BreadcrumbList","@id":"https:\/\/www.cetys.mx\/noticias\/jorge-ortega-en-poesia-en-paralelo-cero\/#breadcrumb","itemListElement":[{"@type":"ListItem","position":1,"name":"Inicio","item":"https:\/\/www.cetys.mx\/noticias\/"},{"@type":"ListItem","position":2,"name":"Jorge Ortega, presencia destacada en encuentro de poetas en Ecuador"}]},{"@type":"WebSite","@id":"https:\/\/www.cetys.mx\/noticias\/#website","url":"https:\/\/www.cetys.mx\/noticias\/","name":"CETYS","description":"","potentialAction":[{"@type":"SearchAction","target":{"@type":"EntryPoint","urlTemplate":"https:\/\/www.cetys.mx\/noticias\/?s={search_term_string}"},"query-input":{"@type":"PropertyValueSpecification","valueRequired":true,"valueName":"search_term_string"}}],"inLanguage":"es"},{"@type":"Person","@id":"https:\/\/www.cetys.mx\/noticias\/#\/schema\/person\/d2d3b111fcf6ea0448d670fd66382430","name":"Alejandra Cardenas","url":"https:\/\/www.cetys.mx\/noticias\/author\/alejandra-cardenas\/"}]}},"_links":{"self":[{"href":"https:\/\/www.cetys.mx\/noticias\/wp-json\/wp\/v2\/posts\/212818","targetHints":{"allow":["GET"]}}],"collection":[{"href":"https:\/\/www.cetys.mx\/noticias\/wp-json\/wp\/v2\/posts"}],"about":[{"href":"https:\/\/www.cetys.mx\/noticias\/wp-json\/wp\/v2\/types\/post"}],"author":[{"embeddable":true,"href":"https:\/\/www.cetys.mx\/noticias\/wp-json\/wp\/v2\/users\/119"}],"replies":[{"embeddable":true,"href":"https:\/\/www.cetys.mx\/noticias\/wp-json\/wp\/v2\/comments?post=212818"}],"version-history":[{"count":3,"href":"https:\/\/www.cetys.mx\/noticias\/wp-json\/wp\/v2\/posts\/212818\/revisions"}],"predecessor-version":[{"id":212828,"href":"https:\/\/www.cetys.mx\/noticias\/wp-json\/wp\/v2\/posts\/212818\/revisions\/212828"}],"wp:featuredmedia":[{"embeddable":true,"href":"https:\/\/www.cetys.mx\/noticias\/wp-json\/wp\/v2\/media\/212819"}],"wp:attachment":[{"href":"https:\/\/www.cetys.mx\/noticias\/wp-json\/wp\/v2\/media?parent=212818"}],"wp:term":[{"taxonomy":"category","embeddable":true,"href":"https:\/\/www.cetys.mx\/noticias\/wp-json\/wp\/v2\/categories?post=212818"},{"taxonomy":"post_tag","embeddable":true,"href":"https:\/\/www.cetys.mx\/noticias\/wp-json\/wp\/v2\/tags?post=212818"}],"curies":[{"name":"wp","href":"https:\/\/api.w.org\/{rel}","templated":true}]}}