{"id":212406,"date":"2025-05-09T12:58:22","date_gmt":"2025-05-09T19:58:22","guid":{"rendered":"https:\/\/www.cetys.mx\/noticias\/?p=212406"},"modified":"2025-05-15T16:08:17","modified_gmt":"2025-05-15T23:08:17","slug":"la-etica-en-el-mundo-de-los-negocios-experiencia-coil-entre-cetys-y-fiu-fortalece-formacion-internacional","status":"publish","type":"post","link":"https:\/\/www.cetys.mx\/noticias\/la-etica-en-el-mundo-de-los-negocios-experiencia-coil-entre-cetys-y-fiu-fortalece-formacion-internacional\/","title":{"rendered":"La \u00e9tica en el mundo de los negocios: experiencia COIL entre CETYS y FIU fortalece formaci\u00f3n internacional"},"content":{"rendered":"<p><span style=\"font-weight: 400;\">Como parte de las iniciativas de internacionalizaci\u00f3n del curr\u00edculo en CETYS Universidad, se llev\u00f3 a cabo el proyecto COIL (<\/span><i><span style=\"font-weight: 400;\">Collaborative Online International Learning<\/span><\/i><span style=\"font-weight: 400;\">) titulado <\/span><b>\u201cLa \u00e9tica en el mundo de los negocios\u201d<\/b><span style=\"font-weight: 400;\">, una colaboraci\u00f3n acad\u00e9mica entre estudiantes y docentes del\u00a0 <a href=\"https:\/\/www.cetys.mx\/campus-mexicali\/\">Centro de Ense\u00f1anza T\u00e9cnica y Superior Campus Mexicali (CETYS)<\/a>, y <a href=\"https:\/\/www.fiu.edu\/\">Florida International University (FIU)<\/a>, en Miami, Estados Unidos.\u00a0<\/span><\/p>\n<p><span style=\"font-weight: 400;\">Durante tres semanas, el <\/span><b>Dr. Francisco N\u00fa\u00f1ez Tapia<\/b><span style=\"font-weight: 400;\">\u00a0 de CETYS Universidad Campus Mexicali y el <\/span><b>Prof. Jos\u00e9 Morcillo<\/b><span style=\"font-weight: 400;\">\u00a0 de FIU, dise\u00f1aron y coordinaron esta experiencia virtual con el objetivo de fomentar el pensamiento cr\u00edtico ante los desaf\u00edos \u00e9ticos del entorno empresarial actual, as\u00ed como fortalecer las competencias comunicativas e interculturales de los estudiantes.<\/span><\/p>\n<p><span style=\"font-weight: 400;\">La colaboraci\u00f3n se estructur\u00f3 en torno a tres actividades clave, desarrolladas a trav\u00e9s de la plataforma <\/span><b>VoiceThread<\/b><span style=\"font-weight: 400;\">:<\/span><\/p>\n<ul>\n<li style=\"font-weight: 400;\" aria-level=\"1\"><b>Presentaciones personales<\/b><span style=\"font-weight: 400;\">, donde los participantes compartieron sus contextos culturales, visiones sobre \u00e9tica laboral y expectativas del proyecto.<\/span>&nbsp;<\/li>\n<li style=\"font-weight: 400;\" aria-level=\"1\"><b>An\u00e1lisis de la responsabilidad social corporativa<\/b><span style=\"font-weight: 400;\">, cuestionando modelos tradicionales de RSC y proponiendo alternativas m\u00e1s aut\u00e9nticas y orientadas al bien com\u00fan.<\/span>&nbsp;<\/li>\n<li style=\"font-weight: 400;\" aria-level=\"1\"><b>\u00c9tica e inteligencia artificial<\/b><span style=\"font-weight: 400;\">, que gener\u00f3 un di\u00e1logo profundo sobre los riesgos y oportunidades del desarrollo tecnol\u00f3gico, subrayando la necesidad de incorporar valores humanos en la innovaci\u00f3n.<\/span><\/li>\n<\/ul>\n<p><span style=\"font-weight: 400;\">Cada actividad incluy\u00f3 la elaboraci\u00f3n de video reflexiones y la interacci\u00f3n entre estudiantes de ambas instituciones, promoviendo el intercambio de ideas, el respeto por otras perspectivas culturales y el fortalecimiento del aprendizaje colaborativo a nivel internacional.<\/span><\/p>\n<p><span style=\"font-weight: 400;\">Este proyecto no solo permiti\u00f3 explorar los dilemas \u00e9ticos del mundo empresarial desde una mirada global, sino que tambi\u00e9n brind\u00f3 a los participantes herramientas clave para su desarrollo profesional: pensamiento cr\u00edtico, comunicaci\u00f3n intercultural y habilidades digitales.<\/span><\/p>\n<p><span style=\"font-weight: 400;\">Desde CETYS Universidad se reconoce la participaci\u00f3n activa y entusiasta del estudiantado del curso <\/span><i><span style=\"font-weight: 400;\">Ser Humano y \u00c9tica<\/span><\/i><span style=\"font-weight: 400;\">, pertenecientes a la carrera de <a href=\"https:\/\/www.cetys.mx\/programas\/ingenieria-industrial-global-program\/\">Ingenier\u00eda Industrial Global Program<\/a>, as\u00ed como la valiosa alianza con <\/span><a href=\"https:\/\/www.fiu.edu\/\"><b>Florida International University<\/b><\/a><span style=\"font-weight: 400;\">, que hacen posible generar experiencias acad\u00e9micas que trascienden fronteras y enriquecen la formaci\u00f3n integral de nuestra comunidad estudiantil.<\/span><\/p>\n","protected":false},"excerpt":{"rendered":"<p>Como parte de las iniciativas de internacionalizaci\u00f3n del curr\u00edculo en CETYS Universidad, se llev\u00f3 a cabo el proyecto COIL (Collaborative Online International&#8230;<\/p>\n","protected":false},"author":20,"featured_media":212407,"comment_status":"open","ping_status":"closed","sticky":false,"template":"","format":"standard","meta":{"footnotes":""},"categories":[133,1850,306,109,313],"tags":[1622,6645,7020,7206],"class_list":["post-212406","post","type-post","status-publish","format-standard","has-post-thumbnail","hentry","category-campus-mexicali","category-ingenieria","category-profesional","category-vinculacion","category-vocetys-2","tag-campusmexicali","tag-industrialglobalprogram","tag-vinculacionmexicali","tag-vocetys-2025-05-15"],"yoast_head":"<!-- This site is optimized with the Yoast SEO plugin v27.4 - https:\/\/yoast.com\/product\/yoast-seo-wordpress\/ -->\n<title>La \u00e9tica en el mundo de los negocios: experiencia COIL entre CETYS y FIU fortalece formaci\u00f3n internacional - CETYS<\/title>\n<meta name=\"description\" content=\"Articulo sobre La \u00e9tica en el mundo de los negocios: experiencia COIL entre CETYS y FIU fortalece formaci\u00f3n internacional\" \/>\n<meta name=\"robots\" content=\"index, follow, max-snippet:-1, max-image-preview:large, max-video-preview:-1\" \/>\n<link rel=\"canonical\" href=\"https:\/\/www.cetys.mx\/noticias\/la-etica-en-el-mundo-de-los-negocios-experiencia-coil-entre-cetys-y-fiu-fortalece-formacion-internacional\/\" \/>\n<meta property=\"og:locale\" content=\"es_MX\" \/>\n<meta property=\"og:type\" content=\"article\" \/>\n<meta property=\"og:title\" content=\"La \u00e9tica en el mundo de los negocios: experiencia COIL entre CETYS y FIU fortalece formaci\u00f3n internacional - CETYS\" \/>\n<meta property=\"og:description\" content=\"Articulo sobre La \u00e9tica en el mundo de los negocios: experiencia COIL entre CETYS y FIU fortalece formaci\u00f3n internacional\" \/>\n<meta property=\"og:url\" content=\"https:\/\/www.cetys.mx\/noticias\/la-etica-en-el-mundo-de-los-negocios-experiencia-coil-entre-cetys-y-fiu-fortalece-formacion-internacional\/\" \/>\n<meta property=\"og:site_name\" content=\"CETYS\" \/>\n<meta property=\"article:publisher\" content=\"https:\/\/www.facebook.com\/cetysuniversidadmxl\/\" \/>\n<meta property=\"article:published_time\" content=\"2025-05-09T19:58:22+00:00\" \/>\n<meta property=\"article:modified_time\" content=\"2025-05-15T23:08:17+00:00\" \/>\n<meta property=\"og:image\" content=\"https:\/\/www.cetys.mx\/noticias\/wp-content\/uploads\/2025\/05\/COIL-APRIL-CETYS-FIU-2025.png\" \/>\n\t<meta property=\"og:image:width\" content=\"1432\" \/>\n\t<meta property=\"og:image:height\" content=\"698\" \/>\n\t<meta property=\"og:image:type\" content=\"image\/png\" \/>\n<meta name=\"author\" content=\"Campus Mexicali\" \/>\n<meta name=\"twitter:card\" content=\"summary_large_image\" \/>\n<meta name=\"twitter:creator\" content=\"@cetysuni\" \/>\n<meta name=\"twitter:site\" content=\"@cetysuni\" \/>\n<meta name=\"twitter:label1\" content=\"Escrito por\" \/>\n\t<meta name=\"twitter:data1\" content=\"Campus Mexicali\" \/>\n\t<meta name=\"twitter:label2\" content=\"Tiempo de lectura\" \/>\n\t<meta name=\"twitter:data2\" content=\"2 minutos\" \/>\n<script type=\"application\/ld+json\" class=\"yoast-schema-graph\">{\"@context\":\"https:\\\/\\\/schema.org\",\"@graph\":[{\"@type\":\"Article\",\"@id\":\"https:\\\/\\\/www.cetys.mx\\\/noticias\\\/la-etica-en-el-mundo-de-los-negocios-experiencia-coil-entre-cetys-y-fiu-fortalece-formacion-internacional\\\/#article\",\"isPartOf\":{\"@id\":\"https:\\\/\\\/www.cetys.mx\\\/noticias\\\/la-etica-en-el-mundo-de-los-negocios-experiencia-coil-entre-cetys-y-fiu-fortalece-formacion-internacional\\\/\"},\"author\":{\"name\":\"Campus Mexicali\",\"@id\":\"https:\\\/\\\/www.cetys.mx\\\/noticias\\\/#\\\/schema\\\/person\\\/79a95c4ac185f3705cf1b9c9340a5f70\"},\"headline\":\"La \u00e9tica en el mundo de los negocios: experiencia COIL entre CETYS y FIU fortalece formaci\u00f3n internacional\",\"datePublished\":\"2025-05-09T19:58:22+00:00\",\"dateModified\":\"2025-05-15T23:08:17+00:00\",\"mainEntityOfPage\":{\"@id\":\"https:\\\/\\\/www.cetys.mx\\\/noticias\\\/la-etica-en-el-mundo-de-los-negocios-experiencia-coil-entre-cetys-y-fiu-fortalece-formacion-internacional\\\/\"},\"wordCount\":367,\"commentCount\":0,\"image\":{\"@id\":\"https:\\\/\\\/www.cetys.mx\\\/noticias\\\/la-etica-en-el-mundo-de-los-negocios-experiencia-coil-entre-cetys-y-fiu-fortalece-formacion-internacional\\\/#primaryimage\"},\"thumbnailUrl\":\"https:\\\/\\\/www.cetys.mx\\\/noticias\\\/wp-content\\\/uploads\\\/2025\\\/05\\\/COIL-APRIL-CETYS-FIU-2025.png\",\"keywords\":[\"campusmexicali\",\"IndustrialGlobalProgram\",\"VinculacionMexicali\",\"vocetys-2025-05-15\"],\"articleSection\":[\"Campus Mexicali\",\"Ingenier\u00eda\",\"Profesional\",\"Vinculaci\u00f3n\",\"VoCETYS\"],\"inLanguage\":\"es\",\"potentialAction\":[{\"@type\":\"CommentAction\",\"name\":\"Comment\",\"target\":[\"https:\\\/\\\/www.cetys.mx\\\/noticias\\\/la-etica-en-el-mundo-de-los-negocios-experiencia-coil-entre-cetys-y-fiu-fortalece-formacion-internacional\\\/#respond\"]}]},{\"@type\":\"WebPage\",\"@id\":\"https:\\\/\\\/www.cetys.mx\\\/noticias\\\/la-etica-en-el-mundo-de-los-negocios-experiencia-coil-entre-cetys-y-fiu-fortalece-formacion-internacional\\\/\",\"url\":\"https:\\\/\\\/www.cetys.mx\\\/noticias\\\/la-etica-en-el-mundo-de-los-negocios-experiencia-coil-entre-cetys-y-fiu-fortalece-formacion-internacional\\\/\",\"name\":\"La \u00e9tica en el mundo de los negocios: experiencia COIL entre CETYS y FIU fortalece formaci\u00f3n internacional - CETYS\",\"isPartOf\":{\"@id\":\"https:\\\/\\\/www.cetys.mx\\\/noticias\\\/#website\"},\"primaryImageOfPage\":{\"@id\":\"https:\\\/\\\/www.cetys.mx\\\/noticias\\\/la-etica-en-el-mundo-de-los-negocios-experiencia-coil-entre-cetys-y-fiu-fortalece-formacion-internacional\\\/#primaryimage\"},\"image\":{\"@id\":\"https:\\\/\\\/www.cetys.mx\\\/noticias\\\/la-etica-en-el-mundo-de-los-negocios-experiencia-coil-entre-cetys-y-fiu-fortalece-formacion-internacional\\\/#primaryimage\"},\"thumbnailUrl\":\"https:\\\/\\\/www.cetys.mx\\\/noticias\\\/wp-content\\\/uploads\\\/2025\\\/05\\\/COIL-APRIL-CETYS-FIU-2025.png\",\"datePublished\":\"2025-05-09T19:58:22+00:00\",\"dateModified\":\"2025-05-15T23:08:17+00:00\",\"author\":{\"@id\":\"https:\\\/\\\/www.cetys.mx\\\/noticias\\\/#\\\/schema\\\/person\\\/79a95c4ac185f3705cf1b9c9340a5f70\"},\"description\":\"Articulo sobre La \u00e9tica en el mundo de los negocios: experiencia COIL entre CETYS y FIU fortalece formaci\u00f3n internacional\",\"breadcrumb\":{\"@id\":\"https:\\\/\\\/www.cetys.mx\\\/noticias\\\/la-etica-en-el-mundo-de-los-negocios-experiencia-coil-entre-cetys-y-fiu-fortalece-formacion-internacional\\\/#breadcrumb\"},\"inLanguage\":\"es\",\"potentialAction\":[{\"@type\":\"ReadAction\",\"target\":[\"https:\\\/\\\/www.cetys.mx\\\/noticias\\\/la-etica-en-el-mundo-de-los-negocios-experiencia-coil-entre-cetys-y-fiu-fortalece-formacion-internacional\\\/\"]}]},{\"@type\":\"ImageObject\",\"inLanguage\":\"es\",\"@id\":\"https:\\\/\\\/www.cetys.mx\\\/noticias\\\/la-etica-en-el-mundo-de-los-negocios-experiencia-coil-entre-cetys-y-fiu-fortalece-formacion-internacional\\\/#primaryimage\",\"url\":\"https:\\\/\\\/www.cetys.mx\\\/noticias\\\/wp-content\\\/uploads\\\/2025\\\/05\\\/COIL-APRIL-CETYS-FIU-2025.png\",\"contentUrl\":\"https:\\\/\\\/www.cetys.mx\\\/noticias\\\/wp-content\\\/uploads\\\/2025\\\/05\\\/COIL-APRIL-CETYS-FIU-2025.png\",\"width\":1432,\"height\":698},{\"@type\":\"BreadcrumbList\",\"@id\":\"https:\\\/\\\/www.cetys.mx\\\/noticias\\\/la-etica-en-el-mundo-de-los-negocios-experiencia-coil-entre-cetys-y-fiu-fortalece-formacion-internacional\\\/#breadcrumb\",\"itemListElement\":[{\"@type\":\"ListItem\",\"position\":1,\"name\":\"Inicio\",\"item\":\"https:\\\/\\\/www.cetys.mx\\\/noticias\\\/\"},{\"@type\":\"ListItem\",\"position\":2,\"name\":\"La \u00e9tica en el mundo de los negocios: experiencia COIL entre CETYS y FIU fortalece formaci\u00f3n internacional\"}]},{\"@type\":\"WebSite\",\"@id\":\"https:\\\/\\\/www.cetys.mx\\\/noticias\\\/#website\",\"url\":\"https:\\\/\\\/www.cetys.mx\\\/noticias\\\/\",\"name\":\"CETYS\",\"description\":\"\",\"potentialAction\":[{\"@type\":\"SearchAction\",\"target\":{\"@type\":\"EntryPoint\",\"urlTemplate\":\"https:\\\/\\\/www.cetys.mx\\\/noticias\\\/?s={search_term_string}\"},\"query-input\":{\"@type\":\"PropertyValueSpecification\",\"valueRequired\":true,\"valueName\":\"search_term_string\"}}],\"inLanguage\":\"es\"},{\"@type\":\"Person\",\"@id\":\"https:\\\/\\\/www.cetys.mx\\\/noticias\\\/#\\\/schema\\\/person\\\/79a95c4ac185f3705cf1b9c9340a5f70\",\"name\":\"Campus Mexicali\",\"url\":\"https:\\\/\\\/www.cetys.mx\\\/noticias\\\/author\\\/campusmexicali\\\/\"}]}<\/script>\n<!-- \/ Yoast SEO plugin. -->","yoast_head_json":{"title":"La \u00e9tica en el mundo de los negocios: experiencia COIL entre CETYS y FIU fortalece formaci\u00f3n internacional - CETYS","description":"Articulo sobre La \u00e9tica en el mundo de los negocios: experiencia COIL entre CETYS y FIU fortalece formaci\u00f3n internacional","robots":{"index":"index","follow":"follow","max-snippet":"max-snippet:-1","max-image-preview":"max-image-preview:large","max-video-preview":"max-video-preview:-1"},"canonical":"https:\/\/www.cetys.mx\/noticias\/la-etica-en-el-mundo-de-los-negocios-experiencia-coil-entre-cetys-y-fiu-fortalece-formacion-internacional\/","og_locale":"es_MX","og_type":"article","og_title":"La \u00e9tica en el mundo de los negocios: experiencia COIL entre CETYS y FIU fortalece formaci\u00f3n internacional - CETYS","og_description":"Articulo sobre La \u00e9tica en el mundo de los negocios: experiencia COIL entre CETYS y FIU fortalece formaci\u00f3n internacional","og_url":"https:\/\/www.cetys.mx\/noticias\/la-etica-en-el-mundo-de-los-negocios-experiencia-coil-entre-cetys-y-fiu-fortalece-formacion-internacional\/","og_site_name":"CETYS","article_publisher":"https:\/\/www.facebook.com\/cetysuniversidadmxl\/","article_published_time":"2025-05-09T19:58:22+00:00","article_modified_time":"2025-05-15T23:08:17+00:00","og_image":[{"width":1432,"height":698,"url":"https:\/\/www.cetys.mx\/noticias\/wp-content\/uploads\/2025\/05\/COIL-APRIL-CETYS-FIU-2025.png","type":"image\/png"}],"author":"Campus Mexicali","twitter_card":"summary_large_image","twitter_creator":"@cetysuni","twitter_site":"@cetysuni","twitter_misc":{"Escrito por":"Campus Mexicali","Tiempo de lectura":"2 minutos"},"schema":{"@context":"https:\/\/schema.org","@graph":[{"@type":"Article","@id":"https:\/\/www.cetys.mx\/noticias\/la-etica-en-el-mundo-de-los-negocios-experiencia-coil-entre-cetys-y-fiu-fortalece-formacion-internacional\/#article","isPartOf":{"@id":"https:\/\/www.cetys.mx\/noticias\/la-etica-en-el-mundo-de-los-negocios-experiencia-coil-entre-cetys-y-fiu-fortalece-formacion-internacional\/"},"author":{"name":"Campus Mexicali","@id":"https:\/\/www.cetys.mx\/noticias\/#\/schema\/person\/79a95c4ac185f3705cf1b9c9340a5f70"},"headline":"La \u00e9tica en el mundo de los negocios: experiencia COIL entre CETYS y FIU fortalece formaci\u00f3n internacional","datePublished":"2025-05-09T19:58:22+00:00","dateModified":"2025-05-15T23:08:17+00:00","mainEntityOfPage":{"@id":"https:\/\/www.cetys.mx\/noticias\/la-etica-en-el-mundo-de-los-negocios-experiencia-coil-entre-cetys-y-fiu-fortalece-formacion-internacional\/"},"wordCount":367,"commentCount":0,"image":{"@id":"https:\/\/www.cetys.mx\/noticias\/la-etica-en-el-mundo-de-los-negocios-experiencia-coil-entre-cetys-y-fiu-fortalece-formacion-internacional\/#primaryimage"},"thumbnailUrl":"https:\/\/www.cetys.mx\/noticias\/wp-content\/uploads\/2025\/05\/COIL-APRIL-CETYS-FIU-2025.png","keywords":["campusmexicali","IndustrialGlobalProgram","VinculacionMexicali","vocetys-2025-05-15"],"articleSection":["Campus Mexicali","Ingenier\u00eda","Profesional","Vinculaci\u00f3n","VoCETYS"],"inLanguage":"es","potentialAction":[{"@type":"CommentAction","name":"Comment","target":["https:\/\/www.cetys.mx\/noticias\/la-etica-en-el-mundo-de-los-negocios-experiencia-coil-entre-cetys-y-fiu-fortalece-formacion-internacional\/#respond"]}]},{"@type":"WebPage","@id":"https:\/\/www.cetys.mx\/noticias\/la-etica-en-el-mundo-de-los-negocios-experiencia-coil-entre-cetys-y-fiu-fortalece-formacion-internacional\/","url":"https:\/\/www.cetys.mx\/noticias\/la-etica-en-el-mundo-de-los-negocios-experiencia-coil-entre-cetys-y-fiu-fortalece-formacion-internacional\/","name":"La \u00e9tica en el mundo de los negocios: experiencia COIL entre CETYS y FIU fortalece formaci\u00f3n internacional - CETYS","isPartOf":{"@id":"https:\/\/www.cetys.mx\/noticias\/#website"},"primaryImageOfPage":{"@id":"https:\/\/www.cetys.mx\/noticias\/la-etica-en-el-mundo-de-los-negocios-experiencia-coil-entre-cetys-y-fiu-fortalece-formacion-internacional\/#primaryimage"},"image":{"@id":"https:\/\/www.cetys.mx\/noticias\/la-etica-en-el-mundo-de-los-negocios-experiencia-coil-entre-cetys-y-fiu-fortalece-formacion-internacional\/#primaryimage"},"thumbnailUrl":"https:\/\/www.cetys.mx\/noticias\/wp-content\/uploads\/2025\/05\/COIL-APRIL-CETYS-FIU-2025.png","datePublished":"2025-05-09T19:58:22+00:00","dateModified":"2025-05-15T23:08:17+00:00","author":{"@id":"https:\/\/www.cetys.mx\/noticias\/#\/schema\/person\/79a95c4ac185f3705cf1b9c9340a5f70"},"description":"Articulo sobre La \u00e9tica en el mundo de los negocios: experiencia COIL entre CETYS y FIU fortalece formaci\u00f3n internacional","breadcrumb":{"@id":"https:\/\/www.cetys.mx\/noticias\/la-etica-en-el-mundo-de-los-negocios-experiencia-coil-entre-cetys-y-fiu-fortalece-formacion-internacional\/#breadcrumb"},"inLanguage":"es","potentialAction":[{"@type":"ReadAction","target":["https:\/\/www.cetys.mx\/noticias\/la-etica-en-el-mundo-de-los-negocios-experiencia-coil-entre-cetys-y-fiu-fortalece-formacion-internacional\/"]}]},{"@type":"ImageObject","inLanguage":"es","@id":"https:\/\/www.cetys.mx\/noticias\/la-etica-en-el-mundo-de-los-negocios-experiencia-coil-entre-cetys-y-fiu-fortalece-formacion-internacional\/#primaryimage","url":"https:\/\/www.cetys.mx\/noticias\/wp-content\/uploads\/2025\/05\/COIL-APRIL-CETYS-FIU-2025.png","contentUrl":"https:\/\/www.cetys.mx\/noticias\/wp-content\/uploads\/2025\/05\/COIL-APRIL-CETYS-FIU-2025.png","width":1432,"height":698},{"@type":"BreadcrumbList","@id":"https:\/\/www.cetys.mx\/noticias\/la-etica-en-el-mundo-de-los-negocios-experiencia-coil-entre-cetys-y-fiu-fortalece-formacion-internacional\/#breadcrumb","itemListElement":[{"@type":"ListItem","position":1,"name":"Inicio","item":"https:\/\/www.cetys.mx\/noticias\/"},{"@type":"ListItem","position":2,"name":"La \u00e9tica en el mundo de los negocios: experiencia COIL entre CETYS y FIU fortalece formaci\u00f3n internacional"}]},{"@type":"WebSite","@id":"https:\/\/www.cetys.mx\/noticias\/#website","url":"https:\/\/www.cetys.mx\/noticias\/","name":"CETYS","description":"","potentialAction":[{"@type":"SearchAction","target":{"@type":"EntryPoint","urlTemplate":"https:\/\/www.cetys.mx\/noticias\/?s={search_term_string}"},"query-input":{"@type":"PropertyValueSpecification","valueRequired":true,"valueName":"search_term_string"}}],"inLanguage":"es"},{"@type":"Person","@id":"https:\/\/www.cetys.mx\/noticias\/#\/schema\/person\/79a95c4ac185f3705cf1b9c9340a5f70","name":"Campus Mexicali","url":"https:\/\/www.cetys.mx\/noticias\/author\/campusmexicali\/"}]}},"_links":{"self":[{"href":"https:\/\/www.cetys.mx\/noticias\/wp-json\/wp\/v2\/posts\/212406","targetHints":{"allow":["GET"]}}],"collection":[{"href":"https:\/\/www.cetys.mx\/noticias\/wp-json\/wp\/v2\/posts"}],"about":[{"href":"https:\/\/www.cetys.mx\/noticias\/wp-json\/wp\/v2\/types\/post"}],"author":[{"embeddable":true,"href":"https:\/\/www.cetys.mx\/noticias\/wp-json\/wp\/v2\/users\/20"}],"replies":[{"embeddable":true,"href":"https:\/\/www.cetys.mx\/noticias\/wp-json\/wp\/v2\/comments?post=212406"}],"version-history":[{"count":2,"href":"https:\/\/www.cetys.mx\/noticias\/wp-json\/wp\/v2\/posts\/212406\/revisions"}],"predecessor-version":[{"id":212571,"href":"https:\/\/www.cetys.mx\/noticias\/wp-json\/wp\/v2\/posts\/212406\/revisions\/212571"}],"wp:featuredmedia":[{"embeddable":true,"href":"https:\/\/www.cetys.mx\/noticias\/wp-json\/wp\/v2\/media\/212407"}],"wp:attachment":[{"href":"https:\/\/www.cetys.mx\/noticias\/wp-json\/wp\/v2\/media?parent=212406"}],"wp:term":[{"taxonomy":"category","embeddable":true,"href":"https:\/\/www.cetys.mx\/noticias\/wp-json\/wp\/v2\/categories?post=212406"},{"taxonomy":"post_tag","embeddable":true,"href":"https:\/\/www.cetys.mx\/noticias\/wp-json\/wp\/v2\/tags?post=212406"}],"curies":[{"name":"wp","href":"https:\/\/api.w.org\/{rel}","templated":true}]}}