{"id":212232,"date":"2025-05-05T16:11:54","date_gmt":"2025-05-05T23:11:54","guid":{"rendered":"https:\/\/www.cetys.mx\/noticias\/?p=212232"},"modified":"2025-05-16T10:53:05","modified_gmt":"2025-05-16T17:53:05","slug":"creatividad-y-estrategia-el-desafio-empresarial-2025-pone-a-prueba-a-estudiantes-cetys","status":"publish","type":"post","link":"https:\/\/www.cetys.mx\/noticias\/creatividad-y-estrategia-el-desafio-empresarial-2025-pone-a-prueba-a-estudiantes-cetys\/","title":{"rendered":"Creatividad y estrategia: el Desaf\u00edo Empresarial 2025 pone a prueba a estudiantes CETYS"},"content":{"rendered":"<p><span style=\"font-weight: 400;\">Inici\u00f3 el <strong>Desaf\u00edo Empresarial 2025<\/strong> el pasado 29 de abril, una iniciativa organizada por <strong>V\u00ednculo CETYS-COPARMEX<\/strong> en conjunto con la <strong>Escuela de Administraci\u00f3n y Negocios de CETYS Universidad, Campus Mexicali.<\/strong> Durante dos d\u00edas, 16 equipos integrados por estudiantes de las tres escuelas de CETYS se enfrentaron a retos reales del sector cervecero local, poniendo a prueba su creatividad, conocimientos y habilidades de trabajo en equipo.<\/span><\/p>\n<p><span style=\"font-weight: 400;\">Las empresas participantes \u2014Averno, El Sarmiento, Brew Capital y Malgro\u2014 presentaron casos con problem\u00e1ticas espec\u00edficas que enfrentan actualmente. Los estudiantes, organizados en equipos multidisciplinarios, comenzaron a desarrollar soluciones innovadoras bajo un tiempo l\u00edmite, demostrando su capacidad para responder de manera \u00e1gil y efectiva.<\/span><\/p>\n<blockquote><p><span style=\"font-weight: 400;\">\u201cEste tipo de actividades son muy importantes porque les permiten a nuestros estudiantes salir de las aulas y enfrentarse a problemas reales de empresas reales, donde deben aplicar sus conocimientos y trabajar en equipo para encontrar soluciones innovadoras\u201d, expres\u00f3 la Dra. Paulina Vargas Larraguivel, Directora de la Escuela de Administraci\u00f3n y Negocios en CETYS Universidad Campus Mexicali.<\/span><\/p><\/blockquote>\n<div class=\"gallery-slider-wrapper gallery-1\">\n                        <div class=\"gallery-slider\" itemscope itemtype=\"http:\/\/schema.org\/ImageGallery\"><figure class=\"slide\" itemprop=\"associatedMedia\" itemscope itemtype=\"http:\/\/schema.org\/ImageObject\">\n                    <a itemprop=\"contentUrl\" href=\"https:\/\/www.cetys.mx\/noticias\/wp-content\/uploads\/2025\/05\/WhatsApp-Image-2025-05-05-at-4.07.48-PM-1.jpeg\">\n                        <img decoding=\"async\" itemprop=\"thumbnail\" class=\"lazyOwl\" src=\"https:\/\/www.cetys.mx\/noticias\/wp-content\/plugins\/jmagz-plugin\/assets\/placeholder\/900x450.png\" data-src=\"https:\/\/www.cetys.mx\/noticias\/wp-content\/uploads\/2025\/05\/WhatsApp-Image-2025-05-05-at-4.07.48-PM-1.jpeg\" alt=\"Desaf\u00edo Empresarial\">\n                    <\/a>\n                    <figcaption itemprop=\"caption description\" class=\"slide-caption\">\n                        \n                    <\/figcaption>\n                <\/figure><figure class=\"slide\" itemprop=\"associatedMedia\" itemscope itemtype=\"http:\/\/schema.org\/ImageObject\">\n                    <a itemprop=\"contentUrl\" href=\"https:\/\/www.cetys.mx\/noticias\/wp-content\/uploads\/2025\/05\/WhatsApp-Image-2025-05-05-at-4.07.48-PM.jpeg\">\n                        <img decoding=\"async\" itemprop=\"thumbnail\" class=\"lazyOwl\" src=\"https:\/\/www.cetys.mx\/noticias\/wp-content\/plugins\/jmagz-plugin\/assets\/placeholder\/900x450.png\" data-src=\"https:\/\/www.cetys.mx\/noticias\/wp-content\/uploads\/2025\/05\/WhatsApp-Image-2025-05-05-at-4.07.48-PM.jpeg\" alt=\"Desaf\u00edo Empresarial\">\n                    <\/a>\n                    <figcaption itemprop=\"caption description\" class=\"slide-caption\">\n                        \n                    <\/figcaption>\n                <\/figure><figure class=\"slide\" itemprop=\"associatedMedia\" itemscope itemtype=\"http:\/\/schema.org\/ImageObject\">\n                    <a itemprop=\"contentUrl\" href=\"https:\/\/www.cetys.mx\/noticias\/wp-content\/uploads\/2025\/05\/WhatsApp-Image-2025-05-05-at-4.07.48-PM-7.jpeg\">\n                        <img decoding=\"async\" itemprop=\"thumbnail\" class=\"lazyOwl\" src=\"https:\/\/www.cetys.mx\/noticias\/wp-content\/plugins\/jmagz-plugin\/assets\/placeholder\/900x450.png\" data-src=\"https:\/\/www.cetys.mx\/noticias\/wp-content\/uploads\/2025\/05\/WhatsApp-Image-2025-05-05-at-4.07.48-PM-7.jpeg\" alt=\"Desaf\u00edo Empresarial\">\n                    <\/a>\n                    <figcaption itemprop=\"caption description\" class=\"slide-caption\">\n                        \n                    <\/figcaption>\n                <\/figure><figure class=\"slide\" itemprop=\"associatedMedia\" itemscope itemtype=\"http:\/\/schema.org\/ImageObject\">\n                    <a itemprop=\"contentUrl\" href=\"https:\/\/www.cetys.mx\/noticias\/wp-content\/uploads\/2025\/05\/WhatsApp-Image-2025-05-05-at-4.07.48-PM-6.jpeg\">\n                        <img decoding=\"async\" itemprop=\"thumbnail\" class=\"lazyOwl\" src=\"https:\/\/www.cetys.mx\/noticias\/wp-content\/plugins\/jmagz-plugin\/assets\/placeholder\/900x450.png\" data-src=\"https:\/\/www.cetys.mx\/noticias\/wp-content\/uploads\/2025\/05\/WhatsApp-Image-2025-05-05-at-4.07.48-PM-6.jpeg\" alt=\"Desaf\u00edo Empresarial\">\n                    <\/a>\n                    <figcaption itemprop=\"caption description\" class=\"slide-caption\">\n                        \n                    <\/figcaption>\n                <\/figure><figure class=\"slide\" itemprop=\"associatedMedia\" itemscope itemtype=\"http:\/\/schema.org\/ImageObject\">\n                    <a itemprop=\"contentUrl\" href=\"https:\/\/www.cetys.mx\/noticias\/wp-content\/uploads\/2025\/05\/WhatsApp-Image-2025-05-05-at-4.07.48-PM-5.jpeg\">\n                        <img decoding=\"async\" itemprop=\"thumbnail\" class=\"lazyOwl\" src=\"https:\/\/www.cetys.mx\/noticias\/wp-content\/plugins\/jmagz-plugin\/assets\/placeholder\/900x450.png\" data-src=\"https:\/\/www.cetys.mx\/noticias\/wp-content\/uploads\/2025\/05\/WhatsApp-Image-2025-05-05-at-4.07.48-PM-5.jpeg\" alt=\"Desaf\u00edo Empresarial\">\n                    <\/a>\n                    <figcaption itemprop=\"caption description\" class=\"slide-caption\">\n                        \n                    <\/figcaption>\n                <\/figure><figure class=\"slide\" itemprop=\"associatedMedia\" itemscope itemtype=\"http:\/\/schema.org\/ImageObject\">\n                    <a itemprop=\"contentUrl\" href=\"https:\/\/www.cetys.mx\/noticias\/wp-content\/uploads\/2025\/05\/WhatsApp-Image-2025-05-05-at-4.07.48-PM-4.jpeg\">\n                        <img decoding=\"async\" itemprop=\"thumbnail\" class=\"lazyOwl\" src=\"https:\/\/www.cetys.mx\/noticias\/wp-content\/plugins\/jmagz-plugin\/assets\/placeholder\/900x450.png\" data-src=\"https:\/\/www.cetys.mx\/noticias\/wp-content\/uploads\/2025\/05\/WhatsApp-Image-2025-05-05-at-4.07.48-PM-4.jpeg\" alt=\"Desaf\u00edo Empresarial\">\n                    <\/a>\n                    <figcaption itemprop=\"caption description\" class=\"slide-caption\">\n                        \n                    <\/figcaption>\n                <\/figure><figure class=\"slide\" itemprop=\"associatedMedia\" itemscope itemtype=\"http:\/\/schema.org\/ImageObject\">\n                    <a itemprop=\"contentUrl\" href=\"https:\/\/www.cetys.mx\/noticias\/wp-content\/uploads\/2025\/05\/WhatsApp-Image-2025-05-05-at-4.07.48-PM-3.jpeg\">\n                        <img decoding=\"async\" itemprop=\"thumbnail\" class=\"lazyOwl\" src=\"https:\/\/www.cetys.mx\/noticias\/wp-content\/plugins\/jmagz-plugin\/assets\/placeholder\/900x450.png\" data-src=\"https:\/\/www.cetys.mx\/noticias\/wp-content\/uploads\/2025\/05\/WhatsApp-Image-2025-05-05-at-4.07.48-PM-3.jpeg\" alt=\"Desaf\u00edo Empresarial\">\n                    <\/a>\n                    <figcaption itemprop=\"caption description\" class=\"slide-caption\">\n                        \n                    <\/figcaption>\n                <\/figure><figure class=\"slide\" itemprop=\"associatedMedia\" itemscope itemtype=\"http:\/\/schema.org\/ImageObject\">\n                    <a itemprop=\"contentUrl\" href=\"https:\/\/www.cetys.mx\/noticias\/wp-content\/uploads\/2025\/05\/WhatsApp-Image-2025-05-05-at-4.07.48-PM-2.jpeg\">\n                        <img decoding=\"async\" itemprop=\"thumbnail\" class=\"lazyOwl\" src=\"https:\/\/www.cetys.mx\/noticias\/wp-content\/plugins\/jmagz-plugin\/assets\/placeholder\/900x450.png\" data-src=\"https:\/\/www.cetys.mx\/noticias\/wp-content\/uploads\/2025\/05\/WhatsApp-Image-2025-05-05-at-4.07.48-PM-2.jpeg\" alt=\"Desaf\u00edo Empresarial\">\n                    <\/a>\n                    <figcaption itemprop=\"caption description\" class=\"slide-caption\">\n                        \n                    <\/figcaption>\n                <\/figure><\/div>\n                <div class=\"gallery-slider-thumbnail-wrapper\">\n                    <div class=\"gallery-slider-thumbnail\"><div class=\"slide-thumbnail\"><img decoding=\"async\" class=\"lazyOwl\" src=\"https:\/\/www.cetys.mx\/noticias\/wp-content\/plugins\/jmagz-plugin\/assets\/placeholder\/150x75.png\" data-src=\"https:\/\/www.cetys.mx\/noticias\/wp-content\/uploads\/2025\/05\/WhatsApp-Image-2025-05-05-at-4.07.48-PM-1.jpeg\" alt=\"Desaf\u00edo Empresarial\"><\/div><div class=\"slide-thumbnail\"><img decoding=\"async\" class=\"lazyOwl\" src=\"https:\/\/www.cetys.mx\/noticias\/wp-content\/plugins\/jmagz-plugin\/assets\/placeholder\/150x75.png\" data-src=\"https:\/\/www.cetys.mx\/noticias\/wp-content\/uploads\/2025\/05\/WhatsApp-Image-2025-05-05-at-4.07.48-PM.jpeg\" alt=\"Desaf\u00edo Empresarial\"><\/div><div class=\"slide-thumbnail\"><img decoding=\"async\" class=\"lazyOwl\" src=\"https:\/\/www.cetys.mx\/noticias\/wp-content\/plugins\/jmagz-plugin\/assets\/placeholder\/150x75.png\" data-src=\"https:\/\/www.cetys.mx\/noticias\/wp-content\/uploads\/2025\/05\/WhatsApp-Image-2025-05-05-at-4.07.48-PM-7.jpeg\" alt=\"Desaf\u00edo Empresarial\"><\/div><div class=\"slide-thumbnail\"><img decoding=\"async\" class=\"lazyOwl\" src=\"https:\/\/www.cetys.mx\/noticias\/wp-content\/plugins\/jmagz-plugin\/assets\/placeholder\/150x75.png\" data-src=\"https:\/\/www.cetys.mx\/noticias\/wp-content\/uploads\/2025\/05\/WhatsApp-Image-2025-05-05-at-4.07.48-PM-6.jpeg\" alt=\"Desaf\u00edo Empresarial\"><\/div><div class=\"slide-thumbnail\"><img decoding=\"async\" class=\"lazyOwl\" src=\"https:\/\/www.cetys.mx\/noticias\/wp-content\/plugins\/jmagz-plugin\/assets\/placeholder\/150x75.png\" data-src=\"https:\/\/www.cetys.mx\/noticias\/wp-content\/uploads\/2025\/05\/WhatsApp-Image-2025-05-05-at-4.07.48-PM-5.jpeg\" alt=\"Desaf\u00edo Empresarial\"><\/div><div class=\"slide-thumbnail\"><img decoding=\"async\" class=\"lazyOwl\" src=\"https:\/\/www.cetys.mx\/noticias\/wp-content\/plugins\/jmagz-plugin\/assets\/placeholder\/150x75.png\" data-src=\"https:\/\/www.cetys.mx\/noticias\/wp-content\/uploads\/2025\/05\/WhatsApp-Image-2025-05-05-at-4.07.48-PM-4.jpeg\" alt=\"Desaf\u00edo Empresarial\"><\/div><div class=\"slide-thumbnail\"><img decoding=\"async\" class=\"lazyOwl\" src=\"https:\/\/www.cetys.mx\/noticias\/wp-content\/plugins\/jmagz-plugin\/assets\/placeholder\/150x75.png\" data-src=\"https:\/\/www.cetys.mx\/noticias\/wp-content\/uploads\/2025\/05\/WhatsApp-Image-2025-05-05-at-4.07.48-PM-3.jpeg\" alt=\"Desaf\u00edo Empresarial\"><\/div><div class=\"slide-thumbnail\"><img decoding=\"async\" class=\"lazyOwl\" src=\"https:\/\/www.cetys.mx\/noticias\/wp-content\/plugins\/jmagz-plugin\/assets\/placeholder\/150x75.png\" data-src=\"https:\/\/www.cetys.mx\/noticias\/wp-content\/uploads\/2025\/05\/WhatsApp-Image-2025-05-05-at-4.07.48-PM-2.jpeg\" alt=\"Desaf\u00edo Empresarial\"><\/div><\/div><\/div><\/div>\n<p><span style=\"font-weight: 400;\">Para finalizar los equipos presentar\u00e1n sus soluciones ante un jurado conformado por representantes de las cervecer\u00edas, quienes evaluar\u00e1n la viabilidad y originalidad de las propuestas antes de elegir al equipo ganador. La jornada promete ser una experiencia enriquecedora tanto para los estudiantes como para los empresarios involucrados.<\/span><\/p>\n<p><span style=\"font-weight: 400;\">El Desaf\u00edo Empresarial \u2014siendo esta su primera edici\u00f3n\u2014 refuerza el compromiso de CETYS Universidad con la formaci\u00f3n pr\u00e1ctica e integral de sus estudiantes, ofreci\u00e9ndoles una plataforma para demostrar su talento, aprender del mundo real y establecer v\u00ednculos clave con el sector empresarial de la regi\u00f3n.<\/span><\/p>\n","protected":false},"excerpt":{"rendered":"<p>Inici\u00f3 el Desaf\u00edo Empresarial 2025 el pasado 29 de abril, una iniciativa organizada por V\u00ednculo CETYS-COPARMEX en conjunto con la Escuela de&#8230;<\/p>\n","protected":false},"author":20,"featured_media":212236,"comment_status":"open","ping_status":"closed","sticky":false,"template":"","format":"standard","meta":{"footnotes":""},"categories":[133,306,313],"tags":[7209,1826],"class_list":["post-212232","post","type-post","status-publish","format-standard","has-post-thumbnail","hentry","category-campus-mexicali","category-profesional","category-vocetys-2","tag-brewed","tag-escuela-de-administracion-y-negocios"],"yoast_head":"<!-- This site is optimized with the Yoast SEO plugin v27.4 - https:\/\/yoast.com\/product\/yoast-seo-wordpress\/ -->\n<title>Creatividad y estrategia: el Desaf\u00edo Empresarial 2025 pone a prueba a estudiantes CETYS - CETYS<\/title>\n<meta name=\"description\" content=\"Articulo sobre Creatividad y estrategia: el Desaf\u00edo Empresarial 2025 pone a prueba a estudiantes CETYS\" \/>\n<meta name=\"robots\" content=\"index, follow, max-snippet:-1, max-image-preview:large, max-video-preview:-1\" \/>\n<link rel=\"canonical\" href=\"https:\/\/www.cetys.mx\/noticias\/creatividad-y-estrategia-el-desafio-empresarial-2025-pone-a-prueba-a-estudiantes-cetys\/\" \/>\n<meta property=\"og:locale\" content=\"es_MX\" \/>\n<meta property=\"og:type\" content=\"article\" \/>\n<meta property=\"og:title\" content=\"Creatividad y estrategia: el Desaf\u00edo Empresarial 2025 pone a prueba a estudiantes CETYS - CETYS\" \/>\n<meta property=\"og:description\" content=\"Articulo sobre Creatividad y estrategia: el Desaf\u00edo Empresarial 2025 pone a prueba a estudiantes CETYS\" \/>\n<meta property=\"og:url\" content=\"https:\/\/www.cetys.mx\/noticias\/creatividad-y-estrategia-el-desafio-empresarial-2025-pone-a-prueba-a-estudiantes-cetys\/\" \/>\n<meta property=\"og:site_name\" content=\"CETYS\" \/>\n<meta property=\"article:publisher\" content=\"https:\/\/www.facebook.com\/cetysuniversidadmxl\/\" \/>\n<meta property=\"article:published_time\" content=\"2025-05-05T23:11:54+00:00\" \/>\n<meta property=\"article:modified_time\" content=\"2025-05-16T17:53:05+00:00\" \/>\n<meta property=\"og:image\" content=\"https:\/\/www.cetys.mx\/noticias\/wp-content\/uploads\/2025\/05\/WhatsApp-Image-2025-05-05-at-4.07.48-PM-4.jpeg\" \/>\n\t<meta property=\"og:image:width\" content=\"1600\" \/>\n\t<meta property=\"og:image:height\" content=\"1066\" \/>\n\t<meta property=\"og:image:type\" content=\"image\/jpeg\" \/>\n<meta name=\"author\" content=\"Campus Mexicali\" \/>\n<meta name=\"twitter:card\" content=\"summary_large_image\" \/>\n<meta name=\"twitter:creator\" content=\"@cetysuni\" \/>\n<meta name=\"twitter:site\" content=\"@cetysuni\" \/>\n<meta name=\"twitter:label1\" content=\"Escrito por\" \/>\n\t<meta name=\"twitter:data1\" content=\"Campus Mexicali\" \/>\n\t<meta name=\"twitter:label2\" content=\"Tiempo de lectura\" \/>\n\t<meta name=\"twitter:data2\" content=\"1 minuto\" \/>\n<script type=\"application\/ld+json\" class=\"yoast-schema-graph\">{\"@context\":\"https:\\\/\\\/schema.org\",\"@graph\":[{\"@type\":\"Article\",\"@id\":\"https:\\\/\\\/www.cetys.mx\\\/noticias\\\/creatividad-y-estrategia-el-desafio-empresarial-2025-pone-a-prueba-a-estudiantes-cetys\\\/#article\",\"isPartOf\":{\"@id\":\"https:\\\/\\\/www.cetys.mx\\\/noticias\\\/creatividad-y-estrategia-el-desafio-empresarial-2025-pone-a-prueba-a-estudiantes-cetys\\\/\"},\"author\":{\"name\":\"Campus Mexicali\",\"@id\":\"https:\\\/\\\/www.cetys.mx\\\/noticias\\\/#\\\/schema\\\/person\\\/79a95c4ac185f3705cf1b9c9340a5f70\"},\"headline\":\"Creatividad y estrategia: el Desaf\u00edo Empresarial 2025 pone a prueba a estudiantes CETYS\",\"datePublished\":\"2025-05-05T23:11:54+00:00\",\"dateModified\":\"2025-05-16T17:53:05+00:00\",\"mainEntityOfPage\":{\"@id\":\"https:\\\/\\\/www.cetys.mx\\\/noticias\\\/creatividad-y-estrategia-el-desafio-empresarial-2025-pone-a-prueba-a-estudiantes-cetys\\\/\"},\"wordCount\":290,\"commentCount\":0,\"image\":{\"@id\":\"https:\\\/\\\/www.cetys.mx\\\/noticias\\\/creatividad-y-estrategia-el-desafio-empresarial-2025-pone-a-prueba-a-estudiantes-cetys\\\/#primaryimage\"},\"thumbnailUrl\":\"https:\\\/\\\/www.cetys.mx\\\/noticias\\\/wp-content\\\/uploads\\\/2025\\\/05\\\/WhatsApp-Image-2025-05-05-at-4.07.48-PM-4.jpeg\",\"keywords\":[\"brewed\",\"Escuela de Administraci\u00f3n y Negocios\"],\"articleSection\":[\"Campus Mexicali\",\"Profesional\",\"VoCETYS\"],\"inLanguage\":\"es\",\"potentialAction\":[{\"@type\":\"CommentAction\",\"name\":\"Comment\",\"target\":[\"https:\\\/\\\/www.cetys.mx\\\/noticias\\\/creatividad-y-estrategia-el-desafio-empresarial-2025-pone-a-prueba-a-estudiantes-cetys\\\/#respond\"]}]},{\"@type\":\"WebPage\",\"@id\":\"https:\\\/\\\/www.cetys.mx\\\/noticias\\\/creatividad-y-estrategia-el-desafio-empresarial-2025-pone-a-prueba-a-estudiantes-cetys\\\/\",\"url\":\"https:\\\/\\\/www.cetys.mx\\\/noticias\\\/creatividad-y-estrategia-el-desafio-empresarial-2025-pone-a-prueba-a-estudiantes-cetys\\\/\",\"name\":\"Creatividad y estrategia: el Desaf\u00edo Empresarial 2025 pone a prueba a estudiantes CETYS - CETYS\",\"isPartOf\":{\"@id\":\"https:\\\/\\\/www.cetys.mx\\\/noticias\\\/#website\"},\"primaryImageOfPage\":{\"@id\":\"https:\\\/\\\/www.cetys.mx\\\/noticias\\\/creatividad-y-estrategia-el-desafio-empresarial-2025-pone-a-prueba-a-estudiantes-cetys\\\/#primaryimage\"},\"image\":{\"@id\":\"https:\\\/\\\/www.cetys.mx\\\/noticias\\\/creatividad-y-estrategia-el-desafio-empresarial-2025-pone-a-prueba-a-estudiantes-cetys\\\/#primaryimage\"},\"thumbnailUrl\":\"https:\\\/\\\/www.cetys.mx\\\/noticias\\\/wp-content\\\/uploads\\\/2025\\\/05\\\/WhatsApp-Image-2025-05-05-at-4.07.48-PM-4.jpeg\",\"datePublished\":\"2025-05-05T23:11:54+00:00\",\"dateModified\":\"2025-05-16T17:53:05+00:00\",\"author\":{\"@id\":\"https:\\\/\\\/www.cetys.mx\\\/noticias\\\/#\\\/schema\\\/person\\\/79a95c4ac185f3705cf1b9c9340a5f70\"},\"description\":\"Articulo sobre Creatividad y estrategia: el Desaf\u00edo Empresarial 2025 pone a prueba a estudiantes CETYS\",\"breadcrumb\":{\"@id\":\"https:\\\/\\\/www.cetys.mx\\\/noticias\\\/creatividad-y-estrategia-el-desafio-empresarial-2025-pone-a-prueba-a-estudiantes-cetys\\\/#breadcrumb\"},\"inLanguage\":\"es\",\"potentialAction\":[{\"@type\":\"ReadAction\",\"target\":[\"https:\\\/\\\/www.cetys.mx\\\/noticias\\\/creatividad-y-estrategia-el-desafio-empresarial-2025-pone-a-prueba-a-estudiantes-cetys\\\/\"]}]},{\"@type\":\"ImageObject\",\"inLanguage\":\"es\",\"@id\":\"https:\\\/\\\/www.cetys.mx\\\/noticias\\\/creatividad-y-estrategia-el-desafio-empresarial-2025-pone-a-prueba-a-estudiantes-cetys\\\/#primaryimage\",\"url\":\"https:\\\/\\\/www.cetys.mx\\\/noticias\\\/wp-content\\\/uploads\\\/2025\\\/05\\\/WhatsApp-Image-2025-05-05-at-4.07.48-PM-4.jpeg\",\"contentUrl\":\"https:\\\/\\\/www.cetys.mx\\\/noticias\\\/wp-content\\\/uploads\\\/2025\\\/05\\\/WhatsApp-Image-2025-05-05-at-4.07.48-PM-4.jpeg\",\"width\":1600,\"height\":1066},{\"@type\":\"BreadcrumbList\",\"@id\":\"https:\\\/\\\/www.cetys.mx\\\/noticias\\\/creatividad-y-estrategia-el-desafio-empresarial-2025-pone-a-prueba-a-estudiantes-cetys\\\/#breadcrumb\",\"itemListElement\":[{\"@type\":\"ListItem\",\"position\":1,\"name\":\"Inicio\",\"item\":\"https:\\\/\\\/www.cetys.mx\\\/noticias\\\/\"},{\"@type\":\"ListItem\",\"position\":2,\"name\":\"Creatividad y estrategia: el Desaf\u00edo Empresarial 2025 pone a prueba a estudiantes CETYS\"}]},{\"@type\":\"WebSite\",\"@id\":\"https:\\\/\\\/www.cetys.mx\\\/noticias\\\/#website\",\"url\":\"https:\\\/\\\/www.cetys.mx\\\/noticias\\\/\",\"name\":\"CETYS\",\"description\":\"\",\"potentialAction\":[{\"@type\":\"SearchAction\",\"target\":{\"@type\":\"EntryPoint\",\"urlTemplate\":\"https:\\\/\\\/www.cetys.mx\\\/noticias\\\/?s={search_term_string}\"},\"query-input\":{\"@type\":\"PropertyValueSpecification\",\"valueRequired\":true,\"valueName\":\"search_term_string\"}}],\"inLanguage\":\"es\"},{\"@type\":\"Person\",\"@id\":\"https:\\\/\\\/www.cetys.mx\\\/noticias\\\/#\\\/schema\\\/person\\\/79a95c4ac185f3705cf1b9c9340a5f70\",\"name\":\"Campus Mexicali\",\"url\":\"https:\\\/\\\/www.cetys.mx\\\/noticias\\\/author\\\/campusmexicali\\\/\"}]}<\/script>\n<!-- \/ Yoast SEO plugin. -->","yoast_head_json":{"title":"Creatividad y estrategia: el Desaf\u00edo Empresarial 2025 pone a prueba a estudiantes CETYS - CETYS","description":"Articulo sobre Creatividad y estrategia: el Desaf\u00edo Empresarial 2025 pone a prueba a estudiantes CETYS","robots":{"index":"index","follow":"follow","max-snippet":"max-snippet:-1","max-image-preview":"max-image-preview:large","max-video-preview":"max-video-preview:-1"},"canonical":"https:\/\/www.cetys.mx\/noticias\/creatividad-y-estrategia-el-desafio-empresarial-2025-pone-a-prueba-a-estudiantes-cetys\/","og_locale":"es_MX","og_type":"article","og_title":"Creatividad y estrategia: el Desaf\u00edo Empresarial 2025 pone a prueba a estudiantes CETYS - CETYS","og_description":"Articulo sobre Creatividad y estrategia: el Desaf\u00edo Empresarial 2025 pone a prueba a estudiantes CETYS","og_url":"https:\/\/www.cetys.mx\/noticias\/creatividad-y-estrategia-el-desafio-empresarial-2025-pone-a-prueba-a-estudiantes-cetys\/","og_site_name":"CETYS","article_publisher":"https:\/\/www.facebook.com\/cetysuniversidadmxl\/","article_published_time":"2025-05-05T23:11:54+00:00","article_modified_time":"2025-05-16T17:53:05+00:00","og_image":[{"width":1600,"height":1066,"url":"https:\/\/www.cetys.mx\/noticias\/wp-content\/uploads\/2025\/05\/WhatsApp-Image-2025-05-05-at-4.07.48-PM-4.jpeg","type":"image\/jpeg"}],"author":"Campus Mexicali","twitter_card":"summary_large_image","twitter_creator":"@cetysuni","twitter_site":"@cetysuni","twitter_misc":{"Escrito por":"Campus Mexicali","Tiempo de lectura":"1 minuto"},"schema":{"@context":"https:\/\/schema.org","@graph":[{"@type":"Article","@id":"https:\/\/www.cetys.mx\/noticias\/creatividad-y-estrategia-el-desafio-empresarial-2025-pone-a-prueba-a-estudiantes-cetys\/#article","isPartOf":{"@id":"https:\/\/www.cetys.mx\/noticias\/creatividad-y-estrategia-el-desafio-empresarial-2025-pone-a-prueba-a-estudiantes-cetys\/"},"author":{"name":"Campus Mexicali","@id":"https:\/\/www.cetys.mx\/noticias\/#\/schema\/person\/79a95c4ac185f3705cf1b9c9340a5f70"},"headline":"Creatividad y estrategia: el Desaf\u00edo Empresarial 2025 pone a prueba a estudiantes CETYS","datePublished":"2025-05-05T23:11:54+00:00","dateModified":"2025-05-16T17:53:05+00:00","mainEntityOfPage":{"@id":"https:\/\/www.cetys.mx\/noticias\/creatividad-y-estrategia-el-desafio-empresarial-2025-pone-a-prueba-a-estudiantes-cetys\/"},"wordCount":290,"commentCount":0,"image":{"@id":"https:\/\/www.cetys.mx\/noticias\/creatividad-y-estrategia-el-desafio-empresarial-2025-pone-a-prueba-a-estudiantes-cetys\/#primaryimage"},"thumbnailUrl":"https:\/\/www.cetys.mx\/noticias\/wp-content\/uploads\/2025\/05\/WhatsApp-Image-2025-05-05-at-4.07.48-PM-4.jpeg","keywords":["brewed","Escuela de Administraci\u00f3n y Negocios"],"articleSection":["Campus Mexicali","Profesional","VoCETYS"],"inLanguage":"es","potentialAction":[{"@type":"CommentAction","name":"Comment","target":["https:\/\/www.cetys.mx\/noticias\/creatividad-y-estrategia-el-desafio-empresarial-2025-pone-a-prueba-a-estudiantes-cetys\/#respond"]}]},{"@type":"WebPage","@id":"https:\/\/www.cetys.mx\/noticias\/creatividad-y-estrategia-el-desafio-empresarial-2025-pone-a-prueba-a-estudiantes-cetys\/","url":"https:\/\/www.cetys.mx\/noticias\/creatividad-y-estrategia-el-desafio-empresarial-2025-pone-a-prueba-a-estudiantes-cetys\/","name":"Creatividad y estrategia: el Desaf\u00edo Empresarial 2025 pone a prueba a estudiantes CETYS - CETYS","isPartOf":{"@id":"https:\/\/www.cetys.mx\/noticias\/#website"},"primaryImageOfPage":{"@id":"https:\/\/www.cetys.mx\/noticias\/creatividad-y-estrategia-el-desafio-empresarial-2025-pone-a-prueba-a-estudiantes-cetys\/#primaryimage"},"image":{"@id":"https:\/\/www.cetys.mx\/noticias\/creatividad-y-estrategia-el-desafio-empresarial-2025-pone-a-prueba-a-estudiantes-cetys\/#primaryimage"},"thumbnailUrl":"https:\/\/www.cetys.mx\/noticias\/wp-content\/uploads\/2025\/05\/WhatsApp-Image-2025-05-05-at-4.07.48-PM-4.jpeg","datePublished":"2025-05-05T23:11:54+00:00","dateModified":"2025-05-16T17:53:05+00:00","author":{"@id":"https:\/\/www.cetys.mx\/noticias\/#\/schema\/person\/79a95c4ac185f3705cf1b9c9340a5f70"},"description":"Articulo sobre Creatividad y estrategia: el Desaf\u00edo Empresarial 2025 pone a prueba a estudiantes CETYS","breadcrumb":{"@id":"https:\/\/www.cetys.mx\/noticias\/creatividad-y-estrategia-el-desafio-empresarial-2025-pone-a-prueba-a-estudiantes-cetys\/#breadcrumb"},"inLanguage":"es","potentialAction":[{"@type":"ReadAction","target":["https:\/\/www.cetys.mx\/noticias\/creatividad-y-estrategia-el-desafio-empresarial-2025-pone-a-prueba-a-estudiantes-cetys\/"]}]},{"@type":"ImageObject","inLanguage":"es","@id":"https:\/\/www.cetys.mx\/noticias\/creatividad-y-estrategia-el-desafio-empresarial-2025-pone-a-prueba-a-estudiantes-cetys\/#primaryimage","url":"https:\/\/www.cetys.mx\/noticias\/wp-content\/uploads\/2025\/05\/WhatsApp-Image-2025-05-05-at-4.07.48-PM-4.jpeg","contentUrl":"https:\/\/www.cetys.mx\/noticias\/wp-content\/uploads\/2025\/05\/WhatsApp-Image-2025-05-05-at-4.07.48-PM-4.jpeg","width":1600,"height":1066},{"@type":"BreadcrumbList","@id":"https:\/\/www.cetys.mx\/noticias\/creatividad-y-estrategia-el-desafio-empresarial-2025-pone-a-prueba-a-estudiantes-cetys\/#breadcrumb","itemListElement":[{"@type":"ListItem","position":1,"name":"Inicio","item":"https:\/\/www.cetys.mx\/noticias\/"},{"@type":"ListItem","position":2,"name":"Creatividad y estrategia: el Desaf\u00edo Empresarial 2025 pone a prueba a estudiantes CETYS"}]},{"@type":"WebSite","@id":"https:\/\/www.cetys.mx\/noticias\/#website","url":"https:\/\/www.cetys.mx\/noticias\/","name":"CETYS","description":"","potentialAction":[{"@type":"SearchAction","target":{"@type":"EntryPoint","urlTemplate":"https:\/\/www.cetys.mx\/noticias\/?s={search_term_string}"},"query-input":{"@type":"PropertyValueSpecification","valueRequired":true,"valueName":"search_term_string"}}],"inLanguage":"es"},{"@type":"Person","@id":"https:\/\/www.cetys.mx\/noticias\/#\/schema\/person\/79a95c4ac185f3705cf1b9c9340a5f70","name":"Campus Mexicali","url":"https:\/\/www.cetys.mx\/noticias\/author\/campusmexicali\/"}]}},"_links":{"self":[{"href":"https:\/\/www.cetys.mx\/noticias\/wp-json\/wp\/v2\/posts\/212232","targetHints":{"allow":["GET"]}}],"collection":[{"href":"https:\/\/www.cetys.mx\/noticias\/wp-json\/wp\/v2\/posts"}],"about":[{"href":"https:\/\/www.cetys.mx\/noticias\/wp-json\/wp\/v2\/types\/post"}],"author":[{"embeddable":true,"href":"https:\/\/www.cetys.mx\/noticias\/wp-json\/wp\/v2\/users\/20"}],"replies":[{"embeddable":true,"href":"https:\/\/www.cetys.mx\/noticias\/wp-json\/wp\/v2\/comments?post=212232"}],"version-history":[{"count":3,"href":"https:\/\/www.cetys.mx\/noticias\/wp-json\/wp\/v2\/posts\/212232\/revisions"}],"predecessor-version":[{"id":212243,"href":"https:\/\/www.cetys.mx\/noticias\/wp-json\/wp\/v2\/posts\/212232\/revisions\/212243"}],"wp:featuredmedia":[{"embeddable":true,"href":"https:\/\/www.cetys.mx\/noticias\/wp-json\/wp\/v2\/media\/212236"}],"wp:attachment":[{"href":"https:\/\/www.cetys.mx\/noticias\/wp-json\/wp\/v2\/media?parent=212232"}],"wp:term":[{"taxonomy":"category","embeddable":true,"href":"https:\/\/www.cetys.mx\/noticias\/wp-json\/wp\/v2\/categories?post=212232"},{"taxonomy":"post_tag","embeddable":true,"href":"https:\/\/www.cetys.mx\/noticias\/wp-json\/wp\/v2\/tags?post=212232"}],"curies":[{"name":"wp","href":"https:\/\/api.w.org\/{rel}","templated":true}]}}