{"id":212190,"date":"2025-05-02T17:09:52","date_gmt":"2025-05-03T00:09:52","guid":{"rendered":"https:\/\/www.cetys.mx\/noticias\/?p=212190"},"modified":"2025-05-20T16:49:06","modified_gmt":"2025-05-20T23:49:06","slug":"participacion-de-cetys-en-conferencia-internacional-sobre-educacion-en-emprendimiento-en-california","status":"publish","type":"post","link":"https:\/\/www.cetys.mx\/noticias\/participacion-de-cetys-en-conferencia-internacional-sobre-educacion-en-emprendimiento-en-california\/","title":{"rendered":"Participaci\u00f3n de CETYS en Conferencia Internacional sobre Educaci\u00f3n en Emprendimiento en California"},"content":{"rendered":"<p><span style=\"font-weight: 400;\">El 26 de abril de 2025, el Dr. Francisco Alberto N\u00fa\u00f1ez Tapia, profesor-investigador del Colegio de Ciencias Sociales y Humanidades de CETYS Universidad Campus Mexicali, particip\u00f3 como ponente en la California Entrepreneurship Educators Conference (CEEC), organizada por el Lavin Entrepreneurship Center de San Diego State University (SDSU).\u00a0<\/span><\/p>\n<p><span style=\"font-weight: 400;\">Acompa\u00f1ado por, la Dra. Paulina A. Vargas-Larragu\u00edvel, directora de la Escuela de Administraci\u00f3n y Negocios en el mismo campus, presentaron los avances de su investigaci\u00f3n titulada: \u201cCraft as Entrepreneurship: Case Studies on Mexican Craft Beer Production as Sociability, Identity, and Economic Heritage\u201d (El oficio como emprendimiento: estudios de caso sobre la producci\u00f3n de cerveza artesanal mexicana como sociabilidad, identidad y patrimonio econ\u00f3mico).<\/span><\/p>\n<p><span style=\"font-weight: 400;\">La ponencia tuvo como eje la exploraci\u00f3n del fen\u00f3meno cervecero artesanal en M\u00e9xico, particularmente en la regi\u00f3n fronteriza de Baja California, donde la actividad de emprendedores cerveceros trasciende lo econ\u00f3mico, convirti\u00e9ndose en un veh\u00edculo de expresi\u00f3n cultural, de reactivaci\u00f3n comunitaria y de resignificaci\u00f3n del patrimonio industrial. A trav\u00e9s de estudios de caso y trabajo de campo con cervecer\u00edas locales, los investigadores analizaron c\u00f3mo estos emprendimientos se consolidan como espacios de innovaci\u00f3n social, fortalecimiento de la identidad regional y creaci\u00f3n de redes de colaboraci\u00f3n.<\/span><\/p>\n<p><span style=\"font-weight: 400;\">El Dr. N\u00fa\u00f1ez Tapia agradeci\u00f3 al equipo organizador del Lavin Entrepreneurship Center y a los asistentes al congreso, quienes enriquecieron la experiencia con sus preguntas, comentarios y conversaciones posteriores a la presentaci\u00f3n. \u201cFue una experiencia sumamente enriquecedora, no solo por el nivel acad\u00e9mico del evento, sino por la posibilidad de establecer conexiones con docentes e investigadores de distintas partes del mundo que est\u00e1n repensando el emprendimiento desde marcos culturales, sociales y pedag\u00f3gicos alternativos\u201d, expres\u00f3.<\/span><\/p>\n<p><span style=\"font-weight: 400;\">La participaci\u00f3n de docentes de CETYS en este tipo de foros internacionales reafirma el compromiso institucional con la internacionalizaci\u00f3n, la investigaci\u00f3n con impacto social y la promoci\u00f3n de modelos de emprendimiento sostenibles, inclusivos y culturalmente relevantes.<\/span><\/p>\n<p style=\"text-align: center;\"><img loading=\"lazy\" decoding=\"async\" class=\"alignnone size-full wp-image-212191\" src=\"https:\/\/www.cetys.mx\/noticias\/wp-content\/uploads\/2025\/05\/4.jpg\" alt=\"\" width=\"955\" height=\"637\" srcset=\"https:\/\/www.cetys.mx\/noticias\/wp-content\/uploads\/2025\/05\/4.jpg 955w, https:\/\/www.cetys.mx\/noticias\/wp-content\/uploads\/2025\/05\/4-768x512.jpg 768w\" sizes=\"auto, (max-width: 955px) 100vw, 955px\" \/><\/p>\n","protected":false},"excerpt":{"rendered":"<p>El 26 de abril de 2025, el Dr. Francisco Alberto N\u00fa\u00f1ez Tapia, profesor-investigador del Colegio de Ciencias Sociales y Humanidades de CETYS&#8230;<\/p>\n","protected":false},"author":26,"featured_media":212192,"comment_status":"open","ping_status":"closed","sticky":false,"template":"","format":"standard","meta":{"footnotes":""},"categories":[209],"tags":[7209],"class_list":["post-212190","post","type-post","status-publish","format-standard","has-post-thumbnail","hentry","category-institucional","tag-brewed"],"yoast_head":"<!-- This site is optimized with the Yoast SEO plugin v27.4 - https:\/\/yoast.com\/product\/yoast-seo-wordpress\/ -->\n<title>Participaci\u00f3n de CETYS en Conferencia Internacional sobre Educaci\u00f3n en Emprendimiento en California - CETYS<\/title>\n<meta name=\"description\" content=\"Articulo sobre Participaci\u00f3n de CETYS en Conferencia Internacional sobre Educaci\u00f3n en Emprendimiento en California\" \/>\n<meta name=\"robots\" content=\"index, follow, max-snippet:-1, max-image-preview:large, max-video-preview:-1\" \/>\n<link rel=\"canonical\" href=\"https:\/\/www.cetys.mx\/noticias\/participacion-de-cetys-en-conferencia-internacional-sobre-educacion-en-emprendimiento-en-california\/\" \/>\n<meta property=\"og:locale\" content=\"es_MX\" \/>\n<meta property=\"og:type\" content=\"article\" \/>\n<meta property=\"og:title\" content=\"Participaci\u00f3n de CETYS en Conferencia Internacional sobre Educaci\u00f3n en Emprendimiento en California - CETYS\" \/>\n<meta property=\"og:description\" content=\"Articulo sobre Participaci\u00f3n de CETYS en Conferencia Internacional sobre Educaci\u00f3n en Emprendimiento en California\" \/>\n<meta property=\"og:url\" content=\"https:\/\/www.cetys.mx\/noticias\/participacion-de-cetys-en-conferencia-internacional-sobre-educacion-en-emprendimiento-en-california\/\" \/>\n<meta property=\"og:site_name\" content=\"CETYS\" \/>\n<meta property=\"article:publisher\" content=\"https:\/\/www.facebook.com\/cetysuniversidadmxl\/\" \/>\n<meta property=\"article:published_time\" content=\"2025-05-03T00:09:52+00:00\" \/>\n<meta property=\"article:modified_time\" content=\"2025-05-20T23:49:06+00:00\" \/>\n<meta property=\"og:image\" content=\"https:\/\/www.cetys.mx\/noticias\/wp-content\/uploads\/2025\/05\/Case-studies-on-Mexican-Craft-Beer.jpg\" \/>\n\t<meta property=\"og:image:width\" content=\"958\" \/>\n\t<meta property=\"og:image:height\" content=\"637\" \/>\n\t<meta property=\"og:image:type\" content=\"image\/jpeg\" \/>\n<meta name=\"author\" content=\"CETYS Institucional\" \/>\n<meta name=\"twitter:card\" content=\"summary_large_image\" \/>\n<meta name=\"twitter:creator\" content=\"@cetysuni\" \/>\n<meta name=\"twitter:site\" content=\"@cetysuni\" \/>\n<meta name=\"twitter:label1\" content=\"Escrito por\" \/>\n\t<meta name=\"twitter:data1\" content=\"CETYS Institucional\" \/>\n\t<meta name=\"twitter:label2\" content=\"Tiempo de lectura\" \/>\n\t<meta name=\"twitter:data2\" content=\"2 minutos\" \/>\n<script type=\"application\/ld+json\" class=\"yoast-schema-graph\">{\"@context\":\"https:\\\/\\\/schema.org\",\"@graph\":[{\"@type\":\"Article\",\"@id\":\"https:\\\/\\\/www.cetys.mx\\\/noticias\\\/participacion-de-cetys-en-conferencia-internacional-sobre-educacion-en-emprendimiento-en-california\\\/#article\",\"isPartOf\":{\"@id\":\"https:\\\/\\\/www.cetys.mx\\\/noticias\\\/participacion-de-cetys-en-conferencia-internacional-sobre-educacion-en-emprendimiento-en-california\\\/\"},\"author\":{\"name\":\"CETYS Institucional\",\"@id\":\"https:\\\/\\\/www.cetys.mx\\\/noticias\\\/#\\\/schema\\\/person\\\/e9d2b35265b64aa454df57a2828eb2ac\"},\"headline\":\"Participaci\u00f3n de CETYS en Conferencia Internacional sobre Educaci\u00f3n en Emprendimiento en California\",\"datePublished\":\"2025-05-03T00:09:52+00:00\",\"dateModified\":\"2025-05-20T23:49:06+00:00\",\"mainEntityOfPage\":{\"@id\":\"https:\\\/\\\/www.cetys.mx\\\/noticias\\\/participacion-de-cetys-en-conferencia-internacional-sobre-educacion-en-emprendimiento-en-california\\\/\"},\"wordCount\":346,\"commentCount\":0,\"image\":{\"@id\":\"https:\\\/\\\/www.cetys.mx\\\/noticias\\\/participacion-de-cetys-en-conferencia-internacional-sobre-educacion-en-emprendimiento-en-california\\\/#primaryimage\"},\"thumbnailUrl\":\"https:\\\/\\\/www.cetys.mx\\\/noticias\\\/wp-content\\\/uploads\\\/2025\\\/05\\\/Case-studies-on-Mexican-Craft-Beer.jpg\",\"keywords\":[\"brewed\"],\"articleSection\":[\"Institucional\"],\"inLanguage\":\"es\",\"potentialAction\":[{\"@type\":\"CommentAction\",\"name\":\"Comment\",\"target\":[\"https:\\\/\\\/www.cetys.mx\\\/noticias\\\/participacion-de-cetys-en-conferencia-internacional-sobre-educacion-en-emprendimiento-en-california\\\/#respond\"]}]},{\"@type\":\"WebPage\",\"@id\":\"https:\\\/\\\/www.cetys.mx\\\/noticias\\\/participacion-de-cetys-en-conferencia-internacional-sobre-educacion-en-emprendimiento-en-california\\\/\",\"url\":\"https:\\\/\\\/www.cetys.mx\\\/noticias\\\/participacion-de-cetys-en-conferencia-internacional-sobre-educacion-en-emprendimiento-en-california\\\/\",\"name\":\"Participaci\u00f3n de CETYS en Conferencia Internacional sobre Educaci\u00f3n en Emprendimiento en California - CETYS\",\"isPartOf\":{\"@id\":\"https:\\\/\\\/www.cetys.mx\\\/noticias\\\/#website\"},\"primaryImageOfPage\":{\"@id\":\"https:\\\/\\\/www.cetys.mx\\\/noticias\\\/participacion-de-cetys-en-conferencia-internacional-sobre-educacion-en-emprendimiento-en-california\\\/#primaryimage\"},\"image\":{\"@id\":\"https:\\\/\\\/www.cetys.mx\\\/noticias\\\/participacion-de-cetys-en-conferencia-internacional-sobre-educacion-en-emprendimiento-en-california\\\/#primaryimage\"},\"thumbnailUrl\":\"https:\\\/\\\/www.cetys.mx\\\/noticias\\\/wp-content\\\/uploads\\\/2025\\\/05\\\/Case-studies-on-Mexican-Craft-Beer.jpg\",\"datePublished\":\"2025-05-03T00:09:52+00:00\",\"dateModified\":\"2025-05-20T23:49:06+00:00\",\"author\":{\"@id\":\"https:\\\/\\\/www.cetys.mx\\\/noticias\\\/#\\\/schema\\\/person\\\/e9d2b35265b64aa454df57a2828eb2ac\"},\"description\":\"Articulo sobre Participaci\u00f3n de CETYS en Conferencia Internacional sobre Educaci\u00f3n en Emprendimiento en California\",\"breadcrumb\":{\"@id\":\"https:\\\/\\\/www.cetys.mx\\\/noticias\\\/participacion-de-cetys-en-conferencia-internacional-sobre-educacion-en-emprendimiento-en-california\\\/#breadcrumb\"},\"inLanguage\":\"es\",\"potentialAction\":[{\"@type\":\"ReadAction\",\"target\":[\"https:\\\/\\\/www.cetys.mx\\\/noticias\\\/participacion-de-cetys-en-conferencia-internacional-sobre-educacion-en-emprendimiento-en-california\\\/\"]}]},{\"@type\":\"ImageObject\",\"inLanguage\":\"es\",\"@id\":\"https:\\\/\\\/www.cetys.mx\\\/noticias\\\/participacion-de-cetys-en-conferencia-internacional-sobre-educacion-en-emprendimiento-en-california\\\/#primaryimage\",\"url\":\"https:\\\/\\\/www.cetys.mx\\\/noticias\\\/wp-content\\\/uploads\\\/2025\\\/05\\\/Case-studies-on-Mexican-Craft-Beer.jpg\",\"contentUrl\":\"https:\\\/\\\/www.cetys.mx\\\/noticias\\\/wp-content\\\/uploads\\\/2025\\\/05\\\/Case-studies-on-Mexican-Craft-Beer.jpg\",\"width\":958,\"height\":637},{\"@type\":\"BreadcrumbList\",\"@id\":\"https:\\\/\\\/www.cetys.mx\\\/noticias\\\/participacion-de-cetys-en-conferencia-internacional-sobre-educacion-en-emprendimiento-en-california\\\/#breadcrumb\",\"itemListElement\":[{\"@type\":\"ListItem\",\"position\":1,\"name\":\"Inicio\",\"item\":\"https:\\\/\\\/www.cetys.mx\\\/noticias\\\/\"},{\"@type\":\"ListItem\",\"position\":2,\"name\":\"Participaci\u00f3n de CETYS en Conferencia Internacional sobre Educaci\u00f3n en Emprendimiento en California\"}]},{\"@type\":\"WebSite\",\"@id\":\"https:\\\/\\\/www.cetys.mx\\\/noticias\\\/#website\",\"url\":\"https:\\\/\\\/www.cetys.mx\\\/noticias\\\/\",\"name\":\"CETYS\",\"description\":\"\",\"potentialAction\":[{\"@type\":\"SearchAction\",\"target\":{\"@type\":\"EntryPoint\",\"urlTemplate\":\"https:\\\/\\\/www.cetys.mx\\\/noticias\\\/?s={search_term_string}\"},\"query-input\":{\"@type\":\"PropertyValueSpecification\",\"valueRequired\":true,\"valueName\":\"search_term_string\"}}],\"inLanguage\":\"es\"},{\"@type\":\"Person\",\"@id\":\"https:\\\/\\\/www.cetys.mx\\\/noticias\\\/#\\\/schema\\\/person\\\/e9d2b35265b64aa454df57a2828eb2ac\",\"name\":\"CETYS Institucional\",\"url\":\"https:\\\/\\\/www.cetys.mx\\\/noticias\\\/author\\\/cetysinstitucional\\\/\"}]}<\/script>\n<!-- \/ Yoast SEO plugin. -->","yoast_head_json":{"title":"Participaci\u00f3n de CETYS en Conferencia Internacional sobre Educaci\u00f3n en Emprendimiento en California - CETYS","description":"Articulo sobre Participaci\u00f3n de CETYS en Conferencia Internacional sobre Educaci\u00f3n en Emprendimiento en California","robots":{"index":"index","follow":"follow","max-snippet":"max-snippet:-1","max-image-preview":"max-image-preview:large","max-video-preview":"max-video-preview:-1"},"canonical":"https:\/\/www.cetys.mx\/noticias\/participacion-de-cetys-en-conferencia-internacional-sobre-educacion-en-emprendimiento-en-california\/","og_locale":"es_MX","og_type":"article","og_title":"Participaci\u00f3n de CETYS en Conferencia Internacional sobre Educaci\u00f3n en Emprendimiento en California - CETYS","og_description":"Articulo sobre Participaci\u00f3n de CETYS en Conferencia Internacional sobre Educaci\u00f3n en Emprendimiento en California","og_url":"https:\/\/www.cetys.mx\/noticias\/participacion-de-cetys-en-conferencia-internacional-sobre-educacion-en-emprendimiento-en-california\/","og_site_name":"CETYS","article_publisher":"https:\/\/www.facebook.com\/cetysuniversidadmxl\/","article_published_time":"2025-05-03T00:09:52+00:00","article_modified_time":"2025-05-20T23:49:06+00:00","og_image":[{"width":958,"height":637,"url":"https:\/\/www.cetys.mx\/noticias\/wp-content\/uploads\/2025\/05\/Case-studies-on-Mexican-Craft-Beer.jpg","type":"image\/jpeg"}],"author":"CETYS Institucional","twitter_card":"summary_large_image","twitter_creator":"@cetysuni","twitter_site":"@cetysuni","twitter_misc":{"Escrito por":"CETYS Institucional","Tiempo de lectura":"2 minutos"},"schema":{"@context":"https:\/\/schema.org","@graph":[{"@type":"Article","@id":"https:\/\/www.cetys.mx\/noticias\/participacion-de-cetys-en-conferencia-internacional-sobre-educacion-en-emprendimiento-en-california\/#article","isPartOf":{"@id":"https:\/\/www.cetys.mx\/noticias\/participacion-de-cetys-en-conferencia-internacional-sobre-educacion-en-emprendimiento-en-california\/"},"author":{"name":"CETYS Institucional","@id":"https:\/\/www.cetys.mx\/noticias\/#\/schema\/person\/e9d2b35265b64aa454df57a2828eb2ac"},"headline":"Participaci\u00f3n de CETYS en Conferencia Internacional sobre Educaci\u00f3n en Emprendimiento en California","datePublished":"2025-05-03T00:09:52+00:00","dateModified":"2025-05-20T23:49:06+00:00","mainEntityOfPage":{"@id":"https:\/\/www.cetys.mx\/noticias\/participacion-de-cetys-en-conferencia-internacional-sobre-educacion-en-emprendimiento-en-california\/"},"wordCount":346,"commentCount":0,"image":{"@id":"https:\/\/www.cetys.mx\/noticias\/participacion-de-cetys-en-conferencia-internacional-sobre-educacion-en-emprendimiento-en-california\/#primaryimage"},"thumbnailUrl":"https:\/\/www.cetys.mx\/noticias\/wp-content\/uploads\/2025\/05\/Case-studies-on-Mexican-Craft-Beer.jpg","keywords":["brewed"],"articleSection":["Institucional"],"inLanguage":"es","potentialAction":[{"@type":"CommentAction","name":"Comment","target":["https:\/\/www.cetys.mx\/noticias\/participacion-de-cetys-en-conferencia-internacional-sobre-educacion-en-emprendimiento-en-california\/#respond"]}]},{"@type":"WebPage","@id":"https:\/\/www.cetys.mx\/noticias\/participacion-de-cetys-en-conferencia-internacional-sobre-educacion-en-emprendimiento-en-california\/","url":"https:\/\/www.cetys.mx\/noticias\/participacion-de-cetys-en-conferencia-internacional-sobre-educacion-en-emprendimiento-en-california\/","name":"Participaci\u00f3n de CETYS en Conferencia Internacional sobre Educaci\u00f3n en Emprendimiento en California - CETYS","isPartOf":{"@id":"https:\/\/www.cetys.mx\/noticias\/#website"},"primaryImageOfPage":{"@id":"https:\/\/www.cetys.mx\/noticias\/participacion-de-cetys-en-conferencia-internacional-sobre-educacion-en-emprendimiento-en-california\/#primaryimage"},"image":{"@id":"https:\/\/www.cetys.mx\/noticias\/participacion-de-cetys-en-conferencia-internacional-sobre-educacion-en-emprendimiento-en-california\/#primaryimage"},"thumbnailUrl":"https:\/\/www.cetys.mx\/noticias\/wp-content\/uploads\/2025\/05\/Case-studies-on-Mexican-Craft-Beer.jpg","datePublished":"2025-05-03T00:09:52+00:00","dateModified":"2025-05-20T23:49:06+00:00","author":{"@id":"https:\/\/www.cetys.mx\/noticias\/#\/schema\/person\/e9d2b35265b64aa454df57a2828eb2ac"},"description":"Articulo sobre Participaci\u00f3n de CETYS en Conferencia Internacional sobre Educaci\u00f3n en Emprendimiento en California","breadcrumb":{"@id":"https:\/\/www.cetys.mx\/noticias\/participacion-de-cetys-en-conferencia-internacional-sobre-educacion-en-emprendimiento-en-california\/#breadcrumb"},"inLanguage":"es","potentialAction":[{"@type":"ReadAction","target":["https:\/\/www.cetys.mx\/noticias\/participacion-de-cetys-en-conferencia-internacional-sobre-educacion-en-emprendimiento-en-california\/"]}]},{"@type":"ImageObject","inLanguage":"es","@id":"https:\/\/www.cetys.mx\/noticias\/participacion-de-cetys-en-conferencia-internacional-sobre-educacion-en-emprendimiento-en-california\/#primaryimage","url":"https:\/\/www.cetys.mx\/noticias\/wp-content\/uploads\/2025\/05\/Case-studies-on-Mexican-Craft-Beer.jpg","contentUrl":"https:\/\/www.cetys.mx\/noticias\/wp-content\/uploads\/2025\/05\/Case-studies-on-Mexican-Craft-Beer.jpg","width":958,"height":637},{"@type":"BreadcrumbList","@id":"https:\/\/www.cetys.mx\/noticias\/participacion-de-cetys-en-conferencia-internacional-sobre-educacion-en-emprendimiento-en-california\/#breadcrumb","itemListElement":[{"@type":"ListItem","position":1,"name":"Inicio","item":"https:\/\/www.cetys.mx\/noticias\/"},{"@type":"ListItem","position":2,"name":"Participaci\u00f3n de CETYS en Conferencia Internacional sobre Educaci\u00f3n en Emprendimiento en California"}]},{"@type":"WebSite","@id":"https:\/\/www.cetys.mx\/noticias\/#website","url":"https:\/\/www.cetys.mx\/noticias\/","name":"CETYS","description":"","potentialAction":[{"@type":"SearchAction","target":{"@type":"EntryPoint","urlTemplate":"https:\/\/www.cetys.mx\/noticias\/?s={search_term_string}"},"query-input":{"@type":"PropertyValueSpecification","valueRequired":true,"valueName":"search_term_string"}}],"inLanguage":"es"},{"@type":"Person","@id":"https:\/\/www.cetys.mx\/noticias\/#\/schema\/person\/e9d2b35265b64aa454df57a2828eb2ac","name":"CETYS Institucional","url":"https:\/\/www.cetys.mx\/noticias\/author\/cetysinstitucional\/"}]}},"_links":{"self":[{"href":"https:\/\/www.cetys.mx\/noticias\/wp-json\/wp\/v2\/posts\/212190","targetHints":{"allow":["GET"]}}],"collection":[{"href":"https:\/\/www.cetys.mx\/noticias\/wp-json\/wp\/v2\/posts"}],"about":[{"href":"https:\/\/www.cetys.mx\/noticias\/wp-json\/wp\/v2\/types\/post"}],"author":[{"embeddable":true,"href":"https:\/\/www.cetys.mx\/noticias\/wp-json\/wp\/v2\/users\/26"}],"replies":[{"embeddable":true,"href":"https:\/\/www.cetys.mx\/noticias\/wp-json\/wp\/v2\/comments?post=212190"}],"version-history":[{"count":1,"href":"https:\/\/www.cetys.mx\/noticias\/wp-json\/wp\/v2\/posts\/212190\/revisions"}],"predecessor-version":[{"id":212193,"href":"https:\/\/www.cetys.mx\/noticias\/wp-json\/wp\/v2\/posts\/212190\/revisions\/212193"}],"wp:featuredmedia":[{"embeddable":true,"href":"https:\/\/www.cetys.mx\/noticias\/wp-json\/wp\/v2\/media\/212192"}],"wp:attachment":[{"href":"https:\/\/www.cetys.mx\/noticias\/wp-json\/wp\/v2\/media?parent=212190"}],"wp:term":[{"taxonomy":"category","embeddable":true,"href":"https:\/\/www.cetys.mx\/noticias\/wp-json\/wp\/v2\/categories?post=212190"},{"taxonomy":"post_tag","embeddable":true,"href":"https:\/\/www.cetys.mx\/noticias\/wp-json\/wp\/v2\/tags?post=212190"}],"curies":[{"name":"wp","href":"https:\/\/api.w.org\/{rel}","templated":true}]}}