{"id":212013,"date":"2025-04-25T11:36:13","date_gmt":"2025-04-25T18:36:13","guid":{"rendered":"https:\/\/www.cetys.mx\/noticias\/?p=212013"},"modified":"2025-04-25T11:36:13","modified_gmt":"2025-04-25T18:36:13","slug":"cetys-ensenada-sede-del-intercetys-cultural-2025","status":"publish","type":"post","link":"https:\/\/www.cetys.mx\/noticias\/cetys-ensenada-sede-del-intercetys-cultural-2025\/","title":{"rendered":"CETYS Ensenada sede del InterCETYS Cultural 2025"},"content":{"rendered":"<p>Alumnos de los grupos y talleres culturales de CETYS Universidad, provenientes de Tijuana y Mexicali se reunieron en el Campus Internacional Ensenada para celebrar el InterCETYS Cultural 2025: un evento que da vida a la comunidad art\u00edstica de la instituci\u00f3n a trav\u00e9s de presentaciones multidisciplinarias. Esta edici\u00f3n se convirti\u00f3 en un espacio de encuentro e integraci\u00f3n, donde los grupos representativos compartieron su talento con el objetivo de formar p\u00fablicos y fortalecer la identidad cultural.<\/p>\n<p>Este a\u00f1o, los cerca de 280 asistentes se reunieron en la duela del Gimnasio Auditorio Quimical en el que se realizaron 15 distintas actividades. Durante la inauguraci\u00f3n, el Dr. Francisco V\u00e9lez Torres, Director de CETYS Universidad Campus Internacional, ofreci\u00f3 unas breves palabras de bienvenida y agradecimiento a los organizadores de los tres campus por hacer este evento posible.<\/p>\n<p>Por su parte, el Dr. Fernando Le\u00f3n Garc\u00eda, Rector del Sistema CETYS Universidad, destac\u00f3 que este evento forma parte de la vocaci\u00f3n de CETYS: \u201cLa Formaci\u00f3n integral implica que adem\u00e1s de la actividad que se desenvuelve en las aulas haya actividades extra curriculares que contribuyen a que se formen personas y ciudadanos que respalden la buena marcha de la regi\u00f3n y de M\u00e9xico\u201d.<\/p>\n<p>Por su parte, los estudiantes expusieron su experiencia en esta edici\u00f3n: \u201cLo que m\u00e1s me gusta de este evento es ver todo lo que se esfuerza cada campus por sacar lo mejor y la manera en que lo presentan. En nuestro caso fue un trabajo desde inicio de semestre\u201d, comparti\u00f3 Luc\u00eda Elizondo, estudiante de Inteligencia de Negocios e Innovaci\u00f3n de CETYS Campus Internacional Ensenada y vocalista de Orquesta Fusi\u00f3n.<\/p>\n<p>\u201cPara m\u00ed InterCETYS Cultural representa magia, preparaci\u00f3n, esfuerzo pero tambi\u00e9n mucha conexi\u00f3n, adem\u00e1s, el arte nos ayuda a vincularnos con la parte m\u00e1s sensible de nosotros mismos y con la gente\u201d, dijo Jes\u00fas Perea, estudiante de Psicolog\u00eda Organizacional del Campus Mexicali, cantante y saxofonista.<\/p>\n<p>\u201cInterCETYS Cultural es un evento en el que podemos conocer qu\u00e9 es lo que est\u00e1n haciendo otros campus y tambi\u00e9n dar una parte de nosotros. Adem\u00e1s, como futura ingeniera considero que para poder innovar tenemos que desarrollar nuestro lado creativo\u201d, dijo Iovanska Delgadillo, estudiante de Ingenier\u00eda en Energ\u00edas Renovables de Campus Tijuana.<\/p>\n<p><strong>LOS GRUPOS PARTICIPANTES:<\/strong><\/p>\n<p><strong>De Campus Tijuana:<\/strong> Ostoyollotzin Folclor, CETYS Dance Crew, Danza Moderna, Tres for Dionysus, teatro; Foxies Music Lab, CETYS Chrum, Marching Band y Opus Volpi.<\/p>\n<p><strong>De Campus Mexicali: <\/strong>Teatro Arist\u00f3fanes, Orquesta Contratiempo y Orquesta C\u00e1mara, Coro y Rondalla, Danza Folcl\u00f3rica Centinela,<\/p>\n<p><strong>De Campus Ensenada:<\/strong> Orquesta Fusi\u00f3n, Teatro, Rondalla y Danza.<\/p>\n<p>Tambi\u00e9n se mostraron trabajos de los talleres culturales, quienes presentaron artes visuales y crafts realizados durante el semestre, desde pintura, c\u00f3mics, dibujo y fotograf\u00eda.<\/p>\n<p>&nbsp;<\/p>\n<div class=\"gallery-slider-wrapper gallery-1\">\n                        <div class=\"gallery-slider\" itemscope itemtype=\"http:\/\/schema.org\/ImageGallery\"><figure class=\"slide\" itemprop=\"associatedMedia\" itemscope itemtype=\"http:\/\/schema.org\/ImageObject\">\n                    <a itemprop=\"contentUrl\" href=\"https:\/\/www.cetys.mx\/noticias\/wp-content\/uploads\/2025\/04\/FOTO10.jpg\">\n                        <img decoding=\"async\" itemprop=\"thumbnail\" class=\"lazyOwl\" src=\"https:\/\/www.cetys.mx\/noticias\/wp-content\/plugins\/jmagz-plugin\/assets\/placeholder\/900x450.png\" data-src=\"https:\/\/www.cetys.mx\/noticias\/wp-content\/uploads\/2025\/04\/FOTO10.jpg\" alt=\"FOTO10\">\n                    <\/a>\n                    <figcaption itemprop=\"caption description\" class=\"slide-caption\">\n                        \n                    <\/figcaption>\n                <\/figure><figure class=\"slide\" itemprop=\"associatedMedia\" itemscope itemtype=\"http:\/\/schema.org\/ImageObject\">\n                    <a itemprop=\"contentUrl\" href=\"https:\/\/www.cetys.mx\/noticias\/wp-content\/uploads\/2025\/04\/FOTO9.jpg\">\n                        <img decoding=\"async\" itemprop=\"thumbnail\" class=\"lazyOwl\" src=\"https:\/\/www.cetys.mx\/noticias\/wp-content\/plugins\/jmagz-plugin\/assets\/placeholder\/900x450.png\" data-src=\"https:\/\/www.cetys.mx\/noticias\/wp-content\/uploads\/2025\/04\/FOTO9.jpg\" alt=\"FOTO9\">\n                    <\/a>\n                    <figcaption itemprop=\"caption description\" class=\"slide-caption\">\n                        \n                    <\/figcaption>\n                <\/figure><figure class=\"slide\" itemprop=\"associatedMedia\" itemscope itemtype=\"http:\/\/schema.org\/ImageObject\">\n                    <a itemprop=\"contentUrl\" href=\"https:\/\/www.cetys.mx\/noticias\/wp-content\/uploads\/2025\/04\/foto8.jpg\">\n                        <img decoding=\"async\" itemprop=\"thumbnail\" class=\"lazyOwl\" src=\"https:\/\/www.cetys.mx\/noticias\/wp-content\/plugins\/jmagz-plugin\/assets\/placeholder\/900x450.png\" data-src=\"https:\/\/www.cetys.mx\/noticias\/wp-content\/uploads\/2025\/04\/foto8.jpg\" alt=\"foto8\">\n                    <\/a>\n                    <figcaption itemprop=\"caption description\" class=\"slide-caption\">\n                        \n                    <\/figcaption>\n                <\/figure><figure class=\"slide\" itemprop=\"associatedMedia\" itemscope itemtype=\"http:\/\/schema.org\/ImageObject\">\n                    <a itemprop=\"contentUrl\" href=\"https:\/\/www.cetys.mx\/noticias\/wp-content\/uploads\/2025\/04\/FOTO7.jpeg\">\n                        <img decoding=\"async\" itemprop=\"thumbnail\" class=\"lazyOwl\" src=\"https:\/\/www.cetys.mx\/noticias\/wp-content\/plugins\/jmagz-plugin\/assets\/placeholder\/900x450.png\" data-src=\"https:\/\/www.cetys.mx\/noticias\/wp-content\/uploads\/2025\/04\/FOTO7.jpeg\" alt=\"FOTO7\">\n                    <\/a>\n                    <figcaption itemprop=\"caption description\" class=\"slide-caption\">\n                        \n                    <\/figcaption>\n                <\/figure><figure class=\"slide\" itemprop=\"associatedMedia\" itemscope itemtype=\"http:\/\/schema.org\/ImageObject\">\n                    <a itemprop=\"contentUrl\" href=\"https:\/\/www.cetys.mx\/noticias\/wp-content\/uploads\/2025\/04\/FOTO6.jpeg\">\n                        <img decoding=\"async\" itemprop=\"thumbnail\" class=\"lazyOwl\" src=\"https:\/\/www.cetys.mx\/noticias\/wp-content\/plugins\/jmagz-plugin\/assets\/placeholder\/900x450.png\" data-src=\"https:\/\/www.cetys.mx\/noticias\/wp-content\/uploads\/2025\/04\/FOTO6.jpeg\" alt=\"FOTO6\">\n                    <\/a>\n                    <figcaption itemprop=\"caption description\" class=\"slide-caption\">\n                        \n                    <\/figcaption>\n                <\/figure><figure class=\"slide\" itemprop=\"associatedMedia\" itemscope itemtype=\"http:\/\/schema.org\/ImageObject\">\n                    <a itemprop=\"contentUrl\" href=\"https:\/\/www.cetys.mx\/noticias\/wp-content\/uploads\/2025\/04\/FOTO5.jpeg\">\n                        <img decoding=\"async\" itemprop=\"thumbnail\" class=\"lazyOwl\" src=\"https:\/\/www.cetys.mx\/noticias\/wp-content\/plugins\/jmagz-plugin\/assets\/placeholder\/900x450.png\" data-src=\"https:\/\/www.cetys.mx\/noticias\/wp-content\/uploads\/2025\/04\/FOTO5.jpeg\" alt=\"FOTO5\">\n                    <\/a>\n                    <figcaption itemprop=\"caption description\" class=\"slide-caption\">\n                        \n                    <\/figcaption>\n                <\/figure><figure class=\"slide\" itemprop=\"associatedMedia\" itemscope itemtype=\"http:\/\/schema.org\/ImageObject\">\n                    <a itemprop=\"contentUrl\" href=\"https:\/\/www.cetys.mx\/noticias\/wp-content\/uploads\/2025\/04\/FOTO4.jpeg\">\n                        <img decoding=\"async\" itemprop=\"thumbnail\" class=\"lazyOwl\" src=\"https:\/\/www.cetys.mx\/noticias\/wp-content\/plugins\/jmagz-plugin\/assets\/placeholder\/900x450.png\" data-src=\"https:\/\/www.cetys.mx\/noticias\/wp-content\/uploads\/2025\/04\/FOTO4.jpeg\" alt=\"FOTO4\">\n                    <\/a>\n                    <figcaption itemprop=\"caption description\" class=\"slide-caption\">\n                        \n                    <\/figcaption>\n                <\/figure><figure class=\"slide\" itemprop=\"associatedMedia\" itemscope itemtype=\"http:\/\/schema.org\/ImageObject\">\n                    <a itemprop=\"contentUrl\" href=\"https:\/\/www.cetys.mx\/noticias\/wp-content\/uploads\/2025\/04\/FOTO3.jpeg\">\n                        <img decoding=\"async\" itemprop=\"thumbnail\" class=\"lazyOwl\" src=\"https:\/\/www.cetys.mx\/noticias\/wp-content\/plugins\/jmagz-plugin\/assets\/placeholder\/900x450.png\" data-src=\"https:\/\/www.cetys.mx\/noticias\/wp-content\/uploads\/2025\/04\/FOTO3.jpeg\" alt=\"FOTO3\">\n                    <\/a>\n                    <figcaption itemprop=\"caption description\" class=\"slide-caption\">\n                        \n                    <\/figcaption>\n                <\/figure><figure class=\"slide\" itemprop=\"associatedMedia\" itemscope itemtype=\"http:\/\/schema.org\/ImageObject\">\n                    <a itemprop=\"contentUrl\" href=\"https:\/\/www.cetys.mx\/noticias\/wp-content\/uploads\/2025\/04\/FOTO2.jpeg\">\n                        <img decoding=\"async\" itemprop=\"thumbnail\" class=\"lazyOwl\" src=\"https:\/\/www.cetys.mx\/noticias\/wp-content\/plugins\/jmagz-plugin\/assets\/placeholder\/900x450.png\" data-src=\"https:\/\/www.cetys.mx\/noticias\/wp-content\/uploads\/2025\/04\/FOTO2.jpeg\" alt=\"FOTO2\">\n                    <\/a>\n                    <figcaption itemprop=\"caption description\" class=\"slide-caption\">\n                        \n                    <\/figcaption>\n                <\/figure><figure class=\"slide\" itemprop=\"associatedMedia\" itemscope itemtype=\"http:\/\/schema.org\/ImageObject\">\n                    <a itemprop=\"contentUrl\" href=\"https:\/\/www.cetys.mx\/noticias\/wp-content\/uploads\/2025\/04\/FOTO1.jpeg\">\n                        <img decoding=\"async\" itemprop=\"thumbnail\" class=\"lazyOwl\" src=\"https:\/\/www.cetys.mx\/noticias\/wp-content\/plugins\/jmagz-plugin\/assets\/placeholder\/900x450.png\" data-src=\"https:\/\/www.cetys.mx\/noticias\/wp-content\/uploads\/2025\/04\/FOTO1.jpeg\" alt=\"FOTO1\">\n                    <\/a>\n                    <figcaption itemprop=\"caption description\" class=\"slide-caption\">\n                        \n                    <\/figcaption>\n                <\/figure><\/div>\n                <div class=\"gallery-slider-thumbnail-wrapper\">\n                    <div class=\"gallery-slider-thumbnail\"><div class=\"slide-thumbnail\"><img decoding=\"async\" class=\"lazyOwl\" src=\"https:\/\/www.cetys.mx\/noticias\/wp-content\/plugins\/jmagz-plugin\/assets\/placeholder\/150x75.png\" data-src=\"https:\/\/www.cetys.mx\/noticias\/wp-content\/uploads\/2025\/04\/FOTO10.jpg\" alt=\"FOTO10\"><\/div><div class=\"slide-thumbnail\"><img decoding=\"async\" class=\"lazyOwl\" src=\"https:\/\/www.cetys.mx\/noticias\/wp-content\/plugins\/jmagz-plugin\/assets\/placeholder\/150x75.png\" data-src=\"https:\/\/www.cetys.mx\/noticias\/wp-content\/uploads\/2025\/04\/FOTO9.jpg\" alt=\"FOTO9\"><\/div><div class=\"slide-thumbnail\"><img decoding=\"async\" class=\"lazyOwl\" src=\"https:\/\/www.cetys.mx\/noticias\/wp-content\/plugins\/jmagz-plugin\/assets\/placeholder\/150x75.png\" data-src=\"https:\/\/www.cetys.mx\/noticias\/wp-content\/uploads\/2025\/04\/foto8.jpg\" alt=\"foto8\"><\/div><div class=\"slide-thumbnail\"><img decoding=\"async\" class=\"lazyOwl\" src=\"https:\/\/www.cetys.mx\/noticias\/wp-content\/plugins\/jmagz-plugin\/assets\/placeholder\/150x75.png\" data-src=\"https:\/\/www.cetys.mx\/noticias\/wp-content\/uploads\/2025\/04\/FOTO7.jpeg\" alt=\"FOTO7\"><\/div><div class=\"slide-thumbnail\"><img decoding=\"async\" class=\"lazyOwl\" src=\"https:\/\/www.cetys.mx\/noticias\/wp-content\/plugins\/jmagz-plugin\/assets\/placeholder\/150x75.png\" data-src=\"https:\/\/www.cetys.mx\/noticias\/wp-content\/uploads\/2025\/04\/FOTO6.jpeg\" alt=\"FOTO6\"><\/div><div class=\"slide-thumbnail\"><img decoding=\"async\" class=\"lazyOwl\" src=\"https:\/\/www.cetys.mx\/noticias\/wp-content\/plugins\/jmagz-plugin\/assets\/placeholder\/150x75.png\" data-src=\"https:\/\/www.cetys.mx\/noticias\/wp-content\/uploads\/2025\/04\/FOTO5.jpeg\" alt=\"FOTO5\"><\/div><div class=\"slide-thumbnail\"><img decoding=\"async\" class=\"lazyOwl\" src=\"https:\/\/www.cetys.mx\/noticias\/wp-content\/plugins\/jmagz-plugin\/assets\/placeholder\/150x75.png\" data-src=\"https:\/\/www.cetys.mx\/noticias\/wp-content\/uploads\/2025\/04\/FOTO4.jpeg\" alt=\"FOTO4\"><\/div><div class=\"slide-thumbnail\"><img decoding=\"async\" class=\"lazyOwl\" src=\"https:\/\/www.cetys.mx\/noticias\/wp-content\/plugins\/jmagz-plugin\/assets\/placeholder\/150x75.png\" data-src=\"https:\/\/www.cetys.mx\/noticias\/wp-content\/uploads\/2025\/04\/FOTO3.jpeg\" alt=\"FOTO3\"><\/div><div class=\"slide-thumbnail\"><img decoding=\"async\" class=\"lazyOwl\" src=\"https:\/\/www.cetys.mx\/noticias\/wp-content\/plugins\/jmagz-plugin\/assets\/placeholder\/150x75.png\" data-src=\"https:\/\/www.cetys.mx\/noticias\/wp-content\/uploads\/2025\/04\/FOTO2.jpeg\" alt=\"FOTO2\"><\/div><div class=\"slide-thumbnail\"><img decoding=\"async\" class=\"lazyOwl\" src=\"https:\/\/www.cetys.mx\/noticias\/wp-content\/plugins\/jmagz-plugin\/assets\/placeholder\/150x75.png\" data-src=\"https:\/\/www.cetys.mx\/noticias\/wp-content\/uploads\/2025\/04\/FOTO1.jpeg\" alt=\"FOTO1\"><\/div><\/div><\/div><\/div>\n","protected":false},"excerpt":{"rendered":"<p>Alumnos de los grupos y talleres culturales de CETYS Universidad, provenientes de Tijuana y Mexicali se reunieron en el Campus Internacional Ensenada&#8230;<\/p>\n","protected":false},"author":23,"featured_media":212029,"comment_status":"open","ping_status":"closed","sticky":false,"template":"","format":"standard","meta":{"footnotes":""},"categories":[110,132,209,125,313],"tags":[],"class_list":["post-212013","post","type-post","status-publish","format-standard","has-post-thumbnail","hentry","category-academia","category-campus-ensenada","category-institucional","category-portada","category-vocetys-2"],"yoast_head":"<!-- This site is optimized with the Yoast SEO plugin v27.4 - https:\/\/yoast.com\/product\/yoast-seo-wordpress\/ -->\n<title>CETYS Ensenada sede del InterCETYS Cultural 2025 - CETYS<\/title>\n<meta name=\"description\" content=\"Articulo sobre CETYS Ensenada sede del InterCETYS Cultural 2025\" \/>\n<meta name=\"robots\" content=\"index, follow, max-snippet:-1, max-image-preview:large, max-video-preview:-1\" \/>\n<link rel=\"canonical\" href=\"https:\/\/www.cetys.mx\/noticias\/cetys-ensenada-sede-del-intercetys-cultural-2025\/\" \/>\n<meta property=\"og:locale\" content=\"es_MX\" \/>\n<meta property=\"og:type\" content=\"article\" \/>\n<meta property=\"og:title\" content=\"CETYS Ensenada sede del InterCETYS Cultural 2025 - CETYS\" \/>\n<meta property=\"og:description\" content=\"Articulo sobre CETYS Ensenada sede del InterCETYS Cultural 2025\" \/>\n<meta property=\"og:url\" content=\"https:\/\/www.cetys.mx\/noticias\/cetys-ensenada-sede-del-intercetys-cultural-2025\/\" \/>\n<meta property=\"og:site_name\" content=\"CETYS\" \/>\n<meta property=\"article:publisher\" content=\"https:\/\/www.facebook.com\/cetysuniversidadmxl\/\" \/>\n<meta property=\"article:published_time\" content=\"2025-04-25T18:36:13+00:00\" \/>\n<meta property=\"og:image\" content=\"https:\/\/www.cetys.mx\/noticias\/wp-content\/uploads\/2025\/04\/490877855_18502084420061970_4493531652423195335_n.jpg\" \/>\n\t<meta property=\"og:image:width\" content=\"1440\" \/>\n\t<meta property=\"og:image:height\" content=\"960\" \/>\n\t<meta property=\"og:image:type\" content=\"image\/jpeg\" \/>\n<meta name=\"author\" content=\"Campus Ensenada\" \/>\n<meta name=\"twitter:card\" content=\"summary_large_image\" \/>\n<meta name=\"twitter:creator\" content=\"@cetysuni\" \/>\n<meta name=\"twitter:site\" content=\"@cetysuni\" \/>\n<meta name=\"twitter:label1\" content=\"Escrito por\" \/>\n\t<meta name=\"twitter:data1\" content=\"Campus Ensenada\" \/>\n\t<meta name=\"twitter:label2\" content=\"Tiempo de lectura\" \/>\n\t<meta name=\"twitter:data2\" content=\"2 minutos\" \/>\n<script type=\"application\/ld+json\" class=\"yoast-schema-graph\">{\"@context\":\"https:\\\/\\\/schema.org\",\"@graph\":[{\"@type\":\"Article\",\"@id\":\"https:\\\/\\\/www.cetys.mx\\\/noticias\\\/cetys-ensenada-sede-del-intercetys-cultural-2025\\\/#article\",\"isPartOf\":{\"@id\":\"https:\\\/\\\/www.cetys.mx\\\/noticias\\\/cetys-ensenada-sede-del-intercetys-cultural-2025\\\/\"},\"author\":{\"name\":\"Campus Ensenada\",\"@id\":\"https:\\\/\\\/www.cetys.mx\\\/noticias\\\/#\\\/schema\\\/person\\\/1a1a88c0b6586e66a2e9e88e07afc712\"},\"headline\":\"CETYS Ensenada sede del InterCETYS Cultural 2025\",\"datePublished\":\"2025-04-25T18:36:13+00:00\",\"mainEntityOfPage\":{\"@id\":\"https:\\\/\\\/www.cetys.mx\\\/noticias\\\/cetys-ensenada-sede-del-intercetys-cultural-2025\\\/\"},\"wordCount\":485,\"commentCount\":0,\"image\":{\"@id\":\"https:\\\/\\\/www.cetys.mx\\\/noticias\\\/cetys-ensenada-sede-del-intercetys-cultural-2025\\\/#primaryimage\"},\"thumbnailUrl\":\"https:\\\/\\\/www.cetys.mx\\\/noticias\\\/wp-content\\\/uploads\\\/2025\\\/04\\\/490877855_18502084420061970_4493531652423195335_n.jpg\",\"articleSection\":[\"Academia\",\"Campus Ensenada\",\"Institucional\",\"Portada\",\"VoCETYS\"],\"inLanguage\":\"es\",\"potentialAction\":[{\"@type\":\"CommentAction\",\"name\":\"Comment\",\"target\":[\"https:\\\/\\\/www.cetys.mx\\\/noticias\\\/cetys-ensenada-sede-del-intercetys-cultural-2025\\\/#respond\"]}]},{\"@type\":\"WebPage\",\"@id\":\"https:\\\/\\\/www.cetys.mx\\\/noticias\\\/cetys-ensenada-sede-del-intercetys-cultural-2025\\\/\",\"url\":\"https:\\\/\\\/www.cetys.mx\\\/noticias\\\/cetys-ensenada-sede-del-intercetys-cultural-2025\\\/\",\"name\":\"CETYS Ensenada sede del InterCETYS Cultural 2025 - CETYS\",\"isPartOf\":{\"@id\":\"https:\\\/\\\/www.cetys.mx\\\/noticias\\\/#website\"},\"primaryImageOfPage\":{\"@id\":\"https:\\\/\\\/www.cetys.mx\\\/noticias\\\/cetys-ensenada-sede-del-intercetys-cultural-2025\\\/#primaryimage\"},\"image\":{\"@id\":\"https:\\\/\\\/www.cetys.mx\\\/noticias\\\/cetys-ensenada-sede-del-intercetys-cultural-2025\\\/#primaryimage\"},\"thumbnailUrl\":\"https:\\\/\\\/www.cetys.mx\\\/noticias\\\/wp-content\\\/uploads\\\/2025\\\/04\\\/490877855_18502084420061970_4493531652423195335_n.jpg\",\"datePublished\":\"2025-04-25T18:36:13+00:00\",\"author\":{\"@id\":\"https:\\\/\\\/www.cetys.mx\\\/noticias\\\/#\\\/schema\\\/person\\\/1a1a88c0b6586e66a2e9e88e07afc712\"},\"description\":\"Articulo sobre CETYS Ensenada sede del InterCETYS Cultural 2025\",\"breadcrumb\":{\"@id\":\"https:\\\/\\\/www.cetys.mx\\\/noticias\\\/cetys-ensenada-sede-del-intercetys-cultural-2025\\\/#breadcrumb\"},\"inLanguage\":\"es\",\"potentialAction\":[{\"@type\":\"ReadAction\",\"target\":[\"https:\\\/\\\/www.cetys.mx\\\/noticias\\\/cetys-ensenada-sede-del-intercetys-cultural-2025\\\/\"]}]},{\"@type\":\"ImageObject\",\"inLanguage\":\"es\",\"@id\":\"https:\\\/\\\/www.cetys.mx\\\/noticias\\\/cetys-ensenada-sede-del-intercetys-cultural-2025\\\/#primaryimage\",\"url\":\"https:\\\/\\\/www.cetys.mx\\\/noticias\\\/wp-content\\\/uploads\\\/2025\\\/04\\\/490877855_18502084420061970_4493531652423195335_n.jpg\",\"contentUrl\":\"https:\\\/\\\/www.cetys.mx\\\/noticias\\\/wp-content\\\/uploads\\\/2025\\\/04\\\/490877855_18502084420061970_4493531652423195335_n.jpg\",\"width\":1440,\"height\":960},{\"@type\":\"BreadcrumbList\",\"@id\":\"https:\\\/\\\/www.cetys.mx\\\/noticias\\\/cetys-ensenada-sede-del-intercetys-cultural-2025\\\/#breadcrumb\",\"itemListElement\":[{\"@type\":\"ListItem\",\"position\":1,\"name\":\"Inicio\",\"item\":\"https:\\\/\\\/www.cetys.mx\\\/noticias\\\/\"},{\"@type\":\"ListItem\",\"position\":2,\"name\":\"CETYS Ensenada sede del InterCETYS Cultural 2025\"}]},{\"@type\":\"WebSite\",\"@id\":\"https:\\\/\\\/www.cetys.mx\\\/noticias\\\/#website\",\"url\":\"https:\\\/\\\/www.cetys.mx\\\/noticias\\\/\",\"name\":\"CETYS\",\"description\":\"\",\"potentialAction\":[{\"@type\":\"SearchAction\",\"target\":{\"@type\":\"EntryPoint\",\"urlTemplate\":\"https:\\\/\\\/www.cetys.mx\\\/noticias\\\/?s={search_term_string}\"},\"query-input\":{\"@type\":\"PropertyValueSpecification\",\"valueRequired\":true,\"valueName\":\"search_term_string\"}}],\"inLanguage\":\"es\"},{\"@type\":\"Person\",\"@id\":\"https:\\\/\\\/www.cetys.mx\\\/noticias\\\/#\\\/schema\\\/person\\\/1a1a88c0b6586e66a2e9e88e07afc712\",\"name\":\"Campus Ensenada\",\"url\":\"https:\\\/\\\/www.cetys.mx\\\/noticias\\\/author\\\/campusensenada\\\/\"}]}<\/script>\n<!-- \/ Yoast SEO plugin. -->","yoast_head_json":{"title":"CETYS Ensenada sede del InterCETYS Cultural 2025 - CETYS","description":"Articulo sobre CETYS Ensenada sede del InterCETYS Cultural 2025","robots":{"index":"index","follow":"follow","max-snippet":"max-snippet:-1","max-image-preview":"max-image-preview:large","max-video-preview":"max-video-preview:-1"},"canonical":"https:\/\/www.cetys.mx\/noticias\/cetys-ensenada-sede-del-intercetys-cultural-2025\/","og_locale":"es_MX","og_type":"article","og_title":"CETYS Ensenada sede del InterCETYS Cultural 2025 - CETYS","og_description":"Articulo sobre CETYS Ensenada sede del InterCETYS Cultural 2025","og_url":"https:\/\/www.cetys.mx\/noticias\/cetys-ensenada-sede-del-intercetys-cultural-2025\/","og_site_name":"CETYS","article_publisher":"https:\/\/www.facebook.com\/cetysuniversidadmxl\/","article_published_time":"2025-04-25T18:36:13+00:00","og_image":[{"width":1440,"height":960,"url":"https:\/\/www.cetys.mx\/noticias\/wp-content\/uploads\/2025\/04\/490877855_18502084420061970_4493531652423195335_n.jpg","type":"image\/jpeg"}],"author":"Campus Ensenada","twitter_card":"summary_large_image","twitter_creator":"@cetysuni","twitter_site":"@cetysuni","twitter_misc":{"Escrito por":"Campus Ensenada","Tiempo de lectura":"2 minutos"},"schema":{"@context":"https:\/\/schema.org","@graph":[{"@type":"Article","@id":"https:\/\/www.cetys.mx\/noticias\/cetys-ensenada-sede-del-intercetys-cultural-2025\/#article","isPartOf":{"@id":"https:\/\/www.cetys.mx\/noticias\/cetys-ensenada-sede-del-intercetys-cultural-2025\/"},"author":{"name":"Campus Ensenada","@id":"https:\/\/www.cetys.mx\/noticias\/#\/schema\/person\/1a1a88c0b6586e66a2e9e88e07afc712"},"headline":"CETYS Ensenada sede del InterCETYS Cultural 2025","datePublished":"2025-04-25T18:36:13+00:00","mainEntityOfPage":{"@id":"https:\/\/www.cetys.mx\/noticias\/cetys-ensenada-sede-del-intercetys-cultural-2025\/"},"wordCount":485,"commentCount":0,"image":{"@id":"https:\/\/www.cetys.mx\/noticias\/cetys-ensenada-sede-del-intercetys-cultural-2025\/#primaryimage"},"thumbnailUrl":"https:\/\/www.cetys.mx\/noticias\/wp-content\/uploads\/2025\/04\/490877855_18502084420061970_4493531652423195335_n.jpg","articleSection":["Academia","Campus Ensenada","Institucional","Portada","VoCETYS"],"inLanguage":"es","potentialAction":[{"@type":"CommentAction","name":"Comment","target":["https:\/\/www.cetys.mx\/noticias\/cetys-ensenada-sede-del-intercetys-cultural-2025\/#respond"]}]},{"@type":"WebPage","@id":"https:\/\/www.cetys.mx\/noticias\/cetys-ensenada-sede-del-intercetys-cultural-2025\/","url":"https:\/\/www.cetys.mx\/noticias\/cetys-ensenada-sede-del-intercetys-cultural-2025\/","name":"CETYS Ensenada sede del InterCETYS Cultural 2025 - CETYS","isPartOf":{"@id":"https:\/\/www.cetys.mx\/noticias\/#website"},"primaryImageOfPage":{"@id":"https:\/\/www.cetys.mx\/noticias\/cetys-ensenada-sede-del-intercetys-cultural-2025\/#primaryimage"},"image":{"@id":"https:\/\/www.cetys.mx\/noticias\/cetys-ensenada-sede-del-intercetys-cultural-2025\/#primaryimage"},"thumbnailUrl":"https:\/\/www.cetys.mx\/noticias\/wp-content\/uploads\/2025\/04\/490877855_18502084420061970_4493531652423195335_n.jpg","datePublished":"2025-04-25T18:36:13+00:00","author":{"@id":"https:\/\/www.cetys.mx\/noticias\/#\/schema\/person\/1a1a88c0b6586e66a2e9e88e07afc712"},"description":"Articulo sobre CETYS Ensenada sede del InterCETYS Cultural 2025","breadcrumb":{"@id":"https:\/\/www.cetys.mx\/noticias\/cetys-ensenada-sede-del-intercetys-cultural-2025\/#breadcrumb"},"inLanguage":"es","potentialAction":[{"@type":"ReadAction","target":["https:\/\/www.cetys.mx\/noticias\/cetys-ensenada-sede-del-intercetys-cultural-2025\/"]}]},{"@type":"ImageObject","inLanguage":"es","@id":"https:\/\/www.cetys.mx\/noticias\/cetys-ensenada-sede-del-intercetys-cultural-2025\/#primaryimage","url":"https:\/\/www.cetys.mx\/noticias\/wp-content\/uploads\/2025\/04\/490877855_18502084420061970_4493531652423195335_n.jpg","contentUrl":"https:\/\/www.cetys.mx\/noticias\/wp-content\/uploads\/2025\/04\/490877855_18502084420061970_4493531652423195335_n.jpg","width":1440,"height":960},{"@type":"BreadcrumbList","@id":"https:\/\/www.cetys.mx\/noticias\/cetys-ensenada-sede-del-intercetys-cultural-2025\/#breadcrumb","itemListElement":[{"@type":"ListItem","position":1,"name":"Inicio","item":"https:\/\/www.cetys.mx\/noticias\/"},{"@type":"ListItem","position":2,"name":"CETYS Ensenada sede del InterCETYS Cultural 2025"}]},{"@type":"WebSite","@id":"https:\/\/www.cetys.mx\/noticias\/#website","url":"https:\/\/www.cetys.mx\/noticias\/","name":"CETYS","description":"","potentialAction":[{"@type":"SearchAction","target":{"@type":"EntryPoint","urlTemplate":"https:\/\/www.cetys.mx\/noticias\/?s={search_term_string}"},"query-input":{"@type":"PropertyValueSpecification","valueRequired":true,"valueName":"search_term_string"}}],"inLanguage":"es"},{"@type":"Person","@id":"https:\/\/www.cetys.mx\/noticias\/#\/schema\/person\/1a1a88c0b6586e66a2e9e88e07afc712","name":"Campus Ensenada","url":"https:\/\/www.cetys.mx\/noticias\/author\/campusensenada\/"}]}},"_links":{"self":[{"href":"https:\/\/www.cetys.mx\/noticias\/wp-json\/wp\/v2\/posts\/212013","targetHints":{"allow":["GET"]}}],"collection":[{"href":"https:\/\/www.cetys.mx\/noticias\/wp-json\/wp\/v2\/posts"}],"about":[{"href":"https:\/\/www.cetys.mx\/noticias\/wp-json\/wp\/v2\/types\/post"}],"author":[{"embeddable":true,"href":"https:\/\/www.cetys.mx\/noticias\/wp-json\/wp\/v2\/users\/23"}],"replies":[{"embeddable":true,"href":"https:\/\/www.cetys.mx\/noticias\/wp-json\/wp\/v2\/comments?post=212013"}],"version-history":[{"count":3,"href":"https:\/\/www.cetys.mx\/noticias\/wp-json\/wp\/v2\/posts\/212013\/revisions"}],"predecessor-version":[{"id":212072,"href":"https:\/\/www.cetys.mx\/noticias\/wp-json\/wp\/v2\/posts\/212013\/revisions\/212072"}],"wp:featuredmedia":[{"embeddable":true,"href":"https:\/\/www.cetys.mx\/noticias\/wp-json\/wp\/v2\/media\/212029"}],"wp:attachment":[{"href":"https:\/\/www.cetys.mx\/noticias\/wp-json\/wp\/v2\/media?parent=212013"}],"wp:term":[{"taxonomy":"category","embeddable":true,"href":"https:\/\/www.cetys.mx\/noticias\/wp-json\/wp\/v2\/categories?post=212013"},{"taxonomy":"post_tag","embeddable":true,"href":"https:\/\/www.cetys.mx\/noticias\/wp-json\/wp\/v2\/tags?post=212013"}],"curies":[{"name":"wp","href":"https:\/\/api.w.org\/{rel}","templated":true}]}}