{"id":211993,"date":"2025-04-24T17:44:39","date_gmt":"2025-04-25T00:44:39","guid":{"rendered":"https:\/\/www.cetys.mx\/noticias\/?p=211993"},"modified":"2025-04-24T17:44:39","modified_gmt":"2025-04-25T00:44:39","slug":"del-cetys-al-liderazgo-global-la-historia-de-ana-laura-villalobos","status":"publish","type":"post","link":"https:\/\/www.cetys.mx\/noticias\/del-cetys-al-liderazgo-global-la-historia-de-ana-laura-villalobos\/","title":{"rendered":"Del CETYS al liderazgo global: La historia de Ana Laura Villalobos"},"content":{"rendered":"<p><span style=\"font-weight: 400;\">Ser egresada de CETYS Universidad representa para Ana Laura Villalobos F\u00e9lix &#8220;un compromiso de liderazgo, disciplina y fortaleza todos los d\u00edas en el ambiente profesional y personal, pero sobre todo la motivaci\u00f3n para inspirar a otras personas a alcanzar el \u00e9xito, principal valor que considero la esencia de CETYS, el cual nos impulsa a trabajar por una mejor comunidad, sociedad y pa\u00eds&#8221;. Desde que egres\u00f3 de la Maestr\u00eda en Ciencias de la Ingenier\u00eda en 2011, su trayectoria ha sido un reflejo de estos principios, convirti\u00e9ndose en una fuente de inspiraci\u00f3n para quienes buscan alcanzar el \u00e9xito y contribuir al desarrollo de la comunidad.<\/span><\/p>\n<p><span style=\"font-weight: 400;\">Ana Laura eligi\u00f3 CETYS Universidad Campus Internacional Ensenada &#8220;por su calidad educativa y cultura estudiantil, la cual desarrolla capacidades de liderazgo para aplicarlo correctamente en las actividades profesionales, sociales y personales&#8221;. Adem\u00e1s, resalta que &#8220;ofrece las opciones de posgrado basadas en la demanda empresarial del estado, que nos permite ser competitivos adquiriendo el conocimiento pr\u00e1ctico y real para aplicarlo en nuestro desarrollo agregando valor a la actividad industrial y econ\u00f3mica de nuestra comunidad&#8221;.<\/span><\/p>\n<p><span style=\"font-weight: 400;\">Originaria de Mexicali, ha forjado una destacada trayectoria en la industria de la ingenier\u00eda. Actualmente, se desempe\u00f1a como directora de Ingenier\u00eda en una empresa m\u00e9dica en Tijuana, donde lidera equipos especializados en la introducci\u00f3n de nuevos productos, dise\u00f1o y desarrollo de procesos de manufactura, transferencias globales y digitalizaci\u00f3n de plataformas para an\u00e1lisis de datos. Su trabajo se centra en la toma de decisiones estrat\u00e9gicas para la asignaci\u00f3n de recursos y la expansi\u00f3n de la manufactura a nivel global.<\/span><\/p>\n<p><span style=\"font-weight: 400;\">Su camino profesional inici\u00f3 en Ensenada, donde ocup\u00f3 diversas posiciones en el \u00e1rea de ingenier\u00eda hasta convertirse en Project Manager. Posteriormente, ingres\u00f3 a la industria aeroespacial en Tijuana, donde continu\u00f3 su crecimiento hasta alcanzar su actual posici\u00f3n directiva. &#8220;No es un camino f\u00e1cil, la excelencia exige perseverancia, mucho esfuerzo y disciplina&#8221;, comparte Ana Laura sobre su proceso de crecimiento. &#8220;Me gustar\u00eda compartir que, en lo personal, lo m\u00e1s importante en este proceso de crecimiento es la confianza en ti, tus capacidades, tu formaci\u00f3n y el aprendizaje de todas aquellas personas que te acompa\u00f1an en esta ruta profesional&#8221;.<\/span><\/p>\n<p><span style=\"font-weight: 400;\">Para ella, una de sus mayores contribuciones al desarrollo de la comunidad es la formaci\u00f3n de nuevos l\u00edderes en ingenier\u00eda. &#8220;Una de mis prioridades es el crecimiento de los integrantes de mi equipo, apoy\u00e1ndolos para incrementar su experiencia y conocimiento en cada una de las \u00e1reas en que se desempe\u00f1an&#8221;. Adem\u00e1s, se siente orgullosa de haber abierto camino para m\u00e1s mujeres en posiciones directivas dentro del sector. &#8220;Ha sido un camino lleno de retos y oportunidades donde tu formaci\u00f3n, confianza en ti mismo y enfoque en el resultado, as\u00ed como el apoyo de mis mentores, ha sido el impulso para lograr el objetivo&#8221;.<\/span><\/p>\n<p><span style=\"font-weight: 400;\">Entre sus pr\u00f3ximos proyectos, Ana Laura busca seguir creciendo en el \u00e1rea de estrategia global y desarrollo de nuevos negocios dentro de su organizaci\u00f3n. Adem\u00e1s, planea fundar una agencia de consultor\u00eda en administraci\u00f3n de proyectos y, a mediano plazo, convertirse en docente en CETYS Universidad. &#8220;Como profesional, la red de contactos y confianza que puedes crear al convivir con tus compa\u00f1eros y participando en todos los eventos y actividades que se organizan durante los estudios o despu\u00e9s con CETYS Alumni, es invaluable&#8221;.<\/span><\/p>\n<p><span style=\"font-weight: 400;\">Para los estudiantes que hoy inician su camino, les deja un mensaje claro: &#8220;El \u00e9xito no es un camino f\u00e1cil, pero vale la vida y el esfuerzo que inviertas en \u00e9l. Solo la perseverancia y la disciplina son clave para alcanzar tus metas. Si lo puedes pensar, lo puedes lograr&#8221;.<\/span><\/p>\n<p><span style=\"font-weight: 400;\">Con su liderazgo, resiliencia y creatividad, Ana Laura Villalobos F\u00e9lix contin\u00faa demostrando que los egresados de CETYS Universidad est\u00e1n preparados para generar un impacto positivo en la sociedad y transformar el mundo a trav\u00e9s de la educaci\u00f3n y la innovaci\u00f3n.<\/span><\/p>\n<p>&nbsp;<\/p>\n","protected":false},"excerpt":{"rendered":"<p>Ser egresada de CETYS Universidad representa para Ana Laura Villalobos F\u00e9lix &#8220;un compromiso de liderazgo, disciplina y fortaleza todos los d\u00edas en&#8230;<\/p>\n","protected":false},"author":23,"featured_media":211998,"comment_status":"open","ping_status":"closed","sticky":false,"template":"","format":"standard","meta":{"footnotes":""},"categories":[107,132,125,313],"tags":[],"class_list":["post-211993","post","type-post","status-publish","format-standard","has-post-thumbnail","hentry","category-alumni","category-campus-ensenada","category-portada","category-vocetys-2"],"yoast_head":"<!-- This site is optimized with the Yoast SEO plugin v27.4 - https:\/\/yoast.com\/product\/yoast-seo-wordpress\/ -->\n<title>Del CETYS al liderazgo global: La historia de Ana Laura Villalobos - CETYS<\/title>\n<meta name=\"description\" content=\"Articulo sobre Del CETYS al liderazgo global: La historia de Ana Laura Villalobos\" \/>\n<meta name=\"robots\" content=\"index, follow, max-snippet:-1, max-image-preview:large, max-video-preview:-1\" \/>\n<link rel=\"canonical\" href=\"https:\/\/www.cetys.mx\/noticias\/del-cetys-al-liderazgo-global-la-historia-de-ana-laura-villalobos\/\" \/>\n<meta property=\"og:locale\" content=\"es_MX\" \/>\n<meta property=\"og:type\" content=\"article\" \/>\n<meta property=\"og:title\" content=\"Del CETYS al liderazgo global: La historia de Ana Laura Villalobos - CETYS\" \/>\n<meta property=\"og:description\" content=\"Articulo sobre Del CETYS al liderazgo global: La historia de Ana Laura Villalobos\" \/>\n<meta property=\"og:url\" content=\"https:\/\/www.cetys.mx\/noticias\/del-cetys-al-liderazgo-global-la-historia-de-ana-laura-villalobos\/\" \/>\n<meta property=\"og:site_name\" content=\"CETYS\" \/>\n<meta property=\"article:publisher\" content=\"https:\/\/www.facebook.com\/cetysuniversidadmxl\/\" \/>\n<meta property=\"article:published_time\" content=\"2025-04-25T00:44:39+00:00\" \/>\n<meta property=\"og:image\" content=\"https:\/\/www.cetys.mx\/noticias\/wp-content\/uploads\/2025\/04\/Foto-portal.jpg\" \/>\n\t<meta property=\"og:image:width\" content=\"958\" \/>\n\t<meta property=\"og:image:height\" content=\"637\" \/>\n\t<meta property=\"og:image:type\" content=\"image\/jpeg\" \/>\n<meta name=\"author\" content=\"Campus Ensenada\" \/>\n<meta name=\"twitter:card\" content=\"summary_large_image\" \/>\n<meta name=\"twitter:creator\" content=\"@cetysuni\" \/>\n<meta name=\"twitter:site\" content=\"@cetysuni\" \/>\n<meta name=\"twitter:label1\" content=\"Escrito por\" \/>\n\t<meta name=\"twitter:data1\" content=\"Campus Ensenada\" \/>\n\t<meta name=\"twitter:label2\" content=\"Tiempo de lectura\" \/>\n\t<meta name=\"twitter:data2\" content=\"3 minutos\" \/>\n<script type=\"application\/ld+json\" class=\"yoast-schema-graph\">{\"@context\":\"https:\\\/\\\/schema.org\",\"@graph\":[{\"@type\":\"Article\",\"@id\":\"https:\\\/\\\/www.cetys.mx\\\/noticias\\\/del-cetys-al-liderazgo-global-la-historia-de-ana-laura-villalobos\\\/#article\",\"isPartOf\":{\"@id\":\"https:\\\/\\\/www.cetys.mx\\\/noticias\\\/del-cetys-al-liderazgo-global-la-historia-de-ana-laura-villalobos\\\/\"},\"author\":{\"name\":\"Campus Ensenada\",\"@id\":\"https:\\\/\\\/www.cetys.mx\\\/noticias\\\/#\\\/schema\\\/person\\\/1a1a88c0b6586e66a2e9e88e07afc712\"},\"headline\":\"Del CETYS al liderazgo global: La historia de Ana Laura Villalobos\",\"datePublished\":\"2025-04-25T00:44:39+00:00\",\"mainEntityOfPage\":{\"@id\":\"https:\\\/\\\/www.cetys.mx\\\/noticias\\\/del-cetys-al-liderazgo-global-la-historia-de-ana-laura-villalobos\\\/\"},\"wordCount\":688,\"commentCount\":0,\"image\":{\"@id\":\"https:\\\/\\\/www.cetys.mx\\\/noticias\\\/del-cetys-al-liderazgo-global-la-historia-de-ana-laura-villalobos\\\/#primaryimage\"},\"thumbnailUrl\":\"https:\\\/\\\/www.cetys.mx\\\/noticias\\\/wp-content\\\/uploads\\\/2025\\\/04\\\/Foto-portal.jpg\",\"articleSection\":[\"Alumni\",\"Campus Ensenada\",\"Portada\",\"VoCETYS\"],\"inLanguage\":\"es\",\"potentialAction\":[{\"@type\":\"CommentAction\",\"name\":\"Comment\",\"target\":[\"https:\\\/\\\/www.cetys.mx\\\/noticias\\\/del-cetys-al-liderazgo-global-la-historia-de-ana-laura-villalobos\\\/#respond\"]}]},{\"@type\":\"WebPage\",\"@id\":\"https:\\\/\\\/www.cetys.mx\\\/noticias\\\/del-cetys-al-liderazgo-global-la-historia-de-ana-laura-villalobos\\\/\",\"url\":\"https:\\\/\\\/www.cetys.mx\\\/noticias\\\/del-cetys-al-liderazgo-global-la-historia-de-ana-laura-villalobos\\\/\",\"name\":\"Del CETYS al liderazgo global: La historia de Ana Laura Villalobos - CETYS\",\"isPartOf\":{\"@id\":\"https:\\\/\\\/www.cetys.mx\\\/noticias\\\/#website\"},\"primaryImageOfPage\":{\"@id\":\"https:\\\/\\\/www.cetys.mx\\\/noticias\\\/del-cetys-al-liderazgo-global-la-historia-de-ana-laura-villalobos\\\/#primaryimage\"},\"image\":{\"@id\":\"https:\\\/\\\/www.cetys.mx\\\/noticias\\\/del-cetys-al-liderazgo-global-la-historia-de-ana-laura-villalobos\\\/#primaryimage\"},\"thumbnailUrl\":\"https:\\\/\\\/www.cetys.mx\\\/noticias\\\/wp-content\\\/uploads\\\/2025\\\/04\\\/Foto-portal.jpg\",\"datePublished\":\"2025-04-25T00:44:39+00:00\",\"author\":{\"@id\":\"https:\\\/\\\/www.cetys.mx\\\/noticias\\\/#\\\/schema\\\/person\\\/1a1a88c0b6586e66a2e9e88e07afc712\"},\"description\":\"Articulo sobre Del CETYS al liderazgo global: La historia de Ana Laura Villalobos\",\"breadcrumb\":{\"@id\":\"https:\\\/\\\/www.cetys.mx\\\/noticias\\\/del-cetys-al-liderazgo-global-la-historia-de-ana-laura-villalobos\\\/#breadcrumb\"},\"inLanguage\":\"es\",\"potentialAction\":[{\"@type\":\"ReadAction\",\"target\":[\"https:\\\/\\\/www.cetys.mx\\\/noticias\\\/del-cetys-al-liderazgo-global-la-historia-de-ana-laura-villalobos\\\/\"]}]},{\"@type\":\"ImageObject\",\"inLanguage\":\"es\",\"@id\":\"https:\\\/\\\/www.cetys.mx\\\/noticias\\\/del-cetys-al-liderazgo-global-la-historia-de-ana-laura-villalobos\\\/#primaryimage\",\"url\":\"https:\\\/\\\/www.cetys.mx\\\/noticias\\\/wp-content\\\/uploads\\\/2025\\\/04\\\/Foto-portal.jpg\",\"contentUrl\":\"https:\\\/\\\/www.cetys.mx\\\/noticias\\\/wp-content\\\/uploads\\\/2025\\\/04\\\/Foto-portal.jpg\",\"width\":958,\"height\":637},{\"@type\":\"BreadcrumbList\",\"@id\":\"https:\\\/\\\/www.cetys.mx\\\/noticias\\\/del-cetys-al-liderazgo-global-la-historia-de-ana-laura-villalobos\\\/#breadcrumb\",\"itemListElement\":[{\"@type\":\"ListItem\",\"position\":1,\"name\":\"Inicio\",\"item\":\"https:\\\/\\\/www.cetys.mx\\\/noticias\\\/\"},{\"@type\":\"ListItem\",\"position\":2,\"name\":\"Del CETYS al liderazgo global: La historia de Ana Laura Villalobos\"}]},{\"@type\":\"WebSite\",\"@id\":\"https:\\\/\\\/www.cetys.mx\\\/noticias\\\/#website\",\"url\":\"https:\\\/\\\/www.cetys.mx\\\/noticias\\\/\",\"name\":\"CETYS\",\"description\":\"\",\"potentialAction\":[{\"@type\":\"SearchAction\",\"target\":{\"@type\":\"EntryPoint\",\"urlTemplate\":\"https:\\\/\\\/www.cetys.mx\\\/noticias\\\/?s={search_term_string}\"},\"query-input\":{\"@type\":\"PropertyValueSpecification\",\"valueRequired\":true,\"valueName\":\"search_term_string\"}}],\"inLanguage\":\"es\"},{\"@type\":\"Person\",\"@id\":\"https:\\\/\\\/www.cetys.mx\\\/noticias\\\/#\\\/schema\\\/person\\\/1a1a88c0b6586e66a2e9e88e07afc712\",\"name\":\"Campus Ensenada\",\"url\":\"https:\\\/\\\/www.cetys.mx\\\/noticias\\\/author\\\/campusensenada\\\/\"}]}<\/script>\n<!-- \/ Yoast SEO plugin. -->","yoast_head_json":{"title":"Del CETYS al liderazgo global: La historia de Ana Laura Villalobos - CETYS","description":"Articulo sobre Del CETYS al liderazgo global: La historia de Ana Laura Villalobos","robots":{"index":"index","follow":"follow","max-snippet":"max-snippet:-1","max-image-preview":"max-image-preview:large","max-video-preview":"max-video-preview:-1"},"canonical":"https:\/\/www.cetys.mx\/noticias\/del-cetys-al-liderazgo-global-la-historia-de-ana-laura-villalobos\/","og_locale":"es_MX","og_type":"article","og_title":"Del CETYS al liderazgo global: La historia de Ana Laura Villalobos - CETYS","og_description":"Articulo sobre Del CETYS al liderazgo global: La historia de Ana Laura Villalobos","og_url":"https:\/\/www.cetys.mx\/noticias\/del-cetys-al-liderazgo-global-la-historia-de-ana-laura-villalobos\/","og_site_name":"CETYS","article_publisher":"https:\/\/www.facebook.com\/cetysuniversidadmxl\/","article_published_time":"2025-04-25T00:44:39+00:00","og_image":[{"width":958,"height":637,"url":"https:\/\/www.cetys.mx\/noticias\/wp-content\/uploads\/2025\/04\/Foto-portal.jpg","type":"image\/jpeg"}],"author":"Campus Ensenada","twitter_card":"summary_large_image","twitter_creator":"@cetysuni","twitter_site":"@cetysuni","twitter_misc":{"Escrito por":"Campus Ensenada","Tiempo de lectura":"3 minutos"},"schema":{"@context":"https:\/\/schema.org","@graph":[{"@type":"Article","@id":"https:\/\/www.cetys.mx\/noticias\/del-cetys-al-liderazgo-global-la-historia-de-ana-laura-villalobos\/#article","isPartOf":{"@id":"https:\/\/www.cetys.mx\/noticias\/del-cetys-al-liderazgo-global-la-historia-de-ana-laura-villalobos\/"},"author":{"name":"Campus Ensenada","@id":"https:\/\/www.cetys.mx\/noticias\/#\/schema\/person\/1a1a88c0b6586e66a2e9e88e07afc712"},"headline":"Del CETYS al liderazgo global: La historia de Ana Laura Villalobos","datePublished":"2025-04-25T00:44:39+00:00","mainEntityOfPage":{"@id":"https:\/\/www.cetys.mx\/noticias\/del-cetys-al-liderazgo-global-la-historia-de-ana-laura-villalobos\/"},"wordCount":688,"commentCount":0,"image":{"@id":"https:\/\/www.cetys.mx\/noticias\/del-cetys-al-liderazgo-global-la-historia-de-ana-laura-villalobos\/#primaryimage"},"thumbnailUrl":"https:\/\/www.cetys.mx\/noticias\/wp-content\/uploads\/2025\/04\/Foto-portal.jpg","articleSection":["Alumni","Campus Ensenada","Portada","VoCETYS"],"inLanguage":"es","potentialAction":[{"@type":"CommentAction","name":"Comment","target":["https:\/\/www.cetys.mx\/noticias\/del-cetys-al-liderazgo-global-la-historia-de-ana-laura-villalobos\/#respond"]}]},{"@type":"WebPage","@id":"https:\/\/www.cetys.mx\/noticias\/del-cetys-al-liderazgo-global-la-historia-de-ana-laura-villalobos\/","url":"https:\/\/www.cetys.mx\/noticias\/del-cetys-al-liderazgo-global-la-historia-de-ana-laura-villalobos\/","name":"Del CETYS al liderazgo global: La historia de Ana Laura Villalobos - CETYS","isPartOf":{"@id":"https:\/\/www.cetys.mx\/noticias\/#website"},"primaryImageOfPage":{"@id":"https:\/\/www.cetys.mx\/noticias\/del-cetys-al-liderazgo-global-la-historia-de-ana-laura-villalobos\/#primaryimage"},"image":{"@id":"https:\/\/www.cetys.mx\/noticias\/del-cetys-al-liderazgo-global-la-historia-de-ana-laura-villalobos\/#primaryimage"},"thumbnailUrl":"https:\/\/www.cetys.mx\/noticias\/wp-content\/uploads\/2025\/04\/Foto-portal.jpg","datePublished":"2025-04-25T00:44:39+00:00","author":{"@id":"https:\/\/www.cetys.mx\/noticias\/#\/schema\/person\/1a1a88c0b6586e66a2e9e88e07afc712"},"description":"Articulo sobre Del CETYS al liderazgo global: La historia de Ana Laura Villalobos","breadcrumb":{"@id":"https:\/\/www.cetys.mx\/noticias\/del-cetys-al-liderazgo-global-la-historia-de-ana-laura-villalobos\/#breadcrumb"},"inLanguage":"es","potentialAction":[{"@type":"ReadAction","target":["https:\/\/www.cetys.mx\/noticias\/del-cetys-al-liderazgo-global-la-historia-de-ana-laura-villalobos\/"]}]},{"@type":"ImageObject","inLanguage":"es","@id":"https:\/\/www.cetys.mx\/noticias\/del-cetys-al-liderazgo-global-la-historia-de-ana-laura-villalobos\/#primaryimage","url":"https:\/\/www.cetys.mx\/noticias\/wp-content\/uploads\/2025\/04\/Foto-portal.jpg","contentUrl":"https:\/\/www.cetys.mx\/noticias\/wp-content\/uploads\/2025\/04\/Foto-portal.jpg","width":958,"height":637},{"@type":"BreadcrumbList","@id":"https:\/\/www.cetys.mx\/noticias\/del-cetys-al-liderazgo-global-la-historia-de-ana-laura-villalobos\/#breadcrumb","itemListElement":[{"@type":"ListItem","position":1,"name":"Inicio","item":"https:\/\/www.cetys.mx\/noticias\/"},{"@type":"ListItem","position":2,"name":"Del CETYS al liderazgo global: La historia de Ana Laura Villalobos"}]},{"@type":"WebSite","@id":"https:\/\/www.cetys.mx\/noticias\/#website","url":"https:\/\/www.cetys.mx\/noticias\/","name":"CETYS","description":"","potentialAction":[{"@type":"SearchAction","target":{"@type":"EntryPoint","urlTemplate":"https:\/\/www.cetys.mx\/noticias\/?s={search_term_string}"},"query-input":{"@type":"PropertyValueSpecification","valueRequired":true,"valueName":"search_term_string"}}],"inLanguage":"es"},{"@type":"Person","@id":"https:\/\/www.cetys.mx\/noticias\/#\/schema\/person\/1a1a88c0b6586e66a2e9e88e07afc712","name":"Campus Ensenada","url":"https:\/\/www.cetys.mx\/noticias\/author\/campusensenada\/"}]}},"_links":{"self":[{"href":"https:\/\/www.cetys.mx\/noticias\/wp-json\/wp\/v2\/posts\/211993","targetHints":{"allow":["GET"]}}],"collection":[{"href":"https:\/\/www.cetys.mx\/noticias\/wp-json\/wp\/v2\/posts"}],"about":[{"href":"https:\/\/www.cetys.mx\/noticias\/wp-json\/wp\/v2\/types\/post"}],"author":[{"embeddable":true,"href":"https:\/\/www.cetys.mx\/noticias\/wp-json\/wp\/v2\/users\/23"}],"replies":[{"embeddable":true,"href":"https:\/\/www.cetys.mx\/noticias\/wp-json\/wp\/v2\/comments?post=211993"}],"version-history":[{"count":1,"href":"https:\/\/www.cetys.mx\/noticias\/wp-json\/wp\/v2\/posts\/211993\/revisions"}],"predecessor-version":[{"id":211999,"href":"https:\/\/www.cetys.mx\/noticias\/wp-json\/wp\/v2\/posts\/211993\/revisions\/211999"}],"wp:featuredmedia":[{"embeddable":true,"href":"https:\/\/www.cetys.mx\/noticias\/wp-json\/wp\/v2\/media\/211998"}],"wp:attachment":[{"href":"https:\/\/www.cetys.mx\/noticias\/wp-json\/wp\/v2\/media?parent=211993"}],"wp:term":[{"taxonomy":"category","embeddable":true,"href":"https:\/\/www.cetys.mx\/noticias\/wp-json\/wp\/v2\/categories?post=211993"},{"taxonomy":"post_tag","embeddable":true,"href":"https:\/\/www.cetys.mx\/noticias\/wp-json\/wp\/v2\/tags?post=211993"}],"curies":[{"name":"wp","href":"https:\/\/api.w.org\/{rel}","templated":true}]}}