{"id":211927,"date":"2025-04-23T09:37:41","date_gmt":"2025-04-23T16:37:41","guid":{"rendered":"https:\/\/www.cetys.mx\/noticias\/?p=211927"},"modified":"2025-04-23T16:44:05","modified_gmt":"2025-04-23T23:44:05","slug":"lloveran-agroecologias-primer-encuentro-de-huertos-educativos-en-el-noroeste-de-mexico","status":"publish","type":"post","link":"https:\/\/www.cetys.mx\/noticias\/lloveran-agroecologias-primer-encuentro-de-huertos-educativos-en-el-noroeste-de-mexico\/","title":{"rendered":"Llover\u00e1n Agroecolog\u00edas: Primer Encuentro de Huertos Educativos en el Noroeste de M\u00e9xico"},"content":{"rendered":"<p><span style=\"font-weight: 400;\">En un esfuerzo por fortalecer la agroecolog\u00eda y la educaci\u00f3n ambiental en la regi\u00f3n,<strong> CETYS Universidad Campus Tijuana<\/strong> fue sede del evento <\/span><i><span style=\"font-weight: 400;\"><em>Llover\u00e1n Agroecolog\u00edas: Primer Encuentro de Huertos Educativos del Noroest<\/em>e<\/span><\/i><span style=\"font-weight: 400;\">. Este foro reuni\u00f3 a m\u00e1s de 100 instructores y promotores, as\u00ed como la presencia de los actores m\u00e1s destacados que impulsan la transici\u00f3n agroecol\u00f3gica en la regi\u00f3n para intercambiar experiencias y estrategias en horticultura agroecol\u00f3gica, educaci\u00f3n y capacitaci\u00f3n, procesos comunitarios y construcci\u00f3n de paz.<\/span><\/p>\n<p><span style=\"font-weight: 400;\">El encuentro tuvo como objetivo la creaci\u00f3n de una red solidaria de intercambio de saberes y recursos, adem\u00e1s de rendir homenaje a las personas y organizaciones pioneras en la agroecolog\u00eda educativa en la regi\u00f3n. Durante dos d\u00edas, los participantes tuvieron acceso a talleres, paneles de expertos, conversatorios y actividades interactivas que abordaron temas clave como la seguridad alimentaria, la pedagog\u00eda en huertos escolares y comunitarios; y las tendencias en pr\u00e1cticas agroecol\u00f3gicas.<\/span><\/p>\n<p><span style=\"font-weight: 400;\">El evento fue coordinado por<strong> Cultiva Ya!,<\/strong> organizaci\u00f3n tijuanense dedicada a la capacitaci\u00f3n, planeaci\u00f3n y dise\u00f1o en agroecolog\u00eda urbana y permacultura; y cont\u00f3 con el respaldo de la <\/span><strong>International Community Foundation<\/strong><span style=\"font-weight: 400;\">, <strong>la <\/strong><\/span><strong>Berry Good Food Foundation<\/strong><span style=\"font-weight: 400;\"> y el <strong>Instituto de Estudios para la Sustentabilidad (INESU).<\/strong><\/span><\/p>\n<div class=\"gallery-slider-wrapper gallery-1\">\n                        <div class=\"gallery-slider\" itemscope itemtype=\"http:\/\/schema.org\/ImageGallery\"><figure class=\"slide\" itemprop=\"associatedMedia\" itemscope itemtype=\"http:\/\/schema.org\/ImageObject\">\n                    <a itemprop=\"contentUrl\" href=\"https:\/\/www.cetys.mx\/noticias\/wp-content\/uploads\/2025\/04\/congreso-huertos-urbanos-04-1.jpg\">\n                        <img decoding=\"async\" itemprop=\"thumbnail\" class=\"lazyOwl\" src=\"https:\/\/www.cetys.mx\/noticias\/wp-content\/plugins\/jmagz-plugin\/assets\/placeholder\/900x450.png\" data-src=\"https:\/\/www.cetys.mx\/noticias\/wp-content\/uploads\/2025\/04\/congreso-huertos-urbanos-04-1.jpg\" alt=\"congreso-huertos-urbanos-04\">\n                    <\/a>\n                    <figcaption itemprop=\"caption description\" class=\"slide-caption\">\n                        \n                    <\/figcaption>\n                <\/figure><figure class=\"slide\" itemprop=\"associatedMedia\" itemscope itemtype=\"http:\/\/schema.org\/ImageObject\">\n                    <a itemprop=\"contentUrl\" href=\"https:\/\/www.cetys.mx\/noticias\/wp-content\/uploads\/2025\/04\/congreso-huertos-urbanos-06-1.jpg\">\n                        <img decoding=\"async\" itemprop=\"thumbnail\" class=\"lazyOwl\" src=\"https:\/\/www.cetys.mx\/noticias\/wp-content\/plugins\/jmagz-plugin\/assets\/placeholder\/900x450.png\" data-src=\"https:\/\/www.cetys.mx\/noticias\/wp-content\/uploads\/2025\/04\/congreso-huertos-urbanos-06-1.jpg\" alt=\"congreso-huertos-urbanos-06\">\n                    <\/a>\n                    <figcaption itemprop=\"caption description\" class=\"slide-caption\">\n                        \n                    <\/figcaption>\n                <\/figure><figure class=\"slide\" itemprop=\"associatedMedia\" itemscope itemtype=\"http:\/\/schema.org\/ImageObject\">\n                    <a itemprop=\"contentUrl\" href=\"https:\/\/www.cetys.mx\/noticias\/wp-content\/uploads\/2025\/04\/congreso-huertos-urbanos-07-1.jpg\">\n                        <img decoding=\"async\" itemprop=\"thumbnail\" class=\"lazyOwl\" src=\"https:\/\/www.cetys.mx\/noticias\/wp-content\/plugins\/jmagz-plugin\/assets\/placeholder\/900x450.png\" data-src=\"https:\/\/www.cetys.mx\/noticias\/wp-content\/uploads\/2025\/04\/congreso-huertos-urbanos-07-1.jpg\" alt=\"congreso-huertos-urbanos-07\">\n                    <\/a>\n                    <figcaption itemprop=\"caption description\" class=\"slide-caption\">\n                        \n                    <\/figcaption>\n                <\/figure><figure class=\"slide\" itemprop=\"associatedMedia\" itemscope itemtype=\"http:\/\/schema.org\/ImageObject\">\n                    <a itemprop=\"contentUrl\" href=\"https:\/\/www.cetys.mx\/noticias\/wp-content\/uploads\/2025\/04\/congreso-huertos-urbanos-03-1.jpg\">\n                        <img decoding=\"async\" itemprop=\"thumbnail\" class=\"lazyOwl\" src=\"https:\/\/www.cetys.mx\/noticias\/wp-content\/plugins\/jmagz-plugin\/assets\/placeholder\/900x450.png\" data-src=\"https:\/\/www.cetys.mx\/noticias\/wp-content\/uploads\/2025\/04\/congreso-huertos-urbanos-03-1.jpg\" alt=\"congreso-huertos-urbanos-03\">\n                    <\/a>\n                    <figcaption itemprop=\"caption description\" class=\"slide-caption\">\n                        \n                    <\/figcaption>\n                <\/figure><figure class=\"slide\" itemprop=\"associatedMedia\" itemscope itemtype=\"http:\/\/schema.org\/ImageObject\">\n                    <a itemprop=\"contentUrl\" href=\"https:\/\/www.cetys.mx\/noticias\/wp-content\/uploads\/2025\/04\/congreso-huertos-urbanos-05-1.jpg\">\n                        <img decoding=\"async\" itemprop=\"thumbnail\" class=\"lazyOwl\" src=\"https:\/\/www.cetys.mx\/noticias\/wp-content\/plugins\/jmagz-plugin\/assets\/placeholder\/900x450.png\" data-src=\"https:\/\/www.cetys.mx\/noticias\/wp-content\/uploads\/2025\/04\/congreso-huertos-urbanos-05-1.jpg\" alt=\"congreso-huertos-urbanos-05\">\n                    <\/a>\n                    <figcaption itemprop=\"caption description\" class=\"slide-caption\">\n                        \n                    <\/figcaption>\n                <\/figure><figure class=\"slide\" itemprop=\"associatedMedia\" itemscope itemtype=\"http:\/\/schema.org\/ImageObject\">\n                    <a itemprop=\"contentUrl\" href=\"https:\/\/www.cetys.mx\/noticias\/wp-content\/uploads\/2025\/04\/congreso-huertos-urbanos-1.jpg\">\n                        <img decoding=\"async\" itemprop=\"thumbnail\" class=\"lazyOwl\" src=\"https:\/\/www.cetys.mx\/noticias\/wp-content\/plugins\/jmagz-plugin\/assets\/placeholder\/900x450.png\" data-src=\"https:\/\/www.cetys.mx\/noticias\/wp-content\/uploads\/2025\/04\/congreso-huertos-urbanos-1.jpg\" alt=\"congreso-huertos-urbanos\">\n                    <\/a>\n                    <figcaption itemprop=\"caption description\" class=\"slide-caption\">\n                        \n                    <\/figcaption>\n                <\/figure><\/div>\n                <div class=\"gallery-slider-thumbnail-wrapper\">\n                    <div class=\"gallery-slider-thumbnail\"><div class=\"slide-thumbnail\"><img decoding=\"async\" class=\"lazyOwl\" src=\"https:\/\/www.cetys.mx\/noticias\/wp-content\/plugins\/jmagz-plugin\/assets\/placeholder\/150x75.png\" data-src=\"https:\/\/www.cetys.mx\/noticias\/wp-content\/uploads\/2025\/04\/congreso-huertos-urbanos-04-1.jpg\" alt=\"congreso-huertos-urbanos-04\"><\/div><div class=\"slide-thumbnail\"><img decoding=\"async\" class=\"lazyOwl\" src=\"https:\/\/www.cetys.mx\/noticias\/wp-content\/plugins\/jmagz-plugin\/assets\/placeholder\/150x75.png\" data-src=\"https:\/\/www.cetys.mx\/noticias\/wp-content\/uploads\/2025\/04\/congreso-huertos-urbanos-06-1.jpg\" alt=\"congreso-huertos-urbanos-06\"><\/div><div class=\"slide-thumbnail\"><img decoding=\"async\" class=\"lazyOwl\" src=\"https:\/\/www.cetys.mx\/noticias\/wp-content\/plugins\/jmagz-plugin\/assets\/placeholder\/150x75.png\" data-src=\"https:\/\/www.cetys.mx\/noticias\/wp-content\/uploads\/2025\/04\/congreso-huertos-urbanos-07-1.jpg\" alt=\"congreso-huertos-urbanos-07\"><\/div><div class=\"slide-thumbnail\"><img decoding=\"async\" class=\"lazyOwl\" src=\"https:\/\/www.cetys.mx\/noticias\/wp-content\/plugins\/jmagz-plugin\/assets\/placeholder\/150x75.png\" data-src=\"https:\/\/www.cetys.mx\/noticias\/wp-content\/uploads\/2025\/04\/congreso-huertos-urbanos-03-1.jpg\" alt=\"congreso-huertos-urbanos-03\"><\/div><div class=\"slide-thumbnail\"><img decoding=\"async\" class=\"lazyOwl\" src=\"https:\/\/www.cetys.mx\/noticias\/wp-content\/plugins\/jmagz-plugin\/assets\/placeholder\/150x75.png\" data-src=\"https:\/\/www.cetys.mx\/noticias\/wp-content\/uploads\/2025\/04\/congreso-huertos-urbanos-05-1.jpg\" alt=\"congreso-huertos-urbanos-05\"><\/div><div class=\"slide-thumbnail\"><img decoding=\"async\" class=\"lazyOwl\" src=\"https:\/\/www.cetys.mx\/noticias\/wp-content\/plugins\/jmagz-plugin\/assets\/placeholder\/150x75.png\" data-src=\"https:\/\/www.cetys.mx\/noticias\/wp-content\/uploads\/2025\/04\/congreso-huertos-urbanos-1.jpg\" alt=\"congreso-huertos-urbanos\"><\/div><\/div><\/div><\/div>\n<blockquote><p><span style=\"font-weight: 400;\">&#8220;Llover\u00e1n Agroecolog\u00edas ha sido un espacio invaluable para compartir conocimientos y fortalecer el compromiso con la educaci\u00f3n ambiental y la soberan\u00eda alimentaria en la regi\u00f3n. Esta red de huertos educativos permitir\u00e1 seguir construyendo proyectos colectivos que impulsen la agroecolog\u00eda en nuestras comunidades&#8221;, expres\u00f3 el Mtro. Adri\u00e1n Vald\u00e9s, Coordinador del Instituto de Estudios para la Sustentabilidad (INESU).<\/span><\/p><\/blockquote>\n<p><span style=\"font-weight: 400;\">Por su parte, <strong>Ricardo Arana<\/strong>, director de<strong> Cultiva Ya!<\/strong>, destac\u00f3 la relevancia de este encuentro:<em> &#8220;Este primer paso marca un antes y un despu\u00e9s en la articulaci\u00f3n de esfuerzos en favor de la agroecolog\u00eda en el noroeste de M\u00e9xico. La creaci\u00f3n de la Red de Huertos Educativos es una oportunidad \u00fanica para generar un impacto duradero en la educaci\u00f3n ambiental y en la seguridad alimentaria de nuestras comunidades&#8221;.<\/em><\/span><\/p>\n<p><span style=\"font-weight: 400;\">Este evento marc\u00f3 un hito en la consolidaci\u00f3n de la agroecolog\u00eda educativa en Baja California y la creaci\u00f3n de la Red de Huertos Educativos del Noroeste, que trabajar\u00e1 en la redacci\u00f3n de un manifiesto, la ejecuci\u00f3n de proyectos colectivos y la selecci\u00f3n de la sede del encuentro en 2026.<\/span><\/p>\n","protected":false},"excerpt":{"rendered":"<p>En un esfuerzo por fortalecer la agroecolog\u00eda y la educaci\u00f3n ambiental en la regi\u00f3n, CETYS Universidad Campus Tijuana fue sede del evento&#8230;<\/p>\n","protected":false},"author":24,"featured_media":211929,"comment_status":"open","ping_status":"closed","sticky":false,"template":"","format":"standard","meta":{"footnotes":""},"categories":[134],"tags":[6661],"class_list":["post-211927","post","type-post","status-publish","format-standard","has-post-thumbnail","hentry","category-campus-tijuana","tag-inesu"],"yoast_head":"<!-- This site is optimized with the Yoast SEO plugin v27.4 - https:\/\/yoast.com\/product\/yoast-seo-wordpress\/ -->\n<title>Llover\u00e1n Agroecolog\u00edas: Primer Encuentro de Huertos Educativos en el Noroeste de M\u00e9xico - CETYS<\/title>\n<meta name=\"description\" content=\"Articulo sobre Llover\u00e1n Agroecolog\u00edas: Primer Encuentro de Huertos Educativos en el Noroeste de M\u00e9xico\" \/>\n<meta name=\"robots\" content=\"index, follow, max-snippet:-1, max-image-preview:large, max-video-preview:-1\" \/>\n<link rel=\"canonical\" href=\"https:\/\/www.cetys.mx\/noticias\/lloveran-agroecologias-primer-encuentro-de-huertos-educativos-en-el-noroeste-de-mexico\/\" \/>\n<meta property=\"og:locale\" content=\"es_MX\" \/>\n<meta property=\"og:type\" content=\"article\" \/>\n<meta property=\"og:title\" content=\"Llover\u00e1n Agroecolog\u00edas: Primer Encuentro de Huertos Educativos en el Noroeste de M\u00e9xico - CETYS\" \/>\n<meta property=\"og:description\" content=\"Articulo sobre Llover\u00e1n Agroecolog\u00edas: Primer Encuentro de Huertos Educativos en el Noroeste de M\u00e9xico\" \/>\n<meta property=\"og:url\" content=\"https:\/\/www.cetys.mx\/noticias\/lloveran-agroecologias-primer-encuentro-de-huertos-educativos-en-el-noroeste-de-mexico\/\" \/>\n<meta property=\"og:site_name\" content=\"CETYS\" \/>\n<meta property=\"article:publisher\" content=\"https:\/\/www.facebook.com\/cetysuniversidadmxl\/\" \/>\n<meta property=\"article:published_time\" content=\"2025-04-23T16:37:41+00:00\" \/>\n<meta property=\"article:modified_time\" content=\"2025-04-23T23:44:05+00:00\" \/>\n<meta property=\"og:image\" content=\"https:\/\/www.cetys.mx\/noticias\/wp-content\/uploads\/2025\/04\/congreso-huertos-urbanos-02-1.jpg\" \/>\n\t<meta property=\"og:image:width\" content=\"958\" \/>\n\t<meta property=\"og:image:height\" content=\"637\" \/>\n\t<meta property=\"og:image:type\" content=\"image\/jpeg\" \/>\n<meta name=\"author\" content=\"Campus Tijuana\" \/>\n<meta name=\"twitter:card\" content=\"summary_large_image\" \/>\n<meta name=\"twitter:creator\" content=\"@cetysuni\" \/>\n<meta name=\"twitter:site\" content=\"@cetysuni\" \/>\n<meta name=\"twitter:label1\" content=\"Escrito por\" \/>\n\t<meta name=\"twitter:data1\" content=\"Campus Tijuana\" \/>\n\t<meta name=\"twitter:label2\" content=\"Tiempo de lectura\" \/>\n\t<meta name=\"twitter:data2\" content=\"2 minutos\" \/>\n<script type=\"application\/ld+json\" class=\"yoast-schema-graph\">{\"@context\":\"https:\\\/\\\/schema.org\",\"@graph\":[{\"@type\":\"Article\",\"@id\":\"https:\\\/\\\/www.cetys.mx\\\/noticias\\\/lloveran-agroecologias-primer-encuentro-de-huertos-educativos-en-el-noroeste-de-mexico\\\/#article\",\"isPartOf\":{\"@id\":\"https:\\\/\\\/www.cetys.mx\\\/noticias\\\/lloveran-agroecologias-primer-encuentro-de-huertos-educativos-en-el-noroeste-de-mexico\\\/\"},\"author\":{\"name\":\"Campus Tijuana\",\"@id\":\"https:\\\/\\\/www.cetys.mx\\\/noticias\\\/#\\\/schema\\\/person\\\/e790051ce60e18ae47cfa87011c8653f\"},\"headline\":\"Llover\u00e1n Agroecolog\u00edas: Primer Encuentro de Huertos Educativos en el Noroeste de M\u00e9xico\",\"datePublished\":\"2025-04-23T16:37:41+00:00\",\"dateModified\":\"2025-04-23T23:44:05+00:00\",\"mainEntityOfPage\":{\"@id\":\"https:\\\/\\\/www.cetys.mx\\\/noticias\\\/lloveran-agroecologias-primer-encuentro-de-huertos-educativos-en-el-noroeste-de-mexico\\\/\"},\"wordCount\":431,\"commentCount\":0,\"image\":{\"@id\":\"https:\\\/\\\/www.cetys.mx\\\/noticias\\\/lloveran-agroecologias-primer-encuentro-de-huertos-educativos-en-el-noroeste-de-mexico\\\/#primaryimage\"},\"thumbnailUrl\":\"https:\\\/\\\/www.cetys.mx\\\/noticias\\\/wp-content\\\/uploads\\\/2025\\\/04\\\/congreso-huertos-urbanos-02-1.jpg\",\"keywords\":[\"INESU\"],\"articleSection\":[\"Campus Tijuana\"],\"inLanguage\":\"es\",\"potentialAction\":[{\"@type\":\"CommentAction\",\"name\":\"Comment\",\"target\":[\"https:\\\/\\\/www.cetys.mx\\\/noticias\\\/lloveran-agroecologias-primer-encuentro-de-huertos-educativos-en-el-noroeste-de-mexico\\\/#respond\"]}]},{\"@type\":\"WebPage\",\"@id\":\"https:\\\/\\\/www.cetys.mx\\\/noticias\\\/lloveran-agroecologias-primer-encuentro-de-huertos-educativos-en-el-noroeste-de-mexico\\\/\",\"url\":\"https:\\\/\\\/www.cetys.mx\\\/noticias\\\/lloveran-agroecologias-primer-encuentro-de-huertos-educativos-en-el-noroeste-de-mexico\\\/\",\"name\":\"Llover\u00e1n Agroecolog\u00edas: Primer Encuentro de Huertos Educativos en el Noroeste de M\u00e9xico - CETYS\",\"isPartOf\":{\"@id\":\"https:\\\/\\\/www.cetys.mx\\\/noticias\\\/#website\"},\"primaryImageOfPage\":{\"@id\":\"https:\\\/\\\/www.cetys.mx\\\/noticias\\\/lloveran-agroecologias-primer-encuentro-de-huertos-educativos-en-el-noroeste-de-mexico\\\/#primaryimage\"},\"image\":{\"@id\":\"https:\\\/\\\/www.cetys.mx\\\/noticias\\\/lloveran-agroecologias-primer-encuentro-de-huertos-educativos-en-el-noroeste-de-mexico\\\/#primaryimage\"},\"thumbnailUrl\":\"https:\\\/\\\/www.cetys.mx\\\/noticias\\\/wp-content\\\/uploads\\\/2025\\\/04\\\/congreso-huertos-urbanos-02-1.jpg\",\"datePublished\":\"2025-04-23T16:37:41+00:00\",\"dateModified\":\"2025-04-23T23:44:05+00:00\",\"author\":{\"@id\":\"https:\\\/\\\/www.cetys.mx\\\/noticias\\\/#\\\/schema\\\/person\\\/e790051ce60e18ae47cfa87011c8653f\"},\"description\":\"Articulo sobre Llover\u00e1n Agroecolog\u00edas: Primer Encuentro de Huertos Educativos en el Noroeste de M\u00e9xico\",\"breadcrumb\":{\"@id\":\"https:\\\/\\\/www.cetys.mx\\\/noticias\\\/lloveran-agroecologias-primer-encuentro-de-huertos-educativos-en-el-noroeste-de-mexico\\\/#breadcrumb\"},\"inLanguage\":\"es\",\"potentialAction\":[{\"@type\":\"ReadAction\",\"target\":[\"https:\\\/\\\/www.cetys.mx\\\/noticias\\\/lloveran-agroecologias-primer-encuentro-de-huertos-educativos-en-el-noroeste-de-mexico\\\/\"]}]},{\"@type\":\"ImageObject\",\"inLanguage\":\"es\",\"@id\":\"https:\\\/\\\/www.cetys.mx\\\/noticias\\\/lloveran-agroecologias-primer-encuentro-de-huertos-educativos-en-el-noroeste-de-mexico\\\/#primaryimage\",\"url\":\"https:\\\/\\\/www.cetys.mx\\\/noticias\\\/wp-content\\\/uploads\\\/2025\\\/04\\\/congreso-huertos-urbanos-02-1.jpg\",\"contentUrl\":\"https:\\\/\\\/www.cetys.mx\\\/noticias\\\/wp-content\\\/uploads\\\/2025\\\/04\\\/congreso-huertos-urbanos-02-1.jpg\",\"width\":958,\"height\":637},{\"@type\":\"BreadcrumbList\",\"@id\":\"https:\\\/\\\/www.cetys.mx\\\/noticias\\\/lloveran-agroecologias-primer-encuentro-de-huertos-educativos-en-el-noroeste-de-mexico\\\/#breadcrumb\",\"itemListElement\":[{\"@type\":\"ListItem\",\"position\":1,\"name\":\"Inicio\",\"item\":\"https:\\\/\\\/www.cetys.mx\\\/noticias\\\/\"},{\"@type\":\"ListItem\",\"position\":2,\"name\":\"Llover\u00e1n Agroecolog\u00edas: Primer Encuentro de Huertos Educativos en el Noroeste de M\u00e9xico\"}]},{\"@type\":\"WebSite\",\"@id\":\"https:\\\/\\\/www.cetys.mx\\\/noticias\\\/#website\",\"url\":\"https:\\\/\\\/www.cetys.mx\\\/noticias\\\/\",\"name\":\"CETYS\",\"description\":\"\",\"potentialAction\":[{\"@type\":\"SearchAction\",\"target\":{\"@type\":\"EntryPoint\",\"urlTemplate\":\"https:\\\/\\\/www.cetys.mx\\\/noticias\\\/?s={search_term_string}\"},\"query-input\":{\"@type\":\"PropertyValueSpecification\",\"valueRequired\":true,\"valueName\":\"search_term_string\"}}],\"inLanguage\":\"es\"},{\"@type\":\"Person\",\"@id\":\"https:\\\/\\\/www.cetys.mx\\\/noticias\\\/#\\\/schema\\\/person\\\/e790051ce60e18ae47cfa87011c8653f\",\"name\":\"Campus Tijuana\",\"url\":\"https:\\\/\\\/www.cetys.mx\\\/noticias\\\/author\\\/campustijuana\\\/\"}]}<\/script>\n<!-- \/ Yoast SEO plugin. -->","yoast_head_json":{"title":"Llover\u00e1n Agroecolog\u00edas: Primer Encuentro de Huertos Educativos en el Noroeste de M\u00e9xico - CETYS","description":"Articulo sobre Llover\u00e1n Agroecolog\u00edas: Primer Encuentro de Huertos Educativos en el Noroeste de M\u00e9xico","robots":{"index":"index","follow":"follow","max-snippet":"max-snippet:-1","max-image-preview":"max-image-preview:large","max-video-preview":"max-video-preview:-1"},"canonical":"https:\/\/www.cetys.mx\/noticias\/lloveran-agroecologias-primer-encuentro-de-huertos-educativos-en-el-noroeste-de-mexico\/","og_locale":"es_MX","og_type":"article","og_title":"Llover\u00e1n Agroecolog\u00edas: Primer Encuentro de Huertos Educativos en el Noroeste de M\u00e9xico - CETYS","og_description":"Articulo sobre Llover\u00e1n Agroecolog\u00edas: Primer Encuentro de Huertos Educativos en el Noroeste de M\u00e9xico","og_url":"https:\/\/www.cetys.mx\/noticias\/lloveran-agroecologias-primer-encuentro-de-huertos-educativos-en-el-noroeste-de-mexico\/","og_site_name":"CETYS","article_publisher":"https:\/\/www.facebook.com\/cetysuniversidadmxl\/","article_published_time":"2025-04-23T16:37:41+00:00","article_modified_time":"2025-04-23T23:44:05+00:00","og_image":[{"width":958,"height":637,"url":"https:\/\/www.cetys.mx\/noticias\/wp-content\/uploads\/2025\/04\/congreso-huertos-urbanos-02-1.jpg","type":"image\/jpeg"}],"author":"Campus Tijuana","twitter_card":"summary_large_image","twitter_creator":"@cetysuni","twitter_site":"@cetysuni","twitter_misc":{"Escrito por":"Campus Tijuana","Tiempo de lectura":"2 minutos"},"schema":{"@context":"https:\/\/schema.org","@graph":[{"@type":"Article","@id":"https:\/\/www.cetys.mx\/noticias\/lloveran-agroecologias-primer-encuentro-de-huertos-educativos-en-el-noroeste-de-mexico\/#article","isPartOf":{"@id":"https:\/\/www.cetys.mx\/noticias\/lloveran-agroecologias-primer-encuentro-de-huertos-educativos-en-el-noroeste-de-mexico\/"},"author":{"name":"Campus Tijuana","@id":"https:\/\/www.cetys.mx\/noticias\/#\/schema\/person\/e790051ce60e18ae47cfa87011c8653f"},"headline":"Llover\u00e1n Agroecolog\u00edas: Primer Encuentro de Huertos Educativos en el Noroeste de M\u00e9xico","datePublished":"2025-04-23T16:37:41+00:00","dateModified":"2025-04-23T23:44:05+00:00","mainEntityOfPage":{"@id":"https:\/\/www.cetys.mx\/noticias\/lloveran-agroecologias-primer-encuentro-de-huertos-educativos-en-el-noroeste-de-mexico\/"},"wordCount":431,"commentCount":0,"image":{"@id":"https:\/\/www.cetys.mx\/noticias\/lloveran-agroecologias-primer-encuentro-de-huertos-educativos-en-el-noroeste-de-mexico\/#primaryimage"},"thumbnailUrl":"https:\/\/www.cetys.mx\/noticias\/wp-content\/uploads\/2025\/04\/congreso-huertos-urbanos-02-1.jpg","keywords":["INESU"],"articleSection":["Campus Tijuana"],"inLanguage":"es","potentialAction":[{"@type":"CommentAction","name":"Comment","target":["https:\/\/www.cetys.mx\/noticias\/lloveran-agroecologias-primer-encuentro-de-huertos-educativos-en-el-noroeste-de-mexico\/#respond"]}]},{"@type":"WebPage","@id":"https:\/\/www.cetys.mx\/noticias\/lloveran-agroecologias-primer-encuentro-de-huertos-educativos-en-el-noroeste-de-mexico\/","url":"https:\/\/www.cetys.mx\/noticias\/lloveran-agroecologias-primer-encuentro-de-huertos-educativos-en-el-noroeste-de-mexico\/","name":"Llover\u00e1n Agroecolog\u00edas: Primer Encuentro de Huertos Educativos en el Noroeste de M\u00e9xico - CETYS","isPartOf":{"@id":"https:\/\/www.cetys.mx\/noticias\/#website"},"primaryImageOfPage":{"@id":"https:\/\/www.cetys.mx\/noticias\/lloveran-agroecologias-primer-encuentro-de-huertos-educativos-en-el-noroeste-de-mexico\/#primaryimage"},"image":{"@id":"https:\/\/www.cetys.mx\/noticias\/lloveran-agroecologias-primer-encuentro-de-huertos-educativos-en-el-noroeste-de-mexico\/#primaryimage"},"thumbnailUrl":"https:\/\/www.cetys.mx\/noticias\/wp-content\/uploads\/2025\/04\/congreso-huertos-urbanos-02-1.jpg","datePublished":"2025-04-23T16:37:41+00:00","dateModified":"2025-04-23T23:44:05+00:00","author":{"@id":"https:\/\/www.cetys.mx\/noticias\/#\/schema\/person\/e790051ce60e18ae47cfa87011c8653f"},"description":"Articulo sobre Llover\u00e1n Agroecolog\u00edas: Primer Encuentro de Huertos Educativos en el Noroeste de M\u00e9xico","breadcrumb":{"@id":"https:\/\/www.cetys.mx\/noticias\/lloveran-agroecologias-primer-encuentro-de-huertos-educativos-en-el-noroeste-de-mexico\/#breadcrumb"},"inLanguage":"es","potentialAction":[{"@type":"ReadAction","target":["https:\/\/www.cetys.mx\/noticias\/lloveran-agroecologias-primer-encuentro-de-huertos-educativos-en-el-noroeste-de-mexico\/"]}]},{"@type":"ImageObject","inLanguage":"es","@id":"https:\/\/www.cetys.mx\/noticias\/lloveran-agroecologias-primer-encuentro-de-huertos-educativos-en-el-noroeste-de-mexico\/#primaryimage","url":"https:\/\/www.cetys.mx\/noticias\/wp-content\/uploads\/2025\/04\/congreso-huertos-urbanos-02-1.jpg","contentUrl":"https:\/\/www.cetys.mx\/noticias\/wp-content\/uploads\/2025\/04\/congreso-huertos-urbanos-02-1.jpg","width":958,"height":637},{"@type":"BreadcrumbList","@id":"https:\/\/www.cetys.mx\/noticias\/lloveran-agroecologias-primer-encuentro-de-huertos-educativos-en-el-noroeste-de-mexico\/#breadcrumb","itemListElement":[{"@type":"ListItem","position":1,"name":"Inicio","item":"https:\/\/www.cetys.mx\/noticias\/"},{"@type":"ListItem","position":2,"name":"Llover\u00e1n Agroecolog\u00edas: Primer Encuentro de Huertos Educativos en el Noroeste de M\u00e9xico"}]},{"@type":"WebSite","@id":"https:\/\/www.cetys.mx\/noticias\/#website","url":"https:\/\/www.cetys.mx\/noticias\/","name":"CETYS","description":"","potentialAction":[{"@type":"SearchAction","target":{"@type":"EntryPoint","urlTemplate":"https:\/\/www.cetys.mx\/noticias\/?s={search_term_string}"},"query-input":{"@type":"PropertyValueSpecification","valueRequired":true,"valueName":"search_term_string"}}],"inLanguage":"es"},{"@type":"Person","@id":"https:\/\/www.cetys.mx\/noticias\/#\/schema\/person\/e790051ce60e18ae47cfa87011c8653f","name":"Campus Tijuana","url":"https:\/\/www.cetys.mx\/noticias\/author\/campustijuana\/"}]}},"_links":{"self":[{"href":"https:\/\/www.cetys.mx\/noticias\/wp-json\/wp\/v2\/posts\/211927","targetHints":{"allow":["GET"]}}],"collection":[{"href":"https:\/\/www.cetys.mx\/noticias\/wp-json\/wp\/v2\/posts"}],"about":[{"href":"https:\/\/www.cetys.mx\/noticias\/wp-json\/wp\/v2\/types\/post"}],"author":[{"embeddable":true,"href":"https:\/\/www.cetys.mx\/noticias\/wp-json\/wp\/v2\/users\/24"}],"replies":[{"embeddable":true,"href":"https:\/\/www.cetys.mx\/noticias\/wp-json\/wp\/v2\/comments?post=211927"}],"version-history":[{"count":2,"href":"https:\/\/www.cetys.mx\/noticias\/wp-json\/wp\/v2\/posts\/211927\/revisions"}],"predecessor-version":[{"id":215777,"href":"https:\/\/www.cetys.mx\/noticias\/wp-json\/wp\/v2\/posts\/211927\/revisions\/215777"}],"wp:featuredmedia":[{"embeddable":true,"href":"https:\/\/www.cetys.mx\/noticias\/wp-json\/wp\/v2\/media\/211929"}],"wp:attachment":[{"href":"https:\/\/www.cetys.mx\/noticias\/wp-json\/wp\/v2\/media?parent=211927"}],"wp:term":[{"taxonomy":"category","embeddable":true,"href":"https:\/\/www.cetys.mx\/noticias\/wp-json\/wp\/v2\/categories?post=211927"},{"taxonomy":"post_tag","embeddable":true,"href":"https:\/\/www.cetys.mx\/noticias\/wp-json\/wp\/v2\/tags?post=211927"}],"curies":[{"name":"wp","href":"https:\/\/api.w.org\/{rel}","templated":true}]}}