{"id":211288,"date":"2025-04-02T09:00:08","date_gmt":"2025-04-02T16:00:08","guid":{"rendered":"https:\/\/www.cetys.mx\/noticias\/?p=211288"},"modified":"2025-04-02T09:46:27","modified_gmt":"2025-04-02T16:46:27","slug":"olinia-que-esperar-de-la-primera-automotriz-electrica-mexicana","status":"publish","type":"post","link":"https:\/\/www.cetys.mx\/noticias\/olinia-que-esperar-de-la-primera-automotriz-electrica-mexicana\/","title":{"rendered":"Olinia: \u00bfQu\u00e9 esperar de la primera automotriz el\u00e9ctrica mexicana?"},"content":{"rendered":"<p style=\"text-align: center;\"><strong><i>La primera automotriz el\u00e9ctrica mexicana promete transformar la industria con tecnolog\u00eda avanzada y precios accesibles. Expertos CETYS analizan los retos y oportunidades para garantizar su \u00e9xito en el mercado<\/i><\/strong><\/p>\n<p><span style=\"font-weight: 400;\">La industria automotriz en M\u00e9xico est\u00e1 por experimentar una transformaci\u00f3n sin precedentes con el lanzamiento de <strong>Olinia<\/strong>, la primera automotriz el\u00e9ctrica mexicana, prevista para el a\u00f1o <strong>2030<\/strong>. Este ambicioso proyecto busca posicionar al pa\u00eds en el mercado de la electromovilidad, impulsando la innovaci\u00f3n tecnol\u00f3gica y la producci\u00f3n nacional.<\/span><\/p>\n<p><span style=\"font-weight: 400;\"><img loading=\"lazy\" decoding=\"async\" class=\" wp-image-211289 alignleft\" src=\"https:\/\/www.cetys.mx\/noticias\/wp-content\/uploads\/2025\/04\/Luis_Basaca.jpg\" alt=\"\" width=\"194\" height=\"291\" \/>El <strong>Dr. Luis Carlos B\u00e1saca Preciado<\/strong> y el <strong>Dr. Juan Andr\u00e9s Rivera Santana<\/strong>, <strong>docentes e investigadores de la Escuela de <a href=\"https:\/\/www.cetys.mx\/programas\/ingenieria-mecanica\/\">Ingenier\u00eda<\/a> de CETYS Universidad Campus Mexicali<\/strong>, analizaron los retos y oportunidades que Olinia enfrenta, destacando su potencial para contribuir a la transici\u00f3n hacia una movilidad sustentable y accesible para los consumidores mexicanos.<\/span><\/p>\n<p><span style=\"font-weight: 400;\">Para garantizar el <strong>rendimiento<\/strong> y la <strong>eficiencia<\/strong> de Olinia, es crucial integrar tecnolog\u00edas avanzadas en su sistema de propulsi\u00f3n el\u00e9ctrica. \u201cEl uso de motores el\u00e9ctricos de imanes permanentes, junto con un avanzado sistema de monitoreo inteligente y un sistema de gesti\u00f3n de bater\u00edas (BMS) permitir\u00e1 optimizar el consumo energ\u00e9tico y prolongar la vida \u00fatil del veh\u00edculo\u201d, explic\u00f3 el Dr. B\u00e1saca. Adem\u00e1s, destac\u00f3 que la implementaci\u00f3n de frenado regenerativo y mejoras en la aerodin\u00e1mica, combinadas con la reducci\u00f3n de peso en el chasis mediante el uso de materiales ligeros, ser\u00e1n clave para maximizar la autonom\u00eda del autom\u00f3vil.<\/span><\/p>\n<p><span style=\"font-weight: 400;\">Se\u00f1al\u00f3 que uno de los <strong>principales desaf\u00edos<\/strong> ser\u00e1 desarrollar bater\u00edas que se adapten a las condiciones clim\u00e1ticas del pa\u00eds y al estilo de conducci\u00f3n de los mexicanos. \u201cSe requiere un paquete de bater\u00edas resistente a temperaturas extremas y con un rendimiento estable en trayectos cortos y frecuentes\u201d. Asimismo, enfatiz\u00f3 la importancia de una plataforma modular, que no solo facilite la integraci\u00f3n de tecnolog\u00edas avanzadas, sino que tambi\u00e9n contribuya a la reducci\u00f3n de costos y al escalamiento eficiente de la producci\u00f3n.<\/span><\/p>\n<p><img loading=\"lazy\" decoding=\"async\" class=\" wp-image-173381 alignright\" src=\"https:\/\/www.cetys.mx\/noticias\/wp-content\/uploads\/2023\/06\/Dr-Juan-Andres-Rivera-Santana.jpg\" alt=\"\" width=\"213\" height=\"286\" srcset=\"https:\/\/www.cetys.mx\/noticias\/wp-content\/uploads\/2023\/06\/Dr-Juan-Andres-Rivera-Santana.jpg 1023w, https:\/\/www.cetys.mx\/noticias\/wp-content\/uploads\/2023\/06\/Dr-Juan-Andres-Rivera-Santana-768x1032.jpg 768w\" sizes=\"auto, (max-width: 213px) 100vw, 213px\" \/><\/p>\n<p><span style=\"font-weight: 400;\">Del mismo modo, el Dr. Juan Rivera destac\u00f3 que <strong>el \u00e9xito de Olinia<\/strong> depender\u00e1 en gran medida del desarrollo de una red de\u00a0estaciones de carga eficientes y accesibles. \u201cUna estrategia viable es transformar gasolineras tradicionales en estaciones de carga multifuncionales\u201d, coment\u00f3. Tambi\u00e9n subray\u00f3 que la colaboraci\u00f3n entre el sector p\u00fablico y privado ser\u00e1 fundamental para atraer inversiones y garantizar la transparencia en la gesti\u00f3n de estos puntos de carga.<\/span><\/p>\n<p><span style=\"font-weight: 400;\">Por otra parte, explic\u00f3 que la <strong>fabricaci\u00f3n del chasis<\/strong> de Olinia debe cumplir con est\u00e1ndares internacionales para garantizar seguridad y ligereza. \u201cEl uso de acero de alta resistencia en los pilares y aluminio en componentes como puertas y cap\u00f3 permitir\u00e1 un dise\u00f1o aerodin\u00e1mico y seguro\u201d. Aunque materiales como la fibra de carbono ofrecen ventajas significativas, su costo a\u00fan representa un desaf\u00edo para la producci\u00f3n masiva.<\/span><\/p>\n<p><span style=\"font-weight: 400;\">El lanzamiento de Olinia no solo representa un avance tecnol\u00f3gico, sino tambi\u00e9n una oportunidad de crecimiento para la industria automotriz mexicana. \u201cEste proyecto fortalecer\u00e1 la innovaci\u00f3n tecnol\u00f3gica, generar\u00e1 empleos y contribuir\u00e1 a la reducci\u00f3n de emisiones contaminantes\u201d, afirm\u00f3 el Dr. B\u00e1saca, quien a su vez destac\u00f3 que seg\u00fan datos de la Asociaci\u00f3n Mexicana de la Industria Automotriz (AMIA), el sector automotriz representa el 4% del PIB nacional y el 20% del PIB manufacturero, lo que subraya la importancia de iniciativas como esta para el desarrollo econ\u00f3mico del pa\u00eds.<\/span><\/p>\n<p><span style=\"font-weight: 400;\">Si Olinia logra superar los retos de infraestructura, costos de producci\u00f3n y adopci\u00f3n de tecnolog\u00edas eficientes, podr\u00eda consolidarse como un referente en la movilidad el\u00e9ctrica y colocar a M\u00e9xico en la vanguardia de la industria automotriz global. Asimismo, al innovar en la gesti\u00f3n de bater\u00edas y la optimizaci\u00f3n energ\u00e9tica, junto con la colaboraci\u00f3n estrat\u00e9gica entre el sector p\u00fablico y privado, potenciar\u00e1 el impacto de Olinia para impulsar una transici\u00f3n real hacia una electromovilidad sustentable, generando beneficios significativos tanto para la econom\u00eda como para el medio ambiente, concluyeron los acad\u00e9micos.<\/span><\/p>\n","protected":false},"excerpt":{"rendered":"<p>La primera automotriz el\u00e9ctrica mexicana promete transformar la industria con tecnolog\u00eda avanzada y precios accesibles. Expertos CETYS analizan los retos y oportunidades&#8230;<\/p>\n","protected":false},"author":20,"featured_media":211290,"comment_status":"open","ping_status":"closed","sticky":false,"template":"","format":"standard","meta":{"footnotes":""},"categories":[133,4579,1850,3656,125,306,1710,313],"tags":[1622,398,178,1161],"class_list":["post-211288","post","type-post","status-publish","format-standard","has-post-thumbnail","hentry","category-campus-mexicali","category-expertos-cetys","category-ingenieria","category-investigacion","category-portada","category-profesional","category-profesorado","category-vocetys-2","tag-campusmexicali","tag-docentes","tag-investigacion","tag-mecanica"],"yoast_head":"<!-- This site is optimized with the Yoast SEO plugin v27.4 - https:\/\/yoast.com\/product\/yoast-seo-wordpress\/ -->\n<title>Olinia: \u00bfQu\u00e9 esperar de la primera automotriz el\u00e9ctrica mexicana? - CETYS<\/title>\n<meta name=\"description\" content=\"Articulo sobre Olinia: \u00bfQu\u00e9 esperar de la primera automotriz el\u00e9ctrica mexicana?\" \/>\n<meta name=\"robots\" content=\"index, follow, max-snippet:-1, max-image-preview:large, max-video-preview:-1\" \/>\n<link rel=\"canonical\" href=\"https:\/\/www.cetys.mx\/noticias\/olinia-que-esperar-de-la-primera-automotriz-electrica-mexicana\/\" \/>\n<meta property=\"og:locale\" content=\"es_MX\" \/>\n<meta property=\"og:type\" content=\"article\" \/>\n<meta property=\"og:title\" content=\"Olinia: \u00bfQu\u00e9 esperar de la primera automotriz el\u00e9ctrica mexicana? - CETYS\" \/>\n<meta property=\"og:description\" content=\"Articulo sobre Olinia: \u00bfQu\u00e9 esperar de la primera automotriz el\u00e9ctrica mexicana?\" \/>\n<meta property=\"og:url\" content=\"https:\/\/www.cetys.mx\/noticias\/olinia-que-esperar-de-la-primera-automotriz-electrica-mexicana\/\" \/>\n<meta property=\"og:site_name\" content=\"CETYS\" \/>\n<meta property=\"article:publisher\" content=\"https:\/\/www.facebook.com\/cetysuniversidadmxl\/\" \/>\n<meta property=\"article:published_time\" content=\"2025-04-02T16:00:08+00:00\" \/>\n<meta property=\"article:modified_time\" content=\"2025-04-02T16:46:27+00:00\" \/>\n<meta property=\"og:image\" content=\"https:\/\/www.cetys.mx\/noticias\/wp-content\/uploads\/2025\/04\/OLINIA.jpg\" \/>\n\t<meta property=\"og:image:width\" content=\"958\" \/>\n\t<meta property=\"og:image:height\" content=\"639\" \/>\n\t<meta property=\"og:image:type\" content=\"image\/jpeg\" \/>\n<meta name=\"author\" content=\"Campus Mexicali\" \/>\n<meta name=\"twitter:card\" content=\"summary_large_image\" \/>\n<meta name=\"twitter:creator\" content=\"@cetysuni\" \/>\n<meta name=\"twitter:site\" content=\"@cetysuni\" \/>\n<meta name=\"twitter:label1\" content=\"Escrito por\" \/>\n\t<meta name=\"twitter:data1\" content=\"Campus Mexicali\" \/>\n\t<meta name=\"twitter:label2\" content=\"Tiempo de lectura\" \/>\n\t<meta name=\"twitter:data2\" content=\"3 minutos\" \/>\n<script type=\"application\/ld+json\" class=\"yoast-schema-graph\">{\"@context\":\"https:\\\/\\\/schema.org\",\"@graph\":[{\"@type\":\"Article\",\"@id\":\"https:\\\/\\\/www.cetys.mx\\\/noticias\\\/olinia-que-esperar-de-la-primera-automotriz-electrica-mexicana\\\/#article\",\"isPartOf\":{\"@id\":\"https:\\\/\\\/www.cetys.mx\\\/noticias\\\/olinia-que-esperar-de-la-primera-automotriz-electrica-mexicana\\\/\"},\"author\":{\"name\":\"Campus Mexicali\",\"@id\":\"https:\\\/\\\/www.cetys.mx\\\/noticias\\\/#\\\/schema\\\/person\\\/79a95c4ac185f3705cf1b9c9340a5f70\"},\"headline\":\"Olinia: \u00bfQu\u00e9 esperar de la primera automotriz el\u00e9ctrica mexicana?\",\"datePublished\":\"2025-04-02T16:00:08+00:00\",\"dateModified\":\"2025-04-02T16:46:27+00:00\",\"mainEntityOfPage\":{\"@id\":\"https:\\\/\\\/www.cetys.mx\\\/noticias\\\/olinia-que-esperar-de-la-primera-automotriz-electrica-mexicana\\\/\"},\"wordCount\":703,\"commentCount\":0,\"image\":{\"@id\":\"https:\\\/\\\/www.cetys.mx\\\/noticias\\\/olinia-que-esperar-de-la-primera-automotriz-electrica-mexicana\\\/#primaryimage\"},\"thumbnailUrl\":\"https:\\\/\\\/www.cetys.mx\\\/noticias\\\/wp-content\\\/uploads\\\/2025\\\/04\\\/OLINIA.jpg\",\"keywords\":[\"campusmexicali\",\"Docentes\",\"investigaci\u00f3n\",\"Mec\u00e1nica\"],\"articleSection\":[\"Campus Mexicali\",\"Expertos CETYS\",\"Ingenier\u00eda\",\"Investigaci\u00f3n\",\"Portada\",\"Profesional\",\"Profesorado\",\"VoCETYS\"],\"inLanguage\":\"es\",\"potentialAction\":[{\"@type\":\"CommentAction\",\"name\":\"Comment\",\"target\":[\"https:\\\/\\\/www.cetys.mx\\\/noticias\\\/olinia-que-esperar-de-la-primera-automotriz-electrica-mexicana\\\/#respond\"]}]},{\"@type\":\"WebPage\",\"@id\":\"https:\\\/\\\/www.cetys.mx\\\/noticias\\\/olinia-que-esperar-de-la-primera-automotriz-electrica-mexicana\\\/\",\"url\":\"https:\\\/\\\/www.cetys.mx\\\/noticias\\\/olinia-que-esperar-de-la-primera-automotriz-electrica-mexicana\\\/\",\"name\":\"Olinia: \u00bfQu\u00e9 esperar de la primera automotriz el\u00e9ctrica mexicana? - CETYS\",\"isPartOf\":{\"@id\":\"https:\\\/\\\/www.cetys.mx\\\/noticias\\\/#website\"},\"primaryImageOfPage\":{\"@id\":\"https:\\\/\\\/www.cetys.mx\\\/noticias\\\/olinia-que-esperar-de-la-primera-automotriz-electrica-mexicana\\\/#primaryimage\"},\"image\":{\"@id\":\"https:\\\/\\\/www.cetys.mx\\\/noticias\\\/olinia-que-esperar-de-la-primera-automotriz-electrica-mexicana\\\/#primaryimage\"},\"thumbnailUrl\":\"https:\\\/\\\/www.cetys.mx\\\/noticias\\\/wp-content\\\/uploads\\\/2025\\\/04\\\/OLINIA.jpg\",\"datePublished\":\"2025-04-02T16:00:08+00:00\",\"dateModified\":\"2025-04-02T16:46:27+00:00\",\"author\":{\"@id\":\"https:\\\/\\\/www.cetys.mx\\\/noticias\\\/#\\\/schema\\\/person\\\/79a95c4ac185f3705cf1b9c9340a5f70\"},\"description\":\"Articulo sobre Olinia: \u00bfQu\u00e9 esperar de la primera automotriz el\u00e9ctrica mexicana?\",\"breadcrumb\":{\"@id\":\"https:\\\/\\\/www.cetys.mx\\\/noticias\\\/olinia-que-esperar-de-la-primera-automotriz-electrica-mexicana\\\/#breadcrumb\"},\"inLanguage\":\"es\",\"potentialAction\":[{\"@type\":\"ReadAction\",\"target\":[\"https:\\\/\\\/www.cetys.mx\\\/noticias\\\/olinia-que-esperar-de-la-primera-automotriz-electrica-mexicana\\\/\"]}]},{\"@type\":\"ImageObject\",\"inLanguage\":\"es\",\"@id\":\"https:\\\/\\\/www.cetys.mx\\\/noticias\\\/olinia-que-esperar-de-la-primera-automotriz-electrica-mexicana\\\/#primaryimage\",\"url\":\"https:\\\/\\\/www.cetys.mx\\\/noticias\\\/wp-content\\\/uploads\\\/2025\\\/04\\\/OLINIA.jpg\",\"contentUrl\":\"https:\\\/\\\/www.cetys.mx\\\/noticias\\\/wp-content\\\/uploads\\\/2025\\\/04\\\/OLINIA.jpg\",\"width\":958,\"height\":639},{\"@type\":\"BreadcrumbList\",\"@id\":\"https:\\\/\\\/www.cetys.mx\\\/noticias\\\/olinia-que-esperar-de-la-primera-automotriz-electrica-mexicana\\\/#breadcrumb\",\"itemListElement\":[{\"@type\":\"ListItem\",\"position\":1,\"name\":\"Inicio\",\"item\":\"https:\\\/\\\/www.cetys.mx\\\/noticias\\\/\"},{\"@type\":\"ListItem\",\"position\":2,\"name\":\"Olinia: \u00bfQu\u00e9 esperar de la primera automotriz el\u00e9ctrica mexicana?\"}]},{\"@type\":\"WebSite\",\"@id\":\"https:\\\/\\\/www.cetys.mx\\\/noticias\\\/#website\",\"url\":\"https:\\\/\\\/www.cetys.mx\\\/noticias\\\/\",\"name\":\"CETYS\",\"description\":\"\",\"potentialAction\":[{\"@type\":\"SearchAction\",\"target\":{\"@type\":\"EntryPoint\",\"urlTemplate\":\"https:\\\/\\\/www.cetys.mx\\\/noticias\\\/?s={search_term_string}\"},\"query-input\":{\"@type\":\"PropertyValueSpecification\",\"valueRequired\":true,\"valueName\":\"search_term_string\"}}],\"inLanguage\":\"es\"},{\"@type\":\"Person\",\"@id\":\"https:\\\/\\\/www.cetys.mx\\\/noticias\\\/#\\\/schema\\\/person\\\/79a95c4ac185f3705cf1b9c9340a5f70\",\"name\":\"Campus Mexicali\",\"url\":\"https:\\\/\\\/www.cetys.mx\\\/noticias\\\/author\\\/campusmexicali\\\/\"}]}<\/script>\n<!-- \/ Yoast SEO plugin. -->","yoast_head_json":{"title":"Olinia: \u00bfQu\u00e9 esperar de la primera automotriz el\u00e9ctrica mexicana? - CETYS","description":"Articulo sobre Olinia: \u00bfQu\u00e9 esperar de la primera automotriz el\u00e9ctrica mexicana?","robots":{"index":"index","follow":"follow","max-snippet":"max-snippet:-1","max-image-preview":"max-image-preview:large","max-video-preview":"max-video-preview:-1"},"canonical":"https:\/\/www.cetys.mx\/noticias\/olinia-que-esperar-de-la-primera-automotriz-electrica-mexicana\/","og_locale":"es_MX","og_type":"article","og_title":"Olinia: \u00bfQu\u00e9 esperar de la primera automotriz el\u00e9ctrica mexicana? - CETYS","og_description":"Articulo sobre Olinia: \u00bfQu\u00e9 esperar de la primera automotriz el\u00e9ctrica mexicana?","og_url":"https:\/\/www.cetys.mx\/noticias\/olinia-que-esperar-de-la-primera-automotriz-electrica-mexicana\/","og_site_name":"CETYS","article_publisher":"https:\/\/www.facebook.com\/cetysuniversidadmxl\/","article_published_time":"2025-04-02T16:00:08+00:00","article_modified_time":"2025-04-02T16:46:27+00:00","og_image":[{"width":958,"height":639,"url":"https:\/\/www.cetys.mx\/noticias\/wp-content\/uploads\/2025\/04\/OLINIA.jpg","type":"image\/jpeg"}],"author":"Campus Mexicali","twitter_card":"summary_large_image","twitter_creator":"@cetysuni","twitter_site":"@cetysuni","twitter_misc":{"Escrito por":"Campus Mexicali","Tiempo de lectura":"3 minutos"},"schema":{"@context":"https:\/\/schema.org","@graph":[{"@type":"Article","@id":"https:\/\/www.cetys.mx\/noticias\/olinia-que-esperar-de-la-primera-automotriz-electrica-mexicana\/#article","isPartOf":{"@id":"https:\/\/www.cetys.mx\/noticias\/olinia-que-esperar-de-la-primera-automotriz-electrica-mexicana\/"},"author":{"name":"Campus Mexicali","@id":"https:\/\/www.cetys.mx\/noticias\/#\/schema\/person\/79a95c4ac185f3705cf1b9c9340a5f70"},"headline":"Olinia: \u00bfQu\u00e9 esperar de la primera automotriz el\u00e9ctrica mexicana?","datePublished":"2025-04-02T16:00:08+00:00","dateModified":"2025-04-02T16:46:27+00:00","mainEntityOfPage":{"@id":"https:\/\/www.cetys.mx\/noticias\/olinia-que-esperar-de-la-primera-automotriz-electrica-mexicana\/"},"wordCount":703,"commentCount":0,"image":{"@id":"https:\/\/www.cetys.mx\/noticias\/olinia-que-esperar-de-la-primera-automotriz-electrica-mexicana\/#primaryimage"},"thumbnailUrl":"https:\/\/www.cetys.mx\/noticias\/wp-content\/uploads\/2025\/04\/OLINIA.jpg","keywords":["campusmexicali","Docentes","investigaci\u00f3n","Mec\u00e1nica"],"articleSection":["Campus Mexicali","Expertos CETYS","Ingenier\u00eda","Investigaci\u00f3n","Portada","Profesional","Profesorado","VoCETYS"],"inLanguage":"es","potentialAction":[{"@type":"CommentAction","name":"Comment","target":["https:\/\/www.cetys.mx\/noticias\/olinia-que-esperar-de-la-primera-automotriz-electrica-mexicana\/#respond"]}]},{"@type":"WebPage","@id":"https:\/\/www.cetys.mx\/noticias\/olinia-que-esperar-de-la-primera-automotriz-electrica-mexicana\/","url":"https:\/\/www.cetys.mx\/noticias\/olinia-que-esperar-de-la-primera-automotriz-electrica-mexicana\/","name":"Olinia: \u00bfQu\u00e9 esperar de la primera automotriz el\u00e9ctrica mexicana? - CETYS","isPartOf":{"@id":"https:\/\/www.cetys.mx\/noticias\/#website"},"primaryImageOfPage":{"@id":"https:\/\/www.cetys.mx\/noticias\/olinia-que-esperar-de-la-primera-automotriz-electrica-mexicana\/#primaryimage"},"image":{"@id":"https:\/\/www.cetys.mx\/noticias\/olinia-que-esperar-de-la-primera-automotriz-electrica-mexicana\/#primaryimage"},"thumbnailUrl":"https:\/\/www.cetys.mx\/noticias\/wp-content\/uploads\/2025\/04\/OLINIA.jpg","datePublished":"2025-04-02T16:00:08+00:00","dateModified":"2025-04-02T16:46:27+00:00","author":{"@id":"https:\/\/www.cetys.mx\/noticias\/#\/schema\/person\/79a95c4ac185f3705cf1b9c9340a5f70"},"description":"Articulo sobre Olinia: \u00bfQu\u00e9 esperar de la primera automotriz el\u00e9ctrica mexicana?","breadcrumb":{"@id":"https:\/\/www.cetys.mx\/noticias\/olinia-que-esperar-de-la-primera-automotriz-electrica-mexicana\/#breadcrumb"},"inLanguage":"es","potentialAction":[{"@type":"ReadAction","target":["https:\/\/www.cetys.mx\/noticias\/olinia-que-esperar-de-la-primera-automotriz-electrica-mexicana\/"]}]},{"@type":"ImageObject","inLanguage":"es","@id":"https:\/\/www.cetys.mx\/noticias\/olinia-que-esperar-de-la-primera-automotriz-electrica-mexicana\/#primaryimage","url":"https:\/\/www.cetys.mx\/noticias\/wp-content\/uploads\/2025\/04\/OLINIA.jpg","contentUrl":"https:\/\/www.cetys.mx\/noticias\/wp-content\/uploads\/2025\/04\/OLINIA.jpg","width":958,"height":639},{"@type":"BreadcrumbList","@id":"https:\/\/www.cetys.mx\/noticias\/olinia-que-esperar-de-la-primera-automotriz-electrica-mexicana\/#breadcrumb","itemListElement":[{"@type":"ListItem","position":1,"name":"Inicio","item":"https:\/\/www.cetys.mx\/noticias\/"},{"@type":"ListItem","position":2,"name":"Olinia: \u00bfQu\u00e9 esperar de la primera automotriz el\u00e9ctrica mexicana?"}]},{"@type":"WebSite","@id":"https:\/\/www.cetys.mx\/noticias\/#website","url":"https:\/\/www.cetys.mx\/noticias\/","name":"CETYS","description":"","potentialAction":[{"@type":"SearchAction","target":{"@type":"EntryPoint","urlTemplate":"https:\/\/www.cetys.mx\/noticias\/?s={search_term_string}"},"query-input":{"@type":"PropertyValueSpecification","valueRequired":true,"valueName":"search_term_string"}}],"inLanguage":"es"},{"@type":"Person","@id":"https:\/\/www.cetys.mx\/noticias\/#\/schema\/person\/79a95c4ac185f3705cf1b9c9340a5f70","name":"Campus Mexicali","url":"https:\/\/www.cetys.mx\/noticias\/author\/campusmexicali\/"}]}},"_links":{"self":[{"href":"https:\/\/www.cetys.mx\/noticias\/wp-json\/wp\/v2\/posts\/211288","targetHints":{"allow":["GET"]}}],"collection":[{"href":"https:\/\/www.cetys.mx\/noticias\/wp-json\/wp\/v2\/posts"}],"about":[{"href":"https:\/\/www.cetys.mx\/noticias\/wp-json\/wp\/v2\/types\/post"}],"author":[{"embeddable":true,"href":"https:\/\/www.cetys.mx\/noticias\/wp-json\/wp\/v2\/users\/20"}],"replies":[{"embeddable":true,"href":"https:\/\/www.cetys.mx\/noticias\/wp-json\/wp\/v2\/comments?post=211288"}],"version-history":[{"count":4,"href":"https:\/\/www.cetys.mx\/noticias\/wp-json\/wp\/v2\/posts\/211288\/revisions"}],"predecessor-version":[{"id":211300,"href":"https:\/\/www.cetys.mx\/noticias\/wp-json\/wp\/v2\/posts\/211288\/revisions\/211300"}],"wp:featuredmedia":[{"embeddable":true,"href":"https:\/\/www.cetys.mx\/noticias\/wp-json\/wp\/v2\/media\/211290"}],"wp:attachment":[{"href":"https:\/\/www.cetys.mx\/noticias\/wp-json\/wp\/v2\/media?parent=211288"}],"wp:term":[{"taxonomy":"category","embeddable":true,"href":"https:\/\/www.cetys.mx\/noticias\/wp-json\/wp\/v2\/categories?post=211288"},{"taxonomy":"post_tag","embeddable":true,"href":"https:\/\/www.cetys.mx\/noticias\/wp-json\/wp\/v2\/tags?post=211288"}],"curies":[{"name":"wp","href":"https:\/\/api.w.org\/{rel}","templated":true}]}}