{"id":210320,"date":"2025-03-07T18:51:55","date_gmt":"2025-03-08T02:51:55","guid":{"rendered":"https:\/\/www.cetys.mx\/noticias\/?p=210320"},"modified":"2025-03-07T18:52:38","modified_gmt":"2025-03-08T02:52:38","slug":"jovenes-de-preparatoria-de-mexico-y-de-eua-se-reunen-en-cetys-para-desarrollar-habilidades-sobre-diplomacia-y-relaciones-binacionales","status":"publish","type":"post","link":"https:\/\/www.cetys.mx\/noticias\/jovenes-de-preparatoria-de-mexico-y-de-eua-se-reunen-en-cetys-para-desarrollar-habilidades-sobre-diplomacia-y-relaciones-binacionales\/","title":{"rendered":"J\u00f3venes de Preparatoria de M\u00e9xico y de EUA se re\u00fanen en CETYS para desarrollar habilidades sobre diplomacia y relaciones binacionales"},"content":{"rendered":"<p><span style=\"font-weight: 400;\">Estudiantes de preparatoria, tanto de los tres campus de CETYS y distintas escuelas de Baja California, convivieron con alumnos de High School de San Diego, en la segunda Cumbre Binacional de Liderazgo Juvenil (Binational Youth Summit). Este evento se llev\u00f3 a cabo en las instalaciones de CETYS Universidad Campus Tijuana y tiene como objetivo que los j\u00f3venes aprendan y desarrollen habilidades en asuntos internacionales, diplomacia y relaciones binacionales, prepar\u00e1ndolos para convertirse en los pr\u00f3ximos l\u00edderes globales.<\/span><\/p>\n<p><span style=\"font-weight: 400;\">Durante la inauguraci\u00f3n, el Dr. Fernando Le\u00f3n Garc\u00eda, Rector del Sistema CETYS Universidad, destac\u00f3 la importancia de realizar ejercicios que fortalezcan los lazos entre los j\u00f3venes de ambos lados de la frontera, fomentando la diversidad en el liderazgo, el empoderamiento juvenil y la creaci\u00f3n de conexiones significativas.<\/span><\/p>\n<p><span style=\"font-weight: 400;\">\u201cEste esfuerzo, que comenz\u00f3 el a\u00f1o pasado del lado americano por el Consejo de Diplomacia de San Diego (<\/span><a href=\"https:\/\/sandiegodiplomacy.org\/about\/\"><span style=\"font-weight: 400;\">San Diego Diplomacy Council<\/span><\/a><span style=\"font-weight: 400;\">), busca generar espacios de interacci\u00f3n entre j\u00f3venes de ambos lados de la frontera para analizar los retos actuales y el papel de la juventud en su soluci\u00f3n. Donde existen diferencias, hay oportunidades para comprenderlas y trabajar en cerrar esas brechas\u201d, mencion\u00f3.<\/span><\/p>\n<p><span style=\"font-weight: 400;\">El evento cont\u00f3 con la presencia de Christopher Teal, C\u00f3nsul de Estados Unidos en Tijuana, quien agradeci\u00f3 a la comunidad mexicana por recibir a los estudiantes de San Diego.<\/span><\/p>\n<p><span style=\"font-weight: 400;\">Tambi\u00e9n asisti\u00f3 la Embajadora Alicia Kerber Palma, C\u00f3nsul General de M\u00e9xico en San Diego, quien motiv\u00f3 a los j\u00f3venes a aprovechar las redes de liderazgo que surgieron en este encuentro anual, destacando que estas conexiones ser\u00e1n herramientas clave en su desarrollo como futuros l\u00edderes. \u201cLos invito a aprender de personas que viven en otros contextos y, en este caso, a hacerlo en beneficio de la regi\u00f3n CaliBaja\u201d.<\/span><\/p>\n<p><span style=\"font-weight: 400;\">Por su parte, Jorge Goytortua, CEO de Cross Border Express (CBX), resalt\u00f3 el impacto de la diplomacia en las relaciones binacionales y su capacidad para generar innovaciones permanentes, como el caso de este cruce fronterizo. Desde su construcci\u00f3n, hace 10 a\u00f1os, CBX ha facilitado el tr\u00e1nsito eficiente de m\u00e1s de 25 millones de usuarios.<\/span><\/p>\n<div class=\"gallery-slider-wrapper gallery-1\">\n                        <div class=\"gallery-slider\" itemscope itemtype=\"http:\/\/schema.org\/ImageGallery\"><figure class=\"slide\" itemprop=\"associatedMedia\" itemscope itemtype=\"http:\/\/schema.org\/ImageObject\">\n                    <a itemprop=\"contentUrl\" href=\"https:\/\/www.cetys.mx\/noticias\/wp-content\/uploads\/2025\/03\/cumbre-binacional-de-liderazgo-estudiantil-en-cetys-tijuana-01.jpg\">\n                        <img decoding=\"async\" itemprop=\"thumbnail\" class=\"lazyOwl\" src=\"https:\/\/www.cetys.mx\/noticias\/wp-content\/plugins\/jmagz-plugin\/assets\/placeholder\/900x450.png\" data-src=\"https:\/\/www.cetys.mx\/noticias\/wp-content\/uploads\/2025\/03\/cumbre-binacional-de-liderazgo-estudiantil-en-cetys-tijuana-01.jpg\" alt=\"cumbre-binacional-de-liderazgo-estudiantil-en-cetys-tijuana-01\">\n                    <\/a>\n                    <figcaption itemprop=\"caption description\" class=\"slide-caption\">\n                        \n                    <\/figcaption>\n                <\/figure><figure class=\"slide\" itemprop=\"associatedMedia\" itemscope itemtype=\"http:\/\/schema.org\/ImageObject\">\n                    <a itemprop=\"contentUrl\" href=\"https:\/\/www.cetys.mx\/noticias\/wp-content\/uploads\/2025\/03\/fernando-leon-garcia-en-cumbre-binacional-liderazgo-estudiantil-en-cetys.jpg\">\n                        <img decoding=\"async\" itemprop=\"thumbnail\" class=\"lazyOwl\" src=\"https:\/\/www.cetys.mx\/noticias\/wp-content\/plugins\/jmagz-plugin\/assets\/placeholder\/900x450.png\" data-src=\"https:\/\/www.cetys.mx\/noticias\/wp-content\/uploads\/2025\/03\/fernando-leon-garcia-en-cumbre-binacional-liderazgo-estudiantil-en-cetys.jpg\" alt=\"fernando-leon-garcia-en-cumbre-binacional-liderazgo-estudiantil-en-cetys\">\n                    <\/a>\n                    <figcaption itemprop=\"caption description\" class=\"slide-caption\">\n                        \n                    <\/figcaption>\n                <\/figure><figure class=\"slide\" itemprop=\"associatedMedia\" itemscope itemtype=\"http:\/\/schema.org\/ImageObject\">\n                    <a itemprop=\"contentUrl\" href=\"https:\/\/www.cetys.mx\/noticias\/wp-content\/uploads\/2025\/03\/cumbre-binacional-de-liderazgo-estudiantil-en-cetys-tijuana-02.jpg\">\n                        <img decoding=\"async\" itemprop=\"thumbnail\" class=\"lazyOwl\" src=\"https:\/\/www.cetys.mx\/noticias\/wp-content\/plugins\/jmagz-plugin\/assets\/placeholder\/900x450.png\" data-src=\"https:\/\/www.cetys.mx\/noticias\/wp-content\/uploads\/2025\/03\/cumbre-binacional-de-liderazgo-estudiantil-en-cetys-tijuana-02.jpg\" alt=\"cumbre-binacional-de-liderazgo-estudiantil-en-cetys-tijuana-02\">\n                    <\/a>\n                    <figcaption itemprop=\"caption description\" class=\"slide-caption\">\n                        \n                    <\/figcaption>\n                <\/figure><figure class=\"slide\" itemprop=\"associatedMedia\" itemscope itemtype=\"http:\/\/schema.org\/ImageObject\">\n                    <a itemprop=\"contentUrl\" href=\"https:\/\/www.cetys.mx\/noticias\/wp-content\/uploads\/2025\/03\/cumbre-binacional-de-liderazgo-estudiantil-en-cetys-tijuana-ceo-cbx.jpg\">\n                        <img decoding=\"async\" itemprop=\"thumbnail\" class=\"lazyOwl\" src=\"https:\/\/www.cetys.mx\/noticias\/wp-content\/plugins\/jmagz-plugin\/assets\/placeholder\/900x450.png\" data-src=\"https:\/\/www.cetys.mx\/noticias\/wp-content\/uploads\/2025\/03\/cumbre-binacional-de-liderazgo-estudiantil-en-cetys-tijuana-ceo-cbx.jpg\" alt=\"cumbre-binacional-de-liderazgo-estudiantil-en-cetys-tijuana-ceo-cbx\">\n                    <\/a>\n                    <figcaption itemprop=\"caption description\" class=\"slide-caption\">\n                        \n                    <\/figcaption>\n                <\/figure><figure class=\"slide\" itemprop=\"associatedMedia\" itemscope itemtype=\"http:\/\/schema.org\/ImageObject\">\n                    <a itemprop=\"contentUrl\" href=\"https:\/\/www.cetys.mx\/noticias\/wp-content\/uploads\/2025\/03\/cumbre-binacional-de-liderazgo-estudiantil-en-cetys-tijuana.jpg\">\n                        <img decoding=\"async\" itemprop=\"thumbnail\" class=\"lazyOwl\" src=\"https:\/\/www.cetys.mx\/noticias\/wp-content\/plugins\/jmagz-plugin\/assets\/placeholder\/900x450.png\" data-src=\"https:\/\/www.cetys.mx\/noticias\/wp-content\/uploads\/2025\/03\/cumbre-binacional-de-liderazgo-estudiantil-en-cetys-tijuana.jpg\" alt=\"cumbre-binacional-de-liderazgo-estudiantil-en-cetys-tijuana\">\n                    <\/a>\n                    <figcaption itemprop=\"caption description\" class=\"slide-caption\">\n                        \n                    <\/figcaption>\n                <\/figure><figure class=\"slide\" itemprop=\"associatedMedia\" itemscope itemtype=\"http:\/\/schema.org\/ImageObject\">\n                    <a itemprop=\"contentUrl\" href=\"https:\/\/www.cetys.mx\/noticias\/wp-content\/uploads\/2025\/03\/cumbre-binacional-de-liderazgo-estudiantil-en-cetys-tijuana-05.jpg\">\n                        <img decoding=\"async\" itemprop=\"thumbnail\" class=\"lazyOwl\" src=\"https:\/\/www.cetys.mx\/noticias\/wp-content\/plugins\/jmagz-plugin\/assets\/placeholder\/900x450.png\" data-src=\"https:\/\/www.cetys.mx\/noticias\/wp-content\/uploads\/2025\/03\/cumbre-binacional-de-liderazgo-estudiantil-en-cetys-tijuana-05.jpg\" alt=\"cumbre-binacional-de-liderazgo-estudiantil-en-cetys-tijuana-05\">\n                    <\/a>\n                    <figcaption itemprop=\"caption description\" class=\"slide-caption\">\n                        \n                    <\/figcaption>\n                <\/figure><figure class=\"slide\" itemprop=\"associatedMedia\" itemscope itemtype=\"http:\/\/schema.org\/ImageObject\">\n                    <a itemprop=\"contentUrl\" href=\"https:\/\/www.cetys.mx\/noticias\/wp-content\/uploads\/2025\/03\/cumbre-binacional-de-liderazgo-estudiantil-en-cetys-tijuana-04.jpg\">\n                        <img decoding=\"async\" itemprop=\"thumbnail\" class=\"lazyOwl\" src=\"https:\/\/www.cetys.mx\/noticias\/wp-content\/plugins\/jmagz-plugin\/assets\/placeholder\/900x450.png\" data-src=\"https:\/\/www.cetys.mx\/noticias\/wp-content\/uploads\/2025\/03\/cumbre-binacional-de-liderazgo-estudiantil-en-cetys-tijuana-04.jpg\" alt=\"cumbre-binacional-de-liderazgo-estudiantil-en-cetys-tijuana-04\">\n                    <\/a>\n                    <figcaption itemprop=\"caption description\" class=\"slide-caption\">\n                        \n                    <\/figcaption>\n                <\/figure><figure class=\"slide\" itemprop=\"associatedMedia\" itemscope itemtype=\"http:\/\/schema.org\/ImageObject\">\n                    <a itemprop=\"contentUrl\" href=\"https:\/\/www.cetys.mx\/noticias\/wp-content\/uploads\/2025\/03\/visita-embajadora-alicia-kerber-en-cetys-tijuana.jpg\">\n                        <img decoding=\"async\" itemprop=\"thumbnail\" class=\"lazyOwl\" src=\"https:\/\/www.cetys.mx\/noticias\/wp-content\/plugins\/jmagz-plugin\/assets\/placeholder\/900x450.png\" data-src=\"https:\/\/www.cetys.mx\/noticias\/wp-content\/uploads\/2025\/03\/visita-embajadora-alicia-kerber-en-cetys-tijuana.jpg\" alt=\"visita-embajadora-alicia-kerber-en-cetys-tijuana\">\n                    <\/a>\n                    <figcaption itemprop=\"caption description\" class=\"slide-caption\">\n                        \n                    <\/figcaption>\n                <\/figure><figure class=\"slide\" itemprop=\"associatedMedia\" itemscope itemtype=\"http:\/\/schema.org\/ImageObject\">\n                    <a itemprop=\"contentUrl\" href=\"https:\/\/www.cetys.mx\/noticias\/wp-content\/uploads\/2025\/03\/cumbre-binacional-de-liderazgo-estudiantil-en-cetys-tijuana-03.jpg\">\n                        <img decoding=\"async\" itemprop=\"thumbnail\" class=\"lazyOwl\" src=\"https:\/\/www.cetys.mx\/noticias\/wp-content\/plugins\/jmagz-plugin\/assets\/placeholder\/900x450.png\" data-src=\"https:\/\/www.cetys.mx\/noticias\/wp-content\/uploads\/2025\/03\/cumbre-binacional-de-liderazgo-estudiantil-en-cetys-tijuana-03.jpg\" alt=\"cumbre-binacional-de-liderazgo-estudiantil-en-cetys-tijuana-03\">\n                    <\/a>\n                    <figcaption itemprop=\"caption description\" class=\"slide-caption\">\n                        \n                    <\/figcaption>\n                <\/figure><figure class=\"slide\" itemprop=\"associatedMedia\" itemscope itemtype=\"http:\/\/schema.org\/ImageObject\">\n                    <a itemprop=\"contentUrl\" href=\"https:\/\/www.cetys.mx\/noticias\/wp-content\/uploads\/2025\/03\/embajadora-alicia-kerber-en-cetys-tijuana.jpg\">\n                        <img decoding=\"async\" itemprop=\"thumbnail\" class=\"lazyOwl\" src=\"https:\/\/www.cetys.mx\/noticias\/wp-content\/plugins\/jmagz-plugin\/assets\/placeholder\/900x450.png\" data-src=\"https:\/\/www.cetys.mx\/noticias\/wp-content\/uploads\/2025\/03\/embajadora-alicia-kerber-en-cetys-tijuana.jpg\" alt=\"embajadora-alicia-kerber-en-cetys-tijuana\">\n                    <\/a>\n                    <figcaption itemprop=\"caption description\" class=\"slide-caption\">\n                        \n                    <\/figcaption>\n                <\/figure><figure class=\"slide\" itemprop=\"associatedMedia\" itemscope itemtype=\"http:\/\/schema.org\/ImageObject\">\n                    <a itemprop=\"contentUrl\" href=\"https:\/\/www.cetys.mx\/noticias\/wp-content\/uploads\/2025\/03\/clausura-cumbre-binacional-de-liderazgo-estudiantil.jpg\">\n                        <img decoding=\"async\" itemprop=\"thumbnail\" class=\"lazyOwl\" src=\"https:\/\/www.cetys.mx\/noticias\/wp-content\/plugins\/jmagz-plugin\/assets\/placeholder\/900x450.png\" data-src=\"https:\/\/www.cetys.mx\/noticias\/wp-content\/uploads\/2025\/03\/clausura-cumbre-binacional-de-liderazgo-estudiantil.jpg\" alt=\"clausura-cumbre-binacional-de-liderazgo-estudiantil\">\n                    <\/a>\n                    <figcaption itemprop=\"caption description\" class=\"slide-caption\">\n                        \n                    <\/figcaption>\n                <\/figure><\/div>\n                <div class=\"gallery-slider-thumbnail-wrapper\">\n                    <div class=\"gallery-slider-thumbnail\"><div class=\"slide-thumbnail\"><img decoding=\"async\" class=\"lazyOwl\" src=\"https:\/\/www.cetys.mx\/noticias\/wp-content\/plugins\/jmagz-plugin\/assets\/placeholder\/150x75.png\" data-src=\"https:\/\/www.cetys.mx\/noticias\/wp-content\/uploads\/2025\/03\/cumbre-binacional-de-liderazgo-estudiantil-en-cetys-tijuana-01.jpg\" alt=\"cumbre-binacional-de-liderazgo-estudiantil-en-cetys-tijuana-01\"><\/div><div class=\"slide-thumbnail\"><img decoding=\"async\" class=\"lazyOwl\" src=\"https:\/\/www.cetys.mx\/noticias\/wp-content\/plugins\/jmagz-plugin\/assets\/placeholder\/150x75.png\" data-src=\"https:\/\/www.cetys.mx\/noticias\/wp-content\/uploads\/2025\/03\/fernando-leon-garcia-en-cumbre-binacional-liderazgo-estudiantil-en-cetys.jpg\" alt=\"fernando-leon-garcia-en-cumbre-binacional-liderazgo-estudiantil-en-cetys\"><\/div><div class=\"slide-thumbnail\"><img decoding=\"async\" class=\"lazyOwl\" src=\"https:\/\/www.cetys.mx\/noticias\/wp-content\/plugins\/jmagz-plugin\/assets\/placeholder\/150x75.png\" data-src=\"https:\/\/www.cetys.mx\/noticias\/wp-content\/uploads\/2025\/03\/cumbre-binacional-de-liderazgo-estudiantil-en-cetys-tijuana-02.jpg\" alt=\"cumbre-binacional-de-liderazgo-estudiantil-en-cetys-tijuana-02\"><\/div><div class=\"slide-thumbnail\"><img decoding=\"async\" class=\"lazyOwl\" src=\"https:\/\/www.cetys.mx\/noticias\/wp-content\/plugins\/jmagz-plugin\/assets\/placeholder\/150x75.png\" data-src=\"https:\/\/www.cetys.mx\/noticias\/wp-content\/uploads\/2025\/03\/cumbre-binacional-de-liderazgo-estudiantil-en-cetys-tijuana-ceo-cbx.jpg\" alt=\"cumbre-binacional-de-liderazgo-estudiantil-en-cetys-tijuana-ceo-cbx\"><\/div><div class=\"slide-thumbnail\"><img decoding=\"async\" class=\"lazyOwl\" src=\"https:\/\/www.cetys.mx\/noticias\/wp-content\/plugins\/jmagz-plugin\/assets\/placeholder\/150x75.png\" data-src=\"https:\/\/www.cetys.mx\/noticias\/wp-content\/uploads\/2025\/03\/cumbre-binacional-de-liderazgo-estudiantil-en-cetys-tijuana.jpg\" alt=\"cumbre-binacional-de-liderazgo-estudiantil-en-cetys-tijuana\"><\/div><div class=\"slide-thumbnail\"><img decoding=\"async\" class=\"lazyOwl\" src=\"https:\/\/www.cetys.mx\/noticias\/wp-content\/plugins\/jmagz-plugin\/assets\/placeholder\/150x75.png\" data-src=\"https:\/\/www.cetys.mx\/noticias\/wp-content\/uploads\/2025\/03\/cumbre-binacional-de-liderazgo-estudiantil-en-cetys-tijuana-05.jpg\" alt=\"cumbre-binacional-de-liderazgo-estudiantil-en-cetys-tijuana-05\"><\/div><div class=\"slide-thumbnail\"><img decoding=\"async\" class=\"lazyOwl\" src=\"https:\/\/www.cetys.mx\/noticias\/wp-content\/plugins\/jmagz-plugin\/assets\/placeholder\/150x75.png\" data-src=\"https:\/\/www.cetys.mx\/noticias\/wp-content\/uploads\/2025\/03\/cumbre-binacional-de-liderazgo-estudiantil-en-cetys-tijuana-04.jpg\" alt=\"cumbre-binacional-de-liderazgo-estudiantil-en-cetys-tijuana-04\"><\/div><div class=\"slide-thumbnail\"><img decoding=\"async\" class=\"lazyOwl\" src=\"https:\/\/www.cetys.mx\/noticias\/wp-content\/plugins\/jmagz-plugin\/assets\/placeholder\/150x75.png\" data-src=\"https:\/\/www.cetys.mx\/noticias\/wp-content\/uploads\/2025\/03\/visita-embajadora-alicia-kerber-en-cetys-tijuana.jpg\" alt=\"visita-embajadora-alicia-kerber-en-cetys-tijuana\"><\/div><div class=\"slide-thumbnail\"><img decoding=\"async\" class=\"lazyOwl\" src=\"https:\/\/www.cetys.mx\/noticias\/wp-content\/plugins\/jmagz-plugin\/assets\/placeholder\/150x75.png\" data-src=\"https:\/\/www.cetys.mx\/noticias\/wp-content\/uploads\/2025\/03\/cumbre-binacional-de-liderazgo-estudiantil-en-cetys-tijuana-03.jpg\" alt=\"cumbre-binacional-de-liderazgo-estudiantil-en-cetys-tijuana-03\"><\/div><div class=\"slide-thumbnail\"><img decoding=\"async\" class=\"lazyOwl\" src=\"https:\/\/www.cetys.mx\/noticias\/wp-content\/plugins\/jmagz-plugin\/assets\/placeholder\/150x75.png\" data-src=\"https:\/\/www.cetys.mx\/noticias\/wp-content\/uploads\/2025\/03\/embajadora-alicia-kerber-en-cetys-tijuana.jpg\" alt=\"embajadora-alicia-kerber-en-cetys-tijuana\"><\/div><div class=\"slide-thumbnail\"><img decoding=\"async\" class=\"lazyOwl\" src=\"https:\/\/www.cetys.mx\/noticias\/wp-content\/plugins\/jmagz-plugin\/assets\/placeholder\/150x75.png\" data-src=\"https:\/\/www.cetys.mx\/noticias\/wp-content\/uploads\/2025\/03\/clausura-cumbre-binacional-de-liderazgo-estudiantil.jpg\" alt=\"clausura-cumbre-binacional-de-liderazgo-estudiantil\"><\/div><\/div><\/div><\/div>\n<p><span style=\"font-weight: 400;\">Los estudiantes participaron en un simulacro de diplomacia interactiva centrada en una crisis internacional del mundo real, en debates con educadores, expertos y pares sobre temas globales. Recibieron capacitacio\u0301n en liderazgo y participacio\u0301n ci\u0301vica, adem\u00e1s de las nuevas amistades logradas.<\/span><\/p>\n<p><span style=\"font-weight: 400;\">\u201cFue una experiencia de alguna forma nueva, muy innovadora, que te permite entender no necesariamente a Estados Unidos, sino la relaci\u00f3n de ambas culturas que son una sinergia a pesar de la frontera\u201d, mencion\u00f3 Jared Iribe Le\u00f3n.<\/span><\/p>\n<p><span style=\"font-weight: 400;\">Por su parte, los docentes participantes formaron conexiones con otros educadores interesados en promover los asuntos internacionales y la diplomacia en sus clases, para fortalecer sus planes de estudio con enfoque global y conocer otras oportunidades para exponer a sus estudiantes a asuntos internacionales.<\/span><\/p>\n<p><span style=\"font-weight: 400;\">Del lado mexicano, participaron alumnos y profesores de la Preparatoria CETYS Campus Tijuana, Mexicali y Ensenada, Colegio Familia, Preparatoria Federal L\u00e1zaro C\u00e1rdenas, CETis 58, Instituto M\u00e9xico Americano Noroeste (IMAN), Instituto Colinas, CECYTE Rosarito, CECYTE El Ni\u00f1o, CECYTE Playas de Tijuana. De San Diego, California, participaron alumnos y docentes de La Jolla Country Day, Pacific Ridge, High Tech High School, San Dieguito High School, Mission Bay High School: Safe Horizons Club.<\/span><\/p>\n","protected":false},"excerpt":{"rendered":"<p>Estudiantes de preparatoria, tanto de los tres campus de CETYS y distintas escuelas de Baja California, convivieron con alumnos de High School&#8230;<\/p>\n","protected":false},"author":24,"featured_media":210322,"comment_status":"open","ping_status":"closed","sticky":false,"template":"","format":"standard","meta":{"footnotes":""},"categories":[209,125,318,147,313],"tags":[916,6479,1622,328,92],"class_list":["post-210320","post","type-post","status-publish","format-standard","has-post-thumbnail","hentry","category-institucional","category-portada","category-preparatoria","category-video","category-vocetys-2","tag-bachilleratointernacional","tag-campusensenada","tag-campusmexicali","tag-campustijuana","tag-preparatoria"],"yoast_head":"<!-- This site is optimized with the Yoast SEO plugin v27.4 - https:\/\/yoast.com\/product\/yoast-seo-wordpress\/ -->\n<title>J\u00f3venes de Preparatoria de M\u00e9xico y de EUA se re\u00fanen en CETYS para desarrollar habilidades sobre diplomacia y relaciones binacionales - CETYS<\/title>\n<meta name=\"description\" content=\"CETYS Universidad Campus Tijuana fue sede de la segunda Cumbre Binacional de Liderazgo Juvenil \/Binational Youth Summit\" \/>\n<meta name=\"robots\" content=\"index, follow, max-snippet:-1, max-image-preview:large, max-video-preview:-1\" \/>\n<link rel=\"canonical\" href=\"https:\/\/www.cetys.mx\/noticias\/jovenes-de-preparatoria-de-mexico-y-de-eua-se-reunen-en-cetys-para-desarrollar-habilidades-sobre-diplomacia-y-relaciones-binacionales\/\" \/>\n<meta property=\"og:locale\" content=\"es_MX\" \/>\n<meta property=\"og:type\" content=\"article\" \/>\n<meta property=\"og:title\" content=\"J\u00f3venes de Preparatoria de M\u00e9xico y de EUA se re\u00fanen en CETYS para desarrollar habilidades sobre diplomacia y relaciones binacionales - CETYS\" \/>\n<meta property=\"og:description\" content=\"CETYS Universidad Campus Tijuana fue sede de la segunda Cumbre Binacional de Liderazgo Juvenil \/Binational Youth Summit\" \/>\n<meta property=\"og:url\" content=\"https:\/\/www.cetys.mx\/noticias\/jovenes-de-preparatoria-de-mexico-y-de-eua-se-reunen-en-cetys-para-desarrollar-habilidades-sobre-diplomacia-y-relaciones-binacionales\/\" \/>\n<meta property=\"og:site_name\" content=\"CETYS\" \/>\n<meta property=\"article:publisher\" content=\"https:\/\/www.facebook.com\/cetysuniversidadmxl\/\" \/>\n<meta property=\"article:published_time\" content=\"2025-03-08T02:51:55+00:00\" \/>\n<meta property=\"article:modified_time\" content=\"2025-03-08T02:52:38+00:00\" \/>\n<meta property=\"og:image\" content=\"https:\/\/www.cetys.mx\/noticias\/wp-content\/uploads\/2025\/03\/cumbre-binacional-de-liderazgo-estudiantil-en-cetys-tijuana.jpg\" \/>\n\t<meta property=\"og:image:width\" content=\"1200\" \/>\n\t<meta property=\"og:image:height\" content=\"665\" \/>\n\t<meta property=\"og:image:type\" content=\"image\/jpeg\" \/>\n<meta name=\"author\" content=\"Campus Tijuana\" \/>\n<meta name=\"twitter:card\" content=\"summary_large_image\" \/>\n<meta name=\"twitter:creator\" content=\"@cetysuni\" \/>\n<meta name=\"twitter:site\" content=\"@cetysuni\" \/>\n<meta name=\"twitter:label1\" content=\"Escrito por\" \/>\n\t<meta name=\"twitter:data1\" content=\"Campus Tijuana\" \/>\n\t<meta name=\"twitter:label2\" content=\"Tiempo de lectura\" \/>\n\t<meta name=\"twitter:data2\" content=\"3 minutos\" \/>\n<script type=\"application\/ld+json\" class=\"yoast-schema-graph\">{\"@context\":\"https:\\\/\\\/schema.org\",\"@graph\":[{\"@type\":\"Article\",\"@id\":\"https:\\\/\\\/www.cetys.mx\\\/noticias\\\/jovenes-de-preparatoria-de-mexico-y-de-eua-se-reunen-en-cetys-para-desarrollar-habilidades-sobre-diplomacia-y-relaciones-binacionales\\\/#article\",\"isPartOf\":{\"@id\":\"https:\\\/\\\/www.cetys.mx\\\/noticias\\\/jovenes-de-preparatoria-de-mexico-y-de-eua-se-reunen-en-cetys-para-desarrollar-habilidades-sobre-diplomacia-y-relaciones-binacionales\\\/\"},\"author\":{\"name\":\"Campus Tijuana\",\"@id\":\"https:\\\/\\\/www.cetys.mx\\\/noticias\\\/#\\\/schema\\\/person\\\/e790051ce60e18ae47cfa87011c8653f\"},\"headline\":\"J\u00f3venes de Preparatoria de M\u00e9xico y de EUA se re\u00fanen en CETYS para desarrollar habilidades sobre diplomacia y relaciones binacionales\",\"datePublished\":\"2025-03-08T02:51:55+00:00\",\"dateModified\":\"2025-03-08T02:52:38+00:00\",\"mainEntityOfPage\":{\"@id\":\"https:\\\/\\\/www.cetys.mx\\\/noticias\\\/jovenes-de-preparatoria-de-mexico-y-de-eua-se-reunen-en-cetys-para-desarrollar-habilidades-sobre-diplomacia-y-relaciones-binacionales\\\/\"},\"wordCount\":588,\"commentCount\":0,\"image\":{\"@id\":\"https:\\\/\\\/www.cetys.mx\\\/noticias\\\/jovenes-de-preparatoria-de-mexico-y-de-eua-se-reunen-en-cetys-para-desarrollar-habilidades-sobre-diplomacia-y-relaciones-binacionales\\\/#primaryimage\"},\"thumbnailUrl\":\"https:\\\/\\\/www.cetys.mx\\\/noticias\\\/wp-content\\\/uploads\\\/2025\\\/03\\\/cumbre-binacional-de-liderazgo-estudiantil-en-cetys-tijuana.jpg\",\"keywords\":[\"bachilleratointernacional\",\"CampusEnsenada\",\"campusmexicali\",\"campustijuana\",\"Preparatoria\"],\"articleSection\":[\"Institucional\",\"Portada\",\"Preparatoria\",\"Video\",\"VoCETYS\"],\"inLanguage\":\"es\",\"potentialAction\":[{\"@type\":\"CommentAction\",\"name\":\"Comment\",\"target\":[\"https:\\\/\\\/www.cetys.mx\\\/noticias\\\/jovenes-de-preparatoria-de-mexico-y-de-eua-se-reunen-en-cetys-para-desarrollar-habilidades-sobre-diplomacia-y-relaciones-binacionales\\\/#respond\"]}]},{\"@type\":\"WebPage\",\"@id\":\"https:\\\/\\\/www.cetys.mx\\\/noticias\\\/jovenes-de-preparatoria-de-mexico-y-de-eua-se-reunen-en-cetys-para-desarrollar-habilidades-sobre-diplomacia-y-relaciones-binacionales\\\/\",\"url\":\"https:\\\/\\\/www.cetys.mx\\\/noticias\\\/jovenes-de-preparatoria-de-mexico-y-de-eua-se-reunen-en-cetys-para-desarrollar-habilidades-sobre-diplomacia-y-relaciones-binacionales\\\/\",\"name\":\"J\u00f3venes de Preparatoria de M\u00e9xico y de EUA se re\u00fanen en CETYS para desarrollar habilidades sobre diplomacia y relaciones binacionales - CETYS\",\"isPartOf\":{\"@id\":\"https:\\\/\\\/www.cetys.mx\\\/noticias\\\/#website\"},\"primaryImageOfPage\":{\"@id\":\"https:\\\/\\\/www.cetys.mx\\\/noticias\\\/jovenes-de-preparatoria-de-mexico-y-de-eua-se-reunen-en-cetys-para-desarrollar-habilidades-sobre-diplomacia-y-relaciones-binacionales\\\/#primaryimage\"},\"image\":{\"@id\":\"https:\\\/\\\/www.cetys.mx\\\/noticias\\\/jovenes-de-preparatoria-de-mexico-y-de-eua-se-reunen-en-cetys-para-desarrollar-habilidades-sobre-diplomacia-y-relaciones-binacionales\\\/#primaryimage\"},\"thumbnailUrl\":\"https:\\\/\\\/www.cetys.mx\\\/noticias\\\/wp-content\\\/uploads\\\/2025\\\/03\\\/cumbre-binacional-de-liderazgo-estudiantil-en-cetys-tijuana.jpg\",\"datePublished\":\"2025-03-08T02:51:55+00:00\",\"dateModified\":\"2025-03-08T02:52:38+00:00\",\"author\":{\"@id\":\"https:\\\/\\\/www.cetys.mx\\\/noticias\\\/#\\\/schema\\\/person\\\/e790051ce60e18ae47cfa87011c8653f\"},\"description\":\"CETYS Universidad Campus Tijuana fue sede de la segunda Cumbre Binacional de Liderazgo Juvenil \\\/Binational Youth Summit\",\"breadcrumb\":{\"@id\":\"https:\\\/\\\/www.cetys.mx\\\/noticias\\\/jovenes-de-preparatoria-de-mexico-y-de-eua-se-reunen-en-cetys-para-desarrollar-habilidades-sobre-diplomacia-y-relaciones-binacionales\\\/#breadcrumb\"},\"inLanguage\":\"es\",\"potentialAction\":[{\"@type\":\"ReadAction\",\"target\":[\"https:\\\/\\\/www.cetys.mx\\\/noticias\\\/jovenes-de-preparatoria-de-mexico-y-de-eua-se-reunen-en-cetys-para-desarrollar-habilidades-sobre-diplomacia-y-relaciones-binacionales\\\/\"]}]},{\"@type\":\"ImageObject\",\"inLanguage\":\"es\",\"@id\":\"https:\\\/\\\/www.cetys.mx\\\/noticias\\\/jovenes-de-preparatoria-de-mexico-y-de-eua-se-reunen-en-cetys-para-desarrollar-habilidades-sobre-diplomacia-y-relaciones-binacionales\\\/#primaryimage\",\"url\":\"https:\\\/\\\/www.cetys.mx\\\/noticias\\\/wp-content\\\/uploads\\\/2025\\\/03\\\/cumbre-binacional-de-liderazgo-estudiantil-en-cetys-tijuana.jpg\",\"contentUrl\":\"https:\\\/\\\/www.cetys.mx\\\/noticias\\\/wp-content\\\/uploads\\\/2025\\\/03\\\/cumbre-binacional-de-liderazgo-estudiantil-en-cetys-tijuana.jpg\",\"width\":1200,\"height\":665},{\"@type\":\"BreadcrumbList\",\"@id\":\"https:\\\/\\\/www.cetys.mx\\\/noticias\\\/jovenes-de-preparatoria-de-mexico-y-de-eua-se-reunen-en-cetys-para-desarrollar-habilidades-sobre-diplomacia-y-relaciones-binacionales\\\/#breadcrumb\",\"itemListElement\":[{\"@type\":\"ListItem\",\"position\":1,\"name\":\"Inicio\",\"item\":\"https:\\\/\\\/www.cetys.mx\\\/noticias\\\/\"},{\"@type\":\"ListItem\",\"position\":2,\"name\":\"J\u00f3venes de Preparatoria de M\u00e9xico y de EUA se re\u00fanen en CETYS para desarrollar habilidades sobre diplomacia y relaciones binacionales\"}]},{\"@type\":\"WebSite\",\"@id\":\"https:\\\/\\\/www.cetys.mx\\\/noticias\\\/#website\",\"url\":\"https:\\\/\\\/www.cetys.mx\\\/noticias\\\/\",\"name\":\"CETYS\",\"description\":\"\",\"potentialAction\":[{\"@type\":\"SearchAction\",\"target\":{\"@type\":\"EntryPoint\",\"urlTemplate\":\"https:\\\/\\\/www.cetys.mx\\\/noticias\\\/?s={search_term_string}\"},\"query-input\":{\"@type\":\"PropertyValueSpecification\",\"valueRequired\":true,\"valueName\":\"search_term_string\"}}],\"inLanguage\":\"es\"},{\"@type\":\"Person\",\"@id\":\"https:\\\/\\\/www.cetys.mx\\\/noticias\\\/#\\\/schema\\\/person\\\/e790051ce60e18ae47cfa87011c8653f\",\"name\":\"Campus Tijuana\",\"url\":\"https:\\\/\\\/www.cetys.mx\\\/noticias\\\/author\\\/campustijuana\\\/\"}]}<\/script>\n<!-- \/ Yoast SEO plugin. -->","yoast_head_json":{"title":"J\u00f3venes de Preparatoria de M\u00e9xico y de EUA se re\u00fanen en CETYS para desarrollar habilidades sobre diplomacia y relaciones binacionales - CETYS","description":"CETYS Universidad Campus Tijuana fue sede de la segunda Cumbre Binacional de Liderazgo Juvenil \/Binational Youth Summit","robots":{"index":"index","follow":"follow","max-snippet":"max-snippet:-1","max-image-preview":"max-image-preview:large","max-video-preview":"max-video-preview:-1"},"canonical":"https:\/\/www.cetys.mx\/noticias\/jovenes-de-preparatoria-de-mexico-y-de-eua-se-reunen-en-cetys-para-desarrollar-habilidades-sobre-diplomacia-y-relaciones-binacionales\/","og_locale":"es_MX","og_type":"article","og_title":"J\u00f3venes de Preparatoria de M\u00e9xico y de EUA se re\u00fanen en CETYS para desarrollar habilidades sobre diplomacia y relaciones binacionales - CETYS","og_description":"CETYS Universidad Campus Tijuana fue sede de la segunda Cumbre Binacional de Liderazgo Juvenil \/Binational Youth Summit","og_url":"https:\/\/www.cetys.mx\/noticias\/jovenes-de-preparatoria-de-mexico-y-de-eua-se-reunen-en-cetys-para-desarrollar-habilidades-sobre-diplomacia-y-relaciones-binacionales\/","og_site_name":"CETYS","article_publisher":"https:\/\/www.facebook.com\/cetysuniversidadmxl\/","article_published_time":"2025-03-08T02:51:55+00:00","article_modified_time":"2025-03-08T02:52:38+00:00","og_image":[{"width":1200,"height":665,"url":"https:\/\/www.cetys.mx\/noticias\/wp-content\/uploads\/2025\/03\/cumbre-binacional-de-liderazgo-estudiantil-en-cetys-tijuana.jpg","type":"image\/jpeg"}],"author":"Campus Tijuana","twitter_card":"summary_large_image","twitter_creator":"@cetysuni","twitter_site":"@cetysuni","twitter_misc":{"Escrito por":"Campus Tijuana","Tiempo de lectura":"3 minutos"},"schema":{"@context":"https:\/\/schema.org","@graph":[{"@type":"Article","@id":"https:\/\/www.cetys.mx\/noticias\/jovenes-de-preparatoria-de-mexico-y-de-eua-se-reunen-en-cetys-para-desarrollar-habilidades-sobre-diplomacia-y-relaciones-binacionales\/#article","isPartOf":{"@id":"https:\/\/www.cetys.mx\/noticias\/jovenes-de-preparatoria-de-mexico-y-de-eua-se-reunen-en-cetys-para-desarrollar-habilidades-sobre-diplomacia-y-relaciones-binacionales\/"},"author":{"name":"Campus Tijuana","@id":"https:\/\/www.cetys.mx\/noticias\/#\/schema\/person\/e790051ce60e18ae47cfa87011c8653f"},"headline":"J\u00f3venes de Preparatoria de M\u00e9xico y de EUA se re\u00fanen en CETYS para desarrollar habilidades sobre diplomacia y relaciones binacionales","datePublished":"2025-03-08T02:51:55+00:00","dateModified":"2025-03-08T02:52:38+00:00","mainEntityOfPage":{"@id":"https:\/\/www.cetys.mx\/noticias\/jovenes-de-preparatoria-de-mexico-y-de-eua-se-reunen-en-cetys-para-desarrollar-habilidades-sobre-diplomacia-y-relaciones-binacionales\/"},"wordCount":588,"commentCount":0,"image":{"@id":"https:\/\/www.cetys.mx\/noticias\/jovenes-de-preparatoria-de-mexico-y-de-eua-se-reunen-en-cetys-para-desarrollar-habilidades-sobre-diplomacia-y-relaciones-binacionales\/#primaryimage"},"thumbnailUrl":"https:\/\/www.cetys.mx\/noticias\/wp-content\/uploads\/2025\/03\/cumbre-binacional-de-liderazgo-estudiantil-en-cetys-tijuana.jpg","keywords":["bachilleratointernacional","CampusEnsenada","campusmexicali","campustijuana","Preparatoria"],"articleSection":["Institucional","Portada","Preparatoria","Video","VoCETYS"],"inLanguage":"es","potentialAction":[{"@type":"CommentAction","name":"Comment","target":["https:\/\/www.cetys.mx\/noticias\/jovenes-de-preparatoria-de-mexico-y-de-eua-se-reunen-en-cetys-para-desarrollar-habilidades-sobre-diplomacia-y-relaciones-binacionales\/#respond"]}]},{"@type":"WebPage","@id":"https:\/\/www.cetys.mx\/noticias\/jovenes-de-preparatoria-de-mexico-y-de-eua-se-reunen-en-cetys-para-desarrollar-habilidades-sobre-diplomacia-y-relaciones-binacionales\/","url":"https:\/\/www.cetys.mx\/noticias\/jovenes-de-preparatoria-de-mexico-y-de-eua-se-reunen-en-cetys-para-desarrollar-habilidades-sobre-diplomacia-y-relaciones-binacionales\/","name":"J\u00f3venes de Preparatoria de M\u00e9xico y de EUA se re\u00fanen en CETYS para desarrollar habilidades sobre diplomacia y relaciones binacionales - CETYS","isPartOf":{"@id":"https:\/\/www.cetys.mx\/noticias\/#website"},"primaryImageOfPage":{"@id":"https:\/\/www.cetys.mx\/noticias\/jovenes-de-preparatoria-de-mexico-y-de-eua-se-reunen-en-cetys-para-desarrollar-habilidades-sobre-diplomacia-y-relaciones-binacionales\/#primaryimage"},"image":{"@id":"https:\/\/www.cetys.mx\/noticias\/jovenes-de-preparatoria-de-mexico-y-de-eua-se-reunen-en-cetys-para-desarrollar-habilidades-sobre-diplomacia-y-relaciones-binacionales\/#primaryimage"},"thumbnailUrl":"https:\/\/www.cetys.mx\/noticias\/wp-content\/uploads\/2025\/03\/cumbre-binacional-de-liderazgo-estudiantil-en-cetys-tijuana.jpg","datePublished":"2025-03-08T02:51:55+00:00","dateModified":"2025-03-08T02:52:38+00:00","author":{"@id":"https:\/\/www.cetys.mx\/noticias\/#\/schema\/person\/e790051ce60e18ae47cfa87011c8653f"},"description":"CETYS Universidad Campus Tijuana fue sede de la segunda Cumbre Binacional de Liderazgo Juvenil \/Binational Youth Summit","breadcrumb":{"@id":"https:\/\/www.cetys.mx\/noticias\/jovenes-de-preparatoria-de-mexico-y-de-eua-se-reunen-en-cetys-para-desarrollar-habilidades-sobre-diplomacia-y-relaciones-binacionales\/#breadcrumb"},"inLanguage":"es","potentialAction":[{"@type":"ReadAction","target":["https:\/\/www.cetys.mx\/noticias\/jovenes-de-preparatoria-de-mexico-y-de-eua-se-reunen-en-cetys-para-desarrollar-habilidades-sobre-diplomacia-y-relaciones-binacionales\/"]}]},{"@type":"ImageObject","inLanguage":"es","@id":"https:\/\/www.cetys.mx\/noticias\/jovenes-de-preparatoria-de-mexico-y-de-eua-se-reunen-en-cetys-para-desarrollar-habilidades-sobre-diplomacia-y-relaciones-binacionales\/#primaryimage","url":"https:\/\/www.cetys.mx\/noticias\/wp-content\/uploads\/2025\/03\/cumbre-binacional-de-liderazgo-estudiantil-en-cetys-tijuana.jpg","contentUrl":"https:\/\/www.cetys.mx\/noticias\/wp-content\/uploads\/2025\/03\/cumbre-binacional-de-liderazgo-estudiantil-en-cetys-tijuana.jpg","width":1200,"height":665},{"@type":"BreadcrumbList","@id":"https:\/\/www.cetys.mx\/noticias\/jovenes-de-preparatoria-de-mexico-y-de-eua-se-reunen-en-cetys-para-desarrollar-habilidades-sobre-diplomacia-y-relaciones-binacionales\/#breadcrumb","itemListElement":[{"@type":"ListItem","position":1,"name":"Inicio","item":"https:\/\/www.cetys.mx\/noticias\/"},{"@type":"ListItem","position":2,"name":"J\u00f3venes de Preparatoria de M\u00e9xico y de EUA se re\u00fanen en CETYS para desarrollar habilidades sobre diplomacia y relaciones binacionales"}]},{"@type":"WebSite","@id":"https:\/\/www.cetys.mx\/noticias\/#website","url":"https:\/\/www.cetys.mx\/noticias\/","name":"CETYS","description":"","potentialAction":[{"@type":"SearchAction","target":{"@type":"EntryPoint","urlTemplate":"https:\/\/www.cetys.mx\/noticias\/?s={search_term_string}"},"query-input":{"@type":"PropertyValueSpecification","valueRequired":true,"valueName":"search_term_string"}}],"inLanguage":"es"},{"@type":"Person","@id":"https:\/\/www.cetys.mx\/noticias\/#\/schema\/person\/e790051ce60e18ae47cfa87011c8653f","name":"Campus Tijuana","url":"https:\/\/www.cetys.mx\/noticias\/author\/campustijuana\/"}]}},"_links":{"self":[{"href":"https:\/\/www.cetys.mx\/noticias\/wp-json\/wp\/v2\/posts\/210320","targetHints":{"allow":["GET"]}}],"collection":[{"href":"https:\/\/www.cetys.mx\/noticias\/wp-json\/wp\/v2\/posts"}],"about":[{"href":"https:\/\/www.cetys.mx\/noticias\/wp-json\/wp\/v2\/types\/post"}],"author":[{"embeddable":true,"href":"https:\/\/www.cetys.mx\/noticias\/wp-json\/wp\/v2\/users\/24"}],"replies":[{"embeddable":true,"href":"https:\/\/www.cetys.mx\/noticias\/wp-json\/wp\/v2\/comments?post=210320"}],"version-history":[{"count":1,"href":"https:\/\/www.cetys.mx\/noticias\/wp-json\/wp\/v2\/posts\/210320\/revisions"}],"predecessor-version":[{"id":210345,"href":"https:\/\/www.cetys.mx\/noticias\/wp-json\/wp\/v2\/posts\/210320\/revisions\/210345"}],"wp:featuredmedia":[{"embeddable":true,"href":"https:\/\/www.cetys.mx\/noticias\/wp-json\/wp\/v2\/media\/210322"}],"wp:attachment":[{"href":"https:\/\/www.cetys.mx\/noticias\/wp-json\/wp\/v2\/media?parent=210320"}],"wp:term":[{"taxonomy":"category","embeddable":true,"href":"https:\/\/www.cetys.mx\/noticias\/wp-json\/wp\/v2\/categories?post=210320"},{"taxonomy":"post_tag","embeddable":true,"href":"https:\/\/www.cetys.mx\/noticias\/wp-json\/wp\/v2\/tags?post=210320"}],"curies":[{"name":"wp","href":"https:\/\/api.w.org\/{rel}","templated":true}]}}