{"id":209996,"date":"2025-02-28T09:34:16","date_gmt":"2025-02-28T17:34:16","guid":{"rendered":"https:\/\/www.cetys.mx\/noticias\/?p=209996"},"modified":"2025-02-28T09:34:16","modified_gmt":"2025-02-28T17:34:16","slug":"la-importancia-del-apoyo-docente-en-la-adaptacion-de-estudiantes-migrantes","status":"publish","type":"post","link":"https:\/\/www.cetys.mx\/noticias\/la-importancia-del-apoyo-docente-en-la-adaptacion-de-estudiantes-migrantes\/","title":{"rendered":"La importancia del apoyo docente en la adaptaci\u00f3n de estudiantes migrantes"},"content":{"rendered":"<p style=\"text-align: center;\"><span style=\"font-size: 14pt;\"><i><span style=\"font-weight: 400;\">Estrategias como actividades l\u00fadicas, el uso de cuentos y ejercicios de inclusi\u00f3n pueden ser clave en la integraci\u00f3n de los menores migrantes, explicaron las Expertas CETYS\u00a0<\/span><\/i><\/span><\/p>\n<p><span style=\"font-weight: 400;\">El cambio de<strong> escuela<\/strong> puede ser un proceso dif\u00edcil para las ni\u00f1as, ni\u00f1os y adolescentes, pues en el proceso se tiene que decir adi\u00f3s a amigos y maestros, adem\u00e1s de adaptarse a un nuevo entorno desconocido, esta experiencia puede ser a\u00fan m\u00e1s desafiante para las <strong>infancias en movilidad<\/strong>. En <strong>M\u00e9xico<\/strong>, los <strong>menores en situaci\u00f3n de migraci\u00f3n<\/strong> tienen derecho a una educaci\u00f3n gratuita, pero ya sea por su situaci\u00f3n de tr\u00e1nsito migratorio o falta de informaci\u00f3n, en ocasiones no pueden continuar con sus estudios.<\/span><\/p>\n<p><img loading=\"lazy\" decoding=\"async\" class=\" wp-image-164578 alignleft\" src=\"https:\/\/www.cetys.mx\/noticias\/wp-content\/uploads\/2022\/06\/DanielaDiaz1.jpg\" alt=\"\" width=\"350\" height=\"525\" \/><\/p>\n<p><span style=\"font-weight: 400;\">Por otra parte, aquellos que s\u00ed logran continuar con su formaci\u00f3n, pueden llegar a vivir distintas dificultades, por lo que los maestros pueden ser un buen aliado para una mejor adaptaci\u00f3n. &#8220;Es indispensable que el sistema educativo y los <strong>docentes<\/strong> est\u00e9n sensibilizados a estos temas, ya que estos infantes enfrentan muchas otras \u00e1reas de trabajo adem\u00e1s de lo acad\u00e9mico&#8221;, menciona la <strong>Dra. Daniela D\u00edaz Flores,<\/strong> Coordinadora de la Licenciatura en Psicolog\u00eda Infantil en CETYS Universidad, Campus Mexicali.<\/span><\/p>\n<p><span style=\"font-weight: 400;\">Hay varias complicaciones por la que pasa el las ni\u00f1as y ni\u00f1os o adolesente migrante, agreg\u00f3 la Experta CETYS, desde el tema de donde se encuentra, la parte de la adaptaci\u00f3n del espacio, las condiciones en las que se presenten, as\u00ed como su situaci\u00f3n migratoria o de traslado. \u201cEl otro tema es la din\u00e1mica familiar \u00bfQu\u00e9 decisiones van a tomar los padres de familia o tutores? En ocasiones el tema de educaci\u00f3n puede llegar a ser hasta el plan C, pues hay otras prioridades por cubrir, como el alimento, la vestimenta, para poder salvaguardar la integridad de toda la familia\u201d.<\/span><\/p>\n<p><span style=\"font-weight: 400;\">Para facilitar la adaptaci\u00f3n, es fundamental generar un ambiente de recibimiento dentro del aula. Estrategias como actividades l\u00fadicas, el uso de cuentos y ejercicios de inclusi\u00f3n pueden ser clave en su integraci\u00f3n. \u201cLos cuentos son una gran estrategia para trabajar un sinf\u00edn de cosas, sobre todo los aspectos emocionales, que son claves para el desarrollo social de las ni\u00f1as, ni\u00f1os y adolescentes\u201d, explic\u00f3 la<strong> M.C. Ibza Am\u00e9rica Garc\u00eda Le\u00f3n<\/strong>, Coordinador de la Maestr\u00eda en Psicolog\u00eda y Gerontolog\u00eda Social en CETYS Universidad, Campus Mexicali.<\/span><\/p>\n<p><span style=\"font-weight: 400;\">\u201cExiste una Coordinaci\u00f3n de Educaci\u00f3n Migrante,que atiende a este grupo poblacional. Desde all\u00ed ya se generan tambi\u00e9n estrategias a nivel Estado, a nivel municipio, para que se atiendan las necesidades concretas de los ni\u00f1os, ni\u00f1as y adolescentes\u201d, agreg\u00f3 la M.C. Ibza Am\u00e9rica Garc\u00eda Le\u00f3n.<\/span><\/p>\n<p><span style=\"font-weight: 400;\">El acompa\u00f1amiento emocional tambi\u00e9n juega un papel crucial en este proceso. &#8220;Hablar y escuchar con respeto es clave; en ocasiones, los ni\u00f1os no buscan una soluci\u00f3n inmediata, sino simplemente un espacio donde puedan expresarse&#8221;, se\u00f1al\u00f3 la Dra. Daniela D\u00edaz Flores. En este sentido, la presencia de psic\u00f3logos y trabajadores sociales dentro de las instituciones educativas puede facilitar la identificaci\u00f3n de necesidades emocionales y brindar un apoyo m\u00e1s integral.<\/span><\/p>\n<p><img loading=\"lazy\" decoding=\"async\" class=\" wp-image-175565 alignright\" src=\"https:\/\/www.cetys.mx\/noticias\/wp-content\/uploads\/2023\/08\/America_Garcia.jpg\" alt=\"\" width=\"350\" height=\"525\" \/><\/p>\n<p><span style=\"font-weight: 400;\">Asimismo, se recomienda establecer redes de apoyo que incluyan a la comunidad escolar y a diversas instituciones, lo que contribuir\u00e1 a que los estudiantes se sientan respaldados en su proceso de adaptaci\u00f3n.<\/span><\/p>\n<p><span style=\"font-weight: 400;\">La formaci\u00f3n docente en estrategias de inclusi\u00f3n resulta indispensable para abordar las dificultades que enfrentan. Capacitar a los profesores en la identificaci\u00f3n de se\u00f1ales de estr\u00e9s, ansiedad o desmotivaci\u00f3n les permitir\u00e1 implementar estrategias adecuadas para mejorar la experiencia educativa de sus estudiantes.<\/span><\/p>\n<p><span style=\"font-weight: 400;\">La escuela debe ser un espacio seguro donde los menores de edad migrantes puedan continuar su desarrollo. La colaboraci\u00f3n entre docentes, familias y organizaciones civiles es clave para garantizar su derecho a una educaci\u00f3n digna e inclusiva, promoviendo as\u00ed la diversidad, la empat\u00eda y la equidad en el entorno escolar.<\/span><\/p>\n","protected":false},"excerpt":{"rendered":"<p>Estrategias como actividades l\u00fadicas, el uso de cuentos y ejercicios de inclusi\u00f3n pueden ser clave en la integraci\u00f3n de los menores migrantes,&#8230;<\/p>\n","protected":false},"author":20,"featured_media":209974,"comment_status":"open","ping_status":"closed","sticky":false,"template":"","format":"standard","meta":{"footnotes":""},"categories":[133,4579,313],"tags":[4325],"class_list":["post-209996","post","type-post","status-publish","format-standard","has-post-thumbnail","hentry","category-campus-mexicali","category-expertos-cetys","category-vocetys-2","tag-experto-cetys"],"yoast_head":"<!-- This site is optimized with the Yoast SEO plugin v27.4 - https:\/\/yoast.com\/product\/yoast-seo-wordpress\/ -->\n<title>La importancia del apoyo docente en la adaptaci\u00f3n de estudiantes migrantes - CETYS<\/title>\n<meta name=\"description\" content=\"Articulo sobre La importancia del apoyo docente en la adaptaci\u00f3n de estudiantes migrantes\" \/>\n<meta name=\"robots\" content=\"index, follow, max-snippet:-1, max-image-preview:large, max-video-preview:-1\" \/>\n<link rel=\"canonical\" href=\"https:\/\/www.cetys.mx\/noticias\/la-importancia-del-apoyo-docente-en-la-adaptacion-de-estudiantes-migrantes\/\" \/>\n<meta property=\"og:locale\" content=\"es_MX\" \/>\n<meta property=\"og:type\" content=\"article\" \/>\n<meta property=\"og:title\" content=\"La importancia del apoyo docente en la adaptaci\u00f3n de estudiantes migrantes - CETYS\" \/>\n<meta property=\"og:description\" content=\"Articulo sobre La importancia del apoyo docente en la adaptaci\u00f3n de estudiantes migrantes\" \/>\n<meta property=\"og:url\" content=\"https:\/\/www.cetys.mx\/noticias\/la-importancia-del-apoyo-docente-en-la-adaptacion-de-estudiantes-migrantes\/\" \/>\n<meta property=\"og:site_name\" content=\"CETYS\" \/>\n<meta property=\"article:publisher\" content=\"https:\/\/www.facebook.com\/cetysuniversidadmxl\/\" \/>\n<meta property=\"article:published_time\" content=\"2025-02-28T17:34:16+00:00\" \/>\n<meta property=\"og:image\" content=\"https:\/\/www.cetys.mx\/noticias\/wp-content\/uploads\/2025\/02\/qqqqqqqq.jpg\" \/>\n\t<meta property=\"og:image:width\" content=\"958\" \/>\n\t<meta property=\"og:image:height\" content=\"639\" \/>\n\t<meta property=\"og:image:type\" content=\"image\/jpeg\" \/>\n<meta name=\"author\" content=\"Campus Mexicali\" \/>\n<meta name=\"twitter:card\" content=\"summary_large_image\" \/>\n<meta name=\"twitter:creator\" content=\"@cetysuni\" \/>\n<meta name=\"twitter:site\" content=\"@cetysuni\" \/>\n<meta name=\"twitter:label1\" content=\"Escrito por\" \/>\n\t<meta name=\"twitter:data1\" content=\"Campus Mexicali\" \/>\n\t<meta name=\"twitter:label2\" content=\"Tiempo de lectura\" \/>\n\t<meta name=\"twitter:data2\" content=\"3 minutos\" \/>\n<script type=\"application\/ld+json\" class=\"yoast-schema-graph\">{\"@context\":\"https:\\\/\\\/schema.org\",\"@graph\":[{\"@type\":\"Article\",\"@id\":\"https:\\\/\\\/www.cetys.mx\\\/noticias\\\/la-importancia-del-apoyo-docente-en-la-adaptacion-de-estudiantes-migrantes\\\/#article\",\"isPartOf\":{\"@id\":\"https:\\\/\\\/www.cetys.mx\\\/noticias\\\/la-importancia-del-apoyo-docente-en-la-adaptacion-de-estudiantes-migrantes\\\/\"},\"author\":{\"name\":\"Campus Mexicali\",\"@id\":\"https:\\\/\\\/www.cetys.mx\\\/noticias\\\/#\\\/schema\\\/person\\\/79a95c4ac185f3705cf1b9c9340a5f70\"},\"headline\":\"La importancia del apoyo docente en la adaptaci\u00f3n de estudiantes migrantes\",\"datePublished\":\"2025-02-28T17:34:16+00:00\",\"mainEntityOfPage\":{\"@id\":\"https:\\\/\\\/www.cetys.mx\\\/noticias\\\/la-importancia-del-apoyo-docente-en-la-adaptacion-de-estudiantes-migrantes\\\/\"},\"wordCount\":690,\"commentCount\":0,\"image\":{\"@id\":\"https:\\\/\\\/www.cetys.mx\\\/noticias\\\/la-importancia-del-apoyo-docente-en-la-adaptacion-de-estudiantes-migrantes\\\/#primaryimage\"},\"thumbnailUrl\":\"https:\\\/\\\/www.cetys.mx\\\/noticias\\\/wp-content\\\/uploads\\\/2025\\\/02\\\/qqqqqqqq.jpg\",\"keywords\":[\"Experto CETYS\"],\"articleSection\":[\"Campus Mexicali\",\"Expertos CETYS\",\"VoCETYS\"],\"inLanguage\":\"es\",\"potentialAction\":[{\"@type\":\"CommentAction\",\"name\":\"Comment\",\"target\":[\"https:\\\/\\\/www.cetys.mx\\\/noticias\\\/la-importancia-del-apoyo-docente-en-la-adaptacion-de-estudiantes-migrantes\\\/#respond\"]}]},{\"@type\":\"WebPage\",\"@id\":\"https:\\\/\\\/www.cetys.mx\\\/noticias\\\/la-importancia-del-apoyo-docente-en-la-adaptacion-de-estudiantes-migrantes\\\/\",\"url\":\"https:\\\/\\\/www.cetys.mx\\\/noticias\\\/la-importancia-del-apoyo-docente-en-la-adaptacion-de-estudiantes-migrantes\\\/\",\"name\":\"La importancia del apoyo docente en la adaptaci\u00f3n de estudiantes migrantes - CETYS\",\"isPartOf\":{\"@id\":\"https:\\\/\\\/www.cetys.mx\\\/noticias\\\/#website\"},\"primaryImageOfPage\":{\"@id\":\"https:\\\/\\\/www.cetys.mx\\\/noticias\\\/la-importancia-del-apoyo-docente-en-la-adaptacion-de-estudiantes-migrantes\\\/#primaryimage\"},\"image\":{\"@id\":\"https:\\\/\\\/www.cetys.mx\\\/noticias\\\/la-importancia-del-apoyo-docente-en-la-adaptacion-de-estudiantes-migrantes\\\/#primaryimage\"},\"thumbnailUrl\":\"https:\\\/\\\/www.cetys.mx\\\/noticias\\\/wp-content\\\/uploads\\\/2025\\\/02\\\/qqqqqqqq.jpg\",\"datePublished\":\"2025-02-28T17:34:16+00:00\",\"author\":{\"@id\":\"https:\\\/\\\/www.cetys.mx\\\/noticias\\\/#\\\/schema\\\/person\\\/79a95c4ac185f3705cf1b9c9340a5f70\"},\"description\":\"Articulo sobre La importancia del apoyo docente en la adaptaci\u00f3n de estudiantes migrantes\",\"breadcrumb\":{\"@id\":\"https:\\\/\\\/www.cetys.mx\\\/noticias\\\/la-importancia-del-apoyo-docente-en-la-adaptacion-de-estudiantes-migrantes\\\/#breadcrumb\"},\"inLanguage\":\"es\",\"potentialAction\":[{\"@type\":\"ReadAction\",\"target\":[\"https:\\\/\\\/www.cetys.mx\\\/noticias\\\/la-importancia-del-apoyo-docente-en-la-adaptacion-de-estudiantes-migrantes\\\/\"]}]},{\"@type\":\"ImageObject\",\"inLanguage\":\"es\",\"@id\":\"https:\\\/\\\/www.cetys.mx\\\/noticias\\\/la-importancia-del-apoyo-docente-en-la-adaptacion-de-estudiantes-migrantes\\\/#primaryimage\",\"url\":\"https:\\\/\\\/www.cetys.mx\\\/noticias\\\/wp-content\\\/uploads\\\/2025\\\/02\\\/qqqqqqqq.jpg\",\"contentUrl\":\"https:\\\/\\\/www.cetys.mx\\\/noticias\\\/wp-content\\\/uploads\\\/2025\\\/02\\\/qqqqqqqq.jpg\",\"width\":958,\"height\":639},{\"@type\":\"BreadcrumbList\",\"@id\":\"https:\\\/\\\/www.cetys.mx\\\/noticias\\\/la-importancia-del-apoyo-docente-en-la-adaptacion-de-estudiantes-migrantes\\\/#breadcrumb\",\"itemListElement\":[{\"@type\":\"ListItem\",\"position\":1,\"name\":\"Inicio\",\"item\":\"https:\\\/\\\/www.cetys.mx\\\/noticias\\\/\"},{\"@type\":\"ListItem\",\"position\":2,\"name\":\"La importancia del apoyo docente en la adaptaci\u00f3n de estudiantes migrantes\"}]},{\"@type\":\"WebSite\",\"@id\":\"https:\\\/\\\/www.cetys.mx\\\/noticias\\\/#website\",\"url\":\"https:\\\/\\\/www.cetys.mx\\\/noticias\\\/\",\"name\":\"CETYS\",\"description\":\"\",\"potentialAction\":[{\"@type\":\"SearchAction\",\"target\":{\"@type\":\"EntryPoint\",\"urlTemplate\":\"https:\\\/\\\/www.cetys.mx\\\/noticias\\\/?s={search_term_string}\"},\"query-input\":{\"@type\":\"PropertyValueSpecification\",\"valueRequired\":true,\"valueName\":\"search_term_string\"}}],\"inLanguage\":\"es\"},{\"@type\":\"Person\",\"@id\":\"https:\\\/\\\/www.cetys.mx\\\/noticias\\\/#\\\/schema\\\/person\\\/79a95c4ac185f3705cf1b9c9340a5f70\",\"name\":\"Campus Mexicali\",\"url\":\"https:\\\/\\\/www.cetys.mx\\\/noticias\\\/author\\\/campusmexicali\\\/\"}]}<\/script>\n<!-- \/ Yoast SEO plugin. -->","yoast_head_json":{"title":"La importancia del apoyo docente en la adaptaci\u00f3n de estudiantes migrantes - CETYS","description":"Articulo sobre La importancia del apoyo docente en la adaptaci\u00f3n de estudiantes migrantes","robots":{"index":"index","follow":"follow","max-snippet":"max-snippet:-1","max-image-preview":"max-image-preview:large","max-video-preview":"max-video-preview:-1"},"canonical":"https:\/\/www.cetys.mx\/noticias\/la-importancia-del-apoyo-docente-en-la-adaptacion-de-estudiantes-migrantes\/","og_locale":"es_MX","og_type":"article","og_title":"La importancia del apoyo docente en la adaptaci\u00f3n de estudiantes migrantes - CETYS","og_description":"Articulo sobre La importancia del apoyo docente en la adaptaci\u00f3n de estudiantes migrantes","og_url":"https:\/\/www.cetys.mx\/noticias\/la-importancia-del-apoyo-docente-en-la-adaptacion-de-estudiantes-migrantes\/","og_site_name":"CETYS","article_publisher":"https:\/\/www.facebook.com\/cetysuniversidadmxl\/","article_published_time":"2025-02-28T17:34:16+00:00","og_image":[{"width":958,"height":639,"url":"https:\/\/www.cetys.mx\/noticias\/wp-content\/uploads\/2025\/02\/qqqqqqqq.jpg","type":"image\/jpeg"}],"author":"Campus Mexicali","twitter_card":"summary_large_image","twitter_creator":"@cetysuni","twitter_site":"@cetysuni","twitter_misc":{"Escrito por":"Campus Mexicali","Tiempo de lectura":"3 minutos"},"schema":{"@context":"https:\/\/schema.org","@graph":[{"@type":"Article","@id":"https:\/\/www.cetys.mx\/noticias\/la-importancia-del-apoyo-docente-en-la-adaptacion-de-estudiantes-migrantes\/#article","isPartOf":{"@id":"https:\/\/www.cetys.mx\/noticias\/la-importancia-del-apoyo-docente-en-la-adaptacion-de-estudiantes-migrantes\/"},"author":{"name":"Campus Mexicali","@id":"https:\/\/www.cetys.mx\/noticias\/#\/schema\/person\/79a95c4ac185f3705cf1b9c9340a5f70"},"headline":"La importancia del apoyo docente en la adaptaci\u00f3n de estudiantes migrantes","datePublished":"2025-02-28T17:34:16+00:00","mainEntityOfPage":{"@id":"https:\/\/www.cetys.mx\/noticias\/la-importancia-del-apoyo-docente-en-la-adaptacion-de-estudiantes-migrantes\/"},"wordCount":690,"commentCount":0,"image":{"@id":"https:\/\/www.cetys.mx\/noticias\/la-importancia-del-apoyo-docente-en-la-adaptacion-de-estudiantes-migrantes\/#primaryimage"},"thumbnailUrl":"https:\/\/www.cetys.mx\/noticias\/wp-content\/uploads\/2025\/02\/qqqqqqqq.jpg","keywords":["Experto CETYS"],"articleSection":["Campus Mexicali","Expertos CETYS","VoCETYS"],"inLanguage":"es","potentialAction":[{"@type":"CommentAction","name":"Comment","target":["https:\/\/www.cetys.mx\/noticias\/la-importancia-del-apoyo-docente-en-la-adaptacion-de-estudiantes-migrantes\/#respond"]}]},{"@type":"WebPage","@id":"https:\/\/www.cetys.mx\/noticias\/la-importancia-del-apoyo-docente-en-la-adaptacion-de-estudiantes-migrantes\/","url":"https:\/\/www.cetys.mx\/noticias\/la-importancia-del-apoyo-docente-en-la-adaptacion-de-estudiantes-migrantes\/","name":"La importancia del apoyo docente en la adaptaci\u00f3n de estudiantes migrantes - CETYS","isPartOf":{"@id":"https:\/\/www.cetys.mx\/noticias\/#website"},"primaryImageOfPage":{"@id":"https:\/\/www.cetys.mx\/noticias\/la-importancia-del-apoyo-docente-en-la-adaptacion-de-estudiantes-migrantes\/#primaryimage"},"image":{"@id":"https:\/\/www.cetys.mx\/noticias\/la-importancia-del-apoyo-docente-en-la-adaptacion-de-estudiantes-migrantes\/#primaryimage"},"thumbnailUrl":"https:\/\/www.cetys.mx\/noticias\/wp-content\/uploads\/2025\/02\/qqqqqqqq.jpg","datePublished":"2025-02-28T17:34:16+00:00","author":{"@id":"https:\/\/www.cetys.mx\/noticias\/#\/schema\/person\/79a95c4ac185f3705cf1b9c9340a5f70"},"description":"Articulo sobre La importancia del apoyo docente en la adaptaci\u00f3n de estudiantes migrantes","breadcrumb":{"@id":"https:\/\/www.cetys.mx\/noticias\/la-importancia-del-apoyo-docente-en-la-adaptacion-de-estudiantes-migrantes\/#breadcrumb"},"inLanguage":"es","potentialAction":[{"@type":"ReadAction","target":["https:\/\/www.cetys.mx\/noticias\/la-importancia-del-apoyo-docente-en-la-adaptacion-de-estudiantes-migrantes\/"]}]},{"@type":"ImageObject","inLanguage":"es","@id":"https:\/\/www.cetys.mx\/noticias\/la-importancia-del-apoyo-docente-en-la-adaptacion-de-estudiantes-migrantes\/#primaryimage","url":"https:\/\/www.cetys.mx\/noticias\/wp-content\/uploads\/2025\/02\/qqqqqqqq.jpg","contentUrl":"https:\/\/www.cetys.mx\/noticias\/wp-content\/uploads\/2025\/02\/qqqqqqqq.jpg","width":958,"height":639},{"@type":"BreadcrumbList","@id":"https:\/\/www.cetys.mx\/noticias\/la-importancia-del-apoyo-docente-en-la-adaptacion-de-estudiantes-migrantes\/#breadcrumb","itemListElement":[{"@type":"ListItem","position":1,"name":"Inicio","item":"https:\/\/www.cetys.mx\/noticias\/"},{"@type":"ListItem","position":2,"name":"La importancia del apoyo docente en la adaptaci\u00f3n de estudiantes migrantes"}]},{"@type":"WebSite","@id":"https:\/\/www.cetys.mx\/noticias\/#website","url":"https:\/\/www.cetys.mx\/noticias\/","name":"CETYS","description":"","potentialAction":[{"@type":"SearchAction","target":{"@type":"EntryPoint","urlTemplate":"https:\/\/www.cetys.mx\/noticias\/?s={search_term_string}"},"query-input":{"@type":"PropertyValueSpecification","valueRequired":true,"valueName":"search_term_string"}}],"inLanguage":"es"},{"@type":"Person","@id":"https:\/\/www.cetys.mx\/noticias\/#\/schema\/person\/79a95c4ac185f3705cf1b9c9340a5f70","name":"Campus Mexicali","url":"https:\/\/www.cetys.mx\/noticias\/author\/campusmexicali\/"}]}},"_links":{"self":[{"href":"https:\/\/www.cetys.mx\/noticias\/wp-json\/wp\/v2\/posts\/209996","targetHints":{"allow":["GET"]}}],"collection":[{"href":"https:\/\/www.cetys.mx\/noticias\/wp-json\/wp\/v2\/posts"}],"about":[{"href":"https:\/\/www.cetys.mx\/noticias\/wp-json\/wp\/v2\/types\/post"}],"author":[{"embeddable":true,"href":"https:\/\/www.cetys.mx\/noticias\/wp-json\/wp\/v2\/users\/20"}],"replies":[{"embeddable":true,"href":"https:\/\/www.cetys.mx\/noticias\/wp-json\/wp\/v2\/comments?post=209996"}],"version-history":[{"count":4,"href":"https:\/\/www.cetys.mx\/noticias\/wp-json\/wp\/v2\/posts\/209996\/revisions"}],"predecessor-version":[{"id":210002,"href":"https:\/\/www.cetys.mx\/noticias\/wp-json\/wp\/v2\/posts\/209996\/revisions\/210002"}],"wp:featuredmedia":[{"embeddable":true,"href":"https:\/\/www.cetys.mx\/noticias\/wp-json\/wp\/v2\/media\/209974"}],"wp:attachment":[{"href":"https:\/\/www.cetys.mx\/noticias\/wp-json\/wp\/v2\/media?parent=209996"}],"wp:term":[{"taxonomy":"category","embeddable":true,"href":"https:\/\/www.cetys.mx\/noticias\/wp-json\/wp\/v2\/categories?post=209996"},{"taxonomy":"post_tag","embeddable":true,"href":"https:\/\/www.cetys.mx\/noticias\/wp-json\/wp\/v2\/tags?post=209996"}],"curies":[{"name":"wp","href":"https:\/\/api.w.org\/{rel}","templated":true}]}}