{"id":209611,"date":"2025-02-20T12:57:32","date_gmt":"2025-02-20T20:57:32","guid":{"rendered":"https:\/\/www.cetys.mx\/noticias\/?p=209611"},"modified":"2025-02-27T11:57:44","modified_gmt":"2025-02-27T19:57:44","slug":"jose-maria-lopez-ortega-magallanes-presenta-examen-de-grado-doctoral-en-cetys-universidad","status":"publish","type":"post","link":"https:\/\/www.cetys.mx\/noticias\/jose-maria-lopez-ortega-magallanes-presenta-examen-de-grado-doctoral-en-cetys-universidad\/","title":{"rendered":"Jos\u00e9 Mar\u00eda L\u00f3pez Ortega Magallanes presenta examen de grado doctoral en CETYS Universidad"},"content":{"rendered":"<p><span style=\"font-weight: 400;\">En un paso clave dentro de su trayectoria acad\u00e9mica, <strong>Jos\u00e9 Mar\u00eda L\u00f3pez Ortega Magallanes<\/strong> present\u00f3 su examen de grado doctoral con la tesis <em>\u201cLa planeaci\u00f3n estrat\u00e9gica y la adopci\u00f3n de la filosof\u00eda empresarial a trav\u00e9s de la gesti\u00f3n educativa en empresas grandes de Baja California (2013-2023)\u201d<\/em>.<\/span><\/p>\n<p><span style=\"font-weight: 400;\">Ante un jurado integrado por destacados acad\u00e9micos, incluyendo a su director de tesis, el <strong>Dr. Maciel Garc\u00eda Fuentes<\/strong>, el doctorante expuso los hallazgos de su investigaci\u00f3n, en la que plantea la educaci\u00f3n como un pilar fundamental para el desarrollo humano y analiza si las empresas promueven entornos que potencien tanto el crecimiento personal como profesional de sus colaboradores.<\/span><\/p>\n<p><img loading=\"lazy\" decoding=\"async\" class=\"size-full wp-image-209612 aligncenter\" src=\"https:\/\/www.cetys.mx\/noticias\/wp-content\/uploads\/2025\/02\/Doctorado3.jpg\" alt=\"\" width=\"958\" height=\"639\" srcset=\"https:\/\/www.cetys.mx\/noticias\/wp-content\/uploads\/2025\/02\/Doctorado3.jpg 958w, https:\/\/www.cetys.mx\/noticias\/wp-content\/uploads\/2025\/02\/Doctorado3-768x512.jpg 768w\" sizes=\"auto, (max-width: 958px) 100vw, 958px\" \/><\/p>\n<p><span style=\"font-weight: 400;\">Durante la sesi\u00f3n, el jurado resalt\u00f3 la solidez te\u00f3rica y metodol\u00f3gica de la investigaci\u00f3n, as\u00ed como el impacto de los resultados en el \u00e1mbito empresarial. La <strong>Dra. Karla D\u00edaz<\/strong>, miembro del comit\u00e9 evaluador, destac\u00f3 la profundidad del estudio y su contribuci\u00f3n al campo del conocimiento. \u201cTu trabajo no solo plantea nuevas preguntas sobre la relaci\u00f3n entre educaci\u00f3n y filosof\u00eda empresarial, sino que abre camino para futuras investigaciones que profundicen en esta \u00e1rea\u201d, expres\u00f3.<\/span><\/p>\n<p><span style=\"font-weight: 400;\">Asimismo, el Dr. Maciel Garc\u00eda subray\u00f3 la importancia de los hallazgos y la capacidad del doctorante para articular conceptos complejos en un an\u00e1lisis riguroso. &#8220;Has logrado construir un trabajo con gran coherencia, en el que reflejas una perspectiva clara y bien fundamentada&#8221;, afirm\u00f3.<\/span><\/p>\n<p><span style=\"font-weight: 400;\">Con la toma de protesta y la lectura del acta oficial, Jos\u00e9 Mar\u00eda L\u00f3pez Ortega Magallanes concluy\u00f3 exitosamente este proceso, afirmando su compromiso con la investigaci\u00f3n y el desarrollo del conocimiento en el \u00e1mbito educativo y empresarial.<\/span><\/p>\n<p><span style=\"font-weight: 400;\">Este logro representa un hito no solo para el doctorante, sino tambi\u00e9n para CETYS Universidad, que contin\u00faa impulsando la formaci\u00f3n de l\u00edderes preparados para transformar su entorno con una visi\u00f3n estrat\u00e9gica y un enfoque innovador.<\/span><\/p>\n<p>&nbsp;<\/p>\n","protected":false},"excerpt":{"rendered":"<p>En un paso clave dentro de su trayectoria acad\u00e9mica, Jos\u00e9 Mar\u00eda L\u00f3pez Ortega Magallanes present\u00f3 su examen de grado doctoral con la&#8230;<\/p>\n","protected":false},"author":20,"featured_media":209613,"comment_status":"open","ping_status":"closed","sticky":false,"template":"","format":"standard","meta":{"footnotes":""},"categories":[133,125,309,313],"tags":[1622,6466,7148],"class_list":["post-209611","post","type-post","status-publish","format-standard","has-post-thumbnail","hentry","category-campus-mexicali","category-portada","category-posgrado","category-vocetys-2","tag-campusmexicali","tag-doctoradoeneducacion","tag-vocetys-2025-02-27"],"yoast_head":"<!-- This site is optimized with the Yoast SEO plugin v27.4 - https:\/\/yoast.com\/product\/yoast-seo-wordpress\/ -->\n<title>Jos\u00e9 Mar\u00eda L\u00f3pez Ortega Magallanes presenta examen de grado doctoral en CETYS Universidad - CETYS<\/title>\n<meta name=\"description\" content=\"Articulo sobre Jos\u00e9 Mar\u00eda L\u00f3pez Ortega Magallanes presenta examen de grado doctoral en CETYS Universidad\" \/>\n<meta name=\"robots\" content=\"index, follow, max-snippet:-1, max-image-preview:large, max-video-preview:-1\" \/>\n<link rel=\"canonical\" href=\"https:\/\/www.cetys.mx\/noticias\/jose-maria-lopez-ortega-magallanes-presenta-examen-de-grado-doctoral-en-cetys-universidad\/\" \/>\n<meta property=\"og:locale\" content=\"es_MX\" \/>\n<meta property=\"og:type\" content=\"article\" \/>\n<meta property=\"og:title\" content=\"Jos\u00e9 Mar\u00eda L\u00f3pez Ortega Magallanes presenta examen de grado doctoral en CETYS Universidad - CETYS\" \/>\n<meta property=\"og:description\" content=\"Articulo sobre Jos\u00e9 Mar\u00eda L\u00f3pez Ortega Magallanes presenta examen de grado doctoral en CETYS Universidad\" \/>\n<meta property=\"og:url\" content=\"https:\/\/www.cetys.mx\/noticias\/jose-maria-lopez-ortega-magallanes-presenta-examen-de-grado-doctoral-en-cetys-universidad\/\" \/>\n<meta property=\"og:site_name\" content=\"CETYS\" \/>\n<meta property=\"article:publisher\" content=\"https:\/\/www.facebook.com\/cetysuniversidadmxl\/\" \/>\n<meta property=\"article:published_time\" content=\"2025-02-20T20:57:32+00:00\" \/>\n<meta property=\"article:modified_time\" content=\"2025-02-27T19:57:44+00:00\" \/>\n<meta property=\"og:image\" content=\"https:\/\/www.cetys.mx\/noticias\/wp-content\/uploads\/2025\/02\/Doctorado1.jpg\" \/>\n\t<meta property=\"og:image:width\" content=\"958\" \/>\n\t<meta property=\"og:image:height\" content=\"639\" \/>\n\t<meta property=\"og:image:type\" content=\"image\/jpeg\" \/>\n<meta name=\"author\" content=\"Campus Mexicali\" \/>\n<meta name=\"twitter:card\" content=\"summary_large_image\" \/>\n<meta name=\"twitter:creator\" content=\"@cetysuni\" \/>\n<meta name=\"twitter:site\" content=\"@cetysuni\" \/>\n<meta name=\"twitter:label1\" content=\"Escrito por\" \/>\n\t<meta name=\"twitter:data1\" content=\"Campus Mexicali\" \/>\n\t<meta name=\"twitter:label2\" content=\"Tiempo de lectura\" \/>\n\t<meta name=\"twitter:data2\" content=\"2 minutos\" \/>\n<script type=\"application\/ld+json\" class=\"yoast-schema-graph\">{\"@context\":\"https:\\\/\\\/schema.org\",\"@graph\":[{\"@type\":\"Article\",\"@id\":\"https:\\\/\\\/www.cetys.mx\\\/noticias\\\/jose-maria-lopez-ortega-magallanes-presenta-examen-de-grado-doctoral-en-cetys-universidad\\\/#article\",\"isPartOf\":{\"@id\":\"https:\\\/\\\/www.cetys.mx\\\/noticias\\\/jose-maria-lopez-ortega-magallanes-presenta-examen-de-grado-doctoral-en-cetys-universidad\\\/\"},\"author\":{\"name\":\"Campus Mexicali\",\"@id\":\"https:\\\/\\\/www.cetys.mx\\\/noticias\\\/#\\\/schema\\\/person\\\/79a95c4ac185f3705cf1b9c9340a5f70\"},\"headline\":\"Jos\u00e9 Mar\u00eda L\u00f3pez Ortega Magallanes presenta examen de grado doctoral en CETYS Universidad\",\"datePublished\":\"2025-02-20T20:57:32+00:00\",\"dateModified\":\"2025-02-27T19:57:44+00:00\",\"mainEntityOfPage\":{\"@id\":\"https:\\\/\\\/www.cetys.mx\\\/noticias\\\/jose-maria-lopez-ortega-magallanes-presenta-examen-de-grado-doctoral-en-cetys-universidad\\\/\"},\"wordCount\":341,\"commentCount\":0,\"image\":{\"@id\":\"https:\\\/\\\/www.cetys.mx\\\/noticias\\\/jose-maria-lopez-ortega-magallanes-presenta-examen-de-grado-doctoral-en-cetys-universidad\\\/#primaryimage\"},\"thumbnailUrl\":\"https:\\\/\\\/www.cetys.mx\\\/noticias\\\/wp-content\\\/uploads\\\/2025\\\/02\\\/Doctorado1.jpg\",\"keywords\":[\"campusmexicali\",\"DoctoradoenEducacion\",\"vocetys-2025-02-27\"],\"articleSection\":[\"Campus Mexicali\",\"Portada\",\"Posgrado\",\"VoCETYS\"],\"inLanguage\":\"es\",\"potentialAction\":[{\"@type\":\"CommentAction\",\"name\":\"Comment\",\"target\":[\"https:\\\/\\\/www.cetys.mx\\\/noticias\\\/jose-maria-lopez-ortega-magallanes-presenta-examen-de-grado-doctoral-en-cetys-universidad\\\/#respond\"]}]},{\"@type\":\"WebPage\",\"@id\":\"https:\\\/\\\/www.cetys.mx\\\/noticias\\\/jose-maria-lopez-ortega-magallanes-presenta-examen-de-grado-doctoral-en-cetys-universidad\\\/\",\"url\":\"https:\\\/\\\/www.cetys.mx\\\/noticias\\\/jose-maria-lopez-ortega-magallanes-presenta-examen-de-grado-doctoral-en-cetys-universidad\\\/\",\"name\":\"Jos\u00e9 Mar\u00eda L\u00f3pez Ortega Magallanes presenta examen de grado doctoral en CETYS Universidad - CETYS\",\"isPartOf\":{\"@id\":\"https:\\\/\\\/www.cetys.mx\\\/noticias\\\/#website\"},\"primaryImageOfPage\":{\"@id\":\"https:\\\/\\\/www.cetys.mx\\\/noticias\\\/jose-maria-lopez-ortega-magallanes-presenta-examen-de-grado-doctoral-en-cetys-universidad\\\/#primaryimage\"},\"image\":{\"@id\":\"https:\\\/\\\/www.cetys.mx\\\/noticias\\\/jose-maria-lopez-ortega-magallanes-presenta-examen-de-grado-doctoral-en-cetys-universidad\\\/#primaryimage\"},\"thumbnailUrl\":\"https:\\\/\\\/www.cetys.mx\\\/noticias\\\/wp-content\\\/uploads\\\/2025\\\/02\\\/Doctorado1.jpg\",\"datePublished\":\"2025-02-20T20:57:32+00:00\",\"dateModified\":\"2025-02-27T19:57:44+00:00\",\"author\":{\"@id\":\"https:\\\/\\\/www.cetys.mx\\\/noticias\\\/#\\\/schema\\\/person\\\/79a95c4ac185f3705cf1b9c9340a5f70\"},\"description\":\"Articulo sobre Jos\u00e9 Mar\u00eda L\u00f3pez Ortega Magallanes presenta examen de grado doctoral en CETYS Universidad\",\"breadcrumb\":{\"@id\":\"https:\\\/\\\/www.cetys.mx\\\/noticias\\\/jose-maria-lopez-ortega-magallanes-presenta-examen-de-grado-doctoral-en-cetys-universidad\\\/#breadcrumb\"},\"inLanguage\":\"es\",\"potentialAction\":[{\"@type\":\"ReadAction\",\"target\":[\"https:\\\/\\\/www.cetys.mx\\\/noticias\\\/jose-maria-lopez-ortega-magallanes-presenta-examen-de-grado-doctoral-en-cetys-universidad\\\/\"]}]},{\"@type\":\"ImageObject\",\"inLanguage\":\"es\",\"@id\":\"https:\\\/\\\/www.cetys.mx\\\/noticias\\\/jose-maria-lopez-ortega-magallanes-presenta-examen-de-grado-doctoral-en-cetys-universidad\\\/#primaryimage\",\"url\":\"https:\\\/\\\/www.cetys.mx\\\/noticias\\\/wp-content\\\/uploads\\\/2025\\\/02\\\/Doctorado1.jpg\",\"contentUrl\":\"https:\\\/\\\/www.cetys.mx\\\/noticias\\\/wp-content\\\/uploads\\\/2025\\\/02\\\/Doctorado1.jpg\",\"width\":958,\"height\":639},{\"@type\":\"BreadcrumbList\",\"@id\":\"https:\\\/\\\/www.cetys.mx\\\/noticias\\\/jose-maria-lopez-ortega-magallanes-presenta-examen-de-grado-doctoral-en-cetys-universidad\\\/#breadcrumb\",\"itemListElement\":[{\"@type\":\"ListItem\",\"position\":1,\"name\":\"Inicio\",\"item\":\"https:\\\/\\\/www.cetys.mx\\\/noticias\\\/\"},{\"@type\":\"ListItem\",\"position\":2,\"name\":\"Jos\u00e9 Mar\u00eda L\u00f3pez Ortega Magallanes presenta examen de grado doctoral en CETYS Universidad\"}]},{\"@type\":\"WebSite\",\"@id\":\"https:\\\/\\\/www.cetys.mx\\\/noticias\\\/#website\",\"url\":\"https:\\\/\\\/www.cetys.mx\\\/noticias\\\/\",\"name\":\"CETYS\",\"description\":\"\",\"potentialAction\":[{\"@type\":\"SearchAction\",\"target\":{\"@type\":\"EntryPoint\",\"urlTemplate\":\"https:\\\/\\\/www.cetys.mx\\\/noticias\\\/?s={search_term_string}\"},\"query-input\":{\"@type\":\"PropertyValueSpecification\",\"valueRequired\":true,\"valueName\":\"search_term_string\"}}],\"inLanguage\":\"es\"},{\"@type\":\"Person\",\"@id\":\"https:\\\/\\\/www.cetys.mx\\\/noticias\\\/#\\\/schema\\\/person\\\/79a95c4ac185f3705cf1b9c9340a5f70\",\"name\":\"Campus Mexicali\",\"url\":\"https:\\\/\\\/www.cetys.mx\\\/noticias\\\/author\\\/campusmexicali\\\/\"}]}<\/script>\n<!-- \/ Yoast SEO plugin. -->","yoast_head_json":{"title":"Jos\u00e9 Mar\u00eda L\u00f3pez Ortega Magallanes presenta examen de grado doctoral en CETYS Universidad - CETYS","description":"Articulo sobre Jos\u00e9 Mar\u00eda L\u00f3pez Ortega Magallanes presenta examen de grado doctoral en CETYS Universidad","robots":{"index":"index","follow":"follow","max-snippet":"max-snippet:-1","max-image-preview":"max-image-preview:large","max-video-preview":"max-video-preview:-1"},"canonical":"https:\/\/www.cetys.mx\/noticias\/jose-maria-lopez-ortega-magallanes-presenta-examen-de-grado-doctoral-en-cetys-universidad\/","og_locale":"es_MX","og_type":"article","og_title":"Jos\u00e9 Mar\u00eda L\u00f3pez Ortega Magallanes presenta examen de grado doctoral en CETYS Universidad - CETYS","og_description":"Articulo sobre Jos\u00e9 Mar\u00eda L\u00f3pez Ortega Magallanes presenta examen de grado doctoral en CETYS Universidad","og_url":"https:\/\/www.cetys.mx\/noticias\/jose-maria-lopez-ortega-magallanes-presenta-examen-de-grado-doctoral-en-cetys-universidad\/","og_site_name":"CETYS","article_publisher":"https:\/\/www.facebook.com\/cetysuniversidadmxl\/","article_published_time":"2025-02-20T20:57:32+00:00","article_modified_time":"2025-02-27T19:57:44+00:00","og_image":[{"width":958,"height":639,"url":"https:\/\/www.cetys.mx\/noticias\/wp-content\/uploads\/2025\/02\/Doctorado1.jpg","type":"image\/jpeg"}],"author":"Campus Mexicali","twitter_card":"summary_large_image","twitter_creator":"@cetysuni","twitter_site":"@cetysuni","twitter_misc":{"Escrito por":"Campus Mexicali","Tiempo de lectura":"2 minutos"},"schema":{"@context":"https:\/\/schema.org","@graph":[{"@type":"Article","@id":"https:\/\/www.cetys.mx\/noticias\/jose-maria-lopez-ortega-magallanes-presenta-examen-de-grado-doctoral-en-cetys-universidad\/#article","isPartOf":{"@id":"https:\/\/www.cetys.mx\/noticias\/jose-maria-lopez-ortega-magallanes-presenta-examen-de-grado-doctoral-en-cetys-universidad\/"},"author":{"name":"Campus Mexicali","@id":"https:\/\/www.cetys.mx\/noticias\/#\/schema\/person\/79a95c4ac185f3705cf1b9c9340a5f70"},"headline":"Jos\u00e9 Mar\u00eda L\u00f3pez Ortega Magallanes presenta examen de grado doctoral en CETYS Universidad","datePublished":"2025-02-20T20:57:32+00:00","dateModified":"2025-02-27T19:57:44+00:00","mainEntityOfPage":{"@id":"https:\/\/www.cetys.mx\/noticias\/jose-maria-lopez-ortega-magallanes-presenta-examen-de-grado-doctoral-en-cetys-universidad\/"},"wordCount":341,"commentCount":0,"image":{"@id":"https:\/\/www.cetys.mx\/noticias\/jose-maria-lopez-ortega-magallanes-presenta-examen-de-grado-doctoral-en-cetys-universidad\/#primaryimage"},"thumbnailUrl":"https:\/\/www.cetys.mx\/noticias\/wp-content\/uploads\/2025\/02\/Doctorado1.jpg","keywords":["campusmexicali","DoctoradoenEducacion","vocetys-2025-02-27"],"articleSection":["Campus Mexicali","Portada","Posgrado","VoCETYS"],"inLanguage":"es","potentialAction":[{"@type":"CommentAction","name":"Comment","target":["https:\/\/www.cetys.mx\/noticias\/jose-maria-lopez-ortega-magallanes-presenta-examen-de-grado-doctoral-en-cetys-universidad\/#respond"]}]},{"@type":"WebPage","@id":"https:\/\/www.cetys.mx\/noticias\/jose-maria-lopez-ortega-magallanes-presenta-examen-de-grado-doctoral-en-cetys-universidad\/","url":"https:\/\/www.cetys.mx\/noticias\/jose-maria-lopez-ortega-magallanes-presenta-examen-de-grado-doctoral-en-cetys-universidad\/","name":"Jos\u00e9 Mar\u00eda L\u00f3pez Ortega Magallanes presenta examen de grado doctoral en CETYS Universidad - CETYS","isPartOf":{"@id":"https:\/\/www.cetys.mx\/noticias\/#website"},"primaryImageOfPage":{"@id":"https:\/\/www.cetys.mx\/noticias\/jose-maria-lopez-ortega-magallanes-presenta-examen-de-grado-doctoral-en-cetys-universidad\/#primaryimage"},"image":{"@id":"https:\/\/www.cetys.mx\/noticias\/jose-maria-lopez-ortega-magallanes-presenta-examen-de-grado-doctoral-en-cetys-universidad\/#primaryimage"},"thumbnailUrl":"https:\/\/www.cetys.mx\/noticias\/wp-content\/uploads\/2025\/02\/Doctorado1.jpg","datePublished":"2025-02-20T20:57:32+00:00","dateModified":"2025-02-27T19:57:44+00:00","author":{"@id":"https:\/\/www.cetys.mx\/noticias\/#\/schema\/person\/79a95c4ac185f3705cf1b9c9340a5f70"},"description":"Articulo sobre Jos\u00e9 Mar\u00eda L\u00f3pez Ortega Magallanes presenta examen de grado doctoral en CETYS Universidad","breadcrumb":{"@id":"https:\/\/www.cetys.mx\/noticias\/jose-maria-lopez-ortega-magallanes-presenta-examen-de-grado-doctoral-en-cetys-universidad\/#breadcrumb"},"inLanguage":"es","potentialAction":[{"@type":"ReadAction","target":["https:\/\/www.cetys.mx\/noticias\/jose-maria-lopez-ortega-magallanes-presenta-examen-de-grado-doctoral-en-cetys-universidad\/"]}]},{"@type":"ImageObject","inLanguage":"es","@id":"https:\/\/www.cetys.mx\/noticias\/jose-maria-lopez-ortega-magallanes-presenta-examen-de-grado-doctoral-en-cetys-universidad\/#primaryimage","url":"https:\/\/www.cetys.mx\/noticias\/wp-content\/uploads\/2025\/02\/Doctorado1.jpg","contentUrl":"https:\/\/www.cetys.mx\/noticias\/wp-content\/uploads\/2025\/02\/Doctorado1.jpg","width":958,"height":639},{"@type":"BreadcrumbList","@id":"https:\/\/www.cetys.mx\/noticias\/jose-maria-lopez-ortega-magallanes-presenta-examen-de-grado-doctoral-en-cetys-universidad\/#breadcrumb","itemListElement":[{"@type":"ListItem","position":1,"name":"Inicio","item":"https:\/\/www.cetys.mx\/noticias\/"},{"@type":"ListItem","position":2,"name":"Jos\u00e9 Mar\u00eda L\u00f3pez Ortega Magallanes presenta examen de grado doctoral en CETYS Universidad"}]},{"@type":"WebSite","@id":"https:\/\/www.cetys.mx\/noticias\/#website","url":"https:\/\/www.cetys.mx\/noticias\/","name":"CETYS","description":"","potentialAction":[{"@type":"SearchAction","target":{"@type":"EntryPoint","urlTemplate":"https:\/\/www.cetys.mx\/noticias\/?s={search_term_string}"},"query-input":{"@type":"PropertyValueSpecification","valueRequired":true,"valueName":"search_term_string"}}],"inLanguage":"es"},{"@type":"Person","@id":"https:\/\/www.cetys.mx\/noticias\/#\/schema\/person\/79a95c4ac185f3705cf1b9c9340a5f70","name":"Campus Mexicali","url":"https:\/\/www.cetys.mx\/noticias\/author\/campusmexicali\/"}]}},"_links":{"self":[{"href":"https:\/\/www.cetys.mx\/noticias\/wp-json\/wp\/v2\/posts\/209611","targetHints":{"allow":["GET"]}}],"collection":[{"href":"https:\/\/www.cetys.mx\/noticias\/wp-json\/wp\/v2\/posts"}],"about":[{"href":"https:\/\/www.cetys.mx\/noticias\/wp-json\/wp\/v2\/types\/post"}],"author":[{"embeddable":true,"href":"https:\/\/www.cetys.mx\/noticias\/wp-json\/wp\/v2\/users\/20"}],"replies":[{"embeddable":true,"href":"https:\/\/www.cetys.mx\/noticias\/wp-json\/wp\/v2\/comments?post=209611"}],"version-history":[{"count":1,"href":"https:\/\/www.cetys.mx\/noticias\/wp-json\/wp\/v2\/posts\/209611\/revisions"}],"predecessor-version":[{"id":209615,"href":"https:\/\/www.cetys.mx\/noticias\/wp-json\/wp\/v2\/posts\/209611\/revisions\/209615"}],"wp:featuredmedia":[{"embeddable":true,"href":"https:\/\/www.cetys.mx\/noticias\/wp-json\/wp\/v2\/media\/209613"}],"wp:attachment":[{"href":"https:\/\/www.cetys.mx\/noticias\/wp-json\/wp\/v2\/media?parent=209611"}],"wp:term":[{"taxonomy":"category","embeddable":true,"href":"https:\/\/www.cetys.mx\/noticias\/wp-json\/wp\/v2\/categories?post=209611"},{"taxonomy":"post_tag","embeddable":true,"href":"https:\/\/www.cetys.mx\/noticias\/wp-json\/wp\/v2\/tags?post=209611"}],"curies":[{"name":"wp","href":"https:\/\/api.w.org\/{rel}","templated":true}]}}