{"id":209526,"date":"2025-02-19T13:00:47","date_gmt":"2025-02-19T21:00:47","guid":{"rendered":"https:\/\/www.cetys.mx\/noticias\/?p=209526"},"modified":"2025-02-21T09:04:55","modified_gmt":"2025-02-21T17:04:55","slug":"cetys-y-garco-realizan-firma-de-convenio-y-entrega-de-beca","status":"publish","type":"post","link":"https:\/\/www.cetys.mx\/noticias\/cetys-y-garco-realizan-firma-de-convenio-y-entrega-de-beca\/","title":{"rendered":"CETYS y GARCO realizan firma de convenio y entrega de beca"},"content":{"rendered":"<p><span style=\"font-weight: 400;\">Se llev\u00f3 a cabo la entrega de la <strong>Beca GARCO<\/strong>, un apoyo impulsado por <strong>CETYS Universidad<\/strong> en conjunto con Ernesto Garc\u00eda Manjarr\u00e9z, egresado de la instituci\u00f3n educativa, cuyo objetivo es brindar oportunidades a estudiantes con excelencia acad\u00e9mica.<\/span><\/p>\n<p><span style=\"font-weight: 400;\">En esta edici\u00f3n se reconoci\u00f3 a dos nuevas beneficiadas de esta beca, que cubre el 90% de su colegiatura: <strong>Lluvia Renata Angulo Ortega<\/strong>, alumna de <strong>bachillerato<\/strong> y <strong>Ana Jimena Mac\u00edas Sandoval<\/strong>, estudiante de la<strong> Licenciatura en Contador P\u00fablico Internacional y Finanzas<\/strong>. Ambas j\u00f3venes fueron seleccionadas entre un grupo de aspirantes.<\/span><\/p>\n<p><span style=\"font-weight: 400;\">En el evento estuvieron presentes, Ernesto Garcia y Rosela Cota, el Dr. Mario Dipp N\u00fa\u00f1ez, director de CETYS Universidad Campus Mexicali, la Mtra. Alma Beltr\u00e1n Rosales, Directora de Avance Institucional, la Mtra. Margarita Yep, Directora de apoyos financieros, la Mtra. Carmen Camacho, Directora de Desarrollo y Promoci\u00f3n, la Mtra. Georgina Villalba Cuervo, Directora de Preparatoria CETYS y el Contador p\u00fablico Jorge Alberto Lluis Abarca, Director de administraci\u00f3n y finanzas.<\/span><\/p>\n<p><span style=\"font-weight: 400;\">Adem\u00e1s de la entrega de becas, se realiz\u00f3 la<strong> firma del convenio<\/strong>, con el que se compromete tanto CETYS como GARCO a seguir apoyando a los y las j\u00f3venes que quieren una educaci\u00f3n de excelencia.<\/span><\/p>\n<p><img loading=\"lazy\" decoding=\"async\" class=\"alignnone size-full wp-image-209528\" src=\"https:\/\/www.cetys.mx\/noticias\/wp-content\/uploads\/2025\/02\/DSC_0934.jpg\" alt=\"\" width=\"958\" height=\"599\" srcset=\"https:\/\/www.cetys.mx\/noticias\/wp-content\/uploads\/2025\/02\/DSC_0934.jpg 958w, https:\/\/www.cetys.mx\/noticias\/wp-content\/uploads\/2025\/02\/DSC_0934-768x480.jpg 768w\" sizes=\"auto, (max-width: 958px) 100vw, 958px\" \/><\/p>\n<p><span style=\"font-weight: 400;\">En su mensaje, Ernesto Garc\u00eda Manjarr\u00e9s comparti\u00f3 su orgullo de regresar a su alma mater y poder contribuir al futuro de j\u00f3venes talentosos. \u201cPara m\u00ed, es un honor ser parte de este proceso. La educaci\u00f3n transforma vidas, y me motiva saber que estas becas pueden marcar la diferencia en el futuro de nuestros estudiantes\u201d, expres\u00f3.<\/span><\/p>\n<p><span style=\"font-weight: 400;\">Las alumnas galardonadas tambi\u00e9n dirigieron unas palabras de agradecimiento, destacando la importancia de esta beca en sus trayectorias acad\u00e9micas. \u201cExpreso mi m\u00e1s sincero agradecimiento por haberme otorgado la beca que me permite continuar con mis estudios universitarios. Su apoyo no solo representa una ayuda econ\u00f3mica, sino tambi\u00e9n un voto de confianza a mi potencial y a mi futuro como profesional.\u201d, coment\u00f3 Lluvia Renata Angulo Ortega.<\/span><\/p>\n<p><span style=\"font-weight: 400;\">Por su parte, Ana Jimena Macias Sandoval reafirm\u00f3 su determinaci\u00f3n de aprovechar al m\u00e1ximo esta beca: \u201cRepresenta much\u00edsimo, representa el futuro que quiero para m\u00ed. Estoy sumamente agradecida por la oportunidad que me est\u00e1n brindando y por eso mismo me comprometo a no fallar, a luchar cada d\u00eda, a que si me caigo me levanto con m\u00e1s fuerza que antes. Gracias por pensar en la juventud que tenemos hambre de salir adelante\u201d.<\/span><\/p>\n<p><span style=\"font-weight: 400;\">Con este programa, CETYS Universidad y GARCO, contin\u00faan reafirmando su compromiso con la educaci\u00f3n y el impulso del talento joven, consolidando un impacto positivo en la comunidad de Mexicali a trav\u00e9s del acceso a una educaci\u00f3n de calidad.<\/span><\/p>\n","protected":false},"excerpt":{"rendered":"<p>Se llev\u00f3 a cabo la entrega de la Beca GARCO, un apoyo impulsado por CETYS Universidad en conjunto con Ernesto Garc\u00eda Manjarr\u00e9z,&#8230;<\/p>\n","protected":false},"author":20,"featured_media":209529,"comment_status":"open","ping_status":"closed","sticky":false,"template":"","format":"standard","meta":{"footnotes":""},"categories":[133,125,318,306,313],"tags":[3788,468,7137,7139],"class_list":["post-209526","post","type-post","status-publish","format-standard","has-post-thumbnail","hentry","category-campus-mexicali","category-portada","category-preparatoria","category-profesional","category-vocetys-2","tag-alumnos-becados","tag-beca","tag-beca-garco","tag-vocetys-2025-02-19"],"yoast_head":"<!-- This site is optimized with the Yoast SEO plugin v27.4 - https:\/\/yoast.com\/product\/yoast-seo-wordpress\/ -->\n<title>CETYS y GARCO realizan firma de convenio y entrega de beca - CETYS<\/title>\n<meta name=\"description\" content=\"Articulo sobre CETYS y GARCO realizan firma de convenio y entrega de beca\" \/>\n<meta name=\"robots\" content=\"index, follow, max-snippet:-1, max-image-preview:large, max-video-preview:-1\" \/>\n<link rel=\"canonical\" href=\"https:\/\/www.cetys.mx\/noticias\/cetys-y-garco-realizan-firma-de-convenio-y-entrega-de-beca\/\" \/>\n<meta property=\"og:locale\" content=\"es_MX\" \/>\n<meta property=\"og:type\" content=\"article\" \/>\n<meta property=\"og:title\" content=\"CETYS y GARCO realizan firma de convenio y entrega de beca - CETYS\" \/>\n<meta property=\"og:description\" content=\"Articulo sobre CETYS y GARCO realizan firma de convenio y entrega de beca\" \/>\n<meta property=\"og:url\" content=\"https:\/\/www.cetys.mx\/noticias\/cetys-y-garco-realizan-firma-de-convenio-y-entrega-de-beca\/\" \/>\n<meta property=\"og:site_name\" content=\"CETYS\" \/>\n<meta property=\"article:publisher\" content=\"https:\/\/www.facebook.com\/cetysuniversidadmxl\/\" \/>\n<meta property=\"article:published_time\" content=\"2025-02-19T21:00:47+00:00\" \/>\n<meta property=\"article:modified_time\" content=\"2025-02-21T17:04:55+00:00\" \/>\n<meta property=\"og:image\" content=\"https:\/\/www.cetys.mx\/noticias\/wp-content\/uploads\/2025\/02\/DSC_0969.jpg\" \/>\n\t<meta property=\"og:image:width\" content=\"958\" \/>\n\t<meta property=\"og:image:height\" content=\"599\" \/>\n\t<meta property=\"og:image:type\" content=\"image\/jpeg\" \/>\n<meta name=\"author\" content=\"Campus Mexicali\" \/>\n<meta name=\"twitter:card\" content=\"summary_large_image\" \/>\n<meta name=\"twitter:creator\" content=\"@cetysuni\" \/>\n<meta name=\"twitter:site\" content=\"@cetysuni\" \/>\n<meta name=\"twitter:label1\" content=\"Escrito por\" \/>\n\t<meta name=\"twitter:data1\" content=\"Campus Mexicali\" \/>\n\t<meta name=\"twitter:label2\" content=\"Tiempo de lectura\" \/>\n\t<meta name=\"twitter:data2\" content=\"2 minutos\" \/>\n<script type=\"application\/ld+json\" class=\"yoast-schema-graph\">{\"@context\":\"https:\\\/\\\/schema.org\",\"@graph\":[{\"@type\":\"Article\",\"@id\":\"https:\\\/\\\/www.cetys.mx\\\/noticias\\\/cetys-y-garco-realizan-firma-de-convenio-y-entrega-de-beca\\\/#article\",\"isPartOf\":{\"@id\":\"https:\\\/\\\/www.cetys.mx\\\/noticias\\\/cetys-y-garco-realizan-firma-de-convenio-y-entrega-de-beca\\\/\"},\"author\":{\"name\":\"Campus Mexicali\",\"@id\":\"https:\\\/\\\/www.cetys.mx\\\/noticias\\\/#\\\/schema\\\/person\\\/79a95c4ac185f3705cf1b9c9340a5f70\"},\"headline\":\"CETYS y GARCO realizan firma de convenio y entrega de beca\",\"datePublished\":\"2025-02-19T21:00:47+00:00\",\"dateModified\":\"2025-02-21T17:04:55+00:00\",\"mainEntityOfPage\":{\"@id\":\"https:\\\/\\\/www.cetys.mx\\\/noticias\\\/cetys-y-garco-realizan-firma-de-convenio-y-entrega-de-beca\\\/\"},\"wordCount\":466,\"commentCount\":0,\"image\":{\"@id\":\"https:\\\/\\\/www.cetys.mx\\\/noticias\\\/cetys-y-garco-realizan-firma-de-convenio-y-entrega-de-beca\\\/#primaryimage\"},\"thumbnailUrl\":\"https:\\\/\\\/www.cetys.mx\\\/noticias\\\/wp-content\\\/uploads\\\/2025\\\/02\\\/DSC_0969.jpg\",\"keywords\":[\"Alumnos becados\",\"beca\",\"Beca GARCO\",\"vocetys-2025-02-19\"],\"articleSection\":[\"Campus Mexicali\",\"Portada\",\"Preparatoria\",\"Profesional\",\"VoCETYS\"],\"inLanguage\":\"es\",\"potentialAction\":[{\"@type\":\"CommentAction\",\"name\":\"Comment\",\"target\":[\"https:\\\/\\\/www.cetys.mx\\\/noticias\\\/cetys-y-garco-realizan-firma-de-convenio-y-entrega-de-beca\\\/#respond\"]}]},{\"@type\":\"WebPage\",\"@id\":\"https:\\\/\\\/www.cetys.mx\\\/noticias\\\/cetys-y-garco-realizan-firma-de-convenio-y-entrega-de-beca\\\/\",\"url\":\"https:\\\/\\\/www.cetys.mx\\\/noticias\\\/cetys-y-garco-realizan-firma-de-convenio-y-entrega-de-beca\\\/\",\"name\":\"CETYS y GARCO realizan firma de convenio y entrega de beca - CETYS\",\"isPartOf\":{\"@id\":\"https:\\\/\\\/www.cetys.mx\\\/noticias\\\/#website\"},\"primaryImageOfPage\":{\"@id\":\"https:\\\/\\\/www.cetys.mx\\\/noticias\\\/cetys-y-garco-realizan-firma-de-convenio-y-entrega-de-beca\\\/#primaryimage\"},\"image\":{\"@id\":\"https:\\\/\\\/www.cetys.mx\\\/noticias\\\/cetys-y-garco-realizan-firma-de-convenio-y-entrega-de-beca\\\/#primaryimage\"},\"thumbnailUrl\":\"https:\\\/\\\/www.cetys.mx\\\/noticias\\\/wp-content\\\/uploads\\\/2025\\\/02\\\/DSC_0969.jpg\",\"datePublished\":\"2025-02-19T21:00:47+00:00\",\"dateModified\":\"2025-02-21T17:04:55+00:00\",\"author\":{\"@id\":\"https:\\\/\\\/www.cetys.mx\\\/noticias\\\/#\\\/schema\\\/person\\\/79a95c4ac185f3705cf1b9c9340a5f70\"},\"description\":\"Articulo sobre CETYS y GARCO realizan firma de convenio y entrega de beca\",\"breadcrumb\":{\"@id\":\"https:\\\/\\\/www.cetys.mx\\\/noticias\\\/cetys-y-garco-realizan-firma-de-convenio-y-entrega-de-beca\\\/#breadcrumb\"},\"inLanguage\":\"es\",\"potentialAction\":[{\"@type\":\"ReadAction\",\"target\":[\"https:\\\/\\\/www.cetys.mx\\\/noticias\\\/cetys-y-garco-realizan-firma-de-convenio-y-entrega-de-beca\\\/\"]}]},{\"@type\":\"ImageObject\",\"inLanguage\":\"es\",\"@id\":\"https:\\\/\\\/www.cetys.mx\\\/noticias\\\/cetys-y-garco-realizan-firma-de-convenio-y-entrega-de-beca\\\/#primaryimage\",\"url\":\"https:\\\/\\\/www.cetys.mx\\\/noticias\\\/wp-content\\\/uploads\\\/2025\\\/02\\\/DSC_0969.jpg\",\"contentUrl\":\"https:\\\/\\\/www.cetys.mx\\\/noticias\\\/wp-content\\\/uploads\\\/2025\\\/02\\\/DSC_0969.jpg\",\"width\":958,\"height\":599},{\"@type\":\"BreadcrumbList\",\"@id\":\"https:\\\/\\\/www.cetys.mx\\\/noticias\\\/cetys-y-garco-realizan-firma-de-convenio-y-entrega-de-beca\\\/#breadcrumb\",\"itemListElement\":[{\"@type\":\"ListItem\",\"position\":1,\"name\":\"Inicio\",\"item\":\"https:\\\/\\\/www.cetys.mx\\\/noticias\\\/\"},{\"@type\":\"ListItem\",\"position\":2,\"name\":\"CETYS y GARCO realizan firma de convenio y entrega de beca\"}]},{\"@type\":\"WebSite\",\"@id\":\"https:\\\/\\\/www.cetys.mx\\\/noticias\\\/#website\",\"url\":\"https:\\\/\\\/www.cetys.mx\\\/noticias\\\/\",\"name\":\"CETYS\",\"description\":\"\",\"potentialAction\":[{\"@type\":\"SearchAction\",\"target\":{\"@type\":\"EntryPoint\",\"urlTemplate\":\"https:\\\/\\\/www.cetys.mx\\\/noticias\\\/?s={search_term_string}\"},\"query-input\":{\"@type\":\"PropertyValueSpecification\",\"valueRequired\":true,\"valueName\":\"search_term_string\"}}],\"inLanguage\":\"es\"},{\"@type\":\"Person\",\"@id\":\"https:\\\/\\\/www.cetys.mx\\\/noticias\\\/#\\\/schema\\\/person\\\/79a95c4ac185f3705cf1b9c9340a5f70\",\"name\":\"Campus Mexicali\",\"url\":\"https:\\\/\\\/www.cetys.mx\\\/noticias\\\/author\\\/campusmexicali\\\/\"}]}<\/script>\n<!-- \/ Yoast SEO plugin. -->","yoast_head_json":{"title":"CETYS y GARCO realizan firma de convenio y entrega de beca - CETYS","description":"Articulo sobre CETYS y GARCO realizan firma de convenio y entrega de beca","robots":{"index":"index","follow":"follow","max-snippet":"max-snippet:-1","max-image-preview":"max-image-preview:large","max-video-preview":"max-video-preview:-1"},"canonical":"https:\/\/www.cetys.mx\/noticias\/cetys-y-garco-realizan-firma-de-convenio-y-entrega-de-beca\/","og_locale":"es_MX","og_type":"article","og_title":"CETYS y GARCO realizan firma de convenio y entrega de beca - CETYS","og_description":"Articulo sobre CETYS y GARCO realizan firma de convenio y entrega de beca","og_url":"https:\/\/www.cetys.mx\/noticias\/cetys-y-garco-realizan-firma-de-convenio-y-entrega-de-beca\/","og_site_name":"CETYS","article_publisher":"https:\/\/www.facebook.com\/cetysuniversidadmxl\/","article_published_time":"2025-02-19T21:00:47+00:00","article_modified_time":"2025-02-21T17:04:55+00:00","og_image":[{"width":958,"height":599,"url":"https:\/\/www.cetys.mx\/noticias\/wp-content\/uploads\/2025\/02\/DSC_0969.jpg","type":"image\/jpeg"}],"author":"Campus Mexicali","twitter_card":"summary_large_image","twitter_creator":"@cetysuni","twitter_site":"@cetysuni","twitter_misc":{"Escrito por":"Campus Mexicali","Tiempo de lectura":"2 minutos"},"schema":{"@context":"https:\/\/schema.org","@graph":[{"@type":"Article","@id":"https:\/\/www.cetys.mx\/noticias\/cetys-y-garco-realizan-firma-de-convenio-y-entrega-de-beca\/#article","isPartOf":{"@id":"https:\/\/www.cetys.mx\/noticias\/cetys-y-garco-realizan-firma-de-convenio-y-entrega-de-beca\/"},"author":{"name":"Campus Mexicali","@id":"https:\/\/www.cetys.mx\/noticias\/#\/schema\/person\/79a95c4ac185f3705cf1b9c9340a5f70"},"headline":"CETYS y GARCO realizan firma de convenio y entrega de beca","datePublished":"2025-02-19T21:00:47+00:00","dateModified":"2025-02-21T17:04:55+00:00","mainEntityOfPage":{"@id":"https:\/\/www.cetys.mx\/noticias\/cetys-y-garco-realizan-firma-de-convenio-y-entrega-de-beca\/"},"wordCount":466,"commentCount":0,"image":{"@id":"https:\/\/www.cetys.mx\/noticias\/cetys-y-garco-realizan-firma-de-convenio-y-entrega-de-beca\/#primaryimage"},"thumbnailUrl":"https:\/\/www.cetys.mx\/noticias\/wp-content\/uploads\/2025\/02\/DSC_0969.jpg","keywords":["Alumnos becados","beca","Beca GARCO","vocetys-2025-02-19"],"articleSection":["Campus Mexicali","Portada","Preparatoria","Profesional","VoCETYS"],"inLanguage":"es","potentialAction":[{"@type":"CommentAction","name":"Comment","target":["https:\/\/www.cetys.mx\/noticias\/cetys-y-garco-realizan-firma-de-convenio-y-entrega-de-beca\/#respond"]}]},{"@type":"WebPage","@id":"https:\/\/www.cetys.mx\/noticias\/cetys-y-garco-realizan-firma-de-convenio-y-entrega-de-beca\/","url":"https:\/\/www.cetys.mx\/noticias\/cetys-y-garco-realizan-firma-de-convenio-y-entrega-de-beca\/","name":"CETYS y GARCO realizan firma de convenio y entrega de beca - CETYS","isPartOf":{"@id":"https:\/\/www.cetys.mx\/noticias\/#website"},"primaryImageOfPage":{"@id":"https:\/\/www.cetys.mx\/noticias\/cetys-y-garco-realizan-firma-de-convenio-y-entrega-de-beca\/#primaryimage"},"image":{"@id":"https:\/\/www.cetys.mx\/noticias\/cetys-y-garco-realizan-firma-de-convenio-y-entrega-de-beca\/#primaryimage"},"thumbnailUrl":"https:\/\/www.cetys.mx\/noticias\/wp-content\/uploads\/2025\/02\/DSC_0969.jpg","datePublished":"2025-02-19T21:00:47+00:00","dateModified":"2025-02-21T17:04:55+00:00","author":{"@id":"https:\/\/www.cetys.mx\/noticias\/#\/schema\/person\/79a95c4ac185f3705cf1b9c9340a5f70"},"description":"Articulo sobre CETYS y GARCO realizan firma de convenio y entrega de beca","breadcrumb":{"@id":"https:\/\/www.cetys.mx\/noticias\/cetys-y-garco-realizan-firma-de-convenio-y-entrega-de-beca\/#breadcrumb"},"inLanguage":"es","potentialAction":[{"@type":"ReadAction","target":["https:\/\/www.cetys.mx\/noticias\/cetys-y-garco-realizan-firma-de-convenio-y-entrega-de-beca\/"]}]},{"@type":"ImageObject","inLanguage":"es","@id":"https:\/\/www.cetys.mx\/noticias\/cetys-y-garco-realizan-firma-de-convenio-y-entrega-de-beca\/#primaryimage","url":"https:\/\/www.cetys.mx\/noticias\/wp-content\/uploads\/2025\/02\/DSC_0969.jpg","contentUrl":"https:\/\/www.cetys.mx\/noticias\/wp-content\/uploads\/2025\/02\/DSC_0969.jpg","width":958,"height":599},{"@type":"BreadcrumbList","@id":"https:\/\/www.cetys.mx\/noticias\/cetys-y-garco-realizan-firma-de-convenio-y-entrega-de-beca\/#breadcrumb","itemListElement":[{"@type":"ListItem","position":1,"name":"Inicio","item":"https:\/\/www.cetys.mx\/noticias\/"},{"@type":"ListItem","position":2,"name":"CETYS y GARCO realizan firma de convenio y entrega de beca"}]},{"@type":"WebSite","@id":"https:\/\/www.cetys.mx\/noticias\/#website","url":"https:\/\/www.cetys.mx\/noticias\/","name":"CETYS","description":"","potentialAction":[{"@type":"SearchAction","target":{"@type":"EntryPoint","urlTemplate":"https:\/\/www.cetys.mx\/noticias\/?s={search_term_string}"},"query-input":{"@type":"PropertyValueSpecification","valueRequired":true,"valueName":"search_term_string"}}],"inLanguage":"es"},{"@type":"Person","@id":"https:\/\/www.cetys.mx\/noticias\/#\/schema\/person\/79a95c4ac185f3705cf1b9c9340a5f70","name":"Campus Mexicali","url":"https:\/\/www.cetys.mx\/noticias\/author\/campusmexicali\/"}]}},"_links":{"self":[{"href":"https:\/\/www.cetys.mx\/noticias\/wp-json\/wp\/v2\/posts\/209526","targetHints":{"allow":["GET"]}}],"collection":[{"href":"https:\/\/www.cetys.mx\/noticias\/wp-json\/wp\/v2\/posts"}],"about":[{"href":"https:\/\/www.cetys.mx\/noticias\/wp-json\/wp\/v2\/types\/post"}],"author":[{"embeddable":true,"href":"https:\/\/www.cetys.mx\/noticias\/wp-json\/wp\/v2\/users\/20"}],"replies":[{"embeddable":true,"href":"https:\/\/www.cetys.mx\/noticias\/wp-json\/wp\/v2\/comments?post=209526"}],"version-history":[{"count":4,"href":"https:\/\/www.cetys.mx\/noticias\/wp-json\/wp\/v2\/posts\/209526\/revisions"}],"predecessor-version":[{"id":209639,"href":"https:\/\/www.cetys.mx\/noticias\/wp-json\/wp\/v2\/posts\/209526\/revisions\/209639"}],"wp:featuredmedia":[{"embeddable":true,"href":"https:\/\/www.cetys.mx\/noticias\/wp-json\/wp\/v2\/media\/209529"}],"wp:attachment":[{"href":"https:\/\/www.cetys.mx\/noticias\/wp-json\/wp\/v2\/media?parent=209526"}],"wp:term":[{"taxonomy":"category","embeddable":true,"href":"https:\/\/www.cetys.mx\/noticias\/wp-json\/wp\/v2\/categories?post=209526"},{"taxonomy":"post_tag","embeddable":true,"href":"https:\/\/www.cetys.mx\/noticias\/wp-json\/wp\/v2\/tags?post=209526"}],"curies":[{"name":"wp","href":"https:\/\/api.w.org\/{rel}","templated":true}]}}