{"id":209522,"date":"2025-02-19T11:20:25","date_gmt":"2025-02-19T19:20:25","guid":{"rendered":"https:\/\/www.cetys.mx\/noticias\/?p=209522"},"modified":"2025-02-21T15:46:36","modified_gmt":"2025-02-21T23:46:36","slug":"arranque-del-doctorado-en-educacion-en-cetys-universidad-un-programa-de-alcance-internacional","status":"publish","type":"post","link":"https:\/\/www.cetys.mx\/noticias\/arranque-del-doctorado-en-educacion-en-cetys-universidad-un-programa-de-alcance-internacional\/","title":{"rendered":"Arranque del Doctorado en Educaci\u00f3n en CETYS Universidad, un programa de alcance internacional"},"content":{"rendered":"<p><span style=\"font-weight: 400;\">Hacia el final de 2024, CETYS Universidad dio inicio al Doctorado en Educaci\u00f3n en modalidad virtual s\u00edncrona. La jornada inaugural cont\u00f3 con un panel de expertos en el \u00e1mbito educativo: el Dr. Miguel \u00c1ngel Zabalza Beraza (Universidad de Santiago de Compostela, Espa\u00f1a), el Dr. Eduardo Romero S\u00e1nchez (Universidad de Murcia, Espa\u00f1a) y el Dr. Alberto G\u00e1rate Rivera, Vicerrector Acad\u00e9mico del Sistema CETYS Universidad.\u00a0<\/span><\/p>\n<p><span style=\"font-weight: 400;\">Durante el panel inaugural, los expertos discutieron los retos actuales en la educaci\u00f3n, la importancia del trayecto formativo en un doctorado en educaci\u00f3n y ofrecieron recomendaciones clave para que los estudiantes transiten con \u00e9xito en su formaci\u00f3n acad\u00e9mica.<\/span><\/p>\n<p><span style=\"font-weight: 400;\">La primera generaci\u00f3n de futuros doctores en Educaci\u00f3n bajo esta modalidad re\u00fane a una comunidad diversa de estudiantes, originarios tanto de Baja California como de localidades ubicadas en Washington, California y Arizona, Estados Unidos, lo que resalta el alcance internacional del programa.\u00a0<\/span><\/p>\n<p><span style=\"font-weight: 400;\">El grupo est\u00e1 compuesto por profesionales de distintos perfiles, incluyendo ingenieros, administradores, psic\u00f3logos y especialistas en disciplinas como la m\u00fasica.\u00a0<\/span><\/p>\n<p><span style=\"font-weight: 400;\">&#8220;Mi motivo principal para estudiar el doctorado en educaci\u00f3n es tener la oportunidad de aportar un proyecto que sirva como fundamento, herramienta o reflexi\u00f3n para la educaci\u00f3n contempor\u00e1nea. Otras motivaciones son: aprender nuevas habilidades avanzadas, colaborar con nuevas personas y estar inmersa en un contexto educativo que expande sus oportunidades y \u00e1reas de estudio a otros pa\u00edses&#8221;, comparti\u00f3 la estudiante Alondra Neidaly Monge Chaidez.<\/span><\/p>\n<p><span style=\"font-weight: 400;\">Destac\u00f3 que eligi\u00f3 a CETYS Universidad para esta etapa de sus estudios de posgrado debido a las oportunidades acad\u00e9micas e internacionales que ofrece la Instituci\u00f3n. &#8220;Desde el primer d\u00eda de clases, me sent\u00ed bienvenida en el programa por parte de los maestros y mis compa\u00f1eros. Todos compartimos un objetivo en com\u00fan: continuar nuestra preparaci\u00f3n profesional para contribuir en nuestro contexto educativo o laboral. En CETYS, el apoyo de la comunidad es constante, lo que me ha permitido sentirme en total confianza&#8221;.<\/span><\/p>\n<p><span style=\"font-weight: 400;\">El Doctorado en Educaci\u00f3n de CETYS Universidad se perfila como una plataforma de formaci\u00f3n avanzada que conecta a profesionales de diversas \u00e1reas con el objetivo de generar impacto en el \u00e1mbito educativo, tanto en M\u00e9xico como a nivel internacional.<\/span><\/p>\n<p>&nbsp;<\/p>\n","protected":false},"excerpt":{"rendered":"<p>Hacia el final de 2024, CETYS Universidad dio inicio al Doctorado en Educaci\u00f3n en modalidad virtual s\u00edncrona. La jornada inaugural cont\u00f3 con&#8230;<\/p>\n","protected":false},"author":26,"featured_media":209523,"comment_status":"open","ping_status":"closed","sticky":false,"template":"","format":"standard","meta":{"footnotes":""},"categories":[209,125,309],"tags":[],"class_list":["post-209522","post","type-post","status-publish","format-standard","has-post-thumbnail","hentry","category-institucional","category-portada","category-posgrado"],"yoast_head":"<!-- This site is optimized with the Yoast SEO plugin v27.4 - https:\/\/yoast.com\/product\/yoast-seo-wordpress\/ -->\n<title>Arranque del Doctorado en Educaci\u00f3n en CETYS Universidad, un programa de alcance internacional - CETYS<\/title>\n<meta name=\"description\" content=\"Articulo sobre Arranque del Doctorado en Educaci\u00f3n en CETYS Universidad, un programa de alcance internacional\" \/>\n<meta name=\"robots\" content=\"index, follow, max-snippet:-1, max-image-preview:large, max-video-preview:-1\" \/>\n<link rel=\"canonical\" href=\"https:\/\/www.cetys.mx\/noticias\/arranque-del-doctorado-en-educacion-en-cetys-universidad-un-programa-de-alcance-internacional\/\" \/>\n<meta property=\"og:locale\" content=\"es_MX\" \/>\n<meta property=\"og:type\" content=\"article\" \/>\n<meta property=\"og:title\" content=\"Arranque del Doctorado en Educaci\u00f3n en CETYS Universidad, un programa de alcance internacional - CETYS\" \/>\n<meta property=\"og:description\" content=\"Articulo sobre Arranque del Doctorado en Educaci\u00f3n en CETYS Universidad, un programa de alcance internacional\" \/>\n<meta property=\"og:url\" content=\"https:\/\/www.cetys.mx\/noticias\/arranque-del-doctorado-en-educacion-en-cetys-universidad-un-programa-de-alcance-internacional\/\" \/>\n<meta property=\"og:site_name\" content=\"CETYS\" \/>\n<meta property=\"article:publisher\" content=\"https:\/\/www.facebook.com\/cetysuniversidadmxl\/\" \/>\n<meta property=\"article:published_time\" content=\"2025-02-19T19:20:25+00:00\" \/>\n<meta property=\"article:modified_time\" content=\"2025-02-21T23:46:36+00:00\" \/>\n<meta property=\"og:image\" content=\"https:\/\/www.cetys.mx\/noticias\/wp-content\/uploads\/2025\/02\/Arranque-del-Doctorado-en-Educacion.png\" \/>\n\t<meta property=\"og:image:width\" content=\"958\" \/>\n\t<meta property=\"og:image:height\" content=\"637\" \/>\n\t<meta property=\"og:image:type\" content=\"image\/png\" \/>\n<meta name=\"author\" content=\"CETYS Institucional\" \/>\n<meta name=\"twitter:card\" content=\"summary_large_image\" \/>\n<meta name=\"twitter:creator\" content=\"@cetysuni\" \/>\n<meta name=\"twitter:site\" content=\"@cetysuni\" \/>\n<meta name=\"twitter:label1\" content=\"Escrito por\" \/>\n\t<meta name=\"twitter:data1\" content=\"CETYS Institucional\" \/>\n\t<meta name=\"twitter:label2\" content=\"Tiempo de lectura\" \/>\n\t<meta name=\"twitter:data2\" content=\"2 minutos\" \/>\n<script type=\"application\/ld+json\" class=\"yoast-schema-graph\">{\"@context\":\"https:\\\/\\\/schema.org\",\"@graph\":[{\"@type\":\"Article\",\"@id\":\"https:\\\/\\\/www.cetys.mx\\\/noticias\\\/arranque-del-doctorado-en-educacion-en-cetys-universidad-un-programa-de-alcance-internacional\\\/#article\",\"isPartOf\":{\"@id\":\"https:\\\/\\\/www.cetys.mx\\\/noticias\\\/arranque-del-doctorado-en-educacion-en-cetys-universidad-un-programa-de-alcance-internacional\\\/\"},\"author\":{\"name\":\"CETYS Institucional\",\"@id\":\"https:\\\/\\\/www.cetys.mx\\\/noticias\\\/#\\\/schema\\\/person\\\/e9d2b35265b64aa454df57a2828eb2ac\"},\"headline\":\"Arranque del Doctorado en Educaci\u00f3n en CETYS Universidad, un programa de alcance internacional\",\"datePublished\":\"2025-02-19T19:20:25+00:00\",\"dateModified\":\"2025-02-21T23:46:36+00:00\",\"mainEntityOfPage\":{\"@id\":\"https:\\\/\\\/www.cetys.mx\\\/noticias\\\/arranque-del-doctorado-en-educacion-en-cetys-universidad-un-programa-de-alcance-internacional\\\/\"},\"wordCount\":391,\"commentCount\":0,\"image\":{\"@id\":\"https:\\\/\\\/www.cetys.mx\\\/noticias\\\/arranque-del-doctorado-en-educacion-en-cetys-universidad-un-programa-de-alcance-internacional\\\/#primaryimage\"},\"thumbnailUrl\":\"https:\\\/\\\/www.cetys.mx\\\/noticias\\\/wp-content\\\/uploads\\\/2025\\\/02\\\/Arranque-del-Doctorado-en-Educacion.png\",\"articleSection\":[\"Institucional\",\"Portada\",\"Posgrado\"],\"inLanguage\":\"es\",\"potentialAction\":[{\"@type\":\"CommentAction\",\"name\":\"Comment\",\"target\":[\"https:\\\/\\\/www.cetys.mx\\\/noticias\\\/arranque-del-doctorado-en-educacion-en-cetys-universidad-un-programa-de-alcance-internacional\\\/#respond\"]}]},{\"@type\":\"WebPage\",\"@id\":\"https:\\\/\\\/www.cetys.mx\\\/noticias\\\/arranque-del-doctorado-en-educacion-en-cetys-universidad-un-programa-de-alcance-internacional\\\/\",\"url\":\"https:\\\/\\\/www.cetys.mx\\\/noticias\\\/arranque-del-doctorado-en-educacion-en-cetys-universidad-un-programa-de-alcance-internacional\\\/\",\"name\":\"Arranque del Doctorado en Educaci\u00f3n en CETYS Universidad, un programa de alcance internacional - CETYS\",\"isPartOf\":{\"@id\":\"https:\\\/\\\/www.cetys.mx\\\/noticias\\\/#website\"},\"primaryImageOfPage\":{\"@id\":\"https:\\\/\\\/www.cetys.mx\\\/noticias\\\/arranque-del-doctorado-en-educacion-en-cetys-universidad-un-programa-de-alcance-internacional\\\/#primaryimage\"},\"image\":{\"@id\":\"https:\\\/\\\/www.cetys.mx\\\/noticias\\\/arranque-del-doctorado-en-educacion-en-cetys-universidad-un-programa-de-alcance-internacional\\\/#primaryimage\"},\"thumbnailUrl\":\"https:\\\/\\\/www.cetys.mx\\\/noticias\\\/wp-content\\\/uploads\\\/2025\\\/02\\\/Arranque-del-Doctorado-en-Educacion.png\",\"datePublished\":\"2025-02-19T19:20:25+00:00\",\"dateModified\":\"2025-02-21T23:46:36+00:00\",\"author\":{\"@id\":\"https:\\\/\\\/www.cetys.mx\\\/noticias\\\/#\\\/schema\\\/person\\\/e9d2b35265b64aa454df57a2828eb2ac\"},\"description\":\"Articulo sobre Arranque del Doctorado en Educaci\u00f3n en CETYS Universidad, un programa de alcance internacional\",\"breadcrumb\":{\"@id\":\"https:\\\/\\\/www.cetys.mx\\\/noticias\\\/arranque-del-doctorado-en-educacion-en-cetys-universidad-un-programa-de-alcance-internacional\\\/#breadcrumb\"},\"inLanguage\":\"es\",\"potentialAction\":[{\"@type\":\"ReadAction\",\"target\":[\"https:\\\/\\\/www.cetys.mx\\\/noticias\\\/arranque-del-doctorado-en-educacion-en-cetys-universidad-un-programa-de-alcance-internacional\\\/\"]}]},{\"@type\":\"ImageObject\",\"inLanguage\":\"es\",\"@id\":\"https:\\\/\\\/www.cetys.mx\\\/noticias\\\/arranque-del-doctorado-en-educacion-en-cetys-universidad-un-programa-de-alcance-internacional\\\/#primaryimage\",\"url\":\"https:\\\/\\\/www.cetys.mx\\\/noticias\\\/wp-content\\\/uploads\\\/2025\\\/02\\\/Arranque-del-Doctorado-en-Educacion.png\",\"contentUrl\":\"https:\\\/\\\/www.cetys.mx\\\/noticias\\\/wp-content\\\/uploads\\\/2025\\\/02\\\/Arranque-del-Doctorado-en-Educacion.png\",\"width\":958,\"height\":637},{\"@type\":\"BreadcrumbList\",\"@id\":\"https:\\\/\\\/www.cetys.mx\\\/noticias\\\/arranque-del-doctorado-en-educacion-en-cetys-universidad-un-programa-de-alcance-internacional\\\/#breadcrumb\",\"itemListElement\":[{\"@type\":\"ListItem\",\"position\":1,\"name\":\"Inicio\",\"item\":\"https:\\\/\\\/www.cetys.mx\\\/noticias\\\/\"},{\"@type\":\"ListItem\",\"position\":2,\"name\":\"Arranque del Doctorado en Educaci\u00f3n en CETYS Universidad, un programa de alcance internacional\"}]},{\"@type\":\"WebSite\",\"@id\":\"https:\\\/\\\/www.cetys.mx\\\/noticias\\\/#website\",\"url\":\"https:\\\/\\\/www.cetys.mx\\\/noticias\\\/\",\"name\":\"CETYS\",\"description\":\"\",\"potentialAction\":[{\"@type\":\"SearchAction\",\"target\":{\"@type\":\"EntryPoint\",\"urlTemplate\":\"https:\\\/\\\/www.cetys.mx\\\/noticias\\\/?s={search_term_string}\"},\"query-input\":{\"@type\":\"PropertyValueSpecification\",\"valueRequired\":true,\"valueName\":\"search_term_string\"}}],\"inLanguage\":\"es\"},{\"@type\":\"Person\",\"@id\":\"https:\\\/\\\/www.cetys.mx\\\/noticias\\\/#\\\/schema\\\/person\\\/e9d2b35265b64aa454df57a2828eb2ac\",\"name\":\"CETYS Institucional\",\"url\":\"https:\\\/\\\/www.cetys.mx\\\/noticias\\\/author\\\/cetysinstitucional\\\/\"}]}<\/script>\n<!-- \/ Yoast SEO plugin. -->","yoast_head_json":{"title":"Arranque del Doctorado en Educaci\u00f3n en CETYS Universidad, un programa de alcance internacional - CETYS","description":"Articulo sobre Arranque del Doctorado en Educaci\u00f3n en CETYS Universidad, un programa de alcance internacional","robots":{"index":"index","follow":"follow","max-snippet":"max-snippet:-1","max-image-preview":"max-image-preview:large","max-video-preview":"max-video-preview:-1"},"canonical":"https:\/\/www.cetys.mx\/noticias\/arranque-del-doctorado-en-educacion-en-cetys-universidad-un-programa-de-alcance-internacional\/","og_locale":"es_MX","og_type":"article","og_title":"Arranque del Doctorado en Educaci\u00f3n en CETYS Universidad, un programa de alcance internacional - CETYS","og_description":"Articulo sobre Arranque del Doctorado en Educaci\u00f3n en CETYS Universidad, un programa de alcance internacional","og_url":"https:\/\/www.cetys.mx\/noticias\/arranque-del-doctorado-en-educacion-en-cetys-universidad-un-programa-de-alcance-internacional\/","og_site_name":"CETYS","article_publisher":"https:\/\/www.facebook.com\/cetysuniversidadmxl\/","article_published_time":"2025-02-19T19:20:25+00:00","article_modified_time":"2025-02-21T23:46:36+00:00","og_image":[{"width":958,"height":637,"url":"https:\/\/www.cetys.mx\/noticias\/wp-content\/uploads\/2025\/02\/Arranque-del-Doctorado-en-Educacion.png","type":"image\/png"}],"author":"CETYS Institucional","twitter_card":"summary_large_image","twitter_creator":"@cetysuni","twitter_site":"@cetysuni","twitter_misc":{"Escrito por":"CETYS Institucional","Tiempo de lectura":"2 minutos"},"schema":{"@context":"https:\/\/schema.org","@graph":[{"@type":"Article","@id":"https:\/\/www.cetys.mx\/noticias\/arranque-del-doctorado-en-educacion-en-cetys-universidad-un-programa-de-alcance-internacional\/#article","isPartOf":{"@id":"https:\/\/www.cetys.mx\/noticias\/arranque-del-doctorado-en-educacion-en-cetys-universidad-un-programa-de-alcance-internacional\/"},"author":{"name":"CETYS Institucional","@id":"https:\/\/www.cetys.mx\/noticias\/#\/schema\/person\/e9d2b35265b64aa454df57a2828eb2ac"},"headline":"Arranque del Doctorado en Educaci\u00f3n en CETYS Universidad, un programa de alcance internacional","datePublished":"2025-02-19T19:20:25+00:00","dateModified":"2025-02-21T23:46:36+00:00","mainEntityOfPage":{"@id":"https:\/\/www.cetys.mx\/noticias\/arranque-del-doctorado-en-educacion-en-cetys-universidad-un-programa-de-alcance-internacional\/"},"wordCount":391,"commentCount":0,"image":{"@id":"https:\/\/www.cetys.mx\/noticias\/arranque-del-doctorado-en-educacion-en-cetys-universidad-un-programa-de-alcance-internacional\/#primaryimage"},"thumbnailUrl":"https:\/\/www.cetys.mx\/noticias\/wp-content\/uploads\/2025\/02\/Arranque-del-Doctorado-en-Educacion.png","articleSection":["Institucional","Portada","Posgrado"],"inLanguage":"es","potentialAction":[{"@type":"CommentAction","name":"Comment","target":["https:\/\/www.cetys.mx\/noticias\/arranque-del-doctorado-en-educacion-en-cetys-universidad-un-programa-de-alcance-internacional\/#respond"]}]},{"@type":"WebPage","@id":"https:\/\/www.cetys.mx\/noticias\/arranque-del-doctorado-en-educacion-en-cetys-universidad-un-programa-de-alcance-internacional\/","url":"https:\/\/www.cetys.mx\/noticias\/arranque-del-doctorado-en-educacion-en-cetys-universidad-un-programa-de-alcance-internacional\/","name":"Arranque del Doctorado en Educaci\u00f3n en CETYS Universidad, un programa de alcance internacional - CETYS","isPartOf":{"@id":"https:\/\/www.cetys.mx\/noticias\/#website"},"primaryImageOfPage":{"@id":"https:\/\/www.cetys.mx\/noticias\/arranque-del-doctorado-en-educacion-en-cetys-universidad-un-programa-de-alcance-internacional\/#primaryimage"},"image":{"@id":"https:\/\/www.cetys.mx\/noticias\/arranque-del-doctorado-en-educacion-en-cetys-universidad-un-programa-de-alcance-internacional\/#primaryimage"},"thumbnailUrl":"https:\/\/www.cetys.mx\/noticias\/wp-content\/uploads\/2025\/02\/Arranque-del-Doctorado-en-Educacion.png","datePublished":"2025-02-19T19:20:25+00:00","dateModified":"2025-02-21T23:46:36+00:00","author":{"@id":"https:\/\/www.cetys.mx\/noticias\/#\/schema\/person\/e9d2b35265b64aa454df57a2828eb2ac"},"description":"Articulo sobre Arranque del Doctorado en Educaci\u00f3n en CETYS Universidad, un programa de alcance internacional","breadcrumb":{"@id":"https:\/\/www.cetys.mx\/noticias\/arranque-del-doctorado-en-educacion-en-cetys-universidad-un-programa-de-alcance-internacional\/#breadcrumb"},"inLanguage":"es","potentialAction":[{"@type":"ReadAction","target":["https:\/\/www.cetys.mx\/noticias\/arranque-del-doctorado-en-educacion-en-cetys-universidad-un-programa-de-alcance-internacional\/"]}]},{"@type":"ImageObject","inLanguage":"es","@id":"https:\/\/www.cetys.mx\/noticias\/arranque-del-doctorado-en-educacion-en-cetys-universidad-un-programa-de-alcance-internacional\/#primaryimage","url":"https:\/\/www.cetys.mx\/noticias\/wp-content\/uploads\/2025\/02\/Arranque-del-Doctorado-en-Educacion.png","contentUrl":"https:\/\/www.cetys.mx\/noticias\/wp-content\/uploads\/2025\/02\/Arranque-del-Doctorado-en-Educacion.png","width":958,"height":637},{"@type":"BreadcrumbList","@id":"https:\/\/www.cetys.mx\/noticias\/arranque-del-doctorado-en-educacion-en-cetys-universidad-un-programa-de-alcance-internacional\/#breadcrumb","itemListElement":[{"@type":"ListItem","position":1,"name":"Inicio","item":"https:\/\/www.cetys.mx\/noticias\/"},{"@type":"ListItem","position":2,"name":"Arranque del Doctorado en Educaci\u00f3n en CETYS Universidad, un programa de alcance internacional"}]},{"@type":"WebSite","@id":"https:\/\/www.cetys.mx\/noticias\/#website","url":"https:\/\/www.cetys.mx\/noticias\/","name":"CETYS","description":"","potentialAction":[{"@type":"SearchAction","target":{"@type":"EntryPoint","urlTemplate":"https:\/\/www.cetys.mx\/noticias\/?s={search_term_string}"},"query-input":{"@type":"PropertyValueSpecification","valueRequired":true,"valueName":"search_term_string"}}],"inLanguage":"es"},{"@type":"Person","@id":"https:\/\/www.cetys.mx\/noticias\/#\/schema\/person\/e9d2b35265b64aa454df57a2828eb2ac","name":"CETYS Institucional","url":"https:\/\/www.cetys.mx\/noticias\/author\/cetysinstitucional\/"}]}},"_links":{"self":[{"href":"https:\/\/www.cetys.mx\/noticias\/wp-json\/wp\/v2\/posts\/209522","targetHints":{"allow":["GET"]}}],"collection":[{"href":"https:\/\/www.cetys.mx\/noticias\/wp-json\/wp\/v2\/posts"}],"about":[{"href":"https:\/\/www.cetys.mx\/noticias\/wp-json\/wp\/v2\/types\/post"}],"author":[{"embeddable":true,"href":"https:\/\/www.cetys.mx\/noticias\/wp-json\/wp\/v2\/users\/26"}],"replies":[{"embeddable":true,"href":"https:\/\/www.cetys.mx\/noticias\/wp-json\/wp\/v2\/comments?post=209522"}],"version-history":[{"count":1,"href":"https:\/\/www.cetys.mx\/noticias\/wp-json\/wp\/v2\/posts\/209522\/revisions"}],"predecessor-version":[{"id":209524,"href":"https:\/\/www.cetys.mx\/noticias\/wp-json\/wp\/v2\/posts\/209522\/revisions\/209524"}],"wp:featuredmedia":[{"embeddable":true,"href":"https:\/\/www.cetys.mx\/noticias\/wp-json\/wp\/v2\/media\/209523"}],"wp:attachment":[{"href":"https:\/\/www.cetys.mx\/noticias\/wp-json\/wp\/v2\/media?parent=209522"}],"wp:term":[{"taxonomy":"category","embeddable":true,"href":"https:\/\/www.cetys.mx\/noticias\/wp-json\/wp\/v2\/categories?post=209522"},{"taxonomy":"post_tag","embeddable":true,"href":"https:\/\/www.cetys.mx\/noticias\/wp-json\/wp\/v2\/tags?post=209522"}],"curies":[{"name":"wp","href":"https:\/\/api.w.org\/{rel}","templated":true}]}}