{"id":208736,"date":"2025-01-31T15:37:41","date_gmt":"2025-01-31T23:37:41","guid":{"rendered":"https:\/\/www.cetys.mx\/noticias\/?p=208736"},"modified":"2025-02-06T11:53:42","modified_gmt":"2025-02-06T19:53:42","slug":"rector-de-cetys-compartio-el-avance-de-la-institucion-rumbo-a-una-experiencia-transformadora","status":"publish","type":"post","link":"https:\/\/www.cetys.mx\/noticias\/rector-de-cetys-compartio-el-avance-de-la-institucion-rumbo-a-una-experiencia-transformadora\/","title":{"rendered":"Rector de CETYS comparti\u00f3 el avance de la instituci\u00f3n rumbo a una experiencia transformadora"},"content":{"rendered":"<p style=\"text-align: center;\"><i><span style=\"font-weight: 400;\">El Rector del Sistema CETYS Universidad destac\u00f3 su compromiso con la mejora continua, revisando constantemente modelos educativos para adaptarse a las nuevas necesidades en reuni\u00f3n con medios de comunicaci\u00f3n.\u00a0<\/span><\/i><\/p>\n<p><span style=\"font-weight: 400;\">El <strong>Rector de CETYS, Dr. Fernando Le\u00f3n Garc\u00eda<\/strong> encabez\u00f3 un encuentro con directivos y representantes de medios de comunicaci\u00f3n de Mexicali para compartir los logros institucionales de 2024 y 2025.\u00a0<\/span><\/p>\n<p><span style=\"font-weight: 400;\">Se presentaron avances en infraestructura, certificaciones y programas acad\u00e9micos, su participaci\u00f3n en competencias locales, regionales e internacionales en diversas \u00e1reas del conocimiento. Adicionalmente mencion\u00f3 los \u00e9xitos en el \u00e1mbito deportivo, destacando el ascenso de Zorros a los 14 Grandes de ONEFA.<\/span><\/p>\n<p><span style=\"font-weight: 400;\">Destac\u00f3 que durante el a\u00f1o pasado, los futuros profesionistas que se forman en <strong>CETYS Universidad<\/strong> tuvieron acceso a experiencias transformadoras, como la posibilidad de realizar pasant\u00edas en empresas de renombre internacional. Al cierre del 2024, el 74% de los egresados de los programas de licenciatura tuvieron alguna experiencia acad\u00e9mica internacional, en pa\u00edses como Estados Unidos, Espa\u00f1a y Polonia.\u00a0<\/span><\/p>\n<p><img loading=\"lazy\" decoding=\"async\" class=\" wp-image-208733 aligncenter\" src=\"https:\/\/www.cetys.mx\/noticias\/wp-content\/uploads\/2025\/01\/DSC_6265.jpg\" alt=\"\" width=\"703\" height=\"440\" srcset=\"https:\/\/www.cetys.mx\/noticias\/wp-content\/uploads\/2025\/01\/DSC_6265.jpg 958w, https:\/\/www.cetys.mx\/noticias\/wp-content\/uploads\/2025\/01\/DSC_6265-768x480.jpg 768w\" sizes=\"auto, (max-width: 703px) 100vw, 703px\" \/><\/p>\n<p><span style=\"font-weight: 400;\">Como parte de las oportunidades que CETYS crea para estudiantes, es fundamental los v\u00ednculos educativos que tiene con otras universidades, como City University of Seattle, con la que este a\u00f1o celebrar\u00e1 20 a\u00f1os de relaci\u00f3n y m\u00e1s de mil egresados de este programa de doble grado.<\/span><\/p>\n<p><span style=\"font-weight: 400;\">Sobre la inteligencia artificial generativa, el Dr. Fernando Le\u00f3n Garc\u00eda, habl\u00f3 de c\u00f3mo lleg\u00f3 para quedarse, y el rol que deben cumplir las universidades para tener en cuenta los alcances y el uso \u00e9tico, para crear una mejor experiencia educativa e incorporarlo al aula.<\/span><\/p>\n<p><img loading=\"lazy\" decoding=\"async\" class=\" wp-image-208732 aligncenter\" src=\"https:\/\/www.cetys.mx\/noticias\/wp-content\/uploads\/2025\/01\/DSC_6296.jpg\" alt=\"\" width=\"703\" height=\"440\" srcset=\"https:\/\/www.cetys.mx\/noticias\/wp-content\/uploads\/2025\/01\/DSC_6296.jpg 958w, https:\/\/www.cetys.mx\/noticias\/wp-content\/uploads\/2025\/01\/DSC_6296-768x480.jpg 768w\" sizes=\"auto, (max-width: 703px) 100vw, 703px\" \/><\/p>\n<p><span style=\"font-weight: 400;\">En el evento organizado en la sala de creatividad del CECE Campus Mexicali, estuvo tambi\u00e9n presente el Dr. Mario Dipp N\u00fa\u00f1ez, Director de CETYS Universidad Campus Mexicali.<\/span><\/p>\n<p><span style=\"font-weight: 400;\">\u201cHan venido estudiantes del Valle becados bajo los programa de CETYS. Cuando compran un boleto del sorteo, asisten al Sarao, todo eso va para becas. [&#8230;] Nos complementamos con apoyos generosos de gente de la comunidad, tanto empresas como individuos y siempre estamos buscando nuevas maneras de encontrar alternativas, porque es un reto que siempre nos ponemos, si el joven tiene la inteligencia y el inter\u00e9s de estudiar en CETYS, hay que encontrar una salida financiera\u201d, mencion\u00f3 el Dr. Mario\u00a0 Dipp N\u00fa\u00f1ez.<\/span><\/p>\n","protected":false},"excerpt":{"rendered":"<p>El Rector del Sistema CETYS Universidad destac\u00f3 su compromiso con la mejora continua, revisando constantemente modelos educativos para adaptarse a las nuevas&#8230;<\/p>\n","protected":false},"author":20,"featured_media":208734,"comment_status":"open","ping_status":"closed","sticky":false,"template":"","format":"standard","meta":{"footnotes":""},"categories":[133,113,313],"tags":[4414,7126],"class_list":["post-208736","post","type-post","status-publish","format-standard","has-post-thumbnail","hentry","category-campus-mexicali","category-rectoria","category-vocetys-2","tag-medios-de-comunicacion","tag-vocetys-2025-02-05"],"yoast_head":"<!-- This site is optimized with the Yoast SEO plugin v27.4 - https:\/\/yoast.com\/product\/yoast-seo-wordpress\/ -->\n<title>Rector de CETYS comparti\u00f3 el avance de la instituci\u00f3n rumbo a una experiencia transformadora - CETYS<\/title>\n<meta name=\"description\" content=\"Articulo sobre Rector de CETYS comparti\u00f3 el avance de la instituci\u00f3n rumbo a una experiencia transformadora\" \/>\n<meta name=\"robots\" content=\"index, follow, max-snippet:-1, max-image-preview:large, max-video-preview:-1\" \/>\n<link rel=\"canonical\" href=\"https:\/\/www.cetys.mx\/noticias\/rector-de-cetys-compartio-el-avance-de-la-institucion-rumbo-a-una-experiencia-transformadora\/\" \/>\n<meta property=\"og:locale\" content=\"es_MX\" \/>\n<meta property=\"og:type\" content=\"article\" \/>\n<meta property=\"og:title\" content=\"Rector de CETYS comparti\u00f3 el avance de la instituci\u00f3n rumbo a una experiencia transformadora - CETYS\" \/>\n<meta property=\"og:description\" content=\"Articulo sobre Rector de CETYS comparti\u00f3 el avance de la instituci\u00f3n rumbo a una experiencia transformadora\" \/>\n<meta property=\"og:url\" content=\"https:\/\/www.cetys.mx\/noticias\/rector-de-cetys-compartio-el-avance-de-la-institucion-rumbo-a-una-experiencia-transformadora\/\" \/>\n<meta property=\"og:site_name\" content=\"CETYS\" \/>\n<meta property=\"article:publisher\" content=\"https:\/\/www.facebook.com\/cetysuniversidadmxl\/\" \/>\n<meta property=\"article:published_time\" content=\"2025-01-31T23:37:41+00:00\" \/>\n<meta property=\"article:modified_time\" content=\"2025-02-06T19:53:42+00:00\" \/>\n<meta property=\"og:image\" content=\"https:\/\/www.cetys.mx\/noticias\/wp-content\/uploads\/2025\/01\/DSC_6337.jpg\" \/>\n\t<meta property=\"og:image:width\" content=\"958\" \/>\n\t<meta property=\"og:image:height\" content=\"599\" \/>\n\t<meta property=\"og:image:type\" content=\"image\/jpeg\" \/>\n<meta name=\"author\" content=\"Campus Mexicali\" \/>\n<meta name=\"twitter:card\" content=\"summary_large_image\" \/>\n<meta name=\"twitter:creator\" content=\"@cetysuni\" \/>\n<meta name=\"twitter:site\" content=\"@cetysuni\" \/>\n<meta name=\"twitter:label1\" content=\"Escrito por\" \/>\n\t<meta name=\"twitter:data1\" content=\"Campus Mexicali\" \/>\n\t<meta name=\"twitter:label2\" content=\"Tiempo de lectura\" \/>\n\t<meta name=\"twitter:data2\" content=\"2 minutos\" \/>\n<script type=\"application\/ld+json\" class=\"yoast-schema-graph\">{\"@context\":\"https:\\\/\\\/schema.org\",\"@graph\":[{\"@type\":\"Article\",\"@id\":\"https:\\\/\\\/www.cetys.mx\\\/noticias\\\/rector-de-cetys-compartio-el-avance-de-la-institucion-rumbo-a-una-experiencia-transformadora\\\/#article\",\"isPartOf\":{\"@id\":\"https:\\\/\\\/www.cetys.mx\\\/noticias\\\/rector-de-cetys-compartio-el-avance-de-la-institucion-rumbo-a-una-experiencia-transformadora\\\/\"},\"author\":{\"name\":\"Campus Mexicali\",\"@id\":\"https:\\\/\\\/www.cetys.mx\\\/noticias\\\/#\\\/schema\\\/person\\\/79a95c4ac185f3705cf1b9c9340a5f70\"},\"headline\":\"Rector de CETYS comparti\u00f3 el avance de la instituci\u00f3n rumbo a una experiencia transformadora\",\"datePublished\":\"2025-01-31T23:37:41+00:00\",\"dateModified\":\"2025-02-06T19:53:42+00:00\",\"mainEntityOfPage\":{\"@id\":\"https:\\\/\\\/www.cetys.mx\\\/noticias\\\/rector-de-cetys-compartio-el-avance-de-la-institucion-rumbo-a-una-experiencia-transformadora\\\/\"},\"wordCount\":389,\"commentCount\":0,\"image\":{\"@id\":\"https:\\\/\\\/www.cetys.mx\\\/noticias\\\/rector-de-cetys-compartio-el-avance-de-la-institucion-rumbo-a-una-experiencia-transformadora\\\/#primaryimage\"},\"thumbnailUrl\":\"https:\\\/\\\/www.cetys.mx\\\/noticias\\\/wp-content\\\/uploads\\\/2025\\\/01\\\/DSC_6337.jpg\",\"keywords\":[\"Medios de Comunicaci\u00f3n\",\"vocetys-2025-02-05\"],\"articleSection\":[\"Campus Mexicali\",\"Rector\u00eda\",\"VoCETYS\"],\"inLanguage\":\"es\",\"potentialAction\":[{\"@type\":\"CommentAction\",\"name\":\"Comment\",\"target\":[\"https:\\\/\\\/www.cetys.mx\\\/noticias\\\/rector-de-cetys-compartio-el-avance-de-la-institucion-rumbo-a-una-experiencia-transformadora\\\/#respond\"]}]},{\"@type\":\"WebPage\",\"@id\":\"https:\\\/\\\/www.cetys.mx\\\/noticias\\\/rector-de-cetys-compartio-el-avance-de-la-institucion-rumbo-a-una-experiencia-transformadora\\\/\",\"url\":\"https:\\\/\\\/www.cetys.mx\\\/noticias\\\/rector-de-cetys-compartio-el-avance-de-la-institucion-rumbo-a-una-experiencia-transformadora\\\/\",\"name\":\"Rector de CETYS comparti\u00f3 el avance de la instituci\u00f3n rumbo a una experiencia transformadora - CETYS\",\"isPartOf\":{\"@id\":\"https:\\\/\\\/www.cetys.mx\\\/noticias\\\/#website\"},\"primaryImageOfPage\":{\"@id\":\"https:\\\/\\\/www.cetys.mx\\\/noticias\\\/rector-de-cetys-compartio-el-avance-de-la-institucion-rumbo-a-una-experiencia-transformadora\\\/#primaryimage\"},\"image\":{\"@id\":\"https:\\\/\\\/www.cetys.mx\\\/noticias\\\/rector-de-cetys-compartio-el-avance-de-la-institucion-rumbo-a-una-experiencia-transformadora\\\/#primaryimage\"},\"thumbnailUrl\":\"https:\\\/\\\/www.cetys.mx\\\/noticias\\\/wp-content\\\/uploads\\\/2025\\\/01\\\/DSC_6337.jpg\",\"datePublished\":\"2025-01-31T23:37:41+00:00\",\"dateModified\":\"2025-02-06T19:53:42+00:00\",\"author\":{\"@id\":\"https:\\\/\\\/www.cetys.mx\\\/noticias\\\/#\\\/schema\\\/person\\\/79a95c4ac185f3705cf1b9c9340a5f70\"},\"description\":\"Articulo sobre Rector de CETYS comparti\u00f3 el avance de la instituci\u00f3n rumbo a una experiencia transformadora\",\"breadcrumb\":{\"@id\":\"https:\\\/\\\/www.cetys.mx\\\/noticias\\\/rector-de-cetys-compartio-el-avance-de-la-institucion-rumbo-a-una-experiencia-transformadora\\\/#breadcrumb\"},\"inLanguage\":\"es\",\"potentialAction\":[{\"@type\":\"ReadAction\",\"target\":[\"https:\\\/\\\/www.cetys.mx\\\/noticias\\\/rector-de-cetys-compartio-el-avance-de-la-institucion-rumbo-a-una-experiencia-transformadora\\\/\"]}]},{\"@type\":\"ImageObject\",\"inLanguage\":\"es\",\"@id\":\"https:\\\/\\\/www.cetys.mx\\\/noticias\\\/rector-de-cetys-compartio-el-avance-de-la-institucion-rumbo-a-una-experiencia-transformadora\\\/#primaryimage\",\"url\":\"https:\\\/\\\/www.cetys.mx\\\/noticias\\\/wp-content\\\/uploads\\\/2025\\\/01\\\/DSC_6337.jpg\",\"contentUrl\":\"https:\\\/\\\/www.cetys.mx\\\/noticias\\\/wp-content\\\/uploads\\\/2025\\\/01\\\/DSC_6337.jpg\",\"width\":958,\"height\":599},{\"@type\":\"BreadcrumbList\",\"@id\":\"https:\\\/\\\/www.cetys.mx\\\/noticias\\\/rector-de-cetys-compartio-el-avance-de-la-institucion-rumbo-a-una-experiencia-transformadora\\\/#breadcrumb\",\"itemListElement\":[{\"@type\":\"ListItem\",\"position\":1,\"name\":\"Inicio\",\"item\":\"https:\\\/\\\/www.cetys.mx\\\/noticias\\\/\"},{\"@type\":\"ListItem\",\"position\":2,\"name\":\"Rector de CETYS comparti\u00f3 el avance de la instituci\u00f3n rumbo a una experiencia transformadora\"}]},{\"@type\":\"WebSite\",\"@id\":\"https:\\\/\\\/www.cetys.mx\\\/noticias\\\/#website\",\"url\":\"https:\\\/\\\/www.cetys.mx\\\/noticias\\\/\",\"name\":\"CETYS\",\"description\":\"\",\"potentialAction\":[{\"@type\":\"SearchAction\",\"target\":{\"@type\":\"EntryPoint\",\"urlTemplate\":\"https:\\\/\\\/www.cetys.mx\\\/noticias\\\/?s={search_term_string}\"},\"query-input\":{\"@type\":\"PropertyValueSpecification\",\"valueRequired\":true,\"valueName\":\"search_term_string\"}}],\"inLanguage\":\"es\"},{\"@type\":\"Person\",\"@id\":\"https:\\\/\\\/www.cetys.mx\\\/noticias\\\/#\\\/schema\\\/person\\\/79a95c4ac185f3705cf1b9c9340a5f70\",\"name\":\"Campus Mexicali\",\"url\":\"https:\\\/\\\/www.cetys.mx\\\/noticias\\\/author\\\/campusmexicali\\\/\"}]}<\/script>\n<!-- \/ Yoast SEO plugin. -->","yoast_head_json":{"title":"Rector de CETYS comparti\u00f3 el avance de la instituci\u00f3n rumbo a una experiencia transformadora - CETYS","description":"Articulo sobre Rector de CETYS comparti\u00f3 el avance de la instituci\u00f3n rumbo a una experiencia transformadora","robots":{"index":"index","follow":"follow","max-snippet":"max-snippet:-1","max-image-preview":"max-image-preview:large","max-video-preview":"max-video-preview:-1"},"canonical":"https:\/\/www.cetys.mx\/noticias\/rector-de-cetys-compartio-el-avance-de-la-institucion-rumbo-a-una-experiencia-transformadora\/","og_locale":"es_MX","og_type":"article","og_title":"Rector de CETYS comparti\u00f3 el avance de la instituci\u00f3n rumbo a una experiencia transformadora - CETYS","og_description":"Articulo sobre Rector de CETYS comparti\u00f3 el avance de la instituci\u00f3n rumbo a una experiencia transformadora","og_url":"https:\/\/www.cetys.mx\/noticias\/rector-de-cetys-compartio-el-avance-de-la-institucion-rumbo-a-una-experiencia-transformadora\/","og_site_name":"CETYS","article_publisher":"https:\/\/www.facebook.com\/cetysuniversidadmxl\/","article_published_time":"2025-01-31T23:37:41+00:00","article_modified_time":"2025-02-06T19:53:42+00:00","og_image":[{"width":958,"height":599,"url":"https:\/\/www.cetys.mx\/noticias\/wp-content\/uploads\/2025\/01\/DSC_6337.jpg","type":"image\/jpeg"}],"author":"Campus Mexicali","twitter_card":"summary_large_image","twitter_creator":"@cetysuni","twitter_site":"@cetysuni","twitter_misc":{"Escrito por":"Campus Mexicali","Tiempo de lectura":"2 minutos"},"schema":{"@context":"https:\/\/schema.org","@graph":[{"@type":"Article","@id":"https:\/\/www.cetys.mx\/noticias\/rector-de-cetys-compartio-el-avance-de-la-institucion-rumbo-a-una-experiencia-transformadora\/#article","isPartOf":{"@id":"https:\/\/www.cetys.mx\/noticias\/rector-de-cetys-compartio-el-avance-de-la-institucion-rumbo-a-una-experiencia-transformadora\/"},"author":{"name":"Campus Mexicali","@id":"https:\/\/www.cetys.mx\/noticias\/#\/schema\/person\/79a95c4ac185f3705cf1b9c9340a5f70"},"headline":"Rector de CETYS comparti\u00f3 el avance de la instituci\u00f3n rumbo a una experiencia transformadora","datePublished":"2025-01-31T23:37:41+00:00","dateModified":"2025-02-06T19:53:42+00:00","mainEntityOfPage":{"@id":"https:\/\/www.cetys.mx\/noticias\/rector-de-cetys-compartio-el-avance-de-la-institucion-rumbo-a-una-experiencia-transformadora\/"},"wordCount":389,"commentCount":0,"image":{"@id":"https:\/\/www.cetys.mx\/noticias\/rector-de-cetys-compartio-el-avance-de-la-institucion-rumbo-a-una-experiencia-transformadora\/#primaryimage"},"thumbnailUrl":"https:\/\/www.cetys.mx\/noticias\/wp-content\/uploads\/2025\/01\/DSC_6337.jpg","keywords":["Medios de Comunicaci\u00f3n","vocetys-2025-02-05"],"articleSection":["Campus Mexicali","Rector\u00eda","VoCETYS"],"inLanguage":"es","potentialAction":[{"@type":"CommentAction","name":"Comment","target":["https:\/\/www.cetys.mx\/noticias\/rector-de-cetys-compartio-el-avance-de-la-institucion-rumbo-a-una-experiencia-transformadora\/#respond"]}]},{"@type":"WebPage","@id":"https:\/\/www.cetys.mx\/noticias\/rector-de-cetys-compartio-el-avance-de-la-institucion-rumbo-a-una-experiencia-transformadora\/","url":"https:\/\/www.cetys.mx\/noticias\/rector-de-cetys-compartio-el-avance-de-la-institucion-rumbo-a-una-experiencia-transformadora\/","name":"Rector de CETYS comparti\u00f3 el avance de la instituci\u00f3n rumbo a una experiencia transformadora - CETYS","isPartOf":{"@id":"https:\/\/www.cetys.mx\/noticias\/#website"},"primaryImageOfPage":{"@id":"https:\/\/www.cetys.mx\/noticias\/rector-de-cetys-compartio-el-avance-de-la-institucion-rumbo-a-una-experiencia-transformadora\/#primaryimage"},"image":{"@id":"https:\/\/www.cetys.mx\/noticias\/rector-de-cetys-compartio-el-avance-de-la-institucion-rumbo-a-una-experiencia-transformadora\/#primaryimage"},"thumbnailUrl":"https:\/\/www.cetys.mx\/noticias\/wp-content\/uploads\/2025\/01\/DSC_6337.jpg","datePublished":"2025-01-31T23:37:41+00:00","dateModified":"2025-02-06T19:53:42+00:00","author":{"@id":"https:\/\/www.cetys.mx\/noticias\/#\/schema\/person\/79a95c4ac185f3705cf1b9c9340a5f70"},"description":"Articulo sobre Rector de CETYS comparti\u00f3 el avance de la instituci\u00f3n rumbo a una experiencia transformadora","breadcrumb":{"@id":"https:\/\/www.cetys.mx\/noticias\/rector-de-cetys-compartio-el-avance-de-la-institucion-rumbo-a-una-experiencia-transformadora\/#breadcrumb"},"inLanguage":"es","potentialAction":[{"@type":"ReadAction","target":["https:\/\/www.cetys.mx\/noticias\/rector-de-cetys-compartio-el-avance-de-la-institucion-rumbo-a-una-experiencia-transformadora\/"]}]},{"@type":"ImageObject","inLanguage":"es","@id":"https:\/\/www.cetys.mx\/noticias\/rector-de-cetys-compartio-el-avance-de-la-institucion-rumbo-a-una-experiencia-transformadora\/#primaryimage","url":"https:\/\/www.cetys.mx\/noticias\/wp-content\/uploads\/2025\/01\/DSC_6337.jpg","contentUrl":"https:\/\/www.cetys.mx\/noticias\/wp-content\/uploads\/2025\/01\/DSC_6337.jpg","width":958,"height":599},{"@type":"BreadcrumbList","@id":"https:\/\/www.cetys.mx\/noticias\/rector-de-cetys-compartio-el-avance-de-la-institucion-rumbo-a-una-experiencia-transformadora\/#breadcrumb","itemListElement":[{"@type":"ListItem","position":1,"name":"Inicio","item":"https:\/\/www.cetys.mx\/noticias\/"},{"@type":"ListItem","position":2,"name":"Rector de CETYS comparti\u00f3 el avance de la instituci\u00f3n rumbo a una experiencia transformadora"}]},{"@type":"WebSite","@id":"https:\/\/www.cetys.mx\/noticias\/#website","url":"https:\/\/www.cetys.mx\/noticias\/","name":"CETYS","description":"","potentialAction":[{"@type":"SearchAction","target":{"@type":"EntryPoint","urlTemplate":"https:\/\/www.cetys.mx\/noticias\/?s={search_term_string}"},"query-input":{"@type":"PropertyValueSpecification","valueRequired":true,"valueName":"search_term_string"}}],"inLanguage":"es"},{"@type":"Person","@id":"https:\/\/www.cetys.mx\/noticias\/#\/schema\/person\/79a95c4ac185f3705cf1b9c9340a5f70","name":"Campus Mexicali","url":"https:\/\/www.cetys.mx\/noticias\/author\/campusmexicali\/"}]}},"_links":{"self":[{"href":"https:\/\/www.cetys.mx\/noticias\/wp-json\/wp\/v2\/posts\/208736","targetHints":{"allow":["GET"]}}],"collection":[{"href":"https:\/\/www.cetys.mx\/noticias\/wp-json\/wp\/v2\/posts"}],"about":[{"href":"https:\/\/www.cetys.mx\/noticias\/wp-json\/wp\/v2\/types\/post"}],"author":[{"embeddable":true,"href":"https:\/\/www.cetys.mx\/noticias\/wp-json\/wp\/v2\/users\/20"}],"replies":[{"embeddable":true,"href":"https:\/\/www.cetys.mx\/noticias\/wp-json\/wp\/v2\/comments?post=208736"}],"version-history":[{"count":1,"href":"https:\/\/www.cetys.mx\/noticias\/wp-json\/wp\/v2\/posts\/208736\/revisions"}],"predecessor-version":[{"id":208737,"href":"https:\/\/www.cetys.mx\/noticias\/wp-json\/wp\/v2\/posts\/208736\/revisions\/208737"}],"wp:featuredmedia":[{"embeddable":true,"href":"https:\/\/www.cetys.mx\/noticias\/wp-json\/wp\/v2\/media\/208734"}],"wp:attachment":[{"href":"https:\/\/www.cetys.mx\/noticias\/wp-json\/wp\/v2\/media?parent=208736"}],"wp:term":[{"taxonomy":"category","embeddable":true,"href":"https:\/\/www.cetys.mx\/noticias\/wp-json\/wp\/v2\/categories?post=208736"},{"taxonomy":"post_tag","embeddable":true,"href":"https:\/\/www.cetys.mx\/noticias\/wp-json\/wp\/v2\/tags?post=208736"}],"curies":[{"name":"wp","href":"https:\/\/api.w.org\/{rel}","templated":true}]}}