{"id":208017,"date":"2025-01-14T12:13:55","date_gmt":"2025-01-14T20:13:55","guid":{"rendered":"https:\/\/www.cetys.mx\/noticias\/?p=208017"},"modified":"2025-01-14T12:13:55","modified_gmt":"2025-01-14T20:13:55","slug":"lideres-en-desarrollo-economico-iv-edicion-del-programa-de-cetys-universidad","status":"publish","type":"post","link":"https:\/\/www.cetys.mx\/noticias\/lideres-en-desarrollo-economico-iv-edicion-del-programa-de-cetys-universidad\/","title":{"rendered":"L\u00edderes en Desarrollo Econ\u00f3mico: IV edici\u00f3n del programa de CETYS Universidad"},"content":{"rendered":"<p><span style=\"font-weight: 400;\">CETYS Universidad lanza la IV edici\u00f3n de L\u00edderes en Desarrollo Econ\u00f3mico, un programa de formaci\u00f3n dise\u00f1ado para fortalecer el talento directivo de la regi\u00f3n y preparar a los l\u00edderes que impulsar\u00e1n la competitividad, la innovaci\u00f3n y la cooperaci\u00f3n transfronteriza en Baja California.<\/span><\/p>\n<h3><b>\u00bfA qui\u00e9n va dirigido?<\/b><\/h3>\n<p><span style=\"font-weight: 400;\">Este programa est\u00e1 dise\u00f1ado para:<\/span><\/p>\n<ul>\n<li style=\"font-weight: 400;\" aria-level=\"1\"><b>Staff de Organismos Empresariales y C\u00e1maras de Comercio<\/b><span style=\"font-weight: 400;\">: Profesionales involucrados en la promoci\u00f3n regional, atracci\u00f3n de inversi\u00f3n extranjera y desarrollo empresarial local.<\/span><\/li>\n<li style=\"font-weight: 400;\" aria-level=\"1\"><b>L\u00edderes y Directivos de Empresas Asociadas<\/b><span style=\"font-weight: 400;\">: Empresarios y ejecutivos de peque\u00f1as, medianas y grandes empresas interesados en proyectos estrat\u00e9gicos para el desarrollo regional.<\/span><\/li>\n<li style=\"font-weight: 400;\" aria-level=\"1\"><b>Estudiantes de Maestr\u00eda, Emprendedores y Profesionales<\/b><span style=\"font-weight: 400;\">: Personas con inter\u00e9s en consultor\u00eda de desarrollo econ\u00f3mico, innovaci\u00f3n y sostenibilidad.<\/span><\/li>\n<li style=\"font-weight: 400;\" aria-level=\"1\"><b>Interesados en Competitividad y Desarrollo Regional<\/b><span style=\"font-weight: 400;\">: Aquellos que buscan analizar capacidades organizacionales para identificar oportunidades de crecimiento econ\u00f3mico.<\/span><\/li>\n<\/ul>\n<p><span style=\"font-weight: 400;\">Los participantes podr\u00e1n:<\/span><\/p>\n<ul>\n<li style=\"font-weight: 400;\" aria-level=\"1\"><span style=\"font-weight: 400;\">Entender las din\u00e1micas comerciales, regulatorias y sociales de Baja California en un contexto global.<\/span><\/li>\n<li style=\"font-weight: 400;\" aria-level=\"1\"><span style=\"font-weight: 400;\">Adquirir conocimientos en innovaci\u00f3n, competitividad, planificaci\u00f3n estrat\u00e9gica y promoci\u00f3n de inversi\u00f3n.<\/span><\/li>\n<li style=\"font-weight: 400;\" aria-level=\"1\"><span style=\"font-weight: 400;\">Interactuar con l\u00edderes empresariales, autoridades locales, acad\u00e9micos y consultores internacionales.<\/span><\/li>\n<li style=\"font-weight: 400;\" aria-level=\"1\"><span style=\"font-weight: 400;\">Conectar con profesores expertos en desarrollo econ\u00f3mico, pol\u00edticas p\u00fablicas, innovaci\u00f3n y liderazgo internacional.<\/span><\/li>\n<\/ul>\n<h3><b>Detalles del Programa<\/b><\/h3>\n<ul>\n<li style=\"font-weight: 400;\" aria-level=\"1\"><b>Fecha de inicio<\/b><span style=\"font-weight: 400;\">: 8 de febrero de 2025\u00a0<\/span><\/li>\n<li style=\"font-weight: 400;\" aria-level=\"1\"><b>Modalidad H\u00edbrida:<\/b><span style=\"font-weight: 400;\"> 4 sesiones v\u00eda Zoom y 6 sesiones presenciales a impartirse en Campus Mexicali<\/span><\/li>\n<li style=\"font-weight: 400;\" aria-level=\"1\"><b>Duraci\u00f3n<\/b><span style=\"font-weight: 400;\">: 96 horas (1 sesi\u00f3n semanal durante 6 meses)<\/span><\/li>\n<li style=\"font-weight: 400;\" aria-level=\"1\"><b>Certificaci\u00f3n<\/b><span style=\"font-weight: 400;\">: Los participantes que cumplan con el 80% de asistencia y presenten con \u00e9xito un proyecto de desarrollo econ\u00f3mico recibir\u00e1n una certificaci\u00f3n equivalente al Curso B\u00e1sico de la Certificaci\u00f3n en Desarrollo Econ\u00f3mico.<\/span><\/li>\n<\/ul>\n<p><span style=\"font-weight: 400;\">Inscr\u00edbete antes del <\/span><b>7 de febrero de 2025<\/b><span style=\"font-weight: 400;\"> para asegurar tu lugar. \u00a1El cupo es limitado!<\/span><\/p>\n<p><span style=\"font-weight: 400;\">Si formas parte de la comunidad empresarial y deseas obtener m\u00e1s informaci\u00f3n sobre el contenido, fechas, costos o proceso de inscripci\u00f3n, cont\u00e1ctanos o deja tus datos en el siguiente<\/span><a href=\"https:\/\/forms.gle\/n9nNwiCcz2XwL6Vg7\"> <span style=\"font-weight: 400;\">formulario de inscripci\u00f3n<\/span><\/a><span style=\"font-weight: 400;\">.<\/span><\/p>\n<p><span style=\"font-weight: 400;\">Esta es tu oportunidad de formar parte de un grupo selecto de agentes de cambio que impulsar\u00e1n la prosperidad econ\u00f3mica de la regi\u00f3n. Invol\u00facrate, innova y lidera la pr\u00f3xima etapa del desarrollo econ\u00f3mico de Baja California. <\/span><\/p>\n","protected":false},"excerpt":{"rendered":"<p>CETYS Universidad lanza la IV edici\u00f3n de L\u00edderes en Desarrollo Econ\u00f3mico, un programa de formaci\u00f3n dise\u00f1ado para fortalecer el talento directivo de&#8230;<\/p>\n","protected":false},"author":26,"featured_media":208009,"comment_status":"open","ping_status":"closed","sticky":false,"template":"","format":"standard","meta":{"footnotes":""},"categories":[209],"tags":[],"class_list":["post-208017","post","type-post","status-publish","format-standard","has-post-thumbnail","hentry","category-institucional"],"yoast_head":"<!-- This site is optimized with the Yoast SEO plugin v27.4 - https:\/\/yoast.com\/product\/yoast-seo-wordpress\/ -->\n<title>L\u00edderes en Desarrollo Econ\u00f3mico: IV edici\u00f3n del programa de CETYS Universidad - CETYS<\/title>\n<meta name=\"description\" content=\"Articulo sobre L\u00edderes en Desarrollo Econ\u00f3mico: IV edici\u00f3n del programa de CETYS Universidad\" \/>\n<meta name=\"robots\" content=\"index, follow, max-snippet:-1, max-image-preview:large, max-video-preview:-1\" \/>\n<link rel=\"canonical\" href=\"https:\/\/www.cetys.mx\/noticias\/lideres-en-desarrollo-economico-iv-edicion-del-programa-de-cetys-universidad\/\" \/>\n<meta property=\"og:locale\" content=\"es_MX\" \/>\n<meta property=\"og:type\" content=\"article\" \/>\n<meta property=\"og:title\" content=\"L\u00edderes en Desarrollo Econ\u00f3mico: IV edici\u00f3n del programa de CETYS Universidad - CETYS\" \/>\n<meta property=\"og:description\" content=\"Articulo sobre L\u00edderes en Desarrollo Econ\u00f3mico: IV edici\u00f3n del programa de CETYS Universidad\" \/>\n<meta property=\"og:url\" content=\"https:\/\/www.cetys.mx\/noticias\/lideres-en-desarrollo-economico-iv-edicion-del-programa-de-cetys-universidad\/\" \/>\n<meta property=\"og:site_name\" content=\"CETYS\" \/>\n<meta property=\"article:publisher\" content=\"https:\/\/www.facebook.com\/cetysuniversidadmxl\/\" \/>\n<meta property=\"article:published_time\" content=\"2025-01-14T20:13:55+00:00\" \/>\n<meta property=\"og:image\" content=\"https:\/\/www.cetys.mx\/noticias\/wp-content\/uploads\/2025\/01\/Lideres.jpg\" \/>\n\t<meta property=\"og:image:width\" content=\"995\" \/>\n\t<meta property=\"og:image:height\" content=\"578\" \/>\n\t<meta property=\"og:image:type\" content=\"image\/jpeg\" \/>\n<meta name=\"author\" content=\"CETYS Institucional\" \/>\n<meta name=\"twitter:card\" content=\"summary_large_image\" \/>\n<meta name=\"twitter:creator\" content=\"@cetysuni\" \/>\n<meta name=\"twitter:site\" content=\"@cetysuni\" \/>\n<meta name=\"twitter:label1\" content=\"Escrito por\" \/>\n\t<meta name=\"twitter:data1\" content=\"CETYS Institucional\" \/>\n\t<meta name=\"twitter:label2\" content=\"Tiempo de lectura\" \/>\n\t<meta name=\"twitter:data2\" content=\"2 minutos\" \/>\n<script type=\"application\/ld+json\" class=\"yoast-schema-graph\">{\"@context\":\"https:\\\/\\\/schema.org\",\"@graph\":[{\"@type\":\"Article\",\"@id\":\"https:\\\/\\\/www.cetys.mx\\\/noticias\\\/lideres-en-desarrollo-economico-iv-edicion-del-programa-de-cetys-universidad\\\/#article\",\"isPartOf\":{\"@id\":\"https:\\\/\\\/www.cetys.mx\\\/noticias\\\/lideres-en-desarrollo-economico-iv-edicion-del-programa-de-cetys-universidad\\\/\"},\"author\":{\"name\":\"CETYS Institucional\",\"@id\":\"https:\\\/\\\/www.cetys.mx\\\/noticias\\\/#\\\/schema\\\/person\\\/e9d2b35265b64aa454df57a2828eb2ac\"},\"headline\":\"L\u00edderes en Desarrollo Econ\u00f3mico: IV edici\u00f3n del programa de CETYS Universidad\",\"datePublished\":\"2025-01-14T20:13:55+00:00\",\"mainEntityOfPage\":{\"@id\":\"https:\\\/\\\/www.cetys.mx\\\/noticias\\\/lideres-en-desarrollo-economico-iv-edicion-del-programa-de-cetys-universidad\\\/\"},\"wordCount\":398,\"commentCount\":0,\"image\":{\"@id\":\"https:\\\/\\\/www.cetys.mx\\\/noticias\\\/lideres-en-desarrollo-economico-iv-edicion-del-programa-de-cetys-universidad\\\/#primaryimage\"},\"thumbnailUrl\":\"https:\\\/\\\/www.cetys.mx\\\/noticias\\\/wp-content\\\/uploads\\\/2025\\\/01\\\/Lideres.jpg\",\"articleSection\":[\"Institucional\"],\"inLanguage\":\"es\",\"potentialAction\":[{\"@type\":\"CommentAction\",\"name\":\"Comment\",\"target\":[\"https:\\\/\\\/www.cetys.mx\\\/noticias\\\/lideres-en-desarrollo-economico-iv-edicion-del-programa-de-cetys-universidad\\\/#respond\"]}]},{\"@type\":\"WebPage\",\"@id\":\"https:\\\/\\\/www.cetys.mx\\\/noticias\\\/lideres-en-desarrollo-economico-iv-edicion-del-programa-de-cetys-universidad\\\/\",\"url\":\"https:\\\/\\\/www.cetys.mx\\\/noticias\\\/lideres-en-desarrollo-economico-iv-edicion-del-programa-de-cetys-universidad\\\/\",\"name\":\"L\u00edderes en Desarrollo Econ\u00f3mico: IV edici\u00f3n del programa de CETYS Universidad - CETYS\",\"isPartOf\":{\"@id\":\"https:\\\/\\\/www.cetys.mx\\\/noticias\\\/#website\"},\"primaryImageOfPage\":{\"@id\":\"https:\\\/\\\/www.cetys.mx\\\/noticias\\\/lideres-en-desarrollo-economico-iv-edicion-del-programa-de-cetys-universidad\\\/#primaryimage\"},\"image\":{\"@id\":\"https:\\\/\\\/www.cetys.mx\\\/noticias\\\/lideres-en-desarrollo-economico-iv-edicion-del-programa-de-cetys-universidad\\\/#primaryimage\"},\"thumbnailUrl\":\"https:\\\/\\\/www.cetys.mx\\\/noticias\\\/wp-content\\\/uploads\\\/2025\\\/01\\\/Lideres.jpg\",\"datePublished\":\"2025-01-14T20:13:55+00:00\",\"author\":{\"@id\":\"https:\\\/\\\/www.cetys.mx\\\/noticias\\\/#\\\/schema\\\/person\\\/e9d2b35265b64aa454df57a2828eb2ac\"},\"description\":\"Articulo sobre L\u00edderes en Desarrollo Econ\u00f3mico: IV edici\u00f3n del programa de CETYS Universidad\",\"breadcrumb\":{\"@id\":\"https:\\\/\\\/www.cetys.mx\\\/noticias\\\/lideres-en-desarrollo-economico-iv-edicion-del-programa-de-cetys-universidad\\\/#breadcrumb\"},\"inLanguage\":\"es\",\"potentialAction\":[{\"@type\":\"ReadAction\",\"target\":[\"https:\\\/\\\/www.cetys.mx\\\/noticias\\\/lideres-en-desarrollo-economico-iv-edicion-del-programa-de-cetys-universidad\\\/\"]}]},{\"@type\":\"ImageObject\",\"inLanguage\":\"es\",\"@id\":\"https:\\\/\\\/www.cetys.mx\\\/noticias\\\/lideres-en-desarrollo-economico-iv-edicion-del-programa-de-cetys-universidad\\\/#primaryimage\",\"url\":\"https:\\\/\\\/www.cetys.mx\\\/noticias\\\/wp-content\\\/uploads\\\/2025\\\/01\\\/Lideres.jpg\",\"contentUrl\":\"https:\\\/\\\/www.cetys.mx\\\/noticias\\\/wp-content\\\/uploads\\\/2025\\\/01\\\/Lideres.jpg\",\"width\":995,\"height\":578},{\"@type\":\"BreadcrumbList\",\"@id\":\"https:\\\/\\\/www.cetys.mx\\\/noticias\\\/lideres-en-desarrollo-economico-iv-edicion-del-programa-de-cetys-universidad\\\/#breadcrumb\",\"itemListElement\":[{\"@type\":\"ListItem\",\"position\":1,\"name\":\"Inicio\",\"item\":\"https:\\\/\\\/www.cetys.mx\\\/noticias\\\/\"},{\"@type\":\"ListItem\",\"position\":2,\"name\":\"L\u00edderes en Desarrollo Econ\u00f3mico: IV edici\u00f3n del programa de CETYS Universidad\"}]},{\"@type\":\"WebSite\",\"@id\":\"https:\\\/\\\/www.cetys.mx\\\/noticias\\\/#website\",\"url\":\"https:\\\/\\\/www.cetys.mx\\\/noticias\\\/\",\"name\":\"CETYS\",\"description\":\"\",\"potentialAction\":[{\"@type\":\"SearchAction\",\"target\":{\"@type\":\"EntryPoint\",\"urlTemplate\":\"https:\\\/\\\/www.cetys.mx\\\/noticias\\\/?s={search_term_string}\"},\"query-input\":{\"@type\":\"PropertyValueSpecification\",\"valueRequired\":true,\"valueName\":\"search_term_string\"}}],\"inLanguage\":\"es\"},{\"@type\":\"Person\",\"@id\":\"https:\\\/\\\/www.cetys.mx\\\/noticias\\\/#\\\/schema\\\/person\\\/e9d2b35265b64aa454df57a2828eb2ac\",\"name\":\"CETYS Institucional\",\"url\":\"https:\\\/\\\/www.cetys.mx\\\/noticias\\\/author\\\/cetysinstitucional\\\/\"}]}<\/script>\n<!-- \/ Yoast SEO plugin. -->","yoast_head_json":{"title":"L\u00edderes en Desarrollo Econ\u00f3mico: IV edici\u00f3n del programa de CETYS Universidad - CETYS","description":"Articulo sobre L\u00edderes en Desarrollo Econ\u00f3mico: IV edici\u00f3n del programa de CETYS Universidad","robots":{"index":"index","follow":"follow","max-snippet":"max-snippet:-1","max-image-preview":"max-image-preview:large","max-video-preview":"max-video-preview:-1"},"canonical":"https:\/\/www.cetys.mx\/noticias\/lideres-en-desarrollo-economico-iv-edicion-del-programa-de-cetys-universidad\/","og_locale":"es_MX","og_type":"article","og_title":"L\u00edderes en Desarrollo Econ\u00f3mico: IV edici\u00f3n del programa de CETYS Universidad - CETYS","og_description":"Articulo sobre L\u00edderes en Desarrollo Econ\u00f3mico: IV edici\u00f3n del programa de CETYS Universidad","og_url":"https:\/\/www.cetys.mx\/noticias\/lideres-en-desarrollo-economico-iv-edicion-del-programa-de-cetys-universidad\/","og_site_name":"CETYS","article_publisher":"https:\/\/www.facebook.com\/cetysuniversidadmxl\/","article_published_time":"2025-01-14T20:13:55+00:00","og_image":[{"width":995,"height":578,"url":"https:\/\/www.cetys.mx\/noticias\/wp-content\/uploads\/2025\/01\/Lideres.jpg","type":"image\/jpeg"}],"author":"CETYS Institucional","twitter_card":"summary_large_image","twitter_creator":"@cetysuni","twitter_site":"@cetysuni","twitter_misc":{"Escrito por":"CETYS Institucional","Tiempo de lectura":"2 minutos"},"schema":{"@context":"https:\/\/schema.org","@graph":[{"@type":"Article","@id":"https:\/\/www.cetys.mx\/noticias\/lideres-en-desarrollo-economico-iv-edicion-del-programa-de-cetys-universidad\/#article","isPartOf":{"@id":"https:\/\/www.cetys.mx\/noticias\/lideres-en-desarrollo-economico-iv-edicion-del-programa-de-cetys-universidad\/"},"author":{"name":"CETYS Institucional","@id":"https:\/\/www.cetys.mx\/noticias\/#\/schema\/person\/e9d2b35265b64aa454df57a2828eb2ac"},"headline":"L\u00edderes en Desarrollo Econ\u00f3mico: IV edici\u00f3n del programa de CETYS Universidad","datePublished":"2025-01-14T20:13:55+00:00","mainEntityOfPage":{"@id":"https:\/\/www.cetys.mx\/noticias\/lideres-en-desarrollo-economico-iv-edicion-del-programa-de-cetys-universidad\/"},"wordCount":398,"commentCount":0,"image":{"@id":"https:\/\/www.cetys.mx\/noticias\/lideres-en-desarrollo-economico-iv-edicion-del-programa-de-cetys-universidad\/#primaryimage"},"thumbnailUrl":"https:\/\/www.cetys.mx\/noticias\/wp-content\/uploads\/2025\/01\/Lideres.jpg","articleSection":["Institucional"],"inLanguage":"es","potentialAction":[{"@type":"CommentAction","name":"Comment","target":["https:\/\/www.cetys.mx\/noticias\/lideres-en-desarrollo-economico-iv-edicion-del-programa-de-cetys-universidad\/#respond"]}]},{"@type":"WebPage","@id":"https:\/\/www.cetys.mx\/noticias\/lideres-en-desarrollo-economico-iv-edicion-del-programa-de-cetys-universidad\/","url":"https:\/\/www.cetys.mx\/noticias\/lideres-en-desarrollo-economico-iv-edicion-del-programa-de-cetys-universidad\/","name":"L\u00edderes en Desarrollo Econ\u00f3mico: IV edici\u00f3n del programa de CETYS Universidad - CETYS","isPartOf":{"@id":"https:\/\/www.cetys.mx\/noticias\/#website"},"primaryImageOfPage":{"@id":"https:\/\/www.cetys.mx\/noticias\/lideres-en-desarrollo-economico-iv-edicion-del-programa-de-cetys-universidad\/#primaryimage"},"image":{"@id":"https:\/\/www.cetys.mx\/noticias\/lideres-en-desarrollo-economico-iv-edicion-del-programa-de-cetys-universidad\/#primaryimage"},"thumbnailUrl":"https:\/\/www.cetys.mx\/noticias\/wp-content\/uploads\/2025\/01\/Lideres.jpg","datePublished":"2025-01-14T20:13:55+00:00","author":{"@id":"https:\/\/www.cetys.mx\/noticias\/#\/schema\/person\/e9d2b35265b64aa454df57a2828eb2ac"},"description":"Articulo sobre L\u00edderes en Desarrollo Econ\u00f3mico: IV edici\u00f3n del programa de CETYS Universidad","breadcrumb":{"@id":"https:\/\/www.cetys.mx\/noticias\/lideres-en-desarrollo-economico-iv-edicion-del-programa-de-cetys-universidad\/#breadcrumb"},"inLanguage":"es","potentialAction":[{"@type":"ReadAction","target":["https:\/\/www.cetys.mx\/noticias\/lideres-en-desarrollo-economico-iv-edicion-del-programa-de-cetys-universidad\/"]}]},{"@type":"ImageObject","inLanguage":"es","@id":"https:\/\/www.cetys.mx\/noticias\/lideres-en-desarrollo-economico-iv-edicion-del-programa-de-cetys-universidad\/#primaryimage","url":"https:\/\/www.cetys.mx\/noticias\/wp-content\/uploads\/2025\/01\/Lideres.jpg","contentUrl":"https:\/\/www.cetys.mx\/noticias\/wp-content\/uploads\/2025\/01\/Lideres.jpg","width":995,"height":578},{"@type":"BreadcrumbList","@id":"https:\/\/www.cetys.mx\/noticias\/lideres-en-desarrollo-economico-iv-edicion-del-programa-de-cetys-universidad\/#breadcrumb","itemListElement":[{"@type":"ListItem","position":1,"name":"Inicio","item":"https:\/\/www.cetys.mx\/noticias\/"},{"@type":"ListItem","position":2,"name":"L\u00edderes en Desarrollo Econ\u00f3mico: IV edici\u00f3n del programa de CETYS Universidad"}]},{"@type":"WebSite","@id":"https:\/\/www.cetys.mx\/noticias\/#website","url":"https:\/\/www.cetys.mx\/noticias\/","name":"CETYS","description":"","potentialAction":[{"@type":"SearchAction","target":{"@type":"EntryPoint","urlTemplate":"https:\/\/www.cetys.mx\/noticias\/?s={search_term_string}"},"query-input":{"@type":"PropertyValueSpecification","valueRequired":true,"valueName":"search_term_string"}}],"inLanguage":"es"},{"@type":"Person","@id":"https:\/\/www.cetys.mx\/noticias\/#\/schema\/person\/e9d2b35265b64aa454df57a2828eb2ac","name":"CETYS Institucional","url":"https:\/\/www.cetys.mx\/noticias\/author\/cetysinstitucional\/"}]}},"_links":{"self":[{"href":"https:\/\/www.cetys.mx\/noticias\/wp-json\/wp\/v2\/posts\/208017","targetHints":{"allow":["GET"]}}],"collection":[{"href":"https:\/\/www.cetys.mx\/noticias\/wp-json\/wp\/v2\/posts"}],"about":[{"href":"https:\/\/www.cetys.mx\/noticias\/wp-json\/wp\/v2\/types\/post"}],"author":[{"embeddable":true,"href":"https:\/\/www.cetys.mx\/noticias\/wp-json\/wp\/v2\/users\/26"}],"replies":[{"embeddable":true,"href":"https:\/\/www.cetys.mx\/noticias\/wp-json\/wp\/v2\/comments?post=208017"}],"version-history":[{"count":1,"href":"https:\/\/www.cetys.mx\/noticias\/wp-json\/wp\/v2\/posts\/208017\/revisions"}],"predecessor-version":[{"id":208018,"href":"https:\/\/www.cetys.mx\/noticias\/wp-json\/wp\/v2\/posts\/208017\/revisions\/208018"}],"wp:featuredmedia":[{"embeddable":true,"href":"https:\/\/www.cetys.mx\/noticias\/wp-json\/wp\/v2\/media\/208009"}],"wp:attachment":[{"href":"https:\/\/www.cetys.mx\/noticias\/wp-json\/wp\/v2\/media?parent=208017"}],"wp:term":[{"taxonomy":"category","embeddable":true,"href":"https:\/\/www.cetys.mx\/noticias\/wp-json\/wp\/v2\/categories?post=208017"},{"taxonomy":"post_tag","embeddable":true,"href":"https:\/\/www.cetys.mx\/noticias\/wp-json\/wp\/v2\/tags?post=208017"}],"curies":[{"name":"wp","href":"https:\/\/api.w.org\/{rel}","templated":true}]}}