{"id":207870,"date":"2025-01-09T11:09:39","date_gmt":"2025-01-09T19:09:39","guid":{"rendered":"https:\/\/www.cetys.mx\/noticias\/?p=207870"},"modified":"2025-01-22T16:24:02","modified_gmt":"2025-01-23T00:24:02","slug":"mckenna-mellon-culminara-su-mba-triple-grado-de-cetys-con-una-vision-global-y-experiencia-multicultural","status":"publish","type":"post","link":"https:\/\/www.cetys.mx\/noticias\/mckenna-mellon-culminara-su-mba-triple-grado-de-cetys-con-una-vision-global-y-experiencia-multicultural\/","title":{"rendered":"McKenna Mellon culminar\u00e1 su MBA Triple Grado de CETYS con una visi\u00f3n global y experiencia multicultural"},"content":{"rendered":"<p><span style=\"font-weight: 400;\">La alumna <strong>Mckenna Mellon<\/strong>, originaria de Yuma, Arizona present\u00f3 su proyecto integrador final del MBA Triple Grado de CETYS Universidad tras completar un recorrido acad\u00e9mico que incluy\u00f3 experiencias en Austria, Vietnam y M\u00e9xico, perteneciendo as\u00ed a la quinta generaci\u00f3n de este programa.<\/span><\/p>\n<p><span style=\"font-weight: 400;\">Los grados que obtendr\u00e1 son: <strong>MBA con \u00e9nfasis en Marketing<\/strong> por <a href=\"https:\/\/www.cetys.mx\/\">CETYS Universidad<\/a>,\u00a0<\/span><span style=\"font-weight: 400;\"><strong>Maestr\u00eda en Ventas y Marketing Global<\/strong> por la <a href=\"https:\/\/fh-ooe.at\/en\">Universidad de Ciencias Aplicadas de Upper Austria<\/a> y <strong>MBA<\/strong> por la <a href=\"https:\/\/vgu.edu.vn\/\">Universidad Vietnamita-Alemana<\/a>.<\/span><\/p>\n<p><span style=\"font-weight: 400;\">Este innovador programa, desarrollado en colaboraci\u00f3n con las Universidades anteriormente mencionadas, permitir\u00e1n a Mckenna obtener tres maestr\u00edas internacionales en menos de dos a\u00f1os, reforzando su visi\u00f3n global de los negocios y habilidades interculturales.<\/span><\/p>\n<blockquote><p><span style=\"font-weight: 400;\">\u201cMi experiencia con el programa de triple grado me form\u00f3 como l\u00edder y como persona. Presenta una visi\u00f3n m\u00e1s abierta a diferentes culturas e ideas y demuestra que los l\u00edderes no son los \u00fanicos roles, sino que se necesita todo un espectro de personas para poder formar un equipo. As\u00ed que poder ser el l\u00edder, pero tambi\u00e9n no serlo a veces, fue una de las cosas m\u00e1s valiosas que aprend\u00ed\u201d, expres\u00f3 la estudiante.<\/span><\/p><\/blockquote>\n<p><span style=\"font-weight: 400;\">Destac\u00f3 el impacto transformador del programa, se\u00f1alando que su enfoque internacional le permiti\u00f3 entender las diferencias culturales en los entornos empresariales de cada continente que visit\u00f3. \u201cLa conciencia cultural es una de las ventajas m\u00e1s importantes de estar en este programa. Puedes viajar y conocer otros pa\u00edses que no son el pa\u00eds anfitri\u00f3n y entender c\u00f3mo funcionan los negocios, qu\u00e9 diferencias culturales existen dentro de las esferas empresariales en Asia, Am\u00e9rica del Norte y Europa, lo cual es bastante incre\u00edble\u201d coment\u00f3 Mckenna Mellon.<\/span><\/p>\n<div class=\"gallery-slider-wrapper gallery-1\">\n                        <div class=\"gallery-slider\" itemscope itemtype=\"http:\/\/schema.org\/ImageGallery\"><figure class=\"slide\" itemprop=\"associatedMedia\" itemscope itemtype=\"http:\/\/schema.org\/ImageObject\">\n                    <a itemprop=\"contentUrl\" href=\"https:\/\/www.cetys.mx\/noticias\/wp-content\/uploads\/2025\/01\/DSC_4045-copy.jpg\">\n                        <img decoding=\"async\" itemprop=\"thumbnail\" class=\"lazyOwl\" src=\"https:\/\/www.cetys.mx\/noticias\/wp-content\/plugins\/jmagz-plugin\/assets\/placeholder\/900x450.png\" data-src=\"https:\/\/www.cetys.mx\/noticias\/wp-content\/uploads\/2025\/01\/DSC_4045-copy.jpg\" alt=\"\">\n                    <\/a>\n                    <figcaption itemprop=\"caption description\" class=\"slide-caption\">\n                        \n                    <\/figcaption>\n                <\/figure><figure class=\"slide\" itemprop=\"associatedMedia\" itemscope itemtype=\"http:\/\/schema.org\/ImageObject\">\n                    <a itemprop=\"contentUrl\" href=\"https:\/\/www.cetys.mx\/noticias\/wp-content\/uploads\/2025\/01\/DSC_4055-copy.jpg\">\n                        <img decoding=\"async\" itemprop=\"thumbnail\" class=\"lazyOwl\" src=\"https:\/\/www.cetys.mx\/noticias\/wp-content\/plugins\/jmagz-plugin\/assets\/placeholder\/900x450.png\" data-src=\"https:\/\/www.cetys.mx\/noticias\/wp-content\/uploads\/2025\/01\/DSC_4055-copy.jpg\" alt=\"\">\n                    <\/a>\n                    <figcaption itemprop=\"caption description\" class=\"slide-caption\">\n                        \n                    <\/figcaption>\n                <\/figure><figure class=\"slide\" itemprop=\"associatedMedia\" itemscope itemtype=\"http:\/\/schema.org\/ImageObject\">\n                    <a itemprop=\"contentUrl\" href=\"https:\/\/www.cetys.mx\/noticias\/wp-content\/uploads\/2025\/01\/DSC_4064-copy.jpg\">\n                        <img decoding=\"async\" itemprop=\"thumbnail\" class=\"lazyOwl\" src=\"https:\/\/www.cetys.mx\/noticias\/wp-content\/plugins\/jmagz-plugin\/assets\/placeholder\/900x450.png\" data-src=\"https:\/\/www.cetys.mx\/noticias\/wp-content\/uploads\/2025\/01\/DSC_4064-copy.jpg\" alt=\"DSC_4064 copy\">\n                    <\/a>\n                    <figcaption itemprop=\"caption description\" class=\"slide-caption\">\n                        \n                    <\/figcaption>\n                <\/figure><figure class=\"slide\" itemprop=\"associatedMedia\" itemscope itemtype=\"http:\/\/schema.org\/ImageObject\">\n                    <a itemprop=\"contentUrl\" href=\"https:\/\/www.cetys.mx\/noticias\/wp-content\/uploads\/2025\/01\/DSC_4088-copy.jpg\">\n                        <img decoding=\"async\" itemprop=\"thumbnail\" class=\"lazyOwl\" src=\"https:\/\/www.cetys.mx\/noticias\/wp-content\/plugins\/jmagz-plugin\/assets\/placeholder\/900x450.png\" data-src=\"https:\/\/www.cetys.mx\/noticias\/wp-content\/uploads\/2025\/01\/DSC_4088-copy.jpg\" alt=\"\">\n                    <\/a>\n                    <figcaption itemprop=\"caption description\" class=\"slide-caption\">\n                        \n                    <\/figcaption>\n                <\/figure><\/div>\n                <div class=\"gallery-slider-thumbnail-wrapper\">\n                    <div class=\"gallery-slider-thumbnail\"><div class=\"slide-thumbnail\"><img decoding=\"async\" class=\"lazyOwl\" src=\"https:\/\/www.cetys.mx\/noticias\/wp-content\/plugins\/jmagz-plugin\/assets\/placeholder\/150x75.png\" data-src=\"https:\/\/www.cetys.mx\/noticias\/wp-content\/uploads\/2025\/01\/DSC_4045-copy.jpg\" alt=\"\"><\/div><div class=\"slide-thumbnail\"><img decoding=\"async\" class=\"lazyOwl\" src=\"https:\/\/www.cetys.mx\/noticias\/wp-content\/plugins\/jmagz-plugin\/assets\/placeholder\/150x75.png\" data-src=\"https:\/\/www.cetys.mx\/noticias\/wp-content\/uploads\/2025\/01\/DSC_4055-copy.jpg\" alt=\"\"><\/div><div class=\"slide-thumbnail\"><img decoding=\"async\" class=\"lazyOwl\" src=\"https:\/\/www.cetys.mx\/noticias\/wp-content\/plugins\/jmagz-plugin\/assets\/placeholder\/150x75.png\" data-src=\"https:\/\/www.cetys.mx\/noticias\/wp-content\/uploads\/2025\/01\/DSC_4064-copy.jpg\" alt=\"DSC_4064 copy\"><\/div><div class=\"slide-thumbnail\"><img decoding=\"async\" class=\"lazyOwl\" src=\"https:\/\/www.cetys.mx\/noticias\/wp-content\/plugins\/jmagz-plugin\/assets\/placeholder\/150x75.png\" data-src=\"https:\/\/www.cetys.mx\/noticias\/wp-content\/uploads\/2025\/01\/DSC_4088-copy.jpg\" alt=\"\"><\/div><\/div><\/div><\/div>\n<p><span style=\"font-weight: 400;\">Asimismo, comparti\u00f3 que este MBA no solo le proporcion\u00f3 una s\u00f3lida base acad\u00e9mica, sino tambi\u00e9n habilidades clave como la paciencia, la colaboraci\u00f3n en equipo y la capacidad de liderar y seguir cuando sea necesario. \u201cEste programa te cambia como ser humano; tu perspectiva del mundo se ampl\u00eda y te prepara para ser un mejor ciudadano global\u201d, coment\u00f3.<\/span><\/p>\n<p><span style=\"font-weight: 400;\">Por su parte, la <strong>Dra. M\u00f3nica L\u00f3pez Sieben<\/strong>, Directora de la <a href=\"https:\/\/www.cetys.mx\/gsb\/\">CETYS Graduate School of Business<\/a> destac\u00f3 &#8220;El triple grado del MBA es \u00fanico en su tipo, ya que combina lo mejor de la teor\u00eda y la pr\u00e1ctica en administraci\u00f3n de empresas y una fuerte visi\u00f3n multicultural. A trav\u00e9s de esta triple titulaci\u00f3n, los estudiantes tienen la oportunidad de obtener una visi\u00f3n global del mundo empresarial, desarrollar habilidades cr\u00edticas de liderazgo y forjar conexiones valiosas que les servir\u00e1n a lo largo de su vida profesional y personal&#8221;.<\/span><\/p>\n<p><span style=\"font-weight: 400;\">Desde su inicio en 2019, el MBA Triple Grado de CETYS Universidad ofrece a sus estudiantes no solo una educaci\u00f3n integral, sino tambi\u00e9n la oportunidad de viajar, establecer conexiones globales y comprender tendencias empresariales en mercados clave. Este enfoque prepara a los graduados para enfrentar los retos del panorama empresarial global en constante evoluci\u00f3n.<\/span><\/p>\n<p><span style=\"font-weight: 400;\">Con este logro, Mckenna Mellon se suma a la creciente lista de profesionales formados en CETYS Universidad que est\u00e1n marcando una diferencia significativa en el \u00e1mbito internacional, consolidando su lugar como l\u00edder en la formaci\u00f3n de agentes de cambio global.<\/span><\/p>\n<p>Conoce m\u00e1s sobre la experiencia de Mckenna Mellon aqu\u00ed:\u00a0<a href=\"https:\/\/www.youtube.com\/watch?v=q6tAOYDndC4\">https:\/\/www.youtube.com\/watch?v=q6tAOYDndC4<\/a><\/p>\n","protected":false},"excerpt":{"rendered":"<p>La alumna Mckenna Mellon, originaria de Yuma, Arizona present\u00f3 su proyecto integrador final del MBA Triple Grado de CETYS Universidad tras completar&#8230;<\/p>\n","protected":false},"author":20,"featured_media":207879,"comment_status":"open","ping_status":"closed","sticky":false,"template":"","format":"standard","meta":{"footnotes":""},"categories":[133,108,125,309,105,313],"tags":[2663,219,6544,7108],"class_list":["post-207870","post","type-post","status-publish","format-standard","has-post-thumbnail","hentry","category-campus-mexicali","category-internacionales","category-portada","category-posgrado","category-vida-estudiantil","category-vocetys-2","tag-campusinternacional","tag-mba","tag-mbatriplegrado","tag-vocetys-2025-01-22","univesidades-vocetys-top-2025-01-16"],"yoast_head":"<!-- This site is optimized with the Yoast SEO plugin v27.4 - https:\/\/yoast.com\/product\/yoast-seo-wordpress\/ -->\n<title>McKenna Mellon culminar\u00e1 su MBA Triple Grado de CETYS con una visi\u00f3n global y experiencia multicultural - CETYS<\/title>\n<meta name=\"description\" content=\"Articulo sobre McKenna Mellon culminar\u00e1 su MBA Triple Grado de CETYS con una visi\u00f3n global y experiencia multicultural\" \/>\n<meta name=\"robots\" content=\"index, follow, max-snippet:-1, max-image-preview:large, max-video-preview:-1\" \/>\n<link rel=\"canonical\" href=\"https:\/\/www.cetys.mx\/noticias\/mckenna-mellon-culminara-su-mba-triple-grado-de-cetys-con-una-vision-global-y-experiencia-multicultural\/\" \/>\n<meta property=\"og:locale\" content=\"es_MX\" \/>\n<meta property=\"og:type\" content=\"article\" \/>\n<meta property=\"og:title\" content=\"McKenna Mellon culminar\u00e1 su MBA Triple Grado de CETYS con una visi\u00f3n global y experiencia multicultural - CETYS\" \/>\n<meta property=\"og:description\" content=\"Articulo sobre McKenna Mellon culminar\u00e1 su MBA Triple Grado de CETYS con una visi\u00f3n global y experiencia multicultural\" \/>\n<meta property=\"og:url\" content=\"https:\/\/www.cetys.mx\/noticias\/mckenna-mellon-culminara-su-mba-triple-grado-de-cetys-con-una-vision-global-y-experiencia-multicultural\/\" \/>\n<meta property=\"og:site_name\" content=\"CETYS\" \/>\n<meta property=\"article:publisher\" content=\"https:\/\/www.facebook.com\/cetysuniversidadmxl\/\" \/>\n<meta property=\"article:published_time\" content=\"2025-01-09T19:09:39+00:00\" \/>\n<meta property=\"article:modified_time\" content=\"2025-01-23T00:24:02+00:00\" \/>\n<meta property=\"og:image\" content=\"https:\/\/www.cetys.mx\/noticias\/wp-content\/uploads\/2025\/01\/Mckenna1.jpg\" \/>\n\t<meta property=\"og:image:width\" content=\"958\" \/>\n\t<meta property=\"og:image:height\" content=\"640\" \/>\n\t<meta property=\"og:image:type\" content=\"image\/jpeg\" \/>\n<meta name=\"author\" content=\"Campus Mexicali\" \/>\n<meta name=\"twitter:card\" content=\"summary_large_image\" \/>\n<meta name=\"twitter:creator\" content=\"@cetysuni\" \/>\n<meta name=\"twitter:site\" content=\"@cetysuni\" \/>\n<meta name=\"twitter:label1\" content=\"Escrito por\" \/>\n\t<meta name=\"twitter:data1\" content=\"Campus Mexicali\" \/>\n\t<meta name=\"twitter:label2\" content=\"Tiempo de lectura\" \/>\n\t<meta name=\"twitter:data2\" content=\"3 minutos\" \/>\n<script type=\"application\/ld+json\" class=\"yoast-schema-graph\">{\"@context\":\"https:\\\/\\\/schema.org\",\"@graph\":[{\"@type\":\"Article\",\"@id\":\"https:\\\/\\\/www.cetys.mx\\\/noticias\\\/mckenna-mellon-culminara-su-mba-triple-grado-de-cetys-con-una-vision-global-y-experiencia-multicultural\\\/#article\",\"isPartOf\":{\"@id\":\"https:\\\/\\\/www.cetys.mx\\\/noticias\\\/mckenna-mellon-culminara-su-mba-triple-grado-de-cetys-con-una-vision-global-y-experiencia-multicultural\\\/\"},\"author\":{\"name\":\"Campus Mexicali\",\"@id\":\"https:\\\/\\\/www.cetys.mx\\\/noticias\\\/#\\\/schema\\\/person\\\/79a95c4ac185f3705cf1b9c9340a5f70\"},\"headline\":\"McKenna Mellon culminar\u00e1 su MBA Triple Grado de CETYS con una visi\u00f3n global y experiencia multicultural\",\"datePublished\":\"2025-01-09T19:09:39+00:00\",\"dateModified\":\"2025-01-23T00:24:02+00:00\",\"mainEntityOfPage\":{\"@id\":\"https:\\\/\\\/www.cetys.mx\\\/noticias\\\/mckenna-mellon-culminara-su-mba-triple-grado-de-cetys-con-una-vision-global-y-experiencia-multicultural\\\/\"},\"wordCount\":587,\"commentCount\":0,\"image\":{\"@id\":\"https:\\\/\\\/www.cetys.mx\\\/noticias\\\/mckenna-mellon-culminara-su-mba-triple-grado-de-cetys-con-una-vision-global-y-experiencia-multicultural\\\/#primaryimage\"},\"thumbnailUrl\":\"https:\\\/\\\/www.cetys.mx\\\/noticias\\\/wp-content\\\/uploads\\\/2025\\\/01\\\/Mckenna1.jpg\",\"keywords\":[\"#CampusInternacional\",\"mba\",\"MBATripleGrado\",\"vocetys-2025-01-22\"],\"articleSection\":[\"Campus Mexicali\",\"Internacionales\",\"Portada\",\"Posgrado\",\"Vida Estudiantil\",\"VoCETYS\"],\"inLanguage\":\"es\",\"potentialAction\":[{\"@type\":\"CommentAction\",\"name\":\"Comment\",\"target\":[\"https:\\\/\\\/www.cetys.mx\\\/noticias\\\/mckenna-mellon-culminara-su-mba-triple-grado-de-cetys-con-una-vision-global-y-experiencia-multicultural\\\/#respond\"]}]},{\"@type\":\"WebPage\",\"@id\":\"https:\\\/\\\/www.cetys.mx\\\/noticias\\\/mckenna-mellon-culminara-su-mba-triple-grado-de-cetys-con-una-vision-global-y-experiencia-multicultural\\\/\",\"url\":\"https:\\\/\\\/www.cetys.mx\\\/noticias\\\/mckenna-mellon-culminara-su-mba-triple-grado-de-cetys-con-una-vision-global-y-experiencia-multicultural\\\/\",\"name\":\"McKenna Mellon culminar\u00e1 su MBA Triple Grado de CETYS con una visi\u00f3n global y experiencia multicultural - CETYS\",\"isPartOf\":{\"@id\":\"https:\\\/\\\/www.cetys.mx\\\/noticias\\\/#website\"},\"primaryImageOfPage\":{\"@id\":\"https:\\\/\\\/www.cetys.mx\\\/noticias\\\/mckenna-mellon-culminara-su-mba-triple-grado-de-cetys-con-una-vision-global-y-experiencia-multicultural\\\/#primaryimage\"},\"image\":{\"@id\":\"https:\\\/\\\/www.cetys.mx\\\/noticias\\\/mckenna-mellon-culminara-su-mba-triple-grado-de-cetys-con-una-vision-global-y-experiencia-multicultural\\\/#primaryimage\"},\"thumbnailUrl\":\"https:\\\/\\\/www.cetys.mx\\\/noticias\\\/wp-content\\\/uploads\\\/2025\\\/01\\\/Mckenna1.jpg\",\"datePublished\":\"2025-01-09T19:09:39+00:00\",\"dateModified\":\"2025-01-23T00:24:02+00:00\",\"author\":{\"@id\":\"https:\\\/\\\/www.cetys.mx\\\/noticias\\\/#\\\/schema\\\/person\\\/79a95c4ac185f3705cf1b9c9340a5f70\"},\"description\":\"Articulo sobre McKenna Mellon culminar\u00e1 su MBA Triple Grado de CETYS con una visi\u00f3n global y experiencia multicultural\",\"breadcrumb\":{\"@id\":\"https:\\\/\\\/www.cetys.mx\\\/noticias\\\/mckenna-mellon-culminara-su-mba-triple-grado-de-cetys-con-una-vision-global-y-experiencia-multicultural\\\/#breadcrumb\"},\"inLanguage\":\"es\",\"potentialAction\":[{\"@type\":\"ReadAction\",\"target\":[\"https:\\\/\\\/www.cetys.mx\\\/noticias\\\/mckenna-mellon-culminara-su-mba-triple-grado-de-cetys-con-una-vision-global-y-experiencia-multicultural\\\/\"]}]},{\"@type\":\"ImageObject\",\"inLanguage\":\"es\",\"@id\":\"https:\\\/\\\/www.cetys.mx\\\/noticias\\\/mckenna-mellon-culminara-su-mba-triple-grado-de-cetys-con-una-vision-global-y-experiencia-multicultural\\\/#primaryimage\",\"url\":\"https:\\\/\\\/www.cetys.mx\\\/noticias\\\/wp-content\\\/uploads\\\/2025\\\/01\\\/Mckenna1.jpg\",\"contentUrl\":\"https:\\\/\\\/www.cetys.mx\\\/noticias\\\/wp-content\\\/uploads\\\/2025\\\/01\\\/Mckenna1.jpg\",\"width\":958,\"height\":640},{\"@type\":\"BreadcrumbList\",\"@id\":\"https:\\\/\\\/www.cetys.mx\\\/noticias\\\/mckenna-mellon-culminara-su-mba-triple-grado-de-cetys-con-una-vision-global-y-experiencia-multicultural\\\/#breadcrumb\",\"itemListElement\":[{\"@type\":\"ListItem\",\"position\":1,\"name\":\"Inicio\",\"item\":\"https:\\\/\\\/www.cetys.mx\\\/noticias\\\/\"},{\"@type\":\"ListItem\",\"position\":2,\"name\":\"McKenna Mellon culminar\u00e1 su MBA Triple Grado de CETYS con una visi\u00f3n global y experiencia multicultural\"}]},{\"@type\":\"WebSite\",\"@id\":\"https:\\\/\\\/www.cetys.mx\\\/noticias\\\/#website\",\"url\":\"https:\\\/\\\/www.cetys.mx\\\/noticias\\\/\",\"name\":\"CETYS\",\"description\":\"\",\"potentialAction\":[{\"@type\":\"SearchAction\",\"target\":{\"@type\":\"EntryPoint\",\"urlTemplate\":\"https:\\\/\\\/www.cetys.mx\\\/noticias\\\/?s={search_term_string}\"},\"query-input\":{\"@type\":\"PropertyValueSpecification\",\"valueRequired\":true,\"valueName\":\"search_term_string\"}}],\"inLanguage\":\"es\"},{\"@type\":\"Person\",\"@id\":\"https:\\\/\\\/www.cetys.mx\\\/noticias\\\/#\\\/schema\\\/person\\\/79a95c4ac185f3705cf1b9c9340a5f70\",\"name\":\"Campus Mexicali\",\"url\":\"https:\\\/\\\/www.cetys.mx\\\/noticias\\\/author\\\/campusmexicali\\\/\"}]}<\/script>\n<!-- \/ Yoast SEO plugin. -->","yoast_head_json":{"title":"McKenna Mellon culminar\u00e1 su MBA Triple Grado de CETYS con una visi\u00f3n global y experiencia multicultural - CETYS","description":"Articulo sobre McKenna Mellon culminar\u00e1 su MBA Triple Grado de CETYS con una visi\u00f3n global y experiencia multicultural","robots":{"index":"index","follow":"follow","max-snippet":"max-snippet:-1","max-image-preview":"max-image-preview:large","max-video-preview":"max-video-preview:-1"},"canonical":"https:\/\/www.cetys.mx\/noticias\/mckenna-mellon-culminara-su-mba-triple-grado-de-cetys-con-una-vision-global-y-experiencia-multicultural\/","og_locale":"es_MX","og_type":"article","og_title":"McKenna Mellon culminar\u00e1 su MBA Triple Grado de CETYS con una visi\u00f3n global y experiencia multicultural - CETYS","og_description":"Articulo sobre McKenna Mellon culminar\u00e1 su MBA Triple Grado de CETYS con una visi\u00f3n global y experiencia multicultural","og_url":"https:\/\/www.cetys.mx\/noticias\/mckenna-mellon-culminara-su-mba-triple-grado-de-cetys-con-una-vision-global-y-experiencia-multicultural\/","og_site_name":"CETYS","article_publisher":"https:\/\/www.facebook.com\/cetysuniversidadmxl\/","article_published_time":"2025-01-09T19:09:39+00:00","article_modified_time":"2025-01-23T00:24:02+00:00","og_image":[{"width":958,"height":640,"url":"https:\/\/www.cetys.mx\/noticias\/wp-content\/uploads\/2025\/01\/Mckenna1.jpg","type":"image\/jpeg"}],"author":"Campus Mexicali","twitter_card":"summary_large_image","twitter_creator":"@cetysuni","twitter_site":"@cetysuni","twitter_misc":{"Escrito por":"Campus Mexicali","Tiempo de lectura":"3 minutos"},"schema":{"@context":"https:\/\/schema.org","@graph":[{"@type":"Article","@id":"https:\/\/www.cetys.mx\/noticias\/mckenna-mellon-culminara-su-mba-triple-grado-de-cetys-con-una-vision-global-y-experiencia-multicultural\/#article","isPartOf":{"@id":"https:\/\/www.cetys.mx\/noticias\/mckenna-mellon-culminara-su-mba-triple-grado-de-cetys-con-una-vision-global-y-experiencia-multicultural\/"},"author":{"name":"Campus Mexicali","@id":"https:\/\/www.cetys.mx\/noticias\/#\/schema\/person\/79a95c4ac185f3705cf1b9c9340a5f70"},"headline":"McKenna Mellon culminar\u00e1 su MBA Triple Grado de CETYS con una visi\u00f3n global y experiencia multicultural","datePublished":"2025-01-09T19:09:39+00:00","dateModified":"2025-01-23T00:24:02+00:00","mainEntityOfPage":{"@id":"https:\/\/www.cetys.mx\/noticias\/mckenna-mellon-culminara-su-mba-triple-grado-de-cetys-con-una-vision-global-y-experiencia-multicultural\/"},"wordCount":587,"commentCount":0,"image":{"@id":"https:\/\/www.cetys.mx\/noticias\/mckenna-mellon-culminara-su-mba-triple-grado-de-cetys-con-una-vision-global-y-experiencia-multicultural\/#primaryimage"},"thumbnailUrl":"https:\/\/www.cetys.mx\/noticias\/wp-content\/uploads\/2025\/01\/Mckenna1.jpg","keywords":["#CampusInternacional","mba","MBATripleGrado","vocetys-2025-01-22"],"articleSection":["Campus Mexicali","Internacionales","Portada","Posgrado","Vida Estudiantil","VoCETYS"],"inLanguage":"es","potentialAction":[{"@type":"CommentAction","name":"Comment","target":["https:\/\/www.cetys.mx\/noticias\/mckenna-mellon-culminara-su-mba-triple-grado-de-cetys-con-una-vision-global-y-experiencia-multicultural\/#respond"]}]},{"@type":"WebPage","@id":"https:\/\/www.cetys.mx\/noticias\/mckenna-mellon-culminara-su-mba-triple-grado-de-cetys-con-una-vision-global-y-experiencia-multicultural\/","url":"https:\/\/www.cetys.mx\/noticias\/mckenna-mellon-culminara-su-mba-triple-grado-de-cetys-con-una-vision-global-y-experiencia-multicultural\/","name":"McKenna Mellon culminar\u00e1 su MBA Triple Grado de CETYS con una visi\u00f3n global y experiencia multicultural - CETYS","isPartOf":{"@id":"https:\/\/www.cetys.mx\/noticias\/#website"},"primaryImageOfPage":{"@id":"https:\/\/www.cetys.mx\/noticias\/mckenna-mellon-culminara-su-mba-triple-grado-de-cetys-con-una-vision-global-y-experiencia-multicultural\/#primaryimage"},"image":{"@id":"https:\/\/www.cetys.mx\/noticias\/mckenna-mellon-culminara-su-mba-triple-grado-de-cetys-con-una-vision-global-y-experiencia-multicultural\/#primaryimage"},"thumbnailUrl":"https:\/\/www.cetys.mx\/noticias\/wp-content\/uploads\/2025\/01\/Mckenna1.jpg","datePublished":"2025-01-09T19:09:39+00:00","dateModified":"2025-01-23T00:24:02+00:00","author":{"@id":"https:\/\/www.cetys.mx\/noticias\/#\/schema\/person\/79a95c4ac185f3705cf1b9c9340a5f70"},"description":"Articulo sobre McKenna Mellon culminar\u00e1 su MBA Triple Grado de CETYS con una visi\u00f3n global y experiencia multicultural","breadcrumb":{"@id":"https:\/\/www.cetys.mx\/noticias\/mckenna-mellon-culminara-su-mba-triple-grado-de-cetys-con-una-vision-global-y-experiencia-multicultural\/#breadcrumb"},"inLanguage":"es","potentialAction":[{"@type":"ReadAction","target":["https:\/\/www.cetys.mx\/noticias\/mckenna-mellon-culminara-su-mba-triple-grado-de-cetys-con-una-vision-global-y-experiencia-multicultural\/"]}]},{"@type":"ImageObject","inLanguage":"es","@id":"https:\/\/www.cetys.mx\/noticias\/mckenna-mellon-culminara-su-mba-triple-grado-de-cetys-con-una-vision-global-y-experiencia-multicultural\/#primaryimage","url":"https:\/\/www.cetys.mx\/noticias\/wp-content\/uploads\/2025\/01\/Mckenna1.jpg","contentUrl":"https:\/\/www.cetys.mx\/noticias\/wp-content\/uploads\/2025\/01\/Mckenna1.jpg","width":958,"height":640},{"@type":"BreadcrumbList","@id":"https:\/\/www.cetys.mx\/noticias\/mckenna-mellon-culminara-su-mba-triple-grado-de-cetys-con-una-vision-global-y-experiencia-multicultural\/#breadcrumb","itemListElement":[{"@type":"ListItem","position":1,"name":"Inicio","item":"https:\/\/www.cetys.mx\/noticias\/"},{"@type":"ListItem","position":2,"name":"McKenna Mellon culminar\u00e1 su MBA Triple Grado de CETYS con una visi\u00f3n global y experiencia multicultural"}]},{"@type":"WebSite","@id":"https:\/\/www.cetys.mx\/noticias\/#website","url":"https:\/\/www.cetys.mx\/noticias\/","name":"CETYS","description":"","potentialAction":[{"@type":"SearchAction","target":{"@type":"EntryPoint","urlTemplate":"https:\/\/www.cetys.mx\/noticias\/?s={search_term_string}"},"query-input":{"@type":"PropertyValueSpecification","valueRequired":true,"valueName":"search_term_string"}}],"inLanguage":"es"},{"@type":"Person","@id":"https:\/\/www.cetys.mx\/noticias\/#\/schema\/person\/79a95c4ac185f3705cf1b9c9340a5f70","name":"Campus Mexicali","url":"https:\/\/www.cetys.mx\/noticias\/author\/campusmexicali\/"}]}},"_links":{"self":[{"href":"https:\/\/www.cetys.mx\/noticias\/wp-json\/wp\/v2\/posts\/207870","targetHints":{"allow":["GET"]}}],"collection":[{"href":"https:\/\/www.cetys.mx\/noticias\/wp-json\/wp\/v2\/posts"}],"about":[{"href":"https:\/\/www.cetys.mx\/noticias\/wp-json\/wp\/v2\/types\/post"}],"author":[{"embeddable":true,"href":"https:\/\/www.cetys.mx\/noticias\/wp-json\/wp\/v2\/users\/20"}],"replies":[{"embeddable":true,"href":"https:\/\/www.cetys.mx\/noticias\/wp-json\/wp\/v2\/comments?post=207870"}],"version-history":[{"count":3,"href":"https:\/\/www.cetys.mx\/noticias\/wp-json\/wp\/v2\/posts\/207870\/revisions"}],"predecessor-version":[{"id":208100,"href":"https:\/\/www.cetys.mx\/noticias\/wp-json\/wp\/v2\/posts\/207870\/revisions\/208100"}],"wp:featuredmedia":[{"embeddable":true,"href":"https:\/\/www.cetys.mx\/noticias\/wp-json\/wp\/v2\/media\/207879"}],"wp:attachment":[{"href":"https:\/\/www.cetys.mx\/noticias\/wp-json\/wp\/v2\/media?parent=207870"}],"wp:term":[{"taxonomy":"category","embeddable":true,"href":"https:\/\/www.cetys.mx\/noticias\/wp-json\/wp\/v2\/categories?post=207870"},{"taxonomy":"post_tag","embeddable":true,"href":"https:\/\/www.cetys.mx\/noticias\/wp-json\/wp\/v2\/tags?post=207870"}],"curies":[{"name":"wp","href":"https:\/\/api.w.org\/{rel}","templated":true}]}}