{"id":207424,"date":"2024-12-19T17:22:31","date_gmt":"2024-12-20T01:22:31","guid":{"rendered":"https:\/\/www.cetys.mx\/noticias\/?p=207424"},"modified":"2024-12-19T17:45:14","modified_gmt":"2024-12-20T01:45:14","slug":"cierre-del-programa-de-mentorias-2024-2-reconocen-la-labor-de-mentores-y-abordan-retos-de-inclusion","status":"publish","type":"post","link":"https:\/\/www.cetys.mx\/noticias\/cierre-del-programa-de-mentorias-2024-2-reconocen-la-labor-de-mentores-y-abordan-retos-de-inclusion\/","title":{"rendered":"Cierre del Programa de Mentor\u00edas 2024-2: Reconocen la labor de mentores y abordan retos de inclusi\u00f3n"},"content":{"rendered":"<p><span style=\"font-weight: 400;\">El Programa de Mentor\u00edas del periodo 2024-2 celebr\u00f3 su cierre el pasado martes 10 de diciembre. El Mtro. Francisco Ch\u00e1vez, Director de \u00c9xito Estudiantil, asisti\u00f3 al evento de manera virtual y reconoci\u00f3 la labor fundamental de los mentores en el acompa\u00f1amiento y seguimiento de los estudiantes.<\/span><\/p>\n<p><span style=\"font-weight: 400;\">Por su parte, la Dra. Luc\u00eda Beltr\u00e1n Rocha, Directora Acad\u00e9mica del CETYS\u00a0 Universidad Campus Internacional Ensenada, felicit\u00f3 a los mentores por su compromiso durante el semestre, enfatizando la importancia de identificar y aprovechar las \u00e1reas de oportunidad que ofrece el programa.<\/span><\/p>\n<p><span style=\"font-weight: 400;\">Al finalizar el informe, los mentores participaron en una actividad reflexiva sobre los \u201cRetos de\u00a0<\/span><span style=\"font-weight: 400;\">la inclusi\u00f3n en el contexto universitario\u201d, impartida por la Psic. M\u00f3nica Arias, Coordinadora de Mentor\u00edas del Campus Ensenada y Psic\u00f3loga del Centro de Desarrollo Estudiantil; en cuyo espacio se compartieron experiencias y estrategias desde su rol\u00a0<\/span><span style=\"font-weight: 400;\">como docente-mentor en el abordaje de las neurodiversidades.<\/span><\/p>\n<p><img loading=\"lazy\" decoding=\"async\" class=\"alignnone size-full wp-image-207426\" src=\"https:\/\/www.cetys.mx\/noticias\/wp-content\/uploads\/2024\/12\/WhatsApp-Image-2024-12-10-at-3.11.42-PM.jpeg\" alt=\"\" width=\"1600\" height=\"1200\" srcset=\"https:\/\/www.cetys.mx\/noticias\/wp-content\/uploads\/2024\/12\/WhatsApp-Image-2024-12-10-at-3.11.42-PM.jpeg 1600w, https:\/\/www.cetys.mx\/noticias\/wp-content\/uploads\/2024\/12\/WhatsApp-Image-2024-12-10-at-3.11.42-PM-768x576.jpeg 768w\" sizes=\"auto, (max-width: 1600px) 100vw, 1600px\" \/><\/p>\n","protected":false},"excerpt":{"rendered":"<p>El Programa de Mentor\u00edas del periodo 2024-2 celebr\u00f3 su cierre el pasado martes 10 de diciembre. El Mtro. Francisco Ch\u00e1vez, Director de&#8230;<\/p>\n","protected":false},"author":23,"featured_media":207427,"comment_status":"open","ping_status":"closed","sticky":false,"template":"","format":"standard","meta":{"footnotes":""},"categories":[132,209,125,313],"tags":[],"class_list":["post-207424","post","type-post","status-publish","format-standard","has-post-thumbnail","hentry","category-campus-ensenada","category-institucional","category-portada","category-vocetys-2"],"yoast_head":"<!-- This site is optimized with the Yoast SEO plugin v27.4 - https:\/\/yoast.com\/product\/yoast-seo-wordpress\/ -->\n<title>Cierre del Programa de Mentor\u00edas 2024-2: Reconocen la labor de mentores y abordan retos de inclusi\u00f3n - CETYS<\/title>\n<meta name=\"description\" content=\"Articulo sobre Cierre del Programa de Mentor\u00edas 2024-2: Reconocen la labor de mentores y abordan retos de inclusi\u00f3n\" \/>\n<meta name=\"robots\" content=\"index, follow, max-snippet:-1, max-image-preview:large, max-video-preview:-1\" \/>\n<link rel=\"canonical\" href=\"https:\/\/www.cetys.mx\/noticias\/cierre-del-programa-de-mentorias-2024-2-reconocen-la-labor-de-mentores-y-abordan-retos-de-inclusion\/\" \/>\n<meta property=\"og:locale\" content=\"es_MX\" \/>\n<meta property=\"og:type\" content=\"article\" \/>\n<meta property=\"og:title\" content=\"Cierre del Programa de Mentor\u00edas 2024-2: Reconocen la labor de mentores y abordan retos de inclusi\u00f3n - CETYS\" \/>\n<meta property=\"og:description\" content=\"Articulo sobre Cierre del Programa de Mentor\u00edas 2024-2: Reconocen la labor de mentores y abordan retos de inclusi\u00f3n\" \/>\n<meta property=\"og:url\" content=\"https:\/\/www.cetys.mx\/noticias\/cierre-del-programa-de-mentorias-2024-2-reconocen-la-labor-de-mentores-y-abordan-retos-de-inclusion\/\" \/>\n<meta property=\"og:site_name\" content=\"CETYS\" \/>\n<meta property=\"article:publisher\" content=\"https:\/\/www.facebook.com\/cetysuniversidadmxl\/\" \/>\n<meta property=\"article:published_time\" content=\"2024-12-20T01:22:31+00:00\" \/>\n<meta property=\"article:modified_time\" content=\"2024-12-20T01:45:14+00:00\" \/>\n<meta property=\"og:image\" content=\"https:\/\/www.cetys.mx\/noticias\/wp-content\/uploads\/2024\/12\/Captura-de-pantalla-2024-12-19-162716.png\" \/>\n\t<meta property=\"og:image:width\" content=\"634\" \/>\n\t<meta property=\"og:image:height\" content=\"487\" \/>\n\t<meta property=\"og:image:type\" content=\"image\/png\" \/>\n<meta name=\"author\" content=\"Campus Ensenada\" \/>\n<meta name=\"twitter:card\" content=\"summary_large_image\" \/>\n<meta name=\"twitter:creator\" content=\"@cetysuni\" \/>\n<meta name=\"twitter:site\" content=\"@cetysuni\" \/>\n<meta name=\"twitter:label1\" content=\"Escrito por\" \/>\n\t<meta name=\"twitter:data1\" content=\"Campus Ensenada\" \/>\n\t<meta name=\"twitter:label2\" content=\"Tiempo de lectura\" \/>\n\t<meta name=\"twitter:data2\" content=\"1 minuto\" \/>\n<script type=\"application\/ld+json\" class=\"yoast-schema-graph\">{\"@context\":\"https:\\\/\\\/schema.org\",\"@graph\":[{\"@type\":\"Article\",\"@id\":\"https:\\\/\\\/www.cetys.mx\\\/noticias\\\/cierre-del-programa-de-mentorias-2024-2-reconocen-la-labor-de-mentores-y-abordan-retos-de-inclusion\\\/#article\",\"isPartOf\":{\"@id\":\"https:\\\/\\\/www.cetys.mx\\\/noticias\\\/cierre-del-programa-de-mentorias-2024-2-reconocen-la-labor-de-mentores-y-abordan-retos-de-inclusion\\\/\"},\"author\":{\"name\":\"Campus Ensenada\",\"@id\":\"https:\\\/\\\/www.cetys.mx\\\/noticias\\\/#\\\/schema\\\/person\\\/1a1a88c0b6586e66a2e9e88e07afc712\"},\"headline\":\"Cierre del Programa de Mentor\u00edas 2024-2: Reconocen la labor de mentores y abordan retos de inclusi\u00f3n\",\"datePublished\":\"2024-12-20T01:22:31+00:00\",\"dateModified\":\"2024-12-20T01:45:14+00:00\",\"mainEntityOfPage\":{\"@id\":\"https:\\\/\\\/www.cetys.mx\\\/noticias\\\/cierre-del-programa-de-mentorias-2024-2-reconocen-la-labor-de-mentores-y-abordan-retos-de-inclusion\\\/\"},\"wordCount\":173,\"commentCount\":0,\"image\":{\"@id\":\"https:\\\/\\\/www.cetys.mx\\\/noticias\\\/cierre-del-programa-de-mentorias-2024-2-reconocen-la-labor-de-mentores-y-abordan-retos-de-inclusion\\\/#primaryimage\"},\"thumbnailUrl\":\"https:\\\/\\\/www.cetys.mx\\\/noticias\\\/wp-content\\\/uploads\\\/2024\\\/12\\\/Captura-de-pantalla-2024-12-19-162716.png\",\"articleSection\":[\"Campus Ensenada\",\"Institucional\",\"Portada\",\"VoCETYS\"],\"inLanguage\":\"es\",\"potentialAction\":[{\"@type\":\"CommentAction\",\"name\":\"Comment\",\"target\":[\"https:\\\/\\\/www.cetys.mx\\\/noticias\\\/cierre-del-programa-de-mentorias-2024-2-reconocen-la-labor-de-mentores-y-abordan-retos-de-inclusion\\\/#respond\"]}]},{\"@type\":\"WebPage\",\"@id\":\"https:\\\/\\\/www.cetys.mx\\\/noticias\\\/cierre-del-programa-de-mentorias-2024-2-reconocen-la-labor-de-mentores-y-abordan-retos-de-inclusion\\\/\",\"url\":\"https:\\\/\\\/www.cetys.mx\\\/noticias\\\/cierre-del-programa-de-mentorias-2024-2-reconocen-la-labor-de-mentores-y-abordan-retos-de-inclusion\\\/\",\"name\":\"Cierre del Programa de Mentor\u00edas 2024-2: Reconocen la labor de mentores y abordan retos de inclusi\u00f3n - CETYS\",\"isPartOf\":{\"@id\":\"https:\\\/\\\/www.cetys.mx\\\/noticias\\\/#website\"},\"primaryImageOfPage\":{\"@id\":\"https:\\\/\\\/www.cetys.mx\\\/noticias\\\/cierre-del-programa-de-mentorias-2024-2-reconocen-la-labor-de-mentores-y-abordan-retos-de-inclusion\\\/#primaryimage\"},\"image\":{\"@id\":\"https:\\\/\\\/www.cetys.mx\\\/noticias\\\/cierre-del-programa-de-mentorias-2024-2-reconocen-la-labor-de-mentores-y-abordan-retos-de-inclusion\\\/#primaryimage\"},\"thumbnailUrl\":\"https:\\\/\\\/www.cetys.mx\\\/noticias\\\/wp-content\\\/uploads\\\/2024\\\/12\\\/Captura-de-pantalla-2024-12-19-162716.png\",\"datePublished\":\"2024-12-20T01:22:31+00:00\",\"dateModified\":\"2024-12-20T01:45:14+00:00\",\"author\":{\"@id\":\"https:\\\/\\\/www.cetys.mx\\\/noticias\\\/#\\\/schema\\\/person\\\/1a1a88c0b6586e66a2e9e88e07afc712\"},\"description\":\"Articulo sobre Cierre del Programa de Mentor\u00edas 2024-2: Reconocen la labor de mentores y abordan retos de inclusi\u00f3n\",\"breadcrumb\":{\"@id\":\"https:\\\/\\\/www.cetys.mx\\\/noticias\\\/cierre-del-programa-de-mentorias-2024-2-reconocen-la-labor-de-mentores-y-abordan-retos-de-inclusion\\\/#breadcrumb\"},\"inLanguage\":\"es\",\"potentialAction\":[{\"@type\":\"ReadAction\",\"target\":[\"https:\\\/\\\/www.cetys.mx\\\/noticias\\\/cierre-del-programa-de-mentorias-2024-2-reconocen-la-labor-de-mentores-y-abordan-retos-de-inclusion\\\/\"]}]},{\"@type\":\"ImageObject\",\"inLanguage\":\"es\",\"@id\":\"https:\\\/\\\/www.cetys.mx\\\/noticias\\\/cierre-del-programa-de-mentorias-2024-2-reconocen-la-labor-de-mentores-y-abordan-retos-de-inclusion\\\/#primaryimage\",\"url\":\"https:\\\/\\\/www.cetys.mx\\\/noticias\\\/wp-content\\\/uploads\\\/2024\\\/12\\\/Captura-de-pantalla-2024-12-19-162716.png\",\"contentUrl\":\"https:\\\/\\\/www.cetys.mx\\\/noticias\\\/wp-content\\\/uploads\\\/2024\\\/12\\\/Captura-de-pantalla-2024-12-19-162716.png\",\"width\":634,\"height\":487},{\"@type\":\"BreadcrumbList\",\"@id\":\"https:\\\/\\\/www.cetys.mx\\\/noticias\\\/cierre-del-programa-de-mentorias-2024-2-reconocen-la-labor-de-mentores-y-abordan-retos-de-inclusion\\\/#breadcrumb\",\"itemListElement\":[{\"@type\":\"ListItem\",\"position\":1,\"name\":\"Inicio\",\"item\":\"https:\\\/\\\/www.cetys.mx\\\/noticias\\\/\"},{\"@type\":\"ListItem\",\"position\":2,\"name\":\"Cierre del Programa de Mentor\u00edas 2024-2: Reconocen la labor de mentores y abordan retos de inclusi\u00f3n\"}]},{\"@type\":\"WebSite\",\"@id\":\"https:\\\/\\\/www.cetys.mx\\\/noticias\\\/#website\",\"url\":\"https:\\\/\\\/www.cetys.mx\\\/noticias\\\/\",\"name\":\"CETYS\",\"description\":\"\",\"potentialAction\":[{\"@type\":\"SearchAction\",\"target\":{\"@type\":\"EntryPoint\",\"urlTemplate\":\"https:\\\/\\\/www.cetys.mx\\\/noticias\\\/?s={search_term_string}\"},\"query-input\":{\"@type\":\"PropertyValueSpecification\",\"valueRequired\":true,\"valueName\":\"search_term_string\"}}],\"inLanguage\":\"es\"},{\"@type\":\"Person\",\"@id\":\"https:\\\/\\\/www.cetys.mx\\\/noticias\\\/#\\\/schema\\\/person\\\/1a1a88c0b6586e66a2e9e88e07afc712\",\"name\":\"Campus Ensenada\",\"url\":\"https:\\\/\\\/www.cetys.mx\\\/noticias\\\/author\\\/campusensenada\\\/\"}]}<\/script>\n<!-- \/ Yoast SEO plugin. -->","yoast_head_json":{"title":"Cierre del Programa de Mentor\u00edas 2024-2: Reconocen la labor de mentores y abordan retos de inclusi\u00f3n - CETYS","description":"Articulo sobre Cierre del Programa de Mentor\u00edas 2024-2: Reconocen la labor de mentores y abordan retos de inclusi\u00f3n","robots":{"index":"index","follow":"follow","max-snippet":"max-snippet:-1","max-image-preview":"max-image-preview:large","max-video-preview":"max-video-preview:-1"},"canonical":"https:\/\/www.cetys.mx\/noticias\/cierre-del-programa-de-mentorias-2024-2-reconocen-la-labor-de-mentores-y-abordan-retos-de-inclusion\/","og_locale":"es_MX","og_type":"article","og_title":"Cierre del Programa de Mentor\u00edas 2024-2: Reconocen la labor de mentores y abordan retos de inclusi\u00f3n - CETYS","og_description":"Articulo sobre Cierre del Programa de Mentor\u00edas 2024-2: Reconocen la labor de mentores y abordan retos de inclusi\u00f3n","og_url":"https:\/\/www.cetys.mx\/noticias\/cierre-del-programa-de-mentorias-2024-2-reconocen-la-labor-de-mentores-y-abordan-retos-de-inclusion\/","og_site_name":"CETYS","article_publisher":"https:\/\/www.facebook.com\/cetysuniversidadmxl\/","article_published_time":"2024-12-20T01:22:31+00:00","article_modified_time":"2024-12-20T01:45:14+00:00","og_image":[{"width":634,"height":487,"url":"https:\/\/www.cetys.mx\/noticias\/wp-content\/uploads\/2024\/12\/Captura-de-pantalla-2024-12-19-162716.png","type":"image\/png"}],"author":"Campus Ensenada","twitter_card":"summary_large_image","twitter_creator":"@cetysuni","twitter_site":"@cetysuni","twitter_misc":{"Escrito por":"Campus Ensenada","Tiempo de lectura":"1 minuto"},"schema":{"@context":"https:\/\/schema.org","@graph":[{"@type":"Article","@id":"https:\/\/www.cetys.mx\/noticias\/cierre-del-programa-de-mentorias-2024-2-reconocen-la-labor-de-mentores-y-abordan-retos-de-inclusion\/#article","isPartOf":{"@id":"https:\/\/www.cetys.mx\/noticias\/cierre-del-programa-de-mentorias-2024-2-reconocen-la-labor-de-mentores-y-abordan-retos-de-inclusion\/"},"author":{"name":"Campus Ensenada","@id":"https:\/\/www.cetys.mx\/noticias\/#\/schema\/person\/1a1a88c0b6586e66a2e9e88e07afc712"},"headline":"Cierre del Programa de Mentor\u00edas 2024-2: Reconocen la labor de mentores y abordan retos de inclusi\u00f3n","datePublished":"2024-12-20T01:22:31+00:00","dateModified":"2024-12-20T01:45:14+00:00","mainEntityOfPage":{"@id":"https:\/\/www.cetys.mx\/noticias\/cierre-del-programa-de-mentorias-2024-2-reconocen-la-labor-de-mentores-y-abordan-retos-de-inclusion\/"},"wordCount":173,"commentCount":0,"image":{"@id":"https:\/\/www.cetys.mx\/noticias\/cierre-del-programa-de-mentorias-2024-2-reconocen-la-labor-de-mentores-y-abordan-retos-de-inclusion\/#primaryimage"},"thumbnailUrl":"https:\/\/www.cetys.mx\/noticias\/wp-content\/uploads\/2024\/12\/Captura-de-pantalla-2024-12-19-162716.png","articleSection":["Campus Ensenada","Institucional","Portada","VoCETYS"],"inLanguage":"es","potentialAction":[{"@type":"CommentAction","name":"Comment","target":["https:\/\/www.cetys.mx\/noticias\/cierre-del-programa-de-mentorias-2024-2-reconocen-la-labor-de-mentores-y-abordan-retos-de-inclusion\/#respond"]}]},{"@type":"WebPage","@id":"https:\/\/www.cetys.mx\/noticias\/cierre-del-programa-de-mentorias-2024-2-reconocen-la-labor-de-mentores-y-abordan-retos-de-inclusion\/","url":"https:\/\/www.cetys.mx\/noticias\/cierre-del-programa-de-mentorias-2024-2-reconocen-la-labor-de-mentores-y-abordan-retos-de-inclusion\/","name":"Cierre del Programa de Mentor\u00edas 2024-2: Reconocen la labor de mentores y abordan retos de inclusi\u00f3n - CETYS","isPartOf":{"@id":"https:\/\/www.cetys.mx\/noticias\/#website"},"primaryImageOfPage":{"@id":"https:\/\/www.cetys.mx\/noticias\/cierre-del-programa-de-mentorias-2024-2-reconocen-la-labor-de-mentores-y-abordan-retos-de-inclusion\/#primaryimage"},"image":{"@id":"https:\/\/www.cetys.mx\/noticias\/cierre-del-programa-de-mentorias-2024-2-reconocen-la-labor-de-mentores-y-abordan-retos-de-inclusion\/#primaryimage"},"thumbnailUrl":"https:\/\/www.cetys.mx\/noticias\/wp-content\/uploads\/2024\/12\/Captura-de-pantalla-2024-12-19-162716.png","datePublished":"2024-12-20T01:22:31+00:00","dateModified":"2024-12-20T01:45:14+00:00","author":{"@id":"https:\/\/www.cetys.mx\/noticias\/#\/schema\/person\/1a1a88c0b6586e66a2e9e88e07afc712"},"description":"Articulo sobre Cierre del Programa de Mentor\u00edas 2024-2: Reconocen la labor de mentores y abordan retos de inclusi\u00f3n","breadcrumb":{"@id":"https:\/\/www.cetys.mx\/noticias\/cierre-del-programa-de-mentorias-2024-2-reconocen-la-labor-de-mentores-y-abordan-retos-de-inclusion\/#breadcrumb"},"inLanguage":"es","potentialAction":[{"@type":"ReadAction","target":["https:\/\/www.cetys.mx\/noticias\/cierre-del-programa-de-mentorias-2024-2-reconocen-la-labor-de-mentores-y-abordan-retos-de-inclusion\/"]}]},{"@type":"ImageObject","inLanguage":"es","@id":"https:\/\/www.cetys.mx\/noticias\/cierre-del-programa-de-mentorias-2024-2-reconocen-la-labor-de-mentores-y-abordan-retos-de-inclusion\/#primaryimage","url":"https:\/\/www.cetys.mx\/noticias\/wp-content\/uploads\/2024\/12\/Captura-de-pantalla-2024-12-19-162716.png","contentUrl":"https:\/\/www.cetys.mx\/noticias\/wp-content\/uploads\/2024\/12\/Captura-de-pantalla-2024-12-19-162716.png","width":634,"height":487},{"@type":"BreadcrumbList","@id":"https:\/\/www.cetys.mx\/noticias\/cierre-del-programa-de-mentorias-2024-2-reconocen-la-labor-de-mentores-y-abordan-retos-de-inclusion\/#breadcrumb","itemListElement":[{"@type":"ListItem","position":1,"name":"Inicio","item":"https:\/\/www.cetys.mx\/noticias\/"},{"@type":"ListItem","position":2,"name":"Cierre del Programa de Mentor\u00edas 2024-2: Reconocen la labor de mentores y abordan retos de inclusi\u00f3n"}]},{"@type":"WebSite","@id":"https:\/\/www.cetys.mx\/noticias\/#website","url":"https:\/\/www.cetys.mx\/noticias\/","name":"CETYS","description":"","potentialAction":[{"@type":"SearchAction","target":{"@type":"EntryPoint","urlTemplate":"https:\/\/www.cetys.mx\/noticias\/?s={search_term_string}"},"query-input":{"@type":"PropertyValueSpecification","valueRequired":true,"valueName":"search_term_string"}}],"inLanguage":"es"},{"@type":"Person","@id":"https:\/\/www.cetys.mx\/noticias\/#\/schema\/person\/1a1a88c0b6586e66a2e9e88e07afc712","name":"Campus Ensenada","url":"https:\/\/www.cetys.mx\/noticias\/author\/campusensenada\/"}]}},"_links":{"self":[{"href":"https:\/\/www.cetys.mx\/noticias\/wp-json\/wp\/v2\/posts\/207424","targetHints":{"allow":["GET"]}}],"collection":[{"href":"https:\/\/www.cetys.mx\/noticias\/wp-json\/wp\/v2\/posts"}],"about":[{"href":"https:\/\/www.cetys.mx\/noticias\/wp-json\/wp\/v2\/types\/post"}],"author":[{"embeddable":true,"href":"https:\/\/www.cetys.mx\/noticias\/wp-json\/wp\/v2\/users\/23"}],"replies":[{"embeddable":true,"href":"https:\/\/www.cetys.mx\/noticias\/wp-json\/wp\/v2\/comments?post=207424"}],"version-history":[{"count":4,"href":"https:\/\/www.cetys.mx\/noticias\/wp-json\/wp\/v2\/posts\/207424\/revisions"}],"predecessor-version":[{"id":207433,"href":"https:\/\/www.cetys.mx\/noticias\/wp-json\/wp\/v2\/posts\/207424\/revisions\/207433"}],"wp:featuredmedia":[{"embeddable":true,"href":"https:\/\/www.cetys.mx\/noticias\/wp-json\/wp\/v2\/media\/207427"}],"wp:attachment":[{"href":"https:\/\/www.cetys.mx\/noticias\/wp-json\/wp\/v2\/media?parent=207424"}],"wp:term":[{"taxonomy":"category","embeddable":true,"href":"https:\/\/www.cetys.mx\/noticias\/wp-json\/wp\/v2\/categories?post=207424"},{"taxonomy":"post_tag","embeddable":true,"href":"https:\/\/www.cetys.mx\/noticias\/wp-json\/wp\/v2\/tags?post=207424"}],"curies":[{"name":"wp","href":"https:\/\/api.w.org\/{rel}","templated":true}]}}