{"id":207418,"date":"2024-12-23T08:00:44","date_gmt":"2024-12-23T16:00:44","guid":{"rendered":"https:\/\/www.cetys.mx\/noticias\/?p=207418"},"modified":"2025-01-08T10:08:11","modified_gmt":"2025-01-08T18:08:11","slug":"aumento-del-trafico-vehicular-en-las-ciudades-de-la-frontera-norte-un-problema-multidimensional","status":"publish","type":"post","link":"https:\/\/www.cetys.mx\/noticias\/aumento-del-trafico-vehicular-en-las-ciudades-de-la-frontera-norte-un-problema-multidimensional\/","title":{"rendered":"Aumento del tr\u00e1fico vehicular en las ciudades de la frontera norte: un problema multidimensional"},"content":{"rendered":"<p style=\"text-align: center;\"><strong><i>El tr\u00e1fico vehicular en las ciudades fronterizas no es s\u00f3lo un problema local; es un reflejo de din\u00e1micas globales y transfronterizas que requieren una intervenci\u00f3n coordinada, explica Experta CETYS<\/i><\/strong><\/p>\n<p><span style=\"font-weight: 400;\">El creciente aumento del tr\u00e1fico vehicular en las ciudades fronterizas del norte de M\u00e9xico es un desaf\u00edo complejo que est\u00e1 profundamente ligado a factores econ\u00f3micos, regulatorios y sociales, lo que demanda soluciones integrales que contemplen la din\u00e1mica transfronteriza, mencion\u00f3 la <strong>Dra. Bertha Mart\u00ednez Cisneros, Coordinadora de la Licenciatura en Log\u00edstica Internacional<\/strong>.\u00a0<\/span><\/p>\n<p><span style=\"font-weight: 400;\">Explic\u00f3 que existen <strong>tres elementos cr\u00edticos<\/strong>: el uso de veh\u00edculos registrados en Estados Unidos por residentes binacionales, la regulaci\u00f3n insuficiente de los autos chocolate y la importaci\u00f3n masiva de veh\u00edculos usados.<\/span><\/p>\n<p><span style=\"font-weight: 400;\"><img loading=\"lazy\" decoding=\"async\" class=\" wp-image-162048 alignleft\" src=\"https:\/\/www.cetys.mx\/noticias\/wp-content\/uploads\/2022\/02\/Dra-Bertha-Martinez.jpg\" alt=\"\" width=\"235\" height=\"294\" srcset=\"https:\/\/www.cetys.mx\/noticias\/wp-content\/uploads\/2022\/02\/Dra-Bertha-Martinez.jpg 1200w, https:\/\/www.cetys.mx\/noticias\/wp-content\/uploads\/2022\/02\/Dra-Bertha-Martinez-768x960.jpg 768w\" sizes=\"auto, (max-width: 235px) 100vw, 235px\" \/>En las ciudades fronterizas, resalt\u00f3, el uso de veh\u00edculos registrados en Estados Unidos responde a factores econ\u00f3micos y de conveniencia para residentes binacionales. Sin embargo, esta pr\u00e1ctica complica el censo vehicular en M\u00e9xico e impide aplicar normativas locales, como revisiones t\u00e9cnicas y ambientales. \u201cA falta de regulaci\u00f3n efectiva, muchos residentes optan por mantener el registro estadounidense para evitar los costos y complicaciones de nacionalizar un veh\u00edculo en M\u00e9xico\u201d, resalt\u00f3 la coordinadora.<\/span><\/p>\n<p><span style=\"font-weight: 400;\">Por otra parte, se\u00f1al\u00f3 que los programas de regularizaci\u00f3n de autos usados extranjeros han buscado otorgar certeza jur\u00eddica, pero tambi\u00e9n generan incentivos para el ingreso irregular de veh\u00edculos, sobrecargando las vialidades y dificultando la planeaci\u00f3n de una movilidad sostenible. \u201cAunque esta pr\u00e1ctica resuelve necesidades inmediatas, genera desaf\u00edos de largo plazo, como la falta de un censo vehicular confiable en las ciudades mexicanas y la imposibilidad de aplicar normativas locales, como inspecciones t\u00e9cnicas y ambientales\u201d.<\/span><\/p>\n<p><span style=\"font-weight: 400;\">Destac\u00f3 que la entrada irregular de veh\u00edculos, incentivada por posibles amnist\u00edas, podr\u00eda agravar la saturaci\u00f3n vial en las ciudades fronterizas, afectando la infraestructura, contaminaci\u00f3n y movilidad urbana. Este problema se complica con la importaci\u00f3n masiva de autos usados, muchos de los cuales no cumplen con est\u00e1ndares de seguridad o emisiones, impactando la calidad del aire, seguridad vial y generando competencia desleal para el mercado de autos nuevos en M\u00e9xico.<\/span><\/p>\n<blockquote><p><span style=\"font-weight: 400;\">\u201cSe requerir\u00eda establecer normativas m\u00e1s estrictas, garantizar que los autos importados cumplan con est\u00e1ndares internacionales y fomentar un equilibrio entre la importaci\u00f3n y las ventas en los estados fronterizos\u201d, expres\u00f3.<\/span><\/p><\/blockquote>\n<p><span style=\"font-weight: 400;\">La <strong>Experta CETYS<\/strong> subray\u00f3 que para abordar este problema de manera efectiva, es crucial implementar estrategias como:<\/span><\/p>\n<ul>\n<li style=\"font-weight: 400;\" aria-level=\"1\"><span style=\"font-weight: 400;\">Crear acuerdos binacionales para registrar y regular los veh\u00edculos de residentes fronterizos, garantizando que cumplan con normativas en ambos pa\u00edses.\u00a0<\/span><\/li>\n<li style=\"font-weight: 400;\" aria-level=\"1\"><span style=\"font-weight: 400;\">Dise\u00f1ar procesos de nacionalizaci\u00f3n m\u00e1s accesibles para veh\u00edculos que cumplan con requisitos m\u00ednimos de seguridad y emisiones, y aplicar controles m\u00e1s estrictos para desincentivar el ingreso de unidades obsoletas.\u00a0<\/span><\/li>\n<li style=\"font-weight: 400;\" aria-level=\"1\"><span style=\"font-weight: 400;\">Implementar tecnolog\u00eda para monitorear el flujo vehicular y priorizar el uso de vialidades para transporte colectivo y comercial.\u00a0<\/span><\/li>\n<li style=\"font-weight: 400;\" aria-level=\"1\"><span style=\"font-weight: 400;\">Invertir en transporte p\u00fablico eficiente y promover el uso de veh\u00edculos el\u00e9ctricos y transporte compartido en las zonas urbanas.<\/span><\/li>\n<\/ul>\n<p><span style=\"font-weight: 400;\">Finalmente, la Dra. Bertha Mart\u00ednez mencion\u00f3 que esta situaci\u00f3n representa una oportunidad para reestructurar las pol\u00edticas de movilidad y comercio en la regi\u00f3n. Mediante estrategias innovadoras y una colaboraci\u00f3n binacional efectiva, se podr\u00eda convertir este desaf\u00edo en un modelo de desarrollo sostenible para las ciudades transfronterizas.<\/span><\/p>\n<blockquote><p><span style=\"font-weight: 400;\">\u201cEl tr\u00e1fico vehicular en las ciudades fronterizas no es solo un problema local; es un reflejo de din\u00e1micas globales y transfronterizas que requieren una intervenci\u00f3n coordinada&#8221;, concluy\u00f3 la docente.<\/span><\/p><\/blockquote>\n<p>&nbsp;<\/p>\n","protected":false},"excerpt":{"rendered":"<p>El tr\u00e1fico vehicular en las ciudades fronterizas no es s\u00f3lo un problema local; es un reflejo de din\u00e1micas globales y transfronterizas que&#8230;<\/p>\n","protected":false},"author":20,"featured_media":207371,"comment_status":"open","ping_status":"closed","sticky":false,"template":"","format":"standard","meta":{"footnotes":""},"categories":[133,4579,125,306,1710,313],"tags":[1622,6476,7096],"class_list":["post-207418","post","type-post","status-publish","format-standard","has-post-thumbnail","hentry","category-campus-mexicali","category-expertos-cetys","category-portada","category-profesional","category-profesorado","category-vocetys-2","tag-campusmexicali","tag-logisticainternacional","tag-vocetys-top-2025-01-08"],"yoast_head":"<!-- This site is optimized with the Yoast SEO plugin v27.4 - https:\/\/yoast.com\/product\/yoast-seo-wordpress\/ -->\n<title>Aumento del tr\u00e1fico vehicular en las ciudades de la frontera norte: un problema multidimensional - CETYS<\/title>\n<meta name=\"description\" content=\"Articulo sobre Aumento del tr\u00e1fico vehicular en las ciudades de la frontera norte: un problema multidimensional\" \/>\n<meta name=\"robots\" content=\"index, follow, max-snippet:-1, max-image-preview:large, max-video-preview:-1\" \/>\n<link rel=\"canonical\" href=\"https:\/\/www.cetys.mx\/noticias\/aumento-del-trafico-vehicular-en-las-ciudades-de-la-frontera-norte-un-problema-multidimensional\/\" \/>\n<meta property=\"og:locale\" content=\"es_MX\" \/>\n<meta property=\"og:type\" content=\"article\" \/>\n<meta property=\"og:title\" content=\"Aumento del tr\u00e1fico vehicular en las ciudades de la frontera norte: un problema multidimensional - CETYS\" \/>\n<meta property=\"og:description\" content=\"Articulo sobre Aumento del tr\u00e1fico vehicular en las ciudades de la frontera norte: un problema multidimensional\" \/>\n<meta property=\"og:url\" content=\"https:\/\/www.cetys.mx\/noticias\/aumento-del-trafico-vehicular-en-las-ciudades-de-la-frontera-norte-un-problema-multidimensional\/\" \/>\n<meta property=\"og:site_name\" content=\"CETYS\" \/>\n<meta property=\"article:publisher\" content=\"https:\/\/www.facebook.com\/cetysuniversidadmxl\/\" \/>\n<meta property=\"article:published_time\" content=\"2024-12-23T16:00:44+00:00\" \/>\n<meta property=\"article:modified_time\" content=\"2025-01-08T18:08:11+00:00\" \/>\n<meta property=\"og:image\" content=\"https:\/\/www.cetys.mx\/noticias\/wp-content\/uploads\/2024\/12\/Trafico-frontera.jpg\" \/>\n\t<meta property=\"og:image:width\" content=\"958\" \/>\n\t<meta property=\"og:image:height\" content=\"637\" \/>\n\t<meta property=\"og:image:type\" content=\"image\/jpeg\" \/>\n<meta name=\"author\" content=\"Campus Mexicali\" \/>\n<meta name=\"twitter:card\" content=\"summary_large_image\" \/>\n<meta name=\"twitter:creator\" content=\"@cetysuni\" \/>\n<meta name=\"twitter:site\" content=\"@cetysuni\" \/>\n<meta name=\"twitter:label1\" content=\"Escrito por\" \/>\n\t<meta name=\"twitter:data1\" content=\"Campus Mexicali\" \/>\n\t<meta name=\"twitter:label2\" content=\"Tiempo de lectura\" \/>\n\t<meta name=\"twitter:data2\" content=\"3 minutos\" \/>\n<script type=\"application\/ld+json\" class=\"yoast-schema-graph\">{\"@context\":\"https:\\\/\\\/schema.org\",\"@graph\":[{\"@type\":\"Article\",\"@id\":\"https:\\\/\\\/www.cetys.mx\\\/noticias\\\/aumento-del-trafico-vehicular-en-las-ciudades-de-la-frontera-norte-un-problema-multidimensional\\\/#article\",\"isPartOf\":{\"@id\":\"https:\\\/\\\/www.cetys.mx\\\/noticias\\\/aumento-del-trafico-vehicular-en-las-ciudades-de-la-frontera-norte-un-problema-multidimensional\\\/\"},\"author\":{\"name\":\"Campus Mexicali\",\"@id\":\"https:\\\/\\\/www.cetys.mx\\\/noticias\\\/#\\\/schema\\\/person\\\/79a95c4ac185f3705cf1b9c9340a5f70\"},\"headline\":\"Aumento del tr\u00e1fico vehicular en las ciudades de la frontera norte: un problema multidimensional\",\"datePublished\":\"2024-12-23T16:00:44+00:00\",\"dateModified\":\"2025-01-08T18:08:11+00:00\",\"mainEntityOfPage\":{\"@id\":\"https:\\\/\\\/www.cetys.mx\\\/noticias\\\/aumento-del-trafico-vehicular-en-las-ciudades-de-la-frontera-norte-un-problema-multidimensional\\\/\"},\"wordCount\":616,\"commentCount\":0,\"image\":{\"@id\":\"https:\\\/\\\/www.cetys.mx\\\/noticias\\\/aumento-del-trafico-vehicular-en-las-ciudades-de-la-frontera-norte-un-problema-multidimensional\\\/#primaryimage\"},\"thumbnailUrl\":\"https:\\\/\\\/www.cetys.mx\\\/noticias\\\/wp-content\\\/uploads\\\/2024\\\/12\\\/Trafico-frontera.jpg\",\"keywords\":[\"campusmexicali\",\"LogisticaInternacional\",\"vocetys-top-2025-01-08\"],\"articleSection\":[\"Campus Mexicali\",\"Expertos CETYS\",\"Portada\",\"Profesional\",\"Profesorado\",\"VoCETYS\"],\"inLanguage\":\"es\",\"potentialAction\":[{\"@type\":\"CommentAction\",\"name\":\"Comment\",\"target\":[\"https:\\\/\\\/www.cetys.mx\\\/noticias\\\/aumento-del-trafico-vehicular-en-las-ciudades-de-la-frontera-norte-un-problema-multidimensional\\\/#respond\"]}]},{\"@type\":\"WebPage\",\"@id\":\"https:\\\/\\\/www.cetys.mx\\\/noticias\\\/aumento-del-trafico-vehicular-en-las-ciudades-de-la-frontera-norte-un-problema-multidimensional\\\/\",\"url\":\"https:\\\/\\\/www.cetys.mx\\\/noticias\\\/aumento-del-trafico-vehicular-en-las-ciudades-de-la-frontera-norte-un-problema-multidimensional\\\/\",\"name\":\"Aumento del tr\u00e1fico vehicular en las ciudades de la frontera norte: un problema multidimensional - CETYS\",\"isPartOf\":{\"@id\":\"https:\\\/\\\/www.cetys.mx\\\/noticias\\\/#website\"},\"primaryImageOfPage\":{\"@id\":\"https:\\\/\\\/www.cetys.mx\\\/noticias\\\/aumento-del-trafico-vehicular-en-las-ciudades-de-la-frontera-norte-un-problema-multidimensional\\\/#primaryimage\"},\"image\":{\"@id\":\"https:\\\/\\\/www.cetys.mx\\\/noticias\\\/aumento-del-trafico-vehicular-en-las-ciudades-de-la-frontera-norte-un-problema-multidimensional\\\/#primaryimage\"},\"thumbnailUrl\":\"https:\\\/\\\/www.cetys.mx\\\/noticias\\\/wp-content\\\/uploads\\\/2024\\\/12\\\/Trafico-frontera.jpg\",\"datePublished\":\"2024-12-23T16:00:44+00:00\",\"dateModified\":\"2025-01-08T18:08:11+00:00\",\"author\":{\"@id\":\"https:\\\/\\\/www.cetys.mx\\\/noticias\\\/#\\\/schema\\\/person\\\/79a95c4ac185f3705cf1b9c9340a5f70\"},\"description\":\"Articulo sobre Aumento del tr\u00e1fico vehicular en las ciudades de la frontera norte: un problema multidimensional\",\"breadcrumb\":{\"@id\":\"https:\\\/\\\/www.cetys.mx\\\/noticias\\\/aumento-del-trafico-vehicular-en-las-ciudades-de-la-frontera-norte-un-problema-multidimensional\\\/#breadcrumb\"},\"inLanguage\":\"es\",\"potentialAction\":[{\"@type\":\"ReadAction\",\"target\":[\"https:\\\/\\\/www.cetys.mx\\\/noticias\\\/aumento-del-trafico-vehicular-en-las-ciudades-de-la-frontera-norte-un-problema-multidimensional\\\/\"]}]},{\"@type\":\"ImageObject\",\"inLanguage\":\"es\",\"@id\":\"https:\\\/\\\/www.cetys.mx\\\/noticias\\\/aumento-del-trafico-vehicular-en-las-ciudades-de-la-frontera-norte-un-problema-multidimensional\\\/#primaryimage\",\"url\":\"https:\\\/\\\/www.cetys.mx\\\/noticias\\\/wp-content\\\/uploads\\\/2024\\\/12\\\/Trafico-frontera.jpg\",\"contentUrl\":\"https:\\\/\\\/www.cetys.mx\\\/noticias\\\/wp-content\\\/uploads\\\/2024\\\/12\\\/Trafico-frontera.jpg\",\"width\":958,\"height\":637},{\"@type\":\"BreadcrumbList\",\"@id\":\"https:\\\/\\\/www.cetys.mx\\\/noticias\\\/aumento-del-trafico-vehicular-en-las-ciudades-de-la-frontera-norte-un-problema-multidimensional\\\/#breadcrumb\",\"itemListElement\":[{\"@type\":\"ListItem\",\"position\":1,\"name\":\"Inicio\",\"item\":\"https:\\\/\\\/www.cetys.mx\\\/noticias\\\/\"},{\"@type\":\"ListItem\",\"position\":2,\"name\":\"Aumento del tr\u00e1fico vehicular en las ciudades de la frontera norte: un problema multidimensional\"}]},{\"@type\":\"WebSite\",\"@id\":\"https:\\\/\\\/www.cetys.mx\\\/noticias\\\/#website\",\"url\":\"https:\\\/\\\/www.cetys.mx\\\/noticias\\\/\",\"name\":\"CETYS\",\"description\":\"\",\"potentialAction\":[{\"@type\":\"SearchAction\",\"target\":{\"@type\":\"EntryPoint\",\"urlTemplate\":\"https:\\\/\\\/www.cetys.mx\\\/noticias\\\/?s={search_term_string}\"},\"query-input\":{\"@type\":\"PropertyValueSpecification\",\"valueRequired\":true,\"valueName\":\"search_term_string\"}}],\"inLanguage\":\"es\"},{\"@type\":\"Person\",\"@id\":\"https:\\\/\\\/www.cetys.mx\\\/noticias\\\/#\\\/schema\\\/person\\\/79a95c4ac185f3705cf1b9c9340a5f70\",\"name\":\"Campus Mexicali\",\"url\":\"https:\\\/\\\/www.cetys.mx\\\/noticias\\\/author\\\/campusmexicali\\\/\"}]}<\/script>\n<!-- \/ Yoast SEO plugin. -->","yoast_head_json":{"title":"Aumento del tr\u00e1fico vehicular en las ciudades de la frontera norte: un problema multidimensional - CETYS","description":"Articulo sobre Aumento del tr\u00e1fico vehicular en las ciudades de la frontera norte: un problema multidimensional","robots":{"index":"index","follow":"follow","max-snippet":"max-snippet:-1","max-image-preview":"max-image-preview:large","max-video-preview":"max-video-preview:-1"},"canonical":"https:\/\/www.cetys.mx\/noticias\/aumento-del-trafico-vehicular-en-las-ciudades-de-la-frontera-norte-un-problema-multidimensional\/","og_locale":"es_MX","og_type":"article","og_title":"Aumento del tr\u00e1fico vehicular en las ciudades de la frontera norte: un problema multidimensional - CETYS","og_description":"Articulo sobre Aumento del tr\u00e1fico vehicular en las ciudades de la frontera norte: un problema multidimensional","og_url":"https:\/\/www.cetys.mx\/noticias\/aumento-del-trafico-vehicular-en-las-ciudades-de-la-frontera-norte-un-problema-multidimensional\/","og_site_name":"CETYS","article_publisher":"https:\/\/www.facebook.com\/cetysuniversidadmxl\/","article_published_time":"2024-12-23T16:00:44+00:00","article_modified_time":"2025-01-08T18:08:11+00:00","og_image":[{"width":958,"height":637,"url":"https:\/\/www.cetys.mx\/noticias\/wp-content\/uploads\/2024\/12\/Trafico-frontera.jpg","type":"image\/jpeg"}],"author":"Campus Mexicali","twitter_card":"summary_large_image","twitter_creator":"@cetysuni","twitter_site":"@cetysuni","twitter_misc":{"Escrito por":"Campus Mexicali","Tiempo de lectura":"3 minutos"},"schema":{"@context":"https:\/\/schema.org","@graph":[{"@type":"Article","@id":"https:\/\/www.cetys.mx\/noticias\/aumento-del-trafico-vehicular-en-las-ciudades-de-la-frontera-norte-un-problema-multidimensional\/#article","isPartOf":{"@id":"https:\/\/www.cetys.mx\/noticias\/aumento-del-trafico-vehicular-en-las-ciudades-de-la-frontera-norte-un-problema-multidimensional\/"},"author":{"name":"Campus Mexicali","@id":"https:\/\/www.cetys.mx\/noticias\/#\/schema\/person\/79a95c4ac185f3705cf1b9c9340a5f70"},"headline":"Aumento del tr\u00e1fico vehicular en las ciudades de la frontera norte: un problema multidimensional","datePublished":"2024-12-23T16:00:44+00:00","dateModified":"2025-01-08T18:08:11+00:00","mainEntityOfPage":{"@id":"https:\/\/www.cetys.mx\/noticias\/aumento-del-trafico-vehicular-en-las-ciudades-de-la-frontera-norte-un-problema-multidimensional\/"},"wordCount":616,"commentCount":0,"image":{"@id":"https:\/\/www.cetys.mx\/noticias\/aumento-del-trafico-vehicular-en-las-ciudades-de-la-frontera-norte-un-problema-multidimensional\/#primaryimage"},"thumbnailUrl":"https:\/\/www.cetys.mx\/noticias\/wp-content\/uploads\/2024\/12\/Trafico-frontera.jpg","keywords":["campusmexicali","LogisticaInternacional","vocetys-top-2025-01-08"],"articleSection":["Campus Mexicali","Expertos CETYS","Portada","Profesional","Profesorado","VoCETYS"],"inLanguage":"es","potentialAction":[{"@type":"CommentAction","name":"Comment","target":["https:\/\/www.cetys.mx\/noticias\/aumento-del-trafico-vehicular-en-las-ciudades-de-la-frontera-norte-un-problema-multidimensional\/#respond"]}]},{"@type":"WebPage","@id":"https:\/\/www.cetys.mx\/noticias\/aumento-del-trafico-vehicular-en-las-ciudades-de-la-frontera-norte-un-problema-multidimensional\/","url":"https:\/\/www.cetys.mx\/noticias\/aumento-del-trafico-vehicular-en-las-ciudades-de-la-frontera-norte-un-problema-multidimensional\/","name":"Aumento del tr\u00e1fico vehicular en las ciudades de la frontera norte: un problema multidimensional - CETYS","isPartOf":{"@id":"https:\/\/www.cetys.mx\/noticias\/#website"},"primaryImageOfPage":{"@id":"https:\/\/www.cetys.mx\/noticias\/aumento-del-trafico-vehicular-en-las-ciudades-de-la-frontera-norte-un-problema-multidimensional\/#primaryimage"},"image":{"@id":"https:\/\/www.cetys.mx\/noticias\/aumento-del-trafico-vehicular-en-las-ciudades-de-la-frontera-norte-un-problema-multidimensional\/#primaryimage"},"thumbnailUrl":"https:\/\/www.cetys.mx\/noticias\/wp-content\/uploads\/2024\/12\/Trafico-frontera.jpg","datePublished":"2024-12-23T16:00:44+00:00","dateModified":"2025-01-08T18:08:11+00:00","author":{"@id":"https:\/\/www.cetys.mx\/noticias\/#\/schema\/person\/79a95c4ac185f3705cf1b9c9340a5f70"},"description":"Articulo sobre Aumento del tr\u00e1fico vehicular en las ciudades de la frontera norte: un problema multidimensional","breadcrumb":{"@id":"https:\/\/www.cetys.mx\/noticias\/aumento-del-trafico-vehicular-en-las-ciudades-de-la-frontera-norte-un-problema-multidimensional\/#breadcrumb"},"inLanguage":"es","potentialAction":[{"@type":"ReadAction","target":["https:\/\/www.cetys.mx\/noticias\/aumento-del-trafico-vehicular-en-las-ciudades-de-la-frontera-norte-un-problema-multidimensional\/"]}]},{"@type":"ImageObject","inLanguage":"es","@id":"https:\/\/www.cetys.mx\/noticias\/aumento-del-trafico-vehicular-en-las-ciudades-de-la-frontera-norte-un-problema-multidimensional\/#primaryimage","url":"https:\/\/www.cetys.mx\/noticias\/wp-content\/uploads\/2024\/12\/Trafico-frontera.jpg","contentUrl":"https:\/\/www.cetys.mx\/noticias\/wp-content\/uploads\/2024\/12\/Trafico-frontera.jpg","width":958,"height":637},{"@type":"BreadcrumbList","@id":"https:\/\/www.cetys.mx\/noticias\/aumento-del-trafico-vehicular-en-las-ciudades-de-la-frontera-norte-un-problema-multidimensional\/#breadcrumb","itemListElement":[{"@type":"ListItem","position":1,"name":"Inicio","item":"https:\/\/www.cetys.mx\/noticias\/"},{"@type":"ListItem","position":2,"name":"Aumento del tr\u00e1fico vehicular en las ciudades de la frontera norte: un problema multidimensional"}]},{"@type":"WebSite","@id":"https:\/\/www.cetys.mx\/noticias\/#website","url":"https:\/\/www.cetys.mx\/noticias\/","name":"CETYS","description":"","potentialAction":[{"@type":"SearchAction","target":{"@type":"EntryPoint","urlTemplate":"https:\/\/www.cetys.mx\/noticias\/?s={search_term_string}"},"query-input":{"@type":"PropertyValueSpecification","valueRequired":true,"valueName":"search_term_string"}}],"inLanguage":"es"},{"@type":"Person","@id":"https:\/\/www.cetys.mx\/noticias\/#\/schema\/person\/79a95c4ac185f3705cf1b9c9340a5f70","name":"Campus Mexicali","url":"https:\/\/www.cetys.mx\/noticias\/author\/campusmexicali\/"}]}},"_links":{"self":[{"href":"https:\/\/www.cetys.mx\/noticias\/wp-json\/wp\/v2\/posts\/207418","targetHints":{"allow":["GET"]}}],"collection":[{"href":"https:\/\/www.cetys.mx\/noticias\/wp-json\/wp\/v2\/posts"}],"about":[{"href":"https:\/\/www.cetys.mx\/noticias\/wp-json\/wp\/v2\/types\/post"}],"author":[{"embeddable":true,"href":"https:\/\/www.cetys.mx\/noticias\/wp-json\/wp\/v2\/users\/20"}],"replies":[{"embeddable":true,"href":"https:\/\/www.cetys.mx\/noticias\/wp-json\/wp\/v2\/comments?post=207418"}],"version-history":[{"count":3,"href":"https:\/\/www.cetys.mx\/noticias\/wp-json\/wp\/v2\/posts\/207418\/revisions"}],"predecessor-version":[{"id":207422,"href":"https:\/\/www.cetys.mx\/noticias\/wp-json\/wp\/v2\/posts\/207418\/revisions\/207422"}],"wp:featuredmedia":[{"embeddable":true,"href":"https:\/\/www.cetys.mx\/noticias\/wp-json\/wp\/v2\/media\/207371"}],"wp:attachment":[{"href":"https:\/\/www.cetys.mx\/noticias\/wp-json\/wp\/v2\/media?parent=207418"}],"wp:term":[{"taxonomy":"category","embeddable":true,"href":"https:\/\/www.cetys.mx\/noticias\/wp-json\/wp\/v2\/categories?post=207418"},{"taxonomy":"post_tag","embeddable":true,"href":"https:\/\/www.cetys.mx\/noticias\/wp-json\/wp\/v2\/tags?post=207418"}],"curies":[{"name":"wp","href":"https:\/\/api.w.org\/{rel}","templated":true}]}}