{"id":207251,"date":"2024-12-17T15:31:23","date_gmt":"2024-12-17T23:31:23","guid":{"rendered":"https:\/\/www.cetys.mx\/noticias\/?p=207251"},"modified":"2024-12-17T15:38:26","modified_gmt":"2024-12-17T23:38:26","slug":"estudiante-de-cetys-universidad-trabajara-en-meta","status":"publish","type":"post","link":"https:\/\/www.cetys.mx\/noticias\/estudiante-de-cetys-universidad-trabajara-en-meta\/","title":{"rendered":"Estudiante de CETYS Universidad trabajar\u00e1 en META"},"content":{"rendered":"<p><span style=\"font-weight: 400;\">Luego de realizar una pasant\u00eda de verano en Meta, una de las empresas tecnol\u00f3gicas m\u00e1s importantes a nivel mundial, Adri\u00e1n Fern\u00e1ndez, estudiante de <a href=\"https:\/\/www.cetys.mx\/programas\/ingenieria-de-software\/\">Ingenier\u00eda de Software<\/a> de CETYS Universidad Campus Internacional Ensenada, fue seleccionado para laborar dentro de la compa\u00f1\u00eda.<\/span><\/p>\n<p><span style=\"font-weight: 400;\">El joven, quien actualmente cursa el s\u00e9ptimo semestre de la carrera, destac\u00f3 que el conectarse con la gente correcta dentro de su paso por la Universidad, lo inspir\u00f3, ayud\u00f3 e impuls\u00f3 para seguir adelante, adem\u00e1s de ser la clave que lo llev\u00f3 a tomar esta oportunidad; ya que no solamente se qued\u00f3 con lo aprendido durante sus clases, sino que lo alentaron a involucrarse en proyectos extracurriculares.<\/span><\/p>\n<p><span style=\"font-weight: 400;\">Sin embargo, Adri\u00e1n comparti\u00f3 que durante sus estudios profesionales enfrent\u00f3 algunos retos, como tener un ritmo acad\u00e9mico completamente distinto a lo que conoc\u00eda, ver limitados sus tiempos libres y enfrentarse a la competitividad entre los compa\u00f1eros, situaciones a las que logr\u00f3 adaptarse para disfrutar de las oportunidades que CETYS Universidad le brind\u00f3 para desarrollarse en todos los \u00e1mbitos.<\/span><\/p>\n<p><span style=\"font-weight: 400;\">Durante su pasant\u00eda realizada en el verano, Adri\u00e1n Fern\u00e1ndez dej\u00f3 claro que tiene las habilidades t\u00e9cnicas que Meta necesita para considerarlo un colaborador, pero destac\u00f3 que las habilidades blandas o <\/span><i><span style=\"font-weight: 400;\">soft skills<\/span><\/i><span style=\"font-weight: 400;\">, son las m\u00e1s importantes dentro de la empresa, pues el trabajo en equipo, saber pedir ayuda, comunicarse correctamente, aprender r\u00e1pido, hacer y preocuparse por la calidad del software son la base de la compa\u00f1\u00eda.<\/span><\/p>\n<p><span style=\"font-weight: 400;\">\u201cVivir en el futuro y construir cosas asombrosas son los dos valores m\u00e1s importantes de Meta. Las habilidades blandas son algo muy importante a la hora de trabajar en estas compa\u00f1\u00edas, porque actualmente ya no se enfocan tanto en las habilidades t\u00e9cnicas, sino en que puedas crecer como persona y aportar a la empresa\u201d, asegur\u00f3.<\/span><\/p>\n<p><span style=\"font-weight: 400;\">De esta manera, se\u00f1al\u00f3 que espera que su trabajo impacte m\u00e1s en su desarrollo personal, pues si bien la tecnolog\u00eda que se realiza en Meta es \u00fanicamente para la empresa y no puede utilizarse en ninguna otra compa\u00f1\u00eda, las habilidades de aprender r\u00e1pido o pensar como ingeniero pueden llevarlo m\u00e1s lejos de lo que ahora se encuentra.<\/span><\/p>\n<p><span style=\"font-weight: 400;\">Asimismo, comparti\u00f3 que CETYS Universidad impulsa la innovaci\u00f3n con las pasant\u00edas y otro tipo de eventos que se realizan para promover entre los estudiantes la internacionalizaci\u00f3n, lo que le ayud\u00f3 tambi\u00e9n a encajar con los requisitos de Meta para ingresar, primero en una pasant\u00eda y ahora como colaborador.<\/span><\/p>\n<p><span style=\"font-weight: 400;\">Finalmente, Adri\u00e1n explic\u00f3 que s\u00ed es posible cumplir los sue\u00f1os cuando se establecen metas, pues aunque sea dif\u00edcil llegar, el camino deja muchos m\u00e1s aprendizajes que el no haberlo intentado.<\/span><\/p>\n<p><span style=\"font-weight: 400;\">\u00a0\u201cMe siento realizado, porque es algo que mucha gente persigue y busca a lo largo de su carrera, no nada m\u00e1s antes de graduarse, sino ya estando en el campo laboral la gente busca entrar a estas compa\u00f1\u00edas. Me siento muy bien de lograrlo antes de graduarme. Asimismo, tengo claro que este no va a ser el final de camino y que hay mucho m\u00e1s que recorrer todav\u00eda\u201d, concluy\u00f3 Adri\u00e1n.<\/span><\/p>\n<p>&nbsp;<\/p>\n","protected":false},"excerpt":{"rendered":"<p>Luego de realizar una pasant\u00eda de verano en Meta, una de las empresas tecnol\u00f3gicas m\u00e1s importantes a nivel mundial, Adri\u00e1n Fern\u00e1ndez, estudiante&#8230;<\/p>\n","protected":false},"author":23,"featured_media":207253,"comment_status":"open","ping_status":"closed","sticky":false,"template":"","format":"standard","meta":{"footnotes":""},"categories":[132,125,313],"tags":[],"class_list":["post-207251","post","type-post","status-publish","format-standard","has-post-thumbnail","hentry","category-campus-ensenada","category-portada","category-vocetys-2"],"yoast_head":"<!-- This site is optimized with the Yoast SEO plugin v27.4 - https:\/\/yoast.com\/product\/yoast-seo-wordpress\/ -->\n<title>Estudiante de CETYS Universidad trabajar\u00e1 en META - CETYS<\/title>\n<meta name=\"description\" content=\"Articulo sobre Estudiante de CETYS Universidad trabajar\u00e1 en META\" \/>\n<meta name=\"robots\" content=\"index, follow, max-snippet:-1, max-image-preview:large, max-video-preview:-1\" \/>\n<link rel=\"canonical\" href=\"https:\/\/www.cetys.mx\/noticias\/estudiante-de-cetys-universidad-trabajara-en-meta\/\" \/>\n<meta property=\"og:locale\" content=\"es_MX\" \/>\n<meta property=\"og:type\" content=\"article\" \/>\n<meta property=\"og:title\" content=\"Estudiante de CETYS Universidad trabajar\u00e1 en META - CETYS\" \/>\n<meta property=\"og:description\" content=\"Articulo sobre Estudiante de CETYS Universidad trabajar\u00e1 en META\" \/>\n<meta property=\"og:url\" content=\"https:\/\/www.cetys.mx\/noticias\/estudiante-de-cetys-universidad-trabajara-en-meta\/\" \/>\n<meta property=\"og:site_name\" content=\"CETYS\" \/>\n<meta property=\"article:publisher\" content=\"https:\/\/www.facebook.com\/cetysuniversidadmxl\/\" \/>\n<meta property=\"article:published_time\" content=\"2024-12-17T23:31:23+00:00\" \/>\n<meta property=\"article:modified_time\" content=\"2024-12-17T23:38:26+00:00\" \/>\n<meta property=\"og:image\" content=\"https:\/\/www.cetys.mx\/noticias\/wp-content\/uploads\/2024\/12\/Foto-portal-1.jpg\" \/>\n\t<meta property=\"og:image:width\" content=\"958\" \/>\n\t<meta property=\"og:image:height\" content=\"637\" \/>\n\t<meta property=\"og:image:type\" content=\"image\/jpeg\" \/>\n<meta name=\"author\" content=\"Campus Ensenada\" \/>\n<meta name=\"twitter:card\" content=\"summary_large_image\" \/>\n<meta name=\"twitter:creator\" content=\"@cetysuni\" \/>\n<meta name=\"twitter:site\" content=\"@cetysuni\" \/>\n<meta name=\"twitter:label1\" content=\"Escrito por\" \/>\n\t<meta name=\"twitter:data1\" content=\"Campus Ensenada\" \/>\n\t<meta name=\"twitter:label2\" content=\"Tiempo de lectura\" \/>\n\t<meta name=\"twitter:data2\" content=\"3 minutos\" \/>\n<script type=\"application\/ld+json\" class=\"yoast-schema-graph\">{\"@context\":\"https:\\\/\\\/schema.org\",\"@graph\":[{\"@type\":\"Article\",\"@id\":\"https:\\\/\\\/www.cetys.mx\\\/noticias\\\/estudiante-de-cetys-universidad-trabajara-en-meta\\\/#article\",\"isPartOf\":{\"@id\":\"https:\\\/\\\/www.cetys.mx\\\/noticias\\\/estudiante-de-cetys-universidad-trabajara-en-meta\\\/\"},\"author\":{\"name\":\"Campus Ensenada\",\"@id\":\"https:\\\/\\\/www.cetys.mx\\\/noticias\\\/#\\\/schema\\\/person\\\/1a1a88c0b6586e66a2e9e88e07afc712\"},\"headline\":\"Estudiante de CETYS Universidad trabajar\u00e1 en META\",\"datePublished\":\"2024-12-17T23:31:23+00:00\",\"dateModified\":\"2024-12-17T23:38:26+00:00\",\"mainEntityOfPage\":{\"@id\":\"https:\\\/\\\/www.cetys.mx\\\/noticias\\\/estudiante-de-cetys-universidad-trabajara-en-meta\\\/\"},\"wordCount\":542,\"commentCount\":0,\"image\":{\"@id\":\"https:\\\/\\\/www.cetys.mx\\\/noticias\\\/estudiante-de-cetys-universidad-trabajara-en-meta\\\/#primaryimage\"},\"thumbnailUrl\":\"https:\\\/\\\/www.cetys.mx\\\/noticias\\\/wp-content\\\/uploads\\\/2024\\\/12\\\/Foto-portal-1.jpg\",\"articleSection\":[\"Campus Ensenada\",\"Portada\",\"VoCETYS\"],\"inLanguage\":\"es\",\"potentialAction\":[{\"@type\":\"CommentAction\",\"name\":\"Comment\",\"target\":[\"https:\\\/\\\/www.cetys.mx\\\/noticias\\\/estudiante-de-cetys-universidad-trabajara-en-meta\\\/#respond\"]}]},{\"@type\":\"WebPage\",\"@id\":\"https:\\\/\\\/www.cetys.mx\\\/noticias\\\/estudiante-de-cetys-universidad-trabajara-en-meta\\\/\",\"url\":\"https:\\\/\\\/www.cetys.mx\\\/noticias\\\/estudiante-de-cetys-universidad-trabajara-en-meta\\\/\",\"name\":\"Estudiante de CETYS Universidad trabajar\u00e1 en META - CETYS\",\"isPartOf\":{\"@id\":\"https:\\\/\\\/www.cetys.mx\\\/noticias\\\/#website\"},\"primaryImageOfPage\":{\"@id\":\"https:\\\/\\\/www.cetys.mx\\\/noticias\\\/estudiante-de-cetys-universidad-trabajara-en-meta\\\/#primaryimage\"},\"image\":{\"@id\":\"https:\\\/\\\/www.cetys.mx\\\/noticias\\\/estudiante-de-cetys-universidad-trabajara-en-meta\\\/#primaryimage\"},\"thumbnailUrl\":\"https:\\\/\\\/www.cetys.mx\\\/noticias\\\/wp-content\\\/uploads\\\/2024\\\/12\\\/Foto-portal-1.jpg\",\"datePublished\":\"2024-12-17T23:31:23+00:00\",\"dateModified\":\"2024-12-17T23:38:26+00:00\",\"author\":{\"@id\":\"https:\\\/\\\/www.cetys.mx\\\/noticias\\\/#\\\/schema\\\/person\\\/1a1a88c0b6586e66a2e9e88e07afc712\"},\"description\":\"Articulo sobre Estudiante de CETYS Universidad trabajar\u00e1 en META\",\"breadcrumb\":{\"@id\":\"https:\\\/\\\/www.cetys.mx\\\/noticias\\\/estudiante-de-cetys-universidad-trabajara-en-meta\\\/#breadcrumb\"},\"inLanguage\":\"es\",\"potentialAction\":[{\"@type\":\"ReadAction\",\"target\":[\"https:\\\/\\\/www.cetys.mx\\\/noticias\\\/estudiante-de-cetys-universidad-trabajara-en-meta\\\/\"]}]},{\"@type\":\"ImageObject\",\"inLanguage\":\"es\",\"@id\":\"https:\\\/\\\/www.cetys.mx\\\/noticias\\\/estudiante-de-cetys-universidad-trabajara-en-meta\\\/#primaryimage\",\"url\":\"https:\\\/\\\/www.cetys.mx\\\/noticias\\\/wp-content\\\/uploads\\\/2024\\\/12\\\/Foto-portal-1.jpg\",\"contentUrl\":\"https:\\\/\\\/www.cetys.mx\\\/noticias\\\/wp-content\\\/uploads\\\/2024\\\/12\\\/Foto-portal-1.jpg\",\"width\":958,\"height\":637},{\"@type\":\"BreadcrumbList\",\"@id\":\"https:\\\/\\\/www.cetys.mx\\\/noticias\\\/estudiante-de-cetys-universidad-trabajara-en-meta\\\/#breadcrumb\",\"itemListElement\":[{\"@type\":\"ListItem\",\"position\":1,\"name\":\"Inicio\",\"item\":\"https:\\\/\\\/www.cetys.mx\\\/noticias\\\/\"},{\"@type\":\"ListItem\",\"position\":2,\"name\":\"Estudiante de CETYS Universidad trabajar\u00e1 en META\"}]},{\"@type\":\"WebSite\",\"@id\":\"https:\\\/\\\/www.cetys.mx\\\/noticias\\\/#website\",\"url\":\"https:\\\/\\\/www.cetys.mx\\\/noticias\\\/\",\"name\":\"CETYS\",\"description\":\"\",\"potentialAction\":[{\"@type\":\"SearchAction\",\"target\":{\"@type\":\"EntryPoint\",\"urlTemplate\":\"https:\\\/\\\/www.cetys.mx\\\/noticias\\\/?s={search_term_string}\"},\"query-input\":{\"@type\":\"PropertyValueSpecification\",\"valueRequired\":true,\"valueName\":\"search_term_string\"}}],\"inLanguage\":\"es\"},{\"@type\":\"Person\",\"@id\":\"https:\\\/\\\/www.cetys.mx\\\/noticias\\\/#\\\/schema\\\/person\\\/1a1a88c0b6586e66a2e9e88e07afc712\",\"name\":\"Campus Ensenada\",\"url\":\"https:\\\/\\\/www.cetys.mx\\\/noticias\\\/author\\\/campusensenada\\\/\"}]}<\/script>\n<!-- \/ Yoast SEO plugin. -->","yoast_head_json":{"title":"Estudiante de CETYS Universidad trabajar\u00e1 en META - CETYS","description":"Articulo sobre Estudiante de CETYS Universidad trabajar\u00e1 en META","robots":{"index":"index","follow":"follow","max-snippet":"max-snippet:-1","max-image-preview":"max-image-preview:large","max-video-preview":"max-video-preview:-1"},"canonical":"https:\/\/www.cetys.mx\/noticias\/estudiante-de-cetys-universidad-trabajara-en-meta\/","og_locale":"es_MX","og_type":"article","og_title":"Estudiante de CETYS Universidad trabajar\u00e1 en META - CETYS","og_description":"Articulo sobre Estudiante de CETYS Universidad trabajar\u00e1 en META","og_url":"https:\/\/www.cetys.mx\/noticias\/estudiante-de-cetys-universidad-trabajara-en-meta\/","og_site_name":"CETYS","article_publisher":"https:\/\/www.facebook.com\/cetysuniversidadmxl\/","article_published_time":"2024-12-17T23:31:23+00:00","article_modified_time":"2024-12-17T23:38:26+00:00","og_image":[{"width":958,"height":637,"url":"https:\/\/www.cetys.mx\/noticias\/wp-content\/uploads\/2024\/12\/Foto-portal-1.jpg","type":"image\/jpeg"}],"author":"Campus Ensenada","twitter_card":"summary_large_image","twitter_creator":"@cetysuni","twitter_site":"@cetysuni","twitter_misc":{"Escrito por":"Campus Ensenada","Tiempo de lectura":"3 minutos"},"schema":{"@context":"https:\/\/schema.org","@graph":[{"@type":"Article","@id":"https:\/\/www.cetys.mx\/noticias\/estudiante-de-cetys-universidad-trabajara-en-meta\/#article","isPartOf":{"@id":"https:\/\/www.cetys.mx\/noticias\/estudiante-de-cetys-universidad-trabajara-en-meta\/"},"author":{"name":"Campus Ensenada","@id":"https:\/\/www.cetys.mx\/noticias\/#\/schema\/person\/1a1a88c0b6586e66a2e9e88e07afc712"},"headline":"Estudiante de CETYS Universidad trabajar\u00e1 en META","datePublished":"2024-12-17T23:31:23+00:00","dateModified":"2024-12-17T23:38:26+00:00","mainEntityOfPage":{"@id":"https:\/\/www.cetys.mx\/noticias\/estudiante-de-cetys-universidad-trabajara-en-meta\/"},"wordCount":542,"commentCount":0,"image":{"@id":"https:\/\/www.cetys.mx\/noticias\/estudiante-de-cetys-universidad-trabajara-en-meta\/#primaryimage"},"thumbnailUrl":"https:\/\/www.cetys.mx\/noticias\/wp-content\/uploads\/2024\/12\/Foto-portal-1.jpg","articleSection":["Campus Ensenada","Portada","VoCETYS"],"inLanguage":"es","potentialAction":[{"@type":"CommentAction","name":"Comment","target":["https:\/\/www.cetys.mx\/noticias\/estudiante-de-cetys-universidad-trabajara-en-meta\/#respond"]}]},{"@type":"WebPage","@id":"https:\/\/www.cetys.mx\/noticias\/estudiante-de-cetys-universidad-trabajara-en-meta\/","url":"https:\/\/www.cetys.mx\/noticias\/estudiante-de-cetys-universidad-trabajara-en-meta\/","name":"Estudiante de CETYS Universidad trabajar\u00e1 en META - CETYS","isPartOf":{"@id":"https:\/\/www.cetys.mx\/noticias\/#website"},"primaryImageOfPage":{"@id":"https:\/\/www.cetys.mx\/noticias\/estudiante-de-cetys-universidad-trabajara-en-meta\/#primaryimage"},"image":{"@id":"https:\/\/www.cetys.mx\/noticias\/estudiante-de-cetys-universidad-trabajara-en-meta\/#primaryimage"},"thumbnailUrl":"https:\/\/www.cetys.mx\/noticias\/wp-content\/uploads\/2024\/12\/Foto-portal-1.jpg","datePublished":"2024-12-17T23:31:23+00:00","dateModified":"2024-12-17T23:38:26+00:00","author":{"@id":"https:\/\/www.cetys.mx\/noticias\/#\/schema\/person\/1a1a88c0b6586e66a2e9e88e07afc712"},"description":"Articulo sobre Estudiante de CETYS Universidad trabajar\u00e1 en META","breadcrumb":{"@id":"https:\/\/www.cetys.mx\/noticias\/estudiante-de-cetys-universidad-trabajara-en-meta\/#breadcrumb"},"inLanguage":"es","potentialAction":[{"@type":"ReadAction","target":["https:\/\/www.cetys.mx\/noticias\/estudiante-de-cetys-universidad-trabajara-en-meta\/"]}]},{"@type":"ImageObject","inLanguage":"es","@id":"https:\/\/www.cetys.mx\/noticias\/estudiante-de-cetys-universidad-trabajara-en-meta\/#primaryimage","url":"https:\/\/www.cetys.mx\/noticias\/wp-content\/uploads\/2024\/12\/Foto-portal-1.jpg","contentUrl":"https:\/\/www.cetys.mx\/noticias\/wp-content\/uploads\/2024\/12\/Foto-portal-1.jpg","width":958,"height":637},{"@type":"BreadcrumbList","@id":"https:\/\/www.cetys.mx\/noticias\/estudiante-de-cetys-universidad-trabajara-en-meta\/#breadcrumb","itemListElement":[{"@type":"ListItem","position":1,"name":"Inicio","item":"https:\/\/www.cetys.mx\/noticias\/"},{"@type":"ListItem","position":2,"name":"Estudiante de CETYS Universidad trabajar\u00e1 en META"}]},{"@type":"WebSite","@id":"https:\/\/www.cetys.mx\/noticias\/#website","url":"https:\/\/www.cetys.mx\/noticias\/","name":"CETYS","description":"","potentialAction":[{"@type":"SearchAction","target":{"@type":"EntryPoint","urlTemplate":"https:\/\/www.cetys.mx\/noticias\/?s={search_term_string}"},"query-input":{"@type":"PropertyValueSpecification","valueRequired":true,"valueName":"search_term_string"}}],"inLanguage":"es"},{"@type":"Person","@id":"https:\/\/www.cetys.mx\/noticias\/#\/schema\/person\/1a1a88c0b6586e66a2e9e88e07afc712","name":"Campus Ensenada","url":"https:\/\/www.cetys.mx\/noticias\/author\/campusensenada\/"}]}},"_links":{"self":[{"href":"https:\/\/www.cetys.mx\/noticias\/wp-json\/wp\/v2\/posts\/207251","targetHints":{"allow":["GET"]}}],"collection":[{"href":"https:\/\/www.cetys.mx\/noticias\/wp-json\/wp\/v2\/posts"}],"about":[{"href":"https:\/\/www.cetys.mx\/noticias\/wp-json\/wp\/v2\/types\/post"}],"author":[{"embeddable":true,"href":"https:\/\/www.cetys.mx\/noticias\/wp-json\/wp\/v2\/users\/23"}],"replies":[{"embeddable":true,"href":"https:\/\/www.cetys.mx\/noticias\/wp-json\/wp\/v2\/comments?post=207251"}],"version-history":[{"count":1,"href":"https:\/\/www.cetys.mx\/noticias\/wp-json\/wp\/v2\/posts\/207251\/revisions"}],"predecessor-version":[{"id":207252,"href":"https:\/\/www.cetys.mx\/noticias\/wp-json\/wp\/v2\/posts\/207251\/revisions\/207252"}],"wp:featuredmedia":[{"embeddable":true,"href":"https:\/\/www.cetys.mx\/noticias\/wp-json\/wp\/v2\/media\/207253"}],"wp:attachment":[{"href":"https:\/\/www.cetys.mx\/noticias\/wp-json\/wp\/v2\/media?parent=207251"}],"wp:term":[{"taxonomy":"category","embeddable":true,"href":"https:\/\/www.cetys.mx\/noticias\/wp-json\/wp\/v2\/categories?post=207251"},{"taxonomy":"post_tag","embeddable":true,"href":"https:\/\/www.cetys.mx\/noticias\/wp-json\/wp\/v2\/tags?post=207251"}],"curies":[{"name":"wp","href":"https:\/\/api.w.org\/{rel}","templated":true}]}}