{"id":206800,"date":"2024-12-09T17:57:54","date_gmt":"2024-12-10T01:57:54","guid":{"rendered":"https:\/\/www.cetys.mx\/noticias\/?p=206800"},"modified":"2024-12-09T17:59:52","modified_gmt":"2024-12-10T01:59:52","slug":"docente-de-cetys-representa-a-mexico-en-programa-internacional-de-liderazgo-femenino-en-las-stem","status":"publish","type":"post","link":"https:\/\/www.cetys.mx\/noticias\/docente-de-cetys-representa-a-mexico-en-programa-internacional-de-liderazgo-femenino-en-las-stem\/","title":{"rendered":"Docente de CETYS representa a M\u00e9xico en programa internacional de liderazgo femenino en las STEM"},"content":{"rendered":"<p>La Mtra. Nataly Medina Rodr\u00edguez, Coordinadora de la carrera de Ingenier\u00eda en Cibern\u00e9tica Electr\u00f3nica en CETYS Universidad Campus Tijuana, \u00a0fue seleccionada para representar a M\u00e9xico en el programa internacional de liderazgo femenino:\u00a0<strong>Hidden No More: Empowering Women Leaders in STEM, <\/strong>la docente\u00a0fue una de las 46 acad\u00e9micas seleccionadas para participar, esto por\u00a0impulsar el programa We Do &amp; Care para que ni\u00f1as y adolescentes estudien ingenier\u00eda, el cual ha llevado a cabo desde hace varios a\u00f1os.\u00a0 Este programa\u00a0 forma\u00a0parte del <strong>International Visitor Leadership Program (IVLP)<\/strong> e\u00a0inici\u00f3 con la nominaci\u00f3n por parte del Consulado General de los Estados Unidos en Tijuana y la posterior selecci\u00f3n realizada por el Departamento de Estado de los EUA.<\/p>\n<p>El programa, llevado a cabo del 26 de octubre al 17 de noviembre, reuni\u00f3 a la <strong>Mtra. Medina<\/strong> y otras 45 mujeres l\u00edderes en ciencia, tecnolog\u00eda, ingenier\u00eda y matem\u00e1ticas (STEM) provenientes de pa\u00edses como Francia, Corea del Sur, Portugal, Canad\u00e1, India y Filipinas, entre otros. Durante esta experiencia, la Mtra. Medina adquiri\u00f3 una visi\u00f3n m\u00e1s amplia sobre el desarrollo de proyectos en estas \u00e1reas y sobre la importancia de la colaboraci\u00f3n entre gobierno, academia e industria para impactar positivamente el entorno global.<\/p>\n<p>Dentro del itinerario incluy\u00f3 visitas a distintas ciudades de los Estados Unidos. En <strong>Washington, D.C.<\/strong>, las participantes profundizaron en el sistema de gobernanza estadounidense.<\/p>\n<p>En Chicago,\u00a0conocieron avances en tecnolog\u00eda de punta como la computaci\u00f3n cu\u00e1ntica. <em>&#8220;Estas experiencias resaltaron la relevancia de la actualizaci\u00f3n tecnol\u00f3gica avanzada y las oportunidades de cooperaci\u00f3n internacional en innovaci\u00f3n&#8221;.<br \/>\n<\/em><\/p>\n<blockquote>\n<div class=\"gmail_default\">&#8220;Tuve la oportunidad de compartir con colegas de otras partes del mundo, aprendiendo de sus culturas y sus investigaciones, formamos una hermandad entre nosotras y tenemos la intenci\u00f3n de buscar colaboraciones entre nuestros pa\u00edses&#8221;, comparti\u00f3.<\/div>\n<\/blockquote>\n<div class=\"gallery-slider-wrapper gallery-1\">\n                        <div class=\"gallery-slider\" itemscope itemtype=\"http:\/\/schema.org\/ImageGallery\"><figure class=\"slide\" itemprop=\"associatedMedia\" itemscope itemtype=\"http:\/\/schema.org\/ImageObject\">\n                    <a itemprop=\"contentUrl\" href=\"https:\/\/www.cetys.mx\/noticias\/wp-content\/uploads\/2024\/12\/nataly-medina-CETYSHidden-No-More-Empowering-Women-Leaders-in-STEM-05.jpg\">\n                        <img decoding=\"async\" itemprop=\"thumbnail\" class=\"lazyOwl\" src=\"https:\/\/www.cetys.mx\/noticias\/wp-content\/plugins\/jmagz-plugin\/assets\/placeholder\/900x450.png\" data-src=\"https:\/\/www.cetys.mx\/noticias\/wp-content\/uploads\/2024\/12\/nataly-medina-CETYSHidden-No-More-Empowering-Women-Leaders-in-STEM-05.jpg\" alt=\"nataly-medina-CETYSHidden-No-More-Empowering-Women-Leaders-in-STEM-05\">\n                    <\/a>\n                    <figcaption itemprop=\"caption description\" class=\"slide-caption\">\n                        \n                    <\/figcaption>\n                <\/figure><figure class=\"slide\" itemprop=\"associatedMedia\" itemscope itemtype=\"http:\/\/schema.org\/ImageObject\">\n                    <a itemprop=\"contentUrl\" href=\"https:\/\/www.cetys.mx\/noticias\/wp-content\/uploads\/2024\/12\/nataly-medina-CETYSHidden-No-More-Empowering-Women-Leaders-in-STEM-04.jpg\">\n                        <img decoding=\"async\" itemprop=\"thumbnail\" class=\"lazyOwl\" src=\"https:\/\/www.cetys.mx\/noticias\/wp-content\/plugins\/jmagz-plugin\/assets\/placeholder\/900x450.png\" data-src=\"https:\/\/www.cetys.mx\/noticias\/wp-content\/uploads\/2024\/12\/nataly-medina-CETYSHidden-No-More-Empowering-Women-Leaders-in-STEM-04.jpg\" alt=\"nataly-medina-CETYSHidden-No-More-Empowering-Women-Leaders-in-STEM-04\">\n                    <\/a>\n                    <figcaption itemprop=\"caption description\" class=\"slide-caption\">\n                        \n                    <\/figcaption>\n                <\/figure><figure class=\"slide\" itemprop=\"associatedMedia\" itemscope itemtype=\"http:\/\/schema.org\/ImageObject\">\n                    <a itemprop=\"contentUrl\" href=\"https:\/\/www.cetys.mx\/noticias\/wp-content\/uploads\/2024\/12\/nataly-medina-programa-STEM-en-Estados-Unidos-003.jpg\">\n                        <img decoding=\"async\" itemprop=\"thumbnail\" class=\"lazyOwl\" src=\"https:\/\/www.cetys.mx\/noticias\/wp-content\/plugins\/jmagz-plugin\/assets\/placeholder\/900x450.png\" data-src=\"https:\/\/www.cetys.mx\/noticias\/wp-content\/uploads\/2024\/12\/nataly-medina-programa-STEM-en-Estados-Unidos-003.jpg\" alt=\"nataly-medina-programa-STEM-en-Estados-Unidos-003\">\n                    <\/a>\n                    <figcaption itemprop=\"caption description\" class=\"slide-caption\">\n                        \n                    <\/figcaption>\n                <\/figure><figure class=\"slide\" itemprop=\"associatedMedia\" itemscope itemtype=\"http:\/\/schema.org\/ImageObject\">\n                    <a itemprop=\"contentUrl\" href=\"https:\/\/www.cetys.mx\/noticias\/wp-content\/uploads\/2024\/12\/nataly-medina-programa-STEM-en-Estados-Unidos-002.jpg\">\n                        <img decoding=\"async\" itemprop=\"thumbnail\" class=\"lazyOwl\" src=\"https:\/\/www.cetys.mx\/noticias\/wp-content\/plugins\/jmagz-plugin\/assets\/placeholder\/900x450.png\" data-src=\"https:\/\/www.cetys.mx\/noticias\/wp-content\/uploads\/2024\/12\/nataly-medina-programa-STEM-en-Estados-Unidos-002.jpg\" alt=\"nataly-medina-programa-STEM-en-Estados-Unidos-002\">\n                    <\/a>\n                    <figcaption itemprop=\"caption description\" class=\"slide-caption\">\n                        \n                    <\/figcaption>\n                <\/figure><figure class=\"slide\" itemprop=\"associatedMedia\" itemscope itemtype=\"http:\/\/schema.org\/ImageObject\">\n                    <a itemprop=\"contentUrl\" href=\"https:\/\/www.cetys.mx\/noticias\/wp-content\/uploads\/2024\/12\/nataly-medina-CETYSHidden-No-More-Empowering-Women-Leaders-in-STEM-03.jpg\">\n                        <img decoding=\"async\" itemprop=\"thumbnail\" class=\"lazyOwl\" src=\"https:\/\/www.cetys.mx\/noticias\/wp-content\/plugins\/jmagz-plugin\/assets\/placeholder\/900x450.png\" data-src=\"https:\/\/www.cetys.mx\/noticias\/wp-content\/uploads\/2024\/12\/nataly-medina-CETYSHidden-No-More-Empowering-Women-Leaders-in-STEM-03.jpg\" alt=\"nataly-medina-CETYSHidden-No-More-Empowering-Women-Leaders-in-STEM-03\">\n                    <\/a>\n                    <figcaption itemprop=\"caption description\" class=\"slide-caption\">\n                        \n                    <\/figcaption>\n                <\/figure><figure class=\"slide\" itemprop=\"associatedMedia\" itemscope itemtype=\"http:\/\/schema.org\/ImageObject\">\n                    <a itemprop=\"contentUrl\" href=\"https:\/\/www.cetys.mx\/noticias\/wp-content\/uploads\/2024\/12\/nataly-medina-CETYSHidden-No-More-Empowering-Women-Leaders-in-STEM-02.jpg\">\n                        <img decoding=\"async\" itemprop=\"thumbnail\" class=\"lazyOwl\" src=\"https:\/\/www.cetys.mx\/noticias\/wp-content\/plugins\/jmagz-plugin\/assets\/placeholder\/900x450.png\" data-src=\"https:\/\/www.cetys.mx\/noticias\/wp-content\/uploads\/2024\/12\/nataly-medina-CETYSHidden-No-More-Empowering-Women-Leaders-in-STEM-02.jpg\" alt=\"nataly-medina-CETYSHidden-No-More-Empowering-Women-Leaders-in-STEM-02\">\n                    <\/a>\n                    <figcaption itemprop=\"caption description\" class=\"slide-caption\">\n                        \n                    <\/figcaption>\n                <\/figure><figure class=\"slide\" itemprop=\"associatedMedia\" itemscope itemtype=\"http:\/\/schema.org\/ImageObject\">\n                    <a itemprop=\"contentUrl\" href=\"https:\/\/www.cetys.mx\/noticias\/wp-content\/uploads\/2024\/12\/nataly-medina-CETYSHidden-No-More-Empowering-Women-Leaders-in-STEM.jpg\">\n                        <img decoding=\"async\" itemprop=\"thumbnail\" class=\"lazyOwl\" src=\"https:\/\/www.cetys.mx\/noticias\/wp-content\/plugins\/jmagz-plugin\/assets\/placeholder\/900x450.png\" data-src=\"https:\/\/www.cetys.mx\/noticias\/wp-content\/uploads\/2024\/12\/nataly-medina-CETYSHidden-No-More-Empowering-Women-Leaders-in-STEM.jpg\" alt=\"nataly-medina-CETYSHidden-No-More-Empowering-Women-Leaders-in-STEM\">\n                    <\/a>\n                    <figcaption itemprop=\"caption description\" class=\"slide-caption\">\n                        \n                    <\/figcaption>\n                <\/figure><figure class=\"slide\" itemprop=\"associatedMedia\" itemscope itemtype=\"http:\/\/schema.org\/ImageObject\">\n                    <a itemprop=\"contentUrl\" href=\"https:\/\/www.cetys.mx\/noticias\/wp-content\/uploads\/2024\/12\/nataly-medina-programa-STEM-en-Estados-Unidos.jpg\">\n                        <img decoding=\"async\" itemprop=\"thumbnail\" class=\"lazyOwl\" src=\"https:\/\/www.cetys.mx\/noticias\/wp-content\/plugins\/jmagz-plugin\/assets\/placeholder\/900x450.png\" data-src=\"https:\/\/www.cetys.mx\/noticias\/wp-content\/uploads\/2024\/12\/nataly-medina-programa-STEM-en-Estados-Unidos.jpg\" alt=\"nataly-medina-programa-STEM-en-Estados-Unidos\">\n                    <\/a>\n                    <figcaption itemprop=\"caption description\" class=\"slide-caption\">\n                        \n                    <\/figcaption>\n                <\/figure><\/div>\n                <div class=\"gallery-slider-thumbnail-wrapper\">\n                    <div class=\"gallery-slider-thumbnail\"><div class=\"slide-thumbnail\"><img decoding=\"async\" class=\"lazyOwl\" src=\"https:\/\/www.cetys.mx\/noticias\/wp-content\/plugins\/jmagz-plugin\/assets\/placeholder\/150x75.png\" data-src=\"https:\/\/www.cetys.mx\/noticias\/wp-content\/uploads\/2024\/12\/nataly-medina-CETYSHidden-No-More-Empowering-Women-Leaders-in-STEM-05.jpg\" alt=\"nataly-medina-CETYSHidden-No-More-Empowering-Women-Leaders-in-STEM-05\"><\/div><div class=\"slide-thumbnail\"><img decoding=\"async\" class=\"lazyOwl\" src=\"https:\/\/www.cetys.mx\/noticias\/wp-content\/plugins\/jmagz-plugin\/assets\/placeholder\/150x75.png\" data-src=\"https:\/\/www.cetys.mx\/noticias\/wp-content\/uploads\/2024\/12\/nataly-medina-CETYSHidden-No-More-Empowering-Women-Leaders-in-STEM-04.jpg\" alt=\"nataly-medina-CETYSHidden-No-More-Empowering-Women-Leaders-in-STEM-04\"><\/div><div class=\"slide-thumbnail\"><img decoding=\"async\" class=\"lazyOwl\" src=\"https:\/\/www.cetys.mx\/noticias\/wp-content\/plugins\/jmagz-plugin\/assets\/placeholder\/150x75.png\" data-src=\"https:\/\/www.cetys.mx\/noticias\/wp-content\/uploads\/2024\/12\/nataly-medina-programa-STEM-en-Estados-Unidos-003.jpg\" alt=\"nataly-medina-programa-STEM-en-Estados-Unidos-003\"><\/div><div class=\"slide-thumbnail\"><img decoding=\"async\" class=\"lazyOwl\" src=\"https:\/\/www.cetys.mx\/noticias\/wp-content\/plugins\/jmagz-plugin\/assets\/placeholder\/150x75.png\" data-src=\"https:\/\/www.cetys.mx\/noticias\/wp-content\/uploads\/2024\/12\/nataly-medina-programa-STEM-en-Estados-Unidos-002.jpg\" alt=\"nataly-medina-programa-STEM-en-Estados-Unidos-002\"><\/div><div class=\"slide-thumbnail\"><img decoding=\"async\" class=\"lazyOwl\" src=\"https:\/\/www.cetys.mx\/noticias\/wp-content\/plugins\/jmagz-plugin\/assets\/placeholder\/150x75.png\" data-src=\"https:\/\/www.cetys.mx\/noticias\/wp-content\/uploads\/2024\/12\/nataly-medina-CETYSHidden-No-More-Empowering-Women-Leaders-in-STEM-03.jpg\" alt=\"nataly-medina-CETYSHidden-No-More-Empowering-Women-Leaders-in-STEM-03\"><\/div><div class=\"slide-thumbnail\"><img decoding=\"async\" class=\"lazyOwl\" src=\"https:\/\/www.cetys.mx\/noticias\/wp-content\/plugins\/jmagz-plugin\/assets\/placeholder\/150x75.png\" data-src=\"https:\/\/www.cetys.mx\/noticias\/wp-content\/uploads\/2024\/12\/nataly-medina-CETYSHidden-No-More-Empowering-Women-Leaders-in-STEM-02.jpg\" alt=\"nataly-medina-CETYSHidden-No-More-Empowering-Women-Leaders-in-STEM-02\"><\/div><div class=\"slide-thumbnail\"><img decoding=\"async\" class=\"lazyOwl\" src=\"https:\/\/www.cetys.mx\/noticias\/wp-content\/plugins\/jmagz-plugin\/assets\/placeholder\/150x75.png\" data-src=\"https:\/\/www.cetys.mx\/noticias\/wp-content\/uploads\/2024\/12\/nataly-medina-CETYSHidden-No-More-Empowering-Women-Leaders-in-STEM.jpg\" alt=\"nataly-medina-CETYSHidden-No-More-Empowering-Women-Leaders-in-STEM\"><\/div><div class=\"slide-thumbnail\"><img decoding=\"async\" class=\"lazyOwl\" src=\"https:\/\/www.cetys.mx\/noticias\/wp-content\/plugins\/jmagz-plugin\/assets\/placeholder\/150x75.png\" data-src=\"https:\/\/www.cetys.mx\/noticias\/wp-content\/uploads\/2024\/12\/nataly-medina-programa-STEM-en-Estados-Unidos.jpg\" alt=\"nataly-medina-programa-STEM-en-Estados-Unidos\"><\/div><\/div><\/div><\/div>\n<p>La<strong> Mtra. Medina<\/strong> destac\u00f3 c\u00f3mo cada etapa del programa ofreci\u00f3 aprendizajes \u00fanicos, fortaleciendo su compromiso con la promoci\u00f3n del liderazgo femenino en STEM y su papel como embajadora de M\u00e9xico en este \u00e1mbito. La experiencia subray\u00f3 la necesidad de generar redes globales que impulsen el desarrollo de proyectos innovadores con impacto social.<\/p>\n<blockquote>\n<div class=\"gmail_default\">&#8220;Tuvimos la oportunidad de conocer la historia de los Estados Unidos de Am\u00e9rica en tema aeroespacial y c\u00f3mo ha evolucionado esta misma,\u00a0visitamos el laboratorio de F\u00edsica Aplicada en la\u00a0 Universidad Johns Hopkins, en la cual, tuvimos oportunidad de conocer sus proyectos de investigaci\u00f3n de estos temas&#8221;.<\/div>\n<\/blockquote>\n<div class=\"gmail_default\">Adem\u00e1s. en la ciudad de Pensacola, Florida, visitaron el Centro para Ciberseguridad por parte de la UWF; donde entendieron sobre los proyectos acad\u00e9micos que apoyan los proyectos de seguridad cibern\u00e9tica en los EUA. <em>&#8220;Este punto fue crucial para nosotras, ya que nos hizo entender que debemos de reforzar la colaboraci\u00f3n entre el gobierno, la academia y la industria para resolver problemas de seguridad nacional&#8221;.<\/em><\/div>\n<p>Finalmente, la Mtra. Medina expres\u00f3 su agradecimiento por haber sido parte de esta iniciativa, comprometi\u00e9ndose a compartir sus conocimientos y a impulsar proyectos que fortalezcan la presencia de mujeres en estas disciplinas clave para el desarrollo global.<\/p>\n","protected":false},"excerpt":{"rendered":"<p>La Mtra. Nataly Medina Rodr\u00edguez, Coordinadora de la carrera de Ingenier\u00eda en Cibern\u00e9tica Electr\u00f3nica en CETYS Universidad Campus Tijuana, \u00a0fue seleccionada para&#8230;<\/p>\n","protected":false},"author":24,"featured_media":206830,"comment_status":"open","ping_status":"closed","sticky":false,"template":"","format":"standard","meta":{"footnotes":""},"categories":[134,125,313],"tags":[328,398,6460,6477],"class_list":["post-206800","post","type-post","status-publish","format-standard","has-post-thumbnail","hentry","category-campus-tijuana","category-portada","category-vocetys-2","tag-campustijuana","tag-docentes","tag-inteligenciadenegocioseinnovacion","tag-negociosinternacionales"],"yoast_head":"<!-- This site is optimized with the Yoast SEO plugin v27.4 - https:\/\/yoast.com\/product\/yoast-seo-wordpress\/ -->\n<title>Docente de CETYS representa a M\u00e9xico en programa internacional de liderazgo femenino en las STEM - CETYS<\/title>\n<meta name=\"description\" content=\"Articulo sobre Docente de CETYS representa a M\u00e9xico en programa internacional de liderazgo femenino en las STEM\" \/>\n<meta name=\"robots\" content=\"index, follow, max-snippet:-1, max-image-preview:large, max-video-preview:-1\" \/>\n<link rel=\"canonical\" href=\"https:\/\/www.cetys.mx\/noticias\/docente-de-cetys-representa-a-mexico-en-programa-internacional-de-liderazgo-femenino-en-las-stem\/\" \/>\n<meta property=\"og:locale\" content=\"es_MX\" \/>\n<meta property=\"og:type\" content=\"article\" \/>\n<meta property=\"og:title\" content=\"Docente de CETYS representa a M\u00e9xico en programa internacional de liderazgo femenino en las STEM - CETYS\" \/>\n<meta property=\"og:description\" content=\"Articulo sobre Docente de CETYS representa a M\u00e9xico en programa internacional de liderazgo femenino en las STEM\" \/>\n<meta property=\"og:url\" content=\"https:\/\/www.cetys.mx\/noticias\/docente-de-cetys-representa-a-mexico-en-programa-internacional-de-liderazgo-femenino-en-las-stem\/\" \/>\n<meta property=\"og:site_name\" content=\"CETYS\" \/>\n<meta property=\"article:publisher\" content=\"https:\/\/www.facebook.com\/cetysuniversidadmxl\/\" \/>\n<meta property=\"article:published_time\" content=\"2024-12-10T01:57:54+00:00\" \/>\n<meta property=\"article:modified_time\" content=\"2024-12-10T01:59:52+00:00\" \/>\n<meta property=\"og:image\" content=\"https:\/\/www.cetys.mx\/noticias\/wp-content\/uploads\/2024\/12\/nataly-medina-CETYSHidden-No-More-Empowering-Women-Leaders-in-STEM-05.jpg\" \/>\n\t<meta property=\"og:image:width\" content=\"1200\" \/>\n\t<meta property=\"og:image:height\" content=\"798\" \/>\n\t<meta property=\"og:image:type\" content=\"image\/jpeg\" \/>\n<meta name=\"author\" content=\"Campus Tijuana\" \/>\n<meta name=\"twitter:card\" content=\"summary_large_image\" \/>\n<meta name=\"twitter:creator\" content=\"@cetysuni\" \/>\n<meta name=\"twitter:site\" content=\"@cetysuni\" \/>\n<meta name=\"twitter:label1\" content=\"Escrito por\" \/>\n\t<meta name=\"twitter:data1\" content=\"Campus Tijuana\" \/>\n\t<meta name=\"twitter:label2\" content=\"Tiempo de lectura\" \/>\n\t<meta name=\"twitter:data2\" content=\"3 minutos\" \/>\n<script type=\"application\/ld+json\" class=\"yoast-schema-graph\">{\"@context\":\"https:\\\/\\\/schema.org\",\"@graph\":[{\"@type\":\"Article\",\"@id\":\"https:\\\/\\\/www.cetys.mx\\\/noticias\\\/docente-de-cetys-representa-a-mexico-en-programa-internacional-de-liderazgo-femenino-en-las-stem\\\/#article\",\"isPartOf\":{\"@id\":\"https:\\\/\\\/www.cetys.mx\\\/noticias\\\/docente-de-cetys-representa-a-mexico-en-programa-internacional-de-liderazgo-femenino-en-las-stem\\\/\"},\"author\":{\"name\":\"Campus Tijuana\",\"@id\":\"https:\\\/\\\/www.cetys.mx\\\/noticias\\\/#\\\/schema\\\/person\\\/e790051ce60e18ae47cfa87011c8653f\"},\"headline\":\"Docente de CETYS representa a M\u00e9xico en programa internacional de liderazgo femenino en las STEM\",\"datePublished\":\"2024-12-10T01:57:54+00:00\",\"dateModified\":\"2024-12-10T01:59:52+00:00\",\"mainEntityOfPage\":{\"@id\":\"https:\\\/\\\/www.cetys.mx\\\/noticias\\\/docente-de-cetys-representa-a-mexico-en-programa-internacional-de-liderazgo-femenino-en-las-stem\\\/\"},\"wordCount\":547,\"commentCount\":0,\"image\":{\"@id\":\"https:\\\/\\\/www.cetys.mx\\\/noticias\\\/docente-de-cetys-representa-a-mexico-en-programa-internacional-de-liderazgo-femenino-en-las-stem\\\/#primaryimage\"},\"thumbnailUrl\":\"https:\\\/\\\/www.cetys.mx\\\/noticias\\\/wp-content\\\/uploads\\\/2024\\\/12\\\/nataly-medina-CETYSHidden-No-More-Empowering-Women-Leaders-in-STEM-05.jpg\",\"keywords\":[\"campustijuana\",\"Docentes\",\"InteligenciadeNegocioseInnovacion\",\"NegociosInternacionales\"],\"articleSection\":[\"Campus Tijuana\",\"Portada\",\"VoCETYS\"],\"inLanguage\":\"es\",\"potentialAction\":[{\"@type\":\"CommentAction\",\"name\":\"Comment\",\"target\":[\"https:\\\/\\\/www.cetys.mx\\\/noticias\\\/docente-de-cetys-representa-a-mexico-en-programa-internacional-de-liderazgo-femenino-en-las-stem\\\/#respond\"]}]},{\"@type\":\"WebPage\",\"@id\":\"https:\\\/\\\/www.cetys.mx\\\/noticias\\\/docente-de-cetys-representa-a-mexico-en-programa-internacional-de-liderazgo-femenino-en-las-stem\\\/\",\"url\":\"https:\\\/\\\/www.cetys.mx\\\/noticias\\\/docente-de-cetys-representa-a-mexico-en-programa-internacional-de-liderazgo-femenino-en-las-stem\\\/\",\"name\":\"Docente de CETYS representa a M\u00e9xico en programa internacional de liderazgo femenino en las STEM - CETYS\",\"isPartOf\":{\"@id\":\"https:\\\/\\\/www.cetys.mx\\\/noticias\\\/#website\"},\"primaryImageOfPage\":{\"@id\":\"https:\\\/\\\/www.cetys.mx\\\/noticias\\\/docente-de-cetys-representa-a-mexico-en-programa-internacional-de-liderazgo-femenino-en-las-stem\\\/#primaryimage\"},\"image\":{\"@id\":\"https:\\\/\\\/www.cetys.mx\\\/noticias\\\/docente-de-cetys-representa-a-mexico-en-programa-internacional-de-liderazgo-femenino-en-las-stem\\\/#primaryimage\"},\"thumbnailUrl\":\"https:\\\/\\\/www.cetys.mx\\\/noticias\\\/wp-content\\\/uploads\\\/2024\\\/12\\\/nataly-medina-CETYSHidden-No-More-Empowering-Women-Leaders-in-STEM-05.jpg\",\"datePublished\":\"2024-12-10T01:57:54+00:00\",\"dateModified\":\"2024-12-10T01:59:52+00:00\",\"author\":{\"@id\":\"https:\\\/\\\/www.cetys.mx\\\/noticias\\\/#\\\/schema\\\/person\\\/e790051ce60e18ae47cfa87011c8653f\"},\"description\":\"Articulo sobre Docente de CETYS representa a M\u00e9xico en programa internacional de liderazgo femenino en las STEM\",\"breadcrumb\":{\"@id\":\"https:\\\/\\\/www.cetys.mx\\\/noticias\\\/docente-de-cetys-representa-a-mexico-en-programa-internacional-de-liderazgo-femenino-en-las-stem\\\/#breadcrumb\"},\"inLanguage\":\"es\",\"potentialAction\":[{\"@type\":\"ReadAction\",\"target\":[\"https:\\\/\\\/www.cetys.mx\\\/noticias\\\/docente-de-cetys-representa-a-mexico-en-programa-internacional-de-liderazgo-femenino-en-las-stem\\\/\"]}]},{\"@type\":\"ImageObject\",\"inLanguage\":\"es\",\"@id\":\"https:\\\/\\\/www.cetys.mx\\\/noticias\\\/docente-de-cetys-representa-a-mexico-en-programa-internacional-de-liderazgo-femenino-en-las-stem\\\/#primaryimage\",\"url\":\"https:\\\/\\\/www.cetys.mx\\\/noticias\\\/wp-content\\\/uploads\\\/2024\\\/12\\\/nataly-medina-CETYSHidden-No-More-Empowering-Women-Leaders-in-STEM-05.jpg\",\"contentUrl\":\"https:\\\/\\\/www.cetys.mx\\\/noticias\\\/wp-content\\\/uploads\\\/2024\\\/12\\\/nataly-medina-CETYSHidden-No-More-Empowering-Women-Leaders-in-STEM-05.jpg\",\"width\":1200,\"height\":798},{\"@type\":\"BreadcrumbList\",\"@id\":\"https:\\\/\\\/www.cetys.mx\\\/noticias\\\/docente-de-cetys-representa-a-mexico-en-programa-internacional-de-liderazgo-femenino-en-las-stem\\\/#breadcrumb\",\"itemListElement\":[{\"@type\":\"ListItem\",\"position\":1,\"name\":\"Inicio\",\"item\":\"https:\\\/\\\/www.cetys.mx\\\/noticias\\\/\"},{\"@type\":\"ListItem\",\"position\":2,\"name\":\"Docente de CETYS representa a M\u00e9xico en programa internacional de liderazgo femenino en las STEM\"}]},{\"@type\":\"WebSite\",\"@id\":\"https:\\\/\\\/www.cetys.mx\\\/noticias\\\/#website\",\"url\":\"https:\\\/\\\/www.cetys.mx\\\/noticias\\\/\",\"name\":\"CETYS\",\"description\":\"\",\"potentialAction\":[{\"@type\":\"SearchAction\",\"target\":{\"@type\":\"EntryPoint\",\"urlTemplate\":\"https:\\\/\\\/www.cetys.mx\\\/noticias\\\/?s={search_term_string}\"},\"query-input\":{\"@type\":\"PropertyValueSpecification\",\"valueRequired\":true,\"valueName\":\"search_term_string\"}}],\"inLanguage\":\"es\"},{\"@type\":\"Person\",\"@id\":\"https:\\\/\\\/www.cetys.mx\\\/noticias\\\/#\\\/schema\\\/person\\\/e790051ce60e18ae47cfa87011c8653f\",\"name\":\"Campus Tijuana\",\"url\":\"https:\\\/\\\/www.cetys.mx\\\/noticias\\\/author\\\/campustijuana\\\/\"}]}<\/script>\n<!-- \/ Yoast SEO plugin. -->","yoast_head_json":{"title":"Docente de CETYS representa a M\u00e9xico en programa internacional de liderazgo femenino en las STEM - CETYS","description":"Articulo sobre Docente de CETYS representa a M\u00e9xico en programa internacional de liderazgo femenino en las STEM","robots":{"index":"index","follow":"follow","max-snippet":"max-snippet:-1","max-image-preview":"max-image-preview:large","max-video-preview":"max-video-preview:-1"},"canonical":"https:\/\/www.cetys.mx\/noticias\/docente-de-cetys-representa-a-mexico-en-programa-internacional-de-liderazgo-femenino-en-las-stem\/","og_locale":"es_MX","og_type":"article","og_title":"Docente de CETYS representa a M\u00e9xico en programa internacional de liderazgo femenino en las STEM - CETYS","og_description":"Articulo sobre Docente de CETYS representa a M\u00e9xico en programa internacional de liderazgo femenino en las STEM","og_url":"https:\/\/www.cetys.mx\/noticias\/docente-de-cetys-representa-a-mexico-en-programa-internacional-de-liderazgo-femenino-en-las-stem\/","og_site_name":"CETYS","article_publisher":"https:\/\/www.facebook.com\/cetysuniversidadmxl\/","article_published_time":"2024-12-10T01:57:54+00:00","article_modified_time":"2024-12-10T01:59:52+00:00","og_image":[{"width":1200,"height":798,"url":"https:\/\/www.cetys.mx\/noticias\/wp-content\/uploads\/2024\/12\/nataly-medina-CETYSHidden-No-More-Empowering-Women-Leaders-in-STEM-05.jpg","type":"image\/jpeg"}],"author":"Campus Tijuana","twitter_card":"summary_large_image","twitter_creator":"@cetysuni","twitter_site":"@cetysuni","twitter_misc":{"Escrito por":"Campus Tijuana","Tiempo de lectura":"3 minutos"},"schema":{"@context":"https:\/\/schema.org","@graph":[{"@type":"Article","@id":"https:\/\/www.cetys.mx\/noticias\/docente-de-cetys-representa-a-mexico-en-programa-internacional-de-liderazgo-femenino-en-las-stem\/#article","isPartOf":{"@id":"https:\/\/www.cetys.mx\/noticias\/docente-de-cetys-representa-a-mexico-en-programa-internacional-de-liderazgo-femenino-en-las-stem\/"},"author":{"name":"Campus Tijuana","@id":"https:\/\/www.cetys.mx\/noticias\/#\/schema\/person\/e790051ce60e18ae47cfa87011c8653f"},"headline":"Docente de CETYS representa a M\u00e9xico en programa internacional de liderazgo femenino en las STEM","datePublished":"2024-12-10T01:57:54+00:00","dateModified":"2024-12-10T01:59:52+00:00","mainEntityOfPage":{"@id":"https:\/\/www.cetys.mx\/noticias\/docente-de-cetys-representa-a-mexico-en-programa-internacional-de-liderazgo-femenino-en-las-stem\/"},"wordCount":547,"commentCount":0,"image":{"@id":"https:\/\/www.cetys.mx\/noticias\/docente-de-cetys-representa-a-mexico-en-programa-internacional-de-liderazgo-femenino-en-las-stem\/#primaryimage"},"thumbnailUrl":"https:\/\/www.cetys.mx\/noticias\/wp-content\/uploads\/2024\/12\/nataly-medina-CETYSHidden-No-More-Empowering-Women-Leaders-in-STEM-05.jpg","keywords":["campustijuana","Docentes","InteligenciadeNegocioseInnovacion","NegociosInternacionales"],"articleSection":["Campus Tijuana","Portada","VoCETYS"],"inLanguage":"es","potentialAction":[{"@type":"CommentAction","name":"Comment","target":["https:\/\/www.cetys.mx\/noticias\/docente-de-cetys-representa-a-mexico-en-programa-internacional-de-liderazgo-femenino-en-las-stem\/#respond"]}]},{"@type":"WebPage","@id":"https:\/\/www.cetys.mx\/noticias\/docente-de-cetys-representa-a-mexico-en-programa-internacional-de-liderazgo-femenino-en-las-stem\/","url":"https:\/\/www.cetys.mx\/noticias\/docente-de-cetys-representa-a-mexico-en-programa-internacional-de-liderazgo-femenino-en-las-stem\/","name":"Docente de CETYS representa a M\u00e9xico en programa internacional de liderazgo femenino en las STEM - CETYS","isPartOf":{"@id":"https:\/\/www.cetys.mx\/noticias\/#website"},"primaryImageOfPage":{"@id":"https:\/\/www.cetys.mx\/noticias\/docente-de-cetys-representa-a-mexico-en-programa-internacional-de-liderazgo-femenino-en-las-stem\/#primaryimage"},"image":{"@id":"https:\/\/www.cetys.mx\/noticias\/docente-de-cetys-representa-a-mexico-en-programa-internacional-de-liderazgo-femenino-en-las-stem\/#primaryimage"},"thumbnailUrl":"https:\/\/www.cetys.mx\/noticias\/wp-content\/uploads\/2024\/12\/nataly-medina-CETYSHidden-No-More-Empowering-Women-Leaders-in-STEM-05.jpg","datePublished":"2024-12-10T01:57:54+00:00","dateModified":"2024-12-10T01:59:52+00:00","author":{"@id":"https:\/\/www.cetys.mx\/noticias\/#\/schema\/person\/e790051ce60e18ae47cfa87011c8653f"},"description":"Articulo sobre Docente de CETYS representa a M\u00e9xico en programa internacional de liderazgo femenino en las STEM","breadcrumb":{"@id":"https:\/\/www.cetys.mx\/noticias\/docente-de-cetys-representa-a-mexico-en-programa-internacional-de-liderazgo-femenino-en-las-stem\/#breadcrumb"},"inLanguage":"es","potentialAction":[{"@type":"ReadAction","target":["https:\/\/www.cetys.mx\/noticias\/docente-de-cetys-representa-a-mexico-en-programa-internacional-de-liderazgo-femenino-en-las-stem\/"]}]},{"@type":"ImageObject","inLanguage":"es","@id":"https:\/\/www.cetys.mx\/noticias\/docente-de-cetys-representa-a-mexico-en-programa-internacional-de-liderazgo-femenino-en-las-stem\/#primaryimage","url":"https:\/\/www.cetys.mx\/noticias\/wp-content\/uploads\/2024\/12\/nataly-medina-CETYSHidden-No-More-Empowering-Women-Leaders-in-STEM-05.jpg","contentUrl":"https:\/\/www.cetys.mx\/noticias\/wp-content\/uploads\/2024\/12\/nataly-medina-CETYSHidden-No-More-Empowering-Women-Leaders-in-STEM-05.jpg","width":1200,"height":798},{"@type":"BreadcrumbList","@id":"https:\/\/www.cetys.mx\/noticias\/docente-de-cetys-representa-a-mexico-en-programa-internacional-de-liderazgo-femenino-en-las-stem\/#breadcrumb","itemListElement":[{"@type":"ListItem","position":1,"name":"Inicio","item":"https:\/\/www.cetys.mx\/noticias\/"},{"@type":"ListItem","position":2,"name":"Docente de CETYS representa a M\u00e9xico en programa internacional de liderazgo femenino en las STEM"}]},{"@type":"WebSite","@id":"https:\/\/www.cetys.mx\/noticias\/#website","url":"https:\/\/www.cetys.mx\/noticias\/","name":"CETYS","description":"","potentialAction":[{"@type":"SearchAction","target":{"@type":"EntryPoint","urlTemplate":"https:\/\/www.cetys.mx\/noticias\/?s={search_term_string}"},"query-input":{"@type":"PropertyValueSpecification","valueRequired":true,"valueName":"search_term_string"}}],"inLanguage":"es"},{"@type":"Person","@id":"https:\/\/www.cetys.mx\/noticias\/#\/schema\/person\/e790051ce60e18ae47cfa87011c8653f","name":"Campus Tijuana","url":"https:\/\/www.cetys.mx\/noticias\/author\/campustijuana\/"}]}},"_links":{"self":[{"href":"https:\/\/www.cetys.mx\/noticias\/wp-json\/wp\/v2\/posts\/206800","targetHints":{"allow":["GET"]}}],"collection":[{"href":"https:\/\/www.cetys.mx\/noticias\/wp-json\/wp\/v2\/posts"}],"about":[{"href":"https:\/\/www.cetys.mx\/noticias\/wp-json\/wp\/v2\/types\/post"}],"author":[{"embeddable":true,"href":"https:\/\/www.cetys.mx\/noticias\/wp-json\/wp\/v2\/users\/24"}],"replies":[{"embeddable":true,"href":"https:\/\/www.cetys.mx\/noticias\/wp-json\/wp\/v2\/comments?post=206800"}],"version-history":[{"count":4,"href":"https:\/\/www.cetys.mx\/noticias\/wp-json\/wp\/v2\/posts\/206800\/revisions"}],"predecessor-version":[{"id":206961,"href":"https:\/\/www.cetys.mx\/noticias\/wp-json\/wp\/v2\/posts\/206800\/revisions\/206961"}],"wp:featuredmedia":[{"embeddable":true,"href":"https:\/\/www.cetys.mx\/noticias\/wp-json\/wp\/v2\/media\/206830"}],"wp:attachment":[{"href":"https:\/\/www.cetys.mx\/noticias\/wp-json\/wp\/v2\/media?parent=206800"}],"wp:term":[{"taxonomy":"category","embeddable":true,"href":"https:\/\/www.cetys.mx\/noticias\/wp-json\/wp\/v2\/categories?post=206800"},{"taxonomy":"post_tag","embeddable":true,"href":"https:\/\/www.cetys.mx\/noticias\/wp-json\/wp\/v2\/tags?post=206800"}],"curies":[{"name":"wp","href":"https:\/\/api.w.org\/{rel}","templated":true}]}}