{"id":206275,"date":"2024-11-26T17:19:48","date_gmt":"2024-11-27T01:19:48","guid":{"rendered":"https:\/\/www.cetys.mx\/noticias\/?p=206275"},"modified":"2024-11-26T17:23:41","modified_gmt":"2024-11-27T01:23:41","slug":"academica-de-cetys-reconocida-como-1-de-123-mujeres-lideres-de-la-revolucion-cientifica-en-colombia","status":"publish","type":"post","link":"https:\/\/www.cetys.mx\/noticias\/academica-de-cetys-reconocida-como-1-de-123-mujeres-lideres-de-la-revolucion-cientifica-en-colombia\/","title":{"rendered":"Acad\u00e9mica de CETYS reconocida como 1 de 123 mujeres l\u00edderes de la revoluci\u00f3n cient\u00edfica en Colombia"},"content":{"rendered":"<p>La <strong>Dra. milena Sorzano Rodr\u00edguez<\/strong>, <em>acad\u00e9mica de la Escuela de Administraci\u00f3n y Negocios de CETYS Tijuana<\/em> <strong>fue reconocida en Colombia,<\/strong> donde forma parte como <strong>una de las 123 mujeres doctoras que est\u00e1n liderando la revoluci\u00f3n cient\u00edfica en ese pa\u00eds,<\/strong> seg\u00fan el Ministerio de Ciencia, Tecnolog\u00eda e Innovaci\u00f3n (Minciencias).<\/p>\n<p><img loading=\"lazy\" decoding=\"async\" class=\" wp-image-206277 aligncenter\" src=\"https:\/\/www.cetys.mx\/noticias\/wp-content\/uploads\/2024\/11\/milena-sorzano-cetys-tijuana-mujeres-en-la-ciencia-2024.jpg\" alt=\"\" width=\"576\" height=\"383\" srcset=\"https:\/\/www.cetys.mx\/noticias\/wp-content\/uploads\/2024\/11\/milena-sorzano-cetys-tijuana-mujeres-en-la-ciencia-2024.jpg 1200w, https:\/\/www.cetys.mx\/noticias\/wp-content\/uploads\/2024\/11\/milena-sorzano-cetys-tijuana-mujeres-en-la-ciencia-2024-768x511.jpg 768w\" sizes=\"auto, (max-width: 576px) 100vw, 576px\" \/>El <strong>Congreso de la Rep\u00fablica de Colombia<\/strong> fue sede del evento de reconocimiento a las doctoras y j\u00f3venes investigadoras del <em>Programa Orqu\u00eddeas 2024<\/em>, una iniciativa que impulsa el liderazgo femenino en la generaci\u00f3n de conocimiento en los territorios colombianos. Durante la jornada, se destac\u00f3 la importancia de poner la ciencia y la tecnolog\u00eda al servicio del bienestar social y el crecimiento productivo de las comunidades rurales.<\/p>\n<p><img loading=\"lazy\" decoding=\"async\" class=\" wp-image-206278 alignleft\" src=\"https:\/\/www.cetys.mx\/noticias\/wp-content\/uploads\/2024\/11\/milena-sorzano-cetys-tijuana-mujeres-en-la-ciencia-dialogo-entre-orquideas.jpg\" alt=\"\" width=\"334\" height=\"222\" srcset=\"https:\/\/www.cetys.mx\/noticias\/wp-content\/uploads\/2024\/11\/milena-sorzano-cetys-tijuana-mujeres-en-la-ciencia-dialogo-entre-orquideas.jpg 958w, https:\/\/www.cetys.mx\/noticias\/wp-content\/uploads\/2024\/11\/milena-sorzano-cetys-tijuana-mujeres-en-la-ciencia-dialogo-entre-orquideas-768x511.jpg 768w\" sizes=\"auto, (max-width: 334px) 100vw, 334px\" \/>La <strong>senadora Aida Avella<\/strong> celebr\u00f3 la relevancia de dedicar un espacio en el Congreso a la ciencia y a la contribuci\u00f3n de las mujeres en la investigaci\u00f3n. Por su parte, la representante <strong>Olga Vel\u00e1zquez<\/strong> inst\u00f3 a las participantes a utilizar sus saberes para transformar la realidad de sus comunidades. En tanto, la ministra de Ciencia, <strong>Yesenia Olaya Requene<\/strong>, resalt\u00f3 que <em>\u201cla revoluci\u00f3n cient\u00edfica con las mujeres implica transformar din\u00e1micas de poder en la praxis de construir el conocimiento cient\u00edfico a favor de una pol\u00edtica de la vida, con bases de equidad\u201d.<\/em><\/p>\n<p>El encuentro culmin\u00f3 con la <em>Declaratoria de las Mujeres en la Ciencia,<\/em> donde las doctoras expresaron su compromiso de generar cambios desde la ciencia para construir paz, inclusi\u00f3n y equidad en la sociedad.<\/p>\n<p><img loading=\"lazy\" decoding=\"async\" class=\" wp-image-206276 alignright\" src=\"https:\/\/www.cetys.mx\/noticias\/wp-content\/uploads\/2024\/11\/milena-sorzano-cetys-tijuana-mujeres-en-la-ciencia-03.jpg\" alt=\"\" width=\"384\" height=\"255\" srcset=\"https:\/\/www.cetys.mx\/noticias\/wp-content\/uploads\/2024\/11\/milena-sorzano-cetys-tijuana-mujeres-en-la-ciencia-03.jpg 958w, https:\/\/www.cetys.mx\/noticias\/wp-content\/uploads\/2024\/11\/milena-sorzano-cetys-tijuana-mujeres-en-la-ciencia-03-768x511.jpg 768w\" sizes=\"auto, (max-width: 384px) 100vw, 384px\" \/><\/p>\n<p>Con esta participaci\u00f3n, la acad\u00e9mica de CETYS Universidad que tambi\u00e9n es coordinadora del programa Semilleros de Investigaci\u00f3n y conductora del Podcast Capstone Connection, reafirma su compromiso con la promoci\u00f3n de la equidad de g\u00e9nero en la investigaci\u00f3n y su impacto global al contribuir al avance cient\u00edfico desde una perspectiva inclusiva.<\/p>\n","protected":false},"excerpt":{"rendered":"<p>La Dra. milena Sorzano Rodr\u00edguez, acad\u00e9mica de la Escuela de Administraci\u00f3n y Negocios de CETYS Tijuana fue reconocida en Colombia, donde forma&#8230;<\/p>\n","protected":false},"author":24,"featured_media":206257,"comment_status":"open","ping_status":"closed","sticky":false,"template":"","format":"standard","meta":{"footnotes":""},"categories":[134,313],"tags":[6520,328,398,6460,6476,6551,6477],"class_list":["post-206275","post","type-post","status-publish","format-standard","has-post-thumbnail","hentry","category-campus-tijuana","category-vocetys-2","tag-administraciondeempresas","tag-campustijuana","tag-docentes","tag-inteligenciadenegocioseinnovacion","tag-logisticainternacional","tag-mercadotecniaestrategica","tag-negociosinternacionales"],"yoast_head":"<!-- This site is optimized with the Yoast SEO plugin v27.4 - https:\/\/yoast.com\/product\/yoast-seo-wordpress\/ -->\n<title>Acad\u00e9mica de CETYS reconocida como 1 de 123 mujeres l\u00edderes de la revoluci\u00f3n cient\u00edfica en Colombia - CETYS<\/title>\n<meta name=\"description\" content=\"Articulo sobre Acad\u00e9mica de CETYS reconocida como 1 de 123 mujeres l\u00edderes de la revoluci\u00f3n cient\u00edfica en Colombia\" \/>\n<meta name=\"robots\" content=\"index, follow, max-snippet:-1, max-image-preview:large, max-video-preview:-1\" \/>\n<link rel=\"canonical\" href=\"https:\/\/www.cetys.mx\/noticias\/academica-de-cetys-reconocida-como-1-de-123-mujeres-lideres-de-la-revolucion-cientifica-en-colombia\/\" \/>\n<meta property=\"og:locale\" content=\"es_MX\" \/>\n<meta property=\"og:type\" content=\"article\" \/>\n<meta property=\"og:title\" content=\"Acad\u00e9mica de CETYS reconocida como 1 de 123 mujeres l\u00edderes de la revoluci\u00f3n cient\u00edfica en Colombia - CETYS\" \/>\n<meta property=\"og:description\" content=\"Articulo sobre Acad\u00e9mica de CETYS reconocida como 1 de 123 mujeres l\u00edderes de la revoluci\u00f3n cient\u00edfica en Colombia\" \/>\n<meta property=\"og:url\" content=\"https:\/\/www.cetys.mx\/noticias\/academica-de-cetys-reconocida-como-1-de-123-mujeres-lideres-de-la-revolucion-cientifica-en-colombia\/\" \/>\n<meta property=\"og:site_name\" content=\"CETYS\" \/>\n<meta property=\"article:publisher\" content=\"https:\/\/www.facebook.com\/cetysuniversidadmxl\/\" \/>\n<meta property=\"article:published_time\" content=\"2024-11-27T01:19:48+00:00\" \/>\n<meta property=\"article:modified_time\" content=\"2024-11-27T01:23:41+00:00\" \/>\n<meta property=\"og:image\" content=\"https:\/\/www.cetys.mx\/noticias\/wp-content\/uploads\/2024\/11\/milena-sorzano-cetys-tijuana-mujeres-en-la-ciencia.jpg\" \/>\n\t<meta property=\"og:image:width\" content=\"958\" \/>\n\t<meta property=\"og:image:height\" content=\"637\" \/>\n\t<meta property=\"og:image:type\" content=\"image\/jpeg\" \/>\n<meta name=\"author\" content=\"Campus Tijuana\" \/>\n<meta name=\"twitter:card\" content=\"summary_large_image\" \/>\n<meta name=\"twitter:creator\" content=\"@cetysuni\" \/>\n<meta name=\"twitter:site\" content=\"@cetysuni\" \/>\n<meta name=\"twitter:label1\" content=\"Escrito por\" \/>\n\t<meta name=\"twitter:data1\" content=\"Campus Tijuana\" \/>\n\t<meta name=\"twitter:label2\" content=\"Tiempo de lectura\" \/>\n\t<meta name=\"twitter:data2\" content=\"2 minutos\" \/>\n<script type=\"application\/ld+json\" class=\"yoast-schema-graph\">{\"@context\":\"https:\\\/\\\/schema.org\",\"@graph\":[{\"@type\":\"Article\",\"@id\":\"https:\\\/\\\/www.cetys.mx\\\/noticias\\\/academica-de-cetys-reconocida-como-1-de-123-mujeres-lideres-de-la-revolucion-cientifica-en-colombia\\\/#article\",\"isPartOf\":{\"@id\":\"https:\\\/\\\/www.cetys.mx\\\/noticias\\\/academica-de-cetys-reconocida-como-1-de-123-mujeres-lideres-de-la-revolucion-cientifica-en-colombia\\\/\"},\"author\":{\"name\":\"Campus Tijuana\",\"@id\":\"https:\\\/\\\/www.cetys.mx\\\/noticias\\\/#\\\/schema\\\/person\\\/e790051ce60e18ae47cfa87011c8653f\"},\"headline\":\"Acad\u00e9mica de CETYS reconocida como 1 de 123 mujeres l\u00edderes de la revoluci\u00f3n cient\u00edfica en Colombia\",\"datePublished\":\"2024-11-27T01:19:48+00:00\",\"dateModified\":\"2024-11-27T01:23:41+00:00\",\"mainEntityOfPage\":{\"@id\":\"https:\\\/\\\/www.cetys.mx\\\/noticias\\\/academica-de-cetys-reconocida-como-1-de-123-mujeres-lideres-de-la-revolucion-cientifica-en-colombia\\\/\"},\"wordCount\":336,\"commentCount\":0,\"image\":{\"@id\":\"https:\\\/\\\/www.cetys.mx\\\/noticias\\\/academica-de-cetys-reconocida-como-1-de-123-mujeres-lideres-de-la-revolucion-cientifica-en-colombia\\\/#primaryimage\"},\"thumbnailUrl\":\"https:\\\/\\\/www.cetys.mx\\\/noticias\\\/wp-content\\\/uploads\\\/2024\\\/11\\\/milena-sorzano-cetys-tijuana-mujeres-en-la-ciencia.jpg\",\"keywords\":[\"AdministraciondeEmpresas\",\"campustijuana\",\"Docentes\",\"InteligenciadeNegocioseInnovacion\",\"LogisticaInternacional\",\"MercadotecniaEstrategica\",\"NegociosInternacionales\"],\"articleSection\":[\"Campus Tijuana\",\"VoCETYS\"],\"inLanguage\":\"es\",\"potentialAction\":[{\"@type\":\"CommentAction\",\"name\":\"Comment\",\"target\":[\"https:\\\/\\\/www.cetys.mx\\\/noticias\\\/academica-de-cetys-reconocida-como-1-de-123-mujeres-lideres-de-la-revolucion-cientifica-en-colombia\\\/#respond\"]}]},{\"@type\":\"WebPage\",\"@id\":\"https:\\\/\\\/www.cetys.mx\\\/noticias\\\/academica-de-cetys-reconocida-como-1-de-123-mujeres-lideres-de-la-revolucion-cientifica-en-colombia\\\/\",\"url\":\"https:\\\/\\\/www.cetys.mx\\\/noticias\\\/academica-de-cetys-reconocida-como-1-de-123-mujeres-lideres-de-la-revolucion-cientifica-en-colombia\\\/\",\"name\":\"Acad\u00e9mica de CETYS reconocida como 1 de 123 mujeres l\u00edderes de la revoluci\u00f3n cient\u00edfica en Colombia - CETYS\",\"isPartOf\":{\"@id\":\"https:\\\/\\\/www.cetys.mx\\\/noticias\\\/#website\"},\"primaryImageOfPage\":{\"@id\":\"https:\\\/\\\/www.cetys.mx\\\/noticias\\\/academica-de-cetys-reconocida-como-1-de-123-mujeres-lideres-de-la-revolucion-cientifica-en-colombia\\\/#primaryimage\"},\"image\":{\"@id\":\"https:\\\/\\\/www.cetys.mx\\\/noticias\\\/academica-de-cetys-reconocida-como-1-de-123-mujeres-lideres-de-la-revolucion-cientifica-en-colombia\\\/#primaryimage\"},\"thumbnailUrl\":\"https:\\\/\\\/www.cetys.mx\\\/noticias\\\/wp-content\\\/uploads\\\/2024\\\/11\\\/milena-sorzano-cetys-tijuana-mujeres-en-la-ciencia.jpg\",\"datePublished\":\"2024-11-27T01:19:48+00:00\",\"dateModified\":\"2024-11-27T01:23:41+00:00\",\"author\":{\"@id\":\"https:\\\/\\\/www.cetys.mx\\\/noticias\\\/#\\\/schema\\\/person\\\/e790051ce60e18ae47cfa87011c8653f\"},\"description\":\"Articulo sobre Acad\u00e9mica de CETYS reconocida como 1 de 123 mujeres l\u00edderes de la revoluci\u00f3n cient\u00edfica en Colombia\",\"breadcrumb\":{\"@id\":\"https:\\\/\\\/www.cetys.mx\\\/noticias\\\/academica-de-cetys-reconocida-como-1-de-123-mujeres-lideres-de-la-revolucion-cientifica-en-colombia\\\/#breadcrumb\"},\"inLanguage\":\"es\",\"potentialAction\":[{\"@type\":\"ReadAction\",\"target\":[\"https:\\\/\\\/www.cetys.mx\\\/noticias\\\/academica-de-cetys-reconocida-como-1-de-123-mujeres-lideres-de-la-revolucion-cientifica-en-colombia\\\/\"]}]},{\"@type\":\"ImageObject\",\"inLanguage\":\"es\",\"@id\":\"https:\\\/\\\/www.cetys.mx\\\/noticias\\\/academica-de-cetys-reconocida-como-1-de-123-mujeres-lideres-de-la-revolucion-cientifica-en-colombia\\\/#primaryimage\",\"url\":\"https:\\\/\\\/www.cetys.mx\\\/noticias\\\/wp-content\\\/uploads\\\/2024\\\/11\\\/milena-sorzano-cetys-tijuana-mujeres-en-la-ciencia.jpg\",\"contentUrl\":\"https:\\\/\\\/www.cetys.mx\\\/noticias\\\/wp-content\\\/uploads\\\/2024\\\/11\\\/milena-sorzano-cetys-tijuana-mujeres-en-la-ciencia.jpg\",\"width\":958,\"height\":637},{\"@type\":\"BreadcrumbList\",\"@id\":\"https:\\\/\\\/www.cetys.mx\\\/noticias\\\/academica-de-cetys-reconocida-como-1-de-123-mujeres-lideres-de-la-revolucion-cientifica-en-colombia\\\/#breadcrumb\",\"itemListElement\":[{\"@type\":\"ListItem\",\"position\":1,\"name\":\"Inicio\",\"item\":\"https:\\\/\\\/www.cetys.mx\\\/noticias\\\/\"},{\"@type\":\"ListItem\",\"position\":2,\"name\":\"Acad\u00e9mica de CETYS reconocida como 1 de 123 mujeres l\u00edderes de la revoluci\u00f3n cient\u00edfica en Colombia\"}]},{\"@type\":\"WebSite\",\"@id\":\"https:\\\/\\\/www.cetys.mx\\\/noticias\\\/#website\",\"url\":\"https:\\\/\\\/www.cetys.mx\\\/noticias\\\/\",\"name\":\"CETYS\",\"description\":\"\",\"potentialAction\":[{\"@type\":\"SearchAction\",\"target\":{\"@type\":\"EntryPoint\",\"urlTemplate\":\"https:\\\/\\\/www.cetys.mx\\\/noticias\\\/?s={search_term_string}\"},\"query-input\":{\"@type\":\"PropertyValueSpecification\",\"valueRequired\":true,\"valueName\":\"search_term_string\"}}],\"inLanguage\":\"es\"},{\"@type\":\"Person\",\"@id\":\"https:\\\/\\\/www.cetys.mx\\\/noticias\\\/#\\\/schema\\\/person\\\/e790051ce60e18ae47cfa87011c8653f\",\"name\":\"Campus Tijuana\",\"url\":\"https:\\\/\\\/www.cetys.mx\\\/noticias\\\/author\\\/campustijuana\\\/\"}]}<\/script>\n<!-- \/ Yoast SEO plugin. -->","yoast_head_json":{"title":"Acad\u00e9mica de CETYS reconocida como 1 de 123 mujeres l\u00edderes de la revoluci\u00f3n cient\u00edfica en Colombia - CETYS","description":"Articulo sobre Acad\u00e9mica de CETYS reconocida como 1 de 123 mujeres l\u00edderes de la revoluci\u00f3n cient\u00edfica en Colombia","robots":{"index":"index","follow":"follow","max-snippet":"max-snippet:-1","max-image-preview":"max-image-preview:large","max-video-preview":"max-video-preview:-1"},"canonical":"https:\/\/www.cetys.mx\/noticias\/academica-de-cetys-reconocida-como-1-de-123-mujeres-lideres-de-la-revolucion-cientifica-en-colombia\/","og_locale":"es_MX","og_type":"article","og_title":"Acad\u00e9mica de CETYS reconocida como 1 de 123 mujeres l\u00edderes de la revoluci\u00f3n cient\u00edfica en Colombia - CETYS","og_description":"Articulo sobre Acad\u00e9mica de CETYS reconocida como 1 de 123 mujeres l\u00edderes de la revoluci\u00f3n cient\u00edfica en Colombia","og_url":"https:\/\/www.cetys.mx\/noticias\/academica-de-cetys-reconocida-como-1-de-123-mujeres-lideres-de-la-revolucion-cientifica-en-colombia\/","og_site_name":"CETYS","article_publisher":"https:\/\/www.facebook.com\/cetysuniversidadmxl\/","article_published_time":"2024-11-27T01:19:48+00:00","article_modified_time":"2024-11-27T01:23:41+00:00","og_image":[{"width":958,"height":637,"url":"https:\/\/www.cetys.mx\/noticias\/wp-content\/uploads\/2024\/11\/milena-sorzano-cetys-tijuana-mujeres-en-la-ciencia.jpg","type":"image\/jpeg"}],"author":"Campus Tijuana","twitter_card":"summary_large_image","twitter_creator":"@cetysuni","twitter_site":"@cetysuni","twitter_misc":{"Escrito por":"Campus Tijuana","Tiempo de lectura":"2 minutos"},"schema":{"@context":"https:\/\/schema.org","@graph":[{"@type":"Article","@id":"https:\/\/www.cetys.mx\/noticias\/academica-de-cetys-reconocida-como-1-de-123-mujeres-lideres-de-la-revolucion-cientifica-en-colombia\/#article","isPartOf":{"@id":"https:\/\/www.cetys.mx\/noticias\/academica-de-cetys-reconocida-como-1-de-123-mujeres-lideres-de-la-revolucion-cientifica-en-colombia\/"},"author":{"name":"Campus Tijuana","@id":"https:\/\/www.cetys.mx\/noticias\/#\/schema\/person\/e790051ce60e18ae47cfa87011c8653f"},"headline":"Acad\u00e9mica de CETYS reconocida como 1 de 123 mujeres l\u00edderes de la revoluci\u00f3n cient\u00edfica en Colombia","datePublished":"2024-11-27T01:19:48+00:00","dateModified":"2024-11-27T01:23:41+00:00","mainEntityOfPage":{"@id":"https:\/\/www.cetys.mx\/noticias\/academica-de-cetys-reconocida-como-1-de-123-mujeres-lideres-de-la-revolucion-cientifica-en-colombia\/"},"wordCount":336,"commentCount":0,"image":{"@id":"https:\/\/www.cetys.mx\/noticias\/academica-de-cetys-reconocida-como-1-de-123-mujeres-lideres-de-la-revolucion-cientifica-en-colombia\/#primaryimage"},"thumbnailUrl":"https:\/\/www.cetys.mx\/noticias\/wp-content\/uploads\/2024\/11\/milena-sorzano-cetys-tijuana-mujeres-en-la-ciencia.jpg","keywords":["AdministraciondeEmpresas","campustijuana","Docentes","InteligenciadeNegocioseInnovacion","LogisticaInternacional","MercadotecniaEstrategica","NegociosInternacionales"],"articleSection":["Campus Tijuana","VoCETYS"],"inLanguage":"es","potentialAction":[{"@type":"CommentAction","name":"Comment","target":["https:\/\/www.cetys.mx\/noticias\/academica-de-cetys-reconocida-como-1-de-123-mujeres-lideres-de-la-revolucion-cientifica-en-colombia\/#respond"]}]},{"@type":"WebPage","@id":"https:\/\/www.cetys.mx\/noticias\/academica-de-cetys-reconocida-como-1-de-123-mujeres-lideres-de-la-revolucion-cientifica-en-colombia\/","url":"https:\/\/www.cetys.mx\/noticias\/academica-de-cetys-reconocida-como-1-de-123-mujeres-lideres-de-la-revolucion-cientifica-en-colombia\/","name":"Acad\u00e9mica de CETYS reconocida como 1 de 123 mujeres l\u00edderes de la revoluci\u00f3n cient\u00edfica en Colombia - CETYS","isPartOf":{"@id":"https:\/\/www.cetys.mx\/noticias\/#website"},"primaryImageOfPage":{"@id":"https:\/\/www.cetys.mx\/noticias\/academica-de-cetys-reconocida-como-1-de-123-mujeres-lideres-de-la-revolucion-cientifica-en-colombia\/#primaryimage"},"image":{"@id":"https:\/\/www.cetys.mx\/noticias\/academica-de-cetys-reconocida-como-1-de-123-mujeres-lideres-de-la-revolucion-cientifica-en-colombia\/#primaryimage"},"thumbnailUrl":"https:\/\/www.cetys.mx\/noticias\/wp-content\/uploads\/2024\/11\/milena-sorzano-cetys-tijuana-mujeres-en-la-ciencia.jpg","datePublished":"2024-11-27T01:19:48+00:00","dateModified":"2024-11-27T01:23:41+00:00","author":{"@id":"https:\/\/www.cetys.mx\/noticias\/#\/schema\/person\/e790051ce60e18ae47cfa87011c8653f"},"description":"Articulo sobre Acad\u00e9mica de CETYS reconocida como 1 de 123 mujeres l\u00edderes de la revoluci\u00f3n cient\u00edfica en Colombia","breadcrumb":{"@id":"https:\/\/www.cetys.mx\/noticias\/academica-de-cetys-reconocida-como-1-de-123-mujeres-lideres-de-la-revolucion-cientifica-en-colombia\/#breadcrumb"},"inLanguage":"es","potentialAction":[{"@type":"ReadAction","target":["https:\/\/www.cetys.mx\/noticias\/academica-de-cetys-reconocida-como-1-de-123-mujeres-lideres-de-la-revolucion-cientifica-en-colombia\/"]}]},{"@type":"ImageObject","inLanguage":"es","@id":"https:\/\/www.cetys.mx\/noticias\/academica-de-cetys-reconocida-como-1-de-123-mujeres-lideres-de-la-revolucion-cientifica-en-colombia\/#primaryimage","url":"https:\/\/www.cetys.mx\/noticias\/wp-content\/uploads\/2024\/11\/milena-sorzano-cetys-tijuana-mujeres-en-la-ciencia.jpg","contentUrl":"https:\/\/www.cetys.mx\/noticias\/wp-content\/uploads\/2024\/11\/milena-sorzano-cetys-tijuana-mujeres-en-la-ciencia.jpg","width":958,"height":637},{"@type":"BreadcrumbList","@id":"https:\/\/www.cetys.mx\/noticias\/academica-de-cetys-reconocida-como-1-de-123-mujeres-lideres-de-la-revolucion-cientifica-en-colombia\/#breadcrumb","itemListElement":[{"@type":"ListItem","position":1,"name":"Inicio","item":"https:\/\/www.cetys.mx\/noticias\/"},{"@type":"ListItem","position":2,"name":"Acad\u00e9mica de CETYS reconocida como 1 de 123 mujeres l\u00edderes de la revoluci\u00f3n cient\u00edfica en Colombia"}]},{"@type":"WebSite","@id":"https:\/\/www.cetys.mx\/noticias\/#website","url":"https:\/\/www.cetys.mx\/noticias\/","name":"CETYS","description":"","potentialAction":[{"@type":"SearchAction","target":{"@type":"EntryPoint","urlTemplate":"https:\/\/www.cetys.mx\/noticias\/?s={search_term_string}"},"query-input":{"@type":"PropertyValueSpecification","valueRequired":true,"valueName":"search_term_string"}}],"inLanguage":"es"},{"@type":"Person","@id":"https:\/\/www.cetys.mx\/noticias\/#\/schema\/person\/e790051ce60e18ae47cfa87011c8653f","name":"Campus Tijuana","url":"https:\/\/www.cetys.mx\/noticias\/author\/campustijuana\/"}]}},"_links":{"self":[{"href":"https:\/\/www.cetys.mx\/noticias\/wp-json\/wp\/v2\/posts\/206275","targetHints":{"allow":["GET"]}}],"collection":[{"href":"https:\/\/www.cetys.mx\/noticias\/wp-json\/wp\/v2\/posts"}],"about":[{"href":"https:\/\/www.cetys.mx\/noticias\/wp-json\/wp\/v2\/types\/post"}],"author":[{"embeddable":true,"href":"https:\/\/www.cetys.mx\/noticias\/wp-json\/wp\/v2\/users\/24"}],"replies":[{"embeddable":true,"href":"https:\/\/www.cetys.mx\/noticias\/wp-json\/wp\/v2\/comments?post=206275"}],"version-history":[{"count":3,"href":"https:\/\/www.cetys.mx\/noticias\/wp-json\/wp\/v2\/posts\/206275\/revisions"}],"predecessor-version":[{"id":206281,"href":"https:\/\/www.cetys.mx\/noticias\/wp-json\/wp\/v2\/posts\/206275\/revisions\/206281"}],"wp:featuredmedia":[{"embeddable":true,"href":"https:\/\/www.cetys.mx\/noticias\/wp-json\/wp\/v2\/media\/206257"}],"wp:attachment":[{"href":"https:\/\/www.cetys.mx\/noticias\/wp-json\/wp\/v2\/media?parent=206275"}],"wp:term":[{"taxonomy":"category","embeddable":true,"href":"https:\/\/www.cetys.mx\/noticias\/wp-json\/wp\/v2\/categories?post=206275"},{"taxonomy":"post_tag","embeddable":true,"href":"https:\/\/www.cetys.mx\/noticias\/wp-json\/wp\/v2\/tags?post=206275"}],"curies":[{"name":"wp","href":"https:\/\/api.w.org\/{rel}","templated":true}]}}