{"id":205265,"date":"2024-11-05T18:40:24","date_gmt":"2024-11-06T02:40:24","guid":{"rendered":"https:\/\/www.cetys.mx\/noticias\/?p=205265"},"modified":"2024-11-05T18:42:26","modified_gmt":"2024-11-06T02:42:26","slug":"profesores-de-cetys-publican-en-destacados-medios-academicos-internacionales","status":"publish","type":"post","link":"https:\/\/www.cetys.mx\/noticias\/profesores-de-cetys-publican-en-destacados-medios-academicos-internacionales\/","title":{"rendered":"Profesores de CETYS publican en destacados medios acad\u00e9micos internacionales"},"content":{"rendered":"<div class=\"gmail_default\">\n<p>Los profesores de CETYS Universidad, el<strong> Mtro. Jonathan Jim\u00e9nez<\/strong> y la <strong>Dra. Ingrid Kuri Alonso<\/strong>, han logrado la publicaci\u00f3n de investigaciones en reconocidas plataformas acad\u00e9micas internacionales este a\u00f1o.<\/p>\n<p>El <strong>Mtro. Jonathan Jim\u00e9nez<\/strong> ha contribuido a la\u00a0<i>Encyclopedia of Libraries, Librarianship, and Information Science<\/i>\u00a0(Vol. 3, 2025, pp. 307-316), editada por Elsevier, con un art\u00edculo en el que aborda temas relevantes para el \u00e1mbito de las bibliotecas y la ciencia de la informaci\u00f3n. La publicaci\u00f3n est\u00e1 disponible en\u00a0<a href=\"https:\/\/doi.org\/10.1016\/B978-0-323-95689-5.00103-6\" target=\"_blank\" rel=\"noopener\" data-saferedirecturl=\"https:\/\/www.google.com\/url?q=https:\/\/doi.org\/10.1016\/B978-0-323-95689-5.00103-6&amp;source=gmail&amp;ust=1730936683677000&amp;usg=AOvVaw1pij8nxRswyzcNLnrHtc1s\">este enlace<\/a>.<\/p>\n<p>Por otro lado, la<strong> Dra.\u00a0Kuri<\/strong> public\u00f3 un art\u00edculo en los\u00a0<em>Cuadernos de Investigaci\u00f3n Educativa\u00a0de la Universidad ORT de Uruguay<\/em>, en el que analiza la inserci\u00f3n laboral de egresados universitarios durante la pandemia de COVID-19, ofreciendo una perspectiva sobre el impacto de la pandemia en la educaci\u00f3n superior. El art\u00edculo puede consultarse\u00a0<a href=\"https:\/\/doi.org\/10.18861\/cied.2024.15.2.3821\" target=\"_blank\" rel=\"noopener\" data-saferedirecturl=\"https:\/\/www.google.com\/url?q=https:\/\/doi.org\/10.18861\/cied.2024.15.2.3821&amp;source=gmail&amp;ust=1730936683677000&amp;usg=AOvVaw0B99iBYWCxLSVh7S7bqQ8B\">aqu\u00ed<\/a>.<\/p>\n<p>Ambas publicaciones representan un aporte al conocimiento y subrayan el compromiso de <strong>CETYS Universidad<\/strong> con la investigaci\u00f3n y el desarrollo acad\u00e9mico.<\/p>\n<\/div>\n<div class=\"gmail_default\"><\/div>\n","protected":false},"excerpt":{"rendered":"<p>Los profesores de CETYS Universidad, el Mtro. Jonathan Jim\u00e9nez y la Dra. Ingrid Kuri Alonso, han logrado la publicaci\u00f3n de investigaciones en&#8230;<\/p>\n","protected":false},"author":24,"featured_media":205266,"comment_status":"open","ping_status":"closed","sticky":false,"template":"","format":"standard","meta":{"footnotes":""},"categories":[134,313],"tags":[328,247,398,6466,430],"class_list":["post-205265","post","type-post","status-publish","format-standard","has-post-thumbnail","hentry","category-campus-tijuana","category-vocetys-2","tag-campustijuana","tag-derecho","tag-docentes","tag-doctoradoeneducacion","tag-educacion"],"yoast_head":"<!-- This site is optimized with the Yoast SEO plugin v27.4 - https:\/\/yoast.com\/product\/yoast-seo-wordpress\/ -->\n<title>Profesores de CETYS publican en destacados medios acad\u00e9micos internacionales - CETYS<\/title>\n<meta name=\"description\" content=\"Articulo sobre Profesores de CETYS publican en destacados medios acad\u00e9micos internacionales\" \/>\n<meta name=\"robots\" content=\"index, follow, max-snippet:-1, max-image-preview:large, max-video-preview:-1\" \/>\n<link rel=\"canonical\" href=\"https:\/\/www.cetys.mx\/noticias\/profesores-de-cetys-publican-en-destacados-medios-academicos-internacionales\/\" \/>\n<meta property=\"og:locale\" content=\"es_MX\" \/>\n<meta property=\"og:type\" content=\"article\" \/>\n<meta property=\"og:title\" content=\"Profesores de CETYS publican en destacados medios acad\u00e9micos internacionales - CETYS\" \/>\n<meta property=\"og:description\" content=\"Articulo sobre Profesores de CETYS publican en destacados medios acad\u00e9micos internacionales\" \/>\n<meta property=\"og:url\" content=\"https:\/\/www.cetys.mx\/noticias\/profesores-de-cetys-publican-en-destacados-medios-academicos-internacionales\/\" \/>\n<meta property=\"og:site_name\" content=\"CETYS\" \/>\n<meta property=\"article:publisher\" content=\"https:\/\/www.facebook.com\/cetysuniversidadmxl\/\" \/>\n<meta property=\"article:published_time\" content=\"2024-11-06T02:40:24+00:00\" \/>\n<meta property=\"article:modified_time\" content=\"2024-11-06T02:42:26+00:00\" \/>\n<meta property=\"og:image\" content=\"https:\/\/www.cetys.mx\/noticias\/wp-content\/uploads\/2024\/11\/jonathan-jimenez-e-ingrid-kuri-cetys-tijuana.jpg\" \/>\n\t<meta property=\"og:image:width\" content=\"958\" \/>\n\t<meta property=\"og:image:height\" content=\"637\" \/>\n\t<meta property=\"og:image:type\" content=\"image\/jpeg\" \/>\n<meta name=\"author\" content=\"Campus Tijuana\" \/>\n<meta name=\"twitter:card\" content=\"summary_large_image\" \/>\n<meta name=\"twitter:creator\" content=\"@cetysuni\" \/>\n<meta name=\"twitter:site\" content=\"@cetysuni\" \/>\n<meta name=\"twitter:label1\" content=\"Escrito por\" \/>\n\t<meta name=\"twitter:data1\" content=\"Campus Tijuana\" \/>\n\t<meta name=\"twitter:label2\" content=\"Tiempo de lectura\" \/>\n\t<meta name=\"twitter:data2\" content=\"1 minuto\" \/>\n<script type=\"application\/ld+json\" class=\"yoast-schema-graph\">{\"@context\":\"https:\\\/\\\/schema.org\",\"@graph\":[{\"@type\":\"Article\",\"@id\":\"https:\\\/\\\/www.cetys.mx\\\/noticias\\\/profesores-de-cetys-publican-en-destacados-medios-academicos-internacionales\\\/#article\",\"isPartOf\":{\"@id\":\"https:\\\/\\\/www.cetys.mx\\\/noticias\\\/profesores-de-cetys-publican-en-destacados-medios-academicos-internacionales\\\/\"},\"author\":{\"name\":\"Campus Tijuana\",\"@id\":\"https:\\\/\\\/www.cetys.mx\\\/noticias\\\/#\\\/schema\\\/person\\\/e790051ce60e18ae47cfa87011c8653f\"},\"headline\":\"Profesores de CETYS publican en destacados medios acad\u00e9micos internacionales\",\"datePublished\":\"2024-11-06T02:40:24+00:00\",\"dateModified\":\"2024-11-06T02:42:26+00:00\",\"mainEntityOfPage\":{\"@id\":\"https:\\\/\\\/www.cetys.mx\\\/noticias\\\/profesores-de-cetys-publican-en-destacados-medios-academicos-internacionales\\\/\"},\"wordCount\":177,\"commentCount\":0,\"image\":{\"@id\":\"https:\\\/\\\/www.cetys.mx\\\/noticias\\\/profesores-de-cetys-publican-en-destacados-medios-academicos-internacionales\\\/#primaryimage\"},\"thumbnailUrl\":\"https:\\\/\\\/www.cetys.mx\\\/noticias\\\/wp-content\\\/uploads\\\/2024\\\/11\\\/jonathan-jimenez-e-ingrid-kuri-cetys-tijuana.jpg\",\"keywords\":[\"campustijuana\",\"Derecho\",\"Docentes\",\"DoctoradoenEducacion\",\"Educaci\u00f3n\"],\"articleSection\":[\"Campus Tijuana\",\"VoCETYS\"],\"inLanguage\":\"es\",\"potentialAction\":[{\"@type\":\"CommentAction\",\"name\":\"Comment\",\"target\":[\"https:\\\/\\\/www.cetys.mx\\\/noticias\\\/profesores-de-cetys-publican-en-destacados-medios-academicos-internacionales\\\/#respond\"]}]},{\"@type\":\"WebPage\",\"@id\":\"https:\\\/\\\/www.cetys.mx\\\/noticias\\\/profesores-de-cetys-publican-en-destacados-medios-academicos-internacionales\\\/\",\"url\":\"https:\\\/\\\/www.cetys.mx\\\/noticias\\\/profesores-de-cetys-publican-en-destacados-medios-academicos-internacionales\\\/\",\"name\":\"Profesores de CETYS publican en destacados medios acad\u00e9micos internacionales - CETYS\",\"isPartOf\":{\"@id\":\"https:\\\/\\\/www.cetys.mx\\\/noticias\\\/#website\"},\"primaryImageOfPage\":{\"@id\":\"https:\\\/\\\/www.cetys.mx\\\/noticias\\\/profesores-de-cetys-publican-en-destacados-medios-academicos-internacionales\\\/#primaryimage\"},\"image\":{\"@id\":\"https:\\\/\\\/www.cetys.mx\\\/noticias\\\/profesores-de-cetys-publican-en-destacados-medios-academicos-internacionales\\\/#primaryimage\"},\"thumbnailUrl\":\"https:\\\/\\\/www.cetys.mx\\\/noticias\\\/wp-content\\\/uploads\\\/2024\\\/11\\\/jonathan-jimenez-e-ingrid-kuri-cetys-tijuana.jpg\",\"datePublished\":\"2024-11-06T02:40:24+00:00\",\"dateModified\":\"2024-11-06T02:42:26+00:00\",\"author\":{\"@id\":\"https:\\\/\\\/www.cetys.mx\\\/noticias\\\/#\\\/schema\\\/person\\\/e790051ce60e18ae47cfa87011c8653f\"},\"description\":\"Articulo sobre Profesores de CETYS publican en destacados medios acad\u00e9micos internacionales\",\"breadcrumb\":{\"@id\":\"https:\\\/\\\/www.cetys.mx\\\/noticias\\\/profesores-de-cetys-publican-en-destacados-medios-academicos-internacionales\\\/#breadcrumb\"},\"inLanguage\":\"es\",\"potentialAction\":[{\"@type\":\"ReadAction\",\"target\":[\"https:\\\/\\\/www.cetys.mx\\\/noticias\\\/profesores-de-cetys-publican-en-destacados-medios-academicos-internacionales\\\/\"]}]},{\"@type\":\"ImageObject\",\"inLanguage\":\"es\",\"@id\":\"https:\\\/\\\/www.cetys.mx\\\/noticias\\\/profesores-de-cetys-publican-en-destacados-medios-academicos-internacionales\\\/#primaryimage\",\"url\":\"https:\\\/\\\/www.cetys.mx\\\/noticias\\\/wp-content\\\/uploads\\\/2024\\\/11\\\/jonathan-jimenez-e-ingrid-kuri-cetys-tijuana.jpg\",\"contentUrl\":\"https:\\\/\\\/www.cetys.mx\\\/noticias\\\/wp-content\\\/uploads\\\/2024\\\/11\\\/jonathan-jimenez-e-ingrid-kuri-cetys-tijuana.jpg\",\"width\":958,\"height\":637},{\"@type\":\"BreadcrumbList\",\"@id\":\"https:\\\/\\\/www.cetys.mx\\\/noticias\\\/profesores-de-cetys-publican-en-destacados-medios-academicos-internacionales\\\/#breadcrumb\",\"itemListElement\":[{\"@type\":\"ListItem\",\"position\":1,\"name\":\"Inicio\",\"item\":\"https:\\\/\\\/www.cetys.mx\\\/noticias\\\/\"},{\"@type\":\"ListItem\",\"position\":2,\"name\":\"Profesores de CETYS publican en destacados medios acad\u00e9micos internacionales\"}]},{\"@type\":\"WebSite\",\"@id\":\"https:\\\/\\\/www.cetys.mx\\\/noticias\\\/#website\",\"url\":\"https:\\\/\\\/www.cetys.mx\\\/noticias\\\/\",\"name\":\"CETYS\",\"description\":\"\",\"potentialAction\":[{\"@type\":\"SearchAction\",\"target\":{\"@type\":\"EntryPoint\",\"urlTemplate\":\"https:\\\/\\\/www.cetys.mx\\\/noticias\\\/?s={search_term_string}\"},\"query-input\":{\"@type\":\"PropertyValueSpecification\",\"valueRequired\":true,\"valueName\":\"search_term_string\"}}],\"inLanguage\":\"es\"},{\"@type\":\"Person\",\"@id\":\"https:\\\/\\\/www.cetys.mx\\\/noticias\\\/#\\\/schema\\\/person\\\/e790051ce60e18ae47cfa87011c8653f\",\"name\":\"Campus Tijuana\",\"url\":\"https:\\\/\\\/www.cetys.mx\\\/noticias\\\/author\\\/campustijuana\\\/\"}]}<\/script>\n<!-- \/ Yoast SEO plugin. -->","yoast_head_json":{"title":"Profesores de CETYS publican en destacados medios acad\u00e9micos internacionales - CETYS","description":"Articulo sobre Profesores de CETYS publican en destacados medios acad\u00e9micos internacionales","robots":{"index":"index","follow":"follow","max-snippet":"max-snippet:-1","max-image-preview":"max-image-preview:large","max-video-preview":"max-video-preview:-1"},"canonical":"https:\/\/www.cetys.mx\/noticias\/profesores-de-cetys-publican-en-destacados-medios-academicos-internacionales\/","og_locale":"es_MX","og_type":"article","og_title":"Profesores de CETYS publican en destacados medios acad\u00e9micos internacionales - CETYS","og_description":"Articulo sobre Profesores de CETYS publican en destacados medios acad\u00e9micos internacionales","og_url":"https:\/\/www.cetys.mx\/noticias\/profesores-de-cetys-publican-en-destacados-medios-academicos-internacionales\/","og_site_name":"CETYS","article_publisher":"https:\/\/www.facebook.com\/cetysuniversidadmxl\/","article_published_time":"2024-11-06T02:40:24+00:00","article_modified_time":"2024-11-06T02:42:26+00:00","og_image":[{"width":958,"height":637,"url":"https:\/\/www.cetys.mx\/noticias\/wp-content\/uploads\/2024\/11\/jonathan-jimenez-e-ingrid-kuri-cetys-tijuana.jpg","type":"image\/jpeg"}],"author":"Campus Tijuana","twitter_card":"summary_large_image","twitter_creator":"@cetysuni","twitter_site":"@cetysuni","twitter_misc":{"Escrito por":"Campus Tijuana","Tiempo de lectura":"1 minuto"},"schema":{"@context":"https:\/\/schema.org","@graph":[{"@type":"Article","@id":"https:\/\/www.cetys.mx\/noticias\/profesores-de-cetys-publican-en-destacados-medios-academicos-internacionales\/#article","isPartOf":{"@id":"https:\/\/www.cetys.mx\/noticias\/profesores-de-cetys-publican-en-destacados-medios-academicos-internacionales\/"},"author":{"name":"Campus Tijuana","@id":"https:\/\/www.cetys.mx\/noticias\/#\/schema\/person\/e790051ce60e18ae47cfa87011c8653f"},"headline":"Profesores de CETYS publican en destacados medios acad\u00e9micos internacionales","datePublished":"2024-11-06T02:40:24+00:00","dateModified":"2024-11-06T02:42:26+00:00","mainEntityOfPage":{"@id":"https:\/\/www.cetys.mx\/noticias\/profesores-de-cetys-publican-en-destacados-medios-academicos-internacionales\/"},"wordCount":177,"commentCount":0,"image":{"@id":"https:\/\/www.cetys.mx\/noticias\/profesores-de-cetys-publican-en-destacados-medios-academicos-internacionales\/#primaryimage"},"thumbnailUrl":"https:\/\/www.cetys.mx\/noticias\/wp-content\/uploads\/2024\/11\/jonathan-jimenez-e-ingrid-kuri-cetys-tijuana.jpg","keywords":["campustijuana","Derecho","Docentes","DoctoradoenEducacion","Educaci\u00f3n"],"articleSection":["Campus Tijuana","VoCETYS"],"inLanguage":"es","potentialAction":[{"@type":"CommentAction","name":"Comment","target":["https:\/\/www.cetys.mx\/noticias\/profesores-de-cetys-publican-en-destacados-medios-academicos-internacionales\/#respond"]}]},{"@type":"WebPage","@id":"https:\/\/www.cetys.mx\/noticias\/profesores-de-cetys-publican-en-destacados-medios-academicos-internacionales\/","url":"https:\/\/www.cetys.mx\/noticias\/profesores-de-cetys-publican-en-destacados-medios-academicos-internacionales\/","name":"Profesores de CETYS publican en destacados medios acad\u00e9micos internacionales - CETYS","isPartOf":{"@id":"https:\/\/www.cetys.mx\/noticias\/#website"},"primaryImageOfPage":{"@id":"https:\/\/www.cetys.mx\/noticias\/profesores-de-cetys-publican-en-destacados-medios-academicos-internacionales\/#primaryimage"},"image":{"@id":"https:\/\/www.cetys.mx\/noticias\/profesores-de-cetys-publican-en-destacados-medios-academicos-internacionales\/#primaryimage"},"thumbnailUrl":"https:\/\/www.cetys.mx\/noticias\/wp-content\/uploads\/2024\/11\/jonathan-jimenez-e-ingrid-kuri-cetys-tijuana.jpg","datePublished":"2024-11-06T02:40:24+00:00","dateModified":"2024-11-06T02:42:26+00:00","author":{"@id":"https:\/\/www.cetys.mx\/noticias\/#\/schema\/person\/e790051ce60e18ae47cfa87011c8653f"},"description":"Articulo sobre Profesores de CETYS publican en destacados medios acad\u00e9micos internacionales","breadcrumb":{"@id":"https:\/\/www.cetys.mx\/noticias\/profesores-de-cetys-publican-en-destacados-medios-academicos-internacionales\/#breadcrumb"},"inLanguage":"es","potentialAction":[{"@type":"ReadAction","target":["https:\/\/www.cetys.mx\/noticias\/profesores-de-cetys-publican-en-destacados-medios-academicos-internacionales\/"]}]},{"@type":"ImageObject","inLanguage":"es","@id":"https:\/\/www.cetys.mx\/noticias\/profesores-de-cetys-publican-en-destacados-medios-academicos-internacionales\/#primaryimage","url":"https:\/\/www.cetys.mx\/noticias\/wp-content\/uploads\/2024\/11\/jonathan-jimenez-e-ingrid-kuri-cetys-tijuana.jpg","contentUrl":"https:\/\/www.cetys.mx\/noticias\/wp-content\/uploads\/2024\/11\/jonathan-jimenez-e-ingrid-kuri-cetys-tijuana.jpg","width":958,"height":637},{"@type":"BreadcrumbList","@id":"https:\/\/www.cetys.mx\/noticias\/profesores-de-cetys-publican-en-destacados-medios-academicos-internacionales\/#breadcrumb","itemListElement":[{"@type":"ListItem","position":1,"name":"Inicio","item":"https:\/\/www.cetys.mx\/noticias\/"},{"@type":"ListItem","position":2,"name":"Profesores de CETYS publican en destacados medios acad\u00e9micos internacionales"}]},{"@type":"WebSite","@id":"https:\/\/www.cetys.mx\/noticias\/#website","url":"https:\/\/www.cetys.mx\/noticias\/","name":"CETYS","description":"","potentialAction":[{"@type":"SearchAction","target":{"@type":"EntryPoint","urlTemplate":"https:\/\/www.cetys.mx\/noticias\/?s={search_term_string}"},"query-input":{"@type":"PropertyValueSpecification","valueRequired":true,"valueName":"search_term_string"}}],"inLanguage":"es"},{"@type":"Person","@id":"https:\/\/www.cetys.mx\/noticias\/#\/schema\/person\/e790051ce60e18ae47cfa87011c8653f","name":"Campus Tijuana","url":"https:\/\/www.cetys.mx\/noticias\/author\/campustijuana\/"}]}},"_links":{"self":[{"href":"https:\/\/www.cetys.mx\/noticias\/wp-json\/wp\/v2\/posts\/205265","targetHints":{"allow":["GET"]}}],"collection":[{"href":"https:\/\/www.cetys.mx\/noticias\/wp-json\/wp\/v2\/posts"}],"about":[{"href":"https:\/\/www.cetys.mx\/noticias\/wp-json\/wp\/v2\/types\/post"}],"author":[{"embeddable":true,"href":"https:\/\/www.cetys.mx\/noticias\/wp-json\/wp\/v2\/users\/24"}],"replies":[{"embeddable":true,"href":"https:\/\/www.cetys.mx\/noticias\/wp-json\/wp\/v2\/comments?post=205265"}],"version-history":[{"count":1,"href":"https:\/\/www.cetys.mx\/noticias\/wp-json\/wp\/v2\/posts\/205265\/revisions"}],"predecessor-version":[{"id":205267,"href":"https:\/\/www.cetys.mx\/noticias\/wp-json\/wp\/v2\/posts\/205265\/revisions\/205267"}],"wp:featuredmedia":[{"embeddable":true,"href":"https:\/\/www.cetys.mx\/noticias\/wp-json\/wp\/v2\/media\/205266"}],"wp:attachment":[{"href":"https:\/\/www.cetys.mx\/noticias\/wp-json\/wp\/v2\/media?parent=205265"}],"wp:term":[{"taxonomy":"category","embeddable":true,"href":"https:\/\/www.cetys.mx\/noticias\/wp-json\/wp\/v2\/categories?post=205265"},{"taxonomy":"post_tag","embeddable":true,"href":"https:\/\/www.cetys.mx\/noticias\/wp-json\/wp\/v2\/tags?post=205265"}],"curies":[{"name":"wp","href":"https:\/\/api.w.org\/{rel}","templated":true}]}}