{"id":204592,"date":"2024-11-04T10:32:15","date_gmt":"2024-11-04T18:32:15","guid":{"rendered":"https:\/\/www.cetys.mx\/noticias\/?p=204592"},"modified":"2024-11-07T15:40:31","modified_gmt":"2024-11-07T23:40:31","slug":"alumnos-de-mba-de-cetys-universidad-fortalecen-su-formacion-con-visita-academica-a-panama","status":"publish","type":"post","link":"https:\/\/www.cetys.mx\/noticias\/alumnos-de-mba-de-cetys-universidad-fortalecen-su-formacion-con-visita-academica-a-panama\/","title":{"rendered":"Alumnos de MBA de CETYS Universidad fortalecen su formaci\u00f3n con visita acad\u00e9mica a Panam\u00e1"},"content":{"rendered":"<p><span style=\"font-weight: 400;\"><strong>Alumnos de Graduate School of Business<\/strong> y de la <strong>Maestr\u00eda en Ingenier\u00eda de CETYS Universidad<\/strong>, viajaron a la ciudad de <strong>Panam\u00e1<\/strong> como parte de sus estudios de posgrado y experiencia internacional de su programa, como profesora a cargo de la materia la Dra. Rebeca S\u00e1nchez, Coordinadora Acad\u00e9mica de la Maestr\u00eda en Administraci\u00f3n de Negocios (MBA) Doble Grado y Triple Grado a nivel Sistema en CETYS Universidad.<\/span><\/p>\n<p><span style=\"font-weight: 400;\">Los alumnos estuvieron en <strong>Humboldt International University<\/strong> donde participaron en el seminario \u201cToma de decisiones Empresariales en la Era Conceptual\u201d a cargo del Dr. Carlos De la Rosa. Por otra parte, participaron en el II Congreso Internacional de la Facultad de Negocios \u201cInteligencia artificial y digitalizaci\u00f3n: herramientas para impulsar el crecimiento empresarial en el mercado global\u201d de la Universidad Latina de Panam\u00e1.<\/span><\/p>\n<p><img loading=\"lazy\" decoding=\"async\" class=\" wp-image-204594 aligncenter\" src=\"https:\/\/www.cetys.mx\/noticias\/wp-content\/uploads\/2024\/11\/werhjm.jpg\" alt=\"\" width=\"699\" height=\"465\" srcset=\"https:\/\/www.cetys.mx\/noticias\/wp-content\/uploads\/2024\/11\/werhjm.jpg 958w, https:\/\/www.cetys.mx\/noticias\/wp-content\/uploads\/2024\/11\/werhjm-768x511.jpg 768w\" sizes=\"auto, (max-width: 699px) 100vw, 699px\" \/><\/p>\n<p><span style=\"font-weight: 400;\">Adem\u00e1s de visitar distintos lugares ic\u00f3nicos de la ciudad como el Canal de Panam\u00e1, las Esclusas de Miraflores, el Puerto mar\u00edtimo Balboa, Georgia Tech y distintos patrimonios declarados por la UNESCO como el Casco Viejo y la zona arqueol\u00f3gica de Panam\u00e1 Viejo. Fueron 12 alumnos campus Tijuana, 11 alumnos campus Mexicali y 1\u00a0alumno campus Ensenada, quienes participaron.\u00a0<\/span><\/p>\n<blockquote><p><span style=\"font-weight: 400;\">\u201cEstas experiencias internacionales fortalecen el aprendizaje multiexperiencial, modelo educativo de CETYS Universidad\u201d, agreg\u00f3 la Dra. Rebeca S\u00e1nchez.<\/span><\/p><\/blockquote>\n","protected":false},"excerpt":{"rendered":"<p>Alumnos de Graduate School of Business y de la Maestr\u00eda en Ingenier\u00eda de CETYS Universidad, viajaron a la ciudad de Panam\u00e1 como&#8230;<\/p>\n","protected":false},"author":20,"featured_media":204593,"comment_status":"open","ping_status":"closed","sticky":false,"template":"","format":"standard","meta":{"footnotes":""},"categories":[299,313],"tags":[1468],"class_list":["post-204592","post","type-post","status-publish","format-standard","has-post-thumbnail","hentry","category-sistema","category-vocetys-2","tag-viajes-de-estudio"],"yoast_head":"<!-- This site is optimized with the Yoast SEO plugin v27.4 - https:\/\/yoast.com\/product\/yoast-seo-wordpress\/ -->\n<title>Alumnos de MBA de CETYS Universidad fortalecen su formaci\u00f3n con visita acad\u00e9mica a Panam\u00e1 - CETYS<\/title>\n<meta name=\"description\" content=\"Articulo sobre Alumnos de MBA de CETYS Universidad fortalecen su formaci\u00f3n con visita acad\u00e9mica a Panam\u00e1\" \/>\n<meta name=\"robots\" content=\"index, follow, max-snippet:-1, max-image-preview:large, max-video-preview:-1\" \/>\n<link rel=\"canonical\" href=\"https:\/\/www.cetys.mx\/noticias\/alumnos-de-mba-de-cetys-universidad-fortalecen-su-formacion-con-visita-academica-a-panama\/\" \/>\n<meta property=\"og:locale\" content=\"es_MX\" \/>\n<meta property=\"og:type\" content=\"article\" \/>\n<meta property=\"og:title\" content=\"Alumnos de MBA de CETYS Universidad fortalecen su formaci\u00f3n con visita acad\u00e9mica a Panam\u00e1 - CETYS\" \/>\n<meta property=\"og:description\" content=\"Articulo sobre Alumnos de MBA de CETYS Universidad fortalecen su formaci\u00f3n con visita acad\u00e9mica a Panam\u00e1\" \/>\n<meta property=\"og:url\" content=\"https:\/\/www.cetys.mx\/noticias\/alumnos-de-mba-de-cetys-universidad-fortalecen-su-formacion-con-visita-academica-a-panama\/\" \/>\n<meta property=\"og:site_name\" content=\"CETYS\" \/>\n<meta property=\"article:publisher\" content=\"https:\/\/www.facebook.com\/cetysuniversidadmxl\/\" \/>\n<meta property=\"article:published_time\" content=\"2024-11-04T18:32:15+00:00\" \/>\n<meta property=\"article:modified_time\" content=\"2024-11-07T23:40:31+00:00\" \/>\n<meta property=\"og:image\" content=\"https:\/\/www.cetys.mx\/noticias\/wp-content\/uploads\/2024\/11\/WhatsApp-Image-2024-10-31-at-12.51.41-PM-3.jpg\" \/>\n\t<meta property=\"og:image:width\" content=\"958\" \/>\n\t<meta property=\"og:image:height\" content=\"637\" \/>\n\t<meta property=\"og:image:type\" content=\"image\/jpeg\" \/>\n<meta name=\"author\" content=\"Campus Mexicali\" \/>\n<meta name=\"twitter:card\" content=\"summary_large_image\" \/>\n<meta name=\"twitter:creator\" content=\"@cetysuni\" \/>\n<meta name=\"twitter:site\" content=\"@cetysuni\" \/>\n<meta name=\"twitter:label1\" content=\"Escrito por\" \/>\n\t<meta name=\"twitter:data1\" content=\"Campus Mexicali\" \/>\n\t<meta name=\"twitter:label2\" content=\"Tiempo de lectura\" \/>\n\t<meta name=\"twitter:data2\" content=\"1 minuto\" \/>\n<script type=\"application\/ld+json\" class=\"yoast-schema-graph\">{\"@context\":\"https:\\\/\\\/schema.org\",\"@graph\":[{\"@type\":\"Article\",\"@id\":\"https:\\\/\\\/www.cetys.mx\\\/noticias\\\/alumnos-de-mba-de-cetys-universidad-fortalecen-su-formacion-con-visita-academica-a-panama\\\/#article\",\"isPartOf\":{\"@id\":\"https:\\\/\\\/www.cetys.mx\\\/noticias\\\/alumnos-de-mba-de-cetys-universidad-fortalecen-su-formacion-con-visita-academica-a-panama\\\/\"},\"author\":{\"name\":\"Campus Mexicali\",\"@id\":\"https:\\\/\\\/www.cetys.mx\\\/noticias\\\/#\\\/schema\\\/person\\\/79a95c4ac185f3705cf1b9c9340a5f70\"},\"headline\":\"Alumnos de MBA de CETYS Universidad fortalecen su formaci\u00f3n con visita acad\u00e9mica a Panam\u00e1\",\"datePublished\":\"2024-11-04T18:32:15+00:00\",\"dateModified\":\"2024-11-07T23:40:31+00:00\",\"mainEntityOfPage\":{\"@id\":\"https:\\\/\\\/www.cetys.mx\\\/noticias\\\/alumnos-de-mba-de-cetys-universidad-fortalecen-su-formacion-con-visita-academica-a-panama\\\/\"},\"wordCount\":228,\"commentCount\":0,\"image\":{\"@id\":\"https:\\\/\\\/www.cetys.mx\\\/noticias\\\/alumnos-de-mba-de-cetys-universidad-fortalecen-su-formacion-con-visita-academica-a-panama\\\/#primaryimage\"},\"thumbnailUrl\":\"https:\\\/\\\/www.cetys.mx\\\/noticias\\\/wp-content\\\/uploads\\\/2024\\\/11\\\/WhatsApp-Image-2024-10-31-at-12.51.41-PM-3.jpg\",\"keywords\":[\"viajes de estudio\"],\"articleSection\":[\"Sistema\",\"VoCETYS\"],\"inLanguage\":\"es\",\"potentialAction\":[{\"@type\":\"CommentAction\",\"name\":\"Comment\",\"target\":[\"https:\\\/\\\/www.cetys.mx\\\/noticias\\\/alumnos-de-mba-de-cetys-universidad-fortalecen-su-formacion-con-visita-academica-a-panama\\\/#respond\"]}]},{\"@type\":\"WebPage\",\"@id\":\"https:\\\/\\\/www.cetys.mx\\\/noticias\\\/alumnos-de-mba-de-cetys-universidad-fortalecen-su-formacion-con-visita-academica-a-panama\\\/\",\"url\":\"https:\\\/\\\/www.cetys.mx\\\/noticias\\\/alumnos-de-mba-de-cetys-universidad-fortalecen-su-formacion-con-visita-academica-a-panama\\\/\",\"name\":\"Alumnos de MBA de CETYS Universidad fortalecen su formaci\u00f3n con visita acad\u00e9mica a Panam\u00e1 - CETYS\",\"isPartOf\":{\"@id\":\"https:\\\/\\\/www.cetys.mx\\\/noticias\\\/#website\"},\"primaryImageOfPage\":{\"@id\":\"https:\\\/\\\/www.cetys.mx\\\/noticias\\\/alumnos-de-mba-de-cetys-universidad-fortalecen-su-formacion-con-visita-academica-a-panama\\\/#primaryimage\"},\"image\":{\"@id\":\"https:\\\/\\\/www.cetys.mx\\\/noticias\\\/alumnos-de-mba-de-cetys-universidad-fortalecen-su-formacion-con-visita-academica-a-panama\\\/#primaryimage\"},\"thumbnailUrl\":\"https:\\\/\\\/www.cetys.mx\\\/noticias\\\/wp-content\\\/uploads\\\/2024\\\/11\\\/WhatsApp-Image-2024-10-31-at-12.51.41-PM-3.jpg\",\"datePublished\":\"2024-11-04T18:32:15+00:00\",\"dateModified\":\"2024-11-07T23:40:31+00:00\",\"author\":{\"@id\":\"https:\\\/\\\/www.cetys.mx\\\/noticias\\\/#\\\/schema\\\/person\\\/79a95c4ac185f3705cf1b9c9340a5f70\"},\"description\":\"Articulo sobre Alumnos de MBA de CETYS Universidad fortalecen su formaci\u00f3n con visita acad\u00e9mica a Panam\u00e1\",\"breadcrumb\":{\"@id\":\"https:\\\/\\\/www.cetys.mx\\\/noticias\\\/alumnos-de-mba-de-cetys-universidad-fortalecen-su-formacion-con-visita-academica-a-panama\\\/#breadcrumb\"},\"inLanguage\":\"es\",\"potentialAction\":[{\"@type\":\"ReadAction\",\"target\":[\"https:\\\/\\\/www.cetys.mx\\\/noticias\\\/alumnos-de-mba-de-cetys-universidad-fortalecen-su-formacion-con-visita-academica-a-panama\\\/\"]}]},{\"@type\":\"ImageObject\",\"inLanguage\":\"es\",\"@id\":\"https:\\\/\\\/www.cetys.mx\\\/noticias\\\/alumnos-de-mba-de-cetys-universidad-fortalecen-su-formacion-con-visita-academica-a-panama\\\/#primaryimage\",\"url\":\"https:\\\/\\\/www.cetys.mx\\\/noticias\\\/wp-content\\\/uploads\\\/2024\\\/11\\\/WhatsApp-Image-2024-10-31-at-12.51.41-PM-3.jpg\",\"contentUrl\":\"https:\\\/\\\/www.cetys.mx\\\/noticias\\\/wp-content\\\/uploads\\\/2024\\\/11\\\/WhatsApp-Image-2024-10-31-at-12.51.41-PM-3.jpg\",\"width\":958,\"height\":637},{\"@type\":\"BreadcrumbList\",\"@id\":\"https:\\\/\\\/www.cetys.mx\\\/noticias\\\/alumnos-de-mba-de-cetys-universidad-fortalecen-su-formacion-con-visita-academica-a-panama\\\/#breadcrumb\",\"itemListElement\":[{\"@type\":\"ListItem\",\"position\":1,\"name\":\"Inicio\",\"item\":\"https:\\\/\\\/www.cetys.mx\\\/noticias\\\/\"},{\"@type\":\"ListItem\",\"position\":2,\"name\":\"Alumnos de MBA de CETYS Universidad fortalecen su formaci\u00f3n con visita acad\u00e9mica a Panam\u00e1\"}]},{\"@type\":\"WebSite\",\"@id\":\"https:\\\/\\\/www.cetys.mx\\\/noticias\\\/#website\",\"url\":\"https:\\\/\\\/www.cetys.mx\\\/noticias\\\/\",\"name\":\"CETYS\",\"description\":\"\",\"potentialAction\":[{\"@type\":\"SearchAction\",\"target\":{\"@type\":\"EntryPoint\",\"urlTemplate\":\"https:\\\/\\\/www.cetys.mx\\\/noticias\\\/?s={search_term_string}\"},\"query-input\":{\"@type\":\"PropertyValueSpecification\",\"valueRequired\":true,\"valueName\":\"search_term_string\"}}],\"inLanguage\":\"es\"},{\"@type\":\"Person\",\"@id\":\"https:\\\/\\\/www.cetys.mx\\\/noticias\\\/#\\\/schema\\\/person\\\/79a95c4ac185f3705cf1b9c9340a5f70\",\"name\":\"Campus Mexicali\",\"url\":\"https:\\\/\\\/www.cetys.mx\\\/noticias\\\/author\\\/campusmexicali\\\/\"}]}<\/script>\n<!-- \/ Yoast SEO plugin. -->","yoast_head_json":{"title":"Alumnos de MBA de CETYS Universidad fortalecen su formaci\u00f3n con visita acad\u00e9mica a Panam\u00e1 - CETYS","description":"Articulo sobre Alumnos de MBA de CETYS Universidad fortalecen su formaci\u00f3n con visita acad\u00e9mica a Panam\u00e1","robots":{"index":"index","follow":"follow","max-snippet":"max-snippet:-1","max-image-preview":"max-image-preview:large","max-video-preview":"max-video-preview:-1"},"canonical":"https:\/\/www.cetys.mx\/noticias\/alumnos-de-mba-de-cetys-universidad-fortalecen-su-formacion-con-visita-academica-a-panama\/","og_locale":"es_MX","og_type":"article","og_title":"Alumnos de MBA de CETYS Universidad fortalecen su formaci\u00f3n con visita acad\u00e9mica a Panam\u00e1 - CETYS","og_description":"Articulo sobre Alumnos de MBA de CETYS Universidad fortalecen su formaci\u00f3n con visita acad\u00e9mica a Panam\u00e1","og_url":"https:\/\/www.cetys.mx\/noticias\/alumnos-de-mba-de-cetys-universidad-fortalecen-su-formacion-con-visita-academica-a-panama\/","og_site_name":"CETYS","article_publisher":"https:\/\/www.facebook.com\/cetysuniversidadmxl\/","article_published_time":"2024-11-04T18:32:15+00:00","article_modified_time":"2024-11-07T23:40:31+00:00","og_image":[{"width":958,"height":637,"url":"https:\/\/www.cetys.mx\/noticias\/wp-content\/uploads\/2024\/11\/WhatsApp-Image-2024-10-31-at-12.51.41-PM-3.jpg","type":"image\/jpeg"}],"author":"Campus Mexicali","twitter_card":"summary_large_image","twitter_creator":"@cetysuni","twitter_site":"@cetysuni","twitter_misc":{"Escrito por":"Campus Mexicali","Tiempo de lectura":"1 minuto"},"schema":{"@context":"https:\/\/schema.org","@graph":[{"@type":"Article","@id":"https:\/\/www.cetys.mx\/noticias\/alumnos-de-mba-de-cetys-universidad-fortalecen-su-formacion-con-visita-academica-a-panama\/#article","isPartOf":{"@id":"https:\/\/www.cetys.mx\/noticias\/alumnos-de-mba-de-cetys-universidad-fortalecen-su-formacion-con-visita-academica-a-panama\/"},"author":{"name":"Campus Mexicali","@id":"https:\/\/www.cetys.mx\/noticias\/#\/schema\/person\/79a95c4ac185f3705cf1b9c9340a5f70"},"headline":"Alumnos de MBA de CETYS Universidad fortalecen su formaci\u00f3n con visita acad\u00e9mica a Panam\u00e1","datePublished":"2024-11-04T18:32:15+00:00","dateModified":"2024-11-07T23:40:31+00:00","mainEntityOfPage":{"@id":"https:\/\/www.cetys.mx\/noticias\/alumnos-de-mba-de-cetys-universidad-fortalecen-su-formacion-con-visita-academica-a-panama\/"},"wordCount":228,"commentCount":0,"image":{"@id":"https:\/\/www.cetys.mx\/noticias\/alumnos-de-mba-de-cetys-universidad-fortalecen-su-formacion-con-visita-academica-a-panama\/#primaryimage"},"thumbnailUrl":"https:\/\/www.cetys.mx\/noticias\/wp-content\/uploads\/2024\/11\/WhatsApp-Image-2024-10-31-at-12.51.41-PM-3.jpg","keywords":["viajes de estudio"],"articleSection":["Sistema","VoCETYS"],"inLanguage":"es","potentialAction":[{"@type":"CommentAction","name":"Comment","target":["https:\/\/www.cetys.mx\/noticias\/alumnos-de-mba-de-cetys-universidad-fortalecen-su-formacion-con-visita-academica-a-panama\/#respond"]}]},{"@type":"WebPage","@id":"https:\/\/www.cetys.mx\/noticias\/alumnos-de-mba-de-cetys-universidad-fortalecen-su-formacion-con-visita-academica-a-panama\/","url":"https:\/\/www.cetys.mx\/noticias\/alumnos-de-mba-de-cetys-universidad-fortalecen-su-formacion-con-visita-academica-a-panama\/","name":"Alumnos de MBA de CETYS Universidad fortalecen su formaci\u00f3n con visita acad\u00e9mica a Panam\u00e1 - CETYS","isPartOf":{"@id":"https:\/\/www.cetys.mx\/noticias\/#website"},"primaryImageOfPage":{"@id":"https:\/\/www.cetys.mx\/noticias\/alumnos-de-mba-de-cetys-universidad-fortalecen-su-formacion-con-visita-academica-a-panama\/#primaryimage"},"image":{"@id":"https:\/\/www.cetys.mx\/noticias\/alumnos-de-mba-de-cetys-universidad-fortalecen-su-formacion-con-visita-academica-a-panama\/#primaryimage"},"thumbnailUrl":"https:\/\/www.cetys.mx\/noticias\/wp-content\/uploads\/2024\/11\/WhatsApp-Image-2024-10-31-at-12.51.41-PM-3.jpg","datePublished":"2024-11-04T18:32:15+00:00","dateModified":"2024-11-07T23:40:31+00:00","author":{"@id":"https:\/\/www.cetys.mx\/noticias\/#\/schema\/person\/79a95c4ac185f3705cf1b9c9340a5f70"},"description":"Articulo sobre Alumnos de MBA de CETYS Universidad fortalecen su formaci\u00f3n con visita acad\u00e9mica a Panam\u00e1","breadcrumb":{"@id":"https:\/\/www.cetys.mx\/noticias\/alumnos-de-mba-de-cetys-universidad-fortalecen-su-formacion-con-visita-academica-a-panama\/#breadcrumb"},"inLanguage":"es","potentialAction":[{"@type":"ReadAction","target":["https:\/\/www.cetys.mx\/noticias\/alumnos-de-mba-de-cetys-universidad-fortalecen-su-formacion-con-visita-academica-a-panama\/"]}]},{"@type":"ImageObject","inLanguage":"es","@id":"https:\/\/www.cetys.mx\/noticias\/alumnos-de-mba-de-cetys-universidad-fortalecen-su-formacion-con-visita-academica-a-panama\/#primaryimage","url":"https:\/\/www.cetys.mx\/noticias\/wp-content\/uploads\/2024\/11\/WhatsApp-Image-2024-10-31-at-12.51.41-PM-3.jpg","contentUrl":"https:\/\/www.cetys.mx\/noticias\/wp-content\/uploads\/2024\/11\/WhatsApp-Image-2024-10-31-at-12.51.41-PM-3.jpg","width":958,"height":637},{"@type":"BreadcrumbList","@id":"https:\/\/www.cetys.mx\/noticias\/alumnos-de-mba-de-cetys-universidad-fortalecen-su-formacion-con-visita-academica-a-panama\/#breadcrumb","itemListElement":[{"@type":"ListItem","position":1,"name":"Inicio","item":"https:\/\/www.cetys.mx\/noticias\/"},{"@type":"ListItem","position":2,"name":"Alumnos de MBA de CETYS Universidad fortalecen su formaci\u00f3n con visita acad\u00e9mica a Panam\u00e1"}]},{"@type":"WebSite","@id":"https:\/\/www.cetys.mx\/noticias\/#website","url":"https:\/\/www.cetys.mx\/noticias\/","name":"CETYS","description":"","potentialAction":[{"@type":"SearchAction","target":{"@type":"EntryPoint","urlTemplate":"https:\/\/www.cetys.mx\/noticias\/?s={search_term_string}"},"query-input":{"@type":"PropertyValueSpecification","valueRequired":true,"valueName":"search_term_string"}}],"inLanguage":"es"},{"@type":"Person","@id":"https:\/\/www.cetys.mx\/noticias\/#\/schema\/person\/79a95c4ac185f3705cf1b9c9340a5f70","name":"Campus Mexicali","url":"https:\/\/www.cetys.mx\/noticias\/author\/campusmexicali\/"}]}},"_links":{"self":[{"href":"https:\/\/www.cetys.mx\/noticias\/wp-json\/wp\/v2\/posts\/204592","targetHints":{"allow":["GET"]}}],"collection":[{"href":"https:\/\/www.cetys.mx\/noticias\/wp-json\/wp\/v2\/posts"}],"about":[{"href":"https:\/\/www.cetys.mx\/noticias\/wp-json\/wp\/v2\/types\/post"}],"author":[{"embeddable":true,"href":"https:\/\/www.cetys.mx\/noticias\/wp-json\/wp\/v2\/users\/20"}],"replies":[{"embeddable":true,"href":"https:\/\/www.cetys.mx\/noticias\/wp-json\/wp\/v2\/comments?post=204592"}],"version-history":[{"count":5,"href":"https:\/\/www.cetys.mx\/noticias\/wp-json\/wp\/v2\/posts\/204592\/revisions"}],"predecessor-version":[{"id":205002,"href":"https:\/\/www.cetys.mx\/noticias\/wp-json\/wp\/v2\/posts\/204592\/revisions\/205002"}],"wp:featuredmedia":[{"embeddable":true,"href":"https:\/\/www.cetys.mx\/noticias\/wp-json\/wp\/v2\/media\/204593"}],"wp:attachment":[{"href":"https:\/\/www.cetys.mx\/noticias\/wp-json\/wp\/v2\/media?parent=204592"}],"wp:term":[{"taxonomy":"category","embeddable":true,"href":"https:\/\/www.cetys.mx\/noticias\/wp-json\/wp\/v2\/categories?post=204592"},{"taxonomy":"post_tag","embeddable":true,"href":"https:\/\/www.cetys.mx\/noticias\/wp-json\/wp\/v2\/tags?post=204592"}],"curies":[{"name":"wp","href":"https:\/\/api.w.org\/{rel}","templated":true}]}}