{"id":203508,"date":"2024-10-24T16:49:19","date_gmt":"2024-10-24T23:49:19","guid":{"rendered":"https:\/\/www.cetys.mx\/noticias\/?p=203508"},"modified":"2024-10-24T16:50:46","modified_gmt":"2024-10-24T23:50:46","slug":"galeria-fortalecen-liderazgo-estudiantil-en-cetys-tijuana-219-alumnos-toman-protesta-en-grupos-estudiantiles","status":"publish","type":"post","link":"https:\/\/www.cetys.mx\/noticias\/galeria-fortalecen-liderazgo-estudiantil-en-cetys-tijuana-219-alumnos-toman-protesta-en-grupos-estudiantiles\/","title":{"rendered":"[Galer\u00eda] Fortalecen Liderazgo Estudiantil en CETYS Tijuana; 219 alumnos toman protesta en grupos estudiantiles"},"content":{"rendered":"<p><strong>CETYS Universidad<\/strong> contin\u00faa fomentando la formaci\u00f3n integral de sus estudiantes, enfoc\u00e1ndose en el desarrollo del liderazgo y la participaci\u00f3n activa dentro de la comunidad. Por ello, se llev\u00f3 a cabo la<strong> Ceremonia de Reconocimiento a las mesas directivas salientes de los Grupos Estudiantiles del campus Tijuana<\/strong>, as\u00ed como la Toma de Protesta de las nuevas mesas directivas que liderar\u00e1n durante el ciclo 2024-2025.<\/p>\n<p>Un total de 219 estudiantes asumieron oficialmente el reto de representar en 17 grupos estudiantiles que abarcan distintas \u00e1reas acad\u00e9micas, deportivas, tecnol\u00f3gicas y sociales. En la ceremonia, la <strong>Mtra. Yanina Rubio Bojorquez<\/strong>, <em>Directora de CETYS Universidad\u00a0 Campus Tijuan<\/em>a, exhort\u00f3 a los nuevos l\u00edderes a ejercer su rol con responsabilidad y compromiso.<\/p>\n<blockquote><p>&#8220;CETYS Universidad los est\u00e1 preparando para el ejercicio de una profesi\u00f3n, pero tambi\u00e9n quiere fomentar en ustedes la plena conciencia de cumplir con la misi\u00f3n de valorar su vida acad\u00e9mica y profesional&#8221;, mencion\u00f3 Rubio Bojorquez.<\/p><\/blockquote>\n\n            <style type='text\/css'>\n                #gallery-1 {\n                    margin: auto;\n                }\n                #gallery-1 .gallery-item {\n                    float: left;\n                    margin-top: 10px;\n                    text-align: center;\n                    width: 50%;\n                }\n                #gallery-1 img {\n                    border: 2px solid #cfcfcf;\n                }\n                #gallery-1 .gallery-caption {\n                    margin-left: 0;\n                }\n                \/* see gallery_shortcode() in wp-includes\/media.php *\/\n            <\/style>\n\t\t<div id='gallery-1' class='gallery galleryid-203508 gallery-columns-2 gallery-size-thumbnail'><dl class='gallery-item'>\n                <dt class='gallery-icon landscape'>\n                    <a href='https:\/\/www.cetys.mx\/noticias\/galeria-fortalecen-liderazgo-estudiantil-en-cetys-tijuana-219-alumnos-toman-protesta-en-grupos-estudiantiles\/yanina-rubio-en-toma-de-protesta-cetys-tijuana-lq\/'><img loading=\"lazy\" decoding=\"async\" width=\"128\" height=\"85\" src=\"https:\/\/www.cetys.mx\/noticias\/wp-content\/uploads\/2024\/10\/yanina-rubio-en-toma-de-protesta-cetys-tijuana-LQ.jpg\" class=\"attachment-thumbnail size-thumbnail\" alt=\"\" srcset=\"https:\/\/www.cetys.mx\/noticias\/wp-content\/uploads\/2024\/10\/yanina-rubio-en-toma-de-protesta-cetys-tijuana-LQ.jpg 958w, https:\/\/www.cetys.mx\/noticias\/wp-content\/uploads\/2024\/10\/yanina-rubio-en-toma-de-protesta-cetys-tijuana-LQ-768x511.jpg 768w\" sizes=\"auto, (max-width: 128px) 100vw, 128px\" \/><\/a>\n                <\/dt><\/dl><dl class='gallery-item'>\n                <dt class='gallery-icon landscape'>\n                    <a href='https:\/\/www.cetys.mx\/noticias\/galeria-fortalecen-liderazgo-estudiantil-en-cetys-tijuana-219-alumnos-toman-protesta-en-grupos-estudiantiles\/yanina-rubio-en-toma-de-protesta-cetys-tijuana\/'><img loading=\"lazy\" decoding=\"async\" width=\"128\" height=\"85\" src=\"https:\/\/www.cetys.mx\/noticias\/wp-content\/uploads\/2024\/10\/yanina-rubio-en-toma-de-protesta-cetys-tijuana.jpg\" class=\"attachment-thumbnail size-thumbnail\" alt=\"\" srcset=\"https:\/\/www.cetys.mx\/noticias\/wp-content\/uploads\/2024\/10\/yanina-rubio-en-toma-de-protesta-cetys-tijuana.jpg 958w, https:\/\/www.cetys.mx\/noticias\/wp-content\/uploads\/2024\/10\/yanina-rubio-en-toma-de-protesta-cetys-tijuana-768x511.jpg 768w\" sizes=\"auto, (max-width: 128px) 100vw, 128px\" \/><\/a>\n                <\/dt><\/dl><br style=\"clear: both\" \/>\n            <\/div>\n\n<h3>Nuevas Mesas Directivas para el Periodo 2024-2025<\/h3>\n<p>Durante el evento, se reconoci\u00f3 el trabajo arduo y el compromiso de las mesas directivas 2023-2024, quienes culminaron su gesti\u00f3n en junio pasado. Estos grupos dejaron un legado de proyectos y actividades que fortalecieron la vida acad\u00e9mica y estudiantil en <strong>CETYS<\/strong>. Ahora, una nueva generaci\u00f3n de l\u00edderes toma las riendas, con el objetivo de continuar y mejorar estas iniciativas.<\/p>\n<p>Los grupos que tomaron protesta son:\u00a0<strong>Sociedad de Alumnos CETYS<\/strong> de la Escuela Preparatoria (<strong>SAC<\/strong>), el <strong>Consejo Escuela de Derecho (CODEC<\/strong>), el<strong> Consejo de Estudiantes de Psicolog\u00eda (CONEPSI)<\/strong>, el <strong>Consejo de Integraci\u00f3n Estudiantil de Administraci\u00f3n y Negocios (CIEAN)<\/strong>, el <strong>Consejo Representativo de Ingenier\u00eda (CREI)<\/strong>,<strong> Quantum<\/strong>, la <strong>Sociedad de Rob\u00f3tica CETYS (SRC)<\/strong>, <strong>\u00cdndigo<\/strong>, la <strong>Society of Technology and Computer Knowledge (STACK),<\/strong> la <strong>Sociedad de Aerodise\u00f1o CADIS<\/strong>,<strong> CETYS For\u00e1neos<\/strong>, la S<strong>ociedad de Estudiantes Atletas (SEA)<\/strong>, el <strong>Colectivo FEMMES<\/strong>, y <strong>TerraVita.<\/strong> A estos se suman las mesas directivas de los reci\u00e9n conformados grupos <strong>CETYS Gaming E-Sports<\/strong>, <strong>IMEF Universitario<\/strong>, y <strong>ARTYS<\/strong>.<\/p>\n<div class=\"gallery-slider-wrapper gallery-2\">\n                        <div class=\"gallery-slider\" itemscope itemtype=\"http:\/\/schema.org\/ImageGallery\"><figure class=\"slide\" itemprop=\"associatedMedia\" itemscope itemtype=\"http:\/\/schema.org\/ImageObject\">\n                    <a itemprop=\"contentUrl\" href=\"https:\/\/www.cetys.mx\/noticias\/wp-content\/uploads\/2024\/10\/imef-discurso.jpg\">\n                        <img decoding=\"async\" itemprop=\"thumbnail\" class=\"lazyOwl\" src=\"https:\/\/www.cetys.mx\/noticias\/wp-content\/plugins\/jmagz-plugin\/assets\/placeholder\/900x450.png\" data-src=\"https:\/\/www.cetys.mx\/noticias\/wp-content\/uploads\/2024\/10\/imef-discurso.jpg\" alt=\"imef-discurso\">\n                    <\/a>\n                    <figcaption itemprop=\"caption description\" class=\"slide-caption\">\n                        \n                    <\/figcaption>\n                <\/figure><figure class=\"slide\" itemprop=\"associatedMedia\" itemscope itemtype=\"http:\/\/schema.org\/ImageObject\">\n                    <a itemprop=\"contentUrl\" href=\"https:\/\/www.cetys.mx\/noticias\/wp-content\/uploads\/2024\/10\/indigo-discurso.jpg\">\n                        <img decoding=\"async\" itemprop=\"thumbnail\" class=\"lazyOwl\" src=\"https:\/\/www.cetys.mx\/noticias\/wp-content\/plugins\/jmagz-plugin\/assets\/placeholder\/900x450.png\" data-src=\"https:\/\/www.cetys.mx\/noticias\/wp-content\/uploads\/2024\/10\/indigo-discurso.jpg\" alt=\"indigo-discurso\">\n                    <\/a>\n                    <figcaption itemprop=\"caption description\" class=\"slide-caption\">\n                        \n                    <\/figcaption>\n                <\/figure><figure class=\"slide\" itemprop=\"associatedMedia\" itemscope itemtype=\"http:\/\/schema.org\/ImageObject\">\n                    <a itemprop=\"contentUrl\" href=\"https:\/\/www.cetys.mx\/noticias\/wp-content\/uploads\/2024\/10\/ARTIS-discurso.jpg\">\n                        <img decoding=\"async\" itemprop=\"thumbnail\" class=\"lazyOwl\" src=\"https:\/\/www.cetys.mx\/noticias\/wp-content\/plugins\/jmagz-plugin\/assets\/placeholder\/900x450.png\" data-src=\"https:\/\/www.cetys.mx\/noticias\/wp-content\/uploads\/2024\/10\/ARTIS-discurso.jpg\" alt=\"ARTIS-discurso\">\n                    <\/a>\n                    <figcaption itemprop=\"caption description\" class=\"slide-caption\">\n                        \n                    <\/figcaption>\n                <\/figure><figure class=\"slide\" itemprop=\"associatedMedia\" itemscope itemtype=\"http:\/\/schema.org\/ImageObject\">\n                    <a itemprop=\"contentUrl\" href=\"https:\/\/www.cetys.mx\/noticias\/wp-content\/uploads\/2024\/10\/CADIS-discurso.jpg\">\n                        <img decoding=\"async\" itemprop=\"thumbnail\" class=\"lazyOwl\" src=\"https:\/\/www.cetys.mx\/noticias\/wp-content\/plugins\/jmagz-plugin\/assets\/placeholder\/900x450.png\" data-src=\"https:\/\/www.cetys.mx\/noticias\/wp-content\/uploads\/2024\/10\/CADIS-discurso.jpg\" alt=\"CADIS-discurso\">\n                    <\/a>\n                    <figcaption itemprop=\"caption description\" class=\"slide-caption\">\n                        \n                    <\/figcaption>\n                <\/figure><figure class=\"slide\" itemprop=\"associatedMedia\" itemscope itemtype=\"http:\/\/schema.org\/ImageObject\">\n                    <a itemprop=\"contentUrl\" href=\"https:\/\/www.cetys.mx\/noticias\/wp-content\/uploads\/2024\/10\/cetys-foraneos-discurso.jpg\">\n                        <img decoding=\"async\" itemprop=\"thumbnail\" class=\"lazyOwl\" src=\"https:\/\/www.cetys.mx\/noticias\/wp-content\/plugins\/jmagz-plugin\/assets\/placeholder\/900x450.png\" data-src=\"https:\/\/www.cetys.mx\/noticias\/wp-content\/uploads\/2024\/10\/cetys-foraneos-discurso.jpg\" alt=\"cetys-foraneos-discurso\">\n                    <\/a>\n                    <figcaption itemprop=\"caption description\" class=\"slide-caption\">\n                        \n                    <\/figcaption>\n                <\/figure><figure class=\"slide\" itemprop=\"associatedMedia\" itemscope itemtype=\"http:\/\/schema.org\/ImageObject\">\n                    <a itemprop=\"contentUrl\" href=\"https:\/\/www.cetys.mx\/noticias\/wp-content\/uploads\/2024\/10\/CIEAN-discurso.jpg\">\n                        <img decoding=\"async\" itemprop=\"thumbnail\" class=\"lazyOwl\" src=\"https:\/\/www.cetys.mx\/noticias\/wp-content\/plugins\/jmagz-plugin\/assets\/placeholder\/900x450.png\" data-src=\"https:\/\/www.cetys.mx\/noticias\/wp-content\/uploads\/2024\/10\/CIEAN-discurso.jpg\" alt=\"CIEAN-discurso\">\n                    <\/a>\n                    <figcaption itemprop=\"caption description\" class=\"slide-caption\">\n                        \n                    <\/figcaption>\n                <\/figure><figure class=\"slide\" itemprop=\"associatedMedia\" itemscope itemtype=\"http:\/\/schema.org\/ImageObject\">\n                    <a itemprop=\"contentUrl\" href=\"https:\/\/www.cetys.mx\/noticias\/wp-content\/uploads\/2024\/10\/CODEC-DIscurso.jpg\">\n                        <img decoding=\"async\" itemprop=\"thumbnail\" class=\"lazyOwl\" src=\"https:\/\/www.cetys.mx\/noticias\/wp-content\/plugins\/jmagz-plugin\/assets\/placeholder\/900x450.png\" data-src=\"https:\/\/www.cetys.mx\/noticias\/wp-content\/uploads\/2024\/10\/CODEC-DIscurso.jpg\" alt=\"CODEC-DIscurso\">\n                    <\/a>\n                    <figcaption itemprop=\"caption description\" class=\"slide-caption\">\n                        \n                    <\/figcaption>\n                <\/figure><figure class=\"slide\" itemprop=\"associatedMedia\" itemscope itemtype=\"http:\/\/schema.org\/ImageObject\">\n                    <a itemprop=\"contentUrl\" href=\"https:\/\/www.cetys.mx\/noticias\/wp-content\/uploads\/2024\/10\/Discurso-Esports.jpg\">\n                        <img decoding=\"async\" itemprop=\"thumbnail\" class=\"lazyOwl\" src=\"https:\/\/www.cetys.mx\/noticias\/wp-content\/plugins\/jmagz-plugin\/assets\/placeholder\/900x450.png\" data-src=\"https:\/\/www.cetys.mx\/noticias\/wp-content\/uploads\/2024\/10\/Discurso-Esports.jpg\" alt=\"Discurso-Esports\">\n                    <\/a>\n                    <figcaption itemprop=\"caption description\" class=\"slide-caption\">\n                        \n                    <\/figcaption>\n                <\/figure><figure class=\"slide\" itemprop=\"associatedMedia\" itemscope itemtype=\"http:\/\/schema.org\/ImageObject\">\n                    <a itemprop=\"contentUrl\" href=\"https:\/\/www.cetys.mx\/noticias\/wp-content\/uploads\/2024\/10\/CREI-Discurso.jpg\">\n                        <img decoding=\"async\" itemprop=\"thumbnail\" class=\"lazyOwl\" src=\"https:\/\/www.cetys.mx\/noticias\/wp-content\/plugins\/jmagz-plugin\/assets\/placeholder\/900x450.png\" data-src=\"https:\/\/www.cetys.mx\/noticias\/wp-content\/uploads\/2024\/10\/CREI-Discurso.jpg\" alt=\"CREI-Discurso\">\n                    <\/a>\n                    <figcaption itemprop=\"caption description\" class=\"slide-caption\">\n                        \n                    <\/figcaption>\n                <\/figure><figure class=\"slide\" itemprop=\"associatedMedia\" itemscope itemtype=\"http:\/\/schema.org\/ImageObject\">\n                    <a itemprop=\"contentUrl\" href=\"https:\/\/www.cetys.mx\/noticias\/wp-content\/uploads\/2024\/10\/conepsi-discurso.jpg\">\n                        <img decoding=\"async\" itemprop=\"thumbnail\" class=\"lazyOwl\" src=\"https:\/\/www.cetys.mx\/noticias\/wp-content\/plugins\/jmagz-plugin\/assets\/placeholder\/900x450.png\" data-src=\"https:\/\/www.cetys.mx\/noticias\/wp-content\/uploads\/2024\/10\/conepsi-discurso.jpg\" alt=\"conepsi-discurso\">\n                    <\/a>\n                    <figcaption itemprop=\"caption description\" class=\"slide-caption\">\n                        \n                    <\/figcaption>\n                <\/figure><figure class=\"slide\" itemprop=\"associatedMedia\" itemscope itemtype=\"http:\/\/schema.org\/ImageObject\">\n                    <a itemprop=\"contentUrl\" href=\"https:\/\/www.cetys.mx\/noticias\/wp-content\/uploads\/2024\/10\/colectivo-femmes-discurso.jpg\">\n                        <img decoding=\"async\" itemprop=\"thumbnail\" class=\"lazyOwl\" src=\"https:\/\/www.cetys.mx\/noticias\/wp-content\/plugins\/jmagz-plugin\/assets\/placeholder\/900x450.png\" data-src=\"https:\/\/www.cetys.mx\/noticias\/wp-content\/uploads\/2024\/10\/colectivo-femmes-discurso.jpg\" alt=\"colectivo-femmes-discurso\">\n                    <\/a>\n                    <figcaption itemprop=\"caption description\" class=\"slide-caption\">\n                        \n                    <\/figcaption>\n                <\/figure><figure class=\"slide\" itemprop=\"associatedMedia\" itemscope itemtype=\"http:\/\/schema.org\/ImageObject\">\n                    <a itemprop=\"contentUrl\" href=\"https:\/\/www.cetys.mx\/noticias\/wp-content\/uploads\/2024\/10\/quantum-discurso.jpg\">\n                        <img decoding=\"async\" itemprop=\"thumbnail\" class=\"lazyOwl\" src=\"https:\/\/www.cetys.mx\/noticias\/wp-content\/plugins\/jmagz-plugin\/assets\/placeholder\/900x450.png\" data-src=\"https:\/\/www.cetys.mx\/noticias\/wp-content\/uploads\/2024\/10\/quantum-discurso.jpg\" alt=\"quantum-discurso\">\n                    <\/a>\n                    <figcaption itemprop=\"caption description\" class=\"slide-caption\">\n                        \n                    <\/figcaption>\n                <\/figure><figure class=\"slide\" itemprop=\"associatedMedia\" itemscope itemtype=\"http:\/\/schema.org\/ImageObject\">\n                    <a itemprop=\"contentUrl\" href=\"https:\/\/www.cetys.mx\/noticias\/wp-content\/uploads\/2024\/10\/SAC-prepa-discurso.jpg\">\n                        <img decoding=\"async\" itemprop=\"thumbnail\" class=\"lazyOwl\" src=\"https:\/\/www.cetys.mx\/noticias\/wp-content\/plugins\/jmagz-plugin\/assets\/placeholder\/900x450.png\" data-src=\"https:\/\/www.cetys.mx\/noticias\/wp-content\/uploads\/2024\/10\/SAC-prepa-discurso.jpg\" alt=\"SAC-prepa-discurso\">\n                    <\/a>\n                    <figcaption itemprop=\"caption description\" class=\"slide-caption\">\n                        \n                    <\/figcaption>\n                <\/figure><figure class=\"slide\" itemprop=\"associatedMedia\" itemscope itemtype=\"http:\/\/schema.org\/ImageObject\">\n                    <a itemprop=\"contentUrl\" href=\"https:\/\/www.cetys.mx\/noticias\/wp-content\/uploads\/2024\/10\/SRC-Discurso.jpg\">\n                        <img decoding=\"async\" itemprop=\"thumbnail\" class=\"lazyOwl\" src=\"https:\/\/www.cetys.mx\/noticias\/wp-content\/plugins\/jmagz-plugin\/assets\/placeholder\/900x450.png\" data-src=\"https:\/\/www.cetys.mx\/noticias\/wp-content\/uploads\/2024\/10\/SRC-Discurso.jpg\" alt=\"SRC-Discurso\">\n                    <\/a>\n                    <figcaption itemprop=\"caption description\" class=\"slide-caption\">\n                        \n                    <\/figcaption>\n                <\/figure><figure class=\"slide\" itemprop=\"associatedMedia\" itemscope itemtype=\"http:\/\/schema.org\/ImageObject\">\n                    <a itemprop=\"contentUrl\" href=\"https:\/\/www.cetys.mx\/noticias\/wp-content\/uploads\/2024\/10\/stack-discurso.jpg\">\n                        <img decoding=\"async\" itemprop=\"thumbnail\" class=\"lazyOwl\" src=\"https:\/\/www.cetys.mx\/noticias\/wp-content\/plugins\/jmagz-plugin\/assets\/placeholder\/900x450.png\" data-src=\"https:\/\/www.cetys.mx\/noticias\/wp-content\/uploads\/2024\/10\/stack-discurso.jpg\" alt=\"stack-discurso\">\n                    <\/a>\n                    <figcaption itemprop=\"caption description\" class=\"slide-caption\">\n                        \n                    <\/figcaption>\n                <\/figure><\/div>\n                <div class=\"gallery-slider-thumbnail-wrapper\">\n                    <div class=\"gallery-slider-thumbnail\"><div class=\"slide-thumbnail\"><img decoding=\"async\" class=\"lazyOwl\" src=\"https:\/\/www.cetys.mx\/noticias\/wp-content\/plugins\/jmagz-plugin\/assets\/placeholder\/150x75.png\" data-src=\"https:\/\/www.cetys.mx\/noticias\/wp-content\/uploads\/2024\/10\/imef-discurso.jpg\" alt=\"imef-discurso\"><\/div><div class=\"slide-thumbnail\"><img decoding=\"async\" class=\"lazyOwl\" src=\"https:\/\/www.cetys.mx\/noticias\/wp-content\/plugins\/jmagz-plugin\/assets\/placeholder\/150x75.png\" data-src=\"https:\/\/www.cetys.mx\/noticias\/wp-content\/uploads\/2024\/10\/indigo-discurso.jpg\" alt=\"indigo-discurso\"><\/div><div class=\"slide-thumbnail\"><img decoding=\"async\" class=\"lazyOwl\" src=\"https:\/\/www.cetys.mx\/noticias\/wp-content\/plugins\/jmagz-plugin\/assets\/placeholder\/150x75.png\" data-src=\"https:\/\/www.cetys.mx\/noticias\/wp-content\/uploads\/2024\/10\/ARTIS-discurso.jpg\" alt=\"ARTIS-discurso\"><\/div><div class=\"slide-thumbnail\"><img decoding=\"async\" class=\"lazyOwl\" src=\"https:\/\/www.cetys.mx\/noticias\/wp-content\/plugins\/jmagz-plugin\/assets\/placeholder\/150x75.png\" data-src=\"https:\/\/www.cetys.mx\/noticias\/wp-content\/uploads\/2024\/10\/CADIS-discurso.jpg\" alt=\"CADIS-discurso\"><\/div><div class=\"slide-thumbnail\"><img decoding=\"async\" class=\"lazyOwl\" src=\"https:\/\/www.cetys.mx\/noticias\/wp-content\/plugins\/jmagz-plugin\/assets\/placeholder\/150x75.png\" data-src=\"https:\/\/www.cetys.mx\/noticias\/wp-content\/uploads\/2024\/10\/cetys-foraneos-discurso.jpg\" alt=\"cetys-foraneos-discurso\"><\/div><div class=\"slide-thumbnail\"><img decoding=\"async\" class=\"lazyOwl\" src=\"https:\/\/www.cetys.mx\/noticias\/wp-content\/plugins\/jmagz-plugin\/assets\/placeholder\/150x75.png\" data-src=\"https:\/\/www.cetys.mx\/noticias\/wp-content\/uploads\/2024\/10\/CIEAN-discurso.jpg\" alt=\"CIEAN-discurso\"><\/div><div class=\"slide-thumbnail\"><img decoding=\"async\" class=\"lazyOwl\" src=\"https:\/\/www.cetys.mx\/noticias\/wp-content\/plugins\/jmagz-plugin\/assets\/placeholder\/150x75.png\" data-src=\"https:\/\/www.cetys.mx\/noticias\/wp-content\/uploads\/2024\/10\/CODEC-DIscurso.jpg\" alt=\"CODEC-DIscurso\"><\/div><div class=\"slide-thumbnail\"><img decoding=\"async\" class=\"lazyOwl\" src=\"https:\/\/www.cetys.mx\/noticias\/wp-content\/plugins\/jmagz-plugin\/assets\/placeholder\/150x75.png\" data-src=\"https:\/\/www.cetys.mx\/noticias\/wp-content\/uploads\/2024\/10\/Discurso-Esports.jpg\" alt=\"Discurso-Esports\"><\/div><div class=\"slide-thumbnail\"><img decoding=\"async\" class=\"lazyOwl\" src=\"https:\/\/www.cetys.mx\/noticias\/wp-content\/plugins\/jmagz-plugin\/assets\/placeholder\/150x75.png\" data-src=\"https:\/\/www.cetys.mx\/noticias\/wp-content\/uploads\/2024\/10\/CREI-Discurso.jpg\" alt=\"CREI-Discurso\"><\/div><div class=\"slide-thumbnail\"><img decoding=\"async\" class=\"lazyOwl\" src=\"https:\/\/www.cetys.mx\/noticias\/wp-content\/plugins\/jmagz-plugin\/assets\/placeholder\/150x75.png\" data-src=\"https:\/\/www.cetys.mx\/noticias\/wp-content\/uploads\/2024\/10\/conepsi-discurso.jpg\" alt=\"conepsi-discurso\"><\/div><div class=\"slide-thumbnail\"><img decoding=\"async\" class=\"lazyOwl\" src=\"https:\/\/www.cetys.mx\/noticias\/wp-content\/plugins\/jmagz-plugin\/assets\/placeholder\/150x75.png\" data-src=\"https:\/\/www.cetys.mx\/noticias\/wp-content\/uploads\/2024\/10\/colectivo-femmes-discurso.jpg\" alt=\"colectivo-femmes-discurso\"><\/div><div class=\"slide-thumbnail\"><img decoding=\"async\" class=\"lazyOwl\" src=\"https:\/\/www.cetys.mx\/noticias\/wp-content\/plugins\/jmagz-plugin\/assets\/placeholder\/150x75.png\" data-src=\"https:\/\/www.cetys.mx\/noticias\/wp-content\/uploads\/2024\/10\/quantum-discurso.jpg\" alt=\"quantum-discurso\"><\/div><div class=\"slide-thumbnail\"><img decoding=\"async\" class=\"lazyOwl\" src=\"https:\/\/www.cetys.mx\/noticias\/wp-content\/plugins\/jmagz-plugin\/assets\/placeholder\/150x75.png\" data-src=\"https:\/\/www.cetys.mx\/noticias\/wp-content\/uploads\/2024\/10\/SAC-prepa-discurso.jpg\" alt=\"SAC-prepa-discurso\"><\/div><div class=\"slide-thumbnail\"><img decoding=\"async\" class=\"lazyOwl\" src=\"https:\/\/www.cetys.mx\/noticias\/wp-content\/plugins\/jmagz-plugin\/assets\/placeholder\/150x75.png\" data-src=\"https:\/\/www.cetys.mx\/noticias\/wp-content\/uploads\/2024\/10\/SRC-Discurso.jpg\" alt=\"SRC-Discurso\"><\/div><div class=\"slide-thumbnail\"><img decoding=\"async\" class=\"lazyOwl\" src=\"https:\/\/www.cetys.mx\/noticias\/wp-content\/plugins\/jmagz-plugin\/assets\/placeholder\/150x75.png\" data-src=\"https:\/\/www.cetys.mx\/noticias\/wp-content\/uploads\/2024\/10\/stack-discurso.jpg\" alt=\"stack-discurso\"><\/div><\/div><\/div><\/div>\n<h3>El Liderazgo Estudiantil como Pilar del Desarrollo<\/h3>\n<p>Uno de los pilares fundamentales de<strong> CETYS Universidad<\/strong> es el desarrollo de l\u00edderes proactivos, capaces de gestionar proyectos y organizar eventos en beneficio de la comunidad. Los 219 estudiantes que ahora representan a sus compa\u00f1eros asumen la responsabilidad de seguir promoviendo una cultura de participaci\u00f3n, innovaci\u00f3n y responsabilidad social en cada una de sus respectivas escuelas.<\/p>\n<p>A lo largo del ciclo 2024-2025, estos l\u00edderes estar\u00e1n a cargo de actividades y eventos que no solo fortalecer\u00e1n la vida acad\u00e9mica y estudiantil, sino que tambi\u00e9n contribuir\u00e1n al desarrollo de competencias clave como la organizaci\u00f3n, el trabajo en equipo y la gesti\u00f3n de recursos. \u201cEl liderazgo estudiantil es una experiencia que trasciende el aula, preparando a nuestros alumnos para enfrentar los retos del mundo real con habilidades que los distinguen\u201d, a\u00f1adi\u00f3 Rubio Bojorquez.<\/p>\n<h3>Compromiso con el Futuro<\/h3>\n<p>La ceremonia de toma de protesta marc\u00f3 el inicio de un nuevo ciclo lleno de retos y oportunidades para los grupos estudiantiles. Las nuevas mesas directivas se enfrentan al desaf\u00edo de continuar el legado dejado por sus predecesores, al tiempo que buscan innovar y crear nuevas oportunidades para sus compa\u00f1eros.<\/p>\n<p>Con la toma de protesta de estos 17 grupos, CETYS Universidad reafirma su compromiso de ofrecer un espacio donde el liderazgo, la responsabilidad social y la formaci\u00f3n integral se conviertan en parte esencial del desarrollo profesional de sus estudiantes.<\/p>\n<p>Estos son los grupos estudiantiles:<\/p>\n<div class=\"gallery-slider-wrapper gallery-3\">\n                        <div class=\"gallery-slider\" itemscope itemtype=\"http:\/\/schema.org\/ImageGallery\"><figure class=\"slide\" itemprop=\"associatedMedia\" itemscope itemtype=\"http:\/\/schema.org\/ImageObject\">\n                    <a itemprop=\"contentUrl\" href=\"https:\/\/www.cetys.mx\/noticias\/wp-content\/uploads\/2024\/10\/grupo-estudiantil-ARTIS-CETYS-Tijuana.jpg\">\n                        <img decoding=\"async\" itemprop=\"thumbnail\" class=\"lazyOwl\" src=\"https:\/\/www.cetys.mx\/noticias\/wp-content\/plugins\/jmagz-plugin\/assets\/placeholder\/900x450.png\" data-src=\"https:\/\/www.cetys.mx\/noticias\/wp-content\/uploads\/2024\/10\/grupo-estudiantil-ARTIS-CETYS-Tijuana.jpg\" alt=\"grupo-estudiantil-ARTIS-CETYS-Tijuana\">\n                    <\/a>\n                    <figcaption itemprop=\"caption description\" class=\"slide-caption\">\n                        \n                    <\/figcaption>\n                <\/figure><figure class=\"slide\" itemprop=\"associatedMedia\" itemscope itemtype=\"http:\/\/schema.org\/ImageObject\">\n                    <a itemprop=\"contentUrl\" href=\"https:\/\/www.cetys.mx\/noticias\/wp-content\/uploads\/2024\/10\/grupo-estudiantil-CADIS-CETYS-Tijuana.jpg\">\n                        <img decoding=\"async\" itemprop=\"thumbnail\" class=\"lazyOwl\" src=\"https:\/\/www.cetys.mx\/noticias\/wp-content\/plugins\/jmagz-plugin\/assets\/placeholder\/900x450.png\" data-src=\"https:\/\/www.cetys.mx\/noticias\/wp-content\/uploads\/2024\/10\/grupo-estudiantil-CADIS-CETYS-Tijuana.jpg\" alt=\"grupo-estudiantil-CADIS-CETYS-Tijuana\">\n                    <\/a>\n                    <figcaption itemprop=\"caption description\" class=\"slide-caption\">\n                        \n                    <\/figcaption>\n                <\/figure><figure class=\"slide\" itemprop=\"associatedMedia\" itemscope itemtype=\"http:\/\/schema.org\/ImageObject\">\n                    <a itemprop=\"contentUrl\" href=\"https:\/\/www.cetys.mx\/noticias\/wp-content\/uploads\/2024\/10\/grupo-estudiantil-CETYS-Foraneos-2024.jpg\">\n                        <img decoding=\"async\" itemprop=\"thumbnail\" class=\"lazyOwl\" src=\"https:\/\/www.cetys.mx\/noticias\/wp-content\/plugins\/jmagz-plugin\/assets\/placeholder\/900x450.png\" data-src=\"https:\/\/www.cetys.mx\/noticias\/wp-content\/uploads\/2024\/10\/grupo-estudiantil-CETYS-Foraneos-2024.jpg\" alt=\"grupo-estudiantil-CETYS-Foraneos-2024\">\n                    <\/a>\n                    <figcaption itemprop=\"caption description\" class=\"slide-caption\">\n                        \n                    <\/figcaption>\n                <\/figure><figure class=\"slide\" itemprop=\"associatedMedia\" itemscope itemtype=\"http:\/\/schema.org\/ImageObject\">\n                    <a itemprop=\"contentUrl\" href=\"https:\/\/www.cetys.mx\/noticias\/wp-content\/uploads\/2024\/10\/grupo-estudiantil-CIEAN-CETYS-Tijuana.jpg\">\n                        <img decoding=\"async\" itemprop=\"thumbnail\" class=\"lazyOwl\" src=\"https:\/\/www.cetys.mx\/noticias\/wp-content\/plugins\/jmagz-plugin\/assets\/placeholder\/900x450.png\" data-src=\"https:\/\/www.cetys.mx\/noticias\/wp-content\/uploads\/2024\/10\/grupo-estudiantil-CIEAN-CETYS-Tijuana.jpg\" alt=\"grupo-estudiantil-CIEAN-CETYS-Tijuana\">\n                    <\/a>\n                    <figcaption itemprop=\"caption description\" class=\"slide-caption\">\n                        \n                    <\/figcaption>\n                <\/figure><figure class=\"slide\" itemprop=\"associatedMedia\" itemscope itemtype=\"http:\/\/schema.org\/ImageObject\">\n                    <a itemprop=\"contentUrl\" href=\"https:\/\/www.cetys.mx\/noticias\/wp-content\/uploads\/2024\/10\/grupo-estudiantil-CODEC-CETYS-Tijuana.jpg\">\n                        <img decoding=\"async\" itemprop=\"thumbnail\" class=\"lazyOwl\" src=\"https:\/\/www.cetys.mx\/noticias\/wp-content\/plugins\/jmagz-plugin\/assets\/placeholder\/900x450.png\" data-src=\"https:\/\/www.cetys.mx\/noticias\/wp-content\/uploads\/2024\/10\/grupo-estudiantil-CODEC-CETYS-Tijuana.jpg\" alt=\"grupo-estudiantil-CODEC-CETYS-Tijuana\">\n                    <\/a>\n                    <figcaption itemprop=\"caption description\" class=\"slide-caption\">\n                        \n                    <\/figcaption>\n                <\/figure><figure class=\"slide\" itemprop=\"associatedMedia\" itemscope itemtype=\"http:\/\/schema.org\/ImageObject\">\n                    <a itemprop=\"contentUrl\" href=\"https:\/\/www.cetys.mx\/noticias\/wp-content\/uploads\/2024\/10\/grupo-estudiantil-CONEPSI-CETYS-Tijuana.jpg\">\n                        <img decoding=\"async\" itemprop=\"thumbnail\" class=\"lazyOwl\" src=\"https:\/\/www.cetys.mx\/noticias\/wp-content\/plugins\/jmagz-plugin\/assets\/placeholder\/900x450.png\" data-src=\"https:\/\/www.cetys.mx\/noticias\/wp-content\/uploads\/2024\/10\/grupo-estudiantil-CONEPSI-CETYS-Tijuana.jpg\" alt=\"grupo-estudiantil-CONEPSI-CETYS-Tijuana\">\n                    <\/a>\n                    <figcaption itemprop=\"caption description\" class=\"slide-caption\">\n                        \n                    <\/figcaption>\n                <\/figure><figure class=\"slide\" itemprop=\"associatedMedia\" itemscope itemtype=\"http:\/\/schema.org\/ImageObject\">\n                    <a itemprop=\"contentUrl\" href=\"https:\/\/www.cetys.mx\/noticias\/wp-content\/uploads\/2024\/10\/grupo-estudiantil-CREI-CETYS-TIJUANA.jpg\">\n                        <img decoding=\"async\" itemprop=\"thumbnail\" class=\"lazyOwl\" src=\"https:\/\/www.cetys.mx\/noticias\/wp-content\/plugins\/jmagz-plugin\/assets\/placeholder\/900x450.png\" data-src=\"https:\/\/www.cetys.mx\/noticias\/wp-content\/uploads\/2024\/10\/grupo-estudiantil-CREI-CETYS-TIJUANA.jpg\" alt=\"grupo-estudiantil-CREI-CETYS-TIJUANA\">\n                    <\/a>\n                    <figcaption itemprop=\"caption description\" class=\"slide-caption\">\n                        \n                    <\/figcaption>\n                <\/figure><figure class=\"slide\" itemprop=\"associatedMedia\" itemscope itemtype=\"http:\/\/schema.org\/ImageObject\">\n                    <a itemprop=\"contentUrl\" href=\"https:\/\/www.cetys.mx\/noticias\/wp-content\/uploads\/2024\/10\/grupo-estudiantil-FEMMES-CETYS-Tijuana.jpg\">\n                        <img decoding=\"async\" itemprop=\"thumbnail\" class=\"lazyOwl\" src=\"https:\/\/www.cetys.mx\/noticias\/wp-content\/plugins\/jmagz-plugin\/assets\/placeholder\/900x450.png\" data-src=\"https:\/\/www.cetys.mx\/noticias\/wp-content\/uploads\/2024\/10\/grupo-estudiantil-FEMMES-CETYS-Tijuana.jpg\" alt=\"grupo-estudiantil-FEMMES-CETYS-Tijuana\">\n                    <\/a>\n                    <figcaption itemprop=\"caption description\" class=\"slide-caption\">\n                        \n                    <\/figcaption>\n                <\/figure><figure class=\"slide\" itemprop=\"associatedMedia\" itemscope itemtype=\"http:\/\/schema.org\/ImageObject\">\n                    <a itemprop=\"contentUrl\" href=\"https:\/\/www.cetys.mx\/noticias\/wp-content\/uploads\/2024\/10\/grupo-estudiantil-IMEF-Universitario-CETYS-Tijuana.jpg\">\n                        <img decoding=\"async\" itemprop=\"thumbnail\" class=\"lazyOwl\" src=\"https:\/\/www.cetys.mx\/noticias\/wp-content\/plugins\/jmagz-plugin\/assets\/placeholder\/900x450.png\" data-src=\"https:\/\/www.cetys.mx\/noticias\/wp-content\/uploads\/2024\/10\/grupo-estudiantil-IMEF-Universitario-CETYS-Tijuana.jpg\" alt=\"grupo-estudiantil-IMEF-Universitario-CETYS-Tijuana\">\n                    <\/a>\n                    <figcaption itemprop=\"caption description\" class=\"slide-caption\">\n                        \n                    <\/figcaption>\n                <\/figure><figure class=\"slide\" itemprop=\"associatedMedia\" itemscope itemtype=\"http:\/\/schema.org\/ImageObject\">\n                    <a itemprop=\"contentUrl\" href=\"https:\/\/www.cetys.mx\/noticias\/wp-content\/uploads\/2024\/10\/grupo-estudiantil-INDIGO-CETYS-TIjuana.jpg\">\n                        <img decoding=\"async\" itemprop=\"thumbnail\" class=\"lazyOwl\" src=\"https:\/\/www.cetys.mx\/noticias\/wp-content\/plugins\/jmagz-plugin\/assets\/placeholder\/900x450.png\" data-src=\"https:\/\/www.cetys.mx\/noticias\/wp-content\/uploads\/2024\/10\/grupo-estudiantil-INDIGO-CETYS-TIjuana.jpg\" alt=\"grupo-estudiantil-INDIGO-CETYS-TIjuana\">\n                    <\/a>\n                    <figcaption itemprop=\"caption description\" class=\"slide-caption\">\n                        \n                    <\/figcaption>\n                <\/figure><figure class=\"slide\" itemprop=\"associatedMedia\" itemscope itemtype=\"http:\/\/schema.org\/ImageObject\">\n                    <a itemprop=\"contentUrl\" href=\"https:\/\/www.cetys.mx\/noticias\/wp-content\/uploads\/2024\/10\/grupo-estudiantil-QUANTUM-CETYS-Tijuana.jpg\">\n                        <img decoding=\"async\" itemprop=\"thumbnail\" class=\"lazyOwl\" src=\"https:\/\/www.cetys.mx\/noticias\/wp-content\/plugins\/jmagz-plugin\/assets\/placeholder\/900x450.png\" data-src=\"https:\/\/www.cetys.mx\/noticias\/wp-content\/uploads\/2024\/10\/grupo-estudiantil-QUANTUM-CETYS-Tijuana.jpg\" alt=\"grupo-estudiantil-QUANTUM-CETYS-Tijuana\">\n                    <\/a>\n                    <figcaption itemprop=\"caption description\" class=\"slide-caption\">\n                        \n                    <\/figcaption>\n                <\/figure><figure class=\"slide\" itemprop=\"associatedMedia\" itemscope itemtype=\"http:\/\/schema.org\/ImageObject\">\n                    <a itemprop=\"contentUrl\" href=\"https:\/\/www.cetys.mx\/noticias\/wp-content\/uploads\/2024\/10\/grupo-estudiantil-SAC-CETYS-Tijuana-2024.jpg\">\n                        <img decoding=\"async\" itemprop=\"thumbnail\" class=\"lazyOwl\" src=\"https:\/\/www.cetys.mx\/noticias\/wp-content\/plugins\/jmagz-plugin\/assets\/placeholder\/900x450.png\" data-src=\"https:\/\/www.cetys.mx\/noticias\/wp-content\/uploads\/2024\/10\/grupo-estudiantil-SAC-CETYS-Tijuana-2024.jpg\" alt=\"grupo-estudiantil-SAC-CETYS-Tijuana-2024\">\n                    <\/a>\n                    <figcaption itemprop=\"caption description\" class=\"slide-caption\">\n                        \n                    <\/figcaption>\n                <\/figure><figure class=\"slide\" itemprop=\"associatedMedia\" itemscope itemtype=\"http:\/\/schema.org\/ImageObject\">\n                    <a itemprop=\"contentUrl\" href=\"https:\/\/www.cetys.mx\/noticias\/wp-content\/uploads\/2024\/10\/grupo-estudiantil-STACK-CETYS-Tijuana.jpg\">\n                        <img decoding=\"async\" itemprop=\"thumbnail\" class=\"lazyOwl\" src=\"https:\/\/www.cetys.mx\/noticias\/wp-content\/plugins\/jmagz-plugin\/assets\/placeholder\/900x450.png\" data-src=\"https:\/\/www.cetys.mx\/noticias\/wp-content\/uploads\/2024\/10\/grupo-estudiantil-STACK-CETYS-Tijuana.jpg\" alt=\"grupo-estudiantil-STACK-CETYS-Tijuana\">\n                    <\/a>\n                    <figcaption itemprop=\"caption description\" class=\"slide-caption\">\n                        \n                    <\/figcaption>\n                <\/figure><figure class=\"slide\" itemprop=\"associatedMedia\" itemscope itemtype=\"http:\/\/schema.org\/ImageObject\">\n                    <a itemprop=\"contentUrl\" href=\"https:\/\/www.cetys.mx\/noticias\/wp-content\/uploads\/2024\/10\/grupo-estudiantil-TERRAVITA-CETYS-Tijuana-2024.jpg\">\n                        <img decoding=\"async\" itemprop=\"thumbnail\" class=\"lazyOwl\" src=\"https:\/\/www.cetys.mx\/noticias\/wp-content\/plugins\/jmagz-plugin\/assets\/placeholder\/900x450.png\" data-src=\"https:\/\/www.cetys.mx\/noticias\/wp-content\/uploads\/2024\/10\/grupo-estudiantil-TERRAVITA-CETYS-Tijuana-2024.jpg\" alt=\"grupo-estudiantil-TERRAVITA-CETYS-Tijuana-2024\">\n                    <\/a>\n                    <figcaption itemprop=\"caption description\" class=\"slide-caption\">\n                        \n                    <\/figcaption>\n                <\/figure><figure class=\"slide\" itemprop=\"associatedMedia\" itemscope itemtype=\"http:\/\/schema.org\/ImageObject\">\n                    <a itemprop=\"contentUrl\" href=\"https:\/\/www.cetys.mx\/noticias\/wp-content\/uploads\/2024\/10\/Sociedad-de-Estudiantes-Atletas-CETYS-Tijuana.jpg\">\n                        <img decoding=\"async\" itemprop=\"thumbnail\" class=\"lazyOwl\" src=\"https:\/\/www.cetys.mx\/noticias\/wp-content\/plugins\/jmagz-plugin\/assets\/placeholder\/900x450.png\" data-src=\"https:\/\/www.cetys.mx\/noticias\/wp-content\/uploads\/2024\/10\/Sociedad-de-Estudiantes-Atletas-CETYS-Tijuana.jpg\" alt=\"Sociedad-de-Estudiantes-Atletas-CETYS-Tijuana\">\n                    <\/a>\n                    <figcaption itemprop=\"caption description\" class=\"slide-caption\">\n                        \n                    <\/figcaption>\n                <\/figure><figure class=\"slide\" itemprop=\"associatedMedia\" itemscope itemtype=\"http:\/\/schema.org\/ImageObject\">\n                    <a itemprop=\"contentUrl\" href=\"https:\/\/www.cetys.mx\/noticias\/wp-content\/uploads\/2024\/10\/Sociedad-de-Robotica-CETYS-Tijuana.jpg\">\n                        <img decoding=\"async\" itemprop=\"thumbnail\" class=\"lazyOwl\" src=\"https:\/\/www.cetys.mx\/noticias\/wp-content\/plugins\/jmagz-plugin\/assets\/placeholder\/900x450.png\" data-src=\"https:\/\/www.cetys.mx\/noticias\/wp-content\/uploads\/2024\/10\/Sociedad-de-Robotica-CETYS-Tijuana.jpg\" alt=\"Sociedad-de-Robotica-CETYS-Tijuana\">\n                    <\/a>\n                    <figcaption itemprop=\"caption description\" class=\"slide-caption\">\n                        \n                    <\/figcaption>\n                <\/figure><\/div>\n                <div class=\"gallery-slider-thumbnail-wrapper\">\n                    <div class=\"gallery-slider-thumbnail\"><div class=\"slide-thumbnail\"><img decoding=\"async\" class=\"lazyOwl\" src=\"https:\/\/www.cetys.mx\/noticias\/wp-content\/plugins\/jmagz-plugin\/assets\/placeholder\/150x75.png\" data-src=\"https:\/\/www.cetys.mx\/noticias\/wp-content\/uploads\/2024\/10\/grupo-estudiantil-ARTIS-CETYS-Tijuana.jpg\" alt=\"grupo-estudiantil-ARTIS-CETYS-Tijuana\"><\/div><div class=\"slide-thumbnail\"><img decoding=\"async\" class=\"lazyOwl\" src=\"https:\/\/www.cetys.mx\/noticias\/wp-content\/plugins\/jmagz-plugin\/assets\/placeholder\/150x75.png\" data-src=\"https:\/\/www.cetys.mx\/noticias\/wp-content\/uploads\/2024\/10\/grupo-estudiantil-CADIS-CETYS-Tijuana.jpg\" alt=\"grupo-estudiantil-CADIS-CETYS-Tijuana\"><\/div><div class=\"slide-thumbnail\"><img decoding=\"async\" class=\"lazyOwl\" src=\"https:\/\/www.cetys.mx\/noticias\/wp-content\/plugins\/jmagz-plugin\/assets\/placeholder\/150x75.png\" data-src=\"https:\/\/www.cetys.mx\/noticias\/wp-content\/uploads\/2024\/10\/grupo-estudiantil-CETYS-Foraneos-2024.jpg\" alt=\"grupo-estudiantil-CETYS-Foraneos-2024\"><\/div><div class=\"slide-thumbnail\"><img decoding=\"async\" class=\"lazyOwl\" src=\"https:\/\/www.cetys.mx\/noticias\/wp-content\/plugins\/jmagz-plugin\/assets\/placeholder\/150x75.png\" data-src=\"https:\/\/www.cetys.mx\/noticias\/wp-content\/uploads\/2024\/10\/grupo-estudiantil-CIEAN-CETYS-Tijuana.jpg\" alt=\"grupo-estudiantil-CIEAN-CETYS-Tijuana\"><\/div><div class=\"slide-thumbnail\"><img decoding=\"async\" class=\"lazyOwl\" src=\"https:\/\/www.cetys.mx\/noticias\/wp-content\/plugins\/jmagz-plugin\/assets\/placeholder\/150x75.png\" data-src=\"https:\/\/www.cetys.mx\/noticias\/wp-content\/uploads\/2024\/10\/grupo-estudiantil-CODEC-CETYS-Tijuana.jpg\" alt=\"grupo-estudiantil-CODEC-CETYS-Tijuana\"><\/div><div class=\"slide-thumbnail\"><img decoding=\"async\" class=\"lazyOwl\" src=\"https:\/\/www.cetys.mx\/noticias\/wp-content\/plugins\/jmagz-plugin\/assets\/placeholder\/150x75.png\" data-src=\"https:\/\/www.cetys.mx\/noticias\/wp-content\/uploads\/2024\/10\/grupo-estudiantil-CONEPSI-CETYS-Tijuana.jpg\" alt=\"grupo-estudiantil-CONEPSI-CETYS-Tijuana\"><\/div><div class=\"slide-thumbnail\"><img decoding=\"async\" class=\"lazyOwl\" src=\"https:\/\/www.cetys.mx\/noticias\/wp-content\/plugins\/jmagz-plugin\/assets\/placeholder\/150x75.png\" data-src=\"https:\/\/www.cetys.mx\/noticias\/wp-content\/uploads\/2024\/10\/grupo-estudiantil-CREI-CETYS-TIJUANA.jpg\" alt=\"grupo-estudiantil-CREI-CETYS-TIJUANA\"><\/div><div class=\"slide-thumbnail\"><img decoding=\"async\" class=\"lazyOwl\" src=\"https:\/\/www.cetys.mx\/noticias\/wp-content\/plugins\/jmagz-plugin\/assets\/placeholder\/150x75.png\" data-src=\"https:\/\/www.cetys.mx\/noticias\/wp-content\/uploads\/2024\/10\/grupo-estudiantil-FEMMES-CETYS-Tijuana.jpg\" alt=\"grupo-estudiantil-FEMMES-CETYS-Tijuana\"><\/div><div class=\"slide-thumbnail\"><img decoding=\"async\" class=\"lazyOwl\" src=\"https:\/\/www.cetys.mx\/noticias\/wp-content\/plugins\/jmagz-plugin\/assets\/placeholder\/150x75.png\" data-src=\"https:\/\/www.cetys.mx\/noticias\/wp-content\/uploads\/2024\/10\/grupo-estudiantil-IMEF-Universitario-CETYS-Tijuana.jpg\" alt=\"grupo-estudiantil-IMEF-Universitario-CETYS-Tijuana\"><\/div><div class=\"slide-thumbnail\"><img decoding=\"async\" class=\"lazyOwl\" src=\"https:\/\/www.cetys.mx\/noticias\/wp-content\/plugins\/jmagz-plugin\/assets\/placeholder\/150x75.png\" data-src=\"https:\/\/www.cetys.mx\/noticias\/wp-content\/uploads\/2024\/10\/grupo-estudiantil-INDIGO-CETYS-TIjuana.jpg\" alt=\"grupo-estudiantil-INDIGO-CETYS-TIjuana\"><\/div><div class=\"slide-thumbnail\"><img decoding=\"async\" class=\"lazyOwl\" src=\"https:\/\/www.cetys.mx\/noticias\/wp-content\/plugins\/jmagz-plugin\/assets\/placeholder\/150x75.png\" data-src=\"https:\/\/www.cetys.mx\/noticias\/wp-content\/uploads\/2024\/10\/grupo-estudiantil-QUANTUM-CETYS-Tijuana.jpg\" alt=\"grupo-estudiantil-QUANTUM-CETYS-Tijuana\"><\/div><div class=\"slide-thumbnail\"><img decoding=\"async\" class=\"lazyOwl\" src=\"https:\/\/www.cetys.mx\/noticias\/wp-content\/plugins\/jmagz-plugin\/assets\/placeholder\/150x75.png\" data-src=\"https:\/\/www.cetys.mx\/noticias\/wp-content\/uploads\/2024\/10\/grupo-estudiantil-SAC-CETYS-Tijuana-2024.jpg\" alt=\"grupo-estudiantil-SAC-CETYS-Tijuana-2024\"><\/div><div class=\"slide-thumbnail\"><img decoding=\"async\" class=\"lazyOwl\" src=\"https:\/\/www.cetys.mx\/noticias\/wp-content\/plugins\/jmagz-plugin\/assets\/placeholder\/150x75.png\" data-src=\"https:\/\/www.cetys.mx\/noticias\/wp-content\/uploads\/2024\/10\/grupo-estudiantil-STACK-CETYS-Tijuana.jpg\" alt=\"grupo-estudiantil-STACK-CETYS-Tijuana\"><\/div><div class=\"slide-thumbnail\"><img decoding=\"async\" class=\"lazyOwl\" src=\"https:\/\/www.cetys.mx\/noticias\/wp-content\/plugins\/jmagz-plugin\/assets\/placeholder\/150x75.png\" data-src=\"https:\/\/www.cetys.mx\/noticias\/wp-content\/uploads\/2024\/10\/grupo-estudiantil-TERRAVITA-CETYS-Tijuana-2024.jpg\" alt=\"grupo-estudiantil-TERRAVITA-CETYS-Tijuana-2024\"><\/div><div class=\"slide-thumbnail\"><img decoding=\"async\" class=\"lazyOwl\" src=\"https:\/\/www.cetys.mx\/noticias\/wp-content\/plugins\/jmagz-plugin\/assets\/placeholder\/150x75.png\" data-src=\"https:\/\/www.cetys.mx\/noticias\/wp-content\/uploads\/2024\/10\/Sociedad-de-Estudiantes-Atletas-CETYS-Tijuana.jpg\" alt=\"Sociedad-de-Estudiantes-Atletas-CETYS-Tijuana\"><\/div><div class=\"slide-thumbnail\"><img decoding=\"async\" class=\"lazyOwl\" src=\"https:\/\/www.cetys.mx\/noticias\/wp-content\/plugins\/jmagz-plugin\/assets\/placeholder\/150x75.png\" data-src=\"https:\/\/www.cetys.mx\/noticias\/wp-content\/uploads\/2024\/10\/Sociedad-de-Robotica-CETYS-Tijuana.jpg\" alt=\"Sociedad-de-Robotica-CETYS-Tijuana\"><\/div><\/div><\/div><\/div>\n<p>&nbsp;<\/p>\n<p>&nbsp;<\/p>\n<p>&nbsp;<\/p>\n","protected":false},"excerpt":{"rendered":"<p>CETYS Universidad contin\u00faa fomentando la formaci\u00f3n integral de sus estudiantes, enfoc\u00e1ndose en el desarrollo del liderazgo y la participaci\u00f3n activa dentro de&#8230;<\/p>\n","protected":false},"author":24,"featured_media":203542,"comment_status":"open","ping_status":"closed","sticky":false,"template":"","format":"standard","meta":{"footnotes":""},"categories":[134,143,125,313],"tags":[297,721],"class_list":["post-203508","post","type-post","status-publish","format-standard","has-post-thumbnail","hentry","category-campus-tijuana","category-galeria","category-portada","category-vocetys-2","tag-campus-tijuana","tag-vida-estudiantil"],"yoast_head":"<!-- This site is optimized with the Yoast SEO plugin v27.4 - https:\/\/yoast.com\/product\/yoast-seo-wordpress\/ -->\n<title>[Galer\u00eda] Fortalecen Liderazgo Estudiantil en CETYS Tijuana; 219 alumnos toman protesta en grupos estudiantiles - CETYS<\/title>\n<meta name=\"description\" content=\"Articulo sobre [Galer\u00eda] Fortalecen Liderazgo Estudiantil en CETYS Tijuana; 219 alumnos toman protesta en grupos estudiantiles\" \/>\n<meta name=\"robots\" content=\"index, follow, max-snippet:-1, max-image-preview:large, max-video-preview:-1\" \/>\n<link rel=\"canonical\" href=\"https:\/\/www.cetys.mx\/noticias\/galeria-fortalecen-liderazgo-estudiantil-en-cetys-tijuana-219-alumnos-toman-protesta-en-grupos-estudiantiles\/\" \/>\n<meta property=\"og:locale\" content=\"es_MX\" \/>\n<meta property=\"og:type\" content=\"article\" \/>\n<meta property=\"og:title\" content=\"[Galer\u00eda] Fortalecen Liderazgo Estudiantil en CETYS Tijuana; 219 alumnos toman protesta en grupos estudiantiles - CETYS\" \/>\n<meta property=\"og:description\" content=\"Articulo sobre [Galer\u00eda] Fortalecen Liderazgo Estudiantil en CETYS Tijuana; 219 alumnos toman protesta en grupos estudiantiles\" \/>\n<meta property=\"og:url\" content=\"https:\/\/www.cetys.mx\/noticias\/galeria-fortalecen-liderazgo-estudiantil-en-cetys-tijuana-219-alumnos-toman-protesta-en-grupos-estudiantiles\/\" \/>\n<meta property=\"og:site_name\" content=\"CETYS\" \/>\n<meta property=\"article:publisher\" content=\"https:\/\/www.facebook.com\/cetysuniversidadmxl\/\" \/>\n<meta property=\"article:published_time\" content=\"2024-10-24T23:49:19+00:00\" \/>\n<meta property=\"article:modified_time\" content=\"2024-10-24T23:50:46+00:00\" \/>\n<meta property=\"og:image\" content=\"https:\/\/www.cetys.mx\/noticias\/wp-content\/uploads\/2024\/10\/toma-de-protesta-grupos-estudiantiles-cetys-tijuana-2024.jpg\" \/>\n\t<meta property=\"og:image:width\" content=\"958\" \/>\n\t<meta property=\"og:image:height\" content=\"534\" \/>\n\t<meta property=\"og:image:type\" content=\"image\/jpeg\" \/>\n<meta name=\"author\" content=\"Campus Tijuana\" \/>\n<meta name=\"twitter:card\" content=\"summary_large_image\" \/>\n<meta name=\"twitter:creator\" content=\"@cetysuni\" \/>\n<meta name=\"twitter:site\" content=\"@cetysuni\" \/>\n<meta name=\"twitter:label1\" content=\"Escrito por\" \/>\n\t<meta name=\"twitter:data1\" content=\"Campus Tijuana\" \/>\n\t<meta name=\"twitter:label2\" content=\"Tiempo de lectura\" \/>\n\t<meta name=\"twitter:data2\" content=\"3 minutos\" \/>\n<script type=\"application\/ld+json\" class=\"yoast-schema-graph\">{\"@context\":\"https:\\\/\\\/schema.org\",\"@graph\":[{\"@type\":\"Article\",\"@id\":\"https:\\\/\\\/www.cetys.mx\\\/noticias\\\/galeria-fortalecen-liderazgo-estudiantil-en-cetys-tijuana-219-alumnos-toman-protesta-en-grupos-estudiantiles\\\/#article\",\"isPartOf\":{\"@id\":\"https:\\\/\\\/www.cetys.mx\\\/noticias\\\/galeria-fortalecen-liderazgo-estudiantil-en-cetys-tijuana-219-alumnos-toman-protesta-en-grupos-estudiantiles\\\/\"},\"author\":{\"name\":\"Campus Tijuana\",\"@id\":\"https:\\\/\\\/www.cetys.mx\\\/noticias\\\/#\\\/schema\\\/person\\\/e790051ce60e18ae47cfa87011c8653f\"},\"headline\":\"[Galer\u00eda] Fortalecen Liderazgo Estudiantil en CETYS Tijuana; 219 alumnos toman protesta en grupos estudiantiles\",\"datePublished\":\"2024-10-24T23:49:19+00:00\",\"dateModified\":\"2024-10-24T23:50:46+00:00\",\"mainEntityOfPage\":{\"@id\":\"https:\\\/\\\/www.cetys.mx\\\/noticias\\\/galeria-fortalecen-liderazgo-estudiantil-en-cetys-tijuana-219-alumnos-toman-protesta-en-grupos-estudiantiles\\\/\"},\"wordCount\":614,\"commentCount\":0,\"image\":{\"@id\":\"https:\\\/\\\/www.cetys.mx\\\/noticias\\\/galeria-fortalecen-liderazgo-estudiantil-en-cetys-tijuana-219-alumnos-toman-protesta-en-grupos-estudiantiles\\\/#primaryimage\"},\"thumbnailUrl\":\"https:\\\/\\\/www.cetys.mx\\\/noticias\\\/wp-content\\\/uploads\\\/2024\\\/10\\\/toma-de-protesta-grupos-estudiantiles-cetys-tijuana-2024.jpg\",\"keywords\":[\"Campus Tijuana\",\"Vida Estudiantil\"],\"articleSection\":[\"Campus Tijuana\",\"Galer\u00eda\",\"Portada\",\"VoCETYS\"],\"inLanguage\":\"es\",\"potentialAction\":[{\"@type\":\"CommentAction\",\"name\":\"Comment\",\"target\":[\"https:\\\/\\\/www.cetys.mx\\\/noticias\\\/galeria-fortalecen-liderazgo-estudiantil-en-cetys-tijuana-219-alumnos-toman-protesta-en-grupos-estudiantiles\\\/#respond\"]}]},{\"@type\":\"WebPage\",\"@id\":\"https:\\\/\\\/www.cetys.mx\\\/noticias\\\/galeria-fortalecen-liderazgo-estudiantil-en-cetys-tijuana-219-alumnos-toman-protesta-en-grupos-estudiantiles\\\/\",\"url\":\"https:\\\/\\\/www.cetys.mx\\\/noticias\\\/galeria-fortalecen-liderazgo-estudiantil-en-cetys-tijuana-219-alumnos-toman-protesta-en-grupos-estudiantiles\\\/\",\"name\":\"[Galer\u00eda] Fortalecen Liderazgo Estudiantil en CETYS Tijuana; 219 alumnos toman protesta en grupos estudiantiles - CETYS\",\"isPartOf\":{\"@id\":\"https:\\\/\\\/www.cetys.mx\\\/noticias\\\/#website\"},\"primaryImageOfPage\":{\"@id\":\"https:\\\/\\\/www.cetys.mx\\\/noticias\\\/galeria-fortalecen-liderazgo-estudiantil-en-cetys-tijuana-219-alumnos-toman-protesta-en-grupos-estudiantiles\\\/#primaryimage\"},\"image\":{\"@id\":\"https:\\\/\\\/www.cetys.mx\\\/noticias\\\/galeria-fortalecen-liderazgo-estudiantil-en-cetys-tijuana-219-alumnos-toman-protesta-en-grupos-estudiantiles\\\/#primaryimage\"},\"thumbnailUrl\":\"https:\\\/\\\/www.cetys.mx\\\/noticias\\\/wp-content\\\/uploads\\\/2024\\\/10\\\/toma-de-protesta-grupos-estudiantiles-cetys-tijuana-2024.jpg\",\"datePublished\":\"2024-10-24T23:49:19+00:00\",\"dateModified\":\"2024-10-24T23:50:46+00:00\",\"author\":{\"@id\":\"https:\\\/\\\/www.cetys.mx\\\/noticias\\\/#\\\/schema\\\/person\\\/e790051ce60e18ae47cfa87011c8653f\"},\"description\":\"Articulo sobre [Galer\u00eda] Fortalecen Liderazgo Estudiantil en CETYS Tijuana; 219 alumnos toman protesta en grupos estudiantiles\",\"breadcrumb\":{\"@id\":\"https:\\\/\\\/www.cetys.mx\\\/noticias\\\/galeria-fortalecen-liderazgo-estudiantil-en-cetys-tijuana-219-alumnos-toman-protesta-en-grupos-estudiantiles\\\/#breadcrumb\"},\"inLanguage\":\"es\",\"potentialAction\":[{\"@type\":\"ReadAction\",\"target\":[\"https:\\\/\\\/www.cetys.mx\\\/noticias\\\/galeria-fortalecen-liderazgo-estudiantil-en-cetys-tijuana-219-alumnos-toman-protesta-en-grupos-estudiantiles\\\/\"]}]},{\"@type\":\"ImageObject\",\"inLanguage\":\"es\",\"@id\":\"https:\\\/\\\/www.cetys.mx\\\/noticias\\\/galeria-fortalecen-liderazgo-estudiantil-en-cetys-tijuana-219-alumnos-toman-protesta-en-grupos-estudiantiles\\\/#primaryimage\",\"url\":\"https:\\\/\\\/www.cetys.mx\\\/noticias\\\/wp-content\\\/uploads\\\/2024\\\/10\\\/toma-de-protesta-grupos-estudiantiles-cetys-tijuana-2024.jpg\",\"contentUrl\":\"https:\\\/\\\/www.cetys.mx\\\/noticias\\\/wp-content\\\/uploads\\\/2024\\\/10\\\/toma-de-protesta-grupos-estudiantiles-cetys-tijuana-2024.jpg\",\"width\":958,\"height\":534},{\"@type\":\"BreadcrumbList\",\"@id\":\"https:\\\/\\\/www.cetys.mx\\\/noticias\\\/galeria-fortalecen-liderazgo-estudiantil-en-cetys-tijuana-219-alumnos-toman-protesta-en-grupos-estudiantiles\\\/#breadcrumb\",\"itemListElement\":[{\"@type\":\"ListItem\",\"position\":1,\"name\":\"Inicio\",\"item\":\"https:\\\/\\\/www.cetys.mx\\\/noticias\\\/\"},{\"@type\":\"ListItem\",\"position\":2,\"name\":\"[Galer\u00eda] Fortalecen Liderazgo Estudiantil en CETYS Tijuana; 219 alumnos toman protesta en grupos estudiantiles\"}]},{\"@type\":\"WebSite\",\"@id\":\"https:\\\/\\\/www.cetys.mx\\\/noticias\\\/#website\",\"url\":\"https:\\\/\\\/www.cetys.mx\\\/noticias\\\/\",\"name\":\"CETYS\",\"description\":\"\",\"potentialAction\":[{\"@type\":\"SearchAction\",\"target\":{\"@type\":\"EntryPoint\",\"urlTemplate\":\"https:\\\/\\\/www.cetys.mx\\\/noticias\\\/?s={search_term_string}\"},\"query-input\":{\"@type\":\"PropertyValueSpecification\",\"valueRequired\":true,\"valueName\":\"search_term_string\"}}],\"inLanguage\":\"es\"},{\"@type\":\"Person\",\"@id\":\"https:\\\/\\\/www.cetys.mx\\\/noticias\\\/#\\\/schema\\\/person\\\/e790051ce60e18ae47cfa87011c8653f\",\"name\":\"Campus Tijuana\",\"url\":\"https:\\\/\\\/www.cetys.mx\\\/noticias\\\/author\\\/campustijuana\\\/\"}]}<\/script>\n<!-- \/ Yoast SEO plugin. -->","yoast_head_json":{"title":"[Galer\u00eda] Fortalecen Liderazgo Estudiantil en CETYS Tijuana; 219 alumnos toman protesta en grupos estudiantiles - CETYS","description":"Articulo sobre [Galer\u00eda] Fortalecen Liderazgo Estudiantil en CETYS Tijuana; 219 alumnos toman protesta en grupos estudiantiles","robots":{"index":"index","follow":"follow","max-snippet":"max-snippet:-1","max-image-preview":"max-image-preview:large","max-video-preview":"max-video-preview:-1"},"canonical":"https:\/\/www.cetys.mx\/noticias\/galeria-fortalecen-liderazgo-estudiantil-en-cetys-tijuana-219-alumnos-toman-protesta-en-grupos-estudiantiles\/","og_locale":"es_MX","og_type":"article","og_title":"[Galer\u00eda] Fortalecen Liderazgo Estudiantil en CETYS Tijuana; 219 alumnos toman protesta en grupos estudiantiles - CETYS","og_description":"Articulo sobre [Galer\u00eda] Fortalecen Liderazgo Estudiantil en CETYS Tijuana; 219 alumnos toman protesta en grupos estudiantiles","og_url":"https:\/\/www.cetys.mx\/noticias\/galeria-fortalecen-liderazgo-estudiantil-en-cetys-tijuana-219-alumnos-toman-protesta-en-grupos-estudiantiles\/","og_site_name":"CETYS","article_publisher":"https:\/\/www.facebook.com\/cetysuniversidadmxl\/","article_published_time":"2024-10-24T23:49:19+00:00","article_modified_time":"2024-10-24T23:50:46+00:00","og_image":[{"width":958,"height":534,"url":"https:\/\/www.cetys.mx\/noticias\/wp-content\/uploads\/2024\/10\/toma-de-protesta-grupos-estudiantiles-cetys-tijuana-2024.jpg","type":"image\/jpeg"}],"author":"Campus Tijuana","twitter_card":"summary_large_image","twitter_creator":"@cetysuni","twitter_site":"@cetysuni","twitter_misc":{"Escrito por":"Campus Tijuana","Tiempo de lectura":"3 minutos"},"schema":{"@context":"https:\/\/schema.org","@graph":[{"@type":"Article","@id":"https:\/\/www.cetys.mx\/noticias\/galeria-fortalecen-liderazgo-estudiantil-en-cetys-tijuana-219-alumnos-toman-protesta-en-grupos-estudiantiles\/#article","isPartOf":{"@id":"https:\/\/www.cetys.mx\/noticias\/galeria-fortalecen-liderazgo-estudiantil-en-cetys-tijuana-219-alumnos-toman-protesta-en-grupos-estudiantiles\/"},"author":{"name":"Campus Tijuana","@id":"https:\/\/www.cetys.mx\/noticias\/#\/schema\/person\/e790051ce60e18ae47cfa87011c8653f"},"headline":"[Galer\u00eda] Fortalecen Liderazgo Estudiantil en CETYS Tijuana; 219 alumnos toman protesta en grupos estudiantiles","datePublished":"2024-10-24T23:49:19+00:00","dateModified":"2024-10-24T23:50:46+00:00","mainEntityOfPage":{"@id":"https:\/\/www.cetys.mx\/noticias\/galeria-fortalecen-liderazgo-estudiantil-en-cetys-tijuana-219-alumnos-toman-protesta-en-grupos-estudiantiles\/"},"wordCount":614,"commentCount":0,"image":{"@id":"https:\/\/www.cetys.mx\/noticias\/galeria-fortalecen-liderazgo-estudiantil-en-cetys-tijuana-219-alumnos-toman-protesta-en-grupos-estudiantiles\/#primaryimage"},"thumbnailUrl":"https:\/\/www.cetys.mx\/noticias\/wp-content\/uploads\/2024\/10\/toma-de-protesta-grupos-estudiantiles-cetys-tijuana-2024.jpg","keywords":["Campus Tijuana","Vida Estudiantil"],"articleSection":["Campus Tijuana","Galer\u00eda","Portada","VoCETYS"],"inLanguage":"es","potentialAction":[{"@type":"CommentAction","name":"Comment","target":["https:\/\/www.cetys.mx\/noticias\/galeria-fortalecen-liderazgo-estudiantil-en-cetys-tijuana-219-alumnos-toman-protesta-en-grupos-estudiantiles\/#respond"]}]},{"@type":"WebPage","@id":"https:\/\/www.cetys.mx\/noticias\/galeria-fortalecen-liderazgo-estudiantil-en-cetys-tijuana-219-alumnos-toman-protesta-en-grupos-estudiantiles\/","url":"https:\/\/www.cetys.mx\/noticias\/galeria-fortalecen-liderazgo-estudiantil-en-cetys-tijuana-219-alumnos-toman-protesta-en-grupos-estudiantiles\/","name":"[Galer\u00eda] Fortalecen Liderazgo Estudiantil en CETYS Tijuana; 219 alumnos toman protesta en grupos estudiantiles - CETYS","isPartOf":{"@id":"https:\/\/www.cetys.mx\/noticias\/#website"},"primaryImageOfPage":{"@id":"https:\/\/www.cetys.mx\/noticias\/galeria-fortalecen-liderazgo-estudiantil-en-cetys-tijuana-219-alumnos-toman-protesta-en-grupos-estudiantiles\/#primaryimage"},"image":{"@id":"https:\/\/www.cetys.mx\/noticias\/galeria-fortalecen-liderazgo-estudiantil-en-cetys-tijuana-219-alumnos-toman-protesta-en-grupos-estudiantiles\/#primaryimage"},"thumbnailUrl":"https:\/\/www.cetys.mx\/noticias\/wp-content\/uploads\/2024\/10\/toma-de-protesta-grupos-estudiantiles-cetys-tijuana-2024.jpg","datePublished":"2024-10-24T23:49:19+00:00","dateModified":"2024-10-24T23:50:46+00:00","author":{"@id":"https:\/\/www.cetys.mx\/noticias\/#\/schema\/person\/e790051ce60e18ae47cfa87011c8653f"},"description":"Articulo sobre [Galer\u00eda] Fortalecen Liderazgo Estudiantil en CETYS Tijuana; 219 alumnos toman protesta en grupos estudiantiles","breadcrumb":{"@id":"https:\/\/www.cetys.mx\/noticias\/galeria-fortalecen-liderazgo-estudiantil-en-cetys-tijuana-219-alumnos-toman-protesta-en-grupos-estudiantiles\/#breadcrumb"},"inLanguage":"es","potentialAction":[{"@type":"ReadAction","target":["https:\/\/www.cetys.mx\/noticias\/galeria-fortalecen-liderazgo-estudiantil-en-cetys-tijuana-219-alumnos-toman-protesta-en-grupos-estudiantiles\/"]}]},{"@type":"ImageObject","inLanguage":"es","@id":"https:\/\/www.cetys.mx\/noticias\/galeria-fortalecen-liderazgo-estudiantil-en-cetys-tijuana-219-alumnos-toman-protesta-en-grupos-estudiantiles\/#primaryimage","url":"https:\/\/www.cetys.mx\/noticias\/wp-content\/uploads\/2024\/10\/toma-de-protesta-grupos-estudiantiles-cetys-tijuana-2024.jpg","contentUrl":"https:\/\/www.cetys.mx\/noticias\/wp-content\/uploads\/2024\/10\/toma-de-protesta-grupos-estudiantiles-cetys-tijuana-2024.jpg","width":958,"height":534},{"@type":"BreadcrumbList","@id":"https:\/\/www.cetys.mx\/noticias\/galeria-fortalecen-liderazgo-estudiantil-en-cetys-tijuana-219-alumnos-toman-protesta-en-grupos-estudiantiles\/#breadcrumb","itemListElement":[{"@type":"ListItem","position":1,"name":"Inicio","item":"https:\/\/www.cetys.mx\/noticias\/"},{"@type":"ListItem","position":2,"name":"[Galer\u00eda] Fortalecen Liderazgo Estudiantil en CETYS Tijuana; 219 alumnos toman protesta en grupos estudiantiles"}]},{"@type":"WebSite","@id":"https:\/\/www.cetys.mx\/noticias\/#website","url":"https:\/\/www.cetys.mx\/noticias\/","name":"CETYS","description":"","potentialAction":[{"@type":"SearchAction","target":{"@type":"EntryPoint","urlTemplate":"https:\/\/www.cetys.mx\/noticias\/?s={search_term_string}"},"query-input":{"@type":"PropertyValueSpecification","valueRequired":true,"valueName":"search_term_string"}}],"inLanguage":"es"},{"@type":"Person","@id":"https:\/\/www.cetys.mx\/noticias\/#\/schema\/person\/e790051ce60e18ae47cfa87011c8653f","name":"Campus Tijuana","url":"https:\/\/www.cetys.mx\/noticias\/author\/campustijuana\/"}]}},"_links":{"self":[{"href":"https:\/\/www.cetys.mx\/noticias\/wp-json\/wp\/v2\/posts\/203508","targetHints":{"allow":["GET"]}}],"collection":[{"href":"https:\/\/www.cetys.mx\/noticias\/wp-json\/wp\/v2\/posts"}],"about":[{"href":"https:\/\/www.cetys.mx\/noticias\/wp-json\/wp\/v2\/types\/post"}],"author":[{"embeddable":true,"href":"https:\/\/www.cetys.mx\/noticias\/wp-json\/wp\/v2\/users\/24"}],"replies":[{"embeddable":true,"href":"https:\/\/www.cetys.mx\/noticias\/wp-json\/wp\/v2\/comments?post=203508"}],"version-history":[{"count":2,"href":"https:\/\/www.cetys.mx\/noticias\/wp-json\/wp\/v2\/posts\/203508\/revisions"}],"predecessor-version":[{"id":203550,"href":"https:\/\/www.cetys.mx\/noticias\/wp-json\/wp\/v2\/posts\/203508\/revisions\/203550"}],"wp:featuredmedia":[{"embeddable":true,"href":"https:\/\/www.cetys.mx\/noticias\/wp-json\/wp\/v2\/media\/203542"}],"wp:attachment":[{"href":"https:\/\/www.cetys.mx\/noticias\/wp-json\/wp\/v2\/media?parent=203508"}],"wp:term":[{"taxonomy":"category","embeddable":true,"href":"https:\/\/www.cetys.mx\/noticias\/wp-json\/wp\/v2\/categories?post=203508"},{"taxonomy":"post_tag","embeddable":true,"href":"https:\/\/www.cetys.mx\/noticias\/wp-json\/wp\/v2\/tags?post=203508"}],"curies":[{"name":"wp","href":"https:\/\/api.w.org\/{rel}","templated":true}]}}