{"id":203247,"date":"2024-10-18T16:30:13","date_gmt":"2024-10-18T23:30:13","guid":{"rendered":"https:\/\/www.cetys.mx\/noticias\/?p=203247"},"modified":"2024-10-25T12:58:53","modified_gmt":"2024-10-25T19:58:53","slug":"llevan-a-cabo-tercera-edicion-de-sinergia-feria-de-arte-internacional-del-sistema-cetys-universidad","status":"publish","type":"post","link":"https:\/\/www.cetys.mx\/noticias\/llevan-a-cabo-tercera-edicion-de-sinergia-feria-de-arte-internacional-del-sistema-cetys-universidad\/","title":{"rendered":"Llevan a cabo tercera edici\u00f3n de Sinergia, Feria de Arte Internacional del Sistema CETYS Universidad"},"content":{"rendered":"<p>Del 15 al 18 de octubre de 2024, se llev\u00f3 a cabo la tercera edici\u00f3n de <a href=\"https:\/\/www.cetys.mx\/sinergia\/\"><strong>Sinergia<\/strong><\/a>, <strong>Feria de Arte Internacional del Sistema CETYS Universidad<\/strong>: cuyo objetivo es impulsar la innovaci\u00f3n creativa y la econom\u00eda del arte, convirti\u00e9ndose en un punto de encuentro de talento art\u00edstico.<\/p>\n<p>El evento dio inicio en campus Mexicali dando la bienvenida a los artistas, adem\u00e1s de un Workshop, en donde la comunidad pudo observar a los creadores trabajando. Posteriormente, se realiz\u00f3 el conversatorio: Relaci\u00f3n del Arte y Tecnolog\u00eda, para continuar con la inauguraci\u00f3n de la Exposici\u00f3n Colecci\u00f3n CETYS-Sinergia y noche venta de arte.<\/p>\n<blockquote><p>\u201cUno de los valores m\u00e1s importantes de CETYS es la belleza y esa belleza se expresa en el trabajo de cada artista, cuando comunican su visi\u00f3n \u00fanica del mundo a trav\u00e9s de sus creaciones. De esta manera, el arte y la cultura deben ser vistos como componentes esenciales de la educaci\u00f3n\u201d, expres\u00f3 la Sra. Fernanda P\u00e9rez Tejada de Vild\u00f3sola, l\u00edder organizadora de Sinergia 2024.<\/p><\/blockquote>\n<div class=\"gallery-slider-wrapper gallery-1\">\n                        <div class=\"gallery-slider\" itemscope itemtype=\"http:\/\/schema.org\/ImageGallery\"><figure class=\"slide\" itemprop=\"associatedMedia\" itemscope itemtype=\"http:\/\/schema.org\/ImageObject\">\n                    <a itemprop=\"contentUrl\" href=\"https:\/\/www.cetys.mx\/noticias\/wp-content\/uploads\/2024\/10\/DSC_0693.jpg\">\n                        <img decoding=\"async\" itemprop=\"thumbnail\" class=\"lazyOwl\" src=\"https:\/\/www.cetys.mx\/noticias\/wp-content\/plugins\/jmagz-plugin\/assets\/placeholder\/900x450.png\" data-src=\"https:\/\/www.cetys.mx\/noticias\/wp-content\/uploads\/2024\/10\/DSC_0693.jpg\" alt=\"Sinergia 2024\">\n                    <\/a>\n                    <figcaption itemprop=\"caption description\" class=\"slide-caption\">\n                        \n                    <\/figcaption>\n                <\/figure><figure class=\"slide\" itemprop=\"associatedMedia\" itemscope itemtype=\"http:\/\/schema.org\/ImageObject\">\n                    <a itemprop=\"contentUrl\" href=\"https:\/\/www.cetys.mx\/noticias\/wp-content\/uploads\/2024\/10\/DSC_6452.jpg\">\n                        <img decoding=\"async\" itemprop=\"thumbnail\" class=\"lazyOwl\" src=\"https:\/\/www.cetys.mx\/noticias\/wp-content\/plugins\/jmagz-plugin\/assets\/placeholder\/900x450.png\" data-src=\"https:\/\/www.cetys.mx\/noticias\/wp-content\/uploads\/2024\/10\/DSC_6452.jpg\" alt=\"Sinergia 2024\">\n                    <\/a>\n                    <figcaption itemprop=\"caption description\" class=\"slide-caption\">\n                        \n                    <\/figcaption>\n                <\/figure><figure class=\"slide\" itemprop=\"associatedMedia\" itemscope itemtype=\"http:\/\/schema.org\/ImageObject\">\n                    <a itemprop=\"contentUrl\" href=\"https:\/\/www.cetys.mx\/noticias\/wp-content\/uploads\/2024\/10\/DSC_6450.jpg\">\n                        <img decoding=\"async\" itemprop=\"thumbnail\" class=\"lazyOwl\" src=\"https:\/\/www.cetys.mx\/noticias\/wp-content\/plugins\/jmagz-plugin\/assets\/placeholder\/900x450.png\" data-src=\"https:\/\/www.cetys.mx\/noticias\/wp-content\/uploads\/2024\/10\/DSC_6450.jpg\" alt=\"Sinergia 2024\">\n                    <\/a>\n                    <figcaption itemprop=\"caption description\" class=\"slide-caption\">\n                        \n                    <\/figcaption>\n                <\/figure><figure class=\"slide\" itemprop=\"associatedMedia\" itemscope itemtype=\"http:\/\/schema.org\/ImageObject\">\n                    <a itemprop=\"contentUrl\" href=\"https:\/\/www.cetys.mx\/noticias\/wp-content\/uploads\/2024\/10\/DSC_6320.jpg\">\n                        <img decoding=\"async\" itemprop=\"thumbnail\" class=\"lazyOwl\" src=\"https:\/\/www.cetys.mx\/noticias\/wp-content\/plugins\/jmagz-plugin\/assets\/placeholder\/900x450.png\" data-src=\"https:\/\/www.cetys.mx\/noticias\/wp-content\/uploads\/2024\/10\/DSC_6320.jpg\" alt=\"Sinergia 2024\">\n                    <\/a>\n                    <figcaption itemprop=\"caption description\" class=\"slide-caption\">\n                        \n                    <\/figcaption>\n                <\/figure><figure class=\"slide\" itemprop=\"associatedMedia\" itemscope itemtype=\"http:\/\/schema.org\/ImageObject\">\n                    <a itemprop=\"contentUrl\" href=\"https:\/\/www.cetys.mx\/noticias\/wp-content\/uploads\/2024\/10\/DSC_6299.jpg\">\n                        <img decoding=\"async\" itemprop=\"thumbnail\" class=\"lazyOwl\" src=\"https:\/\/www.cetys.mx\/noticias\/wp-content\/plugins\/jmagz-plugin\/assets\/placeholder\/900x450.png\" data-src=\"https:\/\/www.cetys.mx\/noticias\/wp-content\/uploads\/2024\/10\/DSC_6299.jpg\" alt=\"Sinergia 2024\">\n                    <\/a>\n                    <figcaption itemprop=\"caption description\" class=\"slide-caption\">\n                        \n                    <\/figcaption>\n                <\/figure><figure class=\"slide\" itemprop=\"associatedMedia\" itemscope itemtype=\"http:\/\/schema.org\/ImageObject\">\n                    <a itemprop=\"contentUrl\" href=\"https:\/\/www.cetys.mx\/noticias\/wp-content\/uploads\/2024\/10\/DSC_6279.jpg\">\n                        <img decoding=\"async\" itemprop=\"thumbnail\" class=\"lazyOwl\" src=\"https:\/\/www.cetys.mx\/noticias\/wp-content\/plugins\/jmagz-plugin\/assets\/placeholder\/900x450.png\" data-src=\"https:\/\/www.cetys.mx\/noticias\/wp-content\/uploads\/2024\/10\/DSC_6279.jpg\" alt=\"Sinergia 2024\">\n                    <\/a>\n                    <figcaption itemprop=\"caption description\" class=\"slide-caption\">\n                        \n                    <\/figcaption>\n                <\/figure><figure class=\"slide\" itemprop=\"associatedMedia\" itemscope itemtype=\"http:\/\/schema.org\/ImageObject\">\n                    <a itemprop=\"contentUrl\" href=\"https:\/\/www.cetys.mx\/noticias\/wp-content\/uploads\/2024\/10\/DSC_6275.jpg\">\n                        <img decoding=\"async\" itemprop=\"thumbnail\" class=\"lazyOwl\" src=\"https:\/\/www.cetys.mx\/noticias\/wp-content\/plugins\/jmagz-plugin\/assets\/placeholder\/900x450.png\" data-src=\"https:\/\/www.cetys.mx\/noticias\/wp-content\/uploads\/2024\/10\/DSC_6275.jpg\" alt=\"Sinergia 2024\">\n                    <\/a>\n                    <figcaption itemprop=\"caption description\" class=\"slide-caption\">\n                        \n                    <\/figcaption>\n                <\/figure><figure class=\"slide\" itemprop=\"associatedMedia\" itemscope itemtype=\"http:\/\/schema.org\/ImageObject\">\n                    <a itemprop=\"contentUrl\" href=\"https:\/\/www.cetys.mx\/noticias\/wp-content\/uploads\/2024\/10\/DSC_6268.jpg\">\n                        <img decoding=\"async\" itemprop=\"thumbnail\" class=\"lazyOwl\" src=\"https:\/\/www.cetys.mx\/noticias\/wp-content\/plugins\/jmagz-plugin\/assets\/placeholder\/900x450.png\" data-src=\"https:\/\/www.cetys.mx\/noticias\/wp-content\/uploads\/2024\/10\/DSC_6268.jpg\" alt=\"Sinergia 2024\">\n                    <\/a>\n                    <figcaption itemprop=\"caption description\" class=\"slide-caption\">\n                        \n                    <\/figcaption>\n                <\/figure><figure class=\"slide\" itemprop=\"associatedMedia\" itemscope itemtype=\"http:\/\/schema.org\/ImageObject\">\n                    <a itemprop=\"contentUrl\" href=\"https:\/\/www.cetys.mx\/noticias\/wp-content\/uploads\/2024\/10\/DSC_0731.jpg\">\n                        <img decoding=\"async\" itemprop=\"thumbnail\" class=\"lazyOwl\" src=\"https:\/\/www.cetys.mx\/noticias\/wp-content\/plugins\/jmagz-plugin\/assets\/placeholder\/900x450.png\" data-src=\"https:\/\/www.cetys.mx\/noticias\/wp-content\/uploads\/2024\/10\/DSC_0731.jpg\" alt=\"Sinergia 2024\">\n                    <\/a>\n                    <figcaption itemprop=\"caption description\" class=\"slide-caption\">\n                        \n                    <\/figcaption>\n                <\/figure><figure class=\"slide\" itemprop=\"associatedMedia\" itemscope itemtype=\"http:\/\/schema.org\/ImageObject\">\n                    <a itemprop=\"contentUrl\" href=\"https:\/\/www.cetys.mx\/noticias\/wp-content\/uploads\/2024\/10\/DSC_0718.jpg\">\n                        <img decoding=\"async\" itemprop=\"thumbnail\" class=\"lazyOwl\" src=\"https:\/\/www.cetys.mx\/noticias\/wp-content\/plugins\/jmagz-plugin\/assets\/placeholder\/900x450.png\" data-src=\"https:\/\/www.cetys.mx\/noticias\/wp-content\/uploads\/2024\/10\/DSC_0718.jpg\" alt=\"Sinergia 2024\">\n                    <\/a>\n                    <figcaption itemprop=\"caption description\" class=\"slide-caption\">\n                        \n                    <\/figcaption>\n                <\/figure><figure class=\"slide\" itemprop=\"associatedMedia\" itemscope itemtype=\"http:\/\/schema.org\/ImageObject\">\n                    <a itemprop=\"contentUrl\" href=\"https:\/\/www.cetys.mx\/noticias\/wp-content\/uploads\/2024\/10\/DSC_0715.jpg\">\n                        <img decoding=\"async\" itemprop=\"thumbnail\" class=\"lazyOwl\" src=\"https:\/\/www.cetys.mx\/noticias\/wp-content\/plugins\/jmagz-plugin\/assets\/placeholder\/900x450.png\" data-src=\"https:\/\/www.cetys.mx\/noticias\/wp-content\/uploads\/2024\/10\/DSC_0715.jpg\" alt=\"Sinergia 2024\">\n                    <\/a>\n                    <figcaption itemprop=\"caption description\" class=\"slide-caption\">\n                        \n                    <\/figcaption>\n                <\/figure><figure class=\"slide\" itemprop=\"associatedMedia\" itemscope itemtype=\"http:\/\/schema.org\/ImageObject\">\n                    <a itemprop=\"contentUrl\" href=\"https:\/\/www.cetys.mx\/noticias\/wp-content\/uploads\/2024\/10\/DSC_0711.jpg\">\n                        <img decoding=\"async\" itemprop=\"thumbnail\" class=\"lazyOwl\" src=\"https:\/\/www.cetys.mx\/noticias\/wp-content\/plugins\/jmagz-plugin\/assets\/placeholder\/900x450.png\" data-src=\"https:\/\/www.cetys.mx\/noticias\/wp-content\/uploads\/2024\/10\/DSC_0711.jpg\" alt=\"Sinergia 2024\">\n                    <\/a>\n                    <figcaption itemprop=\"caption description\" class=\"slide-caption\">\n                        \n                    <\/figcaption>\n                <\/figure><figure class=\"slide\" itemprop=\"associatedMedia\" itemscope itemtype=\"http:\/\/schema.org\/ImageObject\">\n                    <a itemprop=\"contentUrl\" href=\"https:\/\/www.cetys.mx\/noticias\/wp-content\/uploads\/2024\/10\/DSC_0706.jpg\">\n                        <img decoding=\"async\" itemprop=\"thumbnail\" class=\"lazyOwl\" src=\"https:\/\/www.cetys.mx\/noticias\/wp-content\/plugins\/jmagz-plugin\/assets\/placeholder\/900x450.png\" data-src=\"https:\/\/www.cetys.mx\/noticias\/wp-content\/uploads\/2024\/10\/DSC_0706.jpg\" alt=\"Sinergia 2024\">\n                    <\/a>\n                    <figcaption itemprop=\"caption description\" class=\"slide-caption\">\n                        \n                    <\/figcaption>\n                <\/figure><\/div>\n                <div class=\"gallery-slider-thumbnail-wrapper\">\n                    <div class=\"gallery-slider-thumbnail\"><div class=\"slide-thumbnail\"><img decoding=\"async\" class=\"lazyOwl\" src=\"https:\/\/www.cetys.mx\/noticias\/wp-content\/plugins\/jmagz-plugin\/assets\/placeholder\/150x75.png\" data-src=\"https:\/\/www.cetys.mx\/noticias\/wp-content\/uploads\/2024\/10\/DSC_0693.jpg\" alt=\"Sinergia 2024\"><\/div><div class=\"slide-thumbnail\"><img decoding=\"async\" class=\"lazyOwl\" src=\"https:\/\/www.cetys.mx\/noticias\/wp-content\/plugins\/jmagz-plugin\/assets\/placeholder\/150x75.png\" data-src=\"https:\/\/www.cetys.mx\/noticias\/wp-content\/uploads\/2024\/10\/DSC_6452.jpg\" alt=\"Sinergia 2024\"><\/div><div class=\"slide-thumbnail\"><img decoding=\"async\" class=\"lazyOwl\" src=\"https:\/\/www.cetys.mx\/noticias\/wp-content\/plugins\/jmagz-plugin\/assets\/placeholder\/150x75.png\" data-src=\"https:\/\/www.cetys.mx\/noticias\/wp-content\/uploads\/2024\/10\/DSC_6450.jpg\" alt=\"Sinergia 2024\"><\/div><div class=\"slide-thumbnail\"><img decoding=\"async\" class=\"lazyOwl\" src=\"https:\/\/www.cetys.mx\/noticias\/wp-content\/plugins\/jmagz-plugin\/assets\/placeholder\/150x75.png\" data-src=\"https:\/\/www.cetys.mx\/noticias\/wp-content\/uploads\/2024\/10\/DSC_6320.jpg\" alt=\"Sinergia 2024\"><\/div><div class=\"slide-thumbnail\"><img decoding=\"async\" class=\"lazyOwl\" src=\"https:\/\/www.cetys.mx\/noticias\/wp-content\/plugins\/jmagz-plugin\/assets\/placeholder\/150x75.png\" data-src=\"https:\/\/www.cetys.mx\/noticias\/wp-content\/uploads\/2024\/10\/DSC_6299.jpg\" alt=\"Sinergia 2024\"><\/div><div class=\"slide-thumbnail\"><img decoding=\"async\" class=\"lazyOwl\" src=\"https:\/\/www.cetys.mx\/noticias\/wp-content\/plugins\/jmagz-plugin\/assets\/placeholder\/150x75.png\" data-src=\"https:\/\/www.cetys.mx\/noticias\/wp-content\/uploads\/2024\/10\/DSC_6279.jpg\" alt=\"Sinergia 2024\"><\/div><div class=\"slide-thumbnail\"><img decoding=\"async\" class=\"lazyOwl\" src=\"https:\/\/www.cetys.mx\/noticias\/wp-content\/plugins\/jmagz-plugin\/assets\/placeholder\/150x75.png\" data-src=\"https:\/\/www.cetys.mx\/noticias\/wp-content\/uploads\/2024\/10\/DSC_6275.jpg\" alt=\"Sinergia 2024\"><\/div><div class=\"slide-thumbnail\"><img decoding=\"async\" class=\"lazyOwl\" src=\"https:\/\/www.cetys.mx\/noticias\/wp-content\/plugins\/jmagz-plugin\/assets\/placeholder\/150x75.png\" data-src=\"https:\/\/www.cetys.mx\/noticias\/wp-content\/uploads\/2024\/10\/DSC_6268.jpg\" alt=\"Sinergia 2024\"><\/div><div class=\"slide-thumbnail\"><img decoding=\"async\" class=\"lazyOwl\" src=\"https:\/\/www.cetys.mx\/noticias\/wp-content\/plugins\/jmagz-plugin\/assets\/placeholder\/150x75.png\" data-src=\"https:\/\/www.cetys.mx\/noticias\/wp-content\/uploads\/2024\/10\/DSC_0731.jpg\" alt=\"Sinergia 2024\"><\/div><div class=\"slide-thumbnail\"><img decoding=\"async\" class=\"lazyOwl\" src=\"https:\/\/www.cetys.mx\/noticias\/wp-content\/plugins\/jmagz-plugin\/assets\/placeholder\/150x75.png\" data-src=\"https:\/\/www.cetys.mx\/noticias\/wp-content\/uploads\/2024\/10\/DSC_0718.jpg\" alt=\"Sinergia 2024\"><\/div><div class=\"slide-thumbnail\"><img decoding=\"async\" class=\"lazyOwl\" src=\"https:\/\/www.cetys.mx\/noticias\/wp-content\/plugins\/jmagz-plugin\/assets\/placeholder\/150x75.png\" data-src=\"https:\/\/www.cetys.mx\/noticias\/wp-content\/uploads\/2024\/10\/DSC_0715.jpg\" alt=\"Sinergia 2024\"><\/div><div class=\"slide-thumbnail\"><img decoding=\"async\" class=\"lazyOwl\" src=\"https:\/\/www.cetys.mx\/noticias\/wp-content\/plugins\/jmagz-plugin\/assets\/placeholder\/150x75.png\" data-src=\"https:\/\/www.cetys.mx\/noticias\/wp-content\/uploads\/2024\/10\/DSC_0711.jpg\" alt=\"Sinergia 2024\"><\/div><div class=\"slide-thumbnail\"><img decoding=\"async\" class=\"lazyOwl\" src=\"https:\/\/www.cetys.mx\/noticias\/wp-content\/plugins\/jmagz-plugin\/assets\/placeholder\/150x75.png\" data-src=\"https:\/\/www.cetys.mx\/noticias\/wp-content\/uploads\/2024\/10\/DSC_0706.jpg\" alt=\"Sinergia 2024\"><\/div><\/div><\/div><\/div>\n<p>Alejandra Phelts Ramos, artista invitada de esta edici\u00f3n de Sinergia, present\u00f3 su proyecto art\u00edstico Mujeres P\u00e1jaro, el cual explora la identidad, afectos y pr\u00e1cticas sociales de las mujeres que viven en la regi\u00f3n fronteriza entre Baja California y Estados Unidos.<\/p>\n<blockquote><p>\u201cLos artistas que donan su obra a CETYS como un acto de enriquecer la vida de los alumnos, vienen para contribuir la vida cultural de nuestro municipio y vienen en un acto de amor y de generosidad por el arte, que es nuestra profesi\u00f3n. Aparte de ser excelentes artistas con un curr\u00edculum importante en sus pa\u00edses, son muy buenas personas, son generosos, y me siento muy honrada de formar parte de este grupo\u201d, mencion\u00f3 la artista Alejandra Phelts.<\/p><\/blockquote>\n<p>Como parte del programa de Sinergia 2024, se llevaron a cabo un recorrido y workshop en el Centro de Estudios Vitivin\u00edcolas de Baja California, ubicado en el Campus Internacional Ensenada de CETYS Universidad, donde tambi\u00e9n se desarroll\u00f3 el conversatorio Arte y Econom\u00eda Creativa, as\u00ed como un recorrido cultural por la ciudad.<\/p>\n<div class=\"gallery-slider-wrapper gallery-2\">\n                        <div class=\"gallery-slider\" itemscope itemtype=\"http:\/\/schema.org\/ImageGallery\"><figure class=\"slide\" itemprop=\"associatedMedia\" itemscope itemtype=\"http:\/\/schema.org\/ImageObject\">\n                    <a itemprop=\"contentUrl\" href=\"https:\/\/www.cetys.mx\/noticias\/wp-content\/uploads\/2024\/10\/IMG_8585.jpg\">\n                        <img decoding=\"async\" itemprop=\"thumbnail\" class=\"lazyOwl\" src=\"https:\/\/www.cetys.mx\/noticias\/wp-content\/plugins\/jmagz-plugin\/assets\/placeholder\/900x450.png\" data-src=\"https:\/\/www.cetys.mx\/noticias\/wp-content\/uploads\/2024\/10\/IMG_8585.jpg\" alt=\"IMG_8585\">\n                    <\/a>\n                    <figcaption itemprop=\"caption description\" class=\"slide-caption\">\n                        \n                    <\/figcaption>\n                <\/figure><figure class=\"slide\" itemprop=\"associatedMedia\" itemscope itemtype=\"http:\/\/schema.org\/ImageObject\">\n                    <a itemprop=\"contentUrl\" href=\"https:\/\/www.cetys.mx\/noticias\/wp-content\/uploads\/2024\/10\/IMG_8583.jpg\">\n                        <img decoding=\"async\" itemprop=\"thumbnail\" class=\"lazyOwl\" src=\"https:\/\/www.cetys.mx\/noticias\/wp-content\/plugins\/jmagz-plugin\/assets\/placeholder\/900x450.png\" data-src=\"https:\/\/www.cetys.mx\/noticias\/wp-content\/uploads\/2024\/10\/IMG_8583.jpg\" alt=\"IMG_8583\">\n                    <\/a>\n                    <figcaption itemprop=\"caption description\" class=\"slide-caption\">\n                        \n                    <\/figcaption>\n                <\/figure><\/div>\n                <div class=\"gallery-slider-thumbnail-wrapper\">\n                    <div class=\"gallery-slider-thumbnail\"><div class=\"slide-thumbnail\"><img decoding=\"async\" class=\"lazyOwl\" src=\"https:\/\/www.cetys.mx\/noticias\/wp-content\/plugins\/jmagz-plugin\/assets\/placeholder\/150x75.png\" data-src=\"https:\/\/www.cetys.mx\/noticias\/wp-content\/uploads\/2024\/10\/IMG_8585.jpg\" alt=\"IMG_8585\"><\/div><div class=\"slide-thumbnail\"><img decoding=\"async\" class=\"lazyOwl\" src=\"https:\/\/www.cetys.mx\/noticias\/wp-content\/plugins\/jmagz-plugin\/assets\/placeholder\/150x75.png\" data-src=\"https:\/\/www.cetys.mx\/noticias\/wp-content\/uploads\/2024\/10\/IMG_8583.jpg\" alt=\"IMG_8583\"><\/div><\/div><\/div><\/div>\n<p>Posteriormente, se realiz\u00f3 el conversatorio La Psicolog\u00eda del Consumidor de Arte en el Campus Tijuana, as\u00ed como un recorrido cultural por dicha ciudad, para finalmente llevar a cabo la clausura de actividades de Sinergia 2024.<\/p>\n<p>&nbsp;<\/p>\n<div class=\"gallery-slider-wrapper gallery-3\">\n                        <div class=\"gallery-slider\" itemscope itemtype=\"http:\/\/schema.org\/ImageGallery\"><figure class=\"slide\" itemprop=\"associatedMedia\" itemscope itemtype=\"http:\/\/schema.org\/ImageObject\">\n                    <a itemprop=\"contentUrl\" href=\"https:\/\/www.cetys.mx\/noticias\/wp-content\/uploads\/2024\/10\/CET_0207.jpg\">\n                        <img decoding=\"async\" itemprop=\"thumbnail\" class=\"lazyOwl\" src=\"https:\/\/www.cetys.mx\/noticias\/wp-content\/plugins\/jmagz-plugin\/assets\/placeholder\/900x450.png\" data-src=\"https:\/\/www.cetys.mx\/noticias\/wp-content\/uploads\/2024\/10\/CET_0207.jpg\" alt=\"CET_0207\">\n                    <\/a>\n                    <figcaption itemprop=\"caption description\" class=\"slide-caption\">\n                        \n                    <\/figcaption>\n                <\/figure><figure class=\"slide\" itemprop=\"associatedMedia\" itemscope itemtype=\"http:\/\/schema.org\/ImageObject\">\n                    <a itemprop=\"contentUrl\" href=\"https:\/\/www.cetys.mx\/noticias\/wp-content\/uploads\/2024\/10\/CET_0166.jpg\">\n                        <img decoding=\"async\" itemprop=\"thumbnail\" class=\"lazyOwl\" src=\"https:\/\/www.cetys.mx\/noticias\/wp-content\/plugins\/jmagz-plugin\/assets\/placeholder\/900x450.png\" data-src=\"https:\/\/www.cetys.mx\/noticias\/wp-content\/uploads\/2024\/10\/CET_0166.jpg\" alt=\"CET_0166\">\n                    <\/a>\n                    <figcaption itemprop=\"caption description\" class=\"slide-caption\">\n                        \n                    <\/figcaption>\n                <\/figure><\/div>\n                <div class=\"gallery-slider-thumbnail-wrapper\">\n                    <div class=\"gallery-slider-thumbnail\"><div class=\"slide-thumbnail\"><img decoding=\"async\" class=\"lazyOwl\" src=\"https:\/\/www.cetys.mx\/noticias\/wp-content\/plugins\/jmagz-plugin\/assets\/placeholder\/150x75.png\" data-src=\"https:\/\/www.cetys.mx\/noticias\/wp-content\/uploads\/2024\/10\/CET_0207.jpg\" alt=\"CET_0207\"><\/div><div class=\"slide-thumbnail\"><img decoding=\"async\" class=\"lazyOwl\" src=\"https:\/\/www.cetys.mx\/noticias\/wp-content\/plugins\/jmagz-plugin\/assets\/placeholder\/150x75.png\" data-src=\"https:\/\/www.cetys.mx\/noticias\/wp-content\/uploads\/2024\/10\/CET_0166.jpg\" alt=\"CET_0166\"><\/div><\/div><\/div><\/div>\n","protected":false},"excerpt":{"rendered":"<p>Del 15 al 18 de octubre de 2024, se llev\u00f3 a cabo la tercera edici\u00f3n de Sinergia, Feria de Arte Internacional del&#8230;<\/p>\n","protected":false},"author":26,"featured_media":203250,"comment_status":"open","ping_status":"closed","sticky":false,"template":"","format":"standard","meta":{"footnotes":""},"categories":[209,313],"tags":[],"class_list":["post-203247","post","type-post","status-publish","format-standard","has-post-thumbnail","hentry","category-institucional","category-vocetys-2"],"yoast_head":"<!-- This site is optimized with the Yoast SEO plugin v27.4 - https:\/\/yoast.com\/product\/yoast-seo-wordpress\/ -->\n<title>Llevan a cabo tercera edici\u00f3n de Sinergia, Feria de Arte Internacional del Sistema CETYS Universidad - CETYS<\/title>\n<meta name=\"description\" content=\"Articulo sobre Llevan a cabo tercera edici\u00f3n de Sinergia, Feria de Arte Internacional del Sistema CETYS Universidad\" \/>\n<meta name=\"robots\" content=\"index, follow, max-snippet:-1, max-image-preview:large, max-video-preview:-1\" \/>\n<link rel=\"canonical\" href=\"https:\/\/www.cetys.mx\/noticias\/llevan-a-cabo-tercera-edicion-de-sinergia-feria-de-arte-internacional-del-sistema-cetys-universidad\/\" \/>\n<meta property=\"og:locale\" content=\"es_MX\" \/>\n<meta property=\"og:type\" content=\"article\" \/>\n<meta property=\"og:title\" content=\"Llevan a cabo tercera edici\u00f3n de Sinergia, Feria de Arte Internacional del Sistema CETYS Universidad - CETYS\" \/>\n<meta property=\"og:description\" content=\"Articulo sobre Llevan a cabo tercera edici\u00f3n de Sinergia, Feria de Arte Internacional del Sistema CETYS Universidad\" \/>\n<meta property=\"og:url\" content=\"https:\/\/www.cetys.mx\/noticias\/llevan-a-cabo-tercera-edicion-de-sinergia-feria-de-arte-internacional-del-sistema-cetys-universidad\/\" \/>\n<meta property=\"og:site_name\" content=\"CETYS\" \/>\n<meta property=\"article:publisher\" content=\"https:\/\/www.facebook.com\/cetysuniversidadmxl\/\" \/>\n<meta property=\"article:published_time\" content=\"2024-10-18T23:30:13+00:00\" \/>\n<meta property=\"article:modified_time\" content=\"2024-10-25T19:58:53+00:00\" \/>\n<meta property=\"og:image\" content=\"https:\/\/www.cetys.mx\/noticias\/wp-content\/uploads\/2024\/10\/DSC_0693.jpg\" \/>\n\t<meta property=\"og:image:width\" content=\"958\" \/>\n\t<meta property=\"og:image:height\" content=\"639\" \/>\n\t<meta property=\"og:image:type\" content=\"image\/jpeg\" \/>\n<meta name=\"author\" content=\"CETYS Institucional\" \/>\n<meta name=\"twitter:card\" content=\"summary_large_image\" \/>\n<meta name=\"twitter:creator\" content=\"@cetysuni\" \/>\n<meta name=\"twitter:site\" content=\"@cetysuni\" \/>\n<meta name=\"twitter:label1\" content=\"Escrito por\" \/>\n\t<meta name=\"twitter:data1\" content=\"CETYS Institucional\" \/>\n\t<meta name=\"twitter:label2\" content=\"Tiempo de lectura\" \/>\n\t<meta name=\"twitter:data2\" content=\"2 minutos\" \/>\n<script type=\"application\/ld+json\" class=\"yoast-schema-graph\">{\"@context\":\"https:\\\/\\\/schema.org\",\"@graph\":[{\"@type\":\"Article\",\"@id\":\"https:\\\/\\\/www.cetys.mx\\\/noticias\\\/llevan-a-cabo-tercera-edicion-de-sinergia-feria-de-arte-internacional-del-sistema-cetys-universidad\\\/#article\",\"isPartOf\":{\"@id\":\"https:\\\/\\\/www.cetys.mx\\\/noticias\\\/llevan-a-cabo-tercera-edicion-de-sinergia-feria-de-arte-internacional-del-sistema-cetys-universidad\\\/\"},\"author\":{\"name\":\"CETYS Institucional\",\"@id\":\"https:\\\/\\\/www.cetys.mx\\\/noticias\\\/#\\\/schema\\\/person\\\/e9d2b35265b64aa454df57a2828eb2ac\"},\"headline\":\"Llevan a cabo tercera edici\u00f3n de Sinergia, Feria de Arte Internacional del Sistema CETYS Universidad\",\"datePublished\":\"2024-10-18T23:30:13+00:00\",\"dateModified\":\"2024-10-25T19:58:53+00:00\",\"mainEntityOfPage\":{\"@id\":\"https:\\\/\\\/www.cetys.mx\\\/noticias\\\/llevan-a-cabo-tercera-edicion-de-sinergia-feria-de-arte-internacional-del-sistema-cetys-universidad\\\/\"},\"wordCount\":421,\"commentCount\":0,\"image\":{\"@id\":\"https:\\\/\\\/www.cetys.mx\\\/noticias\\\/llevan-a-cabo-tercera-edicion-de-sinergia-feria-de-arte-internacional-del-sistema-cetys-universidad\\\/#primaryimage\"},\"thumbnailUrl\":\"https:\\\/\\\/www.cetys.mx\\\/noticias\\\/wp-content\\\/uploads\\\/2024\\\/10\\\/DSC_0693.jpg\",\"articleSection\":[\"Institucional\",\"VoCETYS\"],\"inLanguage\":\"es\",\"potentialAction\":[{\"@type\":\"CommentAction\",\"name\":\"Comment\",\"target\":[\"https:\\\/\\\/www.cetys.mx\\\/noticias\\\/llevan-a-cabo-tercera-edicion-de-sinergia-feria-de-arte-internacional-del-sistema-cetys-universidad\\\/#respond\"]}]},{\"@type\":\"WebPage\",\"@id\":\"https:\\\/\\\/www.cetys.mx\\\/noticias\\\/llevan-a-cabo-tercera-edicion-de-sinergia-feria-de-arte-internacional-del-sistema-cetys-universidad\\\/\",\"url\":\"https:\\\/\\\/www.cetys.mx\\\/noticias\\\/llevan-a-cabo-tercera-edicion-de-sinergia-feria-de-arte-internacional-del-sistema-cetys-universidad\\\/\",\"name\":\"Llevan a cabo tercera edici\u00f3n de Sinergia, Feria de Arte Internacional del Sistema CETYS Universidad - CETYS\",\"isPartOf\":{\"@id\":\"https:\\\/\\\/www.cetys.mx\\\/noticias\\\/#website\"},\"primaryImageOfPage\":{\"@id\":\"https:\\\/\\\/www.cetys.mx\\\/noticias\\\/llevan-a-cabo-tercera-edicion-de-sinergia-feria-de-arte-internacional-del-sistema-cetys-universidad\\\/#primaryimage\"},\"image\":{\"@id\":\"https:\\\/\\\/www.cetys.mx\\\/noticias\\\/llevan-a-cabo-tercera-edicion-de-sinergia-feria-de-arte-internacional-del-sistema-cetys-universidad\\\/#primaryimage\"},\"thumbnailUrl\":\"https:\\\/\\\/www.cetys.mx\\\/noticias\\\/wp-content\\\/uploads\\\/2024\\\/10\\\/DSC_0693.jpg\",\"datePublished\":\"2024-10-18T23:30:13+00:00\",\"dateModified\":\"2024-10-25T19:58:53+00:00\",\"author\":{\"@id\":\"https:\\\/\\\/www.cetys.mx\\\/noticias\\\/#\\\/schema\\\/person\\\/e9d2b35265b64aa454df57a2828eb2ac\"},\"description\":\"Articulo sobre Llevan a cabo tercera edici\u00f3n de Sinergia, Feria de Arte Internacional del Sistema CETYS Universidad\",\"breadcrumb\":{\"@id\":\"https:\\\/\\\/www.cetys.mx\\\/noticias\\\/llevan-a-cabo-tercera-edicion-de-sinergia-feria-de-arte-internacional-del-sistema-cetys-universidad\\\/#breadcrumb\"},\"inLanguage\":\"es\",\"potentialAction\":[{\"@type\":\"ReadAction\",\"target\":[\"https:\\\/\\\/www.cetys.mx\\\/noticias\\\/llevan-a-cabo-tercera-edicion-de-sinergia-feria-de-arte-internacional-del-sistema-cetys-universidad\\\/\"]}]},{\"@type\":\"ImageObject\",\"inLanguage\":\"es\",\"@id\":\"https:\\\/\\\/www.cetys.mx\\\/noticias\\\/llevan-a-cabo-tercera-edicion-de-sinergia-feria-de-arte-internacional-del-sistema-cetys-universidad\\\/#primaryimage\",\"url\":\"https:\\\/\\\/www.cetys.mx\\\/noticias\\\/wp-content\\\/uploads\\\/2024\\\/10\\\/DSC_0693.jpg\",\"contentUrl\":\"https:\\\/\\\/www.cetys.mx\\\/noticias\\\/wp-content\\\/uploads\\\/2024\\\/10\\\/DSC_0693.jpg\",\"width\":958,\"height\":639},{\"@type\":\"BreadcrumbList\",\"@id\":\"https:\\\/\\\/www.cetys.mx\\\/noticias\\\/llevan-a-cabo-tercera-edicion-de-sinergia-feria-de-arte-internacional-del-sistema-cetys-universidad\\\/#breadcrumb\",\"itemListElement\":[{\"@type\":\"ListItem\",\"position\":1,\"name\":\"Inicio\",\"item\":\"https:\\\/\\\/www.cetys.mx\\\/noticias\\\/\"},{\"@type\":\"ListItem\",\"position\":2,\"name\":\"Llevan a cabo tercera edici\u00f3n de Sinergia, Feria de Arte Internacional del Sistema CETYS Universidad\"}]},{\"@type\":\"WebSite\",\"@id\":\"https:\\\/\\\/www.cetys.mx\\\/noticias\\\/#website\",\"url\":\"https:\\\/\\\/www.cetys.mx\\\/noticias\\\/\",\"name\":\"CETYS\",\"description\":\"\",\"potentialAction\":[{\"@type\":\"SearchAction\",\"target\":{\"@type\":\"EntryPoint\",\"urlTemplate\":\"https:\\\/\\\/www.cetys.mx\\\/noticias\\\/?s={search_term_string}\"},\"query-input\":{\"@type\":\"PropertyValueSpecification\",\"valueRequired\":true,\"valueName\":\"search_term_string\"}}],\"inLanguage\":\"es\"},{\"@type\":\"Person\",\"@id\":\"https:\\\/\\\/www.cetys.mx\\\/noticias\\\/#\\\/schema\\\/person\\\/e9d2b35265b64aa454df57a2828eb2ac\",\"name\":\"CETYS Institucional\",\"url\":\"https:\\\/\\\/www.cetys.mx\\\/noticias\\\/author\\\/cetysinstitucional\\\/\"}]}<\/script>\n<!-- \/ Yoast SEO plugin. -->","yoast_head_json":{"title":"Llevan a cabo tercera edici\u00f3n de Sinergia, Feria de Arte Internacional del Sistema CETYS Universidad - CETYS","description":"Articulo sobre Llevan a cabo tercera edici\u00f3n de Sinergia, Feria de Arte Internacional del Sistema CETYS Universidad","robots":{"index":"index","follow":"follow","max-snippet":"max-snippet:-1","max-image-preview":"max-image-preview:large","max-video-preview":"max-video-preview:-1"},"canonical":"https:\/\/www.cetys.mx\/noticias\/llevan-a-cabo-tercera-edicion-de-sinergia-feria-de-arte-internacional-del-sistema-cetys-universidad\/","og_locale":"es_MX","og_type":"article","og_title":"Llevan a cabo tercera edici\u00f3n de Sinergia, Feria de Arte Internacional del Sistema CETYS Universidad - CETYS","og_description":"Articulo sobre Llevan a cabo tercera edici\u00f3n de Sinergia, Feria de Arte Internacional del Sistema CETYS Universidad","og_url":"https:\/\/www.cetys.mx\/noticias\/llevan-a-cabo-tercera-edicion-de-sinergia-feria-de-arte-internacional-del-sistema-cetys-universidad\/","og_site_name":"CETYS","article_publisher":"https:\/\/www.facebook.com\/cetysuniversidadmxl\/","article_published_time":"2024-10-18T23:30:13+00:00","article_modified_time":"2024-10-25T19:58:53+00:00","og_image":[{"width":958,"height":639,"url":"https:\/\/www.cetys.mx\/noticias\/wp-content\/uploads\/2024\/10\/DSC_0693.jpg","type":"image\/jpeg"}],"author":"CETYS Institucional","twitter_card":"summary_large_image","twitter_creator":"@cetysuni","twitter_site":"@cetysuni","twitter_misc":{"Escrito por":"CETYS Institucional","Tiempo de lectura":"2 minutos"},"schema":{"@context":"https:\/\/schema.org","@graph":[{"@type":"Article","@id":"https:\/\/www.cetys.mx\/noticias\/llevan-a-cabo-tercera-edicion-de-sinergia-feria-de-arte-internacional-del-sistema-cetys-universidad\/#article","isPartOf":{"@id":"https:\/\/www.cetys.mx\/noticias\/llevan-a-cabo-tercera-edicion-de-sinergia-feria-de-arte-internacional-del-sistema-cetys-universidad\/"},"author":{"name":"CETYS Institucional","@id":"https:\/\/www.cetys.mx\/noticias\/#\/schema\/person\/e9d2b35265b64aa454df57a2828eb2ac"},"headline":"Llevan a cabo tercera edici\u00f3n de Sinergia, Feria de Arte Internacional del Sistema CETYS Universidad","datePublished":"2024-10-18T23:30:13+00:00","dateModified":"2024-10-25T19:58:53+00:00","mainEntityOfPage":{"@id":"https:\/\/www.cetys.mx\/noticias\/llevan-a-cabo-tercera-edicion-de-sinergia-feria-de-arte-internacional-del-sistema-cetys-universidad\/"},"wordCount":421,"commentCount":0,"image":{"@id":"https:\/\/www.cetys.mx\/noticias\/llevan-a-cabo-tercera-edicion-de-sinergia-feria-de-arte-internacional-del-sistema-cetys-universidad\/#primaryimage"},"thumbnailUrl":"https:\/\/www.cetys.mx\/noticias\/wp-content\/uploads\/2024\/10\/DSC_0693.jpg","articleSection":["Institucional","VoCETYS"],"inLanguage":"es","potentialAction":[{"@type":"CommentAction","name":"Comment","target":["https:\/\/www.cetys.mx\/noticias\/llevan-a-cabo-tercera-edicion-de-sinergia-feria-de-arte-internacional-del-sistema-cetys-universidad\/#respond"]}]},{"@type":"WebPage","@id":"https:\/\/www.cetys.mx\/noticias\/llevan-a-cabo-tercera-edicion-de-sinergia-feria-de-arte-internacional-del-sistema-cetys-universidad\/","url":"https:\/\/www.cetys.mx\/noticias\/llevan-a-cabo-tercera-edicion-de-sinergia-feria-de-arte-internacional-del-sistema-cetys-universidad\/","name":"Llevan a cabo tercera edici\u00f3n de Sinergia, Feria de Arte Internacional del Sistema CETYS Universidad - CETYS","isPartOf":{"@id":"https:\/\/www.cetys.mx\/noticias\/#website"},"primaryImageOfPage":{"@id":"https:\/\/www.cetys.mx\/noticias\/llevan-a-cabo-tercera-edicion-de-sinergia-feria-de-arte-internacional-del-sistema-cetys-universidad\/#primaryimage"},"image":{"@id":"https:\/\/www.cetys.mx\/noticias\/llevan-a-cabo-tercera-edicion-de-sinergia-feria-de-arte-internacional-del-sistema-cetys-universidad\/#primaryimage"},"thumbnailUrl":"https:\/\/www.cetys.mx\/noticias\/wp-content\/uploads\/2024\/10\/DSC_0693.jpg","datePublished":"2024-10-18T23:30:13+00:00","dateModified":"2024-10-25T19:58:53+00:00","author":{"@id":"https:\/\/www.cetys.mx\/noticias\/#\/schema\/person\/e9d2b35265b64aa454df57a2828eb2ac"},"description":"Articulo sobre Llevan a cabo tercera edici\u00f3n de Sinergia, Feria de Arte Internacional del Sistema CETYS Universidad","breadcrumb":{"@id":"https:\/\/www.cetys.mx\/noticias\/llevan-a-cabo-tercera-edicion-de-sinergia-feria-de-arte-internacional-del-sistema-cetys-universidad\/#breadcrumb"},"inLanguage":"es","potentialAction":[{"@type":"ReadAction","target":["https:\/\/www.cetys.mx\/noticias\/llevan-a-cabo-tercera-edicion-de-sinergia-feria-de-arte-internacional-del-sistema-cetys-universidad\/"]}]},{"@type":"ImageObject","inLanguage":"es","@id":"https:\/\/www.cetys.mx\/noticias\/llevan-a-cabo-tercera-edicion-de-sinergia-feria-de-arte-internacional-del-sistema-cetys-universidad\/#primaryimage","url":"https:\/\/www.cetys.mx\/noticias\/wp-content\/uploads\/2024\/10\/DSC_0693.jpg","contentUrl":"https:\/\/www.cetys.mx\/noticias\/wp-content\/uploads\/2024\/10\/DSC_0693.jpg","width":958,"height":639},{"@type":"BreadcrumbList","@id":"https:\/\/www.cetys.mx\/noticias\/llevan-a-cabo-tercera-edicion-de-sinergia-feria-de-arte-internacional-del-sistema-cetys-universidad\/#breadcrumb","itemListElement":[{"@type":"ListItem","position":1,"name":"Inicio","item":"https:\/\/www.cetys.mx\/noticias\/"},{"@type":"ListItem","position":2,"name":"Llevan a cabo tercera edici\u00f3n de Sinergia, Feria de Arte Internacional del Sistema CETYS Universidad"}]},{"@type":"WebSite","@id":"https:\/\/www.cetys.mx\/noticias\/#website","url":"https:\/\/www.cetys.mx\/noticias\/","name":"CETYS","description":"","potentialAction":[{"@type":"SearchAction","target":{"@type":"EntryPoint","urlTemplate":"https:\/\/www.cetys.mx\/noticias\/?s={search_term_string}"},"query-input":{"@type":"PropertyValueSpecification","valueRequired":true,"valueName":"search_term_string"}}],"inLanguage":"es"},{"@type":"Person","@id":"https:\/\/www.cetys.mx\/noticias\/#\/schema\/person\/e9d2b35265b64aa454df57a2828eb2ac","name":"CETYS Institucional","url":"https:\/\/www.cetys.mx\/noticias\/author\/cetysinstitucional\/"}]}},"_links":{"self":[{"href":"https:\/\/www.cetys.mx\/noticias\/wp-json\/wp\/v2\/posts\/203247","targetHints":{"allow":["GET"]}}],"collection":[{"href":"https:\/\/www.cetys.mx\/noticias\/wp-json\/wp\/v2\/posts"}],"about":[{"href":"https:\/\/www.cetys.mx\/noticias\/wp-json\/wp\/v2\/types\/post"}],"author":[{"embeddable":true,"href":"https:\/\/www.cetys.mx\/noticias\/wp-json\/wp\/v2\/users\/26"}],"replies":[{"embeddable":true,"href":"https:\/\/www.cetys.mx\/noticias\/wp-json\/wp\/v2\/comments?post=203247"}],"version-history":[{"count":6,"href":"https:\/\/www.cetys.mx\/noticias\/wp-json\/wp\/v2\/posts\/203247\/revisions"}],"predecessor-version":[{"id":203717,"href":"https:\/\/www.cetys.mx\/noticias\/wp-json\/wp\/v2\/posts\/203247\/revisions\/203717"}],"wp:featuredmedia":[{"embeddable":true,"href":"https:\/\/www.cetys.mx\/noticias\/wp-json\/wp\/v2\/media\/203250"}],"wp:attachment":[{"href":"https:\/\/www.cetys.mx\/noticias\/wp-json\/wp\/v2\/media?parent=203247"}],"wp:term":[{"taxonomy":"category","embeddable":true,"href":"https:\/\/www.cetys.mx\/noticias\/wp-json\/wp\/v2\/categories?post=203247"},{"taxonomy":"post_tag","embeddable":true,"href":"https:\/\/www.cetys.mx\/noticias\/wp-json\/wp\/v2\/tags?post=203247"}],"curies":[{"name":"wp","href":"https:\/\/api.w.org\/{rel}","templated":true}]}}