{"id":203177,"date":"2024-10-17T15:47:50","date_gmt":"2024-10-17T22:47:50","guid":{"rendered":"https:\/\/www.cetys.mx\/noticias\/?p=203177"},"modified":"2024-10-17T15:47:50","modified_gmt":"2024-10-17T22:47:50","slug":"cetys-tijuana-es-sede-de-la-clausura-del-programa-necesitamos-salud-mental-we-all-have-mental-health","status":"publish","type":"post","link":"https:\/\/www.cetys.mx\/noticias\/cetys-tijuana-es-sede-de-la-clausura-del-programa-necesitamos-salud-mental-we-all-have-mental-health\/","title":{"rendered":"CETYS Tijuana es sede de la clausura del Programa &#8220;Necesitamos Salud Mental\/We All Have Mental Health&#8221;"},"content":{"rendered":"<p><strong>CETYS Universidad Campus Tijuana<\/strong> fue sede de la clausura de la segunda edici\u00f3n del programa &#8220;Necesitamos Salud Mental\/We All Have Mental Health&#8221;.El evento cont\u00f3 con la participaci\u00f3n de estudiantes de la Escuela de Psicolog\u00eda, quienes mostraron gran inter\u00e9s y compromiso durante toda la sesi\u00f3n.<\/p>\n<p>Fue <strong>Karla Wheelock<\/strong>, emprendedora social y alpinista mexicana ofreci\u00f3 la conferencia &#8220;El \u00e9xito que se comparte, se multiplica&#8221;,\u00a0comparti\u00f3 su inspiradora experiencia al convertirse en la primera mujer de Iberoam\u00e9rica en escalar las Siete Cumbres, incluido el <strong>Monte Everest<\/strong> por la vertiente norte. Wheelock ofreci\u00f3 una perspectiva \u00fanica sobre la conexi\u00f3n entre el alto rendimiento deportivo y el liderazgo empresarial, inspirando a los asistentes a aplicar estos aprendizajes en su vida acad\u00e9mica y profesional.<\/p>\n<p>El evento no solo subray\u00f3 la importancia de la salud mental, sino que tambi\u00e9n promovi\u00f3 el liderazgo y el desarrollo de competencias, valores fundamentales tanto en el \u00e1mbito acad\u00e9mico como personal. Los estudiantes de Psicolog\u00eda destacaron por su activa participaci\u00f3n, haciendo preguntas y mostrando gran inter\u00e9s en las estrategias para fomentar la sostenibilidad personal y el bienestar emocional.<\/p>\n<p>Este evento fue posible gracias a la colaboraci\u00f3n de diversas organizaciones, entre ellas, This Is About Humanity, Fundaci\u00f3n CAAAREM y la International Community Foundation, las cuales han sido clave en promover iniciativas que favorezcan el bienestar comunitario y el desarrollo integral de los estudiantes.<\/p>\n<p>Con actividades como esta, CETYS Universidad reafirma su compromiso con la formaci\u00f3n integral de sus estudiantes, promoviendo espacios que fortalezcan no solo el conocimiento acad\u00e9mico, sino tambi\u00e9n el bienestar emocional\u00a0y\u00a0mental.<\/p>\n","protected":false},"excerpt":{"rendered":"<p>CETYS Universidad Campus Tijuana fue sede de la clausura de la segunda edici\u00f3n del programa &#8220;Necesitamos Salud Mental\/We All Have Mental Health&#8221;.El&#8230;<\/p>\n","protected":false},"author":24,"featured_media":203178,"comment_status":"open","ping_status":"closed","sticky":false,"template":"","format":"standard","meta":{"footnotes":""},"categories":[134,112],"tags":[854,559],"class_list":["post-203177","post","type-post","status-publish","format-standard","has-post-thumbnail","hentry","category-campus-tijuana","category-filantropia","tag-avance","tag-filantropia"],"yoast_head":"<!-- This site is optimized with the Yoast SEO plugin v27.4 - https:\/\/yoast.com\/product\/yoast-seo-wordpress\/ -->\n<title>CETYS Tijuana es sede de la clausura del Programa &quot;Necesitamos Salud Mental\/We All Have Mental Health&quot; - CETYS<\/title>\n<meta name=\"description\" content=\"Articulo sobre CETYS Tijuana es sede de la clausura del Programa &quot;Necesitamos Salud Mental\/We All Have Mental Health&quot;\" \/>\n<meta name=\"robots\" content=\"index, follow, max-snippet:-1, max-image-preview:large, max-video-preview:-1\" \/>\n<link rel=\"canonical\" href=\"https:\/\/www.cetys.mx\/noticias\/cetys-tijuana-es-sede-de-la-clausura-del-programa-necesitamos-salud-mental-we-all-have-mental-health\/\" \/>\n<meta property=\"og:locale\" content=\"es_MX\" \/>\n<meta property=\"og:type\" content=\"article\" \/>\n<meta property=\"og:title\" content=\"CETYS Tijuana es sede de la clausura del Programa &quot;Necesitamos Salud Mental\/We All Have Mental Health&quot; - CETYS\" \/>\n<meta property=\"og:description\" content=\"Articulo sobre CETYS Tijuana es sede de la clausura del Programa &quot;Necesitamos Salud Mental\/We All Have Mental Health&quot;\" \/>\n<meta property=\"og:url\" content=\"https:\/\/www.cetys.mx\/noticias\/cetys-tijuana-es-sede-de-la-clausura-del-programa-necesitamos-salud-mental-we-all-have-mental-health\/\" \/>\n<meta property=\"og:site_name\" content=\"CETYS\" \/>\n<meta property=\"article:publisher\" content=\"https:\/\/www.facebook.com\/cetysuniversidadmxl\/\" \/>\n<meta property=\"article:published_time\" content=\"2024-10-17T22:47:50+00:00\" \/>\n<meta property=\"og:image\" content=\"https:\/\/www.cetys.mx\/noticias\/wp-content\/uploads\/2024\/10\/Karla-Weelock-en-CETYS-Tijuana.jpg\" \/>\n\t<meta property=\"og:image:width\" content=\"958\" \/>\n\t<meta property=\"og:image:height\" content=\"637\" \/>\n\t<meta property=\"og:image:type\" content=\"image\/jpeg\" \/>\n<meta name=\"author\" content=\"Campus Tijuana\" \/>\n<meta name=\"twitter:card\" content=\"summary_large_image\" \/>\n<meta name=\"twitter:creator\" content=\"@cetysuni\" \/>\n<meta name=\"twitter:site\" content=\"@cetysuni\" \/>\n<meta name=\"twitter:label1\" content=\"Escrito por\" \/>\n\t<meta name=\"twitter:data1\" content=\"Campus Tijuana\" \/>\n\t<meta name=\"twitter:label2\" content=\"Tiempo de lectura\" \/>\n\t<meta name=\"twitter:data2\" content=\"1 minuto\" \/>\n<script type=\"application\/ld+json\" class=\"yoast-schema-graph\">{\"@context\":\"https:\\\/\\\/schema.org\",\"@graph\":[{\"@type\":\"Article\",\"@id\":\"https:\\\/\\\/www.cetys.mx\\\/noticias\\\/cetys-tijuana-es-sede-de-la-clausura-del-programa-necesitamos-salud-mental-we-all-have-mental-health\\\/#article\",\"isPartOf\":{\"@id\":\"https:\\\/\\\/www.cetys.mx\\\/noticias\\\/cetys-tijuana-es-sede-de-la-clausura-del-programa-necesitamos-salud-mental-we-all-have-mental-health\\\/\"},\"author\":{\"name\":\"Campus Tijuana\",\"@id\":\"https:\\\/\\\/www.cetys.mx\\\/noticias\\\/#\\\/schema\\\/person\\\/e790051ce60e18ae47cfa87011c8653f\"},\"headline\":\"CETYS Tijuana es sede de la clausura del Programa &#8220;Necesitamos Salud Mental\\\/We All Have Mental Health&#8221;\",\"datePublished\":\"2024-10-17T22:47:50+00:00\",\"mainEntityOfPage\":{\"@id\":\"https:\\\/\\\/www.cetys.mx\\\/noticias\\\/cetys-tijuana-es-sede-de-la-clausura-del-programa-necesitamos-salud-mental-we-all-have-mental-health\\\/\"},\"wordCount\":289,\"commentCount\":0,\"image\":{\"@id\":\"https:\\\/\\\/www.cetys.mx\\\/noticias\\\/cetys-tijuana-es-sede-de-la-clausura-del-programa-necesitamos-salud-mental-we-all-have-mental-health\\\/#primaryimage\"},\"thumbnailUrl\":\"https:\\\/\\\/www.cetys.mx\\\/noticias\\\/wp-content\\\/uploads\\\/2024\\\/10\\\/Karla-Weelock-en-CETYS-Tijuana.jpg\",\"keywords\":[\"Avance\",\"filantropia\"],\"articleSection\":[\"Campus Tijuana\",\"Filantrop\u00eda\"],\"inLanguage\":\"es\",\"potentialAction\":[{\"@type\":\"CommentAction\",\"name\":\"Comment\",\"target\":[\"https:\\\/\\\/www.cetys.mx\\\/noticias\\\/cetys-tijuana-es-sede-de-la-clausura-del-programa-necesitamos-salud-mental-we-all-have-mental-health\\\/#respond\"]}]},{\"@type\":\"WebPage\",\"@id\":\"https:\\\/\\\/www.cetys.mx\\\/noticias\\\/cetys-tijuana-es-sede-de-la-clausura-del-programa-necesitamos-salud-mental-we-all-have-mental-health\\\/\",\"url\":\"https:\\\/\\\/www.cetys.mx\\\/noticias\\\/cetys-tijuana-es-sede-de-la-clausura-del-programa-necesitamos-salud-mental-we-all-have-mental-health\\\/\",\"name\":\"CETYS Tijuana es sede de la clausura del Programa \\\"Necesitamos Salud Mental\\\/We All Have Mental Health\\\" - CETYS\",\"isPartOf\":{\"@id\":\"https:\\\/\\\/www.cetys.mx\\\/noticias\\\/#website\"},\"primaryImageOfPage\":{\"@id\":\"https:\\\/\\\/www.cetys.mx\\\/noticias\\\/cetys-tijuana-es-sede-de-la-clausura-del-programa-necesitamos-salud-mental-we-all-have-mental-health\\\/#primaryimage\"},\"image\":{\"@id\":\"https:\\\/\\\/www.cetys.mx\\\/noticias\\\/cetys-tijuana-es-sede-de-la-clausura-del-programa-necesitamos-salud-mental-we-all-have-mental-health\\\/#primaryimage\"},\"thumbnailUrl\":\"https:\\\/\\\/www.cetys.mx\\\/noticias\\\/wp-content\\\/uploads\\\/2024\\\/10\\\/Karla-Weelock-en-CETYS-Tijuana.jpg\",\"datePublished\":\"2024-10-17T22:47:50+00:00\",\"author\":{\"@id\":\"https:\\\/\\\/www.cetys.mx\\\/noticias\\\/#\\\/schema\\\/person\\\/e790051ce60e18ae47cfa87011c8653f\"},\"description\":\"Articulo sobre CETYS Tijuana es sede de la clausura del Programa \\\"Necesitamos Salud Mental\\\/We All Have Mental Health\\\"\",\"breadcrumb\":{\"@id\":\"https:\\\/\\\/www.cetys.mx\\\/noticias\\\/cetys-tijuana-es-sede-de-la-clausura-del-programa-necesitamos-salud-mental-we-all-have-mental-health\\\/#breadcrumb\"},\"inLanguage\":\"es\",\"potentialAction\":[{\"@type\":\"ReadAction\",\"target\":[\"https:\\\/\\\/www.cetys.mx\\\/noticias\\\/cetys-tijuana-es-sede-de-la-clausura-del-programa-necesitamos-salud-mental-we-all-have-mental-health\\\/\"]}]},{\"@type\":\"ImageObject\",\"inLanguage\":\"es\",\"@id\":\"https:\\\/\\\/www.cetys.mx\\\/noticias\\\/cetys-tijuana-es-sede-de-la-clausura-del-programa-necesitamos-salud-mental-we-all-have-mental-health\\\/#primaryimage\",\"url\":\"https:\\\/\\\/www.cetys.mx\\\/noticias\\\/wp-content\\\/uploads\\\/2024\\\/10\\\/Karla-Weelock-en-CETYS-Tijuana.jpg\",\"contentUrl\":\"https:\\\/\\\/www.cetys.mx\\\/noticias\\\/wp-content\\\/uploads\\\/2024\\\/10\\\/Karla-Weelock-en-CETYS-Tijuana.jpg\",\"width\":958,\"height\":637},{\"@type\":\"BreadcrumbList\",\"@id\":\"https:\\\/\\\/www.cetys.mx\\\/noticias\\\/cetys-tijuana-es-sede-de-la-clausura-del-programa-necesitamos-salud-mental-we-all-have-mental-health\\\/#breadcrumb\",\"itemListElement\":[{\"@type\":\"ListItem\",\"position\":1,\"name\":\"Inicio\",\"item\":\"https:\\\/\\\/www.cetys.mx\\\/noticias\\\/\"},{\"@type\":\"ListItem\",\"position\":2,\"name\":\"CETYS Tijuana es sede de la clausura del Programa &#8220;Necesitamos Salud Mental\\\/We All Have Mental Health&#8221;\"}]},{\"@type\":\"WebSite\",\"@id\":\"https:\\\/\\\/www.cetys.mx\\\/noticias\\\/#website\",\"url\":\"https:\\\/\\\/www.cetys.mx\\\/noticias\\\/\",\"name\":\"CETYS\",\"description\":\"\",\"potentialAction\":[{\"@type\":\"SearchAction\",\"target\":{\"@type\":\"EntryPoint\",\"urlTemplate\":\"https:\\\/\\\/www.cetys.mx\\\/noticias\\\/?s={search_term_string}\"},\"query-input\":{\"@type\":\"PropertyValueSpecification\",\"valueRequired\":true,\"valueName\":\"search_term_string\"}}],\"inLanguage\":\"es\"},{\"@type\":\"Person\",\"@id\":\"https:\\\/\\\/www.cetys.mx\\\/noticias\\\/#\\\/schema\\\/person\\\/e790051ce60e18ae47cfa87011c8653f\",\"name\":\"Campus Tijuana\",\"url\":\"https:\\\/\\\/www.cetys.mx\\\/noticias\\\/author\\\/campustijuana\\\/\"}]}<\/script>\n<!-- \/ Yoast SEO plugin. -->","yoast_head_json":{"title":"CETYS Tijuana es sede de la clausura del Programa \"Necesitamos Salud Mental\/We All Have Mental Health\" - CETYS","description":"Articulo sobre CETYS Tijuana es sede de la clausura del Programa \"Necesitamos Salud Mental\/We All Have Mental Health\"","robots":{"index":"index","follow":"follow","max-snippet":"max-snippet:-1","max-image-preview":"max-image-preview:large","max-video-preview":"max-video-preview:-1"},"canonical":"https:\/\/www.cetys.mx\/noticias\/cetys-tijuana-es-sede-de-la-clausura-del-programa-necesitamos-salud-mental-we-all-have-mental-health\/","og_locale":"es_MX","og_type":"article","og_title":"CETYS Tijuana es sede de la clausura del Programa \"Necesitamos Salud Mental\/We All Have Mental Health\" - CETYS","og_description":"Articulo sobre CETYS Tijuana es sede de la clausura del Programa \"Necesitamos Salud Mental\/We All Have Mental Health\"","og_url":"https:\/\/www.cetys.mx\/noticias\/cetys-tijuana-es-sede-de-la-clausura-del-programa-necesitamos-salud-mental-we-all-have-mental-health\/","og_site_name":"CETYS","article_publisher":"https:\/\/www.facebook.com\/cetysuniversidadmxl\/","article_published_time":"2024-10-17T22:47:50+00:00","og_image":[{"width":958,"height":637,"url":"https:\/\/www.cetys.mx\/noticias\/wp-content\/uploads\/2024\/10\/Karla-Weelock-en-CETYS-Tijuana.jpg","type":"image\/jpeg"}],"author":"Campus Tijuana","twitter_card":"summary_large_image","twitter_creator":"@cetysuni","twitter_site":"@cetysuni","twitter_misc":{"Escrito por":"Campus Tijuana","Tiempo de lectura":"1 minuto"},"schema":{"@context":"https:\/\/schema.org","@graph":[{"@type":"Article","@id":"https:\/\/www.cetys.mx\/noticias\/cetys-tijuana-es-sede-de-la-clausura-del-programa-necesitamos-salud-mental-we-all-have-mental-health\/#article","isPartOf":{"@id":"https:\/\/www.cetys.mx\/noticias\/cetys-tijuana-es-sede-de-la-clausura-del-programa-necesitamos-salud-mental-we-all-have-mental-health\/"},"author":{"name":"Campus Tijuana","@id":"https:\/\/www.cetys.mx\/noticias\/#\/schema\/person\/e790051ce60e18ae47cfa87011c8653f"},"headline":"CETYS Tijuana es sede de la clausura del Programa &#8220;Necesitamos Salud Mental\/We All Have Mental Health&#8221;","datePublished":"2024-10-17T22:47:50+00:00","mainEntityOfPage":{"@id":"https:\/\/www.cetys.mx\/noticias\/cetys-tijuana-es-sede-de-la-clausura-del-programa-necesitamos-salud-mental-we-all-have-mental-health\/"},"wordCount":289,"commentCount":0,"image":{"@id":"https:\/\/www.cetys.mx\/noticias\/cetys-tijuana-es-sede-de-la-clausura-del-programa-necesitamos-salud-mental-we-all-have-mental-health\/#primaryimage"},"thumbnailUrl":"https:\/\/www.cetys.mx\/noticias\/wp-content\/uploads\/2024\/10\/Karla-Weelock-en-CETYS-Tijuana.jpg","keywords":["Avance","filantropia"],"articleSection":["Campus Tijuana","Filantrop\u00eda"],"inLanguage":"es","potentialAction":[{"@type":"CommentAction","name":"Comment","target":["https:\/\/www.cetys.mx\/noticias\/cetys-tijuana-es-sede-de-la-clausura-del-programa-necesitamos-salud-mental-we-all-have-mental-health\/#respond"]}]},{"@type":"WebPage","@id":"https:\/\/www.cetys.mx\/noticias\/cetys-tijuana-es-sede-de-la-clausura-del-programa-necesitamos-salud-mental-we-all-have-mental-health\/","url":"https:\/\/www.cetys.mx\/noticias\/cetys-tijuana-es-sede-de-la-clausura-del-programa-necesitamos-salud-mental-we-all-have-mental-health\/","name":"CETYS Tijuana es sede de la clausura del Programa \"Necesitamos Salud Mental\/We All Have Mental Health\" - CETYS","isPartOf":{"@id":"https:\/\/www.cetys.mx\/noticias\/#website"},"primaryImageOfPage":{"@id":"https:\/\/www.cetys.mx\/noticias\/cetys-tijuana-es-sede-de-la-clausura-del-programa-necesitamos-salud-mental-we-all-have-mental-health\/#primaryimage"},"image":{"@id":"https:\/\/www.cetys.mx\/noticias\/cetys-tijuana-es-sede-de-la-clausura-del-programa-necesitamos-salud-mental-we-all-have-mental-health\/#primaryimage"},"thumbnailUrl":"https:\/\/www.cetys.mx\/noticias\/wp-content\/uploads\/2024\/10\/Karla-Weelock-en-CETYS-Tijuana.jpg","datePublished":"2024-10-17T22:47:50+00:00","author":{"@id":"https:\/\/www.cetys.mx\/noticias\/#\/schema\/person\/e790051ce60e18ae47cfa87011c8653f"},"description":"Articulo sobre CETYS Tijuana es sede de la clausura del Programa \"Necesitamos Salud Mental\/We All Have Mental Health\"","breadcrumb":{"@id":"https:\/\/www.cetys.mx\/noticias\/cetys-tijuana-es-sede-de-la-clausura-del-programa-necesitamos-salud-mental-we-all-have-mental-health\/#breadcrumb"},"inLanguage":"es","potentialAction":[{"@type":"ReadAction","target":["https:\/\/www.cetys.mx\/noticias\/cetys-tijuana-es-sede-de-la-clausura-del-programa-necesitamos-salud-mental-we-all-have-mental-health\/"]}]},{"@type":"ImageObject","inLanguage":"es","@id":"https:\/\/www.cetys.mx\/noticias\/cetys-tijuana-es-sede-de-la-clausura-del-programa-necesitamos-salud-mental-we-all-have-mental-health\/#primaryimage","url":"https:\/\/www.cetys.mx\/noticias\/wp-content\/uploads\/2024\/10\/Karla-Weelock-en-CETYS-Tijuana.jpg","contentUrl":"https:\/\/www.cetys.mx\/noticias\/wp-content\/uploads\/2024\/10\/Karla-Weelock-en-CETYS-Tijuana.jpg","width":958,"height":637},{"@type":"BreadcrumbList","@id":"https:\/\/www.cetys.mx\/noticias\/cetys-tijuana-es-sede-de-la-clausura-del-programa-necesitamos-salud-mental-we-all-have-mental-health\/#breadcrumb","itemListElement":[{"@type":"ListItem","position":1,"name":"Inicio","item":"https:\/\/www.cetys.mx\/noticias\/"},{"@type":"ListItem","position":2,"name":"CETYS Tijuana es sede de la clausura del Programa &#8220;Necesitamos Salud Mental\/We All Have Mental Health&#8221;"}]},{"@type":"WebSite","@id":"https:\/\/www.cetys.mx\/noticias\/#website","url":"https:\/\/www.cetys.mx\/noticias\/","name":"CETYS","description":"","potentialAction":[{"@type":"SearchAction","target":{"@type":"EntryPoint","urlTemplate":"https:\/\/www.cetys.mx\/noticias\/?s={search_term_string}"},"query-input":{"@type":"PropertyValueSpecification","valueRequired":true,"valueName":"search_term_string"}}],"inLanguage":"es"},{"@type":"Person","@id":"https:\/\/www.cetys.mx\/noticias\/#\/schema\/person\/e790051ce60e18ae47cfa87011c8653f","name":"Campus Tijuana","url":"https:\/\/www.cetys.mx\/noticias\/author\/campustijuana\/"}]}},"_links":{"self":[{"href":"https:\/\/www.cetys.mx\/noticias\/wp-json\/wp\/v2\/posts\/203177","targetHints":{"allow":["GET"]}}],"collection":[{"href":"https:\/\/www.cetys.mx\/noticias\/wp-json\/wp\/v2\/posts"}],"about":[{"href":"https:\/\/www.cetys.mx\/noticias\/wp-json\/wp\/v2\/types\/post"}],"author":[{"embeddable":true,"href":"https:\/\/www.cetys.mx\/noticias\/wp-json\/wp\/v2\/users\/24"}],"replies":[{"embeddable":true,"href":"https:\/\/www.cetys.mx\/noticias\/wp-json\/wp\/v2\/comments?post=203177"}],"version-history":[{"count":1,"href":"https:\/\/www.cetys.mx\/noticias\/wp-json\/wp\/v2\/posts\/203177\/revisions"}],"predecessor-version":[{"id":203179,"href":"https:\/\/www.cetys.mx\/noticias\/wp-json\/wp\/v2\/posts\/203177\/revisions\/203179"}],"wp:featuredmedia":[{"embeddable":true,"href":"https:\/\/www.cetys.mx\/noticias\/wp-json\/wp\/v2\/media\/203178"}],"wp:attachment":[{"href":"https:\/\/www.cetys.mx\/noticias\/wp-json\/wp\/v2\/media?parent=203177"}],"wp:term":[{"taxonomy":"category","embeddable":true,"href":"https:\/\/www.cetys.mx\/noticias\/wp-json\/wp\/v2\/categories?post=203177"},{"taxonomy":"post_tag","embeddable":true,"href":"https:\/\/www.cetys.mx\/noticias\/wp-json\/wp\/v2\/tags?post=203177"}],"curies":[{"name":"wp","href":"https:\/\/api.w.org\/{rel}","templated":true}]}}