{"id":202991,"date":"2024-10-11T12:30:20","date_gmt":"2024-10-11T19:30:20","guid":{"rendered":"https:\/\/www.cetys.mx\/noticias\/?p=202991"},"modified":"2024-10-14T12:47:38","modified_gmt":"2024-10-14T19:47:38","slug":"congreso-cian-2024-despertando-al-gigante-que-todos-llevamos-dentro","status":"publish","type":"post","link":"https:\/\/www.cetys.mx\/noticias\/congreso-cian-2024-despertando-al-gigante-que-todos-llevamos-dentro\/","title":{"rendered":"Congreso CIAN 2024: Despertando al gigante que todos llevamos dentro"},"content":{"rendered":"<p>&nbsp;<\/p>\n<ul>\n<li style=\"font-weight: 400;\" aria-level=\"1\">\n<blockquote><p><span style=\"font-weight: 400;\">Organizado por estudiantes de CETYS Ensenada, m\u00e1s de 340 estudiantes de todo el estado viven\u00a0 la experiencia de\u00a0 expertos en negocios, marketing y emprendimiento.<\/span><\/p><\/blockquote>\n<\/li>\n<\/ul>\n<p><span style=\"font-weight: 400;\">Con la participaci\u00f3n de Ray Combs de Silicon Valley, inici\u00f3 la edici\u00f3n n\u00famero 22 del Congreso Internacional de Administraci\u00f3n y Negocios (CIAN), organizado por estudiantes de CETYS Universidad.<\/span><\/p>\n<p><span style=\"font-weight: 400;\">Durante su charla, Ray Combs, creador de innovaciones como el Palm Pilot y el Kindle de Amazon, explic\u00f3 que lo m\u00e1s importante es hacer lo que te apasiona y a partir de ah\u00ed emana el dinero.<\/span><\/p>\n<p><span style=\"font-weight: 400;\">El CIAN es el evento emblema de la Escuela de Administraci\u00f3n y Negocios de CETYS Universidad Campus Internacional Ensenada, y tiene como objetivo fomentar en los estudiantes la cultura de los negocios y conocer las tendencias a trav\u00e9s de diferentes expertos reconocidos nacional e internacionalmente.<\/span><\/p>\n<p><span style=\"font-weight: 400;\">Este a\u00f1o, el CIAN recibe a m\u00e1s de 340 asistentes y con la participaci\u00f3n de seis conferencistas: Jorge Vallarta y Rodrigo Marcos del cereal mexicano Groovies; Andr\u00e9s Garza qui\u00e9n ofreci\u00f3 la conferencia \u2018M\u00e1s all\u00e1 del dinero\u2019; Alan Estrada de Alan por el mundo con la conferencia \u201cEl poder de los viajes\u201d.<\/span><\/p>\n<p><span style=\"font-weight: 400;\">El segundo d\u00eda participan Golan Yossifon y Jeshua Alapizco de Aromante para exponer su experiencia en negocios a los asistentes. El viernes tambi\u00e9n se designaron espacios para networking y din\u00e1micas con premios para los participantes.<\/span><\/p>\n<p><span style=\"font-weight: 400;\">\u201cEl Colegio de Administraci\u00f3n y Negocios y toda nuestra instituci\u00f3n estamos de fiesta, celebrando el aprendizaje y el crecimiento. As\u00ed es el CIAN, cada a\u00f1o nos sorprende por su alto nivel de calidad y su atenci\u00f3n a cada detalle\u201d, destac\u00f3 durante la inauguraci\u00f3n el Dr. Francisco V\u00e9lez, Director de CETYS Universidad Campus Internacional Ensenada.<\/span><\/p>\n<p><span style=\"font-weight: 400;\">Por su parte, la Mtra. Jessica Ibarra Ramonet, Vicerrectora de Desarrollo y Experiencia Estudiantil del Sistema CETYS Universidad, encargada de presidir la ceremonia de inauguraci\u00f3n, se\u00f1al\u00f3 la importancia que tiene este evento para los asistentes.<\/span><\/p>\n<p><span style=\"font-weight: 400;\">\u201cEspero que todos los presentes aprovechen lo que expertos nacionales e internacionales vienen a compartirles durante estos dos d\u00edas; participen, pregunten, aprendan y no los dejen solos ni un momento. Este evento que est\u00e1 hecho por estudiantes para estudiantes con las mismas inquietudes y con esas ganas de ser personas sobresalientes en el \u00e1mbito de los negocios, liderazgo y emprendimiento\u201d, comparti\u00f3 la Mtra. Jessica Ibarra.<\/span><\/p>\n<p><span style=\"font-weight: 400;\">En representaci\u00f3n del Comit\u00e9 Organizador del CIAN, su presidente, el estudiante \u00a0 Roberto Zumaya, ofreci\u00f3 unas palabras de bienvenida y agradecimiento: \u201cAwakening giants, significa que todos tenemos que despertar el gigante que llevamos dentro. Este congreso es una oportunidad para conectar, para aprender y para el crecimiento\u201d.<\/span><\/p>\n<p><span style=\"font-weight: 400;\">Respecto a esto, la Dra. Guadalupe S\u00e1nchez, Directora del Colegio de Administraci\u00f3n y Negocios del Sistema CETYS Universidad, expres\u00f3: \u201cpor lo que es y hace, el CIAN se ha convertido en un referente de la Escuela de Administraci\u00f3n y Negocios del Campus Internacional Ensenada que durante m\u00e1s de 20 a\u00f1os ha sido una plataforma para compartir conocimiento y discutir tendencias actuales\u201d.<\/span><\/p>\n<p>&nbsp;<\/p>\n<p><span style=\"font-weight: 400;\">El primer d\u00eda culmin\u00f3 con la participaci\u00f3n de Alan Estrada, actor y Youtuber de viajes, quien durante su conferencia invit\u00f3 a los asistentes a viajar para ampliar su visi\u00f3n del mundo, empat\u00eda y cultura.<\/span><\/p>\n<p><span style=\"font-weight: 400;\">El CIAN es un evento organizado por estudiantes, lo que permite impulsar su liderazgo desde la formaci\u00f3n integral, \u00e9sta, su edici\u00f3n 22 el primer d\u00eda se lleva a cabo en el Hotel Coral &amp; Marina y el segundo d\u00eda en la casa vin\u00edcola Bar\u00f3n Balch\u00e9 en presencia de estudiantes de CETYS y de otras universidades de la localidad, con la participaci\u00f3n de 6 expertos en <\/span><span style=\"font-weight: 400;\">negocios, marketing y emprendimiento.\u00a0<\/span><\/p>\n<p>&nbsp;<\/p>\n<div class=\"gallery-slider-wrapper gallery-1\">\n                        <div class=\"gallery-slider\" itemscope itemtype=\"http:\/\/schema.org\/ImageGallery\"><figure class=\"slide\" itemprop=\"associatedMedia\" itemscope itemtype=\"http:\/\/schema.org\/ImageObject\">\n                    <a itemprop=\"contentUrl\" href=\"https:\/\/www.cetys.mx\/noticias\/wp-content\/uploads\/2024\/10\/3-1-1.jpg\">\n                        <img decoding=\"async\" itemprop=\"thumbnail\" class=\"lazyOwl\" src=\"https:\/\/www.cetys.mx\/noticias\/wp-content\/plugins\/jmagz-plugin\/assets\/placeholder\/900x450.png\" data-src=\"https:\/\/www.cetys.mx\/noticias\/wp-content\/uploads\/2024\/10\/3-1-1.jpg\" alt=\"3 (1)\">\n                    <\/a>\n                    <figcaption itemprop=\"caption description\" class=\"slide-caption\">\n                        CIAN tiene como objetivo fomentar en los estudiantes la cultura de los negocios y conocer las tendencias a trav\u00e9s de diferentes expertos reconocidos nacional e internacionalmente.\n                    <\/figcaption>\n                <\/figure><figure class=\"slide\" itemprop=\"associatedMedia\" itemscope itemtype=\"http:\/\/schema.org\/ImageObject\">\n                    <a itemprop=\"contentUrl\" href=\"https:\/\/www.cetys.mx\/noticias\/wp-content\/uploads\/2024\/10\/1-1.jpg\">\n                        <img decoding=\"async\" itemprop=\"thumbnail\" class=\"lazyOwl\" src=\"https:\/\/www.cetys.mx\/noticias\/wp-content\/plugins\/jmagz-plugin\/assets\/placeholder\/900x450.png\" data-src=\"https:\/\/www.cetys.mx\/noticias\/wp-content\/uploads\/2024\/10\/1-1.jpg\" alt=\"1 (1)\">\n                    <\/a>\n                    <figcaption itemprop=\"caption description\" class=\"slide-caption\">\n                        Dr. Francisco V\u00e9lez, Director de CETYS Universidad Campus Internacional Ensenada.\n                    <\/figcaption>\n                <\/figure><figure class=\"slide\" itemprop=\"associatedMedia\" itemscope itemtype=\"http:\/\/schema.org\/ImageObject\">\n                    <a itemprop=\"contentUrl\" href=\"https:\/\/www.cetys.mx\/noticias\/wp-content\/uploads\/2024\/10\/5-1.jpg\">\n                        <img decoding=\"async\" itemprop=\"thumbnail\" class=\"lazyOwl\" src=\"https:\/\/www.cetys.mx\/noticias\/wp-content\/plugins\/jmagz-plugin\/assets\/placeholder\/900x450.png\" data-src=\"https:\/\/www.cetys.mx\/noticias\/wp-content\/uploads\/2024\/10\/5-1.jpg\" alt=\"5 (1)\">\n                    <\/a>\n                    <figcaption itemprop=\"caption description\" class=\"slide-caption\">\n                        Andr\u00e9s Garza ofreci\u00f3 la conferencia \"M\u00e1s all\u00e1 del dinero\" \n                    <\/figcaption>\n                <\/figure><figure class=\"slide\" itemprop=\"associatedMedia\" itemscope itemtype=\"http:\/\/schema.org\/ImageObject\">\n                    <a itemprop=\"contentUrl\" href=\"https:\/\/www.cetys.mx\/noticias\/wp-content\/uploads\/2024\/10\/4-2.jpg\">\n                        <img decoding=\"async\" itemprop=\"thumbnail\" class=\"lazyOwl\" src=\"https:\/\/www.cetys.mx\/noticias\/wp-content\/plugins\/jmagz-plugin\/assets\/placeholder\/900x450.png\" data-src=\"https:\/\/www.cetys.mx\/noticias\/wp-content\/uploads\/2024\/10\/4-2.jpg\" alt=\"4 (2)\">\n                    <\/a>\n                    <figcaption itemprop=\"caption description\" class=\"slide-caption\">\n                        Ray Coms de Silicon Valley cont\u00f3 su experiencia\n                    <\/figcaption>\n                <\/figure><figure class=\"slide\" itemprop=\"associatedMedia\" itemscope itemtype=\"http:\/\/schema.org\/ImageObject\">\n                    <a itemprop=\"contentUrl\" href=\"https:\/\/www.cetys.mx\/noticias\/wp-content\/uploads\/2024\/10\/2-1-1.jpg\">\n                        <img decoding=\"async\" itemprop=\"thumbnail\" class=\"lazyOwl\" src=\"https:\/\/www.cetys.mx\/noticias\/wp-content\/plugins\/jmagz-plugin\/assets\/placeholder\/900x450.png\" data-src=\"https:\/\/www.cetys.mx\/noticias\/wp-content\/uploads\/2024\/10\/2-1-1.jpg\" alt=\"2 (1)\">\n                    <\/a>\n                    <figcaption itemprop=\"caption description\" class=\"slide-caption\">\n                        Directivos posaron para la fotograf\u00eda del recuerdo\n                    <\/figcaption>\n                <\/figure><figure class=\"slide\" itemprop=\"associatedMedia\" itemscope itemtype=\"http:\/\/schema.org\/ImageObject\">\n                    <a itemprop=\"contentUrl\" href=\"https:\/\/www.cetys.mx\/noticias\/wp-content\/uploads\/2024\/10\/7-1.jpg\">\n                        <img decoding=\"async\" itemprop=\"thumbnail\" class=\"lazyOwl\" src=\"https:\/\/www.cetys.mx\/noticias\/wp-content\/plugins\/jmagz-plugin\/assets\/placeholder\/900x450.png\" data-src=\"https:\/\/www.cetys.mx\/noticias\/wp-content\/uploads\/2024\/10\/7-1.jpg\" alt=\"Alan Estrada de Alan por el mundo\">\n                    <\/a>\n                    <figcaption itemprop=\"caption description\" class=\"slide-caption\">\n                        Alan Estrada, actor y youtuber\n                    <\/figcaption>\n                <\/figure><figure class=\"slide\" itemprop=\"associatedMedia\" itemscope itemtype=\"http:\/\/schema.org\/ImageObject\">\n                    <a itemprop=\"contentUrl\" href=\"https:\/\/www.cetys.mx\/noticias\/wp-content\/uploads\/2024\/10\/6-2.jpg\">\n                        <img decoding=\"async\" itemprop=\"thumbnail\" class=\"lazyOwl\" src=\"https:\/\/www.cetys.mx\/noticias\/wp-content\/plugins\/jmagz-plugin\/assets\/placeholder\/900x450.png\" data-src=\"https:\/\/www.cetys.mx\/noticias\/wp-content\/uploads\/2024\/10\/6-2.jpg\" alt=\"6 (2)\">\n                    <\/a>\n                    <figcaption itemprop=\"caption description\" class=\"slide-caption\">\n                        Alan por el mundo se tom\u00f3 la foto del recuerdo con directivos de CETYS\n                    <\/figcaption>\n                <\/figure><\/div>\n                <div class=\"gallery-slider-thumbnail-wrapper\">\n                    <div class=\"gallery-slider-thumbnail\"><div class=\"slide-thumbnail\"><img decoding=\"async\" class=\"lazyOwl\" src=\"https:\/\/www.cetys.mx\/noticias\/wp-content\/plugins\/jmagz-plugin\/assets\/placeholder\/150x75.png\" data-src=\"https:\/\/www.cetys.mx\/noticias\/wp-content\/uploads\/2024\/10\/3-1-1.jpg\" alt=\"3 (1)\"><\/div><div class=\"slide-thumbnail\"><img decoding=\"async\" class=\"lazyOwl\" src=\"https:\/\/www.cetys.mx\/noticias\/wp-content\/plugins\/jmagz-plugin\/assets\/placeholder\/150x75.png\" data-src=\"https:\/\/www.cetys.mx\/noticias\/wp-content\/uploads\/2024\/10\/1-1.jpg\" alt=\"1 (1)\"><\/div><div class=\"slide-thumbnail\"><img decoding=\"async\" class=\"lazyOwl\" src=\"https:\/\/www.cetys.mx\/noticias\/wp-content\/plugins\/jmagz-plugin\/assets\/placeholder\/150x75.png\" data-src=\"https:\/\/www.cetys.mx\/noticias\/wp-content\/uploads\/2024\/10\/5-1.jpg\" alt=\"5 (1)\"><\/div><div class=\"slide-thumbnail\"><img decoding=\"async\" class=\"lazyOwl\" src=\"https:\/\/www.cetys.mx\/noticias\/wp-content\/plugins\/jmagz-plugin\/assets\/placeholder\/150x75.png\" data-src=\"https:\/\/www.cetys.mx\/noticias\/wp-content\/uploads\/2024\/10\/4-2.jpg\" alt=\"4 (2)\"><\/div><div class=\"slide-thumbnail\"><img decoding=\"async\" class=\"lazyOwl\" src=\"https:\/\/www.cetys.mx\/noticias\/wp-content\/plugins\/jmagz-plugin\/assets\/placeholder\/150x75.png\" data-src=\"https:\/\/www.cetys.mx\/noticias\/wp-content\/uploads\/2024\/10\/2-1-1.jpg\" alt=\"2 (1)\"><\/div><div class=\"slide-thumbnail\"><img decoding=\"async\" class=\"lazyOwl\" src=\"https:\/\/www.cetys.mx\/noticias\/wp-content\/plugins\/jmagz-plugin\/assets\/placeholder\/150x75.png\" data-src=\"https:\/\/www.cetys.mx\/noticias\/wp-content\/uploads\/2024\/10\/7-1.jpg\" alt=\"Alan Estrada de Alan por el mundo\"><\/div><div class=\"slide-thumbnail\"><img decoding=\"async\" class=\"lazyOwl\" src=\"https:\/\/www.cetys.mx\/noticias\/wp-content\/plugins\/jmagz-plugin\/assets\/placeholder\/150x75.png\" data-src=\"https:\/\/www.cetys.mx\/noticias\/wp-content\/uploads\/2024\/10\/6-2.jpg\" alt=\"6 (2)\"><\/div><\/div><\/div><\/div>\n","protected":false},"excerpt":{"rendered":"<p>&nbsp; Organizado por estudiantes de CETYS Ensenada, m\u00e1s de 340 estudiantes de todo el estado viven\u00a0 la experiencia de\u00a0 expertos en negocios,&#8230;<\/p>\n","protected":false},"author":23,"featured_media":202995,"comment_status":"open","ping_status":"closed","sticky":false,"template":"","format":"standard","meta":{"footnotes":""},"categories":[132,125,105,313],"tags":[],"class_list":["post-202991","post","type-post","status-publish","format-standard","has-post-thumbnail","hentry","category-campus-ensenada","category-portada","category-vida-estudiantil","category-vocetys-2"],"yoast_head":"<!-- This site is optimized with the Yoast SEO plugin v27.4 - https:\/\/yoast.com\/product\/yoast-seo-wordpress\/ -->\n<title>Congreso CIAN 2024: Despertando al gigante que todos llevamos dentro - CETYS<\/title>\n<meta name=\"description\" content=\"Articulo sobre Congreso CIAN 2024: Despertando al gigante que todos llevamos dentro\" \/>\n<meta name=\"robots\" content=\"index, follow, max-snippet:-1, max-image-preview:large, max-video-preview:-1\" \/>\n<link rel=\"canonical\" href=\"https:\/\/www.cetys.mx\/noticias\/congreso-cian-2024-despertando-al-gigante-que-todos-llevamos-dentro\/\" \/>\n<meta property=\"og:locale\" content=\"es_MX\" \/>\n<meta property=\"og:type\" content=\"article\" \/>\n<meta property=\"og:title\" content=\"Congreso CIAN 2024: Despertando al gigante que todos llevamos dentro - CETYS\" \/>\n<meta property=\"og:description\" content=\"Articulo sobre Congreso CIAN 2024: Despertando al gigante que todos llevamos dentro\" \/>\n<meta property=\"og:url\" content=\"https:\/\/www.cetys.mx\/noticias\/congreso-cian-2024-despertando-al-gigante-que-todos-llevamos-dentro\/\" \/>\n<meta property=\"og:site_name\" content=\"CETYS\" \/>\n<meta property=\"article:publisher\" content=\"https:\/\/www.facebook.com\/cetysuniversidadmxl\/\" \/>\n<meta property=\"article:published_time\" content=\"2024-10-11T19:30:20+00:00\" \/>\n<meta property=\"article:modified_time\" content=\"2024-10-14T19:47:38+00:00\" \/>\n<meta property=\"og:image\" content=\"https:\/\/www.cetys.mx\/noticias\/wp-content\/uploads\/2024\/10\/3-1-1.jpg\" \/>\n\t<meta property=\"og:image:width\" content=\"958\" \/>\n\t<meta property=\"og:image:height\" content=\"637\" \/>\n\t<meta property=\"og:image:type\" content=\"image\/jpeg\" \/>\n<meta name=\"author\" content=\"Campus Ensenada\" \/>\n<meta name=\"twitter:card\" content=\"summary_large_image\" \/>\n<meta name=\"twitter:creator\" content=\"@cetysuni\" \/>\n<meta name=\"twitter:site\" content=\"@cetysuni\" \/>\n<meta name=\"twitter:label1\" content=\"Escrito por\" \/>\n\t<meta name=\"twitter:data1\" content=\"Campus Ensenada\" \/>\n\t<meta name=\"twitter:label2\" content=\"Tiempo de lectura\" \/>\n\t<meta name=\"twitter:data2\" content=\"3 minutos\" \/>\n<script type=\"application\/ld+json\" class=\"yoast-schema-graph\">{\"@context\":\"https:\\\/\\\/schema.org\",\"@graph\":[{\"@type\":\"Article\",\"@id\":\"https:\\\/\\\/www.cetys.mx\\\/noticias\\\/congreso-cian-2024-despertando-al-gigante-que-todos-llevamos-dentro\\\/#article\",\"isPartOf\":{\"@id\":\"https:\\\/\\\/www.cetys.mx\\\/noticias\\\/congreso-cian-2024-despertando-al-gigante-que-todos-llevamos-dentro\\\/\"},\"author\":{\"name\":\"Campus Ensenada\",\"@id\":\"https:\\\/\\\/www.cetys.mx\\\/noticias\\\/#\\\/schema\\\/person\\\/1a1a88c0b6586e66a2e9e88e07afc712\"},\"headline\":\"Congreso CIAN 2024: Despertando al gigante que todos llevamos dentro\",\"datePublished\":\"2024-10-11T19:30:20+00:00\",\"dateModified\":\"2024-10-14T19:47:38+00:00\",\"mainEntityOfPage\":{\"@id\":\"https:\\\/\\\/www.cetys.mx\\\/noticias\\\/congreso-cian-2024-despertando-al-gigante-que-todos-llevamos-dentro\\\/\"},\"wordCount\":641,\"commentCount\":0,\"image\":{\"@id\":\"https:\\\/\\\/www.cetys.mx\\\/noticias\\\/congreso-cian-2024-despertando-al-gigante-que-todos-llevamos-dentro\\\/#primaryimage\"},\"thumbnailUrl\":\"https:\\\/\\\/www.cetys.mx\\\/noticias\\\/wp-content\\\/uploads\\\/2024\\\/10\\\/3-1-1.jpg\",\"articleSection\":[\"Campus Ensenada\",\"Portada\",\"Vida Estudiantil\",\"VoCETYS\"],\"inLanguage\":\"es\",\"potentialAction\":[{\"@type\":\"CommentAction\",\"name\":\"Comment\",\"target\":[\"https:\\\/\\\/www.cetys.mx\\\/noticias\\\/congreso-cian-2024-despertando-al-gigante-que-todos-llevamos-dentro\\\/#respond\"]}]},{\"@type\":\"WebPage\",\"@id\":\"https:\\\/\\\/www.cetys.mx\\\/noticias\\\/congreso-cian-2024-despertando-al-gigante-que-todos-llevamos-dentro\\\/\",\"url\":\"https:\\\/\\\/www.cetys.mx\\\/noticias\\\/congreso-cian-2024-despertando-al-gigante-que-todos-llevamos-dentro\\\/\",\"name\":\"Congreso CIAN 2024: Despertando al gigante que todos llevamos dentro - CETYS\",\"isPartOf\":{\"@id\":\"https:\\\/\\\/www.cetys.mx\\\/noticias\\\/#website\"},\"primaryImageOfPage\":{\"@id\":\"https:\\\/\\\/www.cetys.mx\\\/noticias\\\/congreso-cian-2024-despertando-al-gigante-que-todos-llevamos-dentro\\\/#primaryimage\"},\"image\":{\"@id\":\"https:\\\/\\\/www.cetys.mx\\\/noticias\\\/congreso-cian-2024-despertando-al-gigante-que-todos-llevamos-dentro\\\/#primaryimage\"},\"thumbnailUrl\":\"https:\\\/\\\/www.cetys.mx\\\/noticias\\\/wp-content\\\/uploads\\\/2024\\\/10\\\/3-1-1.jpg\",\"datePublished\":\"2024-10-11T19:30:20+00:00\",\"dateModified\":\"2024-10-14T19:47:38+00:00\",\"author\":{\"@id\":\"https:\\\/\\\/www.cetys.mx\\\/noticias\\\/#\\\/schema\\\/person\\\/1a1a88c0b6586e66a2e9e88e07afc712\"},\"description\":\"Articulo sobre Congreso CIAN 2024: Despertando al gigante que todos llevamos dentro\",\"breadcrumb\":{\"@id\":\"https:\\\/\\\/www.cetys.mx\\\/noticias\\\/congreso-cian-2024-despertando-al-gigante-que-todos-llevamos-dentro\\\/#breadcrumb\"},\"inLanguage\":\"es\",\"potentialAction\":[{\"@type\":\"ReadAction\",\"target\":[\"https:\\\/\\\/www.cetys.mx\\\/noticias\\\/congreso-cian-2024-despertando-al-gigante-que-todos-llevamos-dentro\\\/\"]}]},{\"@type\":\"ImageObject\",\"inLanguage\":\"es\",\"@id\":\"https:\\\/\\\/www.cetys.mx\\\/noticias\\\/congreso-cian-2024-despertando-al-gigante-que-todos-llevamos-dentro\\\/#primaryimage\",\"url\":\"https:\\\/\\\/www.cetys.mx\\\/noticias\\\/wp-content\\\/uploads\\\/2024\\\/10\\\/3-1-1.jpg\",\"contentUrl\":\"https:\\\/\\\/www.cetys.mx\\\/noticias\\\/wp-content\\\/uploads\\\/2024\\\/10\\\/3-1-1.jpg\",\"width\":958,\"height\":637,\"caption\":\"CIAN tiene como objetivo fomentar en los estudiantes la cultura de los negocios y conocer las tendencias a trav\u00e9s de diferentes expertos reconocidos nacional e internacionalmente.\"},{\"@type\":\"BreadcrumbList\",\"@id\":\"https:\\\/\\\/www.cetys.mx\\\/noticias\\\/congreso-cian-2024-despertando-al-gigante-que-todos-llevamos-dentro\\\/#breadcrumb\",\"itemListElement\":[{\"@type\":\"ListItem\",\"position\":1,\"name\":\"Inicio\",\"item\":\"https:\\\/\\\/www.cetys.mx\\\/noticias\\\/\"},{\"@type\":\"ListItem\",\"position\":2,\"name\":\"Congreso CIAN 2024: Despertando al gigante que todos llevamos dentro\"}]},{\"@type\":\"WebSite\",\"@id\":\"https:\\\/\\\/www.cetys.mx\\\/noticias\\\/#website\",\"url\":\"https:\\\/\\\/www.cetys.mx\\\/noticias\\\/\",\"name\":\"CETYS\",\"description\":\"\",\"potentialAction\":[{\"@type\":\"SearchAction\",\"target\":{\"@type\":\"EntryPoint\",\"urlTemplate\":\"https:\\\/\\\/www.cetys.mx\\\/noticias\\\/?s={search_term_string}\"},\"query-input\":{\"@type\":\"PropertyValueSpecification\",\"valueRequired\":true,\"valueName\":\"search_term_string\"}}],\"inLanguage\":\"es\"},{\"@type\":\"Person\",\"@id\":\"https:\\\/\\\/www.cetys.mx\\\/noticias\\\/#\\\/schema\\\/person\\\/1a1a88c0b6586e66a2e9e88e07afc712\",\"name\":\"Campus Ensenada\",\"url\":\"https:\\\/\\\/www.cetys.mx\\\/noticias\\\/author\\\/campusensenada\\\/\"}]}<\/script>\n<!-- \/ Yoast SEO plugin. -->","yoast_head_json":{"title":"Congreso CIAN 2024: Despertando al gigante que todos llevamos dentro - CETYS","description":"Articulo sobre Congreso CIAN 2024: Despertando al gigante que todos llevamos dentro","robots":{"index":"index","follow":"follow","max-snippet":"max-snippet:-1","max-image-preview":"max-image-preview:large","max-video-preview":"max-video-preview:-1"},"canonical":"https:\/\/www.cetys.mx\/noticias\/congreso-cian-2024-despertando-al-gigante-que-todos-llevamos-dentro\/","og_locale":"es_MX","og_type":"article","og_title":"Congreso CIAN 2024: Despertando al gigante que todos llevamos dentro - CETYS","og_description":"Articulo sobre Congreso CIAN 2024: Despertando al gigante que todos llevamos dentro","og_url":"https:\/\/www.cetys.mx\/noticias\/congreso-cian-2024-despertando-al-gigante-que-todos-llevamos-dentro\/","og_site_name":"CETYS","article_publisher":"https:\/\/www.facebook.com\/cetysuniversidadmxl\/","article_published_time":"2024-10-11T19:30:20+00:00","article_modified_time":"2024-10-14T19:47:38+00:00","og_image":[{"width":958,"height":637,"url":"https:\/\/www.cetys.mx\/noticias\/wp-content\/uploads\/2024\/10\/3-1-1.jpg","type":"image\/jpeg"}],"author":"Campus Ensenada","twitter_card":"summary_large_image","twitter_creator":"@cetysuni","twitter_site":"@cetysuni","twitter_misc":{"Escrito por":"Campus Ensenada","Tiempo de lectura":"3 minutos"},"schema":{"@context":"https:\/\/schema.org","@graph":[{"@type":"Article","@id":"https:\/\/www.cetys.mx\/noticias\/congreso-cian-2024-despertando-al-gigante-que-todos-llevamos-dentro\/#article","isPartOf":{"@id":"https:\/\/www.cetys.mx\/noticias\/congreso-cian-2024-despertando-al-gigante-que-todos-llevamos-dentro\/"},"author":{"name":"Campus Ensenada","@id":"https:\/\/www.cetys.mx\/noticias\/#\/schema\/person\/1a1a88c0b6586e66a2e9e88e07afc712"},"headline":"Congreso CIAN 2024: Despertando al gigante que todos llevamos dentro","datePublished":"2024-10-11T19:30:20+00:00","dateModified":"2024-10-14T19:47:38+00:00","mainEntityOfPage":{"@id":"https:\/\/www.cetys.mx\/noticias\/congreso-cian-2024-despertando-al-gigante-que-todos-llevamos-dentro\/"},"wordCount":641,"commentCount":0,"image":{"@id":"https:\/\/www.cetys.mx\/noticias\/congreso-cian-2024-despertando-al-gigante-que-todos-llevamos-dentro\/#primaryimage"},"thumbnailUrl":"https:\/\/www.cetys.mx\/noticias\/wp-content\/uploads\/2024\/10\/3-1-1.jpg","articleSection":["Campus Ensenada","Portada","Vida Estudiantil","VoCETYS"],"inLanguage":"es","potentialAction":[{"@type":"CommentAction","name":"Comment","target":["https:\/\/www.cetys.mx\/noticias\/congreso-cian-2024-despertando-al-gigante-que-todos-llevamos-dentro\/#respond"]}]},{"@type":"WebPage","@id":"https:\/\/www.cetys.mx\/noticias\/congreso-cian-2024-despertando-al-gigante-que-todos-llevamos-dentro\/","url":"https:\/\/www.cetys.mx\/noticias\/congreso-cian-2024-despertando-al-gigante-que-todos-llevamos-dentro\/","name":"Congreso CIAN 2024: Despertando al gigante que todos llevamos dentro - CETYS","isPartOf":{"@id":"https:\/\/www.cetys.mx\/noticias\/#website"},"primaryImageOfPage":{"@id":"https:\/\/www.cetys.mx\/noticias\/congreso-cian-2024-despertando-al-gigante-que-todos-llevamos-dentro\/#primaryimage"},"image":{"@id":"https:\/\/www.cetys.mx\/noticias\/congreso-cian-2024-despertando-al-gigante-que-todos-llevamos-dentro\/#primaryimage"},"thumbnailUrl":"https:\/\/www.cetys.mx\/noticias\/wp-content\/uploads\/2024\/10\/3-1-1.jpg","datePublished":"2024-10-11T19:30:20+00:00","dateModified":"2024-10-14T19:47:38+00:00","author":{"@id":"https:\/\/www.cetys.mx\/noticias\/#\/schema\/person\/1a1a88c0b6586e66a2e9e88e07afc712"},"description":"Articulo sobre Congreso CIAN 2024: Despertando al gigante que todos llevamos dentro","breadcrumb":{"@id":"https:\/\/www.cetys.mx\/noticias\/congreso-cian-2024-despertando-al-gigante-que-todos-llevamos-dentro\/#breadcrumb"},"inLanguage":"es","potentialAction":[{"@type":"ReadAction","target":["https:\/\/www.cetys.mx\/noticias\/congreso-cian-2024-despertando-al-gigante-que-todos-llevamos-dentro\/"]}]},{"@type":"ImageObject","inLanguage":"es","@id":"https:\/\/www.cetys.mx\/noticias\/congreso-cian-2024-despertando-al-gigante-que-todos-llevamos-dentro\/#primaryimage","url":"https:\/\/www.cetys.mx\/noticias\/wp-content\/uploads\/2024\/10\/3-1-1.jpg","contentUrl":"https:\/\/www.cetys.mx\/noticias\/wp-content\/uploads\/2024\/10\/3-1-1.jpg","width":958,"height":637,"caption":"CIAN tiene como objetivo fomentar en los estudiantes la cultura de los negocios y conocer las tendencias a trav\u00e9s de diferentes expertos reconocidos nacional e internacionalmente."},{"@type":"BreadcrumbList","@id":"https:\/\/www.cetys.mx\/noticias\/congreso-cian-2024-despertando-al-gigante-que-todos-llevamos-dentro\/#breadcrumb","itemListElement":[{"@type":"ListItem","position":1,"name":"Inicio","item":"https:\/\/www.cetys.mx\/noticias\/"},{"@type":"ListItem","position":2,"name":"Congreso CIAN 2024: Despertando al gigante que todos llevamos dentro"}]},{"@type":"WebSite","@id":"https:\/\/www.cetys.mx\/noticias\/#website","url":"https:\/\/www.cetys.mx\/noticias\/","name":"CETYS","description":"","potentialAction":[{"@type":"SearchAction","target":{"@type":"EntryPoint","urlTemplate":"https:\/\/www.cetys.mx\/noticias\/?s={search_term_string}"},"query-input":{"@type":"PropertyValueSpecification","valueRequired":true,"valueName":"search_term_string"}}],"inLanguage":"es"},{"@type":"Person","@id":"https:\/\/www.cetys.mx\/noticias\/#\/schema\/person\/1a1a88c0b6586e66a2e9e88e07afc712","name":"Campus Ensenada","url":"https:\/\/www.cetys.mx\/noticias\/author\/campusensenada\/"}]}},"_links":{"self":[{"href":"https:\/\/www.cetys.mx\/noticias\/wp-json\/wp\/v2\/posts\/202991","targetHints":{"allow":["GET"]}}],"collection":[{"href":"https:\/\/www.cetys.mx\/noticias\/wp-json\/wp\/v2\/posts"}],"about":[{"href":"https:\/\/www.cetys.mx\/noticias\/wp-json\/wp\/v2\/types\/post"}],"author":[{"embeddable":true,"href":"https:\/\/www.cetys.mx\/noticias\/wp-json\/wp\/v2\/users\/23"}],"replies":[{"embeddable":true,"href":"https:\/\/www.cetys.mx\/noticias\/wp-json\/wp\/v2\/comments?post=202991"}],"version-history":[{"count":1,"href":"https:\/\/www.cetys.mx\/noticias\/wp-json\/wp\/v2\/posts\/202991\/revisions"}],"predecessor-version":[{"id":202999,"href":"https:\/\/www.cetys.mx\/noticias\/wp-json\/wp\/v2\/posts\/202991\/revisions\/202999"}],"wp:featuredmedia":[{"embeddable":true,"href":"https:\/\/www.cetys.mx\/noticias\/wp-json\/wp\/v2\/media\/202995"}],"wp:attachment":[{"href":"https:\/\/www.cetys.mx\/noticias\/wp-json\/wp\/v2\/media?parent=202991"}],"wp:term":[{"taxonomy":"category","embeddable":true,"href":"https:\/\/www.cetys.mx\/noticias\/wp-json\/wp\/v2\/categories?post=202991"},{"taxonomy":"post_tag","embeddable":true,"href":"https:\/\/www.cetys.mx\/noticias\/wp-json\/wp\/v2\/tags?post=202991"}],"curies":[{"name":"wp","href":"https:\/\/api.w.org\/{rel}","templated":true}]}}