{"id":202872,"date":"2024-10-09T17:56:38","date_gmt":"2024-10-10T00:56:38","guid":{"rendered":"https:\/\/www.cetys.mx\/noticias\/?p=202872"},"modified":"2024-10-09T17:56:38","modified_gmt":"2024-10-10T00:56:38","slug":"izan-green-flag-en-cetys-ensenada-representa-el-compromiso-del-campus-con-la-sustentabilidad","status":"publish","type":"post","link":"https:\/\/www.cetys.mx\/noticias\/izan-green-flag-en-cetys-ensenada-representa-el-compromiso-del-campus-con-la-sustentabilidad\/","title":{"rendered":"Izan Green Flag en CETYS Ensenada: Representa el compromiso del Campus con la sustentabilidad"},"content":{"rendered":"<p><span style=\"font-weight: 400;\">CETYS Universidad Campus Internacional Ensenada fue reconocido con la Green Flag de la Foundation for Environmental Education (FEE), certificaci\u00f3n que representa el compromiso del plantel con la sustentabilidad.<\/span><\/p>\n<p><span style=\"font-weight: 400;\">\u201cLo que tenemos hoy es un testimonio de todo lo que se puede avanzar gracias a la iniciativa, gracias a sinergias, a la convicci\u00f3n por lograr algo trascendente para la comunidad; y ver que si nos organizamos logramos resultados\u201d, coment\u00f3 previo al izaje el Dr. Fernando Le\u00f3n Garc\u00eda, Rector del Sistema CETYS Universidad.<\/span><\/p>\n<p><span style=\"font-weight: 400;\">Por su parte, el Dr. Francisco V\u00e9lez, Director de CETYS Universidad Campus Internacional Ensenada, destac\u00f3 el compromiso de la comunidad estudiantil y docente para lograr esta certificaci\u00f3n internacional:<\/span> <span style=\"font-weight: 400;\">\u201cEsta bandera constituye un significado en tanto a las convicciones de nuestra instituci\u00f3n, felicidades al Instituto de Estudios para la Sustentabilidad (INESU) que dirige el Dr. <\/span><span style=\"font-weight: 400;\">Isaac <\/span><span style=\"font-weight: 400;\">Azuz Adeath, as\u00ed como a los estudiantes, profesores, y al Green Club por esta iniciativa tan importante\u201d.<\/span><\/p>\n<p><span style=\"font-weight: 400;\">En el evento particip\u00f3 Jannette Campos Vara, coordinadora T\u00e9cnica del Programa Internacional Eco-Schools para la Foundation for Environmental Education M\u00e9xico, quien comparti\u00f3 c\u00f3mo el programa Ecocampus hace una diferencia en la vida de los j\u00f3venes estudiantes.<\/span><\/p>\n<p><span style=\"font-weight: 400;\">\u201cLa trayectoria de Eco Schools es muy amplia, surge en 1994 y actualmente opera en m\u00e1s de 95 pa\u00edses en una red de m\u00e1s de 50 mil escuelas y m\u00e1s de 14 millones de estudiantes. La operaci\u00f3n de la Foundation for Environmental Education hoy se consolida gracias al esfuerzo de los alumnos, docentes y de la trayectoria de grandes investigadores, as\u00ed como la consolidaci\u00f3n de instituciones como CETYS Universidad\u201d, comparti\u00f3 la coordinadora.<\/span><\/p>\n<p><span style=\"font-weight: 400;\">Finalmente, Alonso Aguilar, estudiante de CETYS Universidad, en representaci\u00f3n del grupo EcoCampus, destac\u00f3 la emoci\u00f3n de ser parte de este proyecto:\u00a0 \u201cCuando entr\u00e9 a la Prepa me hice una pregunta, y hoy sigo pensando que muchas veces no tomamos en cuenta que nuestras acciones dejan un impacto muy profundo en nuestra comunidad y en nuestro mundo. Hoy estoy muy feliz y orgulloso porque pude cumplir este sue\u00f1o y responder esta pregunta, acompa\u00f1ado de gente que piensa igual, que buscan solucionar y tienen iniciativa\u201d.\u00a0<\/span><\/p>\n<p><span style=\"font-weight: 400;\">Con este reconocimiento, el trabajo del INESU de CETYS Universidad, contin\u00faa con su misi\u00f3n de impulsar la consecuci\u00f3n de los 17 Objetivos de Desarrollo Sostenible de Naciones Unidas (ODS) en los \u00e1mbitos: educativos, de investigaci\u00f3n, de vinculaci\u00f3n, de mejoramiento de espacios e infraestructura, de construcci\u00f3n de una ciudadan\u00eda global, al igual que de la difusi\u00f3n de las ciencias, las artes y la cultura.<\/span><\/p>\n<div class=\"gallery-slider-wrapper gallery-1\">\n                        <div class=\"gallery-slider\" itemscope itemtype=\"http:\/\/schema.org\/ImageGallery\"><figure class=\"slide\" itemprop=\"associatedMedia\" itemscope itemtype=\"http:\/\/schema.org\/ImageObject\">\n                    <a itemprop=\"contentUrl\" href=\"https:\/\/www.cetys.mx\/noticias\/wp-content\/uploads\/2024\/10\/Eco-Campus.jpg\">\n                        <img decoding=\"async\" itemprop=\"thumbnail\" class=\"lazyOwl\" src=\"https:\/\/www.cetys.mx\/noticias\/wp-content\/plugins\/jmagz-plugin\/assets\/placeholder\/900x450.png\" data-src=\"https:\/\/www.cetys.mx\/noticias\/wp-content\/uploads\/2024\/10\/Eco-Campus.jpg\" alt=\"Eco Campus\">\n                    <\/a>\n                    <figcaption itemprop=\"caption description\" class=\"slide-caption\">\n                        \n                    <\/figcaption>\n                <\/figure><figure class=\"slide\" itemprop=\"associatedMedia\" itemscope itemtype=\"http:\/\/schema.org\/ImageObject\">\n                    <a itemprop=\"contentUrl\" href=\"https:\/\/www.cetys.mx\/noticias\/wp-content\/uploads\/2024\/10\/2-1.jpg\">\n                        <img decoding=\"async\" itemprop=\"thumbnail\" class=\"lazyOwl\" src=\"https:\/\/www.cetys.mx\/noticias\/wp-content\/plugins\/jmagz-plugin\/assets\/placeholder\/900x450.png\" data-src=\"https:\/\/www.cetys.mx\/noticias\/wp-content\/uploads\/2024\/10\/2-1.jpg\" alt=\"2 (1)\">\n                    <\/a>\n                    <figcaption itemprop=\"caption description\" class=\"slide-caption\">\n                        \n                    <\/figcaption>\n                <\/figure><figure class=\"slide\" itemprop=\"associatedMedia\" itemscope itemtype=\"http:\/\/schema.org\/ImageObject\">\n                    <a itemprop=\"contentUrl\" href=\"https:\/\/www.cetys.mx\/noticias\/wp-content\/uploads\/2024\/10\/Dr.-Fernando-Le\u00f3n-Garc\u00eda.jpg\">\n                        <img decoding=\"async\" itemprop=\"thumbnail\" class=\"lazyOwl\" src=\"https:\/\/www.cetys.mx\/noticias\/wp-content\/plugins\/jmagz-plugin\/assets\/placeholder\/900x450.png\" data-src=\"https:\/\/www.cetys.mx\/noticias\/wp-content\/uploads\/2024\/10\/Dr.-Fernando-Le\u00f3n-Garc\u00eda.jpg\" alt=\"Dr. Fernando Le\u00f3n Garc\u00eda\">\n                    <\/a>\n                    <figcaption itemprop=\"caption description\" class=\"slide-caption\">\n                        \n                    <\/figcaption>\n                <\/figure><figure class=\"slide\" itemprop=\"associatedMedia\" itemscope itemtype=\"http:\/\/schema.org\/ImageObject\">\n                    <a itemprop=\"contentUrl\" href=\"https:\/\/www.cetys.mx\/noticias\/wp-content\/uploads\/2024\/10\/Campus-Internacional-Ensenada-obtuvo-certificaci\u00f3n-Green-Flag.jpg\">\n                        <img decoding=\"async\" itemprop=\"thumbnail\" class=\"lazyOwl\" src=\"https:\/\/www.cetys.mx\/noticias\/wp-content\/plugins\/jmagz-plugin\/assets\/placeholder\/900x450.png\" data-src=\"https:\/\/www.cetys.mx\/noticias\/wp-content\/uploads\/2024\/10\/Campus-Internacional-Ensenada-obtuvo-certificaci\u00f3n-Green-Flag.jpg\" alt=\"Campus Internacional Ensenada obtuvo certificaci\u00f3n Green Flag\">\n                    <\/a>\n                    <figcaption itemprop=\"caption description\" class=\"slide-caption\">\n                        \n                    <\/figcaption>\n                <\/figure><figure class=\"slide\" itemprop=\"associatedMedia\" itemscope itemtype=\"http:\/\/schema.org\/ImageObject\">\n                    <a itemprop=\"contentUrl\" href=\"https:\/\/www.cetys.mx\/noticias\/wp-content\/uploads\/2024\/10\/4-1.jpg\">\n                        <img decoding=\"async\" itemprop=\"thumbnail\" class=\"lazyOwl\" src=\"https:\/\/www.cetys.mx\/noticias\/wp-content\/plugins\/jmagz-plugin\/assets\/placeholder\/900x450.png\" data-src=\"https:\/\/www.cetys.mx\/noticias\/wp-content\/uploads\/2024\/10\/4-1.jpg\" alt=\"4 (1)\">\n                    <\/a>\n                    <figcaption itemprop=\"caption description\" class=\"slide-caption\">\n                        \n                    <\/figcaption>\n                <\/figure><figure class=\"slide\" itemprop=\"associatedMedia\" itemscope itemtype=\"http:\/\/schema.org\/ImageObject\">\n                    <a itemprop=\"contentUrl\" href=\"https:\/\/www.cetys.mx\/noticias\/wp-content\/uploads\/2024\/10\/3-1.jpg\">\n                        <img decoding=\"async\" itemprop=\"thumbnail\" class=\"lazyOwl\" src=\"https:\/\/www.cetys.mx\/noticias\/wp-content\/plugins\/jmagz-plugin\/assets\/placeholder\/900x450.png\" data-src=\"https:\/\/www.cetys.mx\/noticias\/wp-content\/uploads\/2024\/10\/3-1.jpg\" alt=\"3 (1)\">\n                    <\/a>\n                    <figcaption itemprop=\"caption description\" class=\"slide-caption\">\n                        \n                    <\/figcaption>\n                <\/figure><\/div>\n                <div class=\"gallery-slider-thumbnail-wrapper\">\n                    <div class=\"gallery-slider-thumbnail\"><div class=\"slide-thumbnail\"><img decoding=\"async\" class=\"lazyOwl\" src=\"https:\/\/www.cetys.mx\/noticias\/wp-content\/plugins\/jmagz-plugin\/assets\/placeholder\/150x75.png\" data-src=\"https:\/\/www.cetys.mx\/noticias\/wp-content\/uploads\/2024\/10\/Eco-Campus.jpg\" alt=\"Eco Campus\"><\/div><div class=\"slide-thumbnail\"><img decoding=\"async\" class=\"lazyOwl\" src=\"https:\/\/www.cetys.mx\/noticias\/wp-content\/plugins\/jmagz-plugin\/assets\/placeholder\/150x75.png\" data-src=\"https:\/\/www.cetys.mx\/noticias\/wp-content\/uploads\/2024\/10\/2-1.jpg\" alt=\"2 (1)\"><\/div><div class=\"slide-thumbnail\"><img decoding=\"async\" class=\"lazyOwl\" src=\"https:\/\/www.cetys.mx\/noticias\/wp-content\/plugins\/jmagz-plugin\/assets\/placeholder\/150x75.png\" data-src=\"https:\/\/www.cetys.mx\/noticias\/wp-content\/uploads\/2024\/10\/Dr.-Fernando-Le\u00f3n-Garc\u00eda.jpg\" alt=\"Dr. Fernando Le\u00f3n Garc\u00eda\"><\/div><div class=\"slide-thumbnail\"><img decoding=\"async\" class=\"lazyOwl\" src=\"https:\/\/www.cetys.mx\/noticias\/wp-content\/plugins\/jmagz-plugin\/assets\/placeholder\/150x75.png\" data-src=\"https:\/\/www.cetys.mx\/noticias\/wp-content\/uploads\/2024\/10\/Campus-Internacional-Ensenada-obtuvo-certificaci\u00f3n-Green-Flag.jpg\" alt=\"Campus Internacional Ensenada obtuvo certificaci\u00f3n Green Flag\"><\/div><div class=\"slide-thumbnail\"><img decoding=\"async\" class=\"lazyOwl\" src=\"https:\/\/www.cetys.mx\/noticias\/wp-content\/plugins\/jmagz-plugin\/assets\/placeholder\/150x75.png\" data-src=\"https:\/\/www.cetys.mx\/noticias\/wp-content\/uploads\/2024\/10\/4-1.jpg\" alt=\"4 (1)\"><\/div><div class=\"slide-thumbnail\"><img decoding=\"async\" class=\"lazyOwl\" src=\"https:\/\/www.cetys.mx\/noticias\/wp-content\/plugins\/jmagz-plugin\/assets\/placeholder\/150x75.png\" data-src=\"https:\/\/www.cetys.mx\/noticias\/wp-content\/uploads\/2024\/10\/3-1.jpg\" alt=\"3 (1)\"><\/div><\/div><\/div><\/div>\n","protected":false},"excerpt":{"rendered":"<p>CETYS Universidad Campus Internacional Ensenada fue reconocido con la Green Flag de la Foundation for Environmental Education (FEE), certificaci\u00f3n que representa el&#8230;<\/p>\n","protected":false},"author":23,"featured_media":202873,"comment_status":"open","ping_status":"closed","sticky":false,"template":"","format":"standard","meta":{"footnotes":""},"categories":[110,132,209,125,313],"tags":[7004],"class_list":["post-202872","post","type-post","status-publish","format-standard","has-post-thumbnail","hentry","category-academia","category-campus-ensenada","category-institucional","category-portada","category-vocetys-2","tag-eco-campus"],"yoast_head":"<!-- This site is optimized with the Yoast SEO plugin v27.4 - https:\/\/yoast.com\/product\/yoast-seo-wordpress\/ -->\n<title>Izan Green Flag en CETYS Ensenada: Representa el compromiso del Campus con la sustentabilidad - CETYS<\/title>\n<meta name=\"description\" content=\"Articulo sobre Izan Green Flag en CETYS Ensenada: Representa el compromiso del Campus con la sustentabilidad\" \/>\n<meta name=\"robots\" content=\"index, follow, max-snippet:-1, max-image-preview:large, max-video-preview:-1\" \/>\n<link rel=\"canonical\" href=\"https:\/\/www.cetys.mx\/noticias\/izan-green-flag-en-cetys-ensenada-representa-el-compromiso-del-campus-con-la-sustentabilidad\/\" \/>\n<meta property=\"og:locale\" content=\"es_MX\" \/>\n<meta property=\"og:type\" content=\"article\" \/>\n<meta property=\"og:title\" content=\"Izan Green Flag en CETYS Ensenada: Representa el compromiso del Campus con la sustentabilidad - CETYS\" \/>\n<meta property=\"og:description\" content=\"Articulo sobre Izan Green Flag en CETYS Ensenada: Representa el compromiso del Campus con la sustentabilidad\" \/>\n<meta property=\"og:url\" content=\"https:\/\/www.cetys.mx\/noticias\/izan-green-flag-en-cetys-ensenada-representa-el-compromiso-del-campus-con-la-sustentabilidad\/\" \/>\n<meta property=\"og:site_name\" content=\"CETYS\" \/>\n<meta property=\"article:publisher\" content=\"https:\/\/www.facebook.com\/cetysuniversidadmxl\/\" \/>\n<meta property=\"article:published_time\" content=\"2024-10-10T00:56:38+00:00\" \/>\n<meta property=\"og:image\" content=\"https:\/\/www.cetys.mx\/noticias\/wp-content\/uploads\/2024\/10\/Foto-portal.jpg\" \/>\n\t<meta property=\"og:image:width\" content=\"958\" \/>\n\t<meta property=\"og:image:height\" content=\"637\" \/>\n\t<meta property=\"og:image:type\" content=\"image\/jpeg\" \/>\n<meta name=\"author\" content=\"Campus Ensenada\" \/>\n<meta name=\"twitter:card\" content=\"summary_large_image\" \/>\n<meta name=\"twitter:creator\" content=\"@cetysuni\" \/>\n<meta name=\"twitter:site\" content=\"@cetysuni\" \/>\n<meta name=\"twitter:label1\" content=\"Escrito por\" \/>\n\t<meta name=\"twitter:data1\" content=\"Campus Ensenada\" \/>\n\t<meta name=\"twitter:label2\" content=\"Tiempo de lectura\" \/>\n\t<meta name=\"twitter:data2\" content=\"2 minutos\" \/>\n<script type=\"application\/ld+json\" class=\"yoast-schema-graph\">{\"@context\":\"https:\\\/\\\/schema.org\",\"@graph\":[{\"@type\":\"Article\",\"@id\":\"https:\\\/\\\/www.cetys.mx\\\/noticias\\\/izan-green-flag-en-cetys-ensenada-representa-el-compromiso-del-campus-con-la-sustentabilidad\\\/#article\",\"isPartOf\":{\"@id\":\"https:\\\/\\\/www.cetys.mx\\\/noticias\\\/izan-green-flag-en-cetys-ensenada-representa-el-compromiso-del-campus-con-la-sustentabilidad\\\/\"},\"author\":{\"name\":\"Campus Ensenada\",\"@id\":\"https:\\\/\\\/www.cetys.mx\\\/noticias\\\/#\\\/schema\\\/person\\\/1a1a88c0b6586e66a2e9e88e07afc712\"},\"headline\":\"Izan Green Flag en CETYS Ensenada: Representa el compromiso del Campus con la sustentabilidad\",\"datePublished\":\"2024-10-10T00:56:38+00:00\",\"mainEntityOfPage\":{\"@id\":\"https:\\\/\\\/www.cetys.mx\\\/noticias\\\/izan-green-flag-en-cetys-ensenada-representa-el-compromiso-del-campus-con-la-sustentabilidad\\\/\"},\"wordCount\":454,\"commentCount\":0,\"image\":{\"@id\":\"https:\\\/\\\/www.cetys.mx\\\/noticias\\\/izan-green-flag-en-cetys-ensenada-representa-el-compromiso-del-campus-con-la-sustentabilidad\\\/#primaryimage\"},\"thumbnailUrl\":\"https:\\\/\\\/www.cetys.mx\\\/noticias\\\/wp-content\\\/uploads\\\/2024\\\/10\\\/Foto-portal.jpg\",\"keywords\":[\"Eco Campus\"],\"articleSection\":[\"Academia\",\"Campus Ensenada\",\"Institucional\",\"Portada\",\"VoCETYS\"],\"inLanguage\":\"es\",\"potentialAction\":[{\"@type\":\"CommentAction\",\"name\":\"Comment\",\"target\":[\"https:\\\/\\\/www.cetys.mx\\\/noticias\\\/izan-green-flag-en-cetys-ensenada-representa-el-compromiso-del-campus-con-la-sustentabilidad\\\/#respond\"]}]},{\"@type\":\"WebPage\",\"@id\":\"https:\\\/\\\/www.cetys.mx\\\/noticias\\\/izan-green-flag-en-cetys-ensenada-representa-el-compromiso-del-campus-con-la-sustentabilidad\\\/\",\"url\":\"https:\\\/\\\/www.cetys.mx\\\/noticias\\\/izan-green-flag-en-cetys-ensenada-representa-el-compromiso-del-campus-con-la-sustentabilidad\\\/\",\"name\":\"Izan Green Flag en CETYS Ensenada: Representa el compromiso del Campus con la sustentabilidad - CETYS\",\"isPartOf\":{\"@id\":\"https:\\\/\\\/www.cetys.mx\\\/noticias\\\/#website\"},\"primaryImageOfPage\":{\"@id\":\"https:\\\/\\\/www.cetys.mx\\\/noticias\\\/izan-green-flag-en-cetys-ensenada-representa-el-compromiso-del-campus-con-la-sustentabilidad\\\/#primaryimage\"},\"image\":{\"@id\":\"https:\\\/\\\/www.cetys.mx\\\/noticias\\\/izan-green-flag-en-cetys-ensenada-representa-el-compromiso-del-campus-con-la-sustentabilidad\\\/#primaryimage\"},\"thumbnailUrl\":\"https:\\\/\\\/www.cetys.mx\\\/noticias\\\/wp-content\\\/uploads\\\/2024\\\/10\\\/Foto-portal.jpg\",\"datePublished\":\"2024-10-10T00:56:38+00:00\",\"author\":{\"@id\":\"https:\\\/\\\/www.cetys.mx\\\/noticias\\\/#\\\/schema\\\/person\\\/1a1a88c0b6586e66a2e9e88e07afc712\"},\"description\":\"Articulo sobre Izan Green Flag en CETYS Ensenada: Representa el compromiso del Campus con la sustentabilidad\",\"breadcrumb\":{\"@id\":\"https:\\\/\\\/www.cetys.mx\\\/noticias\\\/izan-green-flag-en-cetys-ensenada-representa-el-compromiso-del-campus-con-la-sustentabilidad\\\/#breadcrumb\"},\"inLanguage\":\"es\",\"potentialAction\":[{\"@type\":\"ReadAction\",\"target\":[\"https:\\\/\\\/www.cetys.mx\\\/noticias\\\/izan-green-flag-en-cetys-ensenada-representa-el-compromiso-del-campus-con-la-sustentabilidad\\\/\"]}]},{\"@type\":\"ImageObject\",\"inLanguage\":\"es\",\"@id\":\"https:\\\/\\\/www.cetys.mx\\\/noticias\\\/izan-green-flag-en-cetys-ensenada-representa-el-compromiso-del-campus-con-la-sustentabilidad\\\/#primaryimage\",\"url\":\"https:\\\/\\\/www.cetys.mx\\\/noticias\\\/wp-content\\\/uploads\\\/2024\\\/10\\\/Foto-portal.jpg\",\"contentUrl\":\"https:\\\/\\\/www.cetys.mx\\\/noticias\\\/wp-content\\\/uploads\\\/2024\\\/10\\\/Foto-portal.jpg\",\"width\":958,\"height\":637},{\"@type\":\"BreadcrumbList\",\"@id\":\"https:\\\/\\\/www.cetys.mx\\\/noticias\\\/izan-green-flag-en-cetys-ensenada-representa-el-compromiso-del-campus-con-la-sustentabilidad\\\/#breadcrumb\",\"itemListElement\":[{\"@type\":\"ListItem\",\"position\":1,\"name\":\"Inicio\",\"item\":\"https:\\\/\\\/www.cetys.mx\\\/noticias\\\/\"},{\"@type\":\"ListItem\",\"position\":2,\"name\":\"Izan Green Flag en CETYS Ensenada: Representa el compromiso del Campus con la sustentabilidad\"}]},{\"@type\":\"WebSite\",\"@id\":\"https:\\\/\\\/www.cetys.mx\\\/noticias\\\/#website\",\"url\":\"https:\\\/\\\/www.cetys.mx\\\/noticias\\\/\",\"name\":\"CETYS\",\"description\":\"\",\"potentialAction\":[{\"@type\":\"SearchAction\",\"target\":{\"@type\":\"EntryPoint\",\"urlTemplate\":\"https:\\\/\\\/www.cetys.mx\\\/noticias\\\/?s={search_term_string}\"},\"query-input\":{\"@type\":\"PropertyValueSpecification\",\"valueRequired\":true,\"valueName\":\"search_term_string\"}}],\"inLanguage\":\"es\"},{\"@type\":\"Person\",\"@id\":\"https:\\\/\\\/www.cetys.mx\\\/noticias\\\/#\\\/schema\\\/person\\\/1a1a88c0b6586e66a2e9e88e07afc712\",\"name\":\"Campus Ensenada\",\"url\":\"https:\\\/\\\/www.cetys.mx\\\/noticias\\\/author\\\/campusensenada\\\/\"}]}<\/script>\n<!-- \/ Yoast SEO plugin. -->","yoast_head_json":{"title":"Izan Green Flag en CETYS Ensenada: Representa el compromiso del Campus con la sustentabilidad - CETYS","description":"Articulo sobre Izan Green Flag en CETYS Ensenada: Representa el compromiso del Campus con la sustentabilidad","robots":{"index":"index","follow":"follow","max-snippet":"max-snippet:-1","max-image-preview":"max-image-preview:large","max-video-preview":"max-video-preview:-1"},"canonical":"https:\/\/www.cetys.mx\/noticias\/izan-green-flag-en-cetys-ensenada-representa-el-compromiso-del-campus-con-la-sustentabilidad\/","og_locale":"es_MX","og_type":"article","og_title":"Izan Green Flag en CETYS Ensenada: Representa el compromiso del Campus con la sustentabilidad - CETYS","og_description":"Articulo sobre Izan Green Flag en CETYS Ensenada: Representa el compromiso del Campus con la sustentabilidad","og_url":"https:\/\/www.cetys.mx\/noticias\/izan-green-flag-en-cetys-ensenada-representa-el-compromiso-del-campus-con-la-sustentabilidad\/","og_site_name":"CETYS","article_publisher":"https:\/\/www.facebook.com\/cetysuniversidadmxl\/","article_published_time":"2024-10-10T00:56:38+00:00","og_image":[{"width":958,"height":637,"url":"https:\/\/www.cetys.mx\/noticias\/wp-content\/uploads\/2024\/10\/Foto-portal.jpg","type":"image\/jpeg"}],"author":"Campus Ensenada","twitter_card":"summary_large_image","twitter_creator":"@cetysuni","twitter_site":"@cetysuni","twitter_misc":{"Escrito por":"Campus Ensenada","Tiempo de lectura":"2 minutos"},"schema":{"@context":"https:\/\/schema.org","@graph":[{"@type":"Article","@id":"https:\/\/www.cetys.mx\/noticias\/izan-green-flag-en-cetys-ensenada-representa-el-compromiso-del-campus-con-la-sustentabilidad\/#article","isPartOf":{"@id":"https:\/\/www.cetys.mx\/noticias\/izan-green-flag-en-cetys-ensenada-representa-el-compromiso-del-campus-con-la-sustentabilidad\/"},"author":{"name":"Campus Ensenada","@id":"https:\/\/www.cetys.mx\/noticias\/#\/schema\/person\/1a1a88c0b6586e66a2e9e88e07afc712"},"headline":"Izan Green Flag en CETYS Ensenada: Representa el compromiso del Campus con la sustentabilidad","datePublished":"2024-10-10T00:56:38+00:00","mainEntityOfPage":{"@id":"https:\/\/www.cetys.mx\/noticias\/izan-green-flag-en-cetys-ensenada-representa-el-compromiso-del-campus-con-la-sustentabilidad\/"},"wordCount":454,"commentCount":0,"image":{"@id":"https:\/\/www.cetys.mx\/noticias\/izan-green-flag-en-cetys-ensenada-representa-el-compromiso-del-campus-con-la-sustentabilidad\/#primaryimage"},"thumbnailUrl":"https:\/\/www.cetys.mx\/noticias\/wp-content\/uploads\/2024\/10\/Foto-portal.jpg","keywords":["Eco Campus"],"articleSection":["Academia","Campus Ensenada","Institucional","Portada","VoCETYS"],"inLanguage":"es","potentialAction":[{"@type":"CommentAction","name":"Comment","target":["https:\/\/www.cetys.mx\/noticias\/izan-green-flag-en-cetys-ensenada-representa-el-compromiso-del-campus-con-la-sustentabilidad\/#respond"]}]},{"@type":"WebPage","@id":"https:\/\/www.cetys.mx\/noticias\/izan-green-flag-en-cetys-ensenada-representa-el-compromiso-del-campus-con-la-sustentabilidad\/","url":"https:\/\/www.cetys.mx\/noticias\/izan-green-flag-en-cetys-ensenada-representa-el-compromiso-del-campus-con-la-sustentabilidad\/","name":"Izan Green Flag en CETYS Ensenada: Representa el compromiso del Campus con la sustentabilidad - CETYS","isPartOf":{"@id":"https:\/\/www.cetys.mx\/noticias\/#website"},"primaryImageOfPage":{"@id":"https:\/\/www.cetys.mx\/noticias\/izan-green-flag-en-cetys-ensenada-representa-el-compromiso-del-campus-con-la-sustentabilidad\/#primaryimage"},"image":{"@id":"https:\/\/www.cetys.mx\/noticias\/izan-green-flag-en-cetys-ensenada-representa-el-compromiso-del-campus-con-la-sustentabilidad\/#primaryimage"},"thumbnailUrl":"https:\/\/www.cetys.mx\/noticias\/wp-content\/uploads\/2024\/10\/Foto-portal.jpg","datePublished":"2024-10-10T00:56:38+00:00","author":{"@id":"https:\/\/www.cetys.mx\/noticias\/#\/schema\/person\/1a1a88c0b6586e66a2e9e88e07afc712"},"description":"Articulo sobre Izan Green Flag en CETYS Ensenada: Representa el compromiso del Campus con la sustentabilidad","breadcrumb":{"@id":"https:\/\/www.cetys.mx\/noticias\/izan-green-flag-en-cetys-ensenada-representa-el-compromiso-del-campus-con-la-sustentabilidad\/#breadcrumb"},"inLanguage":"es","potentialAction":[{"@type":"ReadAction","target":["https:\/\/www.cetys.mx\/noticias\/izan-green-flag-en-cetys-ensenada-representa-el-compromiso-del-campus-con-la-sustentabilidad\/"]}]},{"@type":"ImageObject","inLanguage":"es","@id":"https:\/\/www.cetys.mx\/noticias\/izan-green-flag-en-cetys-ensenada-representa-el-compromiso-del-campus-con-la-sustentabilidad\/#primaryimage","url":"https:\/\/www.cetys.mx\/noticias\/wp-content\/uploads\/2024\/10\/Foto-portal.jpg","contentUrl":"https:\/\/www.cetys.mx\/noticias\/wp-content\/uploads\/2024\/10\/Foto-portal.jpg","width":958,"height":637},{"@type":"BreadcrumbList","@id":"https:\/\/www.cetys.mx\/noticias\/izan-green-flag-en-cetys-ensenada-representa-el-compromiso-del-campus-con-la-sustentabilidad\/#breadcrumb","itemListElement":[{"@type":"ListItem","position":1,"name":"Inicio","item":"https:\/\/www.cetys.mx\/noticias\/"},{"@type":"ListItem","position":2,"name":"Izan Green Flag en CETYS Ensenada: Representa el compromiso del Campus con la sustentabilidad"}]},{"@type":"WebSite","@id":"https:\/\/www.cetys.mx\/noticias\/#website","url":"https:\/\/www.cetys.mx\/noticias\/","name":"CETYS","description":"","potentialAction":[{"@type":"SearchAction","target":{"@type":"EntryPoint","urlTemplate":"https:\/\/www.cetys.mx\/noticias\/?s={search_term_string}"},"query-input":{"@type":"PropertyValueSpecification","valueRequired":true,"valueName":"search_term_string"}}],"inLanguage":"es"},{"@type":"Person","@id":"https:\/\/www.cetys.mx\/noticias\/#\/schema\/person\/1a1a88c0b6586e66a2e9e88e07afc712","name":"Campus Ensenada","url":"https:\/\/www.cetys.mx\/noticias\/author\/campusensenada\/"}]}},"_links":{"self":[{"href":"https:\/\/www.cetys.mx\/noticias\/wp-json\/wp\/v2\/posts\/202872","targetHints":{"allow":["GET"]}}],"collection":[{"href":"https:\/\/www.cetys.mx\/noticias\/wp-json\/wp\/v2\/posts"}],"about":[{"href":"https:\/\/www.cetys.mx\/noticias\/wp-json\/wp\/v2\/types\/post"}],"author":[{"embeddable":true,"href":"https:\/\/www.cetys.mx\/noticias\/wp-json\/wp\/v2\/users\/23"}],"replies":[{"embeddable":true,"href":"https:\/\/www.cetys.mx\/noticias\/wp-json\/wp\/v2\/comments?post=202872"}],"version-history":[{"count":2,"href":"https:\/\/www.cetys.mx\/noticias\/wp-json\/wp\/v2\/posts\/202872\/revisions"}],"predecessor-version":[{"id":202875,"href":"https:\/\/www.cetys.mx\/noticias\/wp-json\/wp\/v2\/posts\/202872\/revisions\/202875"}],"wp:featuredmedia":[{"embeddable":true,"href":"https:\/\/www.cetys.mx\/noticias\/wp-json\/wp\/v2\/media\/202873"}],"wp:attachment":[{"href":"https:\/\/www.cetys.mx\/noticias\/wp-json\/wp\/v2\/media?parent=202872"}],"wp:term":[{"taxonomy":"category","embeddable":true,"href":"https:\/\/www.cetys.mx\/noticias\/wp-json\/wp\/v2\/categories?post=202872"},{"taxonomy":"post_tag","embeddable":true,"href":"https:\/\/www.cetys.mx\/noticias\/wp-json\/wp\/v2\/tags?post=202872"}],"curies":[{"name":"wp","href":"https:\/\/api.w.org\/{rel}","templated":true}]}}