{"id":202800,"date":"2024-10-09T12:13:33","date_gmt":"2024-10-09T19:13:33","guid":{"rendered":"https:\/\/www.cetys.mx\/noticias\/?p=202800"},"modified":"2024-10-09T16:03:38","modified_gmt":"2024-10-09T23:03:38","slug":"cetys-universidad-y-agricola-el-toro-entregan-beca-a-estudiantes-de-nivel-profesional","status":"publish","type":"post","link":"https:\/\/www.cetys.mx\/noticias\/cetys-universidad-y-agricola-el-toro-entregan-beca-a-estudiantes-de-nivel-profesional\/","title":{"rendered":"CETYS Universidad y Agr\u00edcola El Toro entregan beca a estudiantes de nivel profesional"},"content":{"rendered":"<p>Los alumnos Alisson Annette P\u00e9rez Herrera de Contador P\u00fablico Internacional, Sa\u00fal Rey Ontiveros Cazares de Ingenier\u00eda Mecatr\u00f3nica, Yadira Herrera V\u00e1zquez e Ingenier\u00eda Mecatr\u00f3nica y Laisha Corona M\u00e1rquez de Psicolog\u00eda Cl\u00ednica de <a href=\"https:\/\/www.cetys.mx\/campus-mexicali\/\"><strong>CETYS Universidad campus Mexicali<\/strong><\/a>, recibieron la<strong> beca Fundaci\u00f3n Agr\u00edcola El Toro<\/strong> para estudiar en CETYS Universidad.<\/p>\n<p>Durante un evento encabezado por el Dr. Fernando Le\u00f3n Garc\u00eda, Rector del Sistema CETYS Universidad;, Judith M\u00e9ndez Le\u00f3n, representante de Promotora Agr\u00edcola El Toro y su Fundaci\u00f3n;, el Dr. Gerardo Sol\u00eds Benavides, Director General del Colegio de Bachilleres del Estado de Baja California; Mtra. M\u00f3nica Manzanilla, Vicerrectora de Avance Institucional del Sistema CETYS Universidad; Mtra. Alma Beltr\u00e1n Rosales, Directora de Avance Internacional Mexicali y la Ing. Mercedes Soo Michel, Directora de Apoyos Financieros en el mismo Campus, se realiz\u00f3 la entrega simb\u00f3lica de esta beca.<\/p>\n<div class=\"gallery-slider-wrapper gallery-1\">\n                        <div class=\"gallery-slider\" itemscope itemtype=\"http:\/\/schema.org\/ImageGallery\"><figure class=\"slide\" itemprop=\"associatedMedia\" itemscope itemtype=\"http:\/\/schema.org\/ImageObject\">\n                    <a itemprop=\"contentUrl\" href=\"https:\/\/www.cetys.mx\/noticias\/wp-content\/uploads\/2024\/10\/DSC_1397-1.jpg\">\n                        <img decoding=\"async\" itemprop=\"thumbnail\" class=\"lazyOwl\" src=\"https:\/\/www.cetys.mx\/noticias\/wp-content\/plugins\/jmagz-plugin\/assets\/placeholder\/900x450.png\" data-src=\"https:\/\/www.cetys.mx\/noticias\/wp-content\/uploads\/2024\/10\/DSC_1397-1.jpg\" alt=\"Beca Fundaci\u00f3n Agr\u00edcola El Toro\">\n                    <\/a>\n                    <figcaption itemprop=\"caption description\" class=\"slide-caption\">\n                        \n                    <\/figcaption>\n                <\/figure><figure class=\"slide\" itemprop=\"associatedMedia\" itemscope itemtype=\"http:\/\/schema.org\/ImageObject\">\n                    <a itemprop=\"contentUrl\" href=\"https:\/\/www.cetys.mx\/noticias\/wp-content\/uploads\/2024\/10\/DSC_1504-1.jpg\">\n                        <img decoding=\"async\" itemprop=\"thumbnail\" class=\"lazyOwl\" src=\"https:\/\/www.cetys.mx\/noticias\/wp-content\/plugins\/jmagz-plugin\/assets\/placeholder\/900x450.png\" data-src=\"https:\/\/www.cetys.mx\/noticias\/wp-content\/uploads\/2024\/10\/DSC_1504-1.jpg\" alt=\"Beca Fundaci\u00f3n Agr\u00edcola El Toro\">\n                    <\/a>\n                    <figcaption itemprop=\"caption description\" class=\"slide-caption\">\n                        \n                    <\/figcaption>\n                <\/figure><figure class=\"slide\" itemprop=\"associatedMedia\" itemscope itemtype=\"http:\/\/schema.org\/ImageObject\">\n                    <a itemprop=\"contentUrl\" href=\"https:\/\/www.cetys.mx\/noticias\/wp-content\/uploads\/2024\/10\/DSC_1454-2.jpg\">\n                        <img decoding=\"async\" itemprop=\"thumbnail\" class=\"lazyOwl\" src=\"https:\/\/www.cetys.mx\/noticias\/wp-content\/plugins\/jmagz-plugin\/assets\/placeholder\/900x450.png\" data-src=\"https:\/\/www.cetys.mx\/noticias\/wp-content\/uploads\/2024\/10\/DSC_1454-2.jpg\" alt=\"Beca Fundaci\u00f3n Agr\u00edcola El Toro\">\n                    <\/a>\n                    <figcaption itemprop=\"caption description\" class=\"slide-caption\">\n                        \n                    <\/figcaption>\n                <\/figure><figure class=\"slide\" itemprop=\"associatedMedia\" itemscope itemtype=\"http:\/\/schema.org\/ImageObject\">\n                    <a itemprop=\"contentUrl\" href=\"https:\/\/www.cetys.mx\/noticias\/wp-content\/uploads\/2024\/10\/DSC_1463-1.jpg\">\n                        <img decoding=\"async\" itemprop=\"thumbnail\" class=\"lazyOwl\" src=\"https:\/\/www.cetys.mx\/noticias\/wp-content\/plugins\/jmagz-plugin\/assets\/placeholder\/900x450.png\" data-src=\"https:\/\/www.cetys.mx\/noticias\/wp-content\/uploads\/2024\/10\/DSC_1463-1.jpg\" alt=\"Beca Fundaci\u00f3n Agr\u00edcola El Toro\">\n                    <\/a>\n                    <figcaption itemprop=\"caption description\" class=\"slide-caption\">\n                        \n                    <\/figcaption>\n                <\/figure><figure class=\"slide\" itemprop=\"associatedMedia\" itemscope itemtype=\"http:\/\/schema.org\/ImageObject\">\n                    <a itemprop=\"contentUrl\" href=\"https:\/\/www.cetys.mx\/noticias\/wp-content\/uploads\/2024\/10\/DSC_1544-1.jpg\">\n                        <img decoding=\"async\" itemprop=\"thumbnail\" class=\"lazyOwl\" src=\"https:\/\/www.cetys.mx\/noticias\/wp-content\/plugins\/jmagz-plugin\/assets\/placeholder\/900x450.png\" data-src=\"https:\/\/www.cetys.mx\/noticias\/wp-content\/uploads\/2024\/10\/DSC_1544-1.jpg\" alt=\"Beca Fundaci\u00f3n Agr\u00edcola El Toro\">\n                    <\/a>\n                    <figcaption itemprop=\"caption description\" class=\"slide-caption\">\n                        \n                    <\/figcaption>\n                <\/figure><figure class=\"slide\" itemprop=\"associatedMedia\" itemscope itemtype=\"http:\/\/schema.org\/ImageObject\">\n                    <a itemprop=\"contentUrl\" href=\"https:\/\/www.cetys.mx\/noticias\/wp-content\/uploads\/2024\/10\/DSC_1407-1.jpg\">\n                        <img decoding=\"async\" itemprop=\"thumbnail\" class=\"lazyOwl\" src=\"https:\/\/www.cetys.mx\/noticias\/wp-content\/plugins\/jmagz-plugin\/assets\/placeholder\/900x450.png\" data-src=\"https:\/\/www.cetys.mx\/noticias\/wp-content\/uploads\/2024\/10\/DSC_1407-1.jpg\" alt=\"Beca Fundaci\u00f3n Agr\u00edcola El Toro\">\n                    <\/a>\n                    <figcaption itemprop=\"caption description\" class=\"slide-caption\">\n                        \n                    <\/figcaption>\n                <\/figure><\/div>\n                <div class=\"gallery-slider-thumbnail-wrapper\">\n                    <div class=\"gallery-slider-thumbnail\"><div class=\"slide-thumbnail\"><img decoding=\"async\" class=\"lazyOwl\" src=\"https:\/\/www.cetys.mx\/noticias\/wp-content\/plugins\/jmagz-plugin\/assets\/placeholder\/150x75.png\" data-src=\"https:\/\/www.cetys.mx\/noticias\/wp-content\/uploads\/2024\/10\/DSC_1397-1.jpg\" alt=\"Beca Fundaci\u00f3n Agr\u00edcola El Toro\"><\/div><div class=\"slide-thumbnail\"><img decoding=\"async\" class=\"lazyOwl\" src=\"https:\/\/www.cetys.mx\/noticias\/wp-content\/plugins\/jmagz-plugin\/assets\/placeholder\/150x75.png\" data-src=\"https:\/\/www.cetys.mx\/noticias\/wp-content\/uploads\/2024\/10\/DSC_1504-1.jpg\" alt=\"Beca Fundaci\u00f3n Agr\u00edcola El Toro\"><\/div><div class=\"slide-thumbnail\"><img decoding=\"async\" class=\"lazyOwl\" src=\"https:\/\/www.cetys.mx\/noticias\/wp-content\/plugins\/jmagz-plugin\/assets\/placeholder\/150x75.png\" data-src=\"https:\/\/www.cetys.mx\/noticias\/wp-content\/uploads\/2024\/10\/DSC_1454-2.jpg\" alt=\"Beca Fundaci\u00f3n Agr\u00edcola El Toro\"><\/div><div class=\"slide-thumbnail\"><img decoding=\"async\" class=\"lazyOwl\" src=\"https:\/\/www.cetys.mx\/noticias\/wp-content\/plugins\/jmagz-plugin\/assets\/placeholder\/150x75.png\" data-src=\"https:\/\/www.cetys.mx\/noticias\/wp-content\/uploads\/2024\/10\/DSC_1463-1.jpg\" alt=\"Beca Fundaci\u00f3n Agr\u00edcola El Toro\"><\/div><div class=\"slide-thumbnail\"><img decoding=\"async\" class=\"lazyOwl\" src=\"https:\/\/www.cetys.mx\/noticias\/wp-content\/plugins\/jmagz-plugin\/assets\/placeholder\/150x75.png\" data-src=\"https:\/\/www.cetys.mx\/noticias\/wp-content\/uploads\/2024\/10\/DSC_1544-1.jpg\" alt=\"Beca Fundaci\u00f3n Agr\u00edcola El Toro\"><\/div><div class=\"slide-thumbnail\"><img decoding=\"async\" class=\"lazyOwl\" src=\"https:\/\/www.cetys.mx\/noticias\/wp-content\/plugins\/jmagz-plugin\/assets\/placeholder\/150x75.png\" data-src=\"https:\/\/www.cetys.mx\/noticias\/wp-content\/uploads\/2024\/10\/DSC_1407-1.jpg\" alt=\"Beca Fundaci\u00f3n Agr\u00edcola El Toro\"><\/div><\/div><\/div><\/div>\n<p>El programa consiste en la entrega de dos becas del 100%, las cuales se componen del 60% por parte de la Fundaci\u00f3n Agr\u00edcola del Toro y el 40% restante por parte de CETYS Universidad, con la posibilidad de obtener apoyos adicionales como equipo de c\u00f3mputo, transporte, comunicaci\u00f3n, entre otros.<\/p>\n<blockquote><p>\u201cMe siento muy identificada con todos ustedes, por so\u00f1adores, porque a pesar de todas las dificultades que hab\u00eda lo lograron y ahora es momento de demostrar de lo que somos capaces en el Valle, de qu\u00e9 madera estamos hechos y que se demuestre que hay talento\u201d coment\u00f3 Judith M\u00e9ndez Le\u00f3n.<\/p><\/blockquote>\n<p>Sa\u00fal Rey Ontiveros Cazares, beneficiario de una beca del 100%, dijo::\u201dFue gracias a la oportunidad de la beca que estoy ahora aqu\u00ed con ustedes, estudiando, agradezco profundamente que pudieran confiar en m\u00ed\u201d.<\/p>\n","protected":false},"excerpt":{"rendered":"<p>Los alumnos Alisson Annette P\u00e9rez Herrera de Contador P\u00fablico Internacional, Sa\u00fal Rey Ontiveros Cazares de Ingenier\u00eda Mecatr\u00f3nica, Yadira Herrera V\u00e1zquez e Ingenier\u00eda&#8230;<\/p>\n","protected":false},"author":20,"featured_media":202811,"comment_status":"open","ping_status":"closed","sticky":false,"template":"","format":"standard","meta":{"footnotes":""},"categories":[133,313],"tags":[6033,6879,6997,7002],"class_list":["post-202800","post","type-post","status-publish","format-standard","has-post-thumbnail","hentry","category-campus-mexicali","category-vocetys-2","tag-beca-cetys","tag-beca-profesional","tag-valle-de-mexicali","tag-vocetys-2024-10-09"],"yoast_head":"<!-- This site is optimized with the Yoast SEO plugin v27.4 - https:\/\/yoast.com\/product\/yoast-seo-wordpress\/ -->\n<title>CETYS Universidad y Agr\u00edcola El Toro entregan beca a estudiantes de nivel profesional - CETYS<\/title>\n<meta name=\"description\" content=\"Articulo sobre CETYS Universidad y Agr\u00edcola El Toro entregan beca a estudiantes de nivel profesional\" \/>\n<meta name=\"robots\" content=\"index, follow, max-snippet:-1, max-image-preview:large, max-video-preview:-1\" \/>\n<link rel=\"canonical\" href=\"https:\/\/www.cetys.mx\/noticias\/cetys-universidad-y-agricola-el-toro-entregan-beca-a-estudiantes-de-nivel-profesional\/\" \/>\n<meta property=\"og:locale\" content=\"es_MX\" \/>\n<meta property=\"og:type\" content=\"article\" \/>\n<meta property=\"og:title\" content=\"CETYS Universidad y Agr\u00edcola El Toro entregan beca a estudiantes de nivel profesional - CETYS\" \/>\n<meta property=\"og:description\" content=\"Articulo sobre CETYS Universidad y Agr\u00edcola El Toro entregan beca a estudiantes de nivel profesional\" \/>\n<meta property=\"og:url\" content=\"https:\/\/www.cetys.mx\/noticias\/cetys-universidad-y-agricola-el-toro-entregan-beca-a-estudiantes-de-nivel-profesional\/\" \/>\n<meta property=\"og:site_name\" content=\"CETYS\" \/>\n<meta property=\"article:publisher\" content=\"https:\/\/www.facebook.com\/cetysuniversidadmxl\/\" \/>\n<meta property=\"article:published_time\" content=\"2024-10-09T19:13:33+00:00\" \/>\n<meta property=\"article:modified_time\" content=\"2024-10-09T23:03:38+00:00\" \/>\n<meta property=\"og:image\" content=\"https:\/\/www.cetys.mx\/noticias\/wp-content\/uploads\/2024\/10\/DSC_1454-1.jpg\" \/>\n\t<meta property=\"og:image:width\" content=\"958\" \/>\n\t<meta property=\"og:image:height\" content=\"638\" \/>\n\t<meta property=\"og:image:type\" content=\"image\/jpeg\" \/>\n<meta name=\"author\" content=\"Campus Mexicali\" \/>\n<meta name=\"twitter:card\" content=\"summary_large_image\" \/>\n<meta name=\"twitter:creator\" content=\"@cetysuni\" \/>\n<meta name=\"twitter:site\" content=\"@cetysuni\" \/>\n<meta name=\"twitter:label1\" content=\"Escrito por\" \/>\n\t<meta name=\"twitter:data1\" content=\"Campus Mexicali\" \/>\n\t<meta name=\"twitter:label2\" content=\"Tiempo de lectura\" \/>\n\t<meta name=\"twitter:data2\" content=\"1 minuto\" \/>\n<script type=\"application\/ld+json\" class=\"yoast-schema-graph\">{\"@context\":\"https:\\\/\\\/schema.org\",\"@graph\":[{\"@type\":\"Article\",\"@id\":\"https:\\\/\\\/www.cetys.mx\\\/noticias\\\/cetys-universidad-y-agricola-el-toro-entregan-beca-a-estudiantes-de-nivel-profesional\\\/#article\",\"isPartOf\":{\"@id\":\"https:\\\/\\\/www.cetys.mx\\\/noticias\\\/cetys-universidad-y-agricola-el-toro-entregan-beca-a-estudiantes-de-nivel-profesional\\\/\"},\"author\":{\"name\":\"Campus Mexicali\",\"@id\":\"https:\\\/\\\/www.cetys.mx\\\/noticias\\\/#\\\/schema\\\/person\\\/79a95c4ac185f3705cf1b9c9340a5f70\"},\"headline\":\"CETYS Universidad y Agr\u00edcola El Toro entregan beca a estudiantes de nivel profesional\",\"datePublished\":\"2024-10-09T19:13:33+00:00\",\"dateModified\":\"2024-10-09T23:03:38+00:00\",\"mainEntityOfPage\":{\"@id\":\"https:\\\/\\\/www.cetys.mx\\\/noticias\\\/cetys-universidad-y-agricola-el-toro-entregan-beca-a-estudiantes-de-nivel-profesional\\\/\"},\"wordCount\":311,\"commentCount\":0,\"image\":{\"@id\":\"https:\\\/\\\/www.cetys.mx\\\/noticias\\\/cetys-universidad-y-agricola-el-toro-entregan-beca-a-estudiantes-de-nivel-profesional\\\/#primaryimage\"},\"thumbnailUrl\":\"https:\\\/\\\/www.cetys.mx\\\/noticias\\\/wp-content\\\/uploads\\\/2024\\\/10\\\/DSC_1454-1.jpg\",\"keywords\":[\"Beca CETYS\",\"Beca Profesional\",\"Valle de Mexicali\",\"vocetys-2024-10-09\"],\"articleSection\":[\"Campus Mexicali\",\"VoCETYS\"],\"inLanguage\":\"es\",\"potentialAction\":[{\"@type\":\"CommentAction\",\"name\":\"Comment\",\"target\":[\"https:\\\/\\\/www.cetys.mx\\\/noticias\\\/cetys-universidad-y-agricola-el-toro-entregan-beca-a-estudiantes-de-nivel-profesional\\\/#respond\"]}]},{\"@type\":\"WebPage\",\"@id\":\"https:\\\/\\\/www.cetys.mx\\\/noticias\\\/cetys-universidad-y-agricola-el-toro-entregan-beca-a-estudiantes-de-nivel-profesional\\\/\",\"url\":\"https:\\\/\\\/www.cetys.mx\\\/noticias\\\/cetys-universidad-y-agricola-el-toro-entregan-beca-a-estudiantes-de-nivel-profesional\\\/\",\"name\":\"CETYS Universidad y Agr\u00edcola El Toro entregan beca a estudiantes de nivel profesional - CETYS\",\"isPartOf\":{\"@id\":\"https:\\\/\\\/www.cetys.mx\\\/noticias\\\/#website\"},\"primaryImageOfPage\":{\"@id\":\"https:\\\/\\\/www.cetys.mx\\\/noticias\\\/cetys-universidad-y-agricola-el-toro-entregan-beca-a-estudiantes-de-nivel-profesional\\\/#primaryimage\"},\"image\":{\"@id\":\"https:\\\/\\\/www.cetys.mx\\\/noticias\\\/cetys-universidad-y-agricola-el-toro-entregan-beca-a-estudiantes-de-nivel-profesional\\\/#primaryimage\"},\"thumbnailUrl\":\"https:\\\/\\\/www.cetys.mx\\\/noticias\\\/wp-content\\\/uploads\\\/2024\\\/10\\\/DSC_1454-1.jpg\",\"datePublished\":\"2024-10-09T19:13:33+00:00\",\"dateModified\":\"2024-10-09T23:03:38+00:00\",\"author\":{\"@id\":\"https:\\\/\\\/www.cetys.mx\\\/noticias\\\/#\\\/schema\\\/person\\\/79a95c4ac185f3705cf1b9c9340a5f70\"},\"description\":\"Articulo sobre CETYS Universidad y Agr\u00edcola El Toro entregan beca a estudiantes de nivel profesional\",\"breadcrumb\":{\"@id\":\"https:\\\/\\\/www.cetys.mx\\\/noticias\\\/cetys-universidad-y-agricola-el-toro-entregan-beca-a-estudiantes-de-nivel-profesional\\\/#breadcrumb\"},\"inLanguage\":\"es\",\"potentialAction\":[{\"@type\":\"ReadAction\",\"target\":[\"https:\\\/\\\/www.cetys.mx\\\/noticias\\\/cetys-universidad-y-agricola-el-toro-entregan-beca-a-estudiantes-de-nivel-profesional\\\/\"]}]},{\"@type\":\"ImageObject\",\"inLanguage\":\"es\",\"@id\":\"https:\\\/\\\/www.cetys.mx\\\/noticias\\\/cetys-universidad-y-agricola-el-toro-entregan-beca-a-estudiantes-de-nivel-profesional\\\/#primaryimage\",\"url\":\"https:\\\/\\\/www.cetys.mx\\\/noticias\\\/wp-content\\\/uploads\\\/2024\\\/10\\\/DSC_1454-1.jpg\",\"contentUrl\":\"https:\\\/\\\/www.cetys.mx\\\/noticias\\\/wp-content\\\/uploads\\\/2024\\\/10\\\/DSC_1454-1.jpg\",\"width\":958,\"height\":638},{\"@type\":\"BreadcrumbList\",\"@id\":\"https:\\\/\\\/www.cetys.mx\\\/noticias\\\/cetys-universidad-y-agricola-el-toro-entregan-beca-a-estudiantes-de-nivel-profesional\\\/#breadcrumb\",\"itemListElement\":[{\"@type\":\"ListItem\",\"position\":1,\"name\":\"Inicio\",\"item\":\"https:\\\/\\\/www.cetys.mx\\\/noticias\\\/\"},{\"@type\":\"ListItem\",\"position\":2,\"name\":\"CETYS Universidad y Agr\u00edcola El Toro entregan beca a estudiantes de nivel profesional\"}]},{\"@type\":\"WebSite\",\"@id\":\"https:\\\/\\\/www.cetys.mx\\\/noticias\\\/#website\",\"url\":\"https:\\\/\\\/www.cetys.mx\\\/noticias\\\/\",\"name\":\"CETYS\",\"description\":\"\",\"potentialAction\":[{\"@type\":\"SearchAction\",\"target\":{\"@type\":\"EntryPoint\",\"urlTemplate\":\"https:\\\/\\\/www.cetys.mx\\\/noticias\\\/?s={search_term_string}\"},\"query-input\":{\"@type\":\"PropertyValueSpecification\",\"valueRequired\":true,\"valueName\":\"search_term_string\"}}],\"inLanguage\":\"es\"},{\"@type\":\"Person\",\"@id\":\"https:\\\/\\\/www.cetys.mx\\\/noticias\\\/#\\\/schema\\\/person\\\/79a95c4ac185f3705cf1b9c9340a5f70\",\"name\":\"Campus Mexicali\",\"url\":\"https:\\\/\\\/www.cetys.mx\\\/noticias\\\/author\\\/campusmexicali\\\/\"}]}<\/script>\n<!-- \/ Yoast SEO plugin. -->","yoast_head_json":{"title":"CETYS Universidad y Agr\u00edcola El Toro entregan beca a estudiantes de nivel profesional - CETYS","description":"Articulo sobre CETYS Universidad y Agr\u00edcola El Toro entregan beca a estudiantes de nivel profesional","robots":{"index":"index","follow":"follow","max-snippet":"max-snippet:-1","max-image-preview":"max-image-preview:large","max-video-preview":"max-video-preview:-1"},"canonical":"https:\/\/www.cetys.mx\/noticias\/cetys-universidad-y-agricola-el-toro-entregan-beca-a-estudiantes-de-nivel-profesional\/","og_locale":"es_MX","og_type":"article","og_title":"CETYS Universidad y Agr\u00edcola El Toro entregan beca a estudiantes de nivel profesional - CETYS","og_description":"Articulo sobre CETYS Universidad y Agr\u00edcola El Toro entregan beca a estudiantes de nivel profesional","og_url":"https:\/\/www.cetys.mx\/noticias\/cetys-universidad-y-agricola-el-toro-entregan-beca-a-estudiantes-de-nivel-profesional\/","og_site_name":"CETYS","article_publisher":"https:\/\/www.facebook.com\/cetysuniversidadmxl\/","article_published_time":"2024-10-09T19:13:33+00:00","article_modified_time":"2024-10-09T23:03:38+00:00","og_image":[{"width":958,"height":638,"url":"https:\/\/www.cetys.mx\/noticias\/wp-content\/uploads\/2024\/10\/DSC_1454-1.jpg","type":"image\/jpeg"}],"author":"Campus Mexicali","twitter_card":"summary_large_image","twitter_creator":"@cetysuni","twitter_site":"@cetysuni","twitter_misc":{"Escrito por":"Campus Mexicali","Tiempo de lectura":"1 minuto"},"schema":{"@context":"https:\/\/schema.org","@graph":[{"@type":"Article","@id":"https:\/\/www.cetys.mx\/noticias\/cetys-universidad-y-agricola-el-toro-entregan-beca-a-estudiantes-de-nivel-profesional\/#article","isPartOf":{"@id":"https:\/\/www.cetys.mx\/noticias\/cetys-universidad-y-agricola-el-toro-entregan-beca-a-estudiantes-de-nivel-profesional\/"},"author":{"name":"Campus Mexicali","@id":"https:\/\/www.cetys.mx\/noticias\/#\/schema\/person\/79a95c4ac185f3705cf1b9c9340a5f70"},"headline":"CETYS Universidad y Agr\u00edcola El Toro entregan beca a estudiantes de nivel profesional","datePublished":"2024-10-09T19:13:33+00:00","dateModified":"2024-10-09T23:03:38+00:00","mainEntityOfPage":{"@id":"https:\/\/www.cetys.mx\/noticias\/cetys-universidad-y-agricola-el-toro-entregan-beca-a-estudiantes-de-nivel-profesional\/"},"wordCount":311,"commentCount":0,"image":{"@id":"https:\/\/www.cetys.mx\/noticias\/cetys-universidad-y-agricola-el-toro-entregan-beca-a-estudiantes-de-nivel-profesional\/#primaryimage"},"thumbnailUrl":"https:\/\/www.cetys.mx\/noticias\/wp-content\/uploads\/2024\/10\/DSC_1454-1.jpg","keywords":["Beca CETYS","Beca Profesional","Valle de Mexicali","vocetys-2024-10-09"],"articleSection":["Campus Mexicali","VoCETYS"],"inLanguage":"es","potentialAction":[{"@type":"CommentAction","name":"Comment","target":["https:\/\/www.cetys.mx\/noticias\/cetys-universidad-y-agricola-el-toro-entregan-beca-a-estudiantes-de-nivel-profesional\/#respond"]}]},{"@type":"WebPage","@id":"https:\/\/www.cetys.mx\/noticias\/cetys-universidad-y-agricola-el-toro-entregan-beca-a-estudiantes-de-nivel-profesional\/","url":"https:\/\/www.cetys.mx\/noticias\/cetys-universidad-y-agricola-el-toro-entregan-beca-a-estudiantes-de-nivel-profesional\/","name":"CETYS Universidad y Agr\u00edcola El Toro entregan beca a estudiantes de nivel profesional - CETYS","isPartOf":{"@id":"https:\/\/www.cetys.mx\/noticias\/#website"},"primaryImageOfPage":{"@id":"https:\/\/www.cetys.mx\/noticias\/cetys-universidad-y-agricola-el-toro-entregan-beca-a-estudiantes-de-nivel-profesional\/#primaryimage"},"image":{"@id":"https:\/\/www.cetys.mx\/noticias\/cetys-universidad-y-agricola-el-toro-entregan-beca-a-estudiantes-de-nivel-profesional\/#primaryimage"},"thumbnailUrl":"https:\/\/www.cetys.mx\/noticias\/wp-content\/uploads\/2024\/10\/DSC_1454-1.jpg","datePublished":"2024-10-09T19:13:33+00:00","dateModified":"2024-10-09T23:03:38+00:00","author":{"@id":"https:\/\/www.cetys.mx\/noticias\/#\/schema\/person\/79a95c4ac185f3705cf1b9c9340a5f70"},"description":"Articulo sobre CETYS Universidad y Agr\u00edcola El Toro entregan beca a estudiantes de nivel profesional","breadcrumb":{"@id":"https:\/\/www.cetys.mx\/noticias\/cetys-universidad-y-agricola-el-toro-entregan-beca-a-estudiantes-de-nivel-profesional\/#breadcrumb"},"inLanguage":"es","potentialAction":[{"@type":"ReadAction","target":["https:\/\/www.cetys.mx\/noticias\/cetys-universidad-y-agricola-el-toro-entregan-beca-a-estudiantes-de-nivel-profesional\/"]}]},{"@type":"ImageObject","inLanguage":"es","@id":"https:\/\/www.cetys.mx\/noticias\/cetys-universidad-y-agricola-el-toro-entregan-beca-a-estudiantes-de-nivel-profesional\/#primaryimage","url":"https:\/\/www.cetys.mx\/noticias\/wp-content\/uploads\/2024\/10\/DSC_1454-1.jpg","contentUrl":"https:\/\/www.cetys.mx\/noticias\/wp-content\/uploads\/2024\/10\/DSC_1454-1.jpg","width":958,"height":638},{"@type":"BreadcrumbList","@id":"https:\/\/www.cetys.mx\/noticias\/cetys-universidad-y-agricola-el-toro-entregan-beca-a-estudiantes-de-nivel-profesional\/#breadcrumb","itemListElement":[{"@type":"ListItem","position":1,"name":"Inicio","item":"https:\/\/www.cetys.mx\/noticias\/"},{"@type":"ListItem","position":2,"name":"CETYS Universidad y Agr\u00edcola El Toro entregan beca a estudiantes de nivel profesional"}]},{"@type":"WebSite","@id":"https:\/\/www.cetys.mx\/noticias\/#website","url":"https:\/\/www.cetys.mx\/noticias\/","name":"CETYS","description":"","potentialAction":[{"@type":"SearchAction","target":{"@type":"EntryPoint","urlTemplate":"https:\/\/www.cetys.mx\/noticias\/?s={search_term_string}"},"query-input":{"@type":"PropertyValueSpecification","valueRequired":true,"valueName":"search_term_string"}}],"inLanguage":"es"},{"@type":"Person","@id":"https:\/\/www.cetys.mx\/noticias\/#\/schema\/person\/79a95c4ac185f3705cf1b9c9340a5f70","name":"Campus Mexicali","url":"https:\/\/www.cetys.mx\/noticias\/author\/campusmexicali\/"}]}},"_links":{"self":[{"href":"https:\/\/www.cetys.mx\/noticias\/wp-json\/wp\/v2\/posts\/202800","targetHints":{"allow":["GET"]}}],"collection":[{"href":"https:\/\/www.cetys.mx\/noticias\/wp-json\/wp\/v2\/posts"}],"about":[{"href":"https:\/\/www.cetys.mx\/noticias\/wp-json\/wp\/v2\/types\/post"}],"author":[{"embeddable":true,"href":"https:\/\/www.cetys.mx\/noticias\/wp-json\/wp\/v2\/users\/20"}],"replies":[{"embeddable":true,"href":"https:\/\/www.cetys.mx\/noticias\/wp-json\/wp\/v2\/comments?post=202800"}],"version-history":[{"count":3,"href":"https:\/\/www.cetys.mx\/noticias\/wp-json\/wp\/v2\/posts\/202800\/revisions"}],"predecessor-version":[{"id":202821,"href":"https:\/\/www.cetys.mx\/noticias\/wp-json\/wp\/v2\/posts\/202800\/revisions\/202821"}],"wp:featuredmedia":[{"embeddable":true,"href":"https:\/\/www.cetys.mx\/noticias\/wp-json\/wp\/v2\/media\/202811"}],"wp:attachment":[{"href":"https:\/\/www.cetys.mx\/noticias\/wp-json\/wp\/v2\/media?parent=202800"}],"wp:term":[{"taxonomy":"category","embeddable":true,"href":"https:\/\/www.cetys.mx\/noticias\/wp-json\/wp\/v2\/categories?post=202800"},{"taxonomy":"post_tag","embeddable":true,"href":"https:\/\/www.cetys.mx\/noticias\/wp-json\/wp\/v2\/tags?post=202800"}],"curies":[{"name":"wp","href":"https:\/\/api.w.org\/{rel}","templated":true}]}}